{"id":12025,"date":"2025-04-25T14:52:15","date_gmt":"2025-04-25T14:52:15","guid":{"rendered":"https:\/\/noti-america.com\/site\/espana\/?p=12025"},"modified":"2025-04-25T14:52:15","modified_gmt":"2025-04-25T14:52:15","slug":"el-funeral-del-papa-francisco-un-evento-simbolico-y-multitudinario-regido-por-un-protocolo-diplomatico","status":"publish","type":"post","link":"https:\/\/noti-america.com\/site\/espana\/2025\/04\/25\/el-funeral-del-papa-francisco-un-evento-simbolico-y-multitudinario-regido-por-un-protocolo-diplomatico\/","title":{"rendered":"El funeral del papa Francisco, un evento simb\u00f3lico y multitudinario regido por un \u00abprotocolo diplom\u00e1tico\u00bb"},"content":{"rendered":"<p>NOTI-AMERICA.COM | ESPA\u00d1A<\/p>\n<p style=\"text-align: justify\">Cinco d\u00edas despu\u00e9s de su muerte, los representantes de al menos\u00a0130 pa\u00edses\u00a0se dar\u00e1n cita este s\u00e1bado en la Bas\u00edlica de San Pedro para despedir al papa Francisco en una misa cargada de simbolismo y ritos lit\u00fargicos cat\u00f3licos.<\/p>\n<p style=\"text-align: justify\">Es un evento hist\u00f3rico de gran magnitud con una\u00a0compleja organizaci\u00f3n\u00a0para garantizar no solo el correcto desarrollo del funeral, sino tambi\u00e9n la seguridad de los l\u00edderes internacionales que estar\u00e1n presentes. Los asistentes deber\u00e1n seguir un\u00a0riguroso protocolo\u00a0que marcar\u00e1 desde las medidas de seguridad desplegadas en Roma y el Vaticano hasta el turno de llegada al templo.<\/p>\n<p style=\"text-align: justify\">Aunque la Secretar\u00eda de Estado vaticana no ha desvelado a\u00fan los detalles, varios expertos consultados por este medio apuntan a que podr\u00edan aplicar un protocolo est\u00e1ndar que suele ser usado en este tipo de ceremonias solemnes y con una gran carga diplom\u00e1tica, en la que cada detalle cuenta. Este sistema \u00abestipula\u00a0el tratamiento de personalidades externas, como pueden ser jefes de Estado o ministros, aunque es cierto que de edici\u00f3n a edici\u00f3n hay alg\u00fan cambio, alg\u00fan ajuste en funci\u00f3n a la geopol\u00edtica internacional\u00bb, expone a RTVE.es Carlos Fuente, profesor de la Universidad Camilo Jos\u00e9 Cela.<\/p>\n<div class=\"section\">\n<h2 class=\"ladillo\" style=\"text-align: justify\">Los jefes de Estado, primero<\/h2>\n<p style=\"text-align: justify\">Una de las claves ser\u00e1 c\u00f3mo\u00a0organizar\u00e1n a los presidentes, primeros ministros, jefes de Estado o representantes religiosos.\u00a0De acuerdo con este protocolo habitual, los 50 jefes de Estado que han confirmado su asistencia estar\u00e1n ubicados delante, teniendo \u00abprioridad protocolaria\u00bb\u00a0los diez que representar\u00e1n a pa\u00edses mon\u00e1rquicos. As\u00ed lo explica la directora de Comunicaci\u00f3n de la Escuela Internacional de Protocolo (EIP), Marina Fern\u00e1ndez, si bien se\u00f1ala que tambi\u00e9n podr\u00eda haber preferencia para los reyes que sean cat\u00f3licos. Tras este grupo, se ubicar\u00edan las delegaciones de los pa\u00edses, encabezadas muchas de ellas por el presidente del Gobierno.<\/p>\n<p style=\"text-align: justify\">En el caso de Espa\u00f1a, Felipe VI y la reina Letizia, que liderar\u00e1n la delegaci\u00f3n de nuestro pa\u00eds, se sentar\u00e1n delante junto al resto de monarcas, mientras que las vicepresidentas Mar\u00eda Jes\u00fas Montero y Yolanda D\u00edaz, el ministro de Presidencia, F\u00e9lix Bola\u00f1os, y el presidente del PP y l\u00edder de la oposici\u00f3n, Alberto N\u00fa\u00f1ez Feij\u00f3o, estar\u00e1n por detr\u00e1s junto a las otras personalidades pol\u00edticas invitadas a la misa.<\/p>\n<p style=\"text-align: justify\">Por otro lado, Fern\u00e1ndez recuerda que, al tratarse del funeral del papa, cobran gran importancia las autoridades eclesi\u00e1sticas, que estar\u00e1n presididas por el Colegio Cardenalicio y tendr\u00e1n reservada \u00abuna zona especial\u00bb. Ah\u00ed ser\u00e1 donde se ubicar\u00e1 a los patriarcas religiosos y a los arzobispos, obispos y sacerdotes. En su caso, se aplicar\u00e1 el protocolo vaticano para el ordenamiento de las autoridades religiosas, que suele ser diferente al de las autoridades estatales.<\/p>\n<p style=\"text-align: justify\">Divididos ya en grupos, se deber\u00e1 establecer un orden para sentarse, que partir\u00e1 desde el \u00abpunto n\u00famero uno protocolario\u00bb. \u00abEn este caso no lo ocupa el altar, como suele ocurrir en otras celebraciones religiosas, sino el f\u00e9retro del papa\u00bb, explica a RTVE.es la directora de Comunicaci\u00f3n de la EIP. De este modo, \u00abcuanto m\u00e1s cercano al f\u00e9retro, mayor importancia protocolaria\u00bb.<\/p>\n<p style=\"text-align: justify\">Una vez acotado el punto de partida, podr\u00edan usarse varios criterios para colocar a los invitados, como la antig\u00fcedad en el cargo o la letra del pa\u00eds. Tomando como referencia anteriores funerales pontificios, se baraja que se apoyen en el orden alfab\u00e9tico en franc\u00e9s, idioma elegido para la diplomacia del Vaticano.<\/p>\n<p style=\"text-align: justify\">Sin embargo, Gloria Campos, experta en protocolo y profesora universitaria, ha apuntado en el Canal 24 Horas que podr\u00eda haber ajustes y excepciones en este orden por motivos diplom\u00e1ticos. \u00abNo es dos m\u00e1s dos son cuatro. Es decir, hay que aplicar circunstancias contextuales. Hay un contexto geopol\u00edtico que obviamente hay que cumplir\u00bb, afirma. En ese sentido, recuerda que el Vaticano es un \u00abEstado dentro de otro Estado\u00bb, algo que supone \u00abun punto diferencial\u00bb.<\/p>\n<p style=\"text-align: justify\">La catedr\u00e1tica y directora del M\u00e1ster de Protocolo de la UNED, Dolores del Mar S\u00e1nchez, tambi\u00e9n destaca que el papa no es solo \u00abla figura m\u00e1s importante para los cat\u00f3licos del mundo y la cabeza de la organizaci\u00f3n cat\u00f3lica\u00bb, sino el jefe de un Estado que, aunque de peque\u00f1o tama\u00f1o, se relaciona en la comunidad internacional con el resto de naciones y las autoridades pol\u00edticas de \u00e9stas.<\/p>\n<p style=\"text-align: justify\">\u00abEl protocolo nunca es una norma, es una recomendaci\u00f3n o un criterio de organizaci\u00f3n para que todo salga mejor y que ayuda a lanzar mensajes\u00bb, corrobora Marina Fern\u00e1ndez, que pone de ejemplo como, en caso de que dos Estados \u00abenemigos\u00bb quedaran sentados al lado, se flexibiliza poniendo a \u00abvarios pa\u00edses entre medias\u00bb.<\/p>\n<\/div>\n","protected":false},"excerpt":{"rendered":"<p>NOTI-AMERICA.COM | ESPA\u00d1A Cinco d\u00edas despu\u00e9s de su muerte, los representantes de al menos\u00a0130 pa\u00edses\u00a0se dar\u00e1n cita este s\u00e1bado en la Bas\u00edlica de San Pedro para despedir al papa Francisco en una misa cargada&#46;&#46;&#46;<\/p>\n","protected":false},"author":133,"featured_media":12026,"comment_status":"open","ping_status":"open","sticky":false,"template":"","format":"image","meta":{"_acf_changed":false,"om_disable_all_campaigns":false,"rop_custom_images_group":[],"rop_custom_messages_group":[],"rop_publish_now":"initial","rop_publish_now_accounts":[],"rop_publish_now_history":[],"rop_publish_now_status":"pending","_uf_show_specific_survey":0,"_uf_disable_surveys":false,"footnotes":""},"categories":[170],"tags":[],"class_list":["post-12025","post","type-post","status-publish","format-image","has-post-thumbnail","hentry","category-acturalidad","post_format-post-format-image"],"acf":[],"aioseo_notices":[],"yoast_head":"<!-- This site is optimized with the Yoast SEO Premium plugin v24.9 (Yoast SEO v27.2) - https:\/\/yoast.com\/product\/yoast-seo-premium-wordpress\/ -->\n<title>El funeral del papa Francisco, un evento simb\u00f3lico y multitudinario regido por un &quot;protocolo diplom\u00e1tico&quot; - Espa\u00f1a | Noti-America.com<\/title>\n<meta name=\"robots\" content=\"index, follow, max-snippet:-1, max-image-preview:large, max-video-preview:-1\" \/>\n<link rel=\"canonical\" href=\"https:\/\/noti-america.com\/site\/espana\/2025\/04\/25\/el-funeral-del-papa-francisco-un-evento-simbolico-y-multitudinario-regido-por-un-protocolo-diplomatico\/\" \/>\n<meta property=\"og:locale\" content=\"es_ES\" \/>\n<meta property=\"og:type\" content=\"article\" \/>\n<meta property=\"og:title\" content=\"El funeral del papa Francisco, un evento simb\u00f3lico y multitudinario regido por un &quot;protocolo diplom\u00e1tico&quot;\" \/>\n<meta property=\"og:description\" content=\"NOTI-AMERICA.COM | ESPA\u00d1A Cinco d\u00edas despu\u00e9s de su muerte, los representantes de al menos\u00a0130 pa\u00edses\u00a0se dar\u00e1n cita este s\u00e1bado en la Bas\u00edlica de San Pedro para despedir al papa Francisco en una misa cargada&#046;&#046;&#046;\" \/>\n<meta property=\"og:url\" content=\"https:\/\/noti-america.com\/site\/espana\/2025\/04\/25\/el-funeral-del-papa-francisco-un-evento-simbolico-y-multitudinario-regido-por-un-protocolo-diplomatico\/\" \/>\n<meta property=\"og:site_name\" content=\"Espa\u00f1a | Noti-America.com\" \/>\n<meta property=\"article:author\" content=\"Mar\u00eda Valentina Noguera\" \/>\n<meta property=\"article:published_time\" content=\"2025-04-25T14:52:15+00:00\" \/>\n<meta property=\"og:image\" content=\"https:\/\/noti-america.com\/site\/espana\/wp-content\/uploads\/sites\/25\/2025\/04\/descargar-12.jpg\" \/>\n\t<meta property=\"og:image:width\" content=\"1600\" \/>\n\t<meta property=\"og:image:height\" content=\"900\" \/>\n\t<meta property=\"og:image:type\" content=\"image\/jpeg\" \/>\n<meta name=\"author\" content=\"Maria Valentina Noguera Medina\" \/>\n<meta name=\"twitter:card\" content=\"summary_large_image\" \/>\n<meta name=\"twitter:creator\" content=\"@notiamerica\" \/>\n<meta name=\"twitter:site\" content=\"@notiamerica\" \/>\n<meta name=\"twitter:label1\" content=\"Escrito por\" \/>\n\t<meta name=\"twitter:data1\" content=\"Maria Valentina Noguera Medina\" \/>\n\t<meta name=\"twitter:label2\" content=\"Tiempo estimado de lectura\" \/>\n\t<meta name=\"twitter:data2\" content=\"4 minutos\" \/>\n<script type=\"application\/ld+json\" class=\"yoast-schema-graph\">{\"@context\":\"https:\/\/schema.org\",\"@graph\":[{\"@type\":\"Article\",\"@id\":\"https:\/\/noti-america.com\/site\/espana\/2025\/04\/25\/el-funeral-del-papa-francisco-un-evento-simbolico-y-multitudinario-regido-por-un-protocolo-diplomatico\/#article\",\"isPartOf\":{\"@id\":\"https:\/\/noti-america.com\/site\/espana\/2025\/04\/25\/el-funeral-del-papa-francisco-un-evento-simbolico-y-multitudinario-regido-por-un-protocolo-diplomatico\/\"},\"author\":{\"name\":\"Maria Valentina Noguera Medina\",\"@id\":\"https:\/\/noti-america.com\/site\/espana\/#\/schema\/person\/22806efcc2cfc4b45efb0e17be210ea8\"},\"headline\":\"El funeral del papa Francisco, un evento simb\u00f3lico y multitudinario regido por un \u00abprotocolo diplom\u00e1tico\u00bb\",\"datePublished\":\"2025-04-25T14:52:15+00:00\",\"mainEntityOfPage\":{\"@id\":\"https:\/\/noti-america.com\/site\/espana\/2025\/04\/25\/el-funeral-del-papa-francisco-un-evento-simbolico-y-multitudinario-regido-por-un-protocolo-diplomatico\/\"},\"wordCount\":844,\"commentCount\":0,\"publisher\":{\"@id\":\"https:\/\/noti-america.com\/site\/espana\/#organization\"},\"image\":{\"@id\":\"https:\/\/noti-america.com\/site\/espana\/2025\/04\/25\/el-funeral-del-papa-francisco-un-evento-simbolico-y-multitudinario-regido-por-un-protocolo-diplomatico\/#primaryimage\"},\"thumbnailUrl\":\"https:\/\/noti-america.com\/site\/espana\/wp-content\/uploads\/sites\/25\/2025\/04\/descargar-12.jpg\",\"articleSection\":[\"Actualidad\"],\"inLanguage\":\"es\",\"potentialAction\":[{\"@type\":\"CommentAction\",\"name\":\"Comment\",\"target\":[\"https:\/\/noti-america.com\/site\/espana\/2025\/04\/25\/el-funeral-del-papa-francisco-un-evento-simbolico-y-multitudinario-regido-por-un-protocolo-diplomatico\/#respond\"]}]},{\"@type\":\"WebPage\",\"@id\":\"https:\/\/noti-america.com\/site\/espana\/2025\/04\/25\/el-funeral-del-papa-francisco-un-evento-simbolico-y-multitudinario-regido-por-un-protocolo-diplomatico\/\",\"url\":\"https:\/\/noti-america.com\/site\/espana\/2025\/04\/25\/el-funeral-del-papa-francisco-un-evento-simbolico-y-multitudinario-regido-por-un-protocolo-diplomatico\/\",\"name\":\"El funeral del papa Francisco, un evento simb\u00f3lico y multitudinario regido por un \\\"protocolo diplom\u00e1tico\\\" - Espa\u00f1a | Noti-America.com\",\"isPartOf\":{\"@id\":\"https:\/\/noti-america.com\/site\/espana\/#website\"},\"primaryImageOfPage\":{\"@id\":\"https:\/\/noti-america.com\/site\/espana\/2025\/04\/25\/el-funeral-del-papa-francisco-un-evento-simbolico-y-multitudinario-regido-por-un-protocolo-diplomatico\/#primaryimage\"},\"image\":{\"@id\":\"https:\/\/noti-america.com\/site\/espana\/2025\/04\/25\/el-funeral-del-papa-francisco-un-evento-simbolico-y-multitudinario-regido-por-un-protocolo-diplomatico\/#primaryimage\"},\"thumbnailUrl\":\"https:\/\/noti-america.com\/site\/espana\/wp-content\/uploads\/sites\/25\/2025\/04\/descargar-12.jpg\",\"datePublished\":\"2025-04-25T14:52:15+00:00\",\"breadcrumb\":{\"@id\":\"https:\/\/noti-america.com\/site\/espana\/2025\/04\/25\/el-funeral-del-papa-francisco-un-evento-simbolico-y-multitudinario-regido-por-un-protocolo-diplomatico\/#breadcrumb\"},\"inLanguage\":\"es\",\"potentialAction\":[{\"@type\":\"ReadAction\",\"target\":[\"https:\/\/noti-america.com\/site\/espana\/2025\/04\/25\/el-funeral-del-papa-francisco-un-evento-simbolico-y-multitudinario-regido-por-un-protocolo-diplomatico\/\"]}]},{\"@type\":\"ImageObject\",\"inLanguage\":\"es\",\"@id\":\"https:\/\/noti-america.com\/site\/espana\/2025\/04\/25\/el-funeral-del-papa-francisco-un-evento-simbolico-y-multitudinario-regido-por-un-protocolo-diplomatico\/#primaryimage\",\"url\":\"https:\/\/noti-america.com\/site\/espana\/wp-content\/uploads\/sites\/25\/2025\/04\/descargar-12.jpg\",\"contentUrl\":\"https:\/\/noti-america.com\/site\/espana\/wp-content\/uploads\/sites\/25\/2025\/04\/descargar-12.jpg\",\"width\":1600,\"height\":900},{\"@type\":\"BreadcrumbList\",\"@id\":\"https:\/\/noti-america.com\/site\/espana\/2025\/04\/25\/el-funeral-del-papa-francisco-un-evento-simbolico-y-multitudinario-regido-por-un-protocolo-diplomatico\/#breadcrumb\",\"itemListElement\":[{\"@type\":\"ListItem\",\"position\":1,\"name\":\"Portada\",\"item\":\"https:\/\/noti-america.com\/site\/espana\/\"},{\"@type\":\"ListItem\",\"position\":2,\"name\":\"El funeral del papa Francisco, un evento simb\u00f3lico y multitudinario regido por un \u00abprotocolo diplom\u00e1tico\u00bb\"}]},{\"@type\":\"WebSite\",\"@id\":\"https:\/\/noti-america.com\/site\/espana\/#website\",\"url\":\"https:\/\/noti-america.com\/site\/espana\/\",\"name\":\"Espa\u00f1a | Noti-America.com\",\"description\":\"\",\"publisher\":{\"@id\":\"https:\/\/noti-america.com\/site\/espana\/#organization\"},\"potentialAction\":[{\"@type\":\"SearchAction\",\"target\":{\"@type\":\"EntryPoint\",\"urlTemplate\":\"https:\/\/noti-america.com\/site\/espana\/?s={search_term_string}\"},\"query-input\":{\"@type\":\"PropertyValueSpecification\",\"valueRequired\":true,\"valueName\":\"search_term_string\"}}],\"inLanguage\":\"es\"},{\"@type\":\"Organization\",\"@id\":\"https:\/\/noti-america.com\/site\/espana\/#organization\",\"name\":\"Noti-America LLC | Espa\u00f1a\",\"url\":\"https:\/\/noti-america.com\/site\/espana\/\",\"logo\":{\"@type\":\"ImageObject\",\"inLanguage\":\"es\",\"@id\":\"https:\/\/noti-america.com\/site\/espana\/#\/schema\/logo\/image\/\",\"url\":\"https:\/\/noti-america.com\/site\/espana\/wp-content\/uploads\/sites\/25\/2020\/07\/LogoNA-4x3-1.jpg\",\"contentUrl\":\"https:\/\/noti-america.com\/site\/espana\/wp-content\/uploads\/sites\/25\/2020\/07\/LogoNA-4x3-1.jpg\",\"width\":1236,\"height\":1080,\"caption\":\"Noti-America LLC | Espa\u00f1a\"},\"image\":{\"@id\":\"https:\/\/noti-america.com\/site\/espana\/#\/schema\/logo\/image\/\"},\"sameAs\":[\"https:\/\/x.com\/notiamerica\"]},{\"@type\":\"Person\",\"@id\":\"https:\/\/noti-america.com\/site\/espana\/#\/schema\/person\/22806efcc2cfc4b45efb0e17be210ea8\",\"name\":\"Maria Valentina Noguera Medina\",\"image\":{\"@type\":\"ImageObject\",\"inLanguage\":\"es\",\"@id\":\"https:\/\/secure.gravatar.com\/avatar\/4ec5eb9d099f2608a49c9df6f7341f66f04f819cdffa09d56a7a0e91d2819d56?s=96&d=mm&r=g\",\"url\":\"https:\/\/secure.gravatar.com\/avatar\/4ec5eb9d099f2608a49c9df6f7341f66f04f819cdffa09d56a7a0e91d2819d56?s=96&d=mm&r=g\",\"contentUrl\":\"https:\/\/secure.gravatar.com\/avatar\/4ec5eb9d099f2608a49c9df6f7341f66f04f819cdffa09d56a7a0e91d2819d56?s=96&d=mm&r=g\",\"caption\":\"Maria Valentina Noguera Medina\"},\"description\":\"Periodista - noti-america - Promar Community Manager - Talento Plus Dise\u00f1adora\/ creadora de contenido...\",\"sameAs\":[\"Mar\u00eda Valentina Noguera\",\"https:\/\/www.facebook.com\/mariavalentina.noguera\",\"https:\/\/www.linkedin.com\/in\/mara-valentina-noguera-medina-373075165\/\",\"https:\/\/www.pinterest.es\/valentinanoguera95\/\",\"https:\/\/www.youtube.com\/channel\/UCdek6mbUZ-Tqqw0I63i4nmQ\"],\"url\":\"https:\/\/noti-america.com\/site\/espana\/author\/mnoguera\/\"}]}<\/script>\n<!-- \/ Yoast SEO Premium plugin. -->","yoast_head_json":{"title":"El funeral del papa Francisco, un evento simb\u00f3lico y multitudinario regido por un \"protocolo diplom\u00e1tico\" - Espa\u00f1a | Noti-America.com","robots":{"index":"index","follow":"follow","max-snippet":"max-snippet:-1","max-image-preview":"max-image-preview:large","max-video-preview":"max-video-preview:-1"},"canonical":"https:\/\/noti-america.com\/site\/espana\/2025\/04\/25\/el-funeral-del-papa-francisco-un-evento-simbolico-y-multitudinario-regido-por-un-protocolo-diplomatico\/","og_locale":"es_ES","og_type":"article","og_title":"El funeral del papa Francisco, un evento simb\u00f3lico y multitudinario regido por un \"protocolo diplom\u00e1tico\"","og_description":"NOTI-AMERICA.COM | ESPA\u00d1A Cinco d\u00edas despu\u00e9s de su muerte, los representantes de al menos\u00a0130 pa\u00edses\u00a0se dar\u00e1n cita este s\u00e1bado en la Bas\u00edlica de San Pedro para despedir al papa Francisco en una misa cargada&#46;&#46;&#46;","og_url":"https:\/\/noti-america.com\/site\/espana\/2025\/04\/25\/el-funeral-del-papa-francisco-un-evento-simbolico-y-multitudinario-regido-por-un-protocolo-diplomatico\/","og_site_name":"Espa\u00f1a | Noti-America.com","article_author":"Mar\u00eda Valentina Noguera","article_published_time":"2025-04-25T14:52:15+00:00","og_image":[{"width":1600,"height":900,"url":"https:\/\/noti-america.com\/site\/espana\/wp-content\/uploads\/sites\/25\/2025\/04\/descargar-12.jpg","type":"image\/jpeg"}],"author":"Maria Valentina Noguera Medina","twitter_card":"summary_large_image","twitter_creator":"@notiamerica","twitter_site":"@notiamerica","twitter_misc":{"Escrito por":"Maria Valentina Noguera Medina","Tiempo estimado de lectura":"4 minutos"},"schema":{"@context":"https:\/\/schema.org","@graph":[{"@type":"Article","@id":"https:\/\/noti-america.com\/site\/espana\/2025\/04\/25\/el-funeral-del-papa-francisco-un-evento-simbolico-y-multitudinario-regido-por-un-protocolo-diplomatico\/#article","isPartOf":{"@id":"https:\/\/noti-america.com\/site\/espana\/2025\/04\/25\/el-funeral-del-papa-francisco-un-evento-simbolico-y-multitudinario-regido-por-un-protocolo-diplomatico\/"},"author":{"name":"Maria Valentina Noguera Medina","@id":"https:\/\/noti-america.com\/site\/espana\/#\/schema\/person\/22806efcc2cfc4b45efb0e17be210ea8"},"headline":"El funeral del papa Francisco, un evento simb\u00f3lico y multitudinario regido por un \u00abprotocolo diplom\u00e1tico\u00bb","datePublished":"2025-04-25T14:52:15+00:00","mainEntityOfPage":{"@id":"https:\/\/noti-america.com\/site\/espana\/2025\/04\/25\/el-funeral-del-papa-francisco-un-evento-simbolico-y-multitudinario-regido-por-un-protocolo-diplomatico\/"},"wordCount":844,"commentCount":0,"publisher":{"@id":"https:\/\/noti-america.com\/site\/espana\/#organization"},"image":{"@id":"https:\/\/noti-america.com\/site\/espana\/2025\/04\/25\/el-funeral-del-papa-francisco-un-evento-simbolico-y-multitudinario-regido-por-un-protocolo-diplomatico\/#primaryimage"},"thumbnailUrl":"https:\/\/noti-america.com\/site\/espana\/wp-content\/uploads\/sites\/25\/2025\/04\/descargar-12.jpg","articleSection":["Actualidad"],"inLanguage":"es","potentialAction":[{"@type":"CommentAction","name":"Comment","target":["https:\/\/noti-america.com\/site\/espana\/2025\/04\/25\/el-funeral-del-papa-francisco-un-evento-simbolico-y-multitudinario-regido-por-un-protocolo-diplomatico\/#respond"]}]},{"@type":"WebPage","@id":"https:\/\/noti-america.com\/site\/espana\/2025\/04\/25\/el-funeral-del-papa-francisco-un-evento-simbolico-y-multitudinario-regido-por-un-protocolo-diplomatico\/","url":"https:\/\/noti-america.com\/site\/espana\/2025\/04\/25\/el-funeral-del-papa-francisco-un-evento-simbolico-y-multitudinario-regido-por-un-protocolo-diplomatico\/","name":"El funeral del papa Francisco, un evento simb\u00f3lico y multitudinario regido por un \"protocolo diplom\u00e1tico\" - Espa\u00f1a | Noti-America.com","isPartOf":{"@id":"https:\/\/noti-america.com\/site\/espana\/#website"},"primaryImageOfPage":{"@id":"https:\/\/noti-america.com\/site\/espana\/2025\/04\/25\/el-funeral-del-papa-francisco-un-evento-simbolico-y-multitudinario-regido-por-un-protocolo-diplomatico\/#primaryimage"},"image":{"@id":"https:\/\/noti-america.com\/site\/espana\/2025\/04\/25\/el-funeral-del-papa-francisco-un-evento-simbolico-y-multitudinario-regido-por-un-protocolo-diplomatico\/#primaryimage"},"thumbnailUrl":"https:\/\/noti-america.com\/site\/espana\/wp-content\/uploads\/sites\/25\/2025\/04\/descargar-12.jpg","datePublished":"2025-04-25T14:52:15+00:00","breadcrumb":{"@id":"https:\/\/noti-america.com\/site\/espana\/2025\/04\/25\/el-funeral-del-papa-francisco-un-evento-simbolico-y-multitudinario-regido-por-un-protocolo-diplomatico\/#breadcrumb"},"inLanguage":"es","potentialAction":[{"@type":"ReadAction","target":["https:\/\/noti-america.com\/site\/espana\/2025\/04\/25\/el-funeral-del-papa-francisco-un-evento-simbolico-y-multitudinario-regido-por-un-protocolo-diplomatico\/"]}]},{"@type":"ImageObject","inLanguage":"es","@id":"https:\/\/noti-america.com\/site\/espana\/2025\/04\/25\/el-funeral-del-papa-francisco-un-evento-simbolico-y-multitudinario-regido-por-un-protocolo-diplomatico\/#primaryimage","url":"https:\/\/noti-america.com\/site\/espana\/wp-content\/uploads\/sites\/25\/2025\/04\/descargar-12.jpg","contentUrl":"https:\/\/noti-america.com\/site\/espana\/wp-content\/uploads\/sites\/25\/2025\/04\/descargar-12.jpg","width":1600,"height":900},{"@type":"BreadcrumbList","@id":"https:\/\/noti-america.com\/site\/espana\/2025\/04\/25\/el-funeral-del-papa-francisco-un-evento-simbolico-y-multitudinario-regido-por-un-protocolo-diplomatico\/#breadcrumb","itemListElement":[{"@type":"ListItem","position":1,"name":"Portada","item":"https:\/\/noti-america.com\/site\/espana\/"},{"@type":"ListItem","position":2,"name":"El funeral del papa Francisco, un evento simb\u00f3lico y multitudinario regido por un \u00abprotocolo diplom\u00e1tico\u00bb"}]},{"@type":"WebSite","@id":"https:\/\/noti-america.com\/site\/espana\/#website","url":"https:\/\/noti-america.com\/site\/espana\/","name":"Espa\u00f1a | Noti-America.com","description":"","publisher":{"@id":"https:\/\/noti-america.com\/site\/espana\/#organization"},"potentialAction":[{"@type":"SearchAction","target":{"@type":"EntryPoint","urlTemplate":"https:\/\/noti-america.com\/site\/espana\/?s={search_term_string}"},"query-input":{"@type":"PropertyValueSpecification","valueRequired":true,"valueName":"search_term_string"}}],"inLanguage":"es"},{"@type":"Organization","@id":"https:\/\/noti-america.com\/site\/espana\/#organization","name":"Noti-America LLC | Espa\u00f1a","url":"https:\/\/noti-america.com\/site\/espana\/","logo":{"@type":"ImageObject","inLanguage":"es","@id":"https:\/\/noti-america.com\/site\/espana\/#\/schema\/logo\/image\/","url":"https:\/\/noti-america.com\/site\/espana\/wp-content\/uploads\/sites\/25\/2020\/07\/LogoNA-4x3-1.jpg","contentUrl":"https:\/\/noti-america.com\/site\/espana\/wp-content\/uploads\/sites\/25\/2020\/07\/LogoNA-4x3-1.jpg","width":1236,"height":1080,"caption":"Noti-America LLC | Espa\u00f1a"},"image":{"@id":"https:\/\/noti-america.com\/site\/espana\/#\/schema\/logo\/image\/"},"sameAs":["https:\/\/x.com\/notiamerica"]},{"@type":"Person","@id":"https:\/\/noti-america.com\/site\/espana\/#\/schema\/person\/22806efcc2cfc4b45efb0e17be210ea8","name":"Maria Valentina Noguera Medina","image":{"@type":"ImageObject","inLanguage":"es","@id":"https:\/\/secure.gravatar.com\/avatar\/4ec5eb9d099f2608a49c9df6f7341f66f04f819cdffa09d56a7a0e91d2819d56?s=96&d=mm&r=g","url":"https:\/\/secure.gravatar.com\/avatar\/4ec5eb9d099f2608a49c9df6f7341f66f04f819cdffa09d56a7a0e91d2819d56?s=96&d=mm&r=g","contentUrl":"https:\/\/secure.gravatar.com\/avatar\/4ec5eb9d099f2608a49c9df6f7341f66f04f819cdffa09d56a7a0e91d2819d56?s=96&d=mm&r=g","caption":"Maria Valentina Noguera Medina"},"description":"Periodista - noti-america - Promar Community Manager - Talento Plus Dise\u00f1adora\/ creadora de contenido...","sameAs":["Mar\u00eda Valentina Noguera","https:\/\/www.facebook.com\/mariavalentina.noguera","https:\/\/www.linkedin.com\/in\/mara-valentina-noguera-medina-373075165\/","https:\/\/www.pinterest.es\/valentinanoguera95\/","https:\/\/www.youtube.com\/channel\/UCdek6mbUZ-Tqqw0I63i4nmQ"],"url":"https:\/\/noti-america.com\/site\/espana\/author\/mnoguera\/"}]}},"_links":{"self":[{"href":"https:\/\/noti-america.com\/site\/espana\/wp-json\/wp\/v2\/posts\/12025","targetHints":{"allow":["GET"]}}],"collection":[{"href":"https:\/\/noti-america.com\/site\/espana\/wp-json\/wp\/v2\/posts"}],"about":[{"href":"https:\/\/noti-america.com\/site\/espana\/wp-json\/wp\/v2\/types\/post"}],"author":[{"embeddable":true,"href":"https:\/\/noti-america.com\/site\/espana\/wp-json\/wp\/v2\/users\/133"}],"replies":[{"embeddable":true,"href":"https:\/\/noti-america.com\/site\/espana\/wp-json\/wp\/v2\/comments?post=12025"}],"version-history":[{"count":1,"href":"https:\/\/noti-america.com\/site\/espana\/wp-json\/wp\/v2\/posts\/12025\/revisions"}],"predecessor-version":[{"id":12027,"href":"https:\/\/noti-america.com\/site\/espana\/wp-json\/wp\/v2\/posts\/12025\/revisions\/12027"}],"wp:featuredmedia":[{"embeddable":true,"href":"https:\/\/noti-america.com\/site\/espana\/wp-json\/wp\/v2\/media\/12026"}],"wp:attachment":[{"href":"https:\/\/noti-america.com\/site\/espana\/wp-json\/wp\/v2\/media?parent=12025"}],"wp:term":[{"taxonomy":"category","embeddable":true,"href":"https:\/\/noti-america.com\/site\/espana\/wp-json\/wp\/v2\/categories?post=12025"},{"taxonomy":"post_tag","embeddable":true,"href":"https:\/\/noti-america.com\/site\/espana\/wp-json\/wp\/v2\/tags?post=12025"}],"curies":[{"name":"wp","href":"https:\/\/api.w.org\/{rel}","templated":true}]}}