{"id":11990,"date":"2025-04-22T15:47:07","date_gmt":"2025-04-22T15:47:07","guid":{"rendered":"https:\/\/noti-america.com\/site\/espana\/?p=11990"},"modified":"2025-04-22T15:47:07","modified_gmt":"2025-04-22T15:47:07","slug":"francisco-un-lider-moral-que-aposto-por-los-vulnerables-y-desperto-el-rechazo-de-la-iglesia-mas-conservadora","status":"publish","type":"post","link":"https:\/\/noti-america.com\/site\/espana\/2025\/04\/22\/francisco-un-lider-moral-que-aposto-por-los-vulnerables-y-desperto-el-rechazo-de-la-iglesia-mas-conservadora\/","title":{"rendered":"Francisco, \u00abun l\u00edder moral\u00bb que apost\u00f3 por los vulnerables y despert\u00f3 el rechazo de la Iglesia m\u00e1s conservadora"},"content":{"rendered":"<p>NOTI-AMERICA.COM | ESPA\u00d1A<\/p>\n<p style=\"text-align: justify\">A su llegada al Vaticano, Francisco no tard\u00f3 en plantar la semilla de un pontificado muy diferente a los anteriores. Desde su nombramiento rechaz\u00f3 el coche oficial, regres\u00f3 en autob\u00fas junto al resto de cardenales y eligi\u00f3 alojarse en la Residencia de Santa Marta y no en el habitual Palacio Apost\u00f3lico. Ahora, 12 a\u00f1os despu\u00e9s, su funeral tendr\u00e1 un marcado car\u00e1cter austero, en la l\u00ednea de un pontificado enfocado en los m\u00e1s vulnerables que, si bien para muchos ha sentado un precedente, tambi\u00e9n ha sido objeto de duras cr\u00edticas dentro de la instituci\u00f3n, al igual que las numerosas reformas impulsadas en su b\u00fasqueda de una Iglesia m\u00e1s social, transparente y universal.<\/p>\n<p style=\"text-align: justify\">\u00abNunca los verdaderos santos han recibido la unanimidad, es m\u00e1s f\u00e1cil obtenerla cuando eres un hombre sin grandes pretensiones\u00bb, ha asegurado a RNE el te\u00f3logo e historiador Juan Mar\u00eda Loboa al ser preguntado sobre la figura del papa Francisco, que ha muerto este lunes a los 88 a\u00f1os. El experto asegura que el pont\u00edfice ha sido \u00abmuy especial\u00bb y un \u00abprofundo creyente del evangelio\u00bb y que, por serlo, ha sido \u00abmuy divisivo\u00bb y \u00abrevulsivo\u00bb en el seno de la Iglesia.<\/p>\n<p style=\"text-align: justify\">El te\u00f3logo Juan Jos\u00e9 Tamayo define a Francisco como \u00abun l\u00edder moral internacional de los que estamos poco sobrados\u00bb y destaca de \u00e9l \u00abla coherencia entre su mensaje y su pr\u00e1ctica de vida\u00bb. \u00abEl papa Francisco no solamente ha sido esta figura de relevancia internacional a nivel \u00e9tico [&#8230;], su vida ha sido de una ejemplaridad extraordinaria, rompiendo con una serie de herencias que no se corresponden con el evangelio de los papas anteriores\u00bb, ha explicado en RNE.<\/p>\n<p style=\"text-align: justify\">Francisco ha abordado temas que sus predecesores no se hab\u00edan atrevido a tratar, o al menos no de manera tan abierta. Se ha mostrado m\u00e1s dispuesto que otros papas a la ampliaci\u00f3n del papel de la mujer en la Iglesia, a la acogida de homosexuales o la posible revisi\u00f3n del celibato. Defendi\u00f3 \u00abuna iglesia pobre para los pobres\u00bb, pero tambi\u00e9n habl\u00f3 sin tapujos de la guerra en Ucrania y Gaza, pidiendo su fin, y puso el foco en la acogida y la protecci\u00f3n de migrantes.<\/p>\n<p style=\"text-align: justify\">En su viaje a Lampedusa, una isla donde llegaban cada a\u00f1o miles de inmigrantes ilegales desde las costas africanas y uno de los primeros destinos de su pontificado, Francisco critic\u00f3 la \u00abglobalizaci\u00f3n de la indiferencia\u00bb. \u00abLa cultura del bienestar, que nos lleva a pensar en nosotros mismos, nos hace insensibles a los gritos de los dem\u00e1s\u00bb, dijo el papa, que habl\u00f3 de los \u00abtraficantes\u00bb que se aprovechan de la \u00abpobreza de los dem\u00e1s\u00bb y hacen de ella \u00abuna fuente de beneficios\u00bb.<\/p>\n<p style=\"text-align: justify\">Uno de los legados que deja \u00abes una actitud diferente en su pontificado, que tiene que ver con un movimiento de salida, como dec\u00eda \u00e9l, hacia los lugares fronterizos del mundo, en los que hay mucho sufrimiento\u00bb, ha afirmado en el Canal 24 Horas la te\u00f3loga Silvia Mart\u00ednez Cano. Ha escuchado y se ha acercado \u00aba lugares que est\u00e1n lejanos de esa gobernanza de la Iglesia\u00bb y ha dado \u00abprotagonismo a la comunidad cristiana\u00bb, asegura la experta, que a\u00f1ade que Francisco ha apostado por el di\u00e1logo frente a la crispaci\u00f3n y la polarizaci\u00f3n que vemos \u00abconstantemente\u00bb dentro y fuera de la instituci\u00f3n eclesi\u00e1stica.<\/p>\n<p style=\"text-align: justify\">\u00abHa puesto su papado en los m\u00e1s marginados. Ha ido a contracorriente y sin miedo\u00bb, asegura Laboa, que explica que Francisco ha priorizado el planteamiento de que \u00abdebemos perdonar porque permanentemente somos perdonados\u00bb y que, por ello, se ha mostrado \u00abmuy acogedor con todos y muy valiente\u00bb.<\/p>\n<div class=\"section\" style=\"text-align: justify\">\n<h2 class=\"ladillo\">El papa de la transformaci\u00f3n que gener\u00f3 oposici\u00f3n<\/h2>\n<p>Francisco encarn\u00f3 muchos hitos. Fue el primer papa en elegir ese nombre (en honor a San Francisco de As\u00eds), el primer jesuita, el primer latinoamericano y el primero que fue elegido cuando a\u00fan segu\u00eda vivo su predecesor. Escribi\u00f3 la primera enc\u00edclica sobre medioambiente, nombr\u00f3 por primera vez a mujeres en altos cargos del Vaticano y, adem\u00e1s, ha acudido a lugares que nunca antes hab\u00eda visitado un pont\u00edfice, como Irak \u2014donde mantuvo un hist\u00f3rico\u00a0encuentro con el Gran Ayatol\u00e1 Al-Sistani,\u00a0l\u00edder espiritual del islam chiita\u2014 Mongolia o Emiratos \u00c1rabes, pa\u00eds al que acudi\u00f3 en plena guerra de Yemen.<\/p>\n<p>\u00abLa Iglesia recibi\u00f3 hace m\u00e1s de una d\u00e9cada a\u00a0un papa de una megal\u00f3polis del sur,\u00a0a un papa de una ciudad con villas miseria, con situaciones complicadas, con la dificultad que ya entonces se expresaba del cambio de \u00e9poca que el propio papa desde el principio ha anunciado\u00bb, explica el presidente de la Conferencia Episcopal, Luis Arg\u00fcello, que a\u00f1ade que Francisco \u00abnos ha invitado a vivir lo esencial del Evangelio\u00bb. Es decir, \u00abel perd\u00f3n y la misericordia\u00bb con los m\u00e1s pobres. \u00abEso ha provocado en la Iglesia Europea, en la Iglesia del Norte, pues a veces sentirnos descolocados\u00bb, afirma.<\/p>\n<p>De hecho, como explica Tamayo, \u00abel frente de oposici\u00f3n m\u00e1s fuerte\u00a0a las reformas del papa Francisco lo ha tenido\u00a0dentro de la propia Iglesia\u00a0y en su propia casa, dentro de la Curia romana\u00bb. El experto se\u00f1ala que existe \u00abun sector muy importante de la jerarqu\u00eda cat\u00f3lica a nivel mundial que ha sido claramente anti-Francisco\u00bb, m\u00e1s all\u00e1 del \u00absector duro de la instituci\u00f3n que se ha confrontado con \u00e9l de una manera extrema, calific\u00e1ndolo de hereje o acus\u00e1ndolo de que va en contra de la tradici\u00f3n doctrinal de la Iglesia\u00bb.<\/p>\n<p>Durante su pontificado, Francisco estableci\u00f3 una comisi\u00f3n para reformar la estructura econ\u00f3mica y \u00abfavorecer la transparencia\u00bb en el seno de la Iglesia y cre\u00f3 la Secretar\u00eda de Econom\u00eda, con el mismo fin. Adem\u00e1s, nombr\u00f3 a\u00a0mujeres en puestos de alto rango\u00a0en el Vaticano\u2014como la\u00a0secretaria general de Gobernaci\u00f3n\u2014 y actu\u00f3 con firmeza para acabar con la \u00ablacra\u00bb de los abusos en la Iglesia. Instituy\u00f3 una comisi\u00f3n para prevenir los casos de pederastia, oblig\u00f3 a los cl\u00e9rigos a denunciar y a no encubrir y se reuni\u00f3 con v\u00edctimas de manera habitual.<\/p>\n<p>\u00abEs un papa que\u00a0ataca m\u00e1s hacia el interior de la Iglesia, que hacia afuera. Critica el clericalismo, la riqueza de la instituci\u00f3n y sus fallos, en lugar de pelearse con el mundo\u00bb, explica a RTVE.es el periodista de\u00a0Religi\u00f3n Digital,\u00a0Jes\u00fas Bastante, que tambi\u00e9n se\u00f1ala la apertura desarrollada por Francisco hacia otras culturas y religiones. \u00abEst\u00e1bamos demasiado acostumbrados, al menos en Espa\u00f1a, a que solo hab\u00eda una Iglesia que era la cat\u00f3lica, pero hay gente que cree en otras cosas y mucha gente que no cree y que pueden ser buenas personas igual o incluso mejores\u00bb, a\u00f1ade.<\/p>\n<p>Francisco cre\u00f3 cientos de nuevos cardenales, entre los que apost\u00f3 por religiosos de pa\u00edses procedentes de pa\u00edses como la India, donde la Iglesia cat\u00f3lica est\u00e1 creciendo, o como Singapur, Ghana o Mongolia, donde los cristianos son minor\u00eda.<\/p>\n<\/div>\n<div class=\"section\">\n<h2 class=\"ladillo\" style=\"text-align: justify\">\u00abUn antes y un despu\u00e9s\u00bb<\/h2>\n<p style=\"text-align: justify\">Su pontificado, dice Bastante, \u00abva a marcar un antes y un despu\u00e9s en la Iglesia, porque es es un papa que se ha hecho mucho m\u00e1s accesible que el resto\u00bb. \u00abNecesita que salgamos al mundo, pero no para convertirlo en nada, ni para que todo el mundo sea cat\u00f3lico, sino para que entre todos podamos trabajar para construir un mundo mejor para todos\u00bb, se\u00f1ala.<\/p>\n<p style=\"text-align: justify\">La iglesia que deja el papado de Francisco es una iglesia \u00abmuch\u00edsimo m\u00e1s moderna\u201d, asegura a RNE la embajadora de Espa\u00f1a ante la Santa Sede, Isabel Cela\u00e1, que destaca la incorporaci\u00f3n de mujeres a puestos de responsabilidad, \u00abaunque no sean diaconisas\u00bb. \u00abHay cambios que, aunque no ha habido tiempo de llevarlos hasta la \u00faltima gota, es verdaderamente dif\u00edcil que vuelvan al estado en el que estaban\u00bb, afirma.<\/p>\n<p style=\"text-align: justify\">\u00abTenemos que empe\u00f1arnos desde los sectores de las bases cristianas por continuar reclamando que el futuro papa, el futuro responsable del Vaticano, siga esa direcci\u00f3n\u00bb marcada por Francisco, dice Tamayo, que cree que es\u00a0\u00abmuy dif\u00edcil\u00bb que el sucesor de Francisco \u00abtenga esa radicalidad\u00a0[&#8230;] que consiste en ir a las ra\u00edces evang\u00e9licas de la opci\u00f3n por las personas m\u00e1s vulnerables, por los colectivos m\u00e1s marginados y por los pueblos oprimidos\u00bb. \u00abEs muy dif\u00edcil, pero creo que ese camino que \u00e9l ha iniciado tiene que continuar\u00bb, asegura.<\/p>\n<p style=\"text-align: justify\">Las inc\u00f3gnitas se despejar\u00e1n en las pr\u00f3ximas semanas, cuando arranque el c\u00f3nclave que designar\u00e1 al pr\u00f3ximo sucesor de San Pedro. Mientras tanto, el mundo despide a Francisco en un rito mucho menos ostentoso que con otros pont\u00edfices para un papa que deja una huella profunda cuya permanencia est\u00e1 a\u00fan por determinar.<\/p>\n<\/div>\n","protected":false},"excerpt":{"rendered":"<p>NOTI-AMERICA.COM | ESPA\u00d1A A su llegada al Vaticano, Francisco no tard\u00f3 en plantar la semilla de un pontificado muy diferente a los anteriores. Desde su nombramiento rechaz\u00f3 el coche oficial, regres\u00f3 en autob\u00fas junto&#46;&#46;&#46;<\/p>\n","protected":false},"author":133,"featured_media":11991,"comment_status":"open","ping_status":"open","sticky":false,"template":"","format":"image","meta":{"_acf_changed":false,"om_disable_all_campaigns":false,"rop_custom_images_group":[],"rop_custom_messages_group":[],"rop_publish_now":"initial","rop_publish_now_accounts":[],"rop_publish_now_history":[],"rop_publish_now_status":"pending","_uf_show_specific_survey":0,"_uf_disable_surveys":false,"footnotes":""},"categories":[57],"tags":[],"class_list":["post-11990","post","type-post","status-publish","format-image","has-post-thumbnail","hentry","category-europa","post_format-post-format-image"],"acf":[],"aioseo_notices":[],"yoast_head":"<!-- This site is optimized with the Yoast SEO Premium plugin v24.9 (Yoast SEO v27.2) - https:\/\/yoast.com\/product\/yoast-seo-premium-wordpress\/ -->\n<title>Francisco, &quot;un l\u00edder moral&quot; que apost\u00f3 por los vulnerables y despert\u00f3 el rechazo de la Iglesia m\u00e1s conservadora - Espa\u00f1a | Noti-America.com<\/title>\n<meta name=\"robots\" content=\"index, follow, max-snippet:-1, max-image-preview:large, max-video-preview:-1\" \/>\n<link rel=\"canonical\" href=\"https:\/\/noti-america.com\/site\/espana\/2025\/04\/22\/francisco-un-lider-moral-que-aposto-por-los-vulnerables-y-desperto-el-rechazo-de-la-iglesia-mas-conservadora\/\" \/>\n<meta property=\"og:locale\" content=\"es_ES\" \/>\n<meta property=\"og:type\" content=\"article\" \/>\n<meta property=\"og:title\" content=\"Francisco, &quot;un l\u00edder moral&quot; que apost\u00f3 por los vulnerables y despert\u00f3 el rechazo de la Iglesia m\u00e1s conservadora\" \/>\n<meta property=\"og:description\" content=\"NOTI-AMERICA.COM | ESPA\u00d1A A su llegada al Vaticano, Francisco no tard\u00f3 en plantar la semilla de un pontificado muy diferente a los anteriores. Desde su nombramiento rechaz\u00f3 el coche oficial, regres\u00f3 en autob\u00fas junto&#046;&#046;&#046;\" \/>\n<meta property=\"og:url\" content=\"https:\/\/noti-america.com\/site\/espana\/2025\/04\/22\/francisco-un-lider-moral-que-aposto-por-los-vulnerables-y-desperto-el-rechazo-de-la-iglesia-mas-conservadora\/\" \/>\n<meta property=\"og:site_name\" content=\"Espa\u00f1a | Noti-America.com\" \/>\n<meta property=\"article:author\" content=\"Mar\u00eda Valentina Noguera\" \/>\n<meta property=\"article:published_time\" content=\"2025-04-22T15:47:07+00:00\" \/>\n<meta property=\"og:image\" content=\"https:\/\/noti-america.com\/site\/espana\/wp-content\/uploads\/sites\/25\/2025\/04\/descargar-10.jpg\" \/>\n\t<meta property=\"og:image:width\" content=\"1600\" \/>\n\t<meta property=\"og:image:height\" content=\"900\" \/>\n\t<meta property=\"og:image:type\" content=\"image\/jpeg\" \/>\n<meta name=\"author\" content=\"Maria Valentina Noguera Medina\" \/>\n<meta name=\"twitter:card\" content=\"summary_large_image\" \/>\n<meta name=\"twitter:creator\" content=\"@notiamerica\" \/>\n<meta name=\"twitter:site\" content=\"@notiamerica\" \/>\n<meta name=\"twitter:label1\" content=\"Escrito por\" \/>\n\t<meta name=\"twitter:data1\" content=\"Maria Valentina Noguera Medina\" \/>\n\t<meta name=\"twitter:label2\" content=\"Tiempo estimado de lectura\" \/>\n\t<meta name=\"twitter:data2\" content=\"7 minutos\" \/>\n<script type=\"application\/ld+json\" class=\"yoast-schema-graph\">{\"@context\":\"https:\/\/schema.org\",\"@graph\":[{\"@type\":\"Article\",\"@id\":\"https:\/\/noti-america.com\/site\/espana\/2025\/04\/22\/francisco-un-lider-moral-que-aposto-por-los-vulnerables-y-desperto-el-rechazo-de-la-iglesia-mas-conservadora\/#article\",\"isPartOf\":{\"@id\":\"https:\/\/noti-america.com\/site\/espana\/2025\/04\/22\/francisco-un-lider-moral-que-aposto-por-los-vulnerables-y-desperto-el-rechazo-de-la-iglesia-mas-conservadora\/\"},\"author\":{\"name\":\"Maria Valentina Noguera Medina\",\"@id\":\"https:\/\/noti-america.com\/site\/espana\/#\/schema\/person\/22806efcc2cfc4b45efb0e17be210ea8\"},\"headline\":\"Francisco, \u00abun l\u00edder moral\u00bb que apost\u00f3 por los vulnerables y despert\u00f3 el rechazo de la Iglesia m\u00e1s conservadora\",\"datePublished\":\"2025-04-22T15:47:07+00:00\",\"mainEntityOfPage\":{\"@id\":\"https:\/\/noti-america.com\/site\/espana\/2025\/04\/22\/francisco-un-lider-moral-que-aposto-por-los-vulnerables-y-desperto-el-rechazo-de-la-iglesia-mas-conservadora\/\"},\"wordCount\":1523,\"commentCount\":0,\"publisher\":{\"@id\":\"https:\/\/noti-america.com\/site\/espana\/#organization\"},\"image\":{\"@id\":\"https:\/\/noti-america.com\/site\/espana\/2025\/04\/22\/francisco-un-lider-moral-que-aposto-por-los-vulnerables-y-desperto-el-rechazo-de-la-iglesia-mas-conservadora\/#primaryimage\"},\"thumbnailUrl\":\"https:\/\/noti-america.com\/site\/espana\/wp-content\/uploads\/sites\/25\/2025\/04\/descargar-10.jpg\",\"articleSection\":[\"Europa\"],\"inLanguage\":\"es\",\"potentialAction\":[{\"@type\":\"CommentAction\",\"name\":\"Comment\",\"target\":[\"https:\/\/noti-america.com\/site\/espana\/2025\/04\/22\/francisco-un-lider-moral-que-aposto-por-los-vulnerables-y-desperto-el-rechazo-de-la-iglesia-mas-conservadora\/#respond\"]}]},{\"@type\":\"WebPage\",\"@id\":\"https:\/\/noti-america.com\/site\/espana\/2025\/04\/22\/francisco-un-lider-moral-que-aposto-por-los-vulnerables-y-desperto-el-rechazo-de-la-iglesia-mas-conservadora\/\",\"url\":\"https:\/\/noti-america.com\/site\/espana\/2025\/04\/22\/francisco-un-lider-moral-que-aposto-por-los-vulnerables-y-desperto-el-rechazo-de-la-iglesia-mas-conservadora\/\",\"name\":\"Francisco, \\\"un l\u00edder moral\\\" que apost\u00f3 por los vulnerables y despert\u00f3 el rechazo de la Iglesia m\u00e1s conservadora - Espa\u00f1a | Noti-America.com\",\"isPartOf\":{\"@id\":\"https:\/\/noti-america.com\/site\/espana\/#website\"},\"primaryImageOfPage\":{\"@id\":\"https:\/\/noti-america.com\/site\/espana\/2025\/04\/22\/francisco-un-lider-moral-que-aposto-por-los-vulnerables-y-desperto-el-rechazo-de-la-iglesia-mas-conservadora\/#primaryimage\"},\"image\":{\"@id\":\"https:\/\/noti-america.com\/site\/espana\/2025\/04\/22\/francisco-un-lider-moral-que-aposto-por-los-vulnerables-y-desperto-el-rechazo-de-la-iglesia-mas-conservadora\/#primaryimage\"},\"thumbnailUrl\":\"https:\/\/noti-america.com\/site\/espana\/wp-content\/uploads\/sites\/25\/2025\/04\/descargar-10.jpg\",\"datePublished\":\"2025-04-22T15:47:07+00:00\",\"breadcrumb\":{\"@id\":\"https:\/\/noti-america.com\/site\/espana\/2025\/04\/22\/francisco-un-lider-moral-que-aposto-por-los-vulnerables-y-desperto-el-rechazo-de-la-iglesia-mas-conservadora\/#breadcrumb\"},\"inLanguage\":\"es\",\"potentialAction\":[{\"@type\":\"ReadAction\",\"target\":[\"https:\/\/noti-america.com\/site\/espana\/2025\/04\/22\/francisco-un-lider-moral-que-aposto-por-los-vulnerables-y-desperto-el-rechazo-de-la-iglesia-mas-conservadora\/\"]}]},{\"@type\":\"ImageObject\",\"inLanguage\":\"es\",\"@id\":\"https:\/\/noti-america.com\/site\/espana\/2025\/04\/22\/francisco-un-lider-moral-que-aposto-por-los-vulnerables-y-desperto-el-rechazo-de-la-iglesia-mas-conservadora\/#primaryimage\",\"url\":\"https:\/\/noti-america.com\/site\/espana\/wp-content\/uploads\/sites\/25\/2025\/04\/descargar-10.jpg\",\"contentUrl\":\"https:\/\/noti-america.com\/site\/espana\/wp-content\/uploads\/sites\/25\/2025\/04\/descargar-10.jpg\",\"width\":1600,\"height\":900},{\"@type\":\"BreadcrumbList\",\"@id\":\"https:\/\/noti-america.com\/site\/espana\/2025\/04\/22\/francisco-un-lider-moral-que-aposto-por-los-vulnerables-y-desperto-el-rechazo-de-la-iglesia-mas-conservadora\/#breadcrumb\",\"itemListElement\":[{\"@type\":\"ListItem\",\"position\":1,\"name\":\"Portada\",\"item\":\"https:\/\/noti-america.com\/site\/espana\/\"},{\"@type\":\"ListItem\",\"position\":2,\"name\":\"Francisco, \u00abun l\u00edder moral\u00bb que apost\u00f3 por los vulnerables y despert\u00f3 el rechazo de la Iglesia m\u00e1s conservadora\"}]},{\"@type\":\"WebSite\",\"@id\":\"https:\/\/noti-america.com\/site\/espana\/#website\",\"url\":\"https:\/\/noti-america.com\/site\/espana\/\",\"name\":\"Espa\u00f1a | Noti-America.com\",\"description\":\"\",\"publisher\":{\"@id\":\"https:\/\/noti-america.com\/site\/espana\/#organization\"},\"potentialAction\":[{\"@type\":\"SearchAction\",\"target\":{\"@type\":\"EntryPoint\",\"urlTemplate\":\"https:\/\/noti-america.com\/site\/espana\/?s={search_term_string}\"},\"query-input\":{\"@type\":\"PropertyValueSpecification\",\"valueRequired\":true,\"valueName\":\"search_term_string\"}}],\"inLanguage\":\"es\"},{\"@type\":\"Organization\",\"@id\":\"https:\/\/noti-america.com\/site\/espana\/#organization\",\"name\":\"Noti-America LLC | Espa\u00f1a\",\"url\":\"https:\/\/noti-america.com\/site\/espana\/\",\"logo\":{\"@type\":\"ImageObject\",\"inLanguage\":\"es\",\"@id\":\"https:\/\/noti-america.com\/site\/espana\/#\/schema\/logo\/image\/\",\"url\":\"https:\/\/noti-america.com\/site\/espana\/wp-content\/uploads\/sites\/25\/2020\/07\/LogoNA-4x3-1.jpg\",\"contentUrl\":\"https:\/\/noti-america.com\/site\/espana\/wp-content\/uploads\/sites\/25\/2020\/07\/LogoNA-4x3-1.jpg\",\"width\":1236,\"height\":1080,\"caption\":\"Noti-America LLC | Espa\u00f1a\"},\"image\":{\"@id\":\"https:\/\/noti-america.com\/site\/espana\/#\/schema\/logo\/image\/\"},\"sameAs\":[\"https:\/\/x.com\/notiamerica\"]},{\"@type\":\"Person\",\"@id\":\"https:\/\/noti-america.com\/site\/espana\/#\/schema\/person\/22806efcc2cfc4b45efb0e17be210ea8\",\"name\":\"Maria Valentina Noguera Medina\",\"image\":{\"@type\":\"ImageObject\",\"inLanguage\":\"es\",\"@id\":\"https:\/\/secure.gravatar.com\/avatar\/4ec5eb9d099f2608a49c9df6f7341f66f04f819cdffa09d56a7a0e91d2819d56?s=96&d=mm&r=g\",\"url\":\"https:\/\/secure.gravatar.com\/avatar\/4ec5eb9d099f2608a49c9df6f7341f66f04f819cdffa09d56a7a0e91d2819d56?s=96&d=mm&r=g\",\"contentUrl\":\"https:\/\/secure.gravatar.com\/avatar\/4ec5eb9d099f2608a49c9df6f7341f66f04f819cdffa09d56a7a0e91d2819d56?s=96&d=mm&r=g\",\"caption\":\"Maria Valentina Noguera Medina\"},\"description\":\"Periodista - noti-america - Promar Community Manager - Talento Plus Dise\u00f1adora\/ creadora de contenido...\",\"sameAs\":[\"Mar\u00eda Valentina Noguera\",\"https:\/\/www.facebook.com\/mariavalentina.noguera\",\"https:\/\/www.linkedin.com\/in\/mara-valentina-noguera-medina-373075165\/\",\"https:\/\/www.pinterest.es\/valentinanoguera95\/\",\"https:\/\/www.youtube.com\/channel\/UCdek6mbUZ-Tqqw0I63i4nmQ\"],\"url\":\"https:\/\/noti-america.com\/site\/espana\/author\/mnoguera\/\"}]}<\/script>\n<!-- \/ Yoast SEO Premium plugin. -->","yoast_head_json":{"title":"Francisco, \"un l\u00edder moral\" que apost\u00f3 por los vulnerables y despert\u00f3 el rechazo de la Iglesia m\u00e1s conservadora - Espa\u00f1a | Noti-America.com","robots":{"index":"index","follow":"follow","max-snippet":"max-snippet:-1","max-image-preview":"max-image-preview:large","max-video-preview":"max-video-preview:-1"},"canonical":"https:\/\/noti-america.com\/site\/espana\/2025\/04\/22\/francisco-un-lider-moral-que-aposto-por-los-vulnerables-y-desperto-el-rechazo-de-la-iglesia-mas-conservadora\/","og_locale":"es_ES","og_type":"article","og_title":"Francisco, \"un l\u00edder moral\" que apost\u00f3 por los vulnerables y despert\u00f3 el rechazo de la Iglesia m\u00e1s conservadora","og_description":"NOTI-AMERICA.COM | ESPA\u00d1A A su llegada al Vaticano, Francisco no tard\u00f3 en plantar la semilla de un pontificado muy diferente a los anteriores. Desde su nombramiento rechaz\u00f3 el coche oficial, regres\u00f3 en autob\u00fas junto&#46;&#46;&#46;","og_url":"https:\/\/noti-america.com\/site\/espana\/2025\/04\/22\/francisco-un-lider-moral-que-aposto-por-los-vulnerables-y-desperto-el-rechazo-de-la-iglesia-mas-conservadora\/","og_site_name":"Espa\u00f1a | Noti-America.com","article_author":"Mar\u00eda Valentina Noguera","article_published_time":"2025-04-22T15:47:07+00:00","og_image":[{"width":1600,"height":900,"url":"https:\/\/noti-america.com\/site\/espana\/wp-content\/uploads\/sites\/25\/2025\/04\/descargar-10.jpg","type":"image\/jpeg"}],"author":"Maria Valentina Noguera Medina","twitter_card":"summary_large_image","twitter_creator":"@notiamerica","twitter_site":"@notiamerica","twitter_misc":{"Escrito por":"Maria Valentina Noguera Medina","Tiempo estimado de lectura":"7 minutos"},"schema":{"@context":"https:\/\/schema.org","@graph":[{"@type":"Article","@id":"https:\/\/noti-america.com\/site\/espana\/2025\/04\/22\/francisco-un-lider-moral-que-aposto-por-los-vulnerables-y-desperto-el-rechazo-de-la-iglesia-mas-conservadora\/#article","isPartOf":{"@id":"https:\/\/noti-america.com\/site\/espana\/2025\/04\/22\/francisco-un-lider-moral-que-aposto-por-los-vulnerables-y-desperto-el-rechazo-de-la-iglesia-mas-conservadora\/"},"author":{"name":"Maria Valentina Noguera Medina","@id":"https:\/\/noti-america.com\/site\/espana\/#\/schema\/person\/22806efcc2cfc4b45efb0e17be210ea8"},"headline":"Francisco, \u00abun l\u00edder moral\u00bb que apost\u00f3 por los vulnerables y despert\u00f3 el rechazo de la Iglesia m\u00e1s conservadora","datePublished":"2025-04-22T15:47:07+00:00","mainEntityOfPage":{"@id":"https:\/\/noti-america.com\/site\/espana\/2025\/04\/22\/francisco-un-lider-moral-que-aposto-por-los-vulnerables-y-desperto-el-rechazo-de-la-iglesia-mas-conservadora\/"},"wordCount":1523,"commentCount":0,"publisher":{"@id":"https:\/\/noti-america.com\/site\/espana\/#organization"},"image":{"@id":"https:\/\/noti-america.com\/site\/espana\/2025\/04\/22\/francisco-un-lider-moral-que-aposto-por-los-vulnerables-y-desperto-el-rechazo-de-la-iglesia-mas-conservadora\/#primaryimage"},"thumbnailUrl":"https:\/\/noti-america.com\/site\/espana\/wp-content\/uploads\/sites\/25\/2025\/04\/descargar-10.jpg","articleSection":["Europa"],"inLanguage":"es","potentialAction":[{"@type":"CommentAction","name":"Comment","target":["https:\/\/noti-america.com\/site\/espana\/2025\/04\/22\/francisco-un-lider-moral-que-aposto-por-los-vulnerables-y-desperto-el-rechazo-de-la-iglesia-mas-conservadora\/#respond"]}]},{"@type":"WebPage","@id":"https:\/\/noti-america.com\/site\/espana\/2025\/04\/22\/francisco-un-lider-moral-que-aposto-por-los-vulnerables-y-desperto-el-rechazo-de-la-iglesia-mas-conservadora\/","url":"https:\/\/noti-america.com\/site\/espana\/2025\/04\/22\/francisco-un-lider-moral-que-aposto-por-los-vulnerables-y-desperto-el-rechazo-de-la-iglesia-mas-conservadora\/","name":"Francisco, \"un l\u00edder moral\" que apost\u00f3 por los vulnerables y despert\u00f3 el rechazo de la Iglesia m\u00e1s conservadora - Espa\u00f1a | Noti-America.com","isPartOf":{"@id":"https:\/\/noti-america.com\/site\/espana\/#website"},"primaryImageOfPage":{"@id":"https:\/\/noti-america.com\/site\/espana\/2025\/04\/22\/francisco-un-lider-moral-que-aposto-por-los-vulnerables-y-desperto-el-rechazo-de-la-iglesia-mas-conservadora\/#primaryimage"},"image":{"@id":"https:\/\/noti-america.com\/site\/espana\/2025\/04\/22\/francisco-un-lider-moral-que-aposto-por-los-vulnerables-y-desperto-el-rechazo-de-la-iglesia-mas-conservadora\/#primaryimage"},"thumbnailUrl":"https:\/\/noti-america.com\/site\/espana\/wp-content\/uploads\/sites\/25\/2025\/04\/descargar-10.jpg","datePublished":"2025-04-22T15:47:07+00:00","breadcrumb":{"@id":"https:\/\/noti-america.com\/site\/espana\/2025\/04\/22\/francisco-un-lider-moral-que-aposto-por-los-vulnerables-y-desperto-el-rechazo-de-la-iglesia-mas-conservadora\/#breadcrumb"},"inLanguage":"es","potentialAction":[{"@type":"ReadAction","target":["https:\/\/noti-america.com\/site\/espana\/2025\/04\/22\/francisco-un-lider-moral-que-aposto-por-los-vulnerables-y-desperto-el-rechazo-de-la-iglesia-mas-conservadora\/"]}]},{"@type":"ImageObject","inLanguage":"es","@id":"https:\/\/noti-america.com\/site\/espana\/2025\/04\/22\/francisco-un-lider-moral-que-aposto-por-los-vulnerables-y-desperto-el-rechazo-de-la-iglesia-mas-conservadora\/#primaryimage","url":"https:\/\/noti-america.com\/site\/espana\/wp-content\/uploads\/sites\/25\/2025\/04\/descargar-10.jpg","contentUrl":"https:\/\/noti-america.com\/site\/espana\/wp-content\/uploads\/sites\/25\/2025\/04\/descargar-10.jpg","width":1600,"height":900},{"@type":"BreadcrumbList","@id":"https:\/\/noti-america.com\/site\/espana\/2025\/04\/22\/francisco-un-lider-moral-que-aposto-por-los-vulnerables-y-desperto-el-rechazo-de-la-iglesia-mas-conservadora\/#breadcrumb","itemListElement":[{"@type":"ListItem","position":1,"name":"Portada","item":"https:\/\/noti-america.com\/site\/espana\/"},{"@type":"ListItem","position":2,"name":"Francisco, \u00abun l\u00edder moral\u00bb que apost\u00f3 por los vulnerables y despert\u00f3 el rechazo de la Iglesia m\u00e1s conservadora"}]},{"@type":"WebSite","@id":"https:\/\/noti-america.com\/site\/espana\/#website","url":"https:\/\/noti-america.com\/site\/espana\/","name":"Espa\u00f1a | Noti-America.com","description":"","publisher":{"@id":"https:\/\/noti-america.com\/site\/espana\/#organization"},"potentialAction":[{"@type":"SearchAction","target":{"@type":"EntryPoint","urlTemplate":"https:\/\/noti-america.com\/site\/espana\/?s={search_term_string}"},"query-input":{"@type":"PropertyValueSpecification","valueRequired":true,"valueName":"search_term_string"}}],"inLanguage":"es"},{"@type":"Organization","@id":"https:\/\/noti-america.com\/site\/espana\/#organization","name":"Noti-America LLC | Espa\u00f1a","url":"https:\/\/noti-america.com\/site\/espana\/","logo":{"@type":"ImageObject","inLanguage":"es","@id":"https:\/\/noti-america.com\/site\/espana\/#\/schema\/logo\/image\/","url":"https:\/\/noti-america.com\/site\/espana\/wp-content\/uploads\/sites\/25\/2020\/07\/LogoNA-4x3-1.jpg","contentUrl":"https:\/\/noti-america.com\/site\/espana\/wp-content\/uploads\/sites\/25\/2020\/07\/LogoNA-4x3-1.jpg","width":1236,"height":1080,"caption":"Noti-America LLC | Espa\u00f1a"},"image":{"@id":"https:\/\/noti-america.com\/site\/espana\/#\/schema\/logo\/image\/"},"sameAs":["https:\/\/x.com\/notiamerica"]},{"@type":"Person","@id":"https:\/\/noti-america.com\/site\/espana\/#\/schema\/person\/22806efcc2cfc4b45efb0e17be210ea8","name":"Maria Valentina Noguera Medina","image":{"@type":"ImageObject","inLanguage":"es","@id":"https:\/\/secure.gravatar.com\/avatar\/4ec5eb9d099f2608a49c9df6f7341f66f04f819cdffa09d56a7a0e91d2819d56?s=96&d=mm&r=g","url":"https:\/\/secure.gravatar.com\/avatar\/4ec5eb9d099f2608a49c9df6f7341f66f04f819cdffa09d56a7a0e91d2819d56?s=96&d=mm&r=g","contentUrl":"https:\/\/secure.gravatar.com\/avatar\/4ec5eb9d099f2608a49c9df6f7341f66f04f819cdffa09d56a7a0e91d2819d56?s=96&d=mm&r=g","caption":"Maria Valentina Noguera Medina"},"description":"Periodista - noti-america - Promar Community Manager - Talento Plus Dise\u00f1adora\/ creadora de contenido...","sameAs":["Mar\u00eda Valentina Noguera","https:\/\/www.facebook.com\/mariavalentina.noguera","https:\/\/www.linkedin.com\/in\/mara-valentina-noguera-medina-373075165\/","https:\/\/www.pinterest.es\/valentinanoguera95\/","https:\/\/www.youtube.com\/channel\/UCdek6mbUZ-Tqqw0I63i4nmQ"],"url":"https:\/\/noti-america.com\/site\/espana\/author\/mnoguera\/"}]}},"_links":{"self":[{"href":"https:\/\/noti-america.com\/site\/espana\/wp-json\/wp\/v2\/posts\/11990","targetHints":{"allow":["GET"]}}],"collection":[{"href":"https:\/\/noti-america.com\/site\/espana\/wp-json\/wp\/v2\/posts"}],"about":[{"href":"https:\/\/noti-america.com\/site\/espana\/wp-json\/wp\/v2\/types\/post"}],"author":[{"embeddable":true,"href":"https:\/\/noti-america.com\/site\/espana\/wp-json\/wp\/v2\/users\/133"}],"replies":[{"embeddable":true,"href":"https:\/\/noti-america.com\/site\/espana\/wp-json\/wp\/v2\/comments?post=11990"}],"version-history":[{"count":2,"href":"https:\/\/noti-america.com\/site\/espana\/wp-json\/wp\/v2\/posts\/11990\/revisions"}],"predecessor-version":[{"id":11993,"href":"https:\/\/noti-america.com\/site\/espana\/wp-json\/wp\/v2\/posts\/11990\/revisions\/11993"}],"wp:featuredmedia":[{"embeddable":true,"href":"https:\/\/noti-america.com\/site\/espana\/wp-json\/wp\/v2\/media\/11991"}],"wp:attachment":[{"href":"https:\/\/noti-america.com\/site\/espana\/wp-json\/wp\/v2\/media?parent=11990"}],"wp:term":[{"taxonomy":"category","embeddable":true,"href":"https:\/\/noti-america.com\/site\/espana\/wp-json\/wp\/v2\/categories?post=11990"},{"taxonomy":"post_tag","embeddable":true,"href":"https:\/\/noti-america.com\/site\/espana\/wp-json\/wp\/v2\/tags?post=11990"}],"curies":[{"name":"wp","href":"https:\/\/api.w.org\/{rel}","templated":true}]}}