{"id":11906,"date":"2025-04-15T15:08:52","date_gmt":"2025-04-15T15:08:52","guid":{"rendered":"https:\/\/noti-america.com\/site\/espana\/?p=11906"},"modified":"2025-04-15T15:08:52","modified_gmt":"2025-04-15T15:08:52","slug":"el-gobierno-retira-a-andalucia-las-ayudas-para-el-transporte-publico-a-menores-de-14-anos","status":"publish","type":"post","link":"https:\/\/noti-america.com\/site\/espana\/2025\/04\/15\/el-gobierno-retira-a-andalucia-las-ayudas-para-el-transporte-publico-a-menores-de-14-anos\/","title":{"rendered":"El Gobierno retira a Andaluc\u00eda las ayudas para el transporte p\u00fablico a menores de 14 a\u00f1os"},"content":{"rendered":"<p>NOTI-AMERICA.COM | ESPA\u00d1A<\/p>\n<p style=\"text-align: justify\">El Ministerio de Transportes ha retirado a la Junta de Andaluc\u00eda las ayudas destinadas a la gratuidad del transporte p\u00fablico a los menores de 14 a\u00f1os. El Gobierno central ha comunicado la decisi\u00f3n al auton\u00f3mico por haber incumplido la obligaci\u00f3n de incluir \u00abde manera expresa\u00bb en todas las comunicaciones y difusiones que reciben financiaci\u00f3n del Estado.<\/p>\n<p style=\"text-align: justify\">\u00abSupone una falta a la deseable lealtad institucional entre las administraciones prevista\u00bb en la ley, refiere el Ministerio en una carta remitida a la consejera de Fomento de Andaluc\u00eda, Roc\u00edo D\u00edaz, a la que ha tenido acceso RTVE.<\/p>\n<p style=\"text-align: justify\">La misiva traslada a la Junta que esa omisi\u00f3n supone \u00abuna vulneraci\u00f3n de los requisitos exigidos para la concesi\u00f3n de las ayudas\u00bb y una dejaci\u00f3n de las obligaciones \u00abderivadas del deber de colaboraci\u00f3n\u00bb.<\/p>\n<p style=\"text-align: justify\">\u00abEstos incumplimientos abocan, lamentablemente, a la imposibilidad de conceder las ayudas solicitadas por esa administraci\u00f3n\u00bb, concluye la misiva firmada por el director general de Estrategia de Movilidad, Miguel \u00c1lvarez Mart\u00ednez.<\/p>\n","protected":false},"excerpt":{"rendered":"<p>NOTI-AMERICA.COM | ESPA\u00d1A El Ministerio de Transportes ha retirado a la Junta de Andaluc\u00eda las ayudas destinadas a la gratuidad del transporte p\u00fablico a los menores de 14 a\u00f1os. El Gobierno central ha comunicado&#46;&#46;&#46;<\/p>\n","protected":false},"author":133,"featured_media":11907,"comment_status":"open","ping_status":"open","sticky":false,"template":"","format":"image","meta":{"_acf_changed":false,"om_disable_all_campaigns":false,"rop_custom_images_group":[],"rop_custom_messages_group":[],"rop_publish_now":"initial","rop_publish_now_accounts":[],"rop_publish_now_history":[],"rop_publish_now_status":"pending","_uf_show_specific_survey":0,"_uf_disable_surveys":false,"footnotes":""},"categories":[5],"tags":[],"class_list":["post-11906","post","type-post","status-publish","format-image","has-post-thumbnail","hentry","category-economia","post_format-post-format-image"],"acf":[],"aioseo_notices":[],"yoast_head":"<!-- This site is optimized with the Yoast SEO Premium plugin v24.9 (Yoast SEO v27.2) - https:\/\/yoast.com\/product\/yoast-seo-premium-wordpress\/ -->\n<title>El Gobierno retira a Andaluc\u00eda las ayudas para el transporte p\u00fablico a menores de 14 a\u00f1os - Espa\u00f1a | Noti-America.com<\/title>\n<meta name=\"robots\" content=\"index, follow, max-snippet:-1, max-image-preview:large, max-video-preview:-1\" \/>\n<link rel=\"canonical\" href=\"https:\/\/noti-america.com\/site\/espana\/2025\/04\/15\/el-gobierno-retira-a-andalucia-las-ayudas-para-el-transporte-publico-a-menores-de-14-anos\/\" \/>\n<meta property=\"og:locale\" content=\"es_ES\" \/>\n<meta property=\"og:type\" content=\"article\" \/>\n<meta property=\"og:title\" content=\"El Gobierno retira a Andaluc\u00eda las ayudas para el transporte p\u00fablico a menores de 14 a\u00f1os\" \/>\n<meta property=\"og:description\" content=\"NOTI-AMERICA.COM | ESPA\u00d1A El Ministerio de Transportes ha retirado a la Junta de Andaluc\u00eda las ayudas destinadas a la gratuidad del transporte p\u00fablico a los menores de 14 a\u00f1os. El Gobierno central ha comunicado&#046;&#046;&#046;\" \/>\n<meta property=\"og:url\" content=\"https:\/\/noti-america.com\/site\/espana\/2025\/04\/15\/el-gobierno-retira-a-andalucia-las-ayudas-para-el-transporte-publico-a-menores-de-14-anos\/\" \/>\n<meta property=\"og:site_name\" content=\"Espa\u00f1a | Noti-America.com\" \/>\n<meta property=\"article:author\" content=\"Mar\u00eda Valentina Noguera\" \/>\n<meta property=\"article:published_time\" content=\"2025-04-15T15:08:52+00:00\" \/>\n<meta property=\"og:image\" content=\"https:\/\/noti-america.com\/site\/espana\/wp-content\/uploads\/sites\/25\/2025\/04\/descargar-5.jpg\" \/>\n\t<meta property=\"og:image:width\" content=\"1600\" \/>\n\t<meta property=\"og:image:height\" content=\"900\" \/>\n\t<meta property=\"og:image:type\" content=\"image\/jpeg\" \/>\n<meta name=\"author\" content=\"Maria Valentina Noguera Medina\" \/>\n<meta name=\"twitter:card\" content=\"summary_large_image\" \/>\n<meta name=\"twitter:creator\" content=\"@notiamerica\" \/>\n<meta name=\"twitter:site\" content=\"@notiamerica\" \/>\n<meta name=\"twitter:label1\" content=\"Escrito por\" \/>\n\t<meta name=\"twitter:data1\" content=\"Maria Valentina Noguera Medina\" \/>\n\t<meta name=\"twitter:label2\" content=\"Tiempo estimado de lectura\" \/>\n\t<meta name=\"twitter:data2\" content=\"1 minuto\" \/>\n<script type=\"application\/ld+json\" class=\"yoast-schema-graph\">{\"@context\":\"https:\/\/schema.org\",\"@graph\":[{\"@type\":\"Article\",\"@id\":\"https:\/\/noti-america.com\/site\/espana\/2025\/04\/15\/el-gobierno-retira-a-andalucia-las-ayudas-para-el-transporte-publico-a-menores-de-14-anos\/#article\",\"isPartOf\":{\"@id\":\"https:\/\/noti-america.com\/site\/espana\/2025\/04\/15\/el-gobierno-retira-a-andalucia-las-ayudas-para-el-transporte-publico-a-menores-de-14-anos\/\"},\"author\":{\"name\":\"Maria Valentina Noguera Medina\",\"@id\":\"https:\/\/noti-america.com\/site\/espana\/#\/schema\/person\/22806efcc2cfc4b45efb0e17be210ea8\"},\"headline\":\"El Gobierno retira a Andaluc\u00eda las ayudas para el transporte p\u00fablico a menores de 14 a\u00f1os\",\"datePublished\":\"2025-04-15T15:08:52+00:00\",\"mainEntityOfPage\":{\"@id\":\"https:\/\/noti-america.com\/site\/espana\/2025\/04\/15\/el-gobierno-retira-a-andalucia-las-ayudas-para-el-transporte-publico-a-menores-de-14-anos\/\"},\"wordCount\":195,\"commentCount\":0,\"publisher\":{\"@id\":\"https:\/\/noti-america.com\/site\/espana\/#organization\"},\"image\":{\"@id\":\"https:\/\/noti-america.com\/site\/espana\/2025\/04\/15\/el-gobierno-retira-a-andalucia-las-ayudas-para-el-transporte-publico-a-menores-de-14-anos\/#primaryimage\"},\"thumbnailUrl\":\"https:\/\/noti-america.com\/site\/espana\/wp-content\/uploads\/sites\/25\/2025\/04\/descargar-5.jpg\",\"articleSection\":[\"Econom\u00eda\"],\"inLanguage\":\"es\",\"potentialAction\":[{\"@type\":\"CommentAction\",\"name\":\"Comment\",\"target\":[\"https:\/\/noti-america.com\/site\/espana\/2025\/04\/15\/el-gobierno-retira-a-andalucia-las-ayudas-para-el-transporte-publico-a-menores-de-14-anos\/#respond\"]}]},{\"@type\":\"WebPage\",\"@id\":\"https:\/\/noti-america.com\/site\/espana\/2025\/04\/15\/el-gobierno-retira-a-andalucia-las-ayudas-para-el-transporte-publico-a-menores-de-14-anos\/\",\"url\":\"https:\/\/noti-america.com\/site\/espana\/2025\/04\/15\/el-gobierno-retira-a-andalucia-las-ayudas-para-el-transporte-publico-a-menores-de-14-anos\/\",\"name\":\"El Gobierno retira a Andaluc\u00eda las ayudas para el transporte p\u00fablico a menores de 14 a\u00f1os - Espa\u00f1a | Noti-America.com\",\"isPartOf\":{\"@id\":\"https:\/\/noti-america.com\/site\/espana\/#website\"},\"primaryImageOfPage\":{\"@id\":\"https:\/\/noti-america.com\/site\/espana\/2025\/04\/15\/el-gobierno-retira-a-andalucia-las-ayudas-para-el-transporte-publico-a-menores-de-14-anos\/#primaryimage\"},\"image\":{\"@id\":\"https:\/\/noti-america.com\/site\/espana\/2025\/04\/15\/el-gobierno-retira-a-andalucia-las-ayudas-para-el-transporte-publico-a-menores-de-14-anos\/#primaryimage\"},\"thumbnailUrl\":\"https:\/\/noti-america.com\/site\/espana\/wp-content\/uploads\/sites\/25\/2025\/04\/descargar-5.jpg\",\"datePublished\":\"2025-04-15T15:08:52+00:00\",\"breadcrumb\":{\"@id\":\"https:\/\/noti-america.com\/site\/espana\/2025\/04\/15\/el-gobierno-retira-a-andalucia-las-ayudas-para-el-transporte-publico-a-menores-de-14-anos\/#breadcrumb\"},\"inLanguage\":\"es\",\"potentialAction\":[{\"@type\":\"ReadAction\",\"target\":[\"https:\/\/noti-america.com\/site\/espana\/2025\/04\/15\/el-gobierno-retira-a-andalucia-las-ayudas-para-el-transporte-publico-a-menores-de-14-anos\/\"]}]},{\"@type\":\"ImageObject\",\"inLanguage\":\"es\",\"@id\":\"https:\/\/noti-america.com\/site\/espana\/2025\/04\/15\/el-gobierno-retira-a-andalucia-las-ayudas-para-el-transporte-publico-a-menores-de-14-anos\/#primaryimage\",\"url\":\"https:\/\/noti-america.com\/site\/espana\/wp-content\/uploads\/sites\/25\/2025\/04\/descargar-5.jpg\",\"contentUrl\":\"https:\/\/noti-america.com\/site\/espana\/wp-content\/uploads\/sites\/25\/2025\/04\/descargar-5.jpg\",\"width\":1600,\"height\":900},{\"@type\":\"BreadcrumbList\",\"@id\":\"https:\/\/noti-america.com\/site\/espana\/2025\/04\/15\/el-gobierno-retira-a-andalucia-las-ayudas-para-el-transporte-publico-a-menores-de-14-anos\/#breadcrumb\",\"itemListElement\":[{\"@type\":\"ListItem\",\"position\":1,\"name\":\"Portada\",\"item\":\"https:\/\/noti-america.com\/site\/espana\/\"},{\"@type\":\"ListItem\",\"position\":2,\"name\":\"El Gobierno retira a Andaluc\u00eda las ayudas para el transporte p\u00fablico a menores de 14 a\u00f1os\"}]},{\"@type\":\"WebSite\",\"@id\":\"https:\/\/noti-america.com\/site\/espana\/#website\",\"url\":\"https:\/\/noti-america.com\/site\/espana\/\",\"name\":\"Espa\u00f1a | Noti-America.com\",\"description\":\"\",\"publisher\":{\"@id\":\"https:\/\/noti-america.com\/site\/espana\/#organization\"},\"potentialAction\":[{\"@type\":\"SearchAction\",\"target\":{\"@type\":\"EntryPoint\",\"urlTemplate\":\"https:\/\/noti-america.com\/site\/espana\/?s={search_term_string}\"},\"query-input\":{\"@type\":\"PropertyValueSpecification\",\"valueRequired\":true,\"valueName\":\"search_term_string\"}}],\"inLanguage\":\"es\"},{\"@type\":\"Organization\",\"@id\":\"https:\/\/noti-america.com\/site\/espana\/#organization\",\"name\":\"Noti-America LLC | Espa\u00f1a\",\"url\":\"https:\/\/noti-america.com\/site\/espana\/\",\"logo\":{\"@type\":\"ImageObject\",\"inLanguage\":\"es\",\"@id\":\"https:\/\/noti-america.com\/site\/espana\/#\/schema\/logo\/image\/\",\"url\":\"https:\/\/noti-america.com\/site\/espana\/wp-content\/uploads\/sites\/25\/2020\/07\/LogoNA-4x3-1.jpg\",\"contentUrl\":\"https:\/\/noti-america.com\/site\/espana\/wp-content\/uploads\/sites\/25\/2020\/07\/LogoNA-4x3-1.jpg\",\"width\":1236,\"height\":1080,\"caption\":\"Noti-America LLC | Espa\u00f1a\"},\"image\":{\"@id\":\"https:\/\/noti-america.com\/site\/espana\/#\/schema\/logo\/image\/\"},\"sameAs\":[\"https:\/\/x.com\/notiamerica\"]},{\"@type\":\"Person\",\"@id\":\"https:\/\/noti-america.com\/site\/espana\/#\/schema\/person\/22806efcc2cfc4b45efb0e17be210ea8\",\"name\":\"Maria Valentina Noguera Medina\",\"image\":{\"@type\":\"ImageObject\",\"inLanguage\":\"es\",\"@id\":\"https:\/\/secure.gravatar.com\/avatar\/4ec5eb9d099f2608a49c9df6f7341f66f04f819cdffa09d56a7a0e91d2819d56?s=96&d=mm&r=g\",\"url\":\"https:\/\/secure.gravatar.com\/avatar\/4ec5eb9d099f2608a49c9df6f7341f66f04f819cdffa09d56a7a0e91d2819d56?s=96&d=mm&r=g\",\"contentUrl\":\"https:\/\/secure.gravatar.com\/avatar\/4ec5eb9d099f2608a49c9df6f7341f66f04f819cdffa09d56a7a0e91d2819d56?s=96&d=mm&r=g\",\"caption\":\"Maria Valentina Noguera Medina\"},\"description\":\"Periodista - noti-america - Promar Community Manager - Talento Plus Dise\u00f1adora\/ creadora de contenido...\",\"sameAs\":[\"Mar\u00eda Valentina Noguera\",\"https:\/\/www.facebook.com\/mariavalentina.noguera\",\"https:\/\/www.linkedin.com\/in\/mara-valentina-noguera-medina-373075165\/\",\"https:\/\/www.pinterest.es\/valentinanoguera95\/\",\"https:\/\/www.youtube.com\/channel\/UCdek6mbUZ-Tqqw0I63i4nmQ\"],\"url\":\"https:\/\/noti-america.com\/site\/espana\/author\/mnoguera\/\"}]}<\/script>\n<!-- \/ Yoast SEO Premium plugin. -->","yoast_head_json":{"title":"El Gobierno retira a Andaluc\u00eda las ayudas para el transporte p\u00fablico a menores de 14 a\u00f1os - Espa\u00f1a | Noti-America.com","robots":{"index":"index","follow":"follow","max-snippet":"max-snippet:-1","max-image-preview":"max-image-preview:large","max-video-preview":"max-video-preview:-1"},"canonical":"https:\/\/noti-america.com\/site\/espana\/2025\/04\/15\/el-gobierno-retira-a-andalucia-las-ayudas-para-el-transporte-publico-a-menores-de-14-anos\/","og_locale":"es_ES","og_type":"article","og_title":"El Gobierno retira a Andaluc\u00eda las ayudas para el transporte p\u00fablico a menores de 14 a\u00f1os","og_description":"NOTI-AMERICA.COM | ESPA\u00d1A El Ministerio de Transportes ha retirado a la Junta de Andaluc\u00eda las ayudas destinadas a la gratuidad del transporte p\u00fablico a los menores de 14 a\u00f1os. El Gobierno central ha comunicado&#46;&#46;&#46;","og_url":"https:\/\/noti-america.com\/site\/espana\/2025\/04\/15\/el-gobierno-retira-a-andalucia-las-ayudas-para-el-transporte-publico-a-menores-de-14-anos\/","og_site_name":"Espa\u00f1a | Noti-America.com","article_author":"Mar\u00eda Valentina Noguera","article_published_time":"2025-04-15T15:08:52+00:00","og_image":[{"width":1600,"height":900,"url":"https:\/\/noti-america.com\/site\/espana\/wp-content\/uploads\/sites\/25\/2025\/04\/descargar-5.jpg","type":"image\/jpeg"}],"author":"Maria Valentina Noguera Medina","twitter_card":"summary_large_image","twitter_creator":"@notiamerica","twitter_site":"@notiamerica","twitter_misc":{"Escrito por":"Maria Valentina Noguera Medina","Tiempo estimado de lectura":"1 minuto"},"schema":{"@context":"https:\/\/schema.org","@graph":[{"@type":"Article","@id":"https:\/\/noti-america.com\/site\/espana\/2025\/04\/15\/el-gobierno-retira-a-andalucia-las-ayudas-para-el-transporte-publico-a-menores-de-14-anos\/#article","isPartOf":{"@id":"https:\/\/noti-america.com\/site\/espana\/2025\/04\/15\/el-gobierno-retira-a-andalucia-las-ayudas-para-el-transporte-publico-a-menores-de-14-anos\/"},"author":{"name":"Maria Valentina Noguera Medina","@id":"https:\/\/noti-america.com\/site\/espana\/#\/schema\/person\/22806efcc2cfc4b45efb0e17be210ea8"},"headline":"El Gobierno retira a Andaluc\u00eda las ayudas para el transporte p\u00fablico a menores de 14 a\u00f1os","datePublished":"2025-04-15T15:08:52+00:00","mainEntityOfPage":{"@id":"https:\/\/noti-america.com\/site\/espana\/2025\/04\/15\/el-gobierno-retira-a-andalucia-las-ayudas-para-el-transporte-publico-a-menores-de-14-anos\/"},"wordCount":195,"commentCount":0,"publisher":{"@id":"https:\/\/noti-america.com\/site\/espana\/#organization"},"image":{"@id":"https:\/\/noti-america.com\/site\/espana\/2025\/04\/15\/el-gobierno-retira-a-andalucia-las-ayudas-para-el-transporte-publico-a-menores-de-14-anos\/#primaryimage"},"thumbnailUrl":"https:\/\/noti-america.com\/site\/espana\/wp-content\/uploads\/sites\/25\/2025\/04\/descargar-5.jpg","articleSection":["Econom\u00eda"],"inLanguage":"es","potentialAction":[{"@type":"CommentAction","name":"Comment","target":["https:\/\/noti-america.com\/site\/espana\/2025\/04\/15\/el-gobierno-retira-a-andalucia-las-ayudas-para-el-transporte-publico-a-menores-de-14-anos\/#respond"]}]},{"@type":"WebPage","@id":"https:\/\/noti-america.com\/site\/espana\/2025\/04\/15\/el-gobierno-retira-a-andalucia-las-ayudas-para-el-transporte-publico-a-menores-de-14-anos\/","url":"https:\/\/noti-america.com\/site\/espana\/2025\/04\/15\/el-gobierno-retira-a-andalucia-las-ayudas-para-el-transporte-publico-a-menores-de-14-anos\/","name":"El Gobierno retira a Andaluc\u00eda las ayudas para el transporte p\u00fablico a menores de 14 a\u00f1os - Espa\u00f1a | Noti-America.com","isPartOf":{"@id":"https:\/\/noti-america.com\/site\/espana\/#website"},"primaryImageOfPage":{"@id":"https:\/\/noti-america.com\/site\/espana\/2025\/04\/15\/el-gobierno-retira-a-andalucia-las-ayudas-para-el-transporte-publico-a-menores-de-14-anos\/#primaryimage"},"image":{"@id":"https:\/\/noti-america.com\/site\/espana\/2025\/04\/15\/el-gobierno-retira-a-andalucia-las-ayudas-para-el-transporte-publico-a-menores-de-14-anos\/#primaryimage"},"thumbnailUrl":"https:\/\/noti-america.com\/site\/espana\/wp-content\/uploads\/sites\/25\/2025\/04\/descargar-5.jpg","datePublished":"2025-04-15T15:08:52+00:00","breadcrumb":{"@id":"https:\/\/noti-america.com\/site\/espana\/2025\/04\/15\/el-gobierno-retira-a-andalucia-las-ayudas-para-el-transporte-publico-a-menores-de-14-anos\/#breadcrumb"},"inLanguage":"es","potentialAction":[{"@type":"ReadAction","target":["https:\/\/noti-america.com\/site\/espana\/2025\/04\/15\/el-gobierno-retira-a-andalucia-las-ayudas-para-el-transporte-publico-a-menores-de-14-anos\/"]}]},{"@type":"ImageObject","inLanguage":"es","@id":"https:\/\/noti-america.com\/site\/espana\/2025\/04\/15\/el-gobierno-retira-a-andalucia-las-ayudas-para-el-transporte-publico-a-menores-de-14-anos\/#primaryimage","url":"https:\/\/noti-america.com\/site\/espana\/wp-content\/uploads\/sites\/25\/2025\/04\/descargar-5.jpg","contentUrl":"https:\/\/noti-america.com\/site\/espana\/wp-content\/uploads\/sites\/25\/2025\/04\/descargar-5.jpg","width":1600,"height":900},{"@type":"BreadcrumbList","@id":"https:\/\/noti-america.com\/site\/espana\/2025\/04\/15\/el-gobierno-retira-a-andalucia-las-ayudas-para-el-transporte-publico-a-menores-de-14-anos\/#breadcrumb","itemListElement":[{"@type":"ListItem","position":1,"name":"Portada","item":"https:\/\/noti-america.com\/site\/espana\/"},{"@type":"ListItem","position":2,"name":"El Gobierno retira a Andaluc\u00eda las ayudas para el transporte p\u00fablico a menores de 14 a\u00f1os"}]},{"@type":"WebSite","@id":"https:\/\/noti-america.com\/site\/espana\/#website","url":"https:\/\/noti-america.com\/site\/espana\/","name":"Espa\u00f1a | Noti-America.com","description":"","publisher":{"@id":"https:\/\/noti-america.com\/site\/espana\/#organization"},"potentialAction":[{"@type":"SearchAction","target":{"@type":"EntryPoint","urlTemplate":"https:\/\/noti-america.com\/site\/espana\/?s={search_term_string}"},"query-input":{"@type":"PropertyValueSpecification","valueRequired":true,"valueName":"search_term_string"}}],"inLanguage":"es"},{"@type":"Organization","@id":"https:\/\/noti-america.com\/site\/espana\/#organization","name":"Noti-America LLC | Espa\u00f1a","url":"https:\/\/noti-america.com\/site\/espana\/","logo":{"@type":"ImageObject","inLanguage":"es","@id":"https:\/\/noti-america.com\/site\/espana\/#\/schema\/logo\/image\/","url":"https:\/\/noti-america.com\/site\/espana\/wp-content\/uploads\/sites\/25\/2020\/07\/LogoNA-4x3-1.jpg","contentUrl":"https:\/\/noti-america.com\/site\/espana\/wp-content\/uploads\/sites\/25\/2020\/07\/LogoNA-4x3-1.jpg","width":1236,"height":1080,"caption":"Noti-America LLC | Espa\u00f1a"},"image":{"@id":"https:\/\/noti-america.com\/site\/espana\/#\/schema\/logo\/image\/"},"sameAs":["https:\/\/x.com\/notiamerica"]},{"@type":"Person","@id":"https:\/\/noti-america.com\/site\/espana\/#\/schema\/person\/22806efcc2cfc4b45efb0e17be210ea8","name":"Maria Valentina Noguera Medina","image":{"@type":"ImageObject","inLanguage":"es","@id":"https:\/\/secure.gravatar.com\/avatar\/4ec5eb9d099f2608a49c9df6f7341f66f04f819cdffa09d56a7a0e91d2819d56?s=96&d=mm&r=g","url":"https:\/\/secure.gravatar.com\/avatar\/4ec5eb9d099f2608a49c9df6f7341f66f04f819cdffa09d56a7a0e91d2819d56?s=96&d=mm&r=g","contentUrl":"https:\/\/secure.gravatar.com\/avatar\/4ec5eb9d099f2608a49c9df6f7341f66f04f819cdffa09d56a7a0e91d2819d56?s=96&d=mm&r=g","caption":"Maria Valentina Noguera Medina"},"description":"Periodista - noti-america - Promar Community Manager - Talento Plus Dise\u00f1adora\/ creadora de contenido...","sameAs":["Mar\u00eda Valentina Noguera","https:\/\/www.facebook.com\/mariavalentina.noguera","https:\/\/www.linkedin.com\/in\/mara-valentina-noguera-medina-373075165\/","https:\/\/www.pinterest.es\/valentinanoguera95\/","https:\/\/www.youtube.com\/channel\/UCdek6mbUZ-Tqqw0I63i4nmQ"],"url":"https:\/\/noti-america.com\/site\/espana\/author\/mnoguera\/"}]}},"_links":{"self":[{"href":"https:\/\/noti-america.com\/site\/espana\/wp-json\/wp\/v2\/posts\/11906","targetHints":{"allow":["GET"]}}],"collection":[{"href":"https:\/\/noti-america.com\/site\/espana\/wp-json\/wp\/v2\/posts"}],"about":[{"href":"https:\/\/noti-america.com\/site\/espana\/wp-json\/wp\/v2\/types\/post"}],"author":[{"embeddable":true,"href":"https:\/\/noti-america.com\/site\/espana\/wp-json\/wp\/v2\/users\/133"}],"replies":[{"embeddable":true,"href":"https:\/\/noti-america.com\/site\/espana\/wp-json\/wp\/v2\/comments?post=11906"}],"version-history":[{"count":1,"href":"https:\/\/noti-america.com\/site\/espana\/wp-json\/wp\/v2\/posts\/11906\/revisions"}],"predecessor-version":[{"id":11908,"href":"https:\/\/noti-america.com\/site\/espana\/wp-json\/wp\/v2\/posts\/11906\/revisions\/11908"}],"wp:featuredmedia":[{"embeddable":true,"href":"https:\/\/noti-america.com\/site\/espana\/wp-json\/wp\/v2\/media\/11907"}],"wp:attachment":[{"href":"https:\/\/noti-america.com\/site\/espana\/wp-json\/wp\/v2\/media?parent=11906"}],"wp:term":[{"taxonomy":"category","embeddable":true,"href":"https:\/\/noti-america.com\/site\/espana\/wp-json\/wp\/v2\/categories?post=11906"},{"taxonomy":"post_tag","embeddable":true,"href":"https:\/\/noti-america.com\/site\/espana\/wp-json\/wp\/v2\/tags?post=11906"}],"curies":[{"name":"wp","href":"https:\/\/api.w.org\/{rel}","templated":true}]}}