{"id":11846,"date":"2025-04-10T14:49:44","date_gmt":"2025-04-10T14:49:44","guid":{"rendered":"https:\/\/noti-america.com\/site\/espana\/?p=11846"},"modified":"2025-04-10T14:49:44","modified_gmt":"2025-04-10T14:49:44","slug":"el-aceite-de-oliva-ante-los-aranceles-de-trump-se-mantendra-el-consumo-aunque-espana-podria-perder-competitividad","status":"publish","type":"post","link":"https:\/\/noti-america.com\/site\/espana\/2025\/04\/10\/el-aceite-de-oliva-ante-los-aranceles-de-trump-se-mantendra-el-consumo-aunque-espana-podria-perder-competitividad\/","title":{"rendered":"El aceite de oliva, ante los aranceles de Trump: se mantendr\u00e1 el consumo, aunque Espa\u00f1a podr\u00eda perder competitividad"},"content":{"rendered":"<p>NOTI-AMERICA.COM | ESPA\u00d1A<\/p>\n<p style=\"text-align: justify\">La guerra comercial iniciada por el presidente de Estados Unidos, Donald Trump, tiene como uno de los principales perjudicados (con el permiso de China) a la Uni\u00f3n Europea, a la que ha impuesto un arancel del 20% sobre las importaciones de miles de productos. Entre ellos se encuentra el aceite de oliva, una joya de la gastronom\u00eda espa\u00f1ola muy apreciada en el mercado norteamericano.<\/p>\n<p style=\"text-align: justify\">Estados Unidos es el segundo pa\u00eds que m\u00e1s &#8216;oro l\u00edquido&#8217; espa\u00f1ol adquiere, solo por detr\u00e1s de Italia. A su vez, el aceite de oliva fue el producto m\u00e1s vendido por Espa\u00f1a a EE.UU: se enviaron m\u00e1s de 110.000 toneladas por valor de 1.013 millones de euros (un 16,4% del total), seg\u00fan datos de la Secretar\u00eda de Estado de Comercio.<\/p>\n<p style=\"text-align: justify\">El sector ha mostrado su descontento por la imposici\u00f3n de estos grav\u00e1menes, que tacha como \u00abmuy mala noticia\u00bb, y pide su retirada definitiva, despu\u00e9s de que Donald Trump haya decidido hacer una pausa de 90 d\u00edas para su entrada en vigor. De momento, el arancel se queda en el 10%, a la espera de c\u00f3mo avanzan las negociaciones entre ambas potencias econ\u00f3micas.<\/p>\n<p style=\"text-align: justify\">No es la primera vez que el Gobierno de Estados Unidos impone un arancel a este producto: ya lo hizo en 2019, en plena guerra Airbus-Boeing, lo que provoc\u00f3 que las exportaciones de aceite de oliva envasado retrocediesen un 80%, coincidiendo con la pandemia.<\/p>\n<p style=\"text-align: justify\">No obstante, los expertos consultados creen que en esta ocasi\u00f3n el consumo no se ver\u00e1 resentido en Estados Unidos, un mercado \u00abmuy maduro\u00bb, basado \u00aben la calidad y en la dieta mediterr\u00e1nea\u00bb y cuyo consumidor \u00abtiene un nivel de renta medio-alto\u00bb, apunta a RTVE.es el responsable del sector del olivar de la Coordinadora de Organizaciones de Agricultores y Ganaderos (COAG), Juan Luis \u00c1vila.<\/p>\n<p style=\"text-align: justify\">En la misma l\u00ednea se posiciona el doctor en Ciencias Econ\u00f3micas y Empresariales por la Universidad de Ja\u00e9n y analista agr\u00f3nomo, Juan Vilar, quien cree que el consumidor norteamericano \u00abno se va a dar cuenta\u00bb de la imposici\u00f3n de este nuevo arancel del 20%, al menos a medio plazo, debido a \u00abla bajada de precio en origen que ha experimentado en los \u00faltimos meses\u00bb.<\/p>\n","protected":false},"excerpt":{"rendered":"<p>NOTI-AMERICA.COM | ESPA\u00d1A La guerra comercial iniciada por el presidente de Estados Unidos, Donald Trump, tiene como uno de los principales perjudicados (con el permiso de China) a la Uni\u00f3n Europea, a la que&#46;&#46;&#46;<\/p>\n","protected":false},"author":133,"featured_media":11847,"comment_status":"open","ping_status":"open","sticky":false,"template":"","format":"image","meta":{"_acf_changed":false,"om_disable_all_campaigns":false,"rop_custom_images_group":[],"rop_custom_messages_group":[],"rop_publish_now":"initial","rop_publish_now_accounts":[],"rop_publish_now_history":[],"rop_publish_now_status":"pending","_uf_show_specific_survey":0,"_uf_disable_surveys":false,"footnotes":""},"categories":[5],"tags":[],"class_list":["post-11846","post","type-post","status-publish","format-image","has-post-thumbnail","hentry","category-economia","post_format-post-format-image"],"acf":[],"aioseo_notices":[],"yoast_head":"<!-- This site is optimized with the Yoast SEO Premium plugin v24.9 (Yoast SEO v27.2) - https:\/\/yoast.com\/product\/yoast-seo-premium-wordpress\/ -->\n<title>El aceite de oliva, ante los aranceles de Trump: se mantendr\u00e1 el consumo, aunque Espa\u00f1a podr\u00eda perder competitividad - Espa\u00f1a | Noti-America.com<\/title>\n<meta name=\"robots\" content=\"index, follow, max-snippet:-1, max-image-preview:large, max-video-preview:-1\" \/>\n<link rel=\"canonical\" href=\"https:\/\/noti-america.com\/site\/espana\/2025\/04\/10\/el-aceite-de-oliva-ante-los-aranceles-de-trump-se-mantendra-el-consumo-aunque-espana-podria-perder-competitividad\/\" \/>\n<meta property=\"og:locale\" content=\"es_ES\" \/>\n<meta property=\"og:type\" content=\"article\" \/>\n<meta property=\"og:title\" content=\"El aceite de oliva, ante los aranceles de Trump: se mantendr\u00e1 el consumo, aunque Espa\u00f1a podr\u00eda perder competitividad\" \/>\n<meta property=\"og:description\" content=\"NOTI-AMERICA.COM | ESPA\u00d1A La guerra comercial iniciada por el presidente de Estados Unidos, Donald Trump, tiene como uno de los principales perjudicados (con el permiso de China) a la Uni\u00f3n Europea, a la que&#046;&#046;&#046;\" \/>\n<meta property=\"og:url\" content=\"https:\/\/noti-america.com\/site\/espana\/2025\/04\/10\/el-aceite-de-oliva-ante-los-aranceles-de-trump-se-mantendra-el-consumo-aunque-espana-podria-perder-competitividad\/\" \/>\n<meta property=\"og:site_name\" content=\"Espa\u00f1a | Noti-America.com\" \/>\n<meta property=\"article:author\" content=\"Mar\u00eda Valentina Noguera\" \/>\n<meta property=\"article:published_time\" content=\"2025-04-10T14:49:44+00:00\" \/>\n<meta property=\"og:image\" content=\"https:\/\/noti-america.com\/site\/espana\/wp-content\/uploads\/sites\/25\/2025\/04\/descarga-5-1.jpeg\" \/>\n\t<meta property=\"og:image:width\" content=\"1600\" \/>\n\t<meta property=\"og:image:height\" content=\"900\" \/>\n\t<meta property=\"og:image:type\" content=\"image\/jpeg\" \/>\n<meta name=\"author\" content=\"Maria Valentina Noguera Medina\" \/>\n<meta name=\"twitter:card\" content=\"summary_large_image\" \/>\n<meta name=\"twitter:creator\" content=\"@notiamerica\" \/>\n<meta name=\"twitter:site\" content=\"@notiamerica\" \/>\n<meta name=\"twitter:label1\" content=\"Escrito por\" \/>\n\t<meta name=\"twitter:data1\" content=\"Maria Valentina Noguera Medina\" \/>\n\t<meta name=\"twitter:label2\" content=\"Tiempo estimado de lectura\" \/>\n\t<meta name=\"twitter:data2\" content=\"2 minutos\" \/>\n<script type=\"application\/ld+json\" class=\"yoast-schema-graph\">{\"@context\":\"https:\/\/schema.org\",\"@graph\":[{\"@type\":\"Article\",\"@id\":\"https:\/\/noti-america.com\/site\/espana\/2025\/04\/10\/el-aceite-de-oliva-ante-los-aranceles-de-trump-se-mantendra-el-consumo-aunque-espana-podria-perder-competitividad\/#article\",\"isPartOf\":{\"@id\":\"https:\/\/noti-america.com\/site\/espana\/2025\/04\/10\/el-aceite-de-oliva-ante-los-aranceles-de-trump-se-mantendra-el-consumo-aunque-espana-podria-perder-competitividad\/\"},\"author\":{\"name\":\"Maria Valentina Noguera Medina\",\"@id\":\"https:\/\/noti-america.com\/site\/espana\/#\/schema\/person\/22806efcc2cfc4b45efb0e17be210ea8\"},\"headline\":\"El aceite de oliva, ante los aranceles de Trump: se mantendr\u00e1 el consumo, aunque Espa\u00f1a podr\u00eda perder competitividad\",\"datePublished\":\"2025-04-10T14:49:44+00:00\",\"mainEntityOfPage\":{\"@id\":\"https:\/\/noti-america.com\/site\/espana\/2025\/04\/10\/el-aceite-de-oliva-ante-los-aranceles-de-trump-se-mantendra-el-consumo-aunque-espana-podria-perder-competitividad\/\"},\"wordCount\":399,\"commentCount\":0,\"publisher\":{\"@id\":\"https:\/\/noti-america.com\/site\/espana\/#organization\"},\"image\":{\"@id\":\"https:\/\/noti-america.com\/site\/espana\/2025\/04\/10\/el-aceite-de-oliva-ante-los-aranceles-de-trump-se-mantendra-el-consumo-aunque-espana-podria-perder-competitividad\/#primaryimage\"},\"thumbnailUrl\":\"https:\/\/noti-america.com\/site\/espana\/wp-content\/uploads\/sites\/25\/2025\/04\/descarga-5-1.jpeg\",\"articleSection\":[\"Econom\u00eda\"],\"inLanguage\":\"es\",\"potentialAction\":[{\"@type\":\"CommentAction\",\"name\":\"Comment\",\"target\":[\"https:\/\/noti-america.com\/site\/espana\/2025\/04\/10\/el-aceite-de-oliva-ante-los-aranceles-de-trump-se-mantendra-el-consumo-aunque-espana-podria-perder-competitividad\/#respond\"]}]},{\"@type\":\"WebPage\",\"@id\":\"https:\/\/noti-america.com\/site\/espana\/2025\/04\/10\/el-aceite-de-oliva-ante-los-aranceles-de-trump-se-mantendra-el-consumo-aunque-espana-podria-perder-competitividad\/\",\"url\":\"https:\/\/noti-america.com\/site\/espana\/2025\/04\/10\/el-aceite-de-oliva-ante-los-aranceles-de-trump-se-mantendra-el-consumo-aunque-espana-podria-perder-competitividad\/\",\"name\":\"El aceite de oliva, ante los aranceles de Trump: se mantendr\u00e1 el consumo, aunque Espa\u00f1a podr\u00eda perder competitividad - Espa\u00f1a | Noti-America.com\",\"isPartOf\":{\"@id\":\"https:\/\/noti-america.com\/site\/espana\/#website\"},\"primaryImageOfPage\":{\"@id\":\"https:\/\/noti-america.com\/site\/espana\/2025\/04\/10\/el-aceite-de-oliva-ante-los-aranceles-de-trump-se-mantendra-el-consumo-aunque-espana-podria-perder-competitividad\/#primaryimage\"},\"image\":{\"@id\":\"https:\/\/noti-america.com\/site\/espana\/2025\/04\/10\/el-aceite-de-oliva-ante-los-aranceles-de-trump-se-mantendra-el-consumo-aunque-espana-podria-perder-competitividad\/#primaryimage\"},\"thumbnailUrl\":\"https:\/\/noti-america.com\/site\/espana\/wp-content\/uploads\/sites\/25\/2025\/04\/descarga-5-1.jpeg\",\"datePublished\":\"2025-04-10T14:49:44+00:00\",\"breadcrumb\":{\"@id\":\"https:\/\/noti-america.com\/site\/espana\/2025\/04\/10\/el-aceite-de-oliva-ante-los-aranceles-de-trump-se-mantendra-el-consumo-aunque-espana-podria-perder-competitividad\/#breadcrumb\"},\"inLanguage\":\"es\",\"potentialAction\":[{\"@type\":\"ReadAction\",\"target\":[\"https:\/\/noti-america.com\/site\/espana\/2025\/04\/10\/el-aceite-de-oliva-ante-los-aranceles-de-trump-se-mantendra-el-consumo-aunque-espana-podria-perder-competitividad\/\"]}]},{\"@type\":\"ImageObject\",\"inLanguage\":\"es\",\"@id\":\"https:\/\/noti-america.com\/site\/espana\/2025\/04\/10\/el-aceite-de-oliva-ante-los-aranceles-de-trump-se-mantendra-el-consumo-aunque-espana-podria-perder-competitividad\/#primaryimage\",\"url\":\"https:\/\/noti-america.com\/site\/espana\/wp-content\/uploads\/sites\/25\/2025\/04\/descarga-5-1.jpeg\",\"contentUrl\":\"https:\/\/noti-america.com\/site\/espana\/wp-content\/uploads\/sites\/25\/2025\/04\/descarga-5-1.jpeg\",\"width\":1600,\"height\":900},{\"@type\":\"BreadcrumbList\",\"@id\":\"https:\/\/noti-america.com\/site\/espana\/2025\/04\/10\/el-aceite-de-oliva-ante-los-aranceles-de-trump-se-mantendra-el-consumo-aunque-espana-podria-perder-competitividad\/#breadcrumb\",\"itemListElement\":[{\"@type\":\"ListItem\",\"position\":1,\"name\":\"Portada\",\"item\":\"https:\/\/noti-america.com\/site\/espana\/\"},{\"@type\":\"ListItem\",\"position\":2,\"name\":\"El aceite de oliva, ante los aranceles de Trump: se mantendr\u00e1 el consumo, aunque Espa\u00f1a podr\u00eda perder competitividad\"}]},{\"@type\":\"WebSite\",\"@id\":\"https:\/\/noti-america.com\/site\/espana\/#website\",\"url\":\"https:\/\/noti-america.com\/site\/espana\/\",\"name\":\"Espa\u00f1a | Noti-America.com\",\"description\":\"\",\"publisher\":{\"@id\":\"https:\/\/noti-america.com\/site\/espana\/#organization\"},\"potentialAction\":[{\"@type\":\"SearchAction\",\"target\":{\"@type\":\"EntryPoint\",\"urlTemplate\":\"https:\/\/noti-america.com\/site\/espana\/?s={search_term_string}\"},\"query-input\":{\"@type\":\"PropertyValueSpecification\",\"valueRequired\":true,\"valueName\":\"search_term_string\"}}],\"inLanguage\":\"es\"},{\"@type\":\"Organization\",\"@id\":\"https:\/\/noti-america.com\/site\/espana\/#organization\",\"name\":\"Noti-America LLC | Espa\u00f1a\",\"url\":\"https:\/\/noti-america.com\/site\/espana\/\",\"logo\":{\"@type\":\"ImageObject\",\"inLanguage\":\"es\",\"@id\":\"https:\/\/noti-america.com\/site\/espana\/#\/schema\/logo\/image\/\",\"url\":\"https:\/\/noti-america.com\/site\/espana\/wp-content\/uploads\/sites\/25\/2020\/07\/LogoNA-4x3-1.jpg\",\"contentUrl\":\"https:\/\/noti-america.com\/site\/espana\/wp-content\/uploads\/sites\/25\/2020\/07\/LogoNA-4x3-1.jpg\",\"width\":1236,\"height\":1080,\"caption\":\"Noti-America LLC | Espa\u00f1a\"},\"image\":{\"@id\":\"https:\/\/noti-america.com\/site\/espana\/#\/schema\/logo\/image\/\"},\"sameAs\":[\"https:\/\/x.com\/notiamerica\"]},{\"@type\":\"Person\",\"@id\":\"https:\/\/noti-america.com\/site\/espana\/#\/schema\/person\/22806efcc2cfc4b45efb0e17be210ea8\",\"name\":\"Maria Valentina Noguera Medina\",\"image\":{\"@type\":\"ImageObject\",\"inLanguage\":\"es\",\"@id\":\"https:\/\/secure.gravatar.com\/avatar\/4ec5eb9d099f2608a49c9df6f7341f66f04f819cdffa09d56a7a0e91d2819d56?s=96&d=mm&r=g\",\"url\":\"https:\/\/secure.gravatar.com\/avatar\/4ec5eb9d099f2608a49c9df6f7341f66f04f819cdffa09d56a7a0e91d2819d56?s=96&d=mm&r=g\",\"contentUrl\":\"https:\/\/secure.gravatar.com\/avatar\/4ec5eb9d099f2608a49c9df6f7341f66f04f819cdffa09d56a7a0e91d2819d56?s=96&d=mm&r=g\",\"caption\":\"Maria Valentina Noguera Medina\"},\"description\":\"Periodista - noti-america - Promar Community Manager - Talento Plus Dise\u00f1adora\/ creadora de contenido...\",\"sameAs\":[\"Mar\u00eda Valentina Noguera\",\"https:\/\/www.facebook.com\/mariavalentina.noguera\",\"https:\/\/www.linkedin.com\/in\/mara-valentina-noguera-medina-373075165\/\",\"https:\/\/www.pinterest.es\/valentinanoguera95\/\",\"https:\/\/www.youtube.com\/channel\/UCdek6mbUZ-Tqqw0I63i4nmQ\"],\"url\":\"https:\/\/noti-america.com\/site\/espana\/author\/mnoguera\/\"}]}<\/script>\n<!-- \/ Yoast SEO Premium plugin. -->","yoast_head_json":{"title":"El aceite de oliva, ante los aranceles de Trump: se mantendr\u00e1 el consumo, aunque Espa\u00f1a podr\u00eda perder competitividad - Espa\u00f1a | Noti-America.com","robots":{"index":"index","follow":"follow","max-snippet":"max-snippet:-1","max-image-preview":"max-image-preview:large","max-video-preview":"max-video-preview:-1"},"canonical":"https:\/\/noti-america.com\/site\/espana\/2025\/04\/10\/el-aceite-de-oliva-ante-los-aranceles-de-trump-se-mantendra-el-consumo-aunque-espana-podria-perder-competitividad\/","og_locale":"es_ES","og_type":"article","og_title":"El aceite de oliva, ante los aranceles de Trump: se mantendr\u00e1 el consumo, aunque Espa\u00f1a podr\u00eda perder competitividad","og_description":"NOTI-AMERICA.COM | ESPA\u00d1A La guerra comercial iniciada por el presidente de Estados Unidos, Donald Trump, tiene como uno de los principales perjudicados (con el permiso de China) a la Uni\u00f3n Europea, a la que&#46;&#46;&#46;","og_url":"https:\/\/noti-america.com\/site\/espana\/2025\/04\/10\/el-aceite-de-oliva-ante-los-aranceles-de-trump-se-mantendra-el-consumo-aunque-espana-podria-perder-competitividad\/","og_site_name":"Espa\u00f1a | Noti-America.com","article_author":"Mar\u00eda Valentina Noguera","article_published_time":"2025-04-10T14:49:44+00:00","og_image":[{"width":1600,"height":900,"url":"https:\/\/noti-america.com\/site\/espana\/wp-content\/uploads\/sites\/25\/2025\/04\/descarga-5-1.jpeg","type":"image\/jpeg"}],"author":"Maria Valentina Noguera Medina","twitter_card":"summary_large_image","twitter_creator":"@notiamerica","twitter_site":"@notiamerica","twitter_misc":{"Escrito por":"Maria Valentina Noguera Medina","Tiempo estimado de lectura":"2 minutos"},"schema":{"@context":"https:\/\/schema.org","@graph":[{"@type":"Article","@id":"https:\/\/noti-america.com\/site\/espana\/2025\/04\/10\/el-aceite-de-oliva-ante-los-aranceles-de-trump-se-mantendra-el-consumo-aunque-espana-podria-perder-competitividad\/#article","isPartOf":{"@id":"https:\/\/noti-america.com\/site\/espana\/2025\/04\/10\/el-aceite-de-oliva-ante-los-aranceles-de-trump-se-mantendra-el-consumo-aunque-espana-podria-perder-competitividad\/"},"author":{"name":"Maria Valentina Noguera Medina","@id":"https:\/\/noti-america.com\/site\/espana\/#\/schema\/person\/22806efcc2cfc4b45efb0e17be210ea8"},"headline":"El aceite de oliva, ante los aranceles de Trump: se mantendr\u00e1 el consumo, aunque Espa\u00f1a podr\u00eda perder competitividad","datePublished":"2025-04-10T14:49:44+00:00","mainEntityOfPage":{"@id":"https:\/\/noti-america.com\/site\/espana\/2025\/04\/10\/el-aceite-de-oliva-ante-los-aranceles-de-trump-se-mantendra-el-consumo-aunque-espana-podria-perder-competitividad\/"},"wordCount":399,"commentCount":0,"publisher":{"@id":"https:\/\/noti-america.com\/site\/espana\/#organization"},"image":{"@id":"https:\/\/noti-america.com\/site\/espana\/2025\/04\/10\/el-aceite-de-oliva-ante-los-aranceles-de-trump-se-mantendra-el-consumo-aunque-espana-podria-perder-competitividad\/#primaryimage"},"thumbnailUrl":"https:\/\/noti-america.com\/site\/espana\/wp-content\/uploads\/sites\/25\/2025\/04\/descarga-5-1.jpeg","articleSection":["Econom\u00eda"],"inLanguage":"es","potentialAction":[{"@type":"CommentAction","name":"Comment","target":["https:\/\/noti-america.com\/site\/espana\/2025\/04\/10\/el-aceite-de-oliva-ante-los-aranceles-de-trump-se-mantendra-el-consumo-aunque-espana-podria-perder-competitividad\/#respond"]}]},{"@type":"WebPage","@id":"https:\/\/noti-america.com\/site\/espana\/2025\/04\/10\/el-aceite-de-oliva-ante-los-aranceles-de-trump-se-mantendra-el-consumo-aunque-espana-podria-perder-competitividad\/","url":"https:\/\/noti-america.com\/site\/espana\/2025\/04\/10\/el-aceite-de-oliva-ante-los-aranceles-de-trump-se-mantendra-el-consumo-aunque-espana-podria-perder-competitividad\/","name":"El aceite de oliva, ante los aranceles de Trump: se mantendr\u00e1 el consumo, aunque Espa\u00f1a podr\u00eda perder competitividad - Espa\u00f1a | Noti-America.com","isPartOf":{"@id":"https:\/\/noti-america.com\/site\/espana\/#website"},"primaryImageOfPage":{"@id":"https:\/\/noti-america.com\/site\/espana\/2025\/04\/10\/el-aceite-de-oliva-ante-los-aranceles-de-trump-se-mantendra-el-consumo-aunque-espana-podria-perder-competitividad\/#primaryimage"},"image":{"@id":"https:\/\/noti-america.com\/site\/espana\/2025\/04\/10\/el-aceite-de-oliva-ante-los-aranceles-de-trump-se-mantendra-el-consumo-aunque-espana-podria-perder-competitividad\/#primaryimage"},"thumbnailUrl":"https:\/\/noti-america.com\/site\/espana\/wp-content\/uploads\/sites\/25\/2025\/04\/descarga-5-1.jpeg","datePublished":"2025-04-10T14:49:44+00:00","breadcrumb":{"@id":"https:\/\/noti-america.com\/site\/espana\/2025\/04\/10\/el-aceite-de-oliva-ante-los-aranceles-de-trump-se-mantendra-el-consumo-aunque-espana-podria-perder-competitividad\/#breadcrumb"},"inLanguage":"es","potentialAction":[{"@type":"ReadAction","target":["https:\/\/noti-america.com\/site\/espana\/2025\/04\/10\/el-aceite-de-oliva-ante-los-aranceles-de-trump-se-mantendra-el-consumo-aunque-espana-podria-perder-competitividad\/"]}]},{"@type":"ImageObject","inLanguage":"es","@id":"https:\/\/noti-america.com\/site\/espana\/2025\/04\/10\/el-aceite-de-oliva-ante-los-aranceles-de-trump-se-mantendra-el-consumo-aunque-espana-podria-perder-competitividad\/#primaryimage","url":"https:\/\/noti-america.com\/site\/espana\/wp-content\/uploads\/sites\/25\/2025\/04\/descarga-5-1.jpeg","contentUrl":"https:\/\/noti-america.com\/site\/espana\/wp-content\/uploads\/sites\/25\/2025\/04\/descarga-5-1.jpeg","width":1600,"height":900},{"@type":"BreadcrumbList","@id":"https:\/\/noti-america.com\/site\/espana\/2025\/04\/10\/el-aceite-de-oliva-ante-los-aranceles-de-trump-se-mantendra-el-consumo-aunque-espana-podria-perder-competitividad\/#breadcrumb","itemListElement":[{"@type":"ListItem","position":1,"name":"Portada","item":"https:\/\/noti-america.com\/site\/espana\/"},{"@type":"ListItem","position":2,"name":"El aceite de oliva, ante los aranceles de Trump: se mantendr\u00e1 el consumo, aunque Espa\u00f1a podr\u00eda perder competitividad"}]},{"@type":"WebSite","@id":"https:\/\/noti-america.com\/site\/espana\/#website","url":"https:\/\/noti-america.com\/site\/espana\/","name":"Espa\u00f1a | Noti-America.com","description":"","publisher":{"@id":"https:\/\/noti-america.com\/site\/espana\/#organization"},"potentialAction":[{"@type":"SearchAction","target":{"@type":"EntryPoint","urlTemplate":"https:\/\/noti-america.com\/site\/espana\/?s={search_term_string}"},"query-input":{"@type":"PropertyValueSpecification","valueRequired":true,"valueName":"search_term_string"}}],"inLanguage":"es"},{"@type":"Organization","@id":"https:\/\/noti-america.com\/site\/espana\/#organization","name":"Noti-America LLC | Espa\u00f1a","url":"https:\/\/noti-america.com\/site\/espana\/","logo":{"@type":"ImageObject","inLanguage":"es","@id":"https:\/\/noti-america.com\/site\/espana\/#\/schema\/logo\/image\/","url":"https:\/\/noti-america.com\/site\/espana\/wp-content\/uploads\/sites\/25\/2020\/07\/LogoNA-4x3-1.jpg","contentUrl":"https:\/\/noti-america.com\/site\/espana\/wp-content\/uploads\/sites\/25\/2020\/07\/LogoNA-4x3-1.jpg","width":1236,"height":1080,"caption":"Noti-America LLC | Espa\u00f1a"},"image":{"@id":"https:\/\/noti-america.com\/site\/espana\/#\/schema\/logo\/image\/"},"sameAs":["https:\/\/x.com\/notiamerica"]},{"@type":"Person","@id":"https:\/\/noti-america.com\/site\/espana\/#\/schema\/person\/22806efcc2cfc4b45efb0e17be210ea8","name":"Maria Valentina Noguera Medina","image":{"@type":"ImageObject","inLanguage":"es","@id":"https:\/\/secure.gravatar.com\/avatar\/4ec5eb9d099f2608a49c9df6f7341f66f04f819cdffa09d56a7a0e91d2819d56?s=96&d=mm&r=g","url":"https:\/\/secure.gravatar.com\/avatar\/4ec5eb9d099f2608a49c9df6f7341f66f04f819cdffa09d56a7a0e91d2819d56?s=96&d=mm&r=g","contentUrl":"https:\/\/secure.gravatar.com\/avatar\/4ec5eb9d099f2608a49c9df6f7341f66f04f819cdffa09d56a7a0e91d2819d56?s=96&d=mm&r=g","caption":"Maria Valentina Noguera Medina"},"description":"Periodista - noti-america - Promar Community Manager - Talento Plus Dise\u00f1adora\/ creadora de contenido...","sameAs":["Mar\u00eda Valentina Noguera","https:\/\/www.facebook.com\/mariavalentina.noguera","https:\/\/www.linkedin.com\/in\/mara-valentina-noguera-medina-373075165\/","https:\/\/www.pinterest.es\/valentinanoguera95\/","https:\/\/www.youtube.com\/channel\/UCdek6mbUZ-Tqqw0I63i4nmQ"],"url":"https:\/\/noti-america.com\/site\/espana\/author\/mnoguera\/"}]}},"_links":{"self":[{"href":"https:\/\/noti-america.com\/site\/espana\/wp-json\/wp\/v2\/posts\/11846","targetHints":{"allow":["GET"]}}],"collection":[{"href":"https:\/\/noti-america.com\/site\/espana\/wp-json\/wp\/v2\/posts"}],"about":[{"href":"https:\/\/noti-america.com\/site\/espana\/wp-json\/wp\/v2\/types\/post"}],"author":[{"embeddable":true,"href":"https:\/\/noti-america.com\/site\/espana\/wp-json\/wp\/v2\/users\/133"}],"replies":[{"embeddable":true,"href":"https:\/\/noti-america.com\/site\/espana\/wp-json\/wp\/v2\/comments?post=11846"}],"version-history":[{"count":1,"href":"https:\/\/noti-america.com\/site\/espana\/wp-json\/wp\/v2\/posts\/11846\/revisions"}],"predecessor-version":[{"id":11848,"href":"https:\/\/noti-america.com\/site\/espana\/wp-json\/wp\/v2\/posts\/11846\/revisions\/11848"}],"wp:featuredmedia":[{"embeddable":true,"href":"https:\/\/noti-america.com\/site\/espana\/wp-json\/wp\/v2\/media\/11847"}],"wp:attachment":[{"href":"https:\/\/noti-america.com\/site\/espana\/wp-json\/wp\/v2\/media?parent=11846"}],"wp:term":[{"taxonomy":"category","embeddable":true,"href":"https:\/\/noti-america.com\/site\/espana\/wp-json\/wp\/v2\/categories?post=11846"},{"taxonomy":"post_tag","embeddable":true,"href":"https:\/\/noti-america.com\/site\/espana\/wp-json\/wp\/v2\/tags?post=11846"}],"curies":[{"name":"wp","href":"https:\/\/api.w.org\/{rel}","templated":true}]}}