{"id":9956,"date":"2020-07-31T21:19:02","date_gmt":"2020-07-31T21:19:02","guid":{"rendered":"https:\/\/noti-america.com\/site\/ecuador\/?p=9956"},"modified":"2020-07-31T21:19:02","modified_gmt":"2020-07-31T21:19:02","slug":"corte-de-ee-uu-nego-demanda-para-interrumpir-renegociacion-de-deuda-ecuatoriana","status":"publish","type":"post","link":"https:\/\/noti-america.com\/site\/ecuador\/2020\/07\/31\/corte-de-ee-uu-nego-demanda-para-interrumpir-renegociacion-de-deuda-ecuatoriana\/","title":{"rendered":"Corte de EE.UU. neg\u00f3 demanda para interrumpir renegociaci\u00f3n de deuda ecuatoriana"},"content":{"rendered":"<p><strong>REDACCI\u00d3N NOTI-AM\u00c9RICA (ECUADOR).<\/strong><\/p>\n<p style=\"text-align: justify\"><img loading=\"lazy\" decoding=\"async\" class=\"wp-image-9957 aligncenter\" src=\"https:\/\/noti-america.com\/site\/ecuador\/wp-content\/uploads\/sites\/18\/2020\/07\/images-1.jpg\" alt=\"\" width=\"495\" height=\"277\" \/><\/p>\n<p style=\"text-align: justify\">Una Corte de Nueva York, Estados Unidos, neg\u00f3 la demanda que presentaron dos firmas de inversi\u00f3n en contra del Gobierno ecuatoriano en el marco del proceso de renegociaci\u00f3n de la deuda externa, seg\u00fan lo dio a conocer el exfuncionario del Banco Mundial y actual asesor econ\u00f3mico del Gobierno, Augusto de la Torre.<\/p>\n<p style=\"text-align: justify\">Los demandantes, Contrarian Capital Management LLC y GMO LLC, presentaron hoy una ampliaci\u00f3n de argumentos ante la jueza de esta Corte, Valerie Caproni, que los neg\u00f3. El pasado 29 de julio de 2020, estas consultoras decidieron plantear un juicio en contra del citado R\u00e9gimen, alegando que el proceso renegociador es \u00abcoercitivo en extremo\u00bb.<\/p>\n<p style=\"text-align: justify\">En la demanda, se\u00f1alan que Ecuador \u201chizo declaraciones falsas y enga\u00f1osas de hechos materiales y omiti\u00f3 hechos materiales\u201d. Ante ello, el Ministerio de Finanzas ecuatoriano decidi\u00f3 extender el plazo de votaci\u00f3n para que los acreedores decidan sobre la propuesta de reestructuraci\u00f3n. Inicialmente la votaci\u00f3n estaba prevista para hoy, 31 de julio, pero la fecha se ampli\u00f3 hasta el lunes 3 de agosto. Los dos fondos hab\u00edan pedido a la Corte detener el proceso de renegociaci\u00f3n y que se instaure una audiencia para que el juez escuche los argumentos de los demandantes y para que los acreedores que han aceptado ya la oferta del Ecuador, la puedan retirar si lo desean.<\/p>\n<p style=\"text-align: justify\">Los fondos de inversi\u00f3n representan alrededor del 3% de los $ 17.375 millones de deuda que el Gobierno pretende reestructurar. Ecuador ya cuenta con el 53% de aprobaci\u00f3n de los acreedores. Para que la renegociaci\u00f3n se concrete se requiere el 66% de aprobaci\u00f3n de los tenedores.<\/p>\n<p style=\"text-align: justify\">De la Torre explic\u00f3 que por ahora \u00ablos vientos soplan a favor del acuerdo\u00bb de renegociaci\u00f3n y este lunes 3 de agosto se podr\u00eda conocer esta buena noticia para el pa\u00eds.<\/p>\n","protected":false},"excerpt":{"rendered":"<p>REDACCI\u00d3N NOTI-AM\u00c9RICA (ECUADOR). Una Corte de Nueva York, Estados Unidos, neg\u00f3 la demanda que presentaron dos firmas de inversi\u00f3n en contra del Gobierno ecuatoriano en el marco del proceso de renegociaci\u00f3n de la deuda&#46;&#46;&#46;<\/p>\n","protected":false},"author":81,"featured_media":9957,"comment_status":"open","ping_status":"open","sticky":false,"template":"","format":"standard","meta":{"_acf_changed":false,"om_disable_all_campaigns":false,"rop_custom_images_group":[],"rop_custom_messages_group":[],"rop_publish_now":"initial","rop_publish_now_accounts":{"twitter_242054905_242054905":""},"rop_publish_now_history":[],"rop_publish_now_status":"pending","_uf_show_specific_survey":0,"_uf_disable_surveys":false,"footnotes":""},"categories":[5,42],"tags":[],"class_list":["post-9956","post","type-post","status-publish","format-standard","has-post-thumbnail","hentry","category-economia","category-noticias"],"acf":[],"aioseo_notices":[],"yoast_head":"<!-- This site is optimized with the Yoast SEO Premium plugin v24.9 (Yoast SEO v27.2) - https:\/\/yoast.com\/product\/yoast-seo-premium-wordpress\/ -->\n<title>Corte de EE.UU. neg\u00f3 demanda para interrumpir renegociaci\u00f3n de deuda ecuatoriana - Ecuador | Noti-America.com<\/title>\n<meta name=\"robots\" content=\"index, follow, max-snippet:-1, max-image-preview:large, max-video-preview:-1\" \/>\n<link rel=\"canonical\" href=\"https:\/\/noti-america.com\/site\/ecuador\/2020\/07\/31\/corte-de-ee-uu-nego-demanda-para-interrumpir-renegociacion-de-deuda-ecuatoriana\/\" \/>\n<meta property=\"og:locale\" content=\"es_ES\" \/>\n<meta property=\"og:type\" content=\"article\" \/>\n<meta property=\"og:title\" content=\"Corte de EE.UU. neg\u00f3 demanda para interrumpir renegociaci\u00f3n de deuda ecuatoriana\" \/>\n<meta property=\"og:description\" content=\"REDACCI\u00d3N NOTI-AM\u00c9RICA (ECUADOR). Una Corte de Nueva York, Estados Unidos, neg\u00f3 la demanda que presentaron dos firmas de inversi\u00f3n en contra del Gobierno ecuatoriano en el marco del proceso de renegociaci\u00f3n de la deuda&#046;&#046;&#046;\" \/>\n<meta property=\"og:url\" content=\"https:\/\/noti-america.com\/site\/ecuador\/2020\/07\/31\/corte-de-ee-uu-nego-demanda-para-interrumpir-renegociacion-de-deuda-ecuatoriana\/\" \/>\n<meta property=\"og:site_name\" content=\"Ecuador | Noti-America.com\" \/>\n<meta property=\"article:published_time\" content=\"2020-07-31T21:19:02+00:00\" \/>\n<meta property=\"og:image\" content=\"https:\/\/noti-america.com\/site\/ecuador\/wp-content\/uploads\/sites\/18\/2020\/07\/images-1.jpg\" \/>\n\t<meta property=\"og:image:width\" content=\"300\" \/>\n\t<meta property=\"og:image:height\" content=\"168\" \/>\n\t<meta property=\"og:image:type\" content=\"image\/jpeg\" \/>\n<meta name=\"author\" content=\"Boris Moyano\" \/>\n<meta name=\"twitter:card\" content=\"summary_large_image\" \/>\n<meta name=\"twitter:creator\" content=\"@notiamerica\" \/>\n<meta name=\"twitter:site\" content=\"@notiamerica\" \/>\n<meta name=\"twitter:label1\" content=\"Escrito por\" \/>\n\t<meta name=\"twitter:data1\" content=\"Boris Moyano\" \/>\n\t<meta name=\"twitter:label2\" content=\"Tiempo estimado de lectura\" \/>\n\t<meta name=\"twitter:data2\" content=\"2 minutos\" \/>\n<script type=\"application\/ld+json\" class=\"yoast-schema-graph\">{\"@context\":\"https:\/\/schema.org\",\"@graph\":[{\"@type\":\"Article\",\"@id\":\"https:\/\/noti-america.com\/site\/ecuador\/2020\/07\/31\/corte-de-ee-uu-nego-demanda-para-interrumpir-renegociacion-de-deuda-ecuatoriana\/#article\",\"isPartOf\":{\"@id\":\"https:\/\/noti-america.com\/site\/ecuador\/2020\/07\/31\/corte-de-ee-uu-nego-demanda-para-interrumpir-renegociacion-de-deuda-ecuatoriana\/\"},\"author\":{\"name\":\"Boris Moyano\",\"@id\":\"https:\/\/noti-america.com\/site\/ecuador\/#\/schema\/person\/063740b70e1baad7ce400b3b8bd8b8e3\"},\"headline\":\"Corte de EE.UU. neg\u00f3 demanda para interrumpir renegociaci\u00f3n de deuda ecuatoriana\",\"datePublished\":\"2020-07-31T21:19:02+00:00\",\"mainEntityOfPage\":{\"@id\":\"https:\/\/noti-america.com\/site\/ecuador\/2020\/07\/31\/corte-de-ee-uu-nego-demanda-para-interrumpir-renegociacion-de-deuda-ecuatoriana\/\"},\"wordCount\":320,\"commentCount\":0,\"publisher\":{\"@id\":\"https:\/\/noti-america.com\/site\/ecuador\/#organization\"},\"image\":{\"@id\":\"https:\/\/noti-america.com\/site\/ecuador\/2020\/07\/31\/corte-de-ee-uu-nego-demanda-para-interrumpir-renegociacion-de-deuda-ecuatoriana\/#primaryimage\"},\"thumbnailUrl\":\"https:\/\/noti-america.com\/site\/ecuador\/wp-content\/uploads\/sites\/18\/2020\/07\/images-1.jpg\",\"articleSection\":[\"Econom\u00eda\",\"Noticias\"],\"inLanguage\":\"es\",\"potentialAction\":[{\"@type\":\"CommentAction\",\"name\":\"Comment\",\"target\":[\"https:\/\/noti-america.com\/site\/ecuador\/2020\/07\/31\/corte-de-ee-uu-nego-demanda-para-interrumpir-renegociacion-de-deuda-ecuatoriana\/#respond\"]}]},{\"@type\":\"WebPage\",\"@id\":\"https:\/\/noti-america.com\/site\/ecuador\/2020\/07\/31\/corte-de-ee-uu-nego-demanda-para-interrumpir-renegociacion-de-deuda-ecuatoriana\/\",\"url\":\"https:\/\/noti-america.com\/site\/ecuador\/2020\/07\/31\/corte-de-ee-uu-nego-demanda-para-interrumpir-renegociacion-de-deuda-ecuatoriana\/\",\"name\":\"Corte de EE.UU. neg\u00f3 demanda para interrumpir renegociaci\u00f3n de deuda ecuatoriana - Ecuador | Noti-America.com\",\"isPartOf\":{\"@id\":\"https:\/\/noti-america.com\/site\/ecuador\/#website\"},\"primaryImageOfPage\":{\"@id\":\"https:\/\/noti-america.com\/site\/ecuador\/2020\/07\/31\/corte-de-ee-uu-nego-demanda-para-interrumpir-renegociacion-de-deuda-ecuatoriana\/#primaryimage\"},\"image\":{\"@id\":\"https:\/\/noti-america.com\/site\/ecuador\/2020\/07\/31\/corte-de-ee-uu-nego-demanda-para-interrumpir-renegociacion-de-deuda-ecuatoriana\/#primaryimage\"},\"thumbnailUrl\":\"https:\/\/noti-america.com\/site\/ecuador\/wp-content\/uploads\/sites\/18\/2020\/07\/images-1.jpg\",\"datePublished\":\"2020-07-31T21:19:02+00:00\",\"breadcrumb\":{\"@id\":\"https:\/\/noti-america.com\/site\/ecuador\/2020\/07\/31\/corte-de-ee-uu-nego-demanda-para-interrumpir-renegociacion-de-deuda-ecuatoriana\/#breadcrumb\"},\"inLanguage\":\"es\",\"potentialAction\":[{\"@type\":\"ReadAction\",\"target\":[\"https:\/\/noti-america.com\/site\/ecuador\/2020\/07\/31\/corte-de-ee-uu-nego-demanda-para-interrumpir-renegociacion-de-deuda-ecuatoriana\/\"]}]},{\"@type\":\"ImageObject\",\"inLanguage\":\"es\",\"@id\":\"https:\/\/noti-america.com\/site\/ecuador\/2020\/07\/31\/corte-de-ee-uu-nego-demanda-para-interrumpir-renegociacion-de-deuda-ecuatoriana\/#primaryimage\",\"url\":\"https:\/\/noti-america.com\/site\/ecuador\/wp-content\/uploads\/sites\/18\/2020\/07\/images-1.jpg\",\"contentUrl\":\"https:\/\/noti-america.com\/site\/ecuador\/wp-content\/uploads\/sites\/18\/2020\/07\/images-1.jpg\",\"width\":300,\"height\":168},{\"@type\":\"BreadcrumbList\",\"@id\":\"https:\/\/noti-america.com\/site\/ecuador\/2020\/07\/31\/corte-de-ee-uu-nego-demanda-para-interrumpir-renegociacion-de-deuda-ecuatoriana\/#breadcrumb\",\"itemListElement\":[{\"@type\":\"ListItem\",\"position\":1,\"name\":\"Portada\",\"item\":\"https:\/\/noti-america.com\/site\/ecuador\/\"},{\"@type\":\"ListItem\",\"position\":2,\"name\":\"Corte de EE.UU. neg\u00f3 demanda para interrumpir renegociaci\u00f3n de deuda ecuatoriana\"}]},{\"@type\":\"WebSite\",\"@id\":\"https:\/\/noti-america.com\/site\/ecuador\/#website\",\"url\":\"https:\/\/noti-america.com\/site\/ecuador\/\",\"name\":\"Ecuador | Noti-America.com\",\"description\":\"\",\"publisher\":{\"@id\":\"https:\/\/noti-america.com\/site\/ecuador\/#organization\"},\"potentialAction\":[{\"@type\":\"SearchAction\",\"target\":{\"@type\":\"EntryPoint\",\"urlTemplate\":\"https:\/\/noti-america.com\/site\/ecuador\/?s={search_term_string}\"},\"query-input\":{\"@type\":\"PropertyValueSpecification\",\"valueRequired\":true,\"valueName\":\"search_term_string\"}}],\"inLanguage\":\"es\"},{\"@type\":\"Organization\",\"@id\":\"https:\/\/noti-america.com\/site\/ecuador\/#organization\",\"name\":\"Noti-America LLC | Ecuador\",\"url\":\"https:\/\/noti-america.com\/site\/ecuador\/\",\"logo\":{\"@type\":\"ImageObject\",\"inLanguage\":\"es\",\"@id\":\"https:\/\/noti-america.com\/site\/ecuador\/#\/schema\/logo\/image\/\",\"url\":\"https:\/\/noti-america.com\/site\/ecuador\/wp-content\/uploads\/sites\/18\/2020\/07\/LogoNA-4x3-1.jpg\",\"contentUrl\":\"https:\/\/noti-america.com\/site\/ecuador\/wp-content\/uploads\/sites\/18\/2020\/07\/LogoNA-4x3-1.jpg\",\"width\":1236,\"height\":1080,\"caption\":\"Noti-America LLC | Ecuador\"},\"image\":{\"@id\":\"https:\/\/noti-america.com\/site\/ecuador\/#\/schema\/logo\/image\/\"},\"sameAs\":[\"https:\/\/x.com\/notiamerica\"]},{\"@type\":\"Person\",\"@id\":\"https:\/\/noti-america.com\/site\/ecuador\/#\/schema\/person\/063740b70e1baad7ce400b3b8bd8b8e3\",\"name\":\"Boris Moyano\",\"image\":{\"@type\":\"ImageObject\",\"inLanguage\":\"es\",\"@id\":\"https:\/\/secure.gravatar.com\/avatar\/1635fd8d206bae736e855dfe91602736d1ea92af1a7f3fa7f62c848f245a1404?s=96&d=mm&r=g\",\"url\":\"https:\/\/secure.gravatar.com\/avatar\/1635fd8d206bae736e855dfe91602736d1ea92af1a7f3fa7f62c848f245a1404?s=96&d=mm&r=g\",\"contentUrl\":\"https:\/\/secure.gravatar.com\/avatar\/1635fd8d206bae736e855dfe91602736d1ea92af1a7f3fa7f62c848f245a1404?s=96&d=mm&r=g\",\"caption\":\"Boris Moyano\"},\"url\":\"https:\/\/noti-america.com\/site\/ecuador\/author\/bmoyano\/\"}]}<\/script>\n<!-- \/ Yoast SEO Premium plugin. -->","yoast_head_json":{"title":"Corte de EE.UU. neg\u00f3 demanda para interrumpir renegociaci\u00f3n de deuda ecuatoriana - Ecuador | Noti-America.com","robots":{"index":"index","follow":"follow","max-snippet":"max-snippet:-1","max-image-preview":"max-image-preview:large","max-video-preview":"max-video-preview:-1"},"canonical":"https:\/\/noti-america.com\/site\/ecuador\/2020\/07\/31\/corte-de-ee-uu-nego-demanda-para-interrumpir-renegociacion-de-deuda-ecuatoriana\/","og_locale":"es_ES","og_type":"article","og_title":"Corte de EE.UU. neg\u00f3 demanda para interrumpir renegociaci\u00f3n de deuda ecuatoriana","og_description":"REDACCI\u00d3N NOTI-AM\u00c9RICA (ECUADOR). Una Corte de Nueva York, Estados Unidos, neg\u00f3 la demanda que presentaron dos firmas de inversi\u00f3n en contra del Gobierno ecuatoriano en el marco del proceso de renegociaci\u00f3n de la deuda&#46;&#46;&#46;","og_url":"https:\/\/noti-america.com\/site\/ecuador\/2020\/07\/31\/corte-de-ee-uu-nego-demanda-para-interrumpir-renegociacion-de-deuda-ecuatoriana\/","og_site_name":"Ecuador | Noti-America.com","article_published_time":"2020-07-31T21:19:02+00:00","og_image":[{"width":300,"height":168,"url":"https:\/\/noti-america.com\/site\/ecuador\/wp-content\/uploads\/sites\/18\/2020\/07\/images-1.jpg","type":"image\/jpeg"}],"author":"Boris Moyano","twitter_card":"summary_large_image","twitter_creator":"@notiamerica","twitter_site":"@notiamerica","twitter_misc":{"Escrito por":"Boris Moyano","Tiempo estimado de lectura":"2 minutos"},"schema":{"@context":"https:\/\/schema.org","@graph":[{"@type":"Article","@id":"https:\/\/noti-america.com\/site\/ecuador\/2020\/07\/31\/corte-de-ee-uu-nego-demanda-para-interrumpir-renegociacion-de-deuda-ecuatoriana\/#article","isPartOf":{"@id":"https:\/\/noti-america.com\/site\/ecuador\/2020\/07\/31\/corte-de-ee-uu-nego-demanda-para-interrumpir-renegociacion-de-deuda-ecuatoriana\/"},"author":{"name":"Boris Moyano","@id":"https:\/\/noti-america.com\/site\/ecuador\/#\/schema\/person\/063740b70e1baad7ce400b3b8bd8b8e3"},"headline":"Corte de EE.UU. neg\u00f3 demanda para interrumpir renegociaci\u00f3n de deuda ecuatoriana","datePublished":"2020-07-31T21:19:02+00:00","mainEntityOfPage":{"@id":"https:\/\/noti-america.com\/site\/ecuador\/2020\/07\/31\/corte-de-ee-uu-nego-demanda-para-interrumpir-renegociacion-de-deuda-ecuatoriana\/"},"wordCount":320,"commentCount":0,"publisher":{"@id":"https:\/\/noti-america.com\/site\/ecuador\/#organization"},"image":{"@id":"https:\/\/noti-america.com\/site\/ecuador\/2020\/07\/31\/corte-de-ee-uu-nego-demanda-para-interrumpir-renegociacion-de-deuda-ecuatoriana\/#primaryimage"},"thumbnailUrl":"https:\/\/noti-america.com\/site\/ecuador\/wp-content\/uploads\/sites\/18\/2020\/07\/images-1.jpg","articleSection":["Econom\u00eda","Noticias"],"inLanguage":"es","potentialAction":[{"@type":"CommentAction","name":"Comment","target":["https:\/\/noti-america.com\/site\/ecuador\/2020\/07\/31\/corte-de-ee-uu-nego-demanda-para-interrumpir-renegociacion-de-deuda-ecuatoriana\/#respond"]}]},{"@type":"WebPage","@id":"https:\/\/noti-america.com\/site\/ecuador\/2020\/07\/31\/corte-de-ee-uu-nego-demanda-para-interrumpir-renegociacion-de-deuda-ecuatoriana\/","url":"https:\/\/noti-america.com\/site\/ecuador\/2020\/07\/31\/corte-de-ee-uu-nego-demanda-para-interrumpir-renegociacion-de-deuda-ecuatoriana\/","name":"Corte de EE.UU. neg\u00f3 demanda para interrumpir renegociaci\u00f3n de deuda ecuatoriana - Ecuador | Noti-America.com","isPartOf":{"@id":"https:\/\/noti-america.com\/site\/ecuador\/#website"},"primaryImageOfPage":{"@id":"https:\/\/noti-america.com\/site\/ecuador\/2020\/07\/31\/corte-de-ee-uu-nego-demanda-para-interrumpir-renegociacion-de-deuda-ecuatoriana\/#primaryimage"},"image":{"@id":"https:\/\/noti-america.com\/site\/ecuador\/2020\/07\/31\/corte-de-ee-uu-nego-demanda-para-interrumpir-renegociacion-de-deuda-ecuatoriana\/#primaryimage"},"thumbnailUrl":"https:\/\/noti-america.com\/site\/ecuador\/wp-content\/uploads\/sites\/18\/2020\/07\/images-1.jpg","datePublished":"2020-07-31T21:19:02+00:00","breadcrumb":{"@id":"https:\/\/noti-america.com\/site\/ecuador\/2020\/07\/31\/corte-de-ee-uu-nego-demanda-para-interrumpir-renegociacion-de-deuda-ecuatoriana\/#breadcrumb"},"inLanguage":"es","potentialAction":[{"@type":"ReadAction","target":["https:\/\/noti-america.com\/site\/ecuador\/2020\/07\/31\/corte-de-ee-uu-nego-demanda-para-interrumpir-renegociacion-de-deuda-ecuatoriana\/"]}]},{"@type":"ImageObject","inLanguage":"es","@id":"https:\/\/noti-america.com\/site\/ecuador\/2020\/07\/31\/corte-de-ee-uu-nego-demanda-para-interrumpir-renegociacion-de-deuda-ecuatoriana\/#primaryimage","url":"https:\/\/noti-america.com\/site\/ecuador\/wp-content\/uploads\/sites\/18\/2020\/07\/images-1.jpg","contentUrl":"https:\/\/noti-america.com\/site\/ecuador\/wp-content\/uploads\/sites\/18\/2020\/07\/images-1.jpg","width":300,"height":168},{"@type":"BreadcrumbList","@id":"https:\/\/noti-america.com\/site\/ecuador\/2020\/07\/31\/corte-de-ee-uu-nego-demanda-para-interrumpir-renegociacion-de-deuda-ecuatoriana\/#breadcrumb","itemListElement":[{"@type":"ListItem","position":1,"name":"Portada","item":"https:\/\/noti-america.com\/site\/ecuador\/"},{"@type":"ListItem","position":2,"name":"Corte de EE.UU. neg\u00f3 demanda para interrumpir renegociaci\u00f3n de deuda ecuatoriana"}]},{"@type":"WebSite","@id":"https:\/\/noti-america.com\/site\/ecuador\/#website","url":"https:\/\/noti-america.com\/site\/ecuador\/","name":"Ecuador | Noti-America.com","description":"","publisher":{"@id":"https:\/\/noti-america.com\/site\/ecuador\/#organization"},"potentialAction":[{"@type":"SearchAction","target":{"@type":"EntryPoint","urlTemplate":"https:\/\/noti-america.com\/site\/ecuador\/?s={search_term_string}"},"query-input":{"@type":"PropertyValueSpecification","valueRequired":true,"valueName":"search_term_string"}}],"inLanguage":"es"},{"@type":"Organization","@id":"https:\/\/noti-america.com\/site\/ecuador\/#organization","name":"Noti-America LLC | Ecuador","url":"https:\/\/noti-america.com\/site\/ecuador\/","logo":{"@type":"ImageObject","inLanguage":"es","@id":"https:\/\/noti-america.com\/site\/ecuador\/#\/schema\/logo\/image\/","url":"https:\/\/noti-america.com\/site\/ecuador\/wp-content\/uploads\/sites\/18\/2020\/07\/LogoNA-4x3-1.jpg","contentUrl":"https:\/\/noti-america.com\/site\/ecuador\/wp-content\/uploads\/sites\/18\/2020\/07\/LogoNA-4x3-1.jpg","width":1236,"height":1080,"caption":"Noti-America LLC | Ecuador"},"image":{"@id":"https:\/\/noti-america.com\/site\/ecuador\/#\/schema\/logo\/image\/"},"sameAs":["https:\/\/x.com\/notiamerica"]},{"@type":"Person","@id":"https:\/\/noti-america.com\/site\/ecuador\/#\/schema\/person\/063740b70e1baad7ce400b3b8bd8b8e3","name":"Boris Moyano","image":{"@type":"ImageObject","inLanguage":"es","@id":"https:\/\/secure.gravatar.com\/avatar\/1635fd8d206bae736e855dfe91602736d1ea92af1a7f3fa7f62c848f245a1404?s=96&d=mm&r=g","url":"https:\/\/secure.gravatar.com\/avatar\/1635fd8d206bae736e855dfe91602736d1ea92af1a7f3fa7f62c848f245a1404?s=96&d=mm&r=g","contentUrl":"https:\/\/secure.gravatar.com\/avatar\/1635fd8d206bae736e855dfe91602736d1ea92af1a7f3fa7f62c848f245a1404?s=96&d=mm&r=g","caption":"Boris Moyano"},"url":"https:\/\/noti-america.com\/site\/ecuador\/author\/bmoyano\/"}]}},"_links":{"self":[{"href":"https:\/\/noti-america.com\/site\/ecuador\/wp-json\/wp\/v2\/posts\/9956","targetHints":{"allow":["GET"]}}],"collection":[{"href":"https:\/\/noti-america.com\/site\/ecuador\/wp-json\/wp\/v2\/posts"}],"about":[{"href":"https:\/\/noti-america.com\/site\/ecuador\/wp-json\/wp\/v2\/types\/post"}],"author":[{"embeddable":true,"href":"https:\/\/noti-america.com\/site\/ecuador\/wp-json\/wp\/v2\/users\/81"}],"replies":[{"embeddable":true,"href":"https:\/\/noti-america.com\/site\/ecuador\/wp-json\/wp\/v2\/comments?post=9956"}],"version-history":[{"count":1,"href":"https:\/\/noti-america.com\/site\/ecuador\/wp-json\/wp\/v2\/posts\/9956\/revisions"}],"predecessor-version":[{"id":9958,"href":"https:\/\/noti-america.com\/site\/ecuador\/wp-json\/wp\/v2\/posts\/9956\/revisions\/9958"}],"wp:featuredmedia":[{"embeddable":true,"href":"https:\/\/noti-america.com\/site\/ecuador\/wp-json\/wp\/v2\/media\/9957"}],"wp:attachment":[{"href":"https:\/\/noti-america.com\/site\/ecuador\/wp-json\/wp\/v2\/media?parent=9956"}],"wp:term":[{"taxonomy":"category","embeddable":true,"href":"https:\/\/noti-america.com\/site\/ecuador\/wp-json\/wp\/v2\/categories?post=9956"},{"taxonomy":"post_tag","embeddable":true,"href":"https:\/\/noti-america.com\/site\/ecuador\/wp-json\/wp\/v2\/tags?post=9956"}],"curies":[{"name":"wp","href":"https:\/\/api.w.org\/{rel}","templated":true}]}}