{"id":9855,"date":"2020-07-22T20:02:16","date_gmt":"2020-07-22T20:02:16","guid":{"rendered":"https:\/\/noti-america.com\/site\/ecuador\/?p=9855"},"modified":"2020-07-22T20:02:16","modified_gmt":"2020-07-22T20:02:16","slug":"irregularidades-en-entrega-de-carnes-de-discapacidad-genera-59-auditorias","status":"publish","type":"post","link":"https:\/\/noti-america.com\/site\/ecuador\/2020\/07\/22\/irregularidades-en-entrega-de-carnes-de-discapacidad-genera-59-auditorias\/","title":{"rendered":"Irregularidades en entrega de carn\u00e9s de discapacidad genera 59 auditor\u00edas"},"content":{"rendered":"<p><strong>REDACCI\u00d3N NOTI-AM\u00c9RICA (ECUADOR).<\/strong><\/p>\n<p><img loading=\"lazy\" decoding=\"async\" class=\"wp-image-9856 aligncenter\" src=\"https:\/\/noti-america.com\/site\/ecuador\/wp-content\/uploads\/sites\/18\/2020\/07\/Eb4VEvYXsAgN3sH-300x225.jpg\" alt=\"\" width=\"489\" height=\"367\" srcset=\"https:\/\/noti-america.com\/site\/ecuador\/wp-content\/uploads\/sites\/18\/2020\/07\/Eb4VEvYXsAgN3sH-300x225.jpg 300w, https:\/\/noti-america.com\/site\/ecuador\/wp-content\/uploads\/sites\/18\/2020\/07\/Eb4VEvYXsAgN3sH-1024x768.jpg 1024w, https:\/\/noti-america.com\/site\/ecuador\/wp-content\/uploads\/sites\/18\/2020\/07\/Eb4VEvYXsAgN3sH-768x576.jpg 768w, https:\/\/noti-america.com\/site\/ecuador\/wp-content\/uploads\/sites\/18\/2020\/07\/Eb4VEvYXsAgN3sH.jpg 1200w\" sizes=\"auto, (max-width: 489px) 100vw, 489px\" \/><\/p>\n<p style=\"text-align: justify\">La Contralor\u00eda General del Estado de Ecuador inform\u00f3 hoy que ejecuta 59 auditor\u00edas a nivel nacional sobre la presunta entrega irregular de carn\u00e9s a personas con discapacidad. Las entidades involucradas son: el Ministerio de Salud P\u00fablica (MSP), el Instituto Ecuatoriano de Seguridad Social (IESS) y el Servicio Nacional de Aduanas (Senae), seg\u00fan dijo el Contralor General del Estado, Pablo Celi, durante su comparecencia a la Comisi\u00f3n de Salud de la Asamblea Nacional.<\/p>\n<p style=\"text-align: justify\">Dio a conocer que, seg\u00fan los primeros resultados de los ex\u00e1menes especiales, se ha determinado que durante la emergencia sanitaria se emitieron 2.283 carn\u00e9s. Durante el mismo periodo, 78 personas con carn\u00e9 de discapacidad tramitaron la importaci\u00f3n de veh\u00edculos y esas operaciones son parte del examen, que tendr\u00e1 90 d\u00edas de duraci\u00f3n.<\/p>\n<p style=\"text-align: justify\">Celi indic\u00f3 que en 2019 se importaron 4.022 veh\u00edculos nuevos y 400 veh\u00edculos usados, lo que signific\u00f3 un increment\u00f3 en 172% de la importaci\u00f3n de veh\u00edculos nuevos y 150.3% la importaci\u00f3n de veh\u00edculos usados, con relaci\u00f3n al 2018.<\/p>\n<p style=\"text-align: justify\">Los asamble\u00edstas de la Comisi\u00f3n de Salud se comprometieron a desarrollar una reforma a la Ley de Discapacidades y tambi\u00e9n pidieron al funcionario que ampl\u00ede la auditor\u00eda al Servicio de Rentas Internas, a los 137 legisladores y otras autoridades.<\/p>\n","protected":false},"excerpt":{"rendered":"<p>REDACCI\u00d3N NOTI-AM\u00c9RICA (ECUADOR). La Contralor\u00eda General del Estado de Ecuador inform\u00f3 hoy que ejecuta 59 auditor\u00edas a nivel nacional sobre la presunta entrega irregular de carn\u00e9s a personas con discapacidad. Las entidades involucradas son:&#46;&#46;&#46;<\/p>\n","protected":false},"author":81,"featured_media":9856,"comment_status":"open","ping_status":"open","sticky":false,"template":"","format":"standard","meta":{"_acf_changed":false,"om_disable_all_campaigns":false,"rop_custom_images_group":[],"rop_custom_messages_group":[],"rop_publish_now":"initial","rop_publish_now_accounts":{"twitter_242054905_242054905":""},"rop_publish_now_history":[],"rop_publish_now_status":"pending","_uf_show_specific_survey":0,"_uf_disable_surveys":false,"footnotes":""},"categories":[42],"tags":[],"class_list":["post-9855","post","type-post","status-publish","format-standard","has-post-thumbnail","hentry","category-noticias"],"acf":[],"aioseo_notices":[],"yoast_head":"<!-- This site is optimized with the Yoast SEO Premium plugin v24.9 (Yoast SEO v27.2) - https:\/\/yoast.com\/product\/yoast-seo-premium-wordpress\/ -->\n<title>Irregularidades en entrega de carn\u00e9s de discapacidad genera 59 auditor\u00edas - Ecuador | Noti-America.com<\/title>\n<meta name=\"robots\" content=\"index, follow, max-snippet:-1, max-image-preview:large, max-video-preview:-1\" \/>\n<link rel=\"canonical\" href=\"https:\/\/noti-america.com\/site\/ecuador\/2020\/07\/22\/irregularidades-en-entrega-de-carnes-de-discapacidad-genera-59-auditorias\/\" \/>\n<meta property=\"og:locale\" content=\"es_ES\" \/>\n<meta property=\"og:type\" content=\"article\" \/>\n<meta property=\"og:title\" content=\"Irregularidades en entrega de carn\u00e9s de discapacidad genera 59 auditor\u00edas\" \/>\n<meta property=\"og:description\" content=\"REDACCI\u00d3N NOTI-AM\u00c9RICA (ECUADOR). La Contralor\u00eda General del Estado de Ecuador inform\u00f3 hoy que ejecuta 59 auditor\u00edas a nivel nacional sobre la presunta entrega irregular de carn\u00e9s a personas con discapacidad. Las entidades involucradas son:&#046;&#046;&#046;\" \/>\n<meta property=\"og:url\" content=\"https:\/\/noti-america.com\/site\/ecuador\/2020\/07\/22\/irregularidades-en-entrega-de-carnes-de-discapacidad-genera-59-auditorias\/\" \/>\n<meta property=\"og:site_name\" content=\"Ecuador | Noti-America.com\" \/>\n<meta property=\"article:published_time\" content=\"2020-07-22T20:02:16+00:00\" \/>\n<meta property=\"og:image\" content=\"https:\/\/noti-america.com\/site\/ecuador\/wp-content\/uploads\/sites\/18\/2020\/07\/Eb4VEvYXsAgN3sH.jpg\" \/>\n\t<meta property=\"og:image:width\" content=\"1200\" \/>\n\t<meta property=\"og:image:height\" content=\"900\" \/>\n\t<meta property=\"og:image:type\" content=\"image\/jpeg\" \/>\n<meta name=\"author\" content=\"Boris Moyano\" \/>\n<meta name=\"twitter:card\" content=\"summary_large_image\" \/>\n<meta name=\"twitter:creator\" content=\"@notiamerica\" \/>\n<meta name=\"twitter:site\" content=\"@notiamerica\" \/>\n<meta name=\"twitter:label1\" content=\"Escrito por\" \/>\n\t<meta name=\"twitter:data1\" content=\"Boris Moyano\" \/>\n\t<meta name=\"twitter:label2\" content=\"Tiempo estimado de lectura\" \/>\n\t<meta name=\"twitter:data2\" content=\"1 minuto\" \/>\n<script type=\"application\/ld+json\" class=\"yoast-schema-graph\">{\"@context\":\"https:\/\/schema.org\",\"@graph\":[{\"@type\":\"Article\",\"@id\":\"https:\/\/noti-america.com\/site\/ecuador\/2020\/07\/22\/irregularidades-en-entrega-de-carnes-de-discapacidad-genera-59-auditorias\/#article\",\"isPartOf\":{\"@id\":\"https:\/\/noti-america.com\/site\/ecuador\/2020\/07\/22\/irregularidades-en-entrega-de-carnes-de-discapacidad-genera-59-auditorias\/\"},\"author\":{\"name\":\"Boris Moyano\",\"@id\":\"https:\/\/noti-america.com\/site\/ecuador\/#\/schema\/person\/063740b70e1baad7ce400b3b8bd8b8e3\"},\"headline\":\"Irregularidades en entrega de carn\u00e9s de discapacidad genera 59 auditor\u00edas\",\"datePublished\":\"2020-07-22T20:02:16+00:00\",\"mainEntityOfPage\":{\"@id\":\"https:\/\/noti-america.com\/site\/ecuador\/2020\/07\/22\/irregularidades-en-entrega-de-carnes-de-discapacidad-genera-59-auditorias\/\"},\"wordCount\":231,\"commentCount\":0,\"publisher\":{\"@id\":\"https:\/\/noti-america.com\/site\/ecuador\/#organization\"},\"image\":{\"@id\":\"https:\/\/noti-america.com\/site\/ecuador\/2020\/07\/22\/irregularidades-en-entrega-de-carnes-de-discapacidad-genera-59-auditorias\/#primaryimage\"},\"thumbnailUrl\":\"https:\/\/noti-america.com\/site\/ecuador\/wp-content\/uploads\/sites\/18\/2020\/07\/Eb4VEvYXsAgN3sH.jpg\",\"articleSection\":[\"Noticias\"],\"inLanguage\":\"es\",\"potentialAction\":[{\"@type\":\"CommentAction\",\"name\":\"Comment\",\"target\":[\"https:\/\/noti-america.com\/site\/ecuador\/2020\/07\/22\/irregularidades-en-entrega-de-carnes-de-discapacidad-genera-59-auditorias\/#respond\"]}]},{\"@type\":\"WebPage\",\"@id\":\"https:\/\/noti-america.com\/site\/ecuador\/2020\/07\/22\/irregularidades-en-entrega-de-carnes-de-discapacidad-genera-59-auditorias\/\",\"url\":\"https:\/\/noti-america.com\/site\/ecuador\/2020\/07\/22\/irregularidades-en-entrega-de-carnes-de-discapacidad-genera-59-auditorias\/\",\"name\":\"Irregularidades en entrega de carn\u00e9s de discapacidad genera 59 auditor\u00edas - Ecuador | Noti-America.com\",\"isPartOf\":{\"@id\":\"https:\/\/noti-america.com\/site\/ecuador\/#website\"},\"primaryImageOfPage\":{\"@id\":\"https:\/\/noti-america.com\/site\/ecuador\/2020\/07\/22\/irregularidades-en-entrega-de-carnes-de-discapacidad-genera-59-auditorias\/#primaryimage\"},\"image\":{\"@id\":\"https:\/\/noti-america.com\/site\/ecuador\/2020\/07\/22\/irregularidades-en-entrega-de-carnes-de-discapacidad-genera-59-auditorias\/#primaryimage\"},\"thumbnailUrl\":\"https:\/\/noti-america.com\/site\/ecuador\/wp-content\/uploads\/sites\/18\/2020\/07\/Eb4VEvYXsAgN3sH.jpg\",\"datePublished\":\"2020-07-22T20:02:16+00:00\",\"breadcrumb\":{\"@id\":\"https:\/\/noti-america.com\/site\/ecuador\/2020\/07\/22\/irregularidades-en-entrega-de-carnes-de-discapacidad-genera-59-auditorias\/#breadcrumb\"},\"inLanguage\":\"es\",\"potentialAction\":[{\"@type\":\"ReadAction\",\"target\":[\"https:\/\/noti-america.com\/site\/ecuador\/2020\/07\/22\/irregularidades-en-entrega-de-carnes-de-discapacidad-genera-59-auditorias\/\"]}]},{\"@type\":\"ImageObject\",\"inLanguage\":\"es\",\"@id\":\"https:\/\/noti-america.com\/site\/ecuador\/2020\/07\/22\/irregularidades-en-entrega-de-carnes-de-discapacidad-genera-59-auditorias\/#primaryimage\",\"url\":\"https:\/\/noti-america.com\/site\/ecuador\/wp-content\/uploads\/sites\/18\/2020\/07\/Eb4VEvYXsAgN3sH.jpg\",\"contentUrl\":\"https:\/\/noti-america.com\/site\/ecuador\/wp-content\/uploads\/sites\/18\/2020\/07\/Eb4VEvYXsAgN3sH.jpg\",\"width\":1200,\"height\":900},{\"@type\":\"BreadcrumbList\",\"@id\":\"https:\/\/noti-america.com\/site\/ecuador\/2020\/07\/22\/irregularidades-en-entrega-de-carnes-de-discapacidad-genera-59-auditorias\/#breadcrumb\",\"itemListElement\":[{\"@type\":\"ListItem\",\"position\":1,\"name\":\"Portada\",\"item\":\"https:\/\/noti-america.com\/site\/ecuador\/\"},{\"@type\":\"ListItem\",\"position\":2,\"name\":\"Irregularidades en entrega de carn\u00e9s de discapacidad genera 59 auditor\u00edas\"}]},{\"@type\":\"WebSite\",\"@id\":\"https:\/\/noti-america.com\/site\/ecuador\/#website\",\"url\":\"https:\/\/noti-america.com\/site\/ecuador\/\",\"name\":\"Ecuador | Noti-America.com\",\"description\":\"\",\"publisher\":{\"@id\":\"https:\/\/noti-america.com\/site\/ecuador\/#organization\"},\"potentialAction\":[{\"@type\":\"SearchAction\",\"target\":{\"@type\":\"EntryPoint\",\"urlTemplate\":\"https:\/\/noti-america.com\/site\/ecuador\/?s={search_term_string}\"},\"query-input\":{\"@type\":\"PropertyValueSpecification\",\"valueRequired\":true,\"valueName\":\"search_term_string\"}}],\"inLanguage\":\"es\"},{\"@type\":\"Organization\",\"@id\":\"https:\/\/noti-america.com\/site\/ecuador\/#organization\",\"name\":\"Noti-America LLC | Ecuador\",\"url\":\"https:\/\/noti-america.com\/site\/ecuador\/\",\"logo\":{\"@type\":\"ImageObject\",\"inLanguage\":\"es\",\"@id\":\"https:\/\/noti-america.com\/site\/ecuador\/#\/schema\/logo\/image\/\",\"url\":\"https:\/\/noti-america.com\/site\/ecuador\/wp-content\/uploads\/sites\/18\/2020\/07\/LogoNA-4x3-1.jpg\",\"contentUrl\":\"https:\/\/noti-america.com\/site\/ecuador\/wp-content\/uploads\/sites\/18\/2020\/07\/LogoNA-4x3-1.jpg\",\"width\":1236,\"height\":1080,\"caption\":\"Noti-America LLC | Ecuador\"},\"image\":{\"@id\":\"https:\/\/noti-america.com\/site\/ecuador\/#\/schema\/logo\/image\/\"},\"sameAs\":[\"https:\/\/x.com\/notiamerica\"]},{\"@type\":\"Person\",\"@id\":\"https:\/\/noti-america.com\/site\/ecuador\/#\/schema\/person\/063740b70e1baad7ce400b3b8bd8b8e3\",\"name\":\"Boris Moyano\",\"image\":{\"@type\":\"ImageObject\",\"inLanguage\":\"es\",\"@id\":\"https:\/\/secure.gravatar.com\/avatar\/1635fd8d206bae736e855dfe91602736d1ea92af1a7f3fa7f62c848f245a1404?s=96&d=mm&r=g\",\"url\":\"https:\/\/secure.gravatar.com\/avatar\/1635fd8d206bae736e855dfe91602736d1ea92af1a7f3fa7f62c848f245a1404?s=96&d=mm&r=g\",\"contentUrl\":\"https:\/\/secure.gravatar.com\/avatar\/1635fd8d206bae736e855dfe91602736d1ea92af1a7f3fa7f62c848f245a1404?s=96&d=mm&r=g\",\"caption\":\"Boris Moyano\"},\"url\":\"https:\/\/noti-america.com\/site\/ecuador\/author\/bmoyano\/\"}]}<\/script>\n<!-- \/ Yoast SEO Premium plugin. -->","yoast_head_json":{"title":"Irregularidades en entrega de carn\u00e9s de discapacidad genera 59 auditor\u00edas - Ecuador | Noti-America.com","robots":{"index":"index","follow":"follow","max-snippet":"max-snippet:-1","max-image-preview":"max-image-preview:large","max-video-preview":"max-video-preview:-1"},"canonical":"https:\/\/noti-america.com\/site\/ecuador\/2020\/07\/22\/irregularidades-en-entrega-de-carnes-de-discapacidad-genera-59-auditorias\/","og_locale":"es_ES","og_type":"article","og_title":"Irregularidades en entrega de carn\u00e9s de discapacidad genera 59 auditor\u00edas","og_description":"REDACCI\u00d3N NOTI-AM\u00c9RICA (ECUADOR). La Contralor\u00eda General del Estado de Ecuador inform\u00f3 hoy que ejecuta 59 auditor\u00edas a nivel nacional sobre la presunta entrega irregular de carn\u00e9s a personas con discapacidad. Las entidades involucradas son:&#46;&#46;&#46;","og_url":"https:\/\/noti-america.com\/site\/ecuador\/2020\/07\/22\/irregularidades-en-entrega-de-carnes-de-discapacidad-genera-59-auditorias\/","og_site_name":"Ecuador | Noti-America.com","article_published_time":"2020-07-22T20:02:16+00:00","og_image":[{"width":1200,"height":900,"url":"https:\/\/noti-america.com\/site\/ecuador\/wp-content\/uploads\/sites\/18\/2020\/07\/Eb4VEvYXsAgN3sH.jpg","type":"image\/jpeg"}],"author":"Boris Moyano","twitter_card":"summary_large_image","twitter_creator":"@notiamerica","twitter_site":"@notiamerica","twitter_misc":{"Escrito por":"Boris Moyano","Tiempo estimado de lectura":"1 minuto"},"schema":{"@context":"https:\/\/schema.org","@graph":[{"@type":"Article","@id":"https:\/\/noti-america.com\/site\/ecuador\/2020\/07\/22\/irregularidades-en-entrega-de-carnes-de-discapacidad-genera-59-auditorias\/#article","isPartOf":{"@id":"https:\/\/noti-america.com\/site\/ecuador\/2020\/07\/22\/irregularidades-en-entrega-de-carnes-de-discapacidad-genera-59-auditorias\/"},"author":{"name":"Boris Moyano","@id":"https:\/\/noti-america.com\/site\/ecuador\/#\/schema\/person\/063740b70e1baad7ce400b3b8bd8b8e3"},"headline":"Irregularidades en entrega de carn\u00e9s de discapacidad genera 59 auditor\u00edas","datePublished":"2020-07-22T20:02:16+00:00","mainEntityOfPage":{"@id":"https:\/\/noti-america.com\/site\/ecuador\/2020\/07\/22\/irregularidades-en-entrega-de-carnes-de-discapacidad-genera-59-auditorias\/"},"wordCount":231,"commentCount":0,"publisher":{"@id":"https:\/\/noti-america.com\/site\/ecuador\/#organization"},"image":{"@id":"https:\/\/noti-america.com\/site\/ecuador\/2020\/07\/22\/irregularidades-en-entrega-de-carnes-de-discapacidad-genera-59-auditorias\/#primaryimage"},"thumbnailUrl":"https:\/\/noti-america.com\/site\/ecuador\/wp-content\/uploads\/sites\/18\/2020\/07\/Eb4VEvYXsAgN3sH.jpg","articleSection":["Noticias"],"inLanguage":"es","potentialAction":[{"@type":"CommentAction","name":"Comment","target":["https:\/\/noti-america.com\/site\/ecuador\/2020\/07\/22\/irregularidades-en-entrega-de-carnes-de-discapacidad-genera-59-auditorias\/#respond"]}]},{"@type":"WebPage","@id":"https:\/\/noti-america.com\/site\/ecuador\/2020\/07\/22\/irregularidades-en-entrega-de-carnes-de-discapacidad-genera-59-auditorias\/","url":"https:\/\/noti-america.com\/site\/ecuador\/2020\/07\/22\/irregularidades-en-entrega-de-carnes-de-discapacidad-genera-59-auditorias\/","name":"Irregularidades en entrega de carn\u00e9s de discapacidad genera 59 auditor\u00edas - Ecuador | Noti-America.com","isPartOf":{"@id":"https:\/\/noti-america.com\/site\/ecuador\/#website"},"primaryImageOfPage":{"@id":"https:\/\/noti-america.com\/site\/ecuador\/2020\/07\/22\/irregularidades-en-entrega-de-carnes-de-discapacidad-genera-59-auditorias\/#primaryimage"},"image":{"@id":"https:\/\/noti-america.com\/site\/ecuador\/2020\/07\/22\/irregularidades-en-entrega-de-carnes-de-discapacidad-genera-59-auditorias\/#primaryimage"},"thumbnailUrl":"https:\/\/noti-america.com\/site\/ecuador\/wp-content\/uploads\/sites\/18\/2020\/07\/Eb4VEvYXsAgN3sH.jpg","datePublished":"2020-07-22T20:02:16+00:00","breadcrumb":{"@id":"https:\/\/noti-america.com\/site\/ecuador\/2020\/07\/22\/irregularidades-en-entrega-de-carnes-de-discapacidad-genera-59-auditorias\/#breadcrumb"},"inLanguage":"es","potentialAction":[{"@type":"ReadAction","target":["https:\/\/noti-america.com\/site\/ecuador\/2020\/07\/22\/irregularidades-en-entrega-de-carnes-de-discapacidad-genera-59-auditorias\/"]}]},{"@type":"ImageObject","inLanguage":"es","@id":"https:\/\/noti-america.com\/site\/ecuador\/2020\/07\/22\/irregularidades-en-entrega-de-carnes-de-discapacidad-genera-59-auditorias\/#primaryimage","url":"https:\/\/noti-america.com\/site\/ecuador\/wp-content\/uploads\/sites\/18\/2020\/07\/Eb4VEvYXsAgN3sH.jpg","contentUrl":"https:\/\/noti-america.com\/site\/ecuador\/wp-content\/uploads\/sites\/18\/2020\/07\/Eb4VEvYXsAgN3sH.jpg","width":1200,"height":900},{"@type":"BreadcrumbList","@id":"https:\/\/noti-america.com\/site\/ecuador\/2020\/07\/22\/irregularidades-en-entrega-de-carnes-de-discapacidad-genera-59-auditorias\/#breadcrumb","itemListElement":[{"@type":"ListItem","position":1,"name":"Portada","item":"https:\/\/noti-america.com\/site\/ecuador\/"},{"@type":"ListItem","position":2,"name":"Irregularidades en entrega de carn\u00e9s de discapacidad genera 59 auditor\u00edas"}]},{"@type":"WebSite","@id":"https:\/\/noti-america.com\/site\/ecuador\/#website","url":"https:\/\/noti-america.com\/site\/ecuador\/","name":"Ecuador | Noti-America.com","description":"","publisher":{"@id":"https:\/\/noti-america.com\/site\/ecuador\/#organization"},"potentialAction":[{"@type":"SearchAction","target":{"@type":"EntryPoint","urlTemplate":"https:\/\/noti-america.com\/site\/ecuador\/?s={search_term_string}"},"query-input":{"@type":"PropertyValueSpecification","valueRequired":true,"valueName":"search_term_string"}}],"inLanguage":"es"},{"@type":"Organization","@id":"https:\/\/noti-america.com\/site\/ecuador\/#organization","name":"Noti-America LLC | Ecuador","url":"https:\/\/noti-america.com\/site\/ecuador\/","logo":{"@type":"ImageObject","inLanguage":"es","@id":"https:\/\/noti-america.com\/site\/ecuador\/#\/schema\/logo\/image\/","url":"https:\/\/noti-america.com\/site\/ecuador\/wp-content\/uploads\/sites\/18\/2020\/07\/LogoNA-4x3-1.jpg","contentUrl":"https:\/\/noti-america.com\/site\/ecuador\/wp-content\/uploads\/sites\/18\/2020\/07\/LogoNA-4x3-1.jpg","width":1236,"height":1080,"caption":"Noti-America LLC | Ecuador"},"image":{"@id":"https:\/\/noti-america.com\/site\/ecuador\/#\/schema\/logo\/image\/"},"sameAs":["https:\/\/x.com\/notiamerica"]},{"@type":"Person","@id":"https:\/\/noti-america.com\/site\/ecuador\/#\/schema\/person\/063740b70e1baad7ce400b3b8bd8b8e3","name":"Boris Moyano","image":{"@type":"ImageObject","inLanguage":"es","@id":"https:\/\/secure.gravatar.com\/avatar\/1635fd8d206bae736e855dfe91602736d1ea92af1a7f3fa7f62c848f245a1404?s=96&d=mm&r=g","url":"https:\/\/secure.gravatar.com\/avatar\/1635fd8d206bae736e855dfe91602736d1ea92af1a7f3fa7f62c848f245a1404?s=96&d=mm&r=g","contentUrl":"https:\/\/secure.gravatar.com\/avatar\/1635fd8d206bae736e855dfe91602736d1ea92af1a7f3fa7f62c848f245a1404?s=96&d=mm&r=g","caption":"Boris Moyano"},"url":"https:\/\/noti-america.com\/site\/ecuador\/author\/bmoyano\/"}]}},"_links":{"self":[{"href":"https:\/\/noti-america.com\/site\/ecuador\/wp-json\/wp\/v2\/posts\/9855","targetHints":{"allow":["GET"]}}],"collection":[{"href":"https:\/\/noti-america.com\/site\/ecuador\/wp-json\/wp\/v2\/posts"}],"about":[{"href":"https:\/\/noti-america.com\/site\/ecuador\/wp-json\/wp\/v2\/types\/post"}],"author":[{"embeddable":true,"href":"https:\/\/noti-america.com\/site\/ecuador\/wp-json\/wp\/v2\/users\/81"}],"replies":[{"embeddable":true,"href":"https:\/\/noti-america.com\/site\/ecuador\/wp-json\/wp\/v2\/comments?post=9855"}],"version-history":[{"count":1,"href":"https:\/\/noti-america.com\/site\/ecuador\/wp-json\/wp\/v2\/posts\/9855\/revisions"}],"predecessor-version":[{"id":9857,"href":"https:\/\/noti-america.com\/site\/ecuador\/wp-json\/wp\/v2\/posts\/9855\/revisions\/9857"}],"wp:featuredmedia":[{"embeddable":true,"href":"https:\/\/noti-america.com\/site\/ecuador\/wp-json\/wp\/v2\/media\/9856"}],"wp:attachment":[{"href":"https:\/\/noti-america.com\/site\/ecuador\/wp-json\/wp\/v2\/media?parent=9855"}],"wp:term":[{"taxonomy":"category","embeddable":true,"href":"https:\/\/noti-america.com\/site\/ecuador\/wp-json\/wp\/v2\/categories?post=9855"},{"taxonomy":"post_tag","embeddable":true,"href":"https:\/\/noti-america.com\/site\/ecuador\/wp-json\/wp\/v2\/tags?post=9855"}],"curies":[{"name":"wp","href":"https:\/\/api.w.org\/{rel}","templated":true}]}}