{"id":9816,"date":"2020-07-19T16:49:52","date_gmt":"2020-07-19T16:49:52","guid":{"rendered":"https:\/\/noti-america.com\/site\/ecuador\/?p=9816"},"modified":"2020-07-19T16:49:52","modified_gmt":"2020-07-19T16:49:52","slug":"maria-alejandra-munoz-cuarta-vicepresidenta-del-actual-gobierno","status":"publish","type":"post","link":"https:\/\/noti-america.com\/site\/ecuador\/2020\/07\/19\/maria-alejandra-munoz-cuarta-vicepresidenta-del-actual-gobierno\/","title":{"rendered":"Mar\u00eda Alejandra Mu\u00f1oz cuarta vicepresidenta del actual gobierno"},"content":{"rendered":"<p>REDACCI\u00d3N NOTI AM\u00c9RICA (ECUADOR)<\/p>\n<div style=\"width: 430px\" class=\"wp-caption alignleft\"><img loading=\"lazy\" decoding=\"async\" src=\"https:\/\/www.asambleanacional.gob.ec\/sites\/default\/files\/styles\/noticias\/public\/field\/imagen\/vp_mesa_de_trabajo_1_copia_22_0.jpg?itok=JhDqvIHq\" alt=\"\" width=\"420\" height=\"280\" \/><p class=\"wp-caption-text\">Asamblea elige nueva vicepresidenta del Ecuador<\/p><\/div>\n<p style=\"text-align: justify\">El Pleno de la Asamblea Nacional, con 75 votos afirmativos, design\u00f3 a Mar\u00eda Alejandra Mu\u00f1oz como Vicepresidenta de la Rep\u00fablica del Ecuador, en reemplazo de Otto Sonnenholzner, quien renunci\u00f3 a su cargo, el pasado 7 de julio.<\/p>\n<p style=\"text-align: justify\">La moci\u00f3n para la designaci\u00f3n de Mu\u00f1oz, quien figuraba como la tercera de la terna enviada por el presidente de la Rep\u00fablica, Len\u00edn Moreno, al Legislativo, fue presentada por la asamble\u00edsta Marcia Arregui, quien durante su intervenci\u00f3n destac\u00f3 la trayectoria profesional, preparaci\u00f3n acad\u00e9mica y el servicio a la comunidad de la candidata.<\/p>\n<p style=\"text-align: justify\">La segunda mandataria ser\u00e1 posicionada en los pr\u00f3ximos d\u00edas, una vez que deje el cargo de Directora del Servicio Nacional de Aduana del Ecuador.<\/p>\n<p style=\"text-align: justify\">El art\u00edculo 230 numeral 1 de la Norma Constitucional se\u00f1ala que en el ejercicio del servicio p\u00fablico se proh\u00edbe, adem\u00e1s de lo que determine la ley, el desempe\u00f1ar m\u00e1s de un cargo p\u00fablico simult\u00e1neamente; por tal motivo, la funcionaria deber\u00e1 ser cesada de funciones por remoci\u00f3n de su cargo para ocupar el nuevo.<\/p>\n<p style=\"text-align: justify\">Mar\u00eda Alejandra Mu\u00f1oz Seminario se desempe\u00f1a desde 2018 como directora Nacional del Servicio Nacional de Aduana del Ecuador (Senae). Es licenciada en Ciencias Sociales y Pol\u00edticas por la Universidad Esp\u00edritu Santo de Guayaquil, abogada de los Tribunales y Juzgados con especializaci\u00f3n en Derecho Empresarial y Tributario. Adem\u00e1s, es m\u00e1ster en Prevenci\u00f3n de Violencia contra la Mujer y Pol\u00edticas de inclusi\u00f3n por la Universidad Salamanca de Espa\u00f1a.<\/p>\n<p style=\"text-align: justify\">Posee una certificaci\u00f3n del programa de Entorno Econ\u00f3mico y Global, Gesti\u00f3n de Riesgos, manejo de Crisis Institucionales y pr\u00e1cticas antisoborno por la Facultad de Justicia de la Universidad de Cambridge en Londres; tambi\u00e9n, una certificaci\u00f3n del programa de Liderazgo y manejo del IESE Business School de Miami, Estados Unidos.<\/p>\n<p style=\"text-align: justify\">Durante 19 a\u00f1os, ha ejercido la profesi\u00f3n con experiencia, principalmente, en las \u00e1reas de derecho p\u00fablico, empresarial, tributario y derechos humanos. En el \u00e1mbito privado, ha sido consultora, investigadora y directora Ejecutiva de \u00e1reas sobre asuntos regulatorios y \u00e9tica con \u00e9nfasis en aplicaci\u00f3n de pol\u00edticas de inclusi\u00f3n de la mujer.<\/p>\n<p style=\"text-align: justify\">Antes de escuchar las tres mociones, el presidente de la Asamblea Nacional, C\u00e9sar Litardo Caicedo, indic\u00f3 que el proceso para elegir al Vicepresidente de la Rep\u00fablica se realizar\u00e1 apegado a la Constituci\u00f3n, y ratific\u00f3 que la Asamblea es garante de la democracia.<\/p>\n<p style=\"text-align: justify\">Acto seguido tom\u00f3 la palabra el legislador Rub\u00e9n Bustamante, quien tras reconocer la trayectoria pol\u00edtica, preparaci\u00f3n y confianza del presidente de la Rep\u00fablica, Len\u00edn Moreno, a Mar\u00eda Paula Romo mocion\u00f3 que sea ella quien ocupe la Vicepresidencia de la Rep\u00fablica, sin embargo, no obtuvo los votos necesarios, hubo 36 afirmativos, 87 negativos, un blanco y 11 abstenciones.<\/p>\n<p style=\"text-align: justify\">La asamble\u00edsta Noralma Zambrano mocion\u00f3 la candidatura de Juan Sebasti\u00e1n Rold\u00e1n. Durante su intervenci\u00f3n hizo referencia a la eficacia, eficiencia y objetividad con la que ha desarrollado las tareas encomendadas en la funci\u00f3n p\u00fablica. La votaci\u00f3n en esta ocasi\u00f3n fue: 12 afirmativos, 88 negativos y 35 abstenciones.<\/p>\n","protected":false},"excerpt":{"rendered":"<p>REDACCI\u00d3N NOTI AM\u00c9RICA (ECUADOR) El Pleno de la Asamblea Nacional, con 75 votos afirmativos, design\u00f3 a Mar\u00eda Alejandra Mu\u00f1oz como Vicepresidenta de la Rep\u00fablica del Ecuador, en reemplazo de Otto Sonnenholzner, quien renunci\u00f3 a&#46;&#46;&#46;<\/p>\n","protected":false},"author":17,"featured_media":9817,"comment_status":"open","ping_status":"open","sticky":false,"template":"","format":"standard","meta":{"_acf_changed":false,"om_disable_all_campaigns":false,"rop_custom_images_group":[],"rop_custom_messages_group":[],"rop_publish_now":"initial","rop_publish_now_accounts":{"twitter_242054905_242054905":""},"rop_publish_now_history":[],"rop_publish_now_status":"pending","_uf_show_specific_survey":0,"_uf_disable_surveys":false,"footnotes":""},"categories":[34],"tags":[],"class_list":["post-9816","post","type-post","status-publish","format-standard","has-post-thumbnail","hentry","category-politica-opinion"],"acf":[],"aioseo_notices":[],"yoast_head":"<!-- This site is optimized with the Yoast SEO Premium plugin v24.9 (Yoast SEO v27.2) - https:\/\/yoast.com\/product\/yoast-seo-premium-wordpress\/ -->\n<title>Mar\u00eda Alejandra Mu\u00f1oz cuarta vicepresidenta del actual gobierno - Ecuador | Noti-America.com<\/title>\n<meta name=\"robots\" content=\"index, follow, max-snippet:-1, max-image-preview:large, max-video-preview:-1\" \/>\n<link rel=\"canonical\" href=\"https:\/\/noti-america.com\/site\/ecuador\/2020\/07\/19\/maria-alejandra-munoz-cuarta-vicepresidenta-del-actual-gobierno\/\" \/>\n<meta property=\"og:locale\" content=\"es_ES\" \/>\n<meta property=\"og:type\" content=\"article\" \/>\n<meta property=\"og:title\" content=\"Mar\u00eda Alejandra Mu\u00f1oz cuarta vicepresidenta del actual gobierno\" \/>\n<meta property=\"og:description\" content=\"REDACCI\u00d3N NOTI AM\u00c9RICA (ECUADOR) El Pleno de la Asamblea Nacional, con 75 votos afirmativos, design\u00f3 a Mar\u00eda Alejandra Mu\u00f1oz como Vicepresidenta de la Rep\u00fablica del Ecuador, en reemplazo de Otto Sonnenholzner, quien renunci\u00f3 a&#046;&#046;&#046;\" \/>\n<meta property=\"og:url\" content=\"https:\/\/noti-america.com\/site\/ecuador\/2020\/07\/19\/maria-alejandra-munoz-cuarta-vicepresidenta-del-actual-gobierno\/\" \/>\n<meta property=\"og:site_name\" content=\"Ecuador | Noti-America.com\" \/>\n<meta property=\"article:published_time\" content=\"2020-07-19T16:49:52+00:00\" \/>\n<meta property=\"og:image\" content=\"https:\/\/noti-america.com\/site\/ecuador\/wp-content\/uploads\/sites\/18\/2020\/07\/Maria-Alejandra-Mu\u00f1oz.png\" \/>\n\t<meta property=\"og:image:width\" content=\"571\" \/>\n\t<meta property=\"og:image:height\" content=\"300\" \/>\n\t<meta property=\"og:image:type\" content=\"image\/png\" \/>\n<meta name=\"author\" content=\"Gregory Quintana Montiel\" \/>\n<meta name=\"twitter:card\" content=\"summary_large_image\" \/>\n<meta name=\"twitter:creator\" content=\"@gdgregori1\" \/>\n<meta name=\"twitter:site\" content=\"@notiamerica\" \/>\n<meta name=\"twitter:label1\" content=\"Escrito por\" \/>\n\t<meta name=\"twitter:data1\" content=\"Gregory Quintana Montiel\" \/>\n\t<meta name=\"twitter:label2\" content=\"Tiempo estimado de lectura\" \/>\n\t<meta name=\"twitter:data2\" content=\"3 minutos\" \/>\n<script type=\"application\/ld+json\" class=\"yoast-schema-graph\">{\"@context\":\"https:\/\/schema.org\",\"@graph\":[{\"@type\":\"Article\",\"@id\":\"https:\/\/noti-america.com\/site\/ecuador\/2020\/07\/19\/maria-alejandra-munoz-cuarta-vicepresidenta-del-actual-gobierno\/#article\",\"isPartOf\":{\"@id\":\"https:\/\/noti-america.com\/site\/ecuador\/2020\/07\/19\/maria-alejandra-munoz-cuarta-vicepresidenta-del-actual-gobierno\/\"},\"author\":{\"name\":\"Gregory Quintana Montiel\",\"@id\":\"https:\/\/noti-america.com\/site\/ecuador\/#\/schema\/person\/3b975e42f15abfe64bfe3abdd916efda\"},\"headline\":\"Mar\u00eda Alejandra Mu\u00f1oz cuarta vicepresidenta del actual gobierno\",\"datePublished\":\"2020-07-19T16:49:52+00:00\",\"mainEntityOfPage\":{\"@id\":\"https:\/\/noti-america.com\/site\/ecuador\/2020\/07\/19\/maria-alejandra-munoz-cuarta-vicepresidenta-del-actual-gobierno\/\"},\"wordCount\":559,\"commentCount\":0,\"publisher\":{\"@id\":\"https:\/\/noti-america.com\/site\/ecuador\/#organization\"},\"image\":{\"@id\":\"https:\/\/noti-america.com\/site\/ecuador\/2020\/07\/19\/maria-alejandra-munoz-cuarta-vicepresidenta-del-actual-gobierno\/#primaryimage\"},\"thumbnailUrl\":\"https:\/\/noti-america.com\/site\/ecuador\/wp-content\/uploads\/sites\/18\/2020\/07\/Maria-Alejandra-Mu\u00f1oz.png\",\"articleSection\":[\"Pol\u00edtica\"],\"inLanguage\":\"es\",\"potentialAction\":[{\"@type\":\"CommentAction\",\"name\":\"Comment\",\"target\":[\"https:\/\/noti-america.com\/site\/ecuador\/2020\/07\/19\/maria-alejandra-munoz-cuarta-vicepresidenta-del-actual-gobierno\/#respond\"]}]},{\"@type\":\"WebPage\",\"@id\":\"https:\/\/noti-america.com\/site\/ecuador\/2020\/07\/19\/maria-alejandra-munoz-cuarta-vicepresidenta-del-actual-gobierno\/\",\"url\":\"https:\/\/noti-america.com\/site\/ecuador\/2020\/07\/19\/maria-alejandra-munoz-cuarta-vicepresidenta-del-actual-gobierno\/\",\"name\":\"Mar\u00eda Alejandra Mu\u00f1oz cuarta vicepresidenta del actual gobierno - Ecuador | Noti-America.com\",\"isPartOf\":{\"@id\":\"https:\/\/noti-america.com\/site\/ecuador\/#website\"},\"primaryImageOfPage\":{\"@id\":\"https:\/\/noti-america.com\/site\/ecuador\/2020\/07\/19\/maria-alejandra-munoz-cuarta-vicepresidenta-del-actual-gobierno\/#primaryimage\"},\"image\":{\"@id\":\"https:\/\/noti-america.com\/site\/ecuador\/2020\/07\/19\/maria-alejandra-munoz-cuarta-vicepresidenta-del-actual-gobierno\/#primaryimage\"},\"thumbnailUrl\":\"https:\/\/noti-america.com\/site\/ecuador\/wp-content\/uploads\/sites\/18\/2020\/07\/Maria-Alejandra-Mu\u00f1oz.png\",\"datePublished\":\"2020-07-19T16:49:52+00:00\",\"breadcrumb\":{\"@id\":\"https:\/\/noti-america.com\/site\/ecuador\/2020\/07\/19\/maria-alejandra-munoz-cuarta-vicepresidenta-del-actual-gobierno\/#breadcrumb\"},\"inLanguage\":\"es\",\"potentialAction\":[{\"@type\":\"ReadAction\",\"target\":[\"https:\/\/noti-america.com\/site\/ecuador\/2020\/07\/19\/maria-alejandra-munoz-cuarta-vicepresidenta-del-actual-gobierno\/\"]}]},{\"@type\":\"ImageObject\",\"inLanguage\":\"es\",\"@id\":\"https:\/\/noti-america.com\/site\/ecuador\/2020\/07\/19\/maria-alejandra-munoz-cuarta-vicepresidenta-del-actual-gobierno\/#primaryimage\",\"url\":\"https:\/\/noti-america.com\/site\/ecuador\/wp-content\/uploads\/sites\/18\/2020\/07\/Maria-Alejandra-Mu\u00f1oz.png\",\"contentUrl\":\"https:\/\/noti-america.com\/site\/ecuador\/wp-content\/uploads\/sites\/18\/2020\/07\/Maria-Alejandra-Mu\u00f1oz.png\",\"width\":571,\"height\":300,\"caption\":\"Imagen tomada de SR Radio\"},{\"@type\":\"BreadcrumbList\",\"@id\":\"https:\/\/noti-america.com\/site\/ecuador\/2020\/07\/19\/maria-alejandra-munoz-cuarta-vicepresidenta-del-actual-gobierno\/#breadcrumb\",\"itemListElement\":[{\"@type\":\"ListItem\",\"position\":1,\"name\":\"Portada\",\"item\":\"https:\/\/noti-america.com\/site\/ecuador\/\"},{\"@type\":\"ListItem\",\"position\":2,\"name\":\"Mar\u00eda Alejandra Mu\u00f1oz cuarta vicepresidenta del actual gobierno\"}]},{\"@type\":\"WebSite\",\"@id\":\"https:\/\/noti-america.com\/site\/ecuador\/#website\",\"url\":\"https:\/\/noti-america.com\/site\/ecuador\/\",\"name\":\"Ecuador | Noti-America.com\",\"description\":\"\",\"publisher\":{\"@id\":\"https:\/\/noti-america.com\/site\/ecuador\/#organization\"},\"potentialAction\":[{\"@type\":\"SearchAction\",\"target\":{\"@type\":\"EntryPoint\",\"urlTemplate\":\"https:\/\/noti-america.com\/site\/ecuador\/?s={search_term_string}\"},\"query-input\":{\"@type\":\"PropertyValueSpecification\",\"valueRequired\":true,\"valueName\":\"search_term_string\"}}],\"inLanguage\":\"es\"},{\"@type\":\"Organization\",\"@id\":\"https:\/\/noti-america.com\/site\/ecuador\/#organization\",\"name\":\"Noti-America LLC | Ecuador\",\"url\":\"https:\/\/noti-america.com\/site\/ecuador\/\",\"logo\":{\"@type\":\"ImageObject\",\"inLanguage\":\"es\",\"@id\":\"https:\/\/noti-america.com\/site\/ecuador\/#\/schema\/logo\/image\/\",\"url\":\"https:\/\/noti-america.com\/site\/ecuador\/wp-content\/uploads\/sites\/18\/2020\/07\/LogoNA-4x3-1.jpg\",\"contentUrl\":\"https:\/\/noti-america.com\/site\/ecuador\/wp-content\/uploads\/sites\/18\/2020\/07\/LogoNA-4x3-1.jpg\",\"width\":1236,\"height\":1080,\"caption\":\"Noti-America LLC | Ecuador\"},\"image\":{\"@id\":\"https:\/\/noti-america.com\/site\/ecuador\/#\/schema\/logo\/image\/\"},\"sameAs\":[\"https:\/\/x.com\/notiamerica\"]},{\"@type\":\"Person\",\"@id\":\"https:\/\/noti-america.com\/site\/ecuador\/#\/schema\/person\/3b975e42f15abfe64bfe3abdd916efda\",\"name\":\"Gregory Quintana Montiel\",\"image\":{\"@type\":\"ImageObject\",\"inLanguage\":\"es\",\"@id\":\"https:\/\/secure.gravatar.com\/avatar\/2d6b802f7720c2ec7744dcbe608cc2f3417aeb964d58b443c6d612b77531de1d?s=96&d=mm&r=g\",\"url\":\"https:\/\/secure.gravatar.com\/avatar\/2d6b802f7720c2ec7744dcbe608cc2f3417aeb964d58b443c6d612b77531de1d?s=96&d=mm&r=g\",\"contentUrl\":\"https:\/\/secure.gravatar.com\/avatar\/2d6b802f7720c2ec7744dcbe608cc2f3417aeb964d58b443c6d612b77531de1d?s=96&d=mm&r=g\",\"caption\":\"Gregory Quintana Montiel\"},\"description\":\"Licenciatura en Ciencias de la Comunicaci\u00f3n Social, egresado en la Especializaci\u00f3n Derecho Ambiental Desarrollo Sostenible y Sustentable, Miembro de la Comunidad de profesionales y experto para Latinoam\u00e9rica y el Caribe en Gesti\u00f3n por Resultado en el Desarrollo (COPLAC - GpRD) del Banco Interamericano de Desarrollo, experiencia en medios radiales y escritos.\",\"sameAs\":[\"https:\/\/x.com\/gdgregori1\",\"gquintana\"],\"url\":\"https:\/\/noti-america.com\/site\/ecuador\/author\/gquintana\/\"}]}<\/script>\n<!-- \/ Yoast SEO Premium plugin. -->","yoast_head_json":{"title":"Mar\u00eda Alejandra Mu\u00f1oz cuarta vicepresidenta del actual gobierno - Ecuador | Noti-America.com","robots":{"index":"index","follow":"follow","max-snippet":"max-snippet:-1","max-image-preview":"max-image-preview:large","max-video-preview":"max-video-preview:-1"},"canonical":"https:\/\/noti-america.com\/site\/ecuador\/2020\/07\/19\/maria-alejandra-munoz-cuarta-vicepresidenta-del-actual-gobierno\/","og_locale":"es_ES","og_type":"article","og_title":"Mar\u00eda Alejandra Mu\u00f1oz cuarta vicepresidenta del actual gobierno","og_description":"REDACCI\u00d3N NOTI AM\u00c9RICA (ECUADOR) El Pleno de la Asamblea Nacional, con 75 votos afirmativos, design\u00f3 a Mar\u00eda Alejandra Mu\u00f1oz como Vicepresidenta de la Rep\u00fablica del Ecuador, en reemplazo de Otto Sonnenholzner, quien renunci\u00f3 a&#46;&#46;&#46;","og_url":"https:\/\/noti-america.com\/site\/ecuador\/2020\/07\/19\/maria-alejandra-munoz-cuarta-vicepresidenta-del-actual-gobierno\/","og_site_name":"Ecuador | Noti-America.com","article_published_time":"2020-07-19T16:49:52+00:00","og_image":[{"width":571,"height":300,"url":"https:\/\/noti-america.com\/site\/ecuador\/wp-content\/uploads\/sites\/18\/2020\/07\/Maria-Alejandra-Mu\u00f1oz.png","type":"image\/png"}],"author":"Gregory Quintana Montiel","twitter_card":"summary_large_image","twitter_creator":"@gdgregori1","twitter_site":"@notiamerica","twitter_misc":{"Escrito por":"Gregory Quintana Montiel","Tiempo estimado de lectura":"3 minutos"},"schema":{"@context":"https:\/\/schema.org","@graph":[{"@type":"Article","@id":"https:\/\/noti-america.com\/site\/ecuador\/2020\/07\/19\/maria-alejandra-munoz-cuarta-vicepresidenta-del-actual-gobierno\/#article","isPartOf":{"@id":"https:\/\/noti-america.com\/site\/ecuador\/2020\/07\/19\/maria-alejandra-munoz-cuarta-vicepresidenta-del-actual-gobierno\/"},"author":{"name":"Gregory Quintana Montiel","@id":"https:\/\/noti-america.com\/site\/ecuador\/#\/schema\/person\/3b975e42f15abfe64bfe3abdd916efda"},"headline":"Mar\u00eda Alejandra Mu\u00f1oz cuarta vicepresidenta del actual gobierno","datePublished":"2020-07-19T16:49:52+00:00","mainEntityOfPage":{"@id":"https:\/\/noti-america.com\/site\/ecuador\/2020\/07\/19\/maria-alejandra-munoz-cuarta-vicepresidenta-del-actual-gobierno\/"},"wordCount":559,"commentCount":0,"publisher":{"@id":"https:\/\/noti-america.com\/site\/ecuador\/#organization"},"image":{"@id":"https:\/\/noti-america.com\/site\/ecuador\/2020\/07\/19\/maria-alejandra-munoz-cuarta-vicepresidenta-del-actual-gobierno\/#primaryimage"},"thumbnailUrl":"https:\/\/noti-america.com\/site\/ecuador\/wp-content\/uploads\/sites\/18\/2020\/07\/Maria-Alejandra-Mu\u00f1oz.png","articleSection":["Pol\u00edtica"],"inLanguage":"es","potentialAction":[{"@type":"CommentAction","name":"Comment","target":["https:\/\/noti-america.com\/site\/ecuador\/2020\/07\/19\/maria-alejandra-munoz-cuarta-vicepresidenta-del-actual-gobierno\/#respond"]}]},{"@type":"WebPage","@id":"https:\/\/noti-america.com\/site\/ecuador\/2020\/07\/19\/maria-alejandra-munoz-cuarta-vicepresidenta-del-actual-gobierno\/","url":"https:\/\/noti-america.com\/site\/ecuador\/2020\/07\/19\/maria-alejandra-munoz-cuarta-vicepresidenta-del-actual-gobierno\/","name":"Mar\u00eda Alejandra Mu\u00f1oz cuarta vicepresidenta del actual gobierno - Ecuador | Noti-America.com","isPartOf":{"@id":"https:\/\/noti-america.com\/site\/ecuador\/#website"},"primaryImageOfPage":{"@id":"https:\/\/noti-america.com\/site\/ecuador\/2020\/07\/19\/maria-alejandra-munoz-cuarta-vicepresidenta-del-actual-gobierno\/#primaryimage"},"image":{"@id":"https:\/\/noti-america.com\/site\/ecuador\/2020\/07\/19\/maria-alejandra-munoz-cuarta-vicepresidenta-del-actual-gobierno\/#primaryimage"},"thumbnailUrl":"https:\/\/noti-america.com\/site\/ecuador\/wp-content\/uploads\/sites\/18\/2020\/07\/Maria-Alejandra-Mu\u00f1oz.png","datePublished":"2020-07-19T16:49:52+00:00","breadcrumb":{"@id":"https:\/\/noti-america.com\/site\/ecuador\/2020\/07\/19\/maria-alejandra-munoz-cuarta-vicepresidenta-del-actual-gobierno\/#breadcrumb"},"inLanguage":"es","potentialAction":[{"@type":"ReadAction","target":["https:\/\/noti-america.com\/site\/ecuador\/2020\/07\/19\/maria-alejandra-munoz-cuarta-vicepresidenta-del-actual-gobierno\/"]}]},{"@type":"ImageObject","inLanguage":"es","@id":"https:\/\/noti-america.com\/site\/ecuador\/2020\/07\/19\/maria-alejandra-munoz-cuarta-vicepresidenta-del-actual-gobierno\/#primaryimage","url":"https:\/\/noti-america.com\/site\/ecuador\/wp-content\/uploads\/sites\/18\/2020\/07\/Maria-Alejandra-Mu\u00f1oz.png","contentUrl":"https:\/\/noti-america.com\/site\/ecuador\/wp-content\/uploads\/sites\/18\/2020\/07\/Maria-Alejandra-Mu\u00f1oz.png","width":571,"height":300,"caption":"Imagen tomada de SR Radio"},{"@type":"BreadcrumbList","@id":"https:\/\/noti-america.com\/site\/ecuador\/2020\/07\/19\/maria-alejandra-munoz-cuarta-vicepresidenta-del-actual-gobierno\/#breadcrumb","itemListElement":[{"@type":"ListItem","position":1,"name":"Portada","item":"https:\/\/noti-america.com\/site\/ecuador\/"},{"@type":"ListItem","position":2,"name":"Mar\u00eda Alejandra Mu\u00f1oz cuarta vicepresidenta del actual gobierno"}]},{"@type":"WebSite","@id":"https:\/\/noti-america.com\/site\/ecuador\/#website","url":"https:\/\/noti-america.com\/site\/ecuador\/","name":"Ecuador | Noti-America.com","description":"","publisher":{"@id":"https:\/\/noti-america.com\/site\/ecuador\/#organization"},"potentialAction":[{"@type":"SearchAction","target":{"@type":"EntryPoint","urlTemplate":"https:\/\/noti-america.com\/site\/ecuador\/?s={search_term_string}"},"query-input":{"@type":"PropertyValueSpecification","valueRequired":true,"valueName":"search_term_string"}}],"inLanguage":"es"},{"@type":"Organization","@id":"https:\/\/noti-america.com\/site\/ecuador\/#organization","name":"Noti-America LLC | Ecuador","url":"https:\/\/noti-america.com\/site\/ecuador\/","logo":{"@type":"ImageObject","inLanguage":"es","@id":"https:\/\/noti-america.com\/site\/ecuador\/#\/schema\/logo\/image\/","url":"https:\/\/noti-america.com\/site\/ecuador\/wp-content\/uploads\/sites\/18\/2020\/07\/LogoNA-4x3-1.jpg","contentUrl":"https:\/\/noti-america.com\/site\/ecuador\/wp-content\/uploads\/sites\/18\/2020\/07\/LogoNA-4x3-1.jpg","width":1236,"height":1080,"caption":"Noti-America LLC | Ecuador"},"image":{"@id":"https:\/\/noti-america.com\/site\/ecuador\/#\/schema\/logo\/image\/"},"sameAs":["https:\/\/x.com\/notiamerica"]},{"@type":"Person","@id":"https:\/\/noti-america.com\/site\/ecuador\/#\/schema\/person\/3b975e42f15abfe64bfe3abdd916efda","name":"Gregory Quintana Montiel","image":{"@type":"ImageObject","inLanguage":"es","@id":"https:\/\/secure.gravatar.com\/avatar\/2d6b802f7720c2ec7744dcbe608cc2f3417aeb964d58b443c6d612b77531de1d?s=96&d=mm&r=g","url":"https:\/\/secure.gravatar.com\/avatar\/2d6b802f7720c2ec7744dcbe608cc2f3417aeb964d58b443c6d612b77531de1d?s=96&d=mm&r=g","contentUrl":"https:\/\/secure.gravatar.com\/avatar\/2d6b802f7720c2ec7744dcbe608cc2f3417aeb964d58b443c6d612b77531de1d?s=96&d=mm&r=g","caption":"Gregory Quintana Montiel"},"description":"Licenciatura en Ciencias de la Comunicaci\u00f3n Social, egresado en la Especializaci\u00f3n Derecho Ambiental Desarrollo Sostenible y Sustentable, Miembro de la Comunidad de profesionales y experto para Latinoam\u00e9rica y el Caribe en Gesti\u00f3n por Resultado en el Desarrollo (COPLAC - GpRD) del Banco Interamericano de Desarrollo, experiencia en medios radiales y escritos.","sameAs":["https:\/\/x.com\/gdgregori1","gquintana"],"url":"https:\/\/noti-america.com\/site\/ecuador\/author\/gquintana\/"}]}},"_links":{"self":[{"href":"https:\/\/noti-america.com\/site\/ecuador\/wp-json\/wp\/v2\/posts\/9816","targetHints":{"allow":["GET"]}}],"collection":[{"href":"https:\/\/noti-america.com\/site\/ecuador\/wp-json\/wp\/v2\/posts"}],"about":[{"href":"https:\/\/noti-america.com\/site\/ecuador\/wp-json\/wp\/v2\/types\/post"}],"author":[{"embeddable":true,"href":"https:\/\/noti-america.com\/site\/ecuador\/wp-json\/wp\/v2\/users\/17"}],"replies":[{"embeddable":true,"href":"https:\/\/noti-america.com\/site\/ecuador\/wp-json\/wp\/v2\/comments?post=9816"}],"version-history":[{"count":1,"href":"https:\/\/noti-america.com\/site\/ecuador\/wp-json\/wp\/v2\/posts\/9816\/revisions"}],"predecessor-version":[{"id":9818,"href":"https:\/\/noti-america.com\/site\/ecuador\/wp-json\/wp\/v2\/posts\/9816\/revisions\/9818"}],"wp:featuredmedia":[{"embeddable":true,"href":"https:\/\/noti-america.com\/site\/ecuador\/wp-json\/wp\/v2\/media\/9817"}],"wp:attachment":[{"href":"https:\/\/noti-america.com\/site\/ecuador\/wp-json\/wp\/v2\/media?parent=9816"}],"wp:term":[{"taxonomy":"category","embeddable":true,"href":"https:\/\/noti-america.com\/site\/ecuador\/wp-json\/wp\/v2\/categories?post=9816"},{"taxonomy":"post_tag","embeddable":true,"href":"https:\/\/noti-america.com\/site\/ecuador\/wp-json\/wp\/v2\/tags?post=9816"}],"curies":[{"name":"wp","href":"https:\/\/api.w.org\/{rel}","templated":true}]}}