{"id":9672,"date":"2020-07-10T04:15:33","date_gmt":"2020-07-10T04:15:33","guid":{"rendered":"http:\/\/noti-america.com\/site\/ecuador\/?p=9672"},"modified":"2020-07-10T04:24:07","modified_gmt":"2020-07-10T04:24:07","slug":"piensen-antes-de-compartir-en-redes-sociales-sobre-covid-19-pide-la-onu","status":"publish","type":"post","link":"https:\/\/noti-america.com\/site\/ecuador\/2020\/07\/10\/piensen-antes-de-compartir-en-redes-sociales-sobre-covid-19-pide-la-onu\/","title":{"rendered":"Piensen antes de compartir en redes sociales sobre COVID-19, pide la ONU"},"content":{"rendered":"<p>REDACCI\u00d3N NOTI AM\u00c9RICA (ECUADOR)<\/p>\n<h3 style=\"text-align: justify\"><strong><em>Por medio de esta iniciativa, la ONU quiere que hagas una pausa antes de compartir informaci\u00f3n en redes sociales.<\/em><\/strong><\/h3>\n<div style=\"width: 820px\" class=\"wp-caption alignnone\"><img loading=\"lazy\" decoding=\"async\" src=\"https:\/\/www.expoknews.com\/wp-content\/uploads\/2020\/07\/pause-onu-810x402.png\" alt=\"\" width=\"810\" height=\"402\" \/><p class=\"wp-caption-text\">Redes sociales<\/p><\/div>\n<div class=\"entry-content\">\n<p style=\"text-align: justify\">Las redes sociales se han convertido en un medio de comunicaci\u00f3n fundamental, y m\u00e1s a\u00fan en la situaci\u00f3n de confinamiento derivada por la pandemia de COVID-19.<\/p>\n<p style=\"text-align: justify\">No obstante, tambi\u00e9n se han vuelto una de las principales fuentes de informaci\u00f3n, esto ha facilitado la filtraci\u00f3n de noticias ciertas y falsas. Y mientras las primeras ayudan a estar informados, las segundas \u00fanicamente generan pol\u00e9mica entre los miles de internautas sobre lo que realmente est\u00e1 sucediendo. \u00bfSabes cu\u00e1l es el impacto de estas?<\/p>\n<h2 style=\"text-align: justify\">El impacto de las noticias falsas<\/h2>\n<p style=\"text-align: justify\">Aunque no lo creas,\u00a0<strong>el contenido que compartes puede afectar a una o m\u00e1s personas, sembrar medio e incertidumbre, e incluso poner en riesgo la vida de la gente.<\/strong>\u00a0Por ello es esencial que al compartir alguna noticia te asegures que el lugar donde proviene es fidedigno.<\/p>\n<p style=\"text-align: justify\">Yamir Moreno, director del Instituto Universitario de Investigaci\u00f3n Biocomputaci\u00f3n y Fisica de Sistemascomplejos\u00a0(BIFI), ha precisado que en la sociedad actual, la informaci\u00f3n viaja m\u00e1s r\u00e1pido que nunca, y esto incluye tanto la\u00a0informaci\u00f3n \u00abbuena\u00bb como la difusi\u00f3n de noticias falsas conocidas como<em>\u00a0fake news.<\/em><\/p>\n<figure class=\"wp-block-image size-large\" style=\"text-align: justify\">\n<p><div id=\"attachment_292298\" style=\"width: 650px\" class=\"wp-caption aligncenter\"><img loading=\"lazy\" decoding=\"async\" aria-describedby=\"caption-attachment-292298\" class=\"wp-image-292298\" src=\"https:\/\/www.expoknews.com\/wp-content\/uploads\/2020\/07\/noticia-falsa.jpg\" alt=\"\" width=\"640\" height=\"426\" \/><p id=\"caption-attachment-292298\" class=\"wp-caption-text\">Verificar noticias falsas<\/p><\/div><\/figure>\n<p style=\"text-align: justify\">Las\u00a0<em>Fake news<\/em>\u00a0que se insertan en Internet, cuentan con un contenido que la hacen parecer veros\u00edmil, empero, la realidad es que solo buscan generar pol\u00e9mica.<\/p>\n<p style=\"text-align: justify\">De acuerdo a\u00a0<em>Muy Interesante<\/em>, los expertos del\u00a0MIT\u00a0Sinan Aral, Soroush Vosoughi y Deb Roy,\u00a0<strong>analizaron 126.000 historias difundidas en Twitter entre 2006 y 2017, con m\u00e1s de 4.5 millones de tuits de unos 3 millones de personas.<\/strong>\u00a0El equipo utiliz\u00f3 evaluaciones de seis organizaciones independientes de verificaci\u00f3n de datos para clasificar la verdad o la falsedad de estas historias, estimando que\u00a0<strong>e<\/strong>xisten unos 48 millones de bots en Twitter\u00a0y 60 millones en\u00a0Facebook.<\/p>\n<p style=\"text-align: justify\">Mediante esto, concluyeron que\u00a0<strong>la falsedad se difunde significativamente m\u00e1s lejos, m\u00e1s r\u00e1pido y m\u00e1s profunda que la verdad en todas las categor\u00edas de informaci\u00f3n<\/strong>. Los efectos fueron m\u00e1s pronunciados para noticias pol\u00edticas falsas que para noticias falsas sobre terrorismo, desastres naturales, ciencia, leyendas urbanas o informaci\u00f3n financiera.<\/p>\n<blockquote class=\"wp-block-quote\"><p>Las noticias ver\u00eddicas\u00a0rara vez se difunden a m\u00e1s de 1.000 personas y el 1% de las noticias falsas m\u00e1s virales se difunde rutinariamente entre 1.000 y 100.000 personas<\/p><\/blockquote>\n<p style=\"text-align: justify\">Afortunadamente, existen diversas maneras para verificar si una noticia es verdadera o falsa. \u00a1Observa la siguiente infograf\u00eda!<\/p>\n<figure class=\"wp-block-image size-large\" style=\"text-align: justify\">\n<p><div id=\"attachment_292300\" style=\"width: 778px\" class=\"wp-caption alignnone\"><img loading=\"lazy\" decoding=\"async\" aria-describedby=\"caption-attachment-292300\" class=\"wp-image-292300\" src=\"https:\/\/www.expoknews.com\/wp-content\/uploads\/2020\/07\/noticia.jpg\" alt=\"\" width=\"768\" height=\"1024\" \/><p id=\"caption-attachment-292300\" class=\"wp-caption-text\">Como identificar noticias falsas<\/p><\/div><\/figure>\n<p style=\"text-align: justify\">Para ayudar a detener esto y disminuir la incertidumbre generada por informaci\u00f3n err\u00f3nea, la Organizaci\u00f3n de las Naciones Unidas (ONU), desarroll\u00f3 la iniciativa\u00a0Verified\u00a0compartida por la\u00a0campa\u00f1a Pause, para que la gente de todo el mundo haga una pausa antes de compartir contenido en las redes sociales.<\/p>\n<h2 style=\"text-align: justify\">Verified y un alto a lo falso<\/h2>\n<p style=\"text-align: justify\">La informaci\u00f3n err\u00f3nea que se extiende a nivel mundial obstaculiza nuestra capacidad para avanzar en muchos de los problemas m\u00e1s importantes del mundo como la lucha contra la pandemia, la lucha por la justicia racial y la emergencia clim\u00e1tica.<\/p>\n<p style=\"text-align: justify\">Melissa Fleming, que supervisa el esfuerzo de comunicaci\u00f3n global de la ONU, se\u00f1al\u00f3 precisamente la idea de esta iniciativa:\u00a0<strong>\u00abPiensa antes de compartir\u00bb.\u00a0<\/strong>Y con ello generar conciencia en las personas sobre el valor de asegurarse que la informaci\u00f3n y fuentes son ver\u00eddicas.<\/p>\n<figure class=\"wp-block-embed-twitter wp-block-embed is-type-rich is-provider-twitter\" style=\"text-align: justify\">\n<div class=\"wp-block-embed__wrapper\">\n<div class=\"twitter-tweet twitter-tweet-rendered\"><\/div>\n<\/div>\n<\/figure>\n<blockquote class=\"wp-block-quote\"><p>\u00abUna de las formas en que la desinformaci\u00f3n se propaga es la forma en que la gente la comparte\u201d, aseguro Melissa Fleming, responsable del Departamento de Comunicaci\u00f3n Global, en v\u00edspera del lanzamiento de la campa\u00f1a\u00a0<em>Pause<\/em>, que coincide con el D\u00eda de las Redes Sociales.<\/p>\n<p><cite>Melissa Fleming<\/cite><\/p><\/blockquote>\n<p style=\"text-align: justify\">La\u00a0campa\u00f1a\u00a0<em>Pause<\/em>\u00a0consta de videos, gr\u00e1ficos y\u00a0<em>gifs<\/em>\u00a0coloridos que resaltan la importancia de compartir solo contenido de redes sociales confiable y preciso. Adem\u00e1s, la campa\u00f1a cuenta con el apoyo de la mayor\u00eda de los pa\u00edses que componen la ONU:<\/p>\n<figure class=\"wp-block-embed-twitter wp-block-embed is-type-rich is-provider-twitter\" style=\"text-align: justify\">\n<div class=\"wp-block-embed__wrapper\">\n<div class=\"twitter-tweet twitter-tweet-rendered\"><\/div>\n<\/div>\n<\/figure>\n<blockquote class=\"wp-block-quote\"><p>Estamos preocupados por el da\u00f1o causado por la creaci\u00f3n y circulaci\u00f3n deliberada de informaci\u00f3n falsa o manipulada relacionada con la pandemia. Hacemos un llamado a los pa\u00edses a tomar medidas para contrarrestar la propagaci\u00f3n de dicha desinformaci\u00f3n, de manera objetiva y con el debido respeto para la libertad de expresi\u00f3n de los ciudadanos.<\/p>\n<p><cite>Se\u00a0lee en\u00a0el\u00a0comunicado.<\/cite><\/p><\/blockquote>\n<p style=\"text-align: justify\">As\u00ed que como parte de este movimiento, Verified y las Naciones Unidas est\u00e1n pidiendo a las personas de todo el mundo que\u00a0<strong>adopten un cambio de comportamiento simple cuando sienten que sus emociones aumentan en l\u00ednea.<\/strong><\/p>\n<h2 style=\"text-align: justify\">Las empresas tambi\u00e9n se unen<\/h2>\n<p style=\"text-align: justify\">Algunas de las empresas de medios de todo el mundo tambi\u00e9n distribuyen contenido de Pause en sus canales, en l\u00ednea y por mensaje de texto para fortalecer esta campa\u00f1a y expandir el mensaje sobre el valor de dejar de compartir noticias falsas.<\/p>\n<p style=\"text-align: justify\">\u00abEl objetivo es ayudar a detener la propagaci\u00f3n de informaci\u00f3n inexacta sobre COVID-19 en las redes sociales\u00bb, dijo Fleming, y enfatiz\u00f3 que solo plataformas como Facebook o Twitter pueden realmente detener la propagaci\u00f3n viral de noticias falsas.<\/p>\n<figure class=\"wp-block-embed-twitter wp-block-embed is-type-rich is-provider-twitter\" style=\"text-align: justify\">\n<div class=\"wp-block-embed__wrapper\">\n<div class=\"twitter-tweet twitter-tweet-rendered\"><\/div>\n<\/div>\n<\/figure>\n<blockquote class=\"wp-block-quote\"><p>Tambi\u00e9n necesitamos las plataformas para trabajar con nosotros. Muchas plataformas de redes sociales se han comprometido a promover Pause, al tiempo que aumentan sus esfuerzos para detener la circulaci\u00f3n de informaci\u00f3n err\u00f3nea.<\/p>\n<p><cite>Melissa Fleming.<\/cite><\/p><\/blockquote>\n<p style=\"text-align: justify\">Sin embargo, en lo que se crea este v\u00ednculo con las principales redes sociales para combatir la filtraci\u00f3n de informaci\u00f3n err\u00f3nea, Melissa Fleming se\u00f1al\u00f3 que es sumamente importante que la sociedad comience a actuar y a tomar cartas en el asunto.<\/p>\n<blockquote class=\"wp-block-quote\"><p>No podemos esperar a que las empresas de tecnolog\u00eda aborden el problema cuando todos podemos tomar medidas ahora.<\/p>\n<p><cite>Pause.<\/cite><\/p><\/blockquote>\n<p style=\"text-align: justify\">Para incentivar la participaci\u00f3n de las personas, Verified y la ONU han reclutado a los llamados \u00abprimeros respondedores digitales\u00bb y as\u00ed contrarrestar las noticias falsas.<\/p>\n<figure class=\"wp-block-embed-twitter wp-block-embed is-type-rich is-provider-twitter\" style=\"text-align: justify\">\n<div class=\"wp-block-embed__wrapper\">\n<div class=\"twitter-tweet twitter-tweet-rendered\"><\/div>\n<\/div>\n<\/figure>\n<p style=\"text-align: justify\">Estas personas ser\u00e1n responsables de verificar las fuentes que se comparten. Hasta el momento se han inscrito m\u00e1s de 10,000 de diferentes partes del mundo como Colombia o Reino Unido. \u00a1Y lo mejor de todo es que t\u00fa tambi\u00e9n puedes unirte!<\/p>\n<h2 style=\"text-align: justify\">Ayuda a combatir las noticias falsas<\/h2>\n<p style=\"text-align: justify\">En esta crisis, compartir informaci\u00f3n confiable y verificada ayudar\u00e1 a mantener a todos a salvo.<\/p>\n<p style=\"text-align: justify\">Por medio de esta iniciativa se invitar\u00e1 a hacer una reflexi\u00f3n y una pausa antes de compartir cualquier tipo de noticia, y con ello dejar espacio a todas aquellas noticias con informaci\u00f3n valiosa y transparente que permita hacer frente a la pandemia.<\/p>\n<figure class=\"wp-block-embed-twitter wp-block-embed is-type-rich is-provider-twitter\" style=\"text-align: justify\">\n<div class=\"wp-block-embed__wrapper\">\n<div class=\"twitter-tweet twitter-tweet-rendered\"><\/div>\n<\/div>\n<\/figure>\n<p style=\"text-align: justify\">Si est\u00e1s interesado en formar parte de esta iniciativa y asegurarte de que el contenido que compartes ayuda al mundo, lo \u00fanico que tienes que hacer es registrarte<a href=\"https:\/\/www.takecarebeforeyoushare.org\/\">\u00a0aqu\u00ed<\/a>.<\/p>\n<p>Fuente: EXPOK<\/p>\n<\/div>\n","protected":false},"excerpt":{"rendered":"<p>REDACCI\u00d3N NOTI AM\u00c9RICA (ECUADOR) Por medio de esta iniciativa, la ONU quiere que hagas una pausa antes de compartir informaci\u00f3n en redes sociales. Las redes sociales se han convertido en un medio de comunicaci\u00f3n&#46;&#46;&#46;<\/p>\n","protected":false},"author":17,"featured_media":9673,"comment_status":"open","ping_status":"open","sticky":false,"template":"","format":"standard","meta":{"_acf_changed":false,"om_disable_all_campaigns":false,"rop_custom_images_group":[],"rop_custom_messages_group":[],"rop_publish_now":"initial","rop_publish_now_accounts":{"twitter_242054905_242054905":""},"rop_publish_now_history":[],"rop_publish_now_status":"pending","_uf_show_specific_survey":0,"_uf_disable_surveys":false,"footnotes":""},"categories":[1],"tags":[],"class_list":["post-9672","post","type-post","status-publish","format-standard","has-post-thumbnail","hentry","category-uncategorized"],"acf":[],"aioseo_notices":[],"yoast_head":"<!-- This site is optimized with the Yoast SEO Premium plugin v24.9 (Yoast SEO v27.2) - https:\/\/yoast.com\/product\/yoast-seo-premium-wordpress\/ -->\n<title>Piensen antes de compartir en redes sociales sobre COVID-19, pide la ONU - Ecuador | Noti-America.com<\/title>\n<meta name=\"robots\" content=\"index, follow, max-snippet:-1, max-image-preview:large, max-video-preview:-1\" \/>\n<link rel=\"canonical\" href=\"https:\/\/noti-america.com\/site\/ecuador\/2020\/07\/10\/piensen-antes-de-compartir-en-redes-sociales-sobre-covid-19-pide-la-onu\/\" \/>\n<meta property=\"og:locale\" content=\"es_ES\" \/>\n<meta property=\"og:type\" content=\"article\" \/>\n<meta property=\"og:title\" content=\"Piensen antes de compartir en redes sociales sobre COVID-19, pide la ONU\" \/>\n<meta property=\"og:description\" content=\"REDACCI\u00d3N NOTI AM\u00c9RICA (ECUADOR) Por medio de esta iniciativa, la ONU quiere que hagas una pausa antes de compartir informaci\u00f3n en redes sociales. Las redes sociales se han convertido en un medio de comunicaci\u00f3n&#046;&#046;&#046;\" \/>\n<meta property=\"og:url\" content=\"https:\/\/noti-america.com\/site\/ecuador\/2020\/07\/10\/piensen-antes-de-compartir-en-redes-sociales-sobre-covid-19-pide-la-onu\/\" \/>\n<meta property=\"og:site_name\" content=\"Ecuador | Noti-America.com\" \/>\n<meta property=\"article:published_time\" content=\"2020-07-10T04:15:33+00:00\" \/>\n<meta property=\"article:modified_time\" content=\"2020-07-10T04:24:07+00:00\" \/>\n<meta property=\"og:image\" content=\"https:\/\/noti-america.com\/site\/ecuador\/wp-content\/uploads\/sites\/18\/2020\/07\/pause-onu-810x402-1.png\" \/>\n\t<meta property=\"og:image:width\" content=\"810\" \/>\n\t<meta property=\"og:image:height\" content=\"402\" \/>\n\t<meta property=\"og:image:type\" content=\"image\/png\" \/>\n<meta name=\"author\" content=\"Gregory Quintana Montiel\" \/>\n<meta name=\"twitter:card\" content=\"summary_large_image\" \/>\n<meta name=\"twitter:creator\" content=\"@gdgregori1\" \/>\n<meta name=\"twitter:site\" content=\"@notiamerica\" \/>\n<meta name=\"twitter:label1\" content=\"Escrito por\" \/>\n\t<meta name=\"twitter:data1\" content=\"Gregory Quintana Montiel\" \/>\n\t<meta name=\"twitter:label2\" content=\"Tiempo estimado de lectura\" \/>\n\t<meta name=\"twitter:data2\" content=\"6 minutos\" \/>\n<script type=\"application\/ld+json\" class=\"yoast-schema-graph\">{\"@context\":\"https:\/\/schema.org\",\"@graph\":[{\"@type\":\"Article\",\"@id\":\"https:\/\/noti-america.com\/site\/ecuador\/2020\/07\/10\/piensen-antes-de-compartir-en-redes-sociales-sobre-covid-19-pide-la-onu\/#article\",\"isPartOf\":{\"@id\":\"https:\/\/noti-america.com\/site\/ecuador\/2020\/07\/10\/piensen-antes-de-compartir-en-redes-sociales-sobre-covid-19-pide-la-onu\/\"},\"author\":{\"name\":\"Gregory Quintana Montiel\",\"@id\":\"https:\/\/noti-america.com\/site\/ecuador\/#\/schema\/person\/3b975e42f15abfe64bfe3abdd916efda\"},\"headline\":\"Piensen antes de compartir en redes sociales sobre COVID-19, pide la ONU\",\"datePublished\":\"2020-07-10T04:15:33+00:00\",\"dateModified\":\"2020-07-10T04:24:07+00:00\",\"mainEntityOfPage\":{\"@id\":\"https:\/\/noti-america.com\/site\/ecuador\/2020\/07\/10\/piensen-antes-de-compartir-en-redes-sociales-sobre-covid-19-pide-la-onu\/\"},\"wordCount\":1178,\"commentCount\":0,\"publisher\":{\"@id\":\"https:\/\/noti-america.com\/site\/ecuador\/#organization\"},\"image\":{\"@id\":\"https:\/\/noti-america.com\/site\/ecuador\/2020\/07\/10\/piensen-antes-de-compartir-en-redes-sociales-sobre-covid-19-pide-la-onu\/#primaryimage\"},\"thumbnailUrl\":\"https:\/\/noti-america.com\/site\/ecuador\/wp-content\/uploads\/sites\/18\/2020\/07\/pause-onu-810x402-1.png\",\"articleSection\":[\"Uncategorized\"],\"inLanguage\":\"es\",\"potentialAction\":[{\"@type\":\"CommentAction\",\"name\":\"Comment\",\"target\":[\"https:\/\/noti-america.com\/site\/ecuador\/2020\/07\/10\/piensen-antes-de-compartir-en-redes-sociales-sobre-covid-19-pide-la-onu\/#respond\"]}]},{\"@type\":\"WebPage\",\"@id\":\"https:\/\/noti-america.com\/site\/ecuador\/2020\/07\/10\/piensen-antes-de-compartir-en-redes-sociales-sobre-covid-19-pide-la-onu\/\",\"url\":\"https:\/\/noti-america.com\/site\/ecuador\/2020\/07\/10\/piensen-antes-de-compartir-en-redes-sociales-sobre-covid-19-pide-la-onu\/\",\"name\":\"Piensen antes de compartir en redes sociales sobre COVID-19, pide la ONU - Ecuador | Noti-America.com\",\"isPartOf\":{\"@id\":\"https:\/\/noti-america.com\/site\/ecuador\/#website\"},\"primaryImageOfPage\":{\"@id\":\"https:\/\/noti-america.com\/site\/ecuador\/2020\/07\/10\/piensen-antes-de-compartir-en-redes-sociales-sobre-covid-19-pide-la-onu\/#primaryimage\"},\"image\":{\"@id\":\"https:\/\/noti-america.com\/site\/ecuador\/2020\/07\/10\/piensen-antes-de-compartir-en-redes-sociales-sobre-covid-19-pide-la-onu\/#primaryimage\"},\"thumbnailUrl\":\"https:\/\/noti-america.com\/site\/ecuador\/wp-content\/uploads\/sites\/18\/2020\/07\/pause-onu-810x402-1.png\",\"datePublished\":\"2020-07-10T04:15:33+00:00\",\"dateModified\":\"2020-07-10T04:24:07+00:00\",\"breadcrumb\":{\"@id\":\"https:\/\/noti-america.com\/site\/ecuador\/2020\/07\/10\/piensen-antes-de-compartir-en-redes-sociales-sobre-covid-19-pide-la-onu\/#breadcrumb\"},\"inLanguage\":\"es\",\"potentialAction\":[{\"@type\":\"ReadAction\",\"target\":[\"https:\/\/noti-america.com\/site\/ecuador\/2020\/07\/10\/piensen-antes-de-compartir-en-redes-sociales-sobre-covid-19-pide-la-onu\/\"]}]},{\"@type\":\"ImageObject\",\"inLanguage\":\"es\",\"@id\":\"https:\/\/noti-america.com\/site\/ecuador\/2020\/07\/10\/piensen-antes-de-compartir-en-redes-sociales-sobre-covid-19-pide-la-onu\/#primaryimage\",\"url\":\"https:\/\/noti-america.com\/site\/ecuador\/wp-content\/uploads\/sites\/18\/2020\/07\/pause-onu-810x402-1.png\",\"contentUrl\":\"https:\/\/noti-america.com\/site\/ecuador\/wp-content\/uploads\/sites\/18\/2020\/07\/pause-onu-810x402-1.png\",\"width\":810,\"height\":402},{\"@type\":\"BreadcrumbList\",\"@id\":\"https:\/\/noti-america.com\/site\/ecuador\/2020\/07\/10\/piensen-antes-de-compartir-en-redes-sociales-sobre-covid-19-pide-la-onu\/#breadcrumb\",\"itemListElement\":[{\"@type\":\"ListItem\",\"position\":1,\"name\":\"Portada\",\"item\":\"https:\/\/noti-america.com\/site\/ecuador\/\"},{\"@type\":\"ListItem\",\"position\":2,\"name\":\"Piensen antes de compartir en redes sociales sobre COVID-19, pide la ONU\"}]},{\"@type\":\"WebSite\",\"@id\":\"https:\/\/noti-america.com\/site\/ecuador\/#website\",\"url\":\"https:\/\/noti-america.com\/site\/ecuador\/\",\"name\":\"Ecuador | Noti-America.com\",\"description\":\"\",\"publisher\":{\"@id\":\"https:\/\/noti-america.com\/site\/ecuador\/#organization\"},\"potentialAction\":[{\"@type\":\"SearchAction\",\"target\":{\"@type\":\"EntryPoint\",\"urlTemplate\":\"https:\/\/noti-america.com\/site\/ecuador\/?s={search_term_string}\"},\"query-input\":{\"@type\":\"PropertyValueSpecification\",\"valueRequired\":true,\"valueName\":\"search_term_string\"}}],\"inLanguage\":\"es\"},{\"@type\":\"Organization\",\"@id\":\"https:\/\/noti-america.com\/site\/ecuador\/#organization\",\"name\":\"Noti-America LLC | Ecuador\",\"url\":\"https:\/\/noti-america.com\/site\/ecuador\/\",\"logo\":{\"@type\":\"ImageObject\",\"inLanguage\":\"es\",\"@id\":\"https:\/\/noti-america.com\/site\/ecuador\/#\/schema\/logo\/image\/\",\"url\":\"https:\/\/noti-america.com\/site\/ecuador\/wp-content\/uploads\/sites\/18\/2020\/07\/LogoNA-4x3-1.jpg\",\"contentUrl\":\"https:\/\/noti-america.com\/site\/ecuador\/wp-content\/uploads\/sites\/18\/2020\/07\/LogoNA-4x3-1.jpg\",\"width\":1236,\"height\":1080,\"caption\":\"Noti-America LLC | Ecuador\"},\"image\":{\"@id\":\"https:\/\/noti-america.com\/site\/ecuador\/#\/schema\/logo\/image\/\"},\"sameAs\":[\"https:\/\/x.com\/notiamerica\"]},{\"@type\":\"Person\",\"@id\":\"https:\/\/noti-america.com\/site\/ecuador\/#\/schema\/person\/3b975e42f15abfe64bfe3abdd916efda\",\"name\":\"Gregory Quintana Montiel\",\"image\":{\"@type\":\"ImageObject\",\"inLanguage\":\"es\",\"@id\":\"https:\/\/secure.gravatar.com\/avatar\/2d6b802f7720c2ec7744dcbe608cc2f3417aeb964d58b443c6d612b77531de1d?s=96&d=mm&r=g\",\"url\":\"https:\/\/secure.gravatar.com\/avatar\/2d6b802f7720c2ec7744dcbe608cc2f3417aeb964d58b443c6d612b77531de1d?s=96&d=mm&r=g\",\"contentUrl\":\"https:\/\/secure.gravatar.com\/avatar\/2d6b802f7720c2ec7744dcbe608cc2f3417aeb964d58b443c6d612b77531de1d?s=96&d=mm&r=g\",\"caption\":\"Gregory Quintana Montiel\"},\"description\":\"Licenciatura en Ciencias de la Comunicaci\u00f3n Social, egresado en la Especializaci\u00f3n Derecho Ambiental Desarrollo Sostenible y Sustentable, Miembro de la Comunidad de profesionales y experto para Latinoam\u00e9rica y el Caribe en Gesti\u00f3n por Resultado en el Desarrollo (COPLAC - GpRD) del Banco Interamericano de Desarrollo, experiencia en medios radiales y escritos.\",\"sameAs\":[\"https:\/\/x.com\/gdgregori1\",\"gquintana\"],\"url\":\"https:\/\/noti-america.com\/site\/ecuador\/author\/gquintana\/\"}]}<\/script>\n<!-- \/ Yoast SEO Premium plugin. -->","yoast_head_json":{"title":"Piensen antes de compartir en redes sociales sobre COVID-19, pide la ONU - Ecuador | Noti-America.com","robots":{"index":"index","follow":"follow","max-snippet":"max-snippet:-1","max-image-preview":"max-image-preview:large","max-video-preview":"max-video-preview:-1"},"canonical":"https:\/\/noti-america.com\/site\/ecuador\/2020\/07\/10\/piensen-antes-de-compartir-en-redes-sociales-sobre-covid-19-pide-la-onu\/","og_locale":"es_ES","og_type":"article","og_title":"Piensen antes de compartir en redes sociales sobre COVID-19, pide la ONU","og_description":"REDACCI\u00d3N NOTI AM\u00c9RICA (ECUADOR) Por medio de esta iniciativa, la ONU quiere que hagas una pausa antes de compartir informaci\u00f3n en redes sociales. Las redes sociales se han convertido en un medio de comunicaci\u00f3n&#46;&#46;&#46;","og_url":"https:\/\/noti-america.com\/site\/ecuador\/2020\/07\/10\/piensen-antes-de-compartir-en-redes-sociales-sobre-covid-19-pide-la-onu\/","og_site_name":"Ecuador | Noti-America.com","article_published_time":"2020-07-10T04:15:33+00:00","article_modified_time":"2020-07-10T04:24:07+00:00","og_image":[{"width":810,"height":402,"url":"https:\/\/noti-america.com\/site\/ecuador\/wp-content\/uploads\/sites\/18\/2020\/07\/pause-onu-810x402-1.png","type":"image\/png"}],"author":"Gregory Quintana Montiel","twitter_card":"summary_large_image","twitter_creator":"@gdgregori1","twitter_site":"@notiamerica","twitter_misc":{"Escrito por":"Gregory Quintana Montiel","Tiempo estimado de lectura":"6 minutos"},"schema":{"@context":"https:\/\/schema.org","@graph":[{"@type":"Article","@id":"https:\/\/noti-america.com\/site\/ecuador\/2020\/07\/10\/piensen-antes-de-compartir-en-redes-sociales-sobre-covid-19-pide-la-onu\/#article","isPartOf":{"@id":"https:\/\/noti-america.com\/site\/ecuador\/2020\/07\/10\/piensen-antes-de-compartir-en-redes-sociales-sobre-covid-19-pide-la-onu\/"},"author":{"name":"Gregory Quintana Montiel","@id":"https:\/\/noti-america.com\/site\/ecuador\/#\/schema\/person\/3b975e42f15abfe64bfe3abdd916efda"},"headline":"Piensen antes de compartir en redes sociales sobre COVID-19, pide la ONU","datePublished":"2020-07-10T04:15:33+00:00","dateModified":"2020-07-10T04:24:07+00:00","mainEntityOfPage":{"@id":"https:\/\/noti-america.com\/site\/ecuador\/2020\/07\/10\/piensen-antes-de-compartir-en-redes-sociales-sobre-covid-19-pide-la-onu\/"},"wordCount":1178,"commentCount":0,"publisher":{"@id":"https:\/\/noti-america.com\/site\/ecuador\/#organization"},"image":{"@id":"https:\/\/noti-america.com\/site\/ecuador\/2020\/07\/10\/piensen-antes-de-compartir-en-redes-sociales-sobre-covid-19-pide-la-onu\/#primaryimage"},"thumbnailUrl":"https:\/\/noti-america.com\/site\/ecuador\/wp-content\/uploads\/sites\/18\/2020\/07\/pause-onu-810x402-1.png","articleSection":["Uncategorized"],"inLanguage":"es","potentialAction":[{"@type":"CommentAction","name":"Comment","target":["https:\/\/noti-america.com\/site\/ecuador\/2020\/07\/10\/piensen-antes-de-compartir-en-redes-sociales-sobre-covid-19-pide-la-onu\/#respond"]}]},{"@type":"WebPage","@id":"https:\/\/noti-america.com\/site\/ecuador\/2020\/07\/10\/piensen-antes-de-compartir-en-redes-sociales-sobre-covid-19-pide-la-onu\/","url":"https:\/\/noti-america.com\/site\/ecuador\/2020\/07\/10\/piensen-antes-de-compartir-en-redes-sociales-sobre-covid-19-pide-la-onu\/","name":"Piensen antes de compartir en redes sociales sobre COVID-19, pide la ONU - Ecuador | Noti-America.com","isPartOf":{"@id":"https:\/\/noti-america.com\/site\/ecuador\/#website"},"primaryImageOfPage":{"@id":"https:\/\/noti-america.com\/site\/ecuador\/2020\/07\/10\/piensen-antes-de-compartir-en-redes-sociales-sobre-covid-19-pide-la-onu\/#primaryimage"},"image":{"@id":"https:\/\/noti-america.com\/site\/ecuador\/2020\/07\/10\/piensen-antes-de-compartir-en-redes-sociales-sobre-covid-19-pide-la-onu\/#primaryimage"},"thumbnailUrl":"https:\/\/noti-america.com\/site\/ecuador\/wp-content\/uploads\/sites\/18\/2020\/07\/pause-onu-810x402-1.png","datePublished":"2020-07-10T04:15:33+00:00","dateModified":"2020-07-10T04:24:07+00:00","breadcrumb":{"@id":"https:\/\/noti-america.com\/site\/ecuador\/2020\/07\/10\/piensen-antes-de-compartir-en-redes-sociales-sobre-covid-19-pide-la-onu\/#breadcrumb"},"inLanguage":"es","potentialAction":[{"@type":"ReadAction","target":["https:\/\/noti-america.com\/site\/ecuador\/2020\/07\/10\/piensen-antes-de-compartir-en-redes-sociales-sobre-covid-19-pide-la-onu\/"]}]},{"@type":"ImageObject","inLanguage":"es","@id":"https:\/\/noti-america.com\/site\/ecuador\/2020\/07\/10\/piensen-antes-de-compartir-en-redes-sociales-sobre-covid-19-pide-la-onu\/#primaryimage","url":"https:\/\/noti-america.com\/site\/ecuador\/wp-content\/uploads\/sites\/18\/2020\/07\/pause-onu-810x402-1.png","contentUrl":"https:\/\/noti-america.com\/site\/ecuador\/wp-content\/uploads\/sites\/18\/2020\/07\/pause-onu-810x402-1.png","width":810,"height":402},{"@type":"BreadcrumbList","@id":"https:\/\/noti-america.com\/site\/ecuador\/2020\/07\/10\/piensen-antes-de-compartir-en-redes-sociales-sobre-covid-19-pide-la-onu\/#breadcrumb","itemListElement":[{"@type":"ListItem","position":1,"name":"Portada","item":"https:\/\/noti-america.com\/site\/ecuador\/"},{"@type":"ListItem","position":2,"name":"Piensen antes de compartir en redes sociales sobre COVID-19, pide la ONU"}]},{"@type":"WebSite","@id":"https:\/\/noti-america.com\/site\/ecuador\/#website","url":"https:\/\/noti-america.com\/site\/ecuador\/","name":"Ecuador | Noti-America.com","description":"","publisher":{"@id":"https:\/\/noti-america.com\/site\/ecuador\/#organization"},"potentialAction":[{"@type":"SearchAction","target":{"@type":"EntryPoint","urlTemplate":"https:\/\/noti-america.com\/site\/ecuador\/?s={search_term_string}"},"query-input":{"@type":"PropertyValueSpecification","valueRequired":true,"valueName":"search_term_string"}}],"inLanguage":"es"},{"@type":"Organization","@id":"https:\/\/noti-america.com\/site\/ecuador\/#organization","name":"Noti-America LLC | Ecuador","url":"https:\/\/noti-america.com\/site\/ecuador\/","logo":{"@type":"ImageObject","inLanguage":"es","@id":"https:\/\/noti-america.com\/site\/ecuador\/#\/schema\/logo\/image\/","url":"https:\/\/noti-america.com\/site\/ecuador\/wp-content\/uploads\/sites\/18\/2020\/07\/LogoNA-4x3-1.jpg","contentUrl":"https:\/\/noti-america.com\/site\/ecuador\/wp-content\/uploads\/sites\/18\/2020\/07\/LogoNA-4x3-1.jpg","width":1236,"height":1080,"caption":"Noti-America LLC | Ecuador"},"image":{"@id":"https:\/\/noti-america.com\/site\/ecuador\/#\/schema\/logo\/image\/"},"sameAs":["https:\/\/x.com\/notiamerica"]},{"@type":"Person","@id":"https:\/\/noti-america.com\/site\/ecuador\/#\/schema\/person\/3b975e42f15abfe64bfe3abdd916efda","name":"Gregory Quintana Montiel","image":{"@type":"ImageObject","inLanguage":"es","@id":"https:\/\/secure.gravatar.com\/avatar\/2d6b802f7720c2ec7744dcbe608cc2f3417aeb964d58b443c6d612b77531de1d?s=96&d=mm&r=g","url":"https:\/\/secure.gravatar.com\/avatar\/2d6b802f7720c2ec7744dcbe608cc2f3417aeb964d58b443c6d612b77531de1d?s=96&d=mm&r=g","contentUrl":"https:\/\/secure.gravatar.com\/avatar\/2d6b802f7720c2ec7744dcbe608cc2f3417aeb964d58b443c6d612b77531de1d?s=96&d=mm&r=g","caption":"Gregory Quintana Montiel"},"description":"Licenciatura en Ciencias de la Comunicaci\u00f3n Social, egresado en la Especializaci\u00f3n Derecho Ambiental Desarrollo Sostenible y Sustentable, Miembro de la Comunidad de profesionales y experto para Latinoam\u00e9rica y el Caribe en Gesti\u00f3n por Resultado en el Desarrollo (COPLAC - GpRD) del Banco Interamericano de Desarrollo, experiencia en medios radiales y escritos.","sameAs":["https:\/\/x.com\/gdgregori1","gquintana"],"url":"https:\/\/noti-america.com\/site\/ecuador\/author\/gquintana\/"}]}},"_links":{"self":[{"href":"https:\/\/noti-america.com\/site\/ecuador\/wp-json\/wp\/v2\/posts\/9672","targetHints":{"allow":["GET"]}}],"collection":[{"href":"https:\/\/noti-america.com\/site\/ecuador\/wp-json\/wp\/v2\/posts"}],"about":[{"href":"https:\/\/noti-america.com\/site\/ecuador\/wp-json\/wp\/v2\/types\/post"}],"author":[{"embeddable":true,"href":"https:\/\/noti-america.com\/site\/ecuador\/wp-json\/wp\/v2\/users\/17"}],"replies":[{"embeddable":true,"href":"https:\/\/noti-america.com\/site\/ecuador\/wp-json\/wp\/v2\/comments?post=9672"}],"version-history":[{"count":3,"href":"https:\/\/noti-america.com\/site\/ecuador\/wp-json\/wp\/v2\/posts\/9672\/revisions"}],"predecessor-version":[{"id":9676,"href":"https:\/\/noti-america.com\/site\/ecuador\/wp-json\/wp\/v2\/posts\/9672\/revisions\/9676"}],"wp:featuredmedia":[{"embeddable":true,"href":"https:\/\/noti-america.com\/site\/ecuador\/wp-json\/wp\/v2\/media\/9673"}],"wp:attachment":[{"href":"https:\/\/noti-america.com\/site\/ecuador\/wp-json\/wp\/v2\/media?parent=9672"}],"wp:term":[{"taxonomy":"category","embeddable":true,"href":"https:\/\/noti-america.com\/site\/ecuador\/wp-json\/wp\/v2\/categories?post=9672"},{"taxonomy":"post_tag","embeddable":true,"href":"https:\/\/noti-america.com\/site\/ecuador\/wp-json\/wp\/v2\/tags?post=9672"}],"curies":[{"name":"wp","href":"https:\/\/api.w.org\/{rel}","templated":true}]}}