{"id":9593,"date":"2020-07-06T02:32:23","date_gmt":"2020-07-06T02:32:23","guid":{"rendered":"http:\/\/noti-america.com\/site\/ecuador\/?p=9593"},"modified":"2020-07-06T23:05:25","modified_gmt":"2020-07-06T23:05:25","slug":"9593","status":"publish","type":"post","link":"https:\/\/noti-america.com\/site\/ecuador\/2020\/07\/06\/9593\/","title":{"rendered":"ONGs ecologistas solicitan a la UE eliminar uso de biocombustibles hecho a base de alimentos"},"content":{"rendered":"<p>REDACCI\u00d3N NOTI AM\u00c9RICA (ECUADOR)<\/p>\n<ul class=\"descripcion\">\n<li class=\"descripcion\" style=\"text-align: justify\">El consumo de aceite de palma entre 2008 y 2019 para fabricar biodi\u00e9sel en la Uni\u00f3n Europea creci\u00f3 un 46 por ciento en ese periodo, ya que pas\u00f3 de 8 millones de toneladas en 2009 a 11,7 millones de toneladas en 2019.<\/li>\n<\/ul>\n<div class=\"position-relative mb-30\" style=\"text-align: justify\">\n<div style=\"width: 740px\" class=\"wp-caption aligncenter\"><img loading=\"lazy\" decoding=\"async\" class=\"img-fluid cienxcien\" src=\"https:\/\/www.ecoticias.com\/userfiles\/extra\/TKFL_179.jpg\" alt=\"El di\u00e9sel europeo es \u2018veneno\u2019 en estado puro\" width=\"730\" height=\"487\" \/><p class=\"wp-caption-text\">Aceite de palma para biocombustibles<\/p><\/div>\n<div class=\"post-share-area mb-40 item-shadow-1\"><\/div>\n<\/div>\n<p style=\"text-align: justify\">La coalici\u00f3n internacional de ONG ecologistas, entre las que figura Ecologistas en Acci\u00f3n pide a los Gobiernos de Alemania, Francia, Pa\u00edses Bajos, Italia y Espa\u00f1a a que eliminen\u00a0<strong>el uso de los biocombustibles a base de alimentos<\/strong>, incluido el de palma y soja, en 2021 y para ello han lanzado la campa\u00f1a #NoEnMiDep\u00f3sito.<\/p>\n<p style=\"text-align: justify\">As\u00ed, en el informe &#8216;M\u00e1s palma y colza en nuestros dep\u00f3sitos que en nuestros alimentos. Diez a\u00f1os de las pol\u00edticas de biocombustibles de la Uni\u00f3n Europea&#8217; afirman que el di\u00e9sel de la UE contiene cien veces m\u00e1s aceite de palma que todas las galletas Oreo del mundo y en cuanto a Espa\u00f1a precisa que las refiner\u00edas de combustibles en 2019 transformaron 1,76 millones de toneladas de aceite de palma en biodi\u00e9sel.<\/p>\n<div style=\"width: 610px\" class=\"wp-caption alignleft\"><img loading=\"lazy\" decoding=\"async\" class=\"imagenin img-fluid pull-left mr-40 mb-15\" src=\"https:\/\/www.ecoticias.com\/userfiles\/2020\/Jul_02\/178.jpg\" alt=\"El di\u00e9sel europeo es \u2018veneno\u2019 en estado puro\" width=\"600\" height=\"800\" \/><p class=\"wp-caption-text\">Aceite de palma<\/p><\/div>\n<p style=\"text-align: justify\">Adem\u00e1s, a\u00f1ade que solo en 2019\u00a0<strong>el consumo de aceite de palma<\/strong>\u00a0para frabricar biodi\u00e9sel creci\u00f3 un 7 por ciento en la Uni\u00f3n Europea hasta alcanzar un m\u00e1ximo hist\u00f3rico de 4.5 millones de toneladas.<\/p>\n<p style=\"text-align: justify\">Al mismo tiempo, el estudio concluye que el uso de aceite de palma en la alimentaci\u00f3n y la industria oleoqu\u00edmica (pan, helados, crema de avellanas, chocolate, margarina, champ\u00fa y detergente) cay\u00f3 a un m\u00ednimo hist\u00f3rico de 2,8 millones de toneladas, algo que achaca a la \u00abpol\u00edtica europea de fomento del uso de biocombustibles\u00bb que se implant\u00f3 en 2009 y que \u00abobliga\u00bb a las empresas petroleras a mezclar biocombustibles con combustibles f\u00f3siles para supuestamente tener autom\u00f3viles \u00abm\u00e1s verdes\u00bb.<\/p>\n<p style=\"text-align: justify\">La coalici\u00f3n de ONG apunta que en los \u00faltimos diez a\u00f1os\u00a0<strong>el consumo de aceites vegetales<\/strong>\u00a0como el de colza, girasol, soja y palma para la industria alimentaria y oleoqu\u00edmica se ha estancado en alrededor de 12 millones de toneladas al a\u00f1o, mientras que el consumo para producir biodi\u00e9sel creci\u00f3 un 46 por ciento, de 8 millones de toneladas en 2009 a 11,7 millones de toneladas en 2019.<\/p>\n<p style=\"text-align: justify\">Las conclusiones de OilWorld, la referencia de la industria para los mercados de aceites vegetales, se publican en el informe de la federaci\u00f3n T&amp;E y Ecologistas en Acci\u00f3n. En promedio, el biodi\u00e9sel a base de cultivos agroalimentarios emite un 80 por ciento m\u00e1s emisiones de gases de efeco invernadero que el di\u00e9sel f\u00f3sil porque los cultivos de palma y soja est\u00e1n asociados a la deforestaci\u00f3n.<\/p>\n<p style=\"text-align: justify\">La portavoz de Ecologistas en Acci\u00f3n Rosal\u00eda Soley ha lamentado que el a\u00f1o pasado la UE \u00abdej\u00f3 claro\u00bb que los Estados miembros no est\u00e1n obligados a usar biocombustibles agr\u00edcolas para cumplir\u00a0<strong>los objetivos de energ\u00eda renovable<\/strong>\u00a0en el sector transporte a partir de 2021.<\/p>\n<p style=\"text-align: justify\">Por ello, considera que \u00abla transposici\u00f3n de la Directiva de Energ\u00eda Renovable (DER II) es la gran oportunidad que tienen los pa\u00edses de la UE de eliminar realmente este tipo de biocombustibles asociados con el cambio de uso indirecto de la tierra y la deforestaci\u00f3n\u00bb.<\/p>\n<h2 style=\"text-align: justify\">En la misma l\u00ednea, la coordinadora del \u00e1rea de biocombustibles de T&amp;E,<\/h2>\n<p style=\"text-align: justify\">Cristina Mestre, reclama que \u00abla \u00ablocura de quemar comida en los coches debe detenerse lo antes posible\u00bb.<\/p>\n<p style=\"text-align: justify\">\u00abEsta pol\u00edtica fallida de biocombustibles eleva los precios mundiales de los alimentos, impulsa la deforestaci\u00f3n y el cambio clim\u00e1tico, y amenaza tanto a las especies en peligro de extinci\u00f3n como a las comunidades locales. Los l\u00edderes de la UE tienen una oportunidad \u00fanica de eliminar gradualmente todos los biocombustibles a base de alimentos, incluido el aceite de palma y soja, a partir del pr\u00f3ximo a\u00f1o\u00bb, insiste.<\/p>\n<p style=\"text-align: justify\">Por \u00faltimo, el informe precisa que Italia, Pa\u00edses Bajos y Espa\u00f1a elaboraron\u00a0<strong>el 81,5 por ciento de biodi\u00e9sel de aceite de palma<\/strong>\u00a0de la producci\u00f3n europea. De este porcentaje Espa\u00f1a se coloca como el mayor productor de biodi\u00e9sel de palma. En 2019 las refiner\u00edas de biocombustibles en Espa\u00f1a transformaron 1,76 millones de toneladas de aceite de palma en biodi\u00e9sel. Los Pa\u00edses Bajos, 1,06 millones de toneladas, seguidos de Italia, con 0,84 millones de toneladas.<\/p>\n<p>Fuente: Ecoticias<\/p>\n","protected":false},"excerpt":{"rendered":"<p>REDACCI\u00d3N NOTI AM\u00c9RICA (ECUADOR) El consumo de aceite de palma entre 2008 y 2019 para fabricar biodi\u00e9sel en la Uni\u00f3n Europea creci\u00f3 un 46 por ciento en ese periodo, ya que pas\u00f3 de 8&#46;&#46;&#46;<\/p>\n","protected":false},"author":17,"featured_media":9594,"comment_status":"open","ping_status":"open","sticky":false,"template":"","format":"standard","meta":{"_acf_changed":false,"om_disable_all_campaigns":false,"rop_custom_images_group":[],"rop_custom_messages_group":[],"rop_publish_now":"initial","rop_publish_now_accounts":{"twitter_242054905_242054905":""},"rop_publish_now_history":[],"rop_publish_now_status":"pending","_uf_show_specific_survey":0,"_uf_disable_surveys":false,"footnotes":""},"categories":[79],"tags":[],"class_list":["post-9593","post","type-post","status-publish","format-standard","has-post-thumbnail","hentry","category-ambiental"],"acf":[],"aioseo_notices":[],"yoast_head":"<!-- This site is optimized with the Yoast SEO Premium plugin v24.9 (Yoast SEO v27.2) - https:\/\/yoast.com\/product\/yoast-seo-premium-wordpress\/ -->\n<title>ONGs ecologistas solicitan a la UE eliminar uso de biocombustibles hecho a base de alimentos - Ecuador | Noti-America.com<\/title>\n<meta name=\"robots\" content=\"index, follow, max-snippet:-1, max-image-preview:large, max-video-preview:-1\" \/>\n<link rel=\"canonical\" href=\"https:\/\/noti-america.com\/site\/ecuador\/2020\/07\/06\/9593\/\" \/>\n<meta property=\"og:locale\" content=\"es_ES\" \/>\n<meta property=\"og:type\" content=\"article\" \/>\n<meta property=\"og:title\" content=\"ONGs ecologistas solicitan a la UE eliminar uso de biocombustibles hecho a base de alimentos\" \/>\n<meta property=\"og:description\" content=\"REDACCI\u00d3N NOTI AM\u00c9RICA (ECUADOR) El consumo de aceite de palma entre 2008 y 2019 para fabricar biodi\u00e9sel en la Uni\u00f3n Europea creci\u00f3 un 46 por ciento en ese periodo, ya que pas\u00f3 de 8&#046;&#046;&#046;\" \/>\n<meta property=\"og:url\" content=\"https:\/\/noti-america.com\/site\/ecuador\/2020\/07\/06\/9593\/\" \/>\n<meta property=\"og:site_name\" content=\"Ecuador | Noti-America.com\" \/>\n<meta property=\"article:published_time\" content=\"2020-07-06T02:32:23+00:00\" \/>\n<meta property=\"article:modified_time\" content=\"2020-07-06T23:05:25+00:00\" \/>\n<meta property=\"og:image\" content=\"https:\/\/noti-america.com\/site\/ecuador\/wp-content\/uploads\/sites\/18\/2020\/07\/Aceite-de-palma-para-biocombustibles.jpg\" \/>\n\t<meta property=\"og:image:width\" content=\"730\" \/>\n\t<meta property=\"og:image:height\" content=\"487\" \/>\n\t<meta property=\"og:image:type\" content=\"image\/jpeg\" \/>\n<meta name=\"author\" content=\"Gregory Quintana Montiel\" \/>\n<meta name=\"twitter:card\" content=\"summary_large_image\" \/>\n<meta name=\"twitter:creator\" content=\"@gdgregori1\" \/>\n<meta name=\"twitter:site\" content=\"@notiamerica\" \/>\n<meta name=\"twitter:label1\" content=\"Escrito por\" \/>\n\t<meta name=\"twitter:data1\" content=\"Gregory Quintana Montiel\" \/>\n\t<meta name=\"twitter:label2\" content=\"Tiempo estimado de lectura\" \/>\n\t<meta name=\"twitter:data2\" content=\"4 minutos\" \/>\n<script type=\"application\/ld+json\" class=\"yoast-schema-graph\">{\"@context\":\"https:\/\/schema.org\",\"@graph\":[{\"@type\":\"Article\",\"@id\":\"https:\/\/noti-america.com\/site\/ecuador\/2020\/07\/06\/9593\/#article\",\"isPartOf\":{\"@id\":\"https:\/\/noti-america.com\/site\/ecuador\/2020\/07\/06\/9593\/\"},\"author\":{\"name\":\"Gregory Quintana Montiel\",\"@id\":\"https:\/\/noti-america.com\/site\/ecuador\/#\/schema\/person\/3b975e42f15abfe64bfe3abdd916efda\"},\"headline\":\"ONGs ecologistas solicitan a la UE eliminar uso de biocombustibles hecho a base de alimentos\",\"datePublished\":\"2020-07-06T02:32:23+00:00\",\"dateModified\":\"2020-07-06T23:05:25+00:00\",\"mainEntityOfPage\":{\"@id\":\"https:\/\/noti-america.com\/site\/ecuador\/2020\/07\/06\/9593\/\"},\"wordCount\":760,\"commentCount\":0,\"publisher\":{\"@id\":\"https:\/\/noti-america.com\/site\/ecuador\/#organization\"},\"image\":{\"@id\":\"https:\/\/noti-america.com\/site\/ecuador\/2020\/07\/06\/9593\/#primaryimage\"},\"thumbnailUrl\":\"https:\/\/noti-america.com\/site\/ecuador\/wp-content\/uploads\/sites\/18\/2020\/07\/Aceite-de-palma-para-biocombustibles.jpg\",\"articleSection\":[\"Ambiental\"],\"inLanguage\":\"es\",\"potentialAction\":[{\"@type\":\"CommentAction\",\"name\":\"Comment\",\"target\":[\"https:\/\/noti-america.com\/site\/ecuador\/2020\/07\/06\/9593\/#respond\"]}]},{\"@type\":\"WebPage\",\"@id\":\"https:\/\/noti-america.com\/site\/ecuador\/2020\/07\/06\/9593\/\",\"url\":\"https:\/\/noti-america.com\/site\/ecuador\/2020\/07\/06\/9593\/\",\"name\":\"ONGs ecologistas solicitan a la UE eliminar uso de biocombustibles hecho a base de alimentos - Ecuador | Noti-America.com\",\"isPartOf\":{\"@id\":\"https:\/\/noti-america.com\/site\/ecuador\/#website\"},\"primaryImageOfPage\":{\"@id\":\"https:\/\/noti-america.com\/site\/ecuador\/2020\/07\/06\/9593\/#primaryimage\"},\"image\":{\"@id\":\"https:\/\/noti-america.com\/site\/ecuador\/2020\/07\/06\/9593\/#primaryimage\"},\"thumbnailUrl\":\"https:\/\/noti-america.com\/site\/ecuador\/wp-content\/uploads\/sites\/18\/2020\/07\/Aceite-de-palma-para-biocombustibles.jpg\",\"datePublished\":\"2020-07-06T02:32:23+00:00\",\"dateModified\":\"2020-07-06T23:05:25+00:00\",\"breadcrumb\":{\"@id\":\"https:\/\/noti-america.com\/site\/ecuador\/2020\/07\/06\/9593\/#breadcrumb\"},\"inLanguage\":\"es\",\"potentialAction\":[{\"@type\":\"ReadAction\",\"target\":[\"https:\/\/noti-america.com\/site\/ecuador\/2020\/07\/06\/9593\/\"]}]},{\"@type\":\"ImageObject\",\"inLanguage\":\"es\",\"@id\":\"https:\/\/noti-america.com\/site\/ecuador\/2020\/07\/06\/9593\/#primaryimage\",\"url\":\"https:\/\/noti-america.com\/site\/ecuador\/wp-content\/uploads\/sites\/18\/2020\/07\/Aceite-de-palma-para-biocombustibles.jpg\",\"contentUrl\":\"https:\/\/noti-america.com\/site\/ecuador\/wp-content\/uploads\/sites\/18\/2020\/07\/Aceite-de-palma-para-biocombustibles.jpg\",\"width\":730,\"height\":487},{\"@type\":\"BreadcrumbList\",\"@id\":\"https:\/\/noti-america.com\/site\/ecuador\/2020\/07\/06\/9593\/#breadcrumb\",\"itemListElement\":[{\"@type\":\"ListItem\",\"position\":1,\"name\":\"Portada\",\"item\":\"https:\/\/noti-america.com\/site\/ecuador\/\"},{\"@type\":\"ListItem\",\"position\":2,\"name\":\"ONGs ecologistas solicitan a la UE eliminar uso de biocombustibles hecho a base de alimentos\"}]},{\"@type\":\"WebSite\",\"@id\":\"https:\/\/noti-america.com\/site\/ecuador\/#website\",\"url\":\"https:\/\/noti-america.com\/site\/ecuador\/\",\"name\":\"Ecuador | Noti-America.com\",\"description\":\"\",\"publisher\":{\"@id\":\"https:\/\/noti-america.com\/site\/ecuador\/#organization\"},\"potentialAction\":[{\"@type\":\"SearchAction\",\"target\":{\"@type\":\"EntryPoint\",\"urlTemplate\":\"https:\/\/noti-america.com\/site\/ecuador\/?s={search_term_string}\"},\"query-input\":{\"@type\":\"PropertyValueSpecification\",\"valueRequired\":true,\"valueName\":\"search_term_string\"}}],\"inLanguage\":\"es\"},{\"@type\":\"Organization\",\"@id\":\"https:\/\/noti-america.com\/site\/ecuador\/#organization\",\"name\":\"Noti-America LLC | Ecuador\",\"url\":\"https:\/\/noti-america.com\/site\/ecuador\/\",\"logo\":{\"@type\":\"ImageObject\",\"inLanguage\":\"es\",\"@id\":\"https:\/\/noti-america.com\/site\/ecuador\/#\/schema\/logo\/image\/\",\"url\":\"https:\/\/noti-america.com\/site\/ecuador\/wp-content\/uploads\/sites\/18\/2020\/07\/LogoNA-4x3-1.jpg\",\"contentUrl\":\"https:\/\/noti-america.com\/site\/ecuador\/wp-content\/uploads\/sites\/18\/2020\/07\/LogoNA-4x3-1.jpg\",\"width\":1236,\"height\":1080,\"caption\":\"Noti-America LLC | Ecuador\"},\"image\":{\"@id\":\"https:\/\/noti-america.com\/site\/ecuador\/#\/schema\/logo\/image\/\"},\"sameAs\":[\"https:\/\/x.com\/notiamerica\"]},{\"@type\":\"Person\",\"@id\":\"https:\/\/noti-america.com\/site\/ecuador\/#\/schema\/person\/3b975e42f15abfe64bfe3abdd916efda\",\"name\":\"Gregory Quintana Montiel\",\"image\":{\"@type\":\"ImageObject\",\"inLanguage\":\"es\",\"@id\":\"https:\/\/secure.gravatar.com\/avatar\/2d6b802f7720c2ec7744dcbe608cc2f3417aeb964d58b443c6d612b77531de1d?s=96&d=mm&r=g\",\"url\":\"https:\/\/secure.gravatar.com\/avatar\/2d6b802f7720c2ec7744dcbe608cc2f3417aeb964d58b443c6d612b77531de1d?s=96&d=mm&r=g\",\"contentUrl\":\"https:\/\/secure.gravatar.com\/avatar\/2d6b802f7720c2ec7744dcbe608cc2f3417aeb964d58b443c6d612b77531de1d?s=96&d=mm&r=g\",\"caption\":\"Gregory Quintana Montiel\"},\"description\":\"Licenciatura en Ciencias de la Comunicaci\u00f3n Social, egresado en la Especializaci\u00f3n Derecho Ambiental Desarrollo Sostenible y Sustentable, Miembro de la Comunidad de profesionales y experto para Latinoam\u00e9rica y el Caribe en Gesti\u00f3n por Resultado en el Desarrollo (COPLAC - GpRD) del Banco Interamericano de Desarrollo, experiencia en medios radiales y escritos.\",\"sameAs\":[\"https:\/\/x.com\/gdgregori1\",\"gquintana\"],\"url\":\"https:\/\/noti-america.com\/site\/ecuador\/author\/gquintana\/\"}]}<\/script>\n<!-- \/ Yoast SEO Premium plugin. -->","yoast_head_json":{"title":"ONGs ecologistas solicitan a la UE eliminar uso de biocombustibles hecho a base de alimentos - Ecuador | Noti-America.com","robots":{"index":"index","follow":"follow","max-snippet":"max-snippet:-1","max-image-preview":"max-image-preview:large","max-video-preview":"max-video-preview:-1"},"canonical":"https:\/\/noti-america.com\/site\/ecuador\/2020\/07\/06\/9593\/","og_locale":"es_ES","og_type":"article","og_title":"ONGs ecologistas solicitan a la UE eliminar uso de biocombustibles hecho a base de alimentos","og_description":"REDACCI\u00d3N NOTI AM\u00c9RICA (ECUADOR) El consumo de aceite de palma entre 2008 y 2019 para fabricar biodi\u00e9sel en la Uni\u00f3n Europea creci\u00f3 un 46 por ciento en ese periodo, ya que pas\u00f3 de 8&#46;&#46;&#46;","og_url":"https:\/\/noti-america.com\/site\/ecuador\/2020\/07\/06\/9593\/","og_site_name":"Ecuador | Noti-America.com","article_published_time":"2020-07-06T02:32:23+00:00","article_modified_time":"2020-07-06T23:05:25+00:00","og_image":[{"width":730,"height":487,"url":"https:\/\/noti-america.com\/site\/ecuador\/wp-content\/uploads\/sites\/18\/2020\/07\/Aceite-de-palma-para-biocombustibles.jpg","type":"image\/jpeg"}],"author":"Gregory Quintana Montiel","twitter_card":"summary_large_image","twitter_creator":"@gdgregori1","twitter_site":"@notiamerica","twitter_misc":{"Escrito por":"Gregory Quintana Montiel","Tiempo estimado de lectura":"4 minutos"},"schema":{"@context":"https:\/\/schema.org","@graph":[{"@type":"Article","@id":"https:\/\/noti-america.com\/site\/ecuador\/2020\/07\/06\/9593\/#article","isPartOf":{"@id":"https:\/\/noti-america.com\/site\/ecuador\/2020\/07\/06\/9593\/"},"author":{"name":"Gregory Quintana Montiel","@id":"https:\/\/noti-america.com\/site\/ecuador\/#\/schema\/person\/3b975e42f15abfe64bfe3abdd916efda"},"headline":"ONGs ecologistas solicitan a la UE eliminar uso de biocombustibles hecho a base de alimentos","datePublished":"2020-07-06T02:32:23+00:00","dateModified":"2020-07-06T23:05:25+00:00","mainEntityOfPage":{"@id":"https:\/\/noti-america.com\/site\/ecuador\/2020\/07\/06\/9593\/"},"wordCount":760,"commentCount":0,"publisher":{"@id":"https:\/\/noti-america.com\/site\/ecuador\/#organization"},"image":{"@id":"https:\/\/noti-america.com\/site\/ecuador\/2020\/07\/06\/9593\/#primaryimage"},"thumbnailUrl":"https:\/\/noti-america.com\/site\/ecuador\/wp-content\/uploads\/sites\/18\/2020\/07\/Aceite-de-palma-para-biocombustibles.jpg","articleSection":["Ambiental"],"inLanguage":"es","potentialAction":[{"@type":"CommentAction","name":"Comment","target":["https:\/\/noti-america.com\/site\/ecuador\/2020\/07\/06\/9593\/#respond"]}]},{"@type":"WebPage","@id":"https:\/\/noti-america.com\/site\/ecuador\/2020\/07\/06\/9593\/","url":"https:\/\/noti-america.com\/site\/ecuador\/2020\/07\/06\/9593\/","name":"ONGs ecologistas solicitan a la UE eliminar uso de biocombustibles hecho a base de alimentos - Ecuador | Noti-America.com","isPartOf":{"@id":"https:\/\/noti-america.com\/site\/ecuador\/#website"},"primaryImageOfPage":{"@id":"https:\/\/noti-america.com\/site\/ecuador\/2020\/07\/06\/9593\/#primaryimage"},"image":{"@id":"https:\/\/noti-america.com\/site\/ecuador\/2020\/07\/06\/9593\/#primaryimage"},"thumbnailUrl":"https:\/\/noti-america.com\/site\/ecuador\/wp-content\/uploads\/sites\/18\/2020\/07\/Aceite-de-palma-para-biocombustibles.jpg","datePublished":"2020-07-06T02:32:23+00:00","dateModified":"2020-07-06T23:05:25+00:00","breadcrumb":{"@id":"https:\/\/noti-america.com\/site\/ecuador\/2020\/07\/06\/9593\/#breadcrumb"},"inLanguage":"es","potentialAction":[{"@type":"ReadAction","target":["https:\/\/noti-america.com\/site\/ecuador\/2020\/07\/06\/9593\/"]}]},{"@type":"ImageObject","inLanguage":"es","@id":"https:\/\/noti-america.com\/site\/ecuador\/2020\/07\/06\/9593\/#primaryimage","url":"https:\/\/noti-america.com\/site\/ecuador\/wp-content\/uploads\/sites\/18\/2020\/07\/Aceite-de-palma-para-biocombustibles.jpg","contentUrl":"https:\/\/noti-america.com\/site\/ecuador\/wp-content\/uploads\/sites\/18\/2020\/07\/Aceite-de-palma-para-biocombustibles.jpg","width":730,"height":487},{"@type":"BreadcrumbList","@id":"https:\/\/noti-america.com\/site\/ecuador\/2020\/07\/06\/9593\/#breadcrumb","itemListElement":[{"@type":"ListItem","position":1,"name":"Portada","item":"https:\/\/noti-america.com\/site\/ecuador\/"},{"@type":"ListItem","position":2,"name":"ONGs ecologistas solicitan a la UE eliminar uso de biocombustibles hecho a base de alimentos"}]},{"@type":"WebSite","@id":"https:\/\/noti-america.com\/site\/ecuador\/#website","url":"https:\/\/noti-america.com\/site\/ecuador\/","name":"Ecuador | Noti-America.com","description":"","publisher":{"@id":"https:\/\/noti-america.com\/site\/ecuador\/#organization"},"potentialAction":[{"@type":"SearchAction","target":{"@type":"EntryPoint","urlTemplate":"https:\/\/noti-america.com\/site\/ecuador\/?s={search_term_string}"},"query-input":{"@type":"PropertyValueSpecification","valueRequired":true,"valueName":"search_term_string"}}],"inLanguage":"es"},{"@type":"Organization","@id":"https:\/\/noti-america.com\/site\/ecuador\/#organization","name":"Noti-America LLC | Ecuador","url":"https:\/\/noti-america.com\/site\/ecuador\/","logo":{"@type":"ImageObject","inLanguage":"es","@id":"https:\/\/noti-america.com\/site\/ecuador\/#\/schema\/logo\/image\/","url":"https:\/\/noti-america.com\/site\/ecuador\/wp-content\/uploads\/sites\/18\/2020\/07\/LogoNA-4x3-1.jpg","contentUrl":"https:\/\/noti-america.com\/site\/ecuador\/wp-content\/uploads\/sites\/18\/2020\/07\/LogoNA-4x3-1.jpg","width":1236,"height":1080,"caption":"Noti-America LLC | Ecuador"},"image":{"@id":"https:\/\/noti-america.com\/site\/ecuador\/#\/schema\/logo\/image\/"},"sameAs":["https:\/\/x.com\/notiamerica"]},{"@type":"Person","@id":"https:\/\/noti-america.com\/site\/ecuador\/#\/schema\/person\/3b975e42f15abfe64bfe3abdd916efda","name":"Gregory Quintana Montiel","image":{"@type":"ImageObject","inLanguage":"es","@id":"https:\/\/secure.gravatar.com\/avatar\/2d6b802f7720c2ec7744dcbe608cc2f3417aeb964d58b443c6d612b77531de1d?s=96&d=mm&r=g","url":"https:\/\/secure.gravatar.com\/avatar\/2d6b802f7720c2ec7744dcbe608cc2f3417aeb964d58b443c6d612b77531de1d?s=96&d=mm&r=g","contentUrl":"https:\/\/secure.gravatar.com\/avatar\/2d6b802f7720c2ec7744dcbe608cc2f3417aeb964d58b443c6d612b77531de1d?s=96&d=mm&r=g","caption":"Gregory Quintana Montiel"},"description":"Licenciatura en Ciencias de la Comunicaci\u00f3n Social, egresado en la Especializaci\u00f3n Derecho Ambiental Desarrollo Sostenible y Sustentable, Miembro de la Comunidad de profesionales y experto para Latinoam\u00e9rica y el Caribe en Gesti\u00f3n por Resultado en el Desarrollo (COPLAC - GpRD) del Banco Interamericano de Desarrollo, experiencia en medios radiales y escritos.","sameAs":["https:\/\/x.com\/gdgregori1","gquintana"],"url":"https:\/\/noti-america.com\/site\/ecuador\/author\/gquintana\/"}]}},"_links":{"self":[{"href":"https:\/\/noti-america.com\/site\/ecuador\/wp-json\/wp\/v2\/posts\/9593","targetHints":{"allow":["GET"]}}],"collection":[{"href":"https:\/\/noti-america.com\/site\/ecuador\/wp-json\/wp\/v2\/posts"}],"about":[{"href":"https:\/\/noti-america.com\/site\/ecuador\/wp-json\/wp\/v2\/types\/post"}],"author":[{"embeddable":true,"href":"https:\/\/noti-america.com\/site\/ecuador\/wp-json\/wp\/v2\/users\/17"}],"replies":[{"embeddable":true,"href":"https:\/\/noti-america.com\/site\/ecuador\/wp-json\/wp\/v2\/comments?post=9593"}],"version-history":[{"count":5,"href":"https:\/\/noti-america.com\/site\/ecuador\/wp-json\/wp\/v2\/posts\/9593\/revisions"}],"predecessor-version":[{"id":9602,"href":"https:\/\/noti-america.com\/site\/ecuador\/wp-json\/wp\/v2\/posts\/9593\/revisions\/9602"}],"wp:featuredmedia":[{"embeddable":true,"href":"https:\/\/noti-america.com\/site\/ecuador\/wp-json\/wp\/v2\/media\/9594"}],"wp:attachment":[{"href":"https:\/\/noti-america.com\/site\/ecuador\/wp-json\/wp\/v2\/media?parent=9593"}],"wp:term":[{"taxonomy":"category","embeddable":true,"href":"https:\/\/noti-america.com\/site\/ecuador\/wp-json\/wp\/v2\/categories?post=9593"},{"taxonomy":"post_tag","embeddable":true,"href":"https:\/\/noti-america.com\/site\/ecuador\/wp-json\/wp\/v2\/tags?post=9593"}],"curies":[{"name":"wp","href":"https:\/\/api.w.org\/{rel}","templated":true}]}}