{"id":9542,"date":"2020-07-03T03:31:23","date_gmt":"2020-07-03T03:31:23","guid":{"rendered":"http:\/\/noti-america.com\/site\/ecuador\/?p=9542"},"modified":"2020-07-03T03:31:23","modified_gmt":"2020-07-03T03:31:23","slug":"milagro-jardin-tropical-del-ecuador","status":"publish","type":"post","link":"https:\/\/noti-america.com\/site\/ecuador\/2020\/07\/03\/milagro-jardin-tropical-del-ecuador\/","title":{"rendered":"Milagro: Jard\u00edn Tropical del Ecuador"},"content":{"rendered":"<div class=\"row\">\n<section id=\"postcontent\" class=\"col-md-9 col-sm-6 line-right\">\n<p style=\"text-align: justify\">Hermosos paisajes, una diversidad de \u00e1rboles frutales y varios atractivos rodean al cant\u00f3n Milagro, en la provincia del Guayas. Hoy te contamos algunas caracter\u00edsticas de la localidad, conocida tambi\u00e9n como el \u00abJard\u00edn Tropical del Ecuador\u00bb<\/p>\n<\/section>\n<\/div>\n<div id=\"attachment_9550\" style=\"width: 368px\" class=\"wp-caption alignleft\"><img loading=\"lazy\" decoding=\"async\" aria-describedby=\"caption-attachment-9550\" class=\"wp-image-9550 \" src=\"http:\/\/noti-america.com\/site\/ecuador\/wp-content\/uploads\/sites\/18\/2020\/07\/Pi\u00f1a-de-Milagro-300x200.jpg\" alt=\"\" width=\"358\" height=\"238\" srcset=\"https:\/\/noti-america.com\/site\/ecuador\/wp-content\/uploads\/sites\/18\/2020\/07\/Pi\u00f1a-de-Milagro-300x200.jpg 300w, https:\/\/noti-america.com\/site\/ecuador\/wp-content\/uploads\/sites\/18\/2020\/07\/Pi\u00f1a-de-Milagro-1024x683.jpg 1024w, https:\/\/noti-america.com\/site\/ecuador\/wp-content\/uploads\/sites\/18\/2020\/07\/Pi\u00f1a-de-Milagro-768x512.jpg 768w, https:\/\/noti-america.com\/site\/ecuador\/wp-content\/uploads\/sites\/18\/2020\/07\/Pi\u00f1a-de-Milagro-1536x1024.jpg 1536w, https:\/\/noti-america.com\/site\/ecuador\/wp-content\/uploads\/sites\/18\/2020\/07\/Pi\u00f1a-de-Milagro-2048x1365.jpg 2048w, https:\/\/noti-america.com\/site\/ecuador\/wp-content\/uploads\/sites\/18\/2020\/07\/Pi\u00f1a-de-Milagro-272x182.jpg 272w\" sizes=\"auto, (max-width: 358px) 100vw, 358px\" \/><p id=\"caption-attachment-9550\" class=\"wp-caption-text\">Pi\u00f1a de Milagro<\/p><\/div>\n<div class=\"row\">\n<section id=\"postcontent\" class=\"col-md-9 col-sm-6 line-right\">\n<p style=\"text-align: justify\">Qu\u00e9date en casa pero lee nuestros contenidos y conoce un poco m\u00e1s de t\u00fa pa\u00eds y sus localidades. Milagro es la tierra dulce y fecunda del tr\u00f3pico intenso, ubicada a tan solo 45 minutos de Guayaquil. El cant\u00f3n se ha desarrollado en base al cultivo de la pi\u00f1a y hace poco tiempo era conocida como \u201cLa Tierra de las Pi\u00f1as\u201d.<\/p>\n<p style=\"text-align: justify\">No obstante la localidad no solo se ha desarrollado en medio de la producci\u00f3n de la pi\u00f1a, sino que su gente se dedica a la cosecha de la ca\u00f1a de az\u00facar y el banano. Con el pasar del tiempo, Milagro ha dejado de ser el mayor productor de este fruto,\u00a0 y en la actualidad es un destino agro tur\u00edstico para experimentar actividades vivenciales.<\/p>\n<p style=\"text-align: justify\">As\u00ed mismo, tiene espacios \u201cverdes\u201d donde se conoce y aprende sobre la flora que posee la localidad, de all\u00ed su nombre de \u201cJard\u00edn Tropical del Ecuador\u201d.<\/p>\n<p style=\"text-align: justify\">Existe un sinn\u00famero de lugares para disfrutar del agro turismo como lo son: Rancho Vasija de Barro, ubicada en la v\u00eda Milagro \u2013 Mariscal Sucre, Sector las Cataratas; Finca Cumand\u00e1, localizada en la v\u00eda Milagro \u2013 Km 26, v\u00eda Las Pilas Barcelona; Quinta la Orilla, en la parroquia Mariscal Sucre; y, Finca Chaparral, en la v\u00eda Milagro \u2013 Naranjito (sector Beldaco).<\/p>\n<div id=\"attachment_9548\" style=\"width: 310px\" class=\"wp-caption alignright\"><img loading=\"lazy\" decoding=\"async\" aria-describedby=\"caption-attachment-9548\" class=\"wp-image-9548 size-medium\" src=\"http:\/\/noti-america.com\/site\/ecuador\/wp-content\/uploads\/sites\/18\/2020\/07\/Finca-Cumanda-Chocolate-300x200.jpg\" alt=\"\" width=\"300\" height=\"200\" srcset=\"https:\/\/noti-america.com\/site\/ecuador\/wp-content\/uploads\/sites\/18\/2020\/07\/Finca-Cumanda-Chocolate-300x200.jpg 300w, https:\/\/noti-america.com\/site\/ecuador\/wp-content\/uploads\/sites\/18\/2020\/07\/Finca-Cumanda-Chocolate-1024x683.jpg 1024w, https:\/\/noti-america.com\/site\/ecuador\/wp-content\/uploads\/sites\/18\/2020\/07\/Finca-Cumanda-Chocolate-768x512.jpg 768w, https:\/\/noti-america.com\/site\/ecuador\/wp-content\/uploads\/sites\/18\/2020\/07\/Finca-Cumanda-Chocolate-1536x1025.jpg 1536w, https:\/\/noti-america.com\/site\/ecuador\/wp-content\/uploads\/sites\/18\/2020\/07\/Finca-Cumanda-Chocolate-2048x1366.jpg 2048w, https:\/\/noti-america.com\/site\/ecuador\/wp-content\/uploads\/sites\/18\/2020\/07\/Finca-Cumanda-Chocolate-272x182.jpg 272w\" sizes=\"auto, (max-width: 300px) 100vw, 300px\" \/><p id=\"caption-attachment-9548\" class=\"wp-caption-text\">Chocolate<\/p><\/div>\n<p style=\"text-align: justify\">Conoce en estos sitios sobre la elaboraci\u00f3n y degustaci\u00f3n de pasta de chocolate artesanal; adem\u00e1s, realiza recorridos por plantaciones de cacao fino de aroma. Tambi\u00e9n hay espacios destinados a la granja, para los infantes, que conocen animales dom\u00e9sticos. Piscinas, juegos de mesa, \u00e1rea de camping, canchas deportivas, casa de campo y m\u00e1s, complementa la variada oferta tur\u00edstica.<\/p>\n<p style=\"text-align: justify\">Milagro, tierra que enciende la gloria del agro, se ti\u00f1e de vibrantes colores debido a la gran cantidad de viveros que se ubican \u2013mayoritariamente- en la v\u00eda Milagro \u2013 Naranjito, los cuales ofrecen una variedad de plantas ornamentales y frutales que son muy cotizadas por los visitantes de diversas ciudades.<\/p>\n<p style=\"text-align: justify\">Visitar Milagro te permite contactarte con la naturaleza y vivir experiencias inolvidables. Hoy te invitamos a leer del destino, qu\u00e9date en casa y planifica tu viaje para los pr\u00f3ximos meses. Elige el destino porque queremos que disfrutes de la belleza de la provincia del Guayas, porque a\u00fan tenemos tiempo para conocer, pero ser\u00e1 m\u00e1s adelante.<\/p>\n<\/section>\n<\/div>\n","protected":false},"excerpt":{"rendered":"<p>Hermosos paisajes, una diversidad de \u00e1rboles frutales y varios atractivos rodean al cant\u00f3n Milagro, en la provincia del Guayas. Hoy te contamos algunas caracter\u00edsticas de la localidad, conocida tambi\u00e9n como el \u00abJard\u00edn Tropical del&#46;&#46;&#46;<\/p>\n","protected":false},"author":17,"featured_media":9543,"comment_status":"open","ping_status":"open","sticky":false,"template":"","format":"standard","meta":{"_acf_changed":false,"om_disable_all_campaigns":false,"rop_custom_images_group":[],"rop_custom_messages_group":[],"rop_publish_now":"initial","rop_publish_now_accounts":{"twitter_242054905_242054905":""},"rop_publish_now_history":[],"rop_publish_now_status":"pending","_uf_show_specific_survey":0,"_uf_disable_surveys":false,"footnotes":""},"categories":[36],"tags":[],"class_list":["post-9542","post","type-post","status-publish","format-standard","has-post-thumbnail","hentry","category-turismo"],"acf":[],"aioseo_notices":[],"yoast_head":"<!-- This site is optimized with the Yoast SEO Premium plugin v24.9 (Yoast SEO v27.2) - https:\/\/yoast.com\/product\/yoast-seo-premium-wordpress\/ -->\n<title>Milagro: Jard\u00edn Tropical del Ecuador - Ecuador | Noti-America.com<\/title>\n<meta name=\"robots\" content=\"index, follow, max-snippet:-1, max-image-preview:large, max-video-preview:-1\" \/>\n<link rel=\"canonical\" href=\"https:\/\/noti-america.com\/site\/ecuador\/2020\/07\/03\/milagro-jardin-tropical-del-ecuador\/\" \/>\n<meta property=\"og:locale\" content=\"es_ES\" \/>\n<meta property=\"og:type\" content=\"article\" \/>\n<meta property=\"og:title\" content=\"Milagro: Jard\u00edn Tropical del Ecuador\" \/>\n<meta property=\"og:description\" content=\"Hermosos paisajes, una diversidad de \u00e1rboles frutales y varios atractivos rodean al cant\u00f3n Milagro, en la provincia del Guayas. Hoy te contamos algunas caracter\u00edsticas de la localidad, conocida tambi\u00e9n como el \u00abJard\u00edn Tropical del&#046;&#046;&#046;\" \/>\n<meta property=\"og:url\" content=\"https:\/\/noti-america.com\/site\/ecuador\/2020\/07\/03\/milagro-jardin-tropical-del-ecuador\/\" \/>\n<meta property=\"og:site_name\" content=\"Ecuador | Noti-America.com\" \/>\n<meta property=\"article:published_time\" content=\"2020-07-03T03:31:23+00:00\" \/>\n<meta property=\"og:image\" content=\"https:\/\/noti-america.com\/site\/ecuador\/wp-content\/uploads\/sites\/18\/2020\/07\/Plaza-Central-Monumento-Pi\u00f1a.jpg\" \/>\n\t<meta property=\"og:image:width\" content=\"1600\" \/>\n\t<meta property=\"og:image:height\" content=\"1062\" \/>\n\t<meta property=\"og:image:type\" content=\"image\/jpeg\" \/>\n<meta name=\"author\" content=\"Gregory Quintana Montiel\" \/>\n<meta name=\"twitter:card\" content=\"summary_large_image\" \/>\n<meta name=\"twitter:creator\" content=\"@gdgregori1\" \/>\n<meta name=\"twitter:site\" content=\"@notiamerica\" \/>\n<meta name=\"twitter:label1\" content=\"Escrito por\" \/>\n\t<meta name=\"twitter:data1\" content=\"Gregory Quintana Montiel\" \/>\n\t<meta name=\"twitter:label2\" content=\"Tiempo estimado de lectura\" \/>\n\t<meta name=\"twitter:data2\" content=\"2 minutos\" \/>\n<script type=\"application\/ld+json\" class=\"yoast-schema-graph\">{\"@context\":\"https:\/\/schema.org\",\"@graph\":[{\"@type\":\"Article\",\"@id\":\"https:\/\/noti-america.com\/site\/ecuador\/2020\/07\/03\/milagro-jardin-tropical-del-ecuador\/#article\",\"isPartOf\":{\"@id\":\"https:\/\/noti-america.com\/site\/ecuador\/2020\/07\/03\/milagro-jardin-tropical-del-ecuador\/\"},\"author\":{\"name\":\"Gregory Quintana Montiel\",\"@id\":\"https:\/\/noti-america.com\/site\/ecuador\/#\/schema\/person\/3b975e42f15abfe64bfe3abdd916efda\"},\"headline\":\"Milagro: Jard\u00edn Tropical del Ecuador\",\"datePublished\":\"2020-07-03T03:31:23+00:00\",\"mainEntityOfPage\":{\"@id\":\"https:\/\/noti-america.com\/site\/ecuador\/2020\/07\/03\/milagro-jardin-tropical-del-ecuador\/\"},\"wordCount\":461,\"commentCount\":0,\"publisher\":{\"@id\":\"https:\/\/noti-america.com\/site\/ecuador\/#organization\"},\"image\":{\"@id\":\"https:\/\/noti-america.com\/site\/ecuador\/2020\/07\/03\/milagro-jardin-tropical-del-ecuador\/#primaryimage\"},\"thumbnailUrl\":\"https:\/\/noti-america.com\/site\/ecuador\/wp-content\/uploads\/sites\/18\/2020\/07\/Plaza-Central-Monumento-Pi\u00f1a.jpg\",\"articleSection\":[\"Turismo\"],\"inLanguage\":\"es\",\"potentialAction\":[{\"@type\":\"CommentAction\",\"name\":\"Comment\",\"target\":[\"https:\/\/noti-america.com\/site\/ecuador\/2020\/07\/03\/milagro-jardin-tropical-del-ecuador\/#respond\"]}]},{\"@type\":\"WebPage\",\"@id\":\"https:\/\/noti-america.com\/site\/ecuador\/2020\/07\/03\/milagro-jardin-tropical-del-ecuador\/\",\"url\":\"https:\/\/noti-america.com\/site\/ecuador\/2020\/07\/03\/milagro-jardin-tropical-del-ecuador\/\",\"name\":\"Milagro: Jard\u00edn Tropical del Ecuador - Ecuador | Noti-America.com\",\"isPartOf\":{\"@id\":\"https:\/\/noti-america.com\/site\/ecuador\/#website\"},\"primaryImageOfPage\":{\"@id\":\"https:\/\/noti-america.com\/site\/ecuador\/2020\/07\/03\/milagro-jardin-tropical-del-ecuador\/#primaryimage\"},\"image\":{\"@id\":\"https:\/\/noti-america.com\/site\/ecuador\/2020\/07\/03\/milagro-jardin-tropical-del-ecuador\/#primaryimage\"},\"thumbnailUrl\":\"https:\/\/noti-america.com\/site\/ecuador\/wp-content\/uploads\/sites\/18\/2020\/07\/Plaza-Central-Monumento-Pi\u00f1a.jpg\",\"datePublished\":\"2020-07-03T03:31:23+00:00\",\"breadcrumb\":{\"@id\":\"https:\/\/noti-america.com\/site\/ecuador\/2020\/07\/03\/milagro-jardin-tropical-del-ecuador\/#breadcrumb\"},\"inLanguage\":\"es\",\"potentialAction\":[{\"@type\":\"ReadAction\",\"target\":[\"https:\/\/noti-america.com\/site\/ecuador\/2020\/07\/03\/milagro-jardin-tropical-del-ecuador\/\"]}]},{\"@type\":\"ImageObject\",\"inLanguage\":\"es\",\"@id\":\"https:\/\/noti-america.com\/site\/ecuador\/2020\/07\/03\/milagro-jardin-tropical-del-ecuador\/#primaryimage\",\"url\":\"https:\/\/noti-america.com\/site\/ecuador\/wp-content\/uploads\/sites\/18\/2020\/07\/Plaza-Central-Monumento-Pi\u00f1a.jpg\",\"contentUrl\":\"https:\/\/noti-america.com\/site\/ecuador\/wp-content\/uploads\/sites\/18\/2020\/07\/Plaza-Central-Monumento-Pi\u00f1a.jpg\",\"width\":1600,\"height\":1062},{\"@type\":\"BreadcrumbList\",\"@id\":\"https:\/\/noti-america.com\/site\/ecuador\/2020\/07\/03\/milagro-jardin-tropical-del-ecuador\/#breadcrumb\",\"itemListElement\":[{\"@type\":\"ListItem\",\"position\":1,\"name\":\"Portada\",\"item\":\"https:\/\/noti-america.com\/site\/ecuador\/\"},{\"@type\":\"ListItem\",\"position\":2,\"name\":\"Milagro: Jard\u00edn Tropical del Ecuador\"}]},{\"@type\":\"WebSite\",\"@id\":\"https:\/\/noti-america.com\/site\/ecuador\/#website\",\"url\":\"https:\/\/noti-america.com\/site\/ecuador\/\",\"name\":\"Ecuador | Noti-America.com\",\"description\":\"\",\"publisher\":{\"@id\":\"https:\/\/noti-america.com\/site\/ecuador\/#organization\"},\"potentialAction\":[{\"@type\":\"SearchAction\",\"target\":{\"@type\":\"EntryPoint\",\"urlTemplate\":\"https:\/\/noti-america.com\/site\/ecuador\/?s={search_term_string}\"},\"query-input\":{\"@type\":\"PropertyValueSpecification\",\"valueRequired\":true,\"valueName\":\"search_term_string\"}}],\"inLanguage\":\"es\"},{\"@type\":\"Organization\",\"@id\":\"https:\/\/noti-america.com\/site\/ecuador\/#organization\",\"name\":\"Noti-America LLC | Ecuador\",\"url\":\"https:\/\/noti-america.com\/site\/ecuador\/\",\"logo\":{\"@type\":\"ImageObject\",\"inLanguage\":\"es\",\"@id\":\"https:\/\/noti-america.com\/site\/ecuador\/#\/schema\/logo\/image\/\",\"url\":\"https:\/\/noti-america.com\/site\/ecuador\/wp-content\/uploads\/sites\/18\/2020\/07\/LogoNA-4x3-1.jpg\",\"contentUrl\":\"https:\/\/noti-america.com\/site\/ecuador\/wp-content\/uploads\/sites\/18\/2020\/07\/LogoNA-4x3-1.jpg\",\"width\":1236,\"height\":1080,\"caption\":\"Noti-America LLC | Ecuador\"},\"image\":{\"@id\":\"https:\/\/noti-america.com\/site\/ecuador\/#\/schema\/logo\/image\/\"},\"sameAs\":[\"https:\/\/x.com\/notiamerica\"]},{\"@type\":\"Person\",\"@id\":\"https:\/\/noti-america.com\/site\/ecuador\/#\/schema\/person\/3b975e42f15abfe64bfe3abdd916efda\",\"name\":\"Gregory Quintana Montiel\",\"image\":{\"@type\":\"ImageObject\",\"inLanguage\":\"es\",\"@id\":\"https:\/\/secure.gravatar.com\/avatar\/2d6b802f7720c2ec7744dcbe608cc2f3417aeb964d58b443c6d612b77531de1d?s=96&d=mm&r=g\",\"url\":\"https:\/\/secure.gravatar.com\/avatar\/2d6b802f7720c2ec7744dcbe608cc2f3417aeb964d58b443c6d612b77531de1d?s=96&d=mm&r=g\",\"contentUrl\":\"https:\/\/secure.gravatar.com\/avatar\/2d6b802f7720c2ec7744dcbe608cc2f3417aeb964d58b443c6d612b77531de1d?s=96&d=mm&r=g\",\"caption\":\"Gregory Quintana Montiel\"},\"description\":\"Licenciatura en Ciencias de la Comunicaci\u00f3n Social, egresado en la Especializaci\u00f3n Derecho Ambiental Desarrollo Sostenible y Sustentable, Miembro de la Comunidad de profesionales y experto para Latinoam\u00e9rica y el Caribe en Gesti\u00f3n por Resultado en el Desarrollo (COPLAC - GpRD) del Banco Interamericano de Desarrollo, experiencia en medios radiales y escritos.\",\"sameAs\":[\"https:\/\/x.com\/gdgregori1\",\"gquintana\"],\"url\":\"https:\/\/noti-america.com\/site\/ecuador\/author\/gquintana\/\"}]}<\/script>\n<!-- \/ Yoast SEO Premium plugin. -->","yoast_head_json":{"title":"Milagro: Jard\u00edn Tropical del Ecuador - Ecuador | Noti-America.com","robots":{"index":"index","follow":"follow","max-snippet":"max-snippet:-1","max-image-preview":"max-image-preview:large","max-video-preview":"max-video-preview:-1"},"canonical":"https:\/\/noti-america.com\/site\/ecuador\/2020\/07\/03\/milagro-jardin-tropical-del-ecuador\/","og_locale":"es_ES","og_type":"article","og_title":"Milagro: Jard\u00edn Tropical del Ecuador","og_description":"Hermosos paisajes, una diversidad de \u00e1rboles frutales y varios atractivos rodean al cant\u00f3n Milagro, en la provincia del Guayas. Hoy te contamos algunas caracter\u00edsticas de la localidad, conocida tambi\u00e9n como el \u00abJard\u00edn Tropical del&#46;&#46;&#46;","og_url":"https:\/\/noti-america.com\/site\/ecuador\/2020\/07\/03\/milagro-jardin-tropical-del-ecuador\/","og_site_name":"Ecuador | Noti-America.com","article_published_time":"2020-07-03T03:31:23+00:00","og_image":[{"width":1600,"height":1062,"url":"https:\/\/noti-america.com\/site\/ecuador\/wp-content\/uploads\/sites\/18\/2020\/07\/Plaza-Central-Monumento-Pi\u00f1a.jpg","type":"image\/jpeg"}],"author":"Gregory Quintana Montiel","twitter_card":"summary_large_image","twitter_creator":"@gdgregori1","twitter_site":"@notiamerica","twitter_misc":{"Escrito por":"Gregory Quintana Montiel","Tiempo estimado de lectura":"2 minutos"},"schema":{"@context":"https:\/\/schema.org","@graph":[{"@type":"Article","@id":"https:\/\/noti-america.com\/site\/ecuador\/2020\/07\/03\/milagro-jardin-tropical-del-ecuador\/#article","isPartOf":{"@id":"https:\/\/noti-america.com\/site\/ecuador\/2020\/07\/03\/milagro-jardin-tropical-del-ecuador\/"},"author":{"name":"Gregory Quintana Montiel","@id":"https:\/\/noti-america.com\/site\/ecuador\/#\/schema\/person\/3b975e42f15abfe64bfe3abdd916efda"},"headline":"Milagro: Jard\u00edn Tropical del Ecuador","datePublished":"2020-07-03T03:31:23+00:00","mainEntityOfPage":{"@id":"https:\/\/noti-america.com\/site\/ecuador\/2020\/07\/03\/milagro-jardin-tropical-del-ecuador\/"},"wordCount":461,"commentCount":0,"publisher":{"@id":"https:\/\/noti-america.com\/site\/ecuador\/#organization"},"image":{"@id":"https:\/\/noti-america.com\/site\/ecuador\/2020\/07\/03\/milagro-jardin-tropical-del-ecuador\/#primaryimage"},"thumbnailUrl":"https:\/\/noti-america.com\/site\/ecuador\/wp-content\/uploads\/sites\/18\/2020\/07\/Plaza-Central-Monumento-Pi\u00f1a.jpg","articleSection":["Turismo"],"inLanguage":"es","potentialAction":[{"@type":"CommentAction","name":"Comment","target":["https:\/\/noti-america.com\/site\/ecuador\/2020\/07\/03\/milagro-jardin-tropical-del-ecuador\/#respond"]}]},{"@type":"WebPage","@id":"https:\/\/noti-america.com\/site\/ecuador\/2020\/07\/03\/milagro-jardin-tropical-del-ecuador\/","url":"https:\/\/noti-america.com\/site\/ecuador\/2020\/07\/03\/milagro-jardin-tropical-del-ecuador\/","name":"Milagro: Jard\u00edn Tropical del Ecuador - Ecuador | Noti-America.com","isPartOf":{"@id":"https:\/\/noti-america.com\/site\/ecuador\/#website"},"primaryImageOfPage":{"@id":"https:\/\/noti-america.com\/site\/ecuador\/2020\/07\/03\/milagro-jardin-tropical-del-ecuador\/#primaryimage"},"image":{"@id":"https:\/\/noti-america.com\/site\/ecuador\/2020\/07\/03\/milagro-jardin-tropical-del-ecuador\/#primaryimage"},"thumbnailUrl":"https:\/\/noti-america.com\/site\/ecuador\/wp-content\/uploads\/sites\/18\/2020\/07\/Plaza-Central-Monumento-Pi\u00f1a.jpg","datePublished":"2020-07-03T03:31:23+00:00","breadcrumb":{"@id":"https:\/\/noti-america.com\/site\/ecuador\/2020\/07\/03\/milagro-jardin-tropical-del-ecuador\/#breadcrumb"},"inLanguage":"es","potentialAction":[{"@type":"ReadAction","target":["https:\/\/noti-america.com\/site\/ecuador\/2020\/07\/03\/milagro-jardin-tropical-del-ecuador\/"]}]},{"@type":"ImageObject","inLanguage":"es","@id":"https:\/\/noti-america.com\/site\/ecuador\/2020\/07\/03\/milagro-jardin-tropical-del-ecuador\/#primaryimage","url":"https:\/\/noti-america.com\/site\/ecuador\/wp-content\/uploads\/sites\/18\/2020\/07\/Plaza-Central-Monumento-Pi\u00f1a.jpg","contentUrl":"https:\/\/noti-america.com\/site\/ecuador\/wp-content\/uploads\/sites\/18\/2020\/07\/Plaza-Central-Monumento-Pi\u00f1a.jpg","width":1600,"height":1062},{"@type":"BreadcrumbList","@id":"https:\/\/noti-america.com\/site\/ecuador\/2020\/07\/03\/milagro-jardin-tropical-del-ecuador\/#breadcrumb","itemListElement":[{"@type":"ListItem","position":1,"name":"Portada","item":"https:\/\/noti-america.com\/site\/ecuador\/"},{"@type":"ListItem","position":2,"name":"Milagro: Jard\u00edn Tropical del Ecuador"}]},{"@type":"WebSite","@id":"https:\/\/noti-america.com\/site\/ecuador\/#website","url":"https:\/\/noti-america.com\/site\/ecuador\/","name":"Ecuador | Noti-America.com","description":"","publisher":{"@id":"https:\/\/noti-america.com\/site\/ecuador\/#organization"},"potentialAction":[{"@type":"SearchAction","target":{"@type":"EntryPoint","urlTemplate":"https:\/\/noti-america.com\/site\/ecuador\/?s={search_term_string}"},"query-input":{"@type":"PropertyValueSpecification","valueRequired":true,"valueName":"search_term_string"}}],"inLanguage":"es"},{"@type":"Organization","@id":"https:\/\/noti-america.com\/site\/ecuador\/#organization","name":"Noti-America LLC | Ecuador","url":"https:\/\/noti-america.com\/site\/ecuador\/","logo":{"@type":"ImageObject","inLanguage":"es","@id":"https:\/\/noti-america.com\/site\/ecuador\/#\/schema\/logo\/image\/","url":"https:\/\/noti-america.com\/site\/ecuador\/wp-content\/uploads\/sites\/18\/2020\/07\/LogoNA-4x3-1.jpg","contentUrl":"https:\/\/noti-america.com\/site\/ecuador\/wp-content\/uploads\/sites\/18\/2020\/07\/LogoNA-4x3-1.jpg","width":1236,"height":1080,"caption":"Noti-America LLC | Ecuador"},"image":{"@id":"https:\/\/noti-america.com\/site\/ecuador\/#\/schema\/logo\/image\/"},"sameAs":["https:\/\/x.com\/notiamerica"]},{"@type":"Person","@id":"https:\/\/noti-america.com\/site\/ecuador\/#\/schema\/person\/3b975e42f15abfe64bfe3abdd916efda","name":"Gregory Quintana Montiel","image":{"@type":"ImageObject","inLanguage":"es","@id":"https:\/\/secure.gravatar.com\/avatar\/2d6b802f7720c2ec7744dcbe608cc2f3417aeb964d58b443c6d612b77531de1d?s=96&d=mm&r=g","url":"https:\/\/secure.gravatar.com\/avatar\/2d6b802f7720c2ec7744dcbe608cc2f3417aeb964d58b443c6d612b77531de1d?s=96&d=mm&r=g","contentUrl":"https:\/\/secure.gravatar.com\/avatar\/2d6b802f7720c2ec7744dcbe608cc2f3417aeb964d58b443c6d612b77531de1d?s=96&d=mm&r=g","caption":"Gregory Quintana Montiel"},"description":"Licenciatura en Ciencias de la Comunicaci\u00f3n Social, egresado en la Especializaci\u00f3n Derecho Ambiental Desarrollo Sostenible y Sustentable, Miembro de la Comunidad de profesionales y experto para Latinoam\u00e9rica y el Caribe en Gesti\u00f3n por Resultado en el Desarrollo (COPLAC - GpRD) del Banco Interamericano de Desarrollo, experiencia en medios radiales y escritos.","sameAs":["https:\/\/x.com\/gdgregori1","gquintana"],"url":"https:\/\/noti-america.com\/site\/ecuador\/author\/gquintana\/"}]}},"_links":{"self":[{"href":"https:\/\/noti-america.com\/site\/ecuador\/wp-json\/wp\/v2\/posts\/9542","targetHints":{"allow":["GET"]}}],"collection":[{"href":"https:\/\/noti-america.com\/site\/ecuador\/wp-json\/wp\/v2\/posts"}],"about":[{"href":"https:\/\/noti-america.com\/site\/ecuador\/wp-json\/wp\/v2\/types\/post"}],"author":[{"embeddable":true,"href":"https:\/\/noti-america.com\/site\/ecuador\/wp-json\/wp\/v2\/users\/17"}],"replies":[{"embeddable":true,"href":"https:\/\/noti-america.com\/site\/ecuador\/wp-json\/wp\/v2\/comments?post=9542"}],"version-history":[{"count":1,"href":"https:\/\/noti-america.com\/site\/ecuador\/wp-json\/wp\/v2\/posts\/9542\/revisions"}],"predecessor-version":[{"id":9551,"href":"https:\/\/noti-america.com\/site\/ecuador\/wp-json\/wp\/v2\/posts\/9542\/revisions\/9551"}],"wp:featuredmedia":[{"embeddable":true,"href":"https:\/\/noti-america.com\/site\/ecuador\/wp-json\/wp\/v2\/media\/9543"}],"wp:attachment":[{"href":"https:\/\/noti-america.com\/site\/ecuador\/wp-json\/wp\/v2\/media?parent=9542"}],"wp:term":[{"taxonomy":"category","embeddable":true,"href":"https:\/\/noti-america.com\/site\/ecuador\/wp-json\/wp\/v2\/categories?post=9542"},{"taxonomy":"post_tag","embeddable":true,"href":"https:\/\/noti-america.com\/site\/ecuador\/wp-json\/wp\/v2\/tags?post=9542"}],"curies":[{"name":"wp","href":"https:\/\/api.w.org\/{rel}","templated":true}]}}