{"id":9368,"date":"2020-06-24T01:07:20","date_gmt":"2020-06-24T01:07:20","guid":{"rendered":"http:\/\/noti-america.com\/site\/ecuador\/?p=9368"},"modified":"2020-06-24T01:08:46","modified_gmt":"2020-06-24T01:08:46","slug":"vicepresidente-de-la-republica-otto-sonnenholzner-y-otras-autoridades-cumplieron-varias-actividades-en-zona-afectada-en-morona-santiago","status":"publish","type":"post","link":"https:\/\/noti-america.com\/site\/ecuador\/2020\/06\/24\/vicepresidente-de-la-republica-otto-sonnenholzner-y-otras-autoridades-cumplieron-varias-actividades-en-zona-afectada-en-morona-santiago\/","title":{"rendered":"Vicepresidente de la Rep\u00fablica y otras autoridades cumplieron varias actividades en zona afectada en Morona Santiago"},"content":{"rendered":"<p>REDACCI\u00d3N NOTI AM\u00c9RICA (ECUADOR)<\/p>\n<div style=\"width: 810px\" class=\"wp-caption alignnone\"><img loading=\"lazy\" decoding=\"async\" src=\"https:\/\/www.vicepresidencia.gob.ec\/wp-content\/uploads\/2020\/06\/VP-MORONA.jpg\" alt=\"\" width=\"800\" height=\"450\" \/><p class=\"wp-caption-text\">Vicepresidente de la Rep\u00fablica, Otto Sonnenholzner, y otras autoridades cumplieron varias actividades en Morona Santiago,<\/p><\/div>\n<p style=\"text-align: justify\">Este martes, el vicepresidente de la Rep\u00fablica, Otto Sonnenholzner, el ministro de Transporte y Obras P\u00fablicas, MTOP, Gabriel Mart\u00ednez, el gerente General del Banco de Desarrollo del Ecuador, BDE, Carlos Julio Jaramillo, cumplieron varias actividades en Morona Santiago, donde se entreg\u00f3 financiamiento \u00a0a seis cantones de esta provincia oriental y se articularon acciones en temas de vialidad y salud.<\/p>\n<p style=\"text-align: justify\">La jornada inici\u00f3 con un recorrido en la zona afectada por el desbordamiento del r\u00edo Upano, que produjo el colapso de un tramo de la v\u00eda Macas \u2013 Puyo. \u201cLos gobiernos local y central est\u00e1n trabajando juntos en una soluci\u00f3n provisional para recuperar la conectividad con seguridad\u201d, dio a conocer el Vicepresidente.<\/p>\n<p style=\"text-align: justify\">\u201cDe modo emergente trabajamos en el relleno vial en el acceso occidental al puente para habilitar la circulaci\u00f3n\u201d, explic\u00f3 el ministro Mart\u00ednez. Seg\u00fan inform\u00f3 el MTOP, tambi\u00e9n se realiza el dragado del r\u00edo y limpieza de la playa.<\/p>\n<p style=\"text-align: justify\">Por su parte, el prefecto Rafael Antuni reiter\u00f3 la importancia de unir esfuerzos para reconstruir la carretera, \u201csituaciones como estas nos obligan a colaborar entre todos con maquinaria, recursos humanos y t\u00e9cnicos con el compromiso de arreglar este tramo\u201d, indic\u00f3.<\/p>\n<p style=\"text-align: justify\">Posteriormente, las autoridades participaron en la entrega de USD 15.8 millones por parte del BDE para los municipios de Huamboya, Gualaquiza, Suc\u00faa, Lim\u00f3n Indanza, Taisha, Morona y la Prefectura.<\/p>\n<p style=\"text-align: justify\">Los fondos, que beneficiar\u00e1n a 135.318 habitantes, permitir\u00e1n financiar la compra de maquinaria, construcci\u00f3n de parques, sistemas de agua potable, mercados y centros comerciales, mejoramientos de calles, estudios de sistemas de alcantarillado y el equipamiento de la Unidad de Cuidados Intensivos del Hospital General de Macas.<\/p>\n<p style=\"text-align: justify\">El vicemandatario reiter\u00f3 el compromiso de aportar al desarrollo del pa\u00eds, \u201csoy un ciudadano que tiene la oportunidad de servir y junto con el BDE visitamos las ciudades, apoyamos principalmente con recursos para que hagan obras que cambien la vida de la gente, sobre todo con infraestructura b\u00e1sica, uniendo fuerzas. Cuenten siempre con nosotros\u201d, ratific\u00f3.<\/p>\n<p style=\"text-align: justify\">Jaramillo se\u00f1al\u00f3 que el objetivo es apoyar a la reactivaci\u00f3n productiva, \u201ces de vital importancia retomar las actividades relacionados con la industria de la construcci\u00f3n que representan cerca del 30% de la econom\u00eda nacional, por cada mill\u00f3n que invertimos en programas como \u201cMejora tu Barrio\u201d se generan cerca de 900 plazas de empleo\u201d, indic\u00f3.<\/p>\n<p style=\"text-align: justify\">As\u00ed mismo, el alcalde Franklin Galarza agradeci\u00f3 por esta entrega y dijo que \u201cen medio de la tristeza, el pueblo est\u00e1 alegre porque recibiremos un monto importante y se har\u00e1 realidad el sue\u00f1o de contar con un mercado central\u201d.<\/p>\n<p style=\"text-align: justify\">La segunda autoridad del Ejecutivo, adem\u00e1s visit\u00f3 el Hospital General de Macas. Esta casa de salud recibi\u00f3 2.500 batas de manga larga quir\u00fargica, 1.600 mascarillas KN95, 1.200 mascarillas quir\u00fargicas, 950 trajes de aislamiento, 300 pruebas r\u00e1pidas y tres ventiladores. En los pr\u00f3ximos d\u00edas se prev\u00e9 la entrega de cuatro m\u00e1s.<\/p>\n<p style=\"text-align: justify\">En este contexto, expres\u00f3 que \u201cestamos llevando el mismo sacrificio que aplicamos en Guayaquil en la lucha contra el COVID-19 a otros lugares\u201d. Agreg\u00f3 que son tres los objetivos de estar en los hospitales del pa\u00eds: \u201cverificar que no falten equipos de protecci\u00f3n, ampliar la capacidad hospitalaria y la no tolerancia a la corrupci\u00f3n, es su responsabilidad cuidar el dinero de los ecuatorianos y defraudarlos no solo es un acto criminal sino contra la vida\u201d, asegur\u00f3.<\/p>\n<p style=\"text-align: justify\">En este hospital hay 44 camas disponibles, nueve est\u00e1n ocupadas actualmente en el \u00e1rea destinada a pacientes de COVID-19.<\/p>\n","protected":false},"excerpt":{"rendered":"<p>REDACCI\u00d3N NOTI AM\u00c9RICA (ECUADOR) Este martes, el vicepresidente de la Rep\u00fablica, Otto Sonnenholzner, el ministro de Transporte y Obras P\u00fablicas, MTOP, Gabriel Mart\u00ednez, el gerente General del Banco de Desarrollo del Ecuador, BDE, Carlos&#46;&#46;&#46;<\/p>\n","protected":false},"author":17,"featured_media":9369,"comment_status":"open","ping_status":"open","sticky":false,"template":"","format":"standard","meta":{"_acf_changed":false,"om_disable_all_campaigns":false,"rop_custom_images_group":[],"rop_custom_messages_group":[],"rop_publish_now":"initial","rop_publish_now_accounts":{"twitter_242054905_242054905":""},"rop_publish_now_history":[],"rop_publish_now_status":"pending","_uf_show_specific_survey":0,"_uf_disable_surveys":false,"footnotes":""},"categories":[42],"tags":[],"class_list":["post-9368","post","type-post","status-publish","format-standard","has-post-thumbnail","hentry","category-noticias"],"acf":[],"aioseo_notices":[],"yoast_head":"<!-- This site is optimized with the Yoast SEO Premium plugin v24.9 (Yoast SEO v27.2) - https:\/\/yoast.com\/product\/yoast-seo-premium-wordpress\/ -->\n<title>Vicepresidente de la Rep\u00fablica y otras autoridades cumplieron varias actividades en zona afectada en Morona Santiago - Ecuador | Noti-America.com<\/title>\n<meta name=\"robots\" content=\"index, follow, max-snippet:-1, max-image-preview:large, max-video-preview:-1\" \/>\n<link rel=\"canonical\" href=\"https:\/\/noti-america.com\/site\/ecuador\/2020\/06\/24\/vicepresidente-de-la-republica-otto-sonnenholzner-y-otras-autoridades-cumplieron-varias-actividades-en-zona-afectada-en-morona-santiago\/\" \/>\n<meta property=\"og:locale\" content=\"es_ES\" \/>\n<meta property=\"og:type\" content=\"article\" \/>\n<meta property=\"og:title\" content=\"Vicepresidente de la Rep\u00fablica y otras autoridades cumplieron varias actividades en zona afectada en Morona Santiago\" \/>\n<meta property=\"og:description\" content=\"REDACCI\u00d3N NOTI AM\u00c9RICA (ECUADOR) Este martes, el vicepresidente de la Rep\u00fablica, Otto Sonnenholzner, el ministro de Transporte y Obras P\u00fablicas, MTOP, Gabriel Mart\u00ednez, el gerente General del Banco de Desarrollo del Ecuador, BDE, Carlos&#046;&#046;&#046;\" \/>\n<meta property=\"og:url\" content=\"https:\/\/noti-america.com\/site\/ecuador\/2020\/06\/24\/vicepresidente-de-la-republica-otto-sonnenholzner-y-otras-autoridades-cumplieron-varias-actividades-en-zona-afectada-en-morona-santiago\/\" \/>\n<meta property=\"og:site_name\" content=\"Ecuador | Noti-America.com\" \/>\n<meta property=\"article:published_time\" content=\"2020-06-24T01:07:20+00:00\" \/>\n<meta property=\"article:modified_time\" content=\"2020-06-24T01:08:46+00:00\" \/>\n<meta property=\"og:image\" content=\"https:\/\/noti-america.com\/site\/ecuador\/wp-content\/uploads\/sites\/18\/2020\/06\/VP-MORONA.jpg\" \/>\n\t<meta property=\"og:image:width\" content=\"800\" \/>\n\t<meta property=\"og:image:height\" content=\"450\" \/>\n\t<meta property=\"og:image:type\" content=\"image\/jpeg\" \/>\n<meta name=\"author\" content=\"Gregory Quintana Montiel\" \/>\n<meta name=\"twitter:card\" content=\"summary_large_image\" \/>\n<meta name=\"twitter:creator\" content=\"@gdgregori1\" \/>\n<meta name=\"twitter:site\" content=\"@notiamerica\" \/>\n<meta name=\"twitter:label1\" content=\"Escrito por\" \/>\n\t<meta name=\"twitter:data1\" content=\"Gregory Quintana Montiel\" \/>\n\t<meta name=\"twitter:label2\" content=\"Tiempo estimado de lectura\" \/>\n\t<meta name=\"twitter:data2\" content=\"3 minutos\" \/>\n<script type=\"application\/ld+json\" class=\"yoast-schema-graph\">{\"@context\":\"https:\/\/schema.org\",\"@graph\":[{\"@type\":\"Article\",\"@id\":\"https:\/\/noti-america.com\/site\/ecuador\/2020\/06\/24\/vicepresidente-de-la-republica-otto-sonnenholzner-y-otras-autoridades-cumplieron-varias-actividades-en-zona-afectada-en-morona-santiago\/#article\",\"isPartOf\":{\"@id\":\"https:\/\/noti-america.com\/site\/ecuador\/2020\/06\/24\/vicepresidente-de-la-republica-otto-sonnenholzner-y-otras-autoridades-cumplieron-varias-actividades-en-zona-afectada-en-morona-santiago\/\"},\"author\":{\"name\":\"Gregory Quintana Montiel\",\"@id\":\"https:\/\/noti-america.com\/site\/ecuador\/#\/schema\/person\/3b975e42f15abfe64bfe3abdd916efda\"},\"headline\":\"Vicepresidente de la Rep\u00fablica y otras autoridades cumplieron varias actividades en zona afectada en Morona Santiago\",\"datePublished\":\"2020-06-24T01:07:20+00:00\",\"dateModified\":\"2020-06-24T01:08:46+00:00\",\"mainEntityOfPage\":{\"@id\":\"https:\/\/noti-america.com\/site\/ecuador\/2020\/06\/24\/vicepresidente-de-la-republica-otto-sonnenholzner-y-otras-autoridades-cumplieron-varias-actividades-en-zona-afectada-en-morona-santiago\/\"},\"wordCount\":628,\"commentCount\":0,\"publisher\":{\"@id\":\"https:\/\/noti-america.com\/site\/ecuador\/#organization\"},\"image\":{\"@id\":\"https:\/\/noti-america.com\/site\/ecuador\/2020\/06\/24\/vicepresidente-de-la-republica-otto-sonnenholzner-y-otras-autoridades-cumplieron-varias-actividades-en-zona-afectada-en-morona-santiago\/#primaryimage\"},\"thumbnailUrl\":\"https:\/\/noti-america.com\/site\/ecuador\/wp-content\/uploads\/sites\/18\/2020\/06\/VP-MORONA.jpg\",\"articleSection\":[\"Noticias\"],\"inLanguage\":\"es\",\"potentialAction\":[{\"@type\":\"CommentAction\",\"name\":\"Comment\",\"target\":[\"https:\/\/noti-america.com\/site\/ecuador\/2020\/06\/24\/vicepresidente-de-la-republica-otto-sonnenholzner-y-otras-autoridades-cumplieron-varias-actividades-en-zona-afectada-en-morona-santiago\/#respond\"]}]},{\"@type\":\"WebPage\",\"@id\":\"https:\/\/noti-america.com\/site\/ecuador\/2020\/06\/24\/vicepresidente-de-la-republica-otto-sonnenholzner-y-otras-autoridades-cumplieron-varias-actividades-en-zona-afectada-en-morona-santiago\/\",\"url\":\"https:\/\/noti-america.com\/site\/ecuador\/2020\/06\/24\/vicepresidente-de-la-republica-otto-sonnenholzner-y-otras-autoridades-cumplieron-varias-actividades-en-zona-afectada-en-morona-santiago\/\",\"name\":\"Vicepresidente de la Rep\u00fablica y otras autoridades cumplieron varias actividades en zona afectada en Morona Santiago - Ecuador | Noti-America.com\",\"isPartOf\":{\"@id\":\"https:\/\/noti-america.com\/site\/ecuador\/#website\"},\"primaryImageOfPage\":{\"@id\":\"https:\/\/noti-america.com\/site\/ecuador\/2020\/06\/24\/vicepresidente-de-la-republica-otto-sonnenholzner-y-otras-autoridades-cumplieron-varias-actividades-en-zona-afectada-en-morona-santiago\/#primaryimage\"},\"image\":{\"@id\":\"https:\/\/noti-america.com\/site\/ecuador\/2020\/06\/24\/vicepresidente-de-la-republica-otto-sonnenholzner-y-otras-autoridades-cumplieron-varias-actividades-en-zona-afectada-en-morona-santiago\/#primaryimage\"},\"thumbnailUrl\":\"https:\/\/noti-america.com\/site\/ecuador\/wp-content\/uploads\/sites\/18\/2020\/06\/VP-MORONA.jpg\",\"datePublished\":\"2020-06-24T01:07:20+00:00\",\"dateModified\":\"2020-06-24T01:08:46+00:00\",\"breadcrumb\":{\"@id\":\"https:\/\/noti-america.com\/site\/ecuador\/2020\/06\/24\/vicepresidente-de-la-republica-otto-sonnenholzner-y-otras-autoridades-cumplieron-varias-actividades-en-zona-afectada-en-morona-santiago\/#breadcrumb\"},\"inLanguage\":\"es\",\"potentialAction\":[{\"@type\":\"ReadAction\",\"target\":[\"https:\/\/noti-america.com\/site\/ecuador\/2020\/06\/24\/vicepresidente-de-la-republica-otto-sonnenholzner-y-otras-autoridades-cumplieron-varias-actividades-en-zona-afectada-en-morona-santiago\/\"]}]},{\"@type\":\"ImageObject\",\"inLanguage\":\"es\",\"@id\":\"https:\/\/noti-america.com\/site\/ecuador\/2020\/06\/24\/vicepresidente-de-la-republica-otto-sonnenholzner-y-otras-autoridades-cumplieron-varias-actividades-en-zona-afectada-en-morona-santiago\/#primaryimage\",\"url\":\"https:\/\/noti-america.com\/site\/ecuador\/wp-content\/uploads\/sites\/18\/2020\/06\/VP-MORONA.jpg\",\"contentUrl\":\"https:\/\/noti-america.com\/site\/ecuador\/wp-content\/uploads\/sites\/18\/2020\/06\/VP-MORONA.jpg\",\"width\":800,\"height\":450},{\"@type\":\"BreadcrumbList\",\"@id\":\"https:\/\/noti-america.com\/site\/ecuador\/2020\/06\/24\/vicepresidente-de-la-republica-otto-sonnenholzner-y-otras-autoridades-cumplieron-varias-actividades-en-zona-afectada-en-morona-santiago\/#breadcrumb\",\"itemListElement\":[{\"@type\":\"ListItem\",\"position\":1,\"name\":\"Portada\",\"item\":\"https:\/\/noti-america.com\/site\/ecuador\/\"},{\"@type\":\"ListItem\",\"position\":2,\"name\":\"Vicepresidente de la Rep\u00fablica y otras autoridades cumplieron varias actividades en zona afectada en Morona Santiago\"}]},{\"@type\":\"WebSite\",\"@id\":\"https:\/\/noti-america.com\/site\/ecuador\/#website\",\"url\":\"https:\/\/noti-america.com\/site\/ecuador\/\",\"name\":\"Ecuador | Noti-America.com\",\"description\":\"\",\"publisher\":{\"@id\":\"https:\/\/noti-america.com\/site\/ecuador\/#organization\"},\"potentialAction\":[{\"@type\":\"SearchAction\",\"target\":{\"@type\":\"EntryPoint\",\"urlTemplate\":\"https:\/\/noti-america.com\/site\/ecuador\/?s={search_term_string}\"},\"query-input\":{\"@type\":\"PropertyValueSpecification\",\"valueRequired\":true,\"valueName\":\"search_term_string\"}}],\"inLanguage\":\"es\"},{\"@type\":\"Organization\",\"@id\":\"https:\/\/noti-america.com\/site\/ecuador\/#organization\",\"name\":\"Noti-America LLC | Ecuador\",\"url\":\"https:\/\/noti-america.com\/site\/ecuador\/\",\"logo\":{\"@type\":\"ImageObject\",\"inLanguage\":\"es\",\"@id\":\"https:\/\/noti-america.com\/site\/ecuador\/#\/schema\/logo\/image\/\",\"url\":\"https:\/\/noti-america.com\/site\/ecuador\/wp-content\/uploads\/sites\/18\/2020\/07\/LogoNA-4x3-1.jpg\",\"contentUrl\":\"https:\/\/noti-america.com\/site\/ecuador\/wp-content\/uploads\/sites\/18\/2020\/07\/LogoNA-4x3-1.jpg\",\"width\":1236,\"height\":1080,\"caption\":\"Noti-America LLC | Ecuador\"},\"image\":{\"@id\":\"https:\/\/noti-america.com\/site\/ecuador\/#\/schema\/logo\/image\/\"},\"sameAs\":[\"https:\/\/x.com\/notiamerica\"]},{\"@type\":\"Person\",\"@id\":\"https:\/\/noti-america.com\/site\/ecuador\/#\/schema\/person\/3b975e42f15abfe64bfe3abdd916efda\",\"name\":\"Gregory Quintana Montiel\",\"image\":{\"@type\":\"ImageObject\",\"inLanguage\":\"es\",\"@id\":\"https:\/\/secure.gravatar.com\/avatar\/2d6b802f7720c2ec7744dcbe608cc2f3417aeb964d58b443c6d612b77531de1d?s=96&d=mm&r=g\",\"url\":\"https:\/\/secure.gravatar.com\/avatar\/2d6b802f7720c2ec7744dcbe608cc2f3417aeb964d58b443c6d612b77531de1d?s=96&d=mm&r=g\",\"contentUrl\":\"https:\/\/secure.gravatar.com\/avatar\/2d6b802f7720c2ec7744dcbe608cc2f3417aeb964d58b443c6d612b77531de1d?s=96&d=mm&r=g\",\"caption\":\"Gregory Quintana Montiel\"},\"description\":\"Licenciatura en Ciencias de la Comunicaci\u00f3n Social, egresado en la Especializaci\u00f3n Derecho Ambiental Desarrollo Sostenible y Sustentable, Miembro de la Comunidad de profesionales y experto para Latinoam\u00e9rica y el Caribe en Gesti\u00f3n por Resultado en el Desarrollo (COPLAC - GpRD) del Banco Interamericano de Desarrollo, experiencia en medios radiales y escritos.\",\"sameAs\":[\"https:\/\/x.com\/gdgregori1\",\"gquintana\"],\"url\":\"https:\/\/noti-america.com\/site\/ecuador\/author\/gquintana\/\"}]}<\/script>\n<!-- \/ Yoast SEO Premium plugin. -->","yoast_head_json":{"title":"Vicepresidente de la Rep\u00fablica y otras autoridades cumplieron varias actividades en zona afectada en Morona Santiago - Ecuador | Noti-America.com","robots":{"index":"index","follow":"follow","max-snippet":"max-snippet:-1","max-image-preview":"max-image-preview:large","max-video-preview":"max-video-preview:-1"},"canonical":"https:\/\/noti-america.com\/site\/ecuador\/2020\/06\/24\/vicepresidente-de-la-republica-otto-sonnenholzner-y-otras-autoridades-cumplieron-varias-actividades-en-zona-afectada-en-morona-santiago\/","og_locale":"es_ES","og_type":"article","og_title":"Vicepresidente de la Rep\u00fablica y otras autoridades cumplieron varias actividades en zona afectada en Morona Santiago","og_description":"REDACCI\u00d3N NOTI AM\u00c9RICA (ECUADOR) Este martes, el vicepresidente de la Rep\u00fablica, Otto Sonnenholzner, el ministro de Transporte y Obras P\u00fablicas, MTOP, Gabriel Mart\u00ednez, el gerente General del Banco de Desarrollo del Ecuador, BDE, Carlos&#46;&#46;&#46;","og_url":"https:\/\/noti-america.com\/site\/ecuador\/2020\/06\/24\/vicepresidente-de-la-republica-otto-sonnenholzner-y-otras-autoridades-cumplieron-varias-actividades-en-zona-afectada-en-morona-santiago\/","og_site_name":"Ecuador | Noti-America.com","article_published_time":"2020-06-24T01:07:20+00:00","article_modified_time":"2020-06-24T01:08:46+00:00","og_image":[{"width":800,"height":450,"url":"https:\/\/noti-america.com\/site\/ecuador\/wp-content\/uploads\/sites\/18\/2020\/06\/VP-MORONA.jpg","type":"image\/jpeg"}],"author":"Gregory Quintana Montiel","twitter_card":"summary_large_image","twitter_creator":"@gdgregori1","twitter_site":"@notiamerica","twitter_misc":{"Escrito por":"Gregory Quintana Montiel","Tiempo estimado de lectura":"3 minutos"},"schema":{"@context":"https:\/\/schema.org","@graph":[{"@type":"Article","@id":"https:\/\/noti-america.com\/site\/ecuador\/2020\/06\/24\/vicepresidente-de-la-republica-otto-sonnenholzner-y-otras-autoridades-cumplieron-varias-actividades-en-zona-afectada-en-morona-santiago\/#article","isPartOf":{"@id":"https:\/\/noti-america.com\/site\/ecuador\/2020\/06\/24\/vicepresidente-de-la-republica-otto-sonnenholzner-y-otras-autoridades-cumplieron-varias-actividades-en-zona-afectada-en-morona-santiago\/"},"author":{"name":"Gregory Quintana Montiel","@id":"https:\/\/noti-america.com\/site\/ecuador\/#\/schema\/person\/3b975e42f15abfe64bfe3abdd916efda"},"headline":"Vicepresidente de la Rep\u00fablica y otras autoridades cumplieron varias actividades en zona afectada en Morona Santiago","datePublished":"2020-06-24T01:07:20+00:00","dateModified":"2020-06-24T01:08:46+00:00","mainEntityOfPage":{"@id":"https:\/\/noti-america.com\/site\/ecuador\/2020\/06\/24\/vicepresidente-de-la-republica-otto-sonnenholzner-y-otras-autoridades-cumplieron-varias-actividades-en-zona-afectada-en-morona-santiago\/"},"wordCount":628,"commentCount":0,"publisher":{"@id":"https:\/\/noti-america.com\/site\/ecuador\/#organization"},"image":{"@id":"https:\/\/noti-america.com\/site\/ecuador\/2020\/06\/24\/vicepresidente-de-la-republica-otto-sonnenholzner-y-otras-autoridades-cumplieron-varias-actividades-en-zona-afectada-en-morona-santiago\/#primaryimage"},"thumbnailUrl":"https:\/\/noti-america.com\/site\/ecuador\/wp-content\/uploads\/sites\/18\/2020\/06\/VP-MORONA.jpg","articleSection":["Noticias"],"inLanguage":"es","potentialAction":[{"@type":"CommentAction","name":"Comment","target":["https:\/\/noti-america.com\/site\/ecuador\/2020\/06\/24\/vicepresidente-de-la-republica-otto-sonnenholzner-y-otras-autoridades-cumplieron-varias-actividades-en-zona-afectada-en-morona-santiago\/#respond"]}]},{"@type":"WebPage","@id":"https:\/\/noti-america.com\/site\/ecuador\/2020\/06\/24\/vicepresidente-de-la-republica-otto-sonnenholzner-y-otras-autoridades-cumplieron-varias-actividades-en-zona-afectada-en-morona-santiago\/","url":"https:\/\/noti-america.com\/site\/ecuador\/2020\/06\/24\/vicepresidente-de-la-republica-otto-sonnenholzner-y-otras-autoridades-cumplieron-varias-actividades-en-zona-afectada-en-morona-santiago\/","name":"Vicepresidente de la Rep\u00fablica y otras autoridades cumplieron varias actividades en zona afectada en Morona Santiago - Ecuador | Noti-America.com","isPartOf":{"@id":"https:\/\/noti-america.com\/site\/ecuador\/#website"},"primaryImageOfPage":{"@id":"https:\/\/noti-america.com\/site\/ecuador\/2020\/06\/24\/vicepresidente-de-la-republica-otto-sonnenholzner-y-otras-autoridades-cumplieron-varias-actividades-en-zona-afectada-en-morona-santiago\/#primaryimage"},"image":{"@id":"https:\/\/noti-america.com\/site\/ecuador\/2020\/06\/24\/vicepresidente-de-la-republica-otto-sonnenholzner-y-otras-autoridades-cumplieron-varias-actividades-en-zona-afectada-en-morona-santiago\/#primaryimage"},"thumbnailUrl":"https:\/\/noti-america.com\/site\/ecuador\/wp-content\/uploads\/sites\/18\/2020\/06\/VP-MORONA.jpg","datePublished":"2020-06-24T01:07:20+00:00","dateModified":"2020-06-24T01:08:46+00:00","breadcrumb":{"@id":"https:\/\/noti-america.com\/site\/ecuador\/2020\/06\/24\/vicepresidente-de-la-republica-otto-sonnenholzner-y-otras-autoridades-cumplieron-varias-actividades-en-zona-afectada-en-morona-santiago\/#breadcrumb"},"inLanguage":"es","potentialAction":[{"@type":"ReadAction","target":["https:\/\/noti-america.com\/site\/ecuador\/2020\/06\/24\/vicepresidente-de-la-republica-otto-sonnenholzner-y-otras-autoridades-cumplieron-varias-actividades-en-zona-afectada-en-morona-santiago\/"]}]},{"@type":"ImageObject","inLanguage":"es","@id":"https:\/\/noti-america.com\/site\/ecuador\/2020\/06\/24\/vicepresidente-de-la-republica-otto-sonnenholzner-y-otras-autoridades-cumplieron-varias-actividades-en-zona-afectada-en-morona-santiago\/#primaryimage","url":"https:\/\/noti-america.com\/site\/ecuador\/wp-content\/uploads\/sites\/18\/2020\/06\/VP-MORONA.jpg","contentUrl":"https:\/\/noti-america.com\/site\/ecuador\/wp-content\/uploads\/sites\/18\/2020\/06\/VP-MORONA.jpg","width":800,"height":450},{"@type":"BreadcrumbList","@id":"https:\/\/noti-america.com\/site\/ecuador\/2020\/06\/24\/vicepresidente-de-la-republica-otto-sonnenholzner-y-otras-autoridades-cumplieron-varias-actividades-en-zona-afectada-en-morona-santiago\/#breadcrumb","itemListElement":[{"@type":"ListItem","position":1,"name":"Portada","item":"https:\/\/noti-america.com\/site\/ecuador\/"},{"@type":"ListItem","position":2,"name":"Vicepresidente de la Rep\u00fablica y otras autoridades cumplieron varias actividades en zona afectada en Morona Santiago"}]},{"@type":"WebSite","@id":"https:\/\/noti-america.com\/site\/ecuador\/#website","url":"https:\/\/noti-america.com\/site\/ecuador\/","name":"Ecuador | Noti-America.com","description":"","publisher":{"@id":"https:\/\/noti-america.com\/site\/ecuador\/#organization"},"potentialAction":[{"@type":"SearchAction","target":{"@type":"EntryPoint","urlTemplate":"https:\/\/noti-america.com\/site\/ecuador\/?s={search_term_string}"},"query-input":{"@type":"PropertyValueSpecification","valueRequired":true,"valueName":"search_term_string"}}],"inLanguage":"es"},{"@type":"Organization","@id":"https:\/\/noti-america.com\/site\/ecuador\/#organization","name":"Noti-America LLC | Ecuador","url":"https:\/\/noti-america.com\/site\/ecuador\/","logo":{"@type":"ImageObject","inLanguage":"es","@id":"https:\/\/noti-america.com\/site\/ecuador\/#\/schema\/logo\/image\/","url":"https:\/\/noti-america.com\/site\/ecuador\/wp-content\/uploads\/sites\/18\/2020\/07\/LogoNA-4x3-1.jpg","contentUrl":"https:\/\/noti-america.com\/site\/ecuador\/wp-content\/uploads\/sites\/18\/2020\/07\/LogoNA-4x3-1.jpg","width":1236,"height":1080,"caption":"Noti-America LLC | Ecuador"},"image":{"@id":"https:\/\/noti-america.com\/site\/ecuador\/#\/schema\/logo\/image\/"},"sameAs":["https:\/\/x.com\/notiamerica"]},{"@type":"Person","@id":"https:\/\/noti-america.com\/site\/ecuador\/#\/schema\/person\/3b975e42f15abfe64bfe3abdd916efda","name":"Gregory Quintana Montiel","image":{"@type":"ImageObject","inLanguage":"es","@id":"https:\/\/secure.gravatar.com\/avatar\/2d6b802f7720c2ec7744dcbe608cc2f3417aeb964d58b443c6d612b77531de1d?s=96&d=mm&r=g","url":"https:\/\/secure.gravatar.com\/avatar\/2d6b802f7720c2ec7744dcbe608cc2f3417aeb964d58b443c6d612b77531de1d?s=96&d=mm&r=g","contentUrl":"https:\/\/secure.gravatar.com\/avatar\/2d6b802f7720c2ec7744dcbe608cc2f3417aeb964d58b443c6d612b77531de1d?s=96&d=mm&r=g","caption":"Gregory Quintana Montiel"},"description":"Licenciatura en Ciencias de la Comunicaci\u00f3n Social, egresado en la Especializaci\u00f3n Derecho Ambiental Desarrollo Sostenible y Sustentable, Miembro de la Comunidad de profesionales y experto para Latinoam\u00e9rica y el Caribe en Gesti\u00f3n por Resultado en el Desarrollo (COPLAC - GpRD) del Banco Interamericano de Desarrollo, experiencia en medios radiales y escritos.","sameAs":["https:\/\/x.com\/gdgregori1","gquintana"],"url":"https:\/\/noti-america.com\/site\/ecuador\/author\/gquintana\/"}]}},"_links":{"self":[{"href":"https:\/\/noti-america.com\/site\/ecuador\/wp-json\/wp\/v2\/posts\/9368","targetHints":{"allow":["GET"]}}],"collection":[{"href":"https:\/\/noti-america.com\/site\/ecuador\/wp-json\/wp\/v2\/posts"}],"about":[{"href":"https:\/\/noti-america.com\/site\/ecuador\/wp-json\/wp\/v2\/types\/post"}],"author":[{"embeddable":true,"href":"https:\/\/noti-america.com\/site\/ecuador\/wp-json\/wp\/v2\/users\/17"}],"replies":[{"embeddable":true,"href":"https:\/\/noti-america.com\/site\/ecuador\/wp-json\/wp\/v2\/comments?post=9368"}],"version-history":[{"count":2,"href":"https:\/\/noti-america.com\/site\/ecuador\/wp-json\/wp\/v2\/posts\/9368\/revisions"}],"predecessor-version":[{"id":9371,"href":"https:\/\/noti-america.com\/site\/ecuador\/wp-json\/wp\/v2\/posts\/9368\/revisions\/9371"}],"wp:featuredmedia":[{"embeddable":true,"href":"https:\/\/noti-america.com\/site\/ecuador\/wp-json\/wp\/v2\/media\/9369"}],"wp:attachment":[{"href":"https:\/\/noti-america.com\/site\/ecuador\/wp-json\/wp\/v2\/media?parent=9368"}],"wp:term":[{"taxonomy":"category","embeddable":true,"href":"https:\/\/noti-america.com\/site\/ecuador\/wp-json\/wp\/v2\/categories?post=9368"},{"taxonomy":"post_tag","embeddable":true,"href":"https:\/\/noti-america.com\/site\/ecuador\/wp-json\/wp\/v2\/tags?post=9368"}],"curies":[{"name":"wp","href":"https:\/\/api.w.org\/{rel}","templated":true}]}}