{"id":9159,"date":"2020-06-11T01:38:26","date_gmt":"2020-06-11T01:38:26","guid":{"rendered":"http:\/\/noti-america.com\/site\/ecuador\/?p=9159"},"modified":"2020-06-11T01:38:26","modified_gmt":"2020-06-11T01:38:26","slug":"comunicacion-de-crisis-sobre-el-coronavirus-10-recomendaciones-practicas-para-los-gobiernos-locales","status":"publish","type":"post","link":"https:\/\/noti-america.com\/site\/ecuador\/2020\/06\/11\/comunicacion-de-crisis-sobre-el-coronavirus-10-recomendaciones-practicas-para-los-gobiernos-locales\/","title":{"rendered":"Comunicaci\u00f3n de crisis sobre el coronavirus: 10 recomendaciones pr\u00e1cticas para los gobiernos locales"},"content":{"rendered":"<p>REDACCI\u00d3N NOTI AM\u00c9RICA (ECUADOR)<\/p>\n<div style=\"width: 2147px\" class=\"wp-caption alignnone\"><img loading=\"lazy\" decoding=\"async\" src=\"https:\/\/blogs.iadb.org\/gestion-fiscal\/wp-content\/uploads\/sites\/6\/2020\/05\/Blog-de-Romina-GettyImages-1212581954.jpg\" alt=\"Comunicaci\u00f3n en crisis covid-19\" width=\"2137\" height=\"1402\" \/><p class=\"wp-caption-text\">10 recomendaciones pr\u00e1cticas para los gobiernos locales<\/p><\/div>\n<p style=\"text-align: justify\"><span style=\"text-align: justify;font-size: 16px\">La pandemia de coronavirus ha puesto a los gobiernos ante el desaf\u00edo de implementar medidas de salud p\u00fablica para contener la propagaci\u00f3n de la epidemia mediante la promoci\u00f3n del\u00a0<\/span><span style=\"text-align: justify;font-size: 16px\">distanciamiento social<\/span><span style=\"text-align: justify;font-size: 16px\">, la obligaci\u00f3n de trabajar desde el hogar, el cierre de escuelas, comercios y eventos, y la implementaci\u00f3n de cuarentenas.<\/span><\/p>\n<p style=\"text-align: justify\">Estas\u00a0medidas\u00a0de contenci\u00f3n de la epidemia[1]\u00a0est\u00e1n destinadas a \u201caplanar la curva\u201d de crecimiento de la enfermedad y de ese modo reducir los riesgos de saturar al sistema de atenci\u00f3n m\u00e9dica de emergencia y, m\u00e1s importante a\u00fan, salvar vidas. Las medidas de contenci\u00f3n, si bien pueden ser disruptivas y costosas a corto plazo, son hasta el momento la mejor opci\u00f3n de salud p\u00fablica de la que disponen los gobiernos para combatir la nueva enfermedad mientras la comunidad cient\u00edfica y el cuerpo m\u00e9dico contin\u00faan tratando de desarrollar una vacuna y protocolos efectivos de tratamiento.<\/p>\n<p style=\"text-align: justify\">Dado el actual escenario, una adecuada estrategia de comunicaci\u00f3n de crisis se ha convertido en un pilar fundamental para la buena implementaci\u00f3n de las medidas de contenci\u00f3n. Este blog post aporta recomendaciones de \u00edndole pr\u00e1ctica para ayudar a los gobiernos locales en esta tarea.<\/p>\n<h2 style=\"text-align: justify\">El desaf\u00edo de la comunicaci\u00f3n<\/h2>\n<p style=\"text-align: justify\">Las medidas de contenci\u00f3n para la lucha contra la enfermedad ponen a los gobiernos frente a tres desaf\u00edos de comunicaci\u00f3n:<\/p>\n<p style=\"text-align: justify\">a) Cambiar las normas sociales. El distanciamiento social obliga a la gente a limitar sus interacciones f\u00edsicas. Por ejemplo, los empleados pueden verse forzados a trabajar desde sus casas y los estudiantes a tomar sus clases online.<\/p>\n<p style=\"text-align: justify\">b) Gestionar los conflictos de intereses. Obligar a las personas a quedarse en casa afectar\u00e1 los negocios, y los trabajadores del sector informal pueden sentir que no les queda otra opci\u00f3n que desobedecer las medidas de contenci\u00f3n para poder pagar sus cuentas y alimentar a sus familias. Las presiones procedentes de este sector de la poblaci\u00f3n pueden erosionar el apoyo de algunos actores gubernamentales y pol\u00edticos en general a las medidas de contenci\u00f3n.<\/p>\n<p style=\"text-align: justify\">c) Asegurar el cumplimiento. Las medidas de contenci\u00f3n pueden llegar a mantenerse por varias semanas, y el cumplimiento durante ese per\u00edodo ser\u00e1 clave para el \u00e9xito de las mismas.<\/p>\n<h2 style=\"text-align: justify\"><strong>10 recomendaciones para los gobiernos sobre una buena comunicaci\u00f3n de crisis<\/strong><\/h2>\n<p style=\"text-align: justify\">Los gobiernos locales pueden desempe\u00f1ar un papel crucial frente a estos desaf\u00edos gracias a su proximidad con la poblaci\u00f3n y su conocimiento de las condiciones locales y de sus interlocutores espec\u00edficos. Una buena estrategia de comunicaci\u00f3n y su implementaci\u00f3n a nivel local pueden contribuir en gran medida a contener la epidemia.<\/p>\n<p style=\"text-align: justify\">A continuaci\u00f3n, 10 recomendaciones que los gobiernos locales deber\u00edan considerar en su comunicaci\u00f3n sobre la crisis:<\/p>\n<p style=\"text-align: justify\"><strong>1. Defina sus objetivos<\/strong>. En el caso de esta epidemia, el objetivo deber\u00eda ser desacelerar la propagaci\u00f3n de la enfermedad. Por tanto, es crucial que los gobiernos tengan muy en cuenta este indicador. Sin embargo, dado el tiempo que llevar\u00e1 ver el impacto de las medidas, los gobiernos deber\u00edan asegurarse de que el plan incluya el monitoreo de ciertos indicadores de desempe\u00f1o que les permita medir el grado de efectividad de la comunicaci\u00f3n, como por ejemplo la cantidad de eventos cancelados o de gente en las calles y en reuniones.<\/p>\n<p style=\"text-align: justify\"><strong>2. Defina sus principales receptores y canales de comunicaci\u00f3n.<\/strong>\u00a0Los gobiernos necesitan identificar qui\u00e9nes ser\u00e1n los principales receptores y c\u00f3mo llegar a ellos en forma efectiva. Es crucial que los gobiernos comprendan sus necesidades, de modo que puedan emitir mensajes espec\u00edficos sobre los puntos que m\u00e1s los preocupan y hacer frente a los potenciales obst\u00e1culos que puedan impedir que dichos actores tomen las medidas de contenci\u00f3n deseadas. Por ejemplo, los gobiernos deber\u00edan considerar emitir mensajes espec\u00edficos para distintos grupos etarios y segmentos de la sociedad, tales como los trabajadores del sector informal, due\u00f1os de peque\u00f1os negocios, empleados, estudiantes, etc.<\/p>\n<p style=\"text-align: justify\"><strong>3. Centralice el manejo de las comunicaciones y establezca una clara cadena de mando.\u00a0<\/strong>Esto le permitir\u00e1 evitar el env\u00edo de mensajes p\u00fablicos inconsistentes. Sin embargo, debe asegurarse tambi\u00e9n de que su equipo trabaje en forma \u00e1gil, dado que la celeridad es esencial para una comunicaci\u00f3n efectiva en situaciones que evolucionan vertiginosamente. El disenso y las divergencias en el seno del gobierno deben ser controlados para garantizar que todos los funcionarios p\u00fablicos est\u00e9n en consonancia respecto de cu\u00e1l es el mensaje y qu\u00e9 se espera de ellos. Las autoridades deber\u00edan asegurarse de que las actividades de comunicaci\u00f3n se coordinen a nivel local, estatal y federal y tambi\u00e9n entre los distintos organismos.<\/p>\n<p style=\"text-align: justify\"><strong>\u00a04.\u00a0<\/strong><strong>Defina sus principales portavoces y coordine sus mensajes<\/strong>. Los gobiernos deber\u00edan elegir portavoces que sean buenos comunicadores y que se destaquen como voces fidedignas y autorizadas. Es asimismo importante que estas personas trabajen en forma coordinada y que sus mensajes se complementen y refuercen entre s\u00ed.<\/p>\n<p style=\"text-align: justify\"><strong>\u00a05.\u00a0<\/strong><strong>Produzca y promueva contenidos basados en fuentes confiables.\u00a0<\/strong>Es importante que su equipo de comunicaciones use criterios espec\u00edficos para seleccionar fuentes que se utilizar\u00e1n para la creaci\u00f3n y curaci\u00f3n de contenidos, a modo de evitar la propagaci\u00f3n de desinformaci\u00f3n. El contenido original producido por el equipo debe ser revisado por expertos para garantizar su precisi\u00f3n. Es tambi\u00e9n crucial que los creadores de contenidos tengan acceso a expertos si surge la necesidad de producir determinados contenidos espec\u00edficos, y que exista un proceso expeditivo de revisi\u00f3n y aprobaci\u00f3n de contenidos dentro del equipo.<\/p>\n<p style=\"text-align: justify\"><strong>\u00a06.\u00a0<\/strong><strong>Utilice formato, lenguaje y tono apropiados.\u00a0<\/strong>Al momento de preparar los mensajes, los gobiernos deben cerciorarse de que la gente entienda por qu\u00e9 se hace lo que se hace y, sobre todo<em>, por qu\u00e9 es importante cumplir con lo que se le dice.<\/em>\u00a0Asimismo, dado que las medidas de contenci\u00f3n requieren cambios en el comportamiento, los gobiernos deben aportar gu\u00edas de procedimiento y explicaciones sobre c\u00f3mo poner en pr\u00e1ctica el distanciamiento social, el lavado de manos adecuado, c\u00f3mo y cu\u00e1ndo ponerse en cuarentena, d\u00f3nde conseguir informaci\u00f3n confiable, c\u00f3mo trabajar desde el hogar, cu\u00e1ndo es aconsejable o no ir a un parque, etc. Los gobiernos no deben dar por sentado que el p\u00fablico sabr\u00e1 c\u00f3mo hacer esas cosas sin una gu\u00eda. El contenido debe ser\u00a0claro, simple, y escrito en forma accesible y adaptada a las distintas audiencias. Por ejemplo, si en una determinada comunidad hay una alta proporci\u00f3n de personas iletradas y\/o con limitado acceso a las comunicaciones digitales, los gobiernos deber\u00edan distribuir volantes y colocar posters que contengan\u00a0ilustraciones, para que el mensaje sea m\u00e1s f\u00e1cilmente comprensible.<\/p>\n<p style=\"text-align: justify\"><strong>\u00a07.\u00a0<\/strong><strong>Comunique de forma calma, asertiva, clara y frecuente.\u00a0<\/strong>El tono del mensaje es tan importante como el mensaje en s\u00ed. Cuando se transmitan medidas de contenci\u00f3n, el tono debe ser calmo y positivo para evitar que cunda el p\u00e1nico. La crisis de por s\u00ed ya genera un alto grado de incertidumbre, por lo que los gobiernos deber\u00edan transmitir sus propuestas de soluci\u00f3n de una manera tranquila y alentadora. Asimismo, la frecuencia del mensaje es tambi\u00e9n crucial. Tanto el cambio de h\u00e1bitos como el mantenimiento de esos cambios a lo largo del tiempo es una muy ardua tarea. La gente necesita que se le recuerde permanentemente qu\u00e9 debe hacer. Por tanto, la frecuencia y la repetici\u00f3n son fundamentales.<\/p>\n<p style=\"text-align: justify\"><strong>8. Maneje las expectativas y ansiedad del p\u00fablico<\/strong>. En sus frecuentes comunicaciones, los gobiernos tambi\u00e9n deber\u00edan tener el cuidado de comunicar los progresos en las medidas de cuarentena, como tambi\u00e9n manejar la ansiedad del p\u00fablico. En situaciones de incertidumbre, la ciudadan\u00eda puede comportarse irracionalmente, lo que puede hacer que empeore una situaci\u00f3n ya de por s\u00ed complicada. Por ejemplo, en varios pa\u00edses la gente comenz\u00f3 a acaparar papel higi\u00e9nico y desinfectantes, provocando faltas en el suministro. En otros, produjo interrupciones en el servicio de recolecci\u00f3n de residuos y marcados aumentos en el consumo de agua potable, poniendo fuertes presiones sobre los sistemas locales. Los gobiernos deben intentar anticiparse a esos comportamientos y tomar medidas. Por un lado, deben comunicar que no es necesario acaparar alimentos o productos de limpieza, y por el otro, necesitan trabajar en planes de contingencia para asegurar la provisi\u00f3n y continuidad de los servicios b\u00e1sicos.<\/p>\n<p style=\"text-align: justify\"><strong>9. Identifique posibles obst\u00e1culos y act\u00fae en consecuencia.\u00a0<\/strong>Los gobiernos necesitan reconocer que existen desaf\u00edos estructurales y econ\u00f3micos que pueden debilitar las medidas de contenci\u00f3n en nuestra regi\u00f3n. Con un alto porcentaje de la poblaci\u00f3n activa trabajando en el sector informal[2], viviendo al d\u00eda y en malas condiciones sanitarias con acceso limitado al agua, puede ser dif\u00edcil conseguir un buen grado de acatamiento. Es crucial que los gobiernos reconozcan estos obst\u00e1culos y que creen soluciones que permitan a la gente quedarse en sus casas. Adem\u00e1s de medidas de transferencias directas de dinero que se consideren a nivel federal, los gobiernos locales deber\u00edan considerar alianzas con organizaciones de la sociedad civil para distribuir alimentos o incluso comidas preparadas a trav\u00e9s de las escuelas p\u00fablicas, por ejemplo, como tambi\u00e9n para mejorar la distribuci\u00f3n de agua en comunidades vulnerables. Estas medidas deber\u00edan ser parte de la estrategia de comunicaci\u00f3n y de los contenidos a ser producidos y diseminados. Se deber\u00eda evitar el acaparamiento de alimentos y de productos de limpieza y los gobiernos locales deber\u00edan trabajar en estrecha colaboraci\u00f3n con los distribuidores minoristas para implementar medidas que impidan el acopio, por ejemplo fijando un l\u00edmite a la cantidad de \u00edtems que cada persona pueda adquirir en su compra. Los espacios p\u00fablicos, como por ejemplo las plazas, deber\u00edan cerrarse para evitar que las personas se re\u00fanan.<\/p>\n<p style=\"text-align: justify\"><strong>\u00a010.\u00a0<\/strong><strong>As<\/strong><strong>\u00f3ciese con algunos medios de prensa y organizaciones de la sociedad civil clave.<\/strong>\u00a0Los gobiernos deber\u00edan considerar tambi\u00e9n la creaci\u00f3n de un equipo de comunicaciones ampliado que incluya a los medios de prensa locales, a las organizaciones de la sociedad civil y a\u00a0<em>influencers<\/em>\u00a0locales que contribuya a crear contenidos y promover y reforzar los mensajes sobre las medidas de contenci\u00f3n. Estos asociados podr\u00edan contribuir a cerrar importantes brechas en los contenidos y diseminaci\u00f3n de la informaci\u00f3n y aliviar las presiones sobre los gobiernos locales para la creaci\u00f3n de contenidos.<\/p>\n<h2 style=\"text-align: justify\">Referencias<\/h2>\n<p><a href=\"https:\/\/blogs.iadb.org\/gestion-fiscal\/es\/comunicacion-crisis-coronavirus-recomendaciones-gobiernos-locales\/?j=400704&amp;sfmc_sub=10075595&amp;l=295_HTML&amp;u=8033446&amp;mid=100028582&amp;jb=25#_ftnref1\" name=\"_ftn1\">[1]<\/a>\u00a0Managing Epidemics, Key Facts About Major Deadly Diseases, OMS,\u00a0<a href=\"https:\/\/www.who.int\/emergencies\/diseases\/managing-epidemics-interactive.pdf\">https:\/\/www.who.int\/emergencies\/diseases\/managing-epidemics-interactive.pdf<\/a><\/p>\n<p><a href=\"https:\/\/blogs.iadb.org\/gestion-fiscal\/es\/comunicacion-crisis-coronavirus-recomendaciones-gobiernos-locales\/?j=400704&amp;sfmc_sub=10075595&amp;l=295_HTML&amp;u=8033446&amp;mid=100028582&amp;jb=25#_ftnref2\" name=\"_ftn2\">[2]<\/a>\u00a0Unos 92 millones de personas de la regi\u00f3n son extremadamente pobres y otros 77 millones son moderadamente pobres, seg\u00fan el Documento de Trabajo del BID\u00a0<a href=\"https:\/\/publications.iadb.org\/publications\/english\/document\/Poverty-Vulnerability-and-the-Middle-Class-in-Latin-America.pdf\">\u201cPoverty, Vulnerability and the Middle Class in Latin America<\/a>\u201d, mayo de 2015.<\/p>\n<p style=\"text-align: justify\">Fuente: BID<\/p>\n","protected":false},"excerpt":{"rendered":"<p>REDACCI\u00d3N NOTI AM\u00c9RICA (ECUADOR) La pandemia de coronavirus ha puesto a los gobiernos ante el desaf\u00edo de implementar medidas de salud p\u00fablica para contener la propagaci\u00f3n de la epidemia mediante la promoci\u00f3n del\u00a0distanciamiento social,&#46;&#46;&#46;<\/p>\n","protected":false},"author":17,"featured_media":9161,"comment_status":"open","ping_status":"open","sticky":false,"template":"","format":"standard","meta":{"_acf_changed":false,"om_disable_all_campaigns":false,"rop_custom_images_group":[],"rop_custom_messages_group":[],"rop_publish_now":"initial","rop_publish_now_accounts":{"twitter_242054905_242054905":""},"rop_publish_now_history":[],"rop_publish_now_status":"pending","_uf_show_specific_survey":0,"_uf_disable_surveys":false,"footnotes":""},"categories":[103],"tags":[],"class_list":["post-9159","post","type-post","status-publish","format-standard","has-post-thumbnail","hentry","category-educacion"],"acf":[],"aioseo_notices":[],"yoast_head":"<!-- This site is optimized with the Yoast SEO Premium plugin v24.9 (Yoast SEO v27.2) - https:\/\/yoast.com\/product\/yoast-seo-premium-wordpress\/ -->\n<title>Comunicaci\u00f3n de crisis sobre el coronavirus: 10 recomendaciones pr\u00e1cticas para los gobiernos locales - Ecuador | Noti-America.com<\/title>\n<meta name=\"robots\" content=\"index, follow, max-snippet:-1, max-image-preview:large, max-video-preview:-1\" \/>\n<link rel=\"canonical\" href=\"https:\/\/noti-america.com\/site\/ecuador\/2020\/06\/11\/comunicacion-de-crisis-sobre-el-coronavirus-10-recomendaciones-practicas-para-los-gobiernos-locales\/\" \/>\n<meta property=\"og:locale\" content=\"es_ES\" \/>\n<meta property=\"og:type\" content=\"article\" \/>\n<meta property=\"og:title\" content=\"Comunicaci\u00f3n de crisis sobre el coronavirus: 10 recomendaciones pr\u00e1cticas para los gobiernos locales\" \/>\n<meta property=\"og:description\" content=\"REDACCI\u00d3N NOTI AM\u00c9RICA (ECUADOR) La pandemia de coronavirus ha puesto a los gobiernos ante el desaf\u00edo de implementar medidas de salud p\u00fablica para contener la propagaci\u00f3n de la epidemia mediante la promoci\u00f3n del\u00a0distanciamiento social,&#046;&#046;&#046;\" \/>\n<meta property=\"og:url\" content=\"https:\/\/noti-america.com\/site\/ecuador\/2020\/06\/11\/comunicacion-de-crisis-sobre-el-coronavirus-10-recomendaciones-practicas-para-los-gobiernos-locales\/\" \/>\n<meta property=\"og:site_name\" content=\"Ecuador | Noti-America.com\" \/>\n<meta property=\"article:published_time\" content=\"2020-06-11T01:38:26+00:00\" \/>\n<meta property=\"og:image\" content=\"https:\/\/noti-america.com\/site\/ecuador\/wp-content\/uploads\/sites\/18\/2020\/06\/Blog-de-Romina-GettyImages-1212581954.jpg\" \/>\n\t<meta property=\"og:image:width\" content=\"2137\" \/>\n\t<meta property=\"og:image:height\" content=\"1402\" \/>\n\t<meta property=\"og:image:type\" content=\"image\/jpeg\" \/>\n<meta name=\"author\" content=\"Gregory Quintana Montiel\" \/>\n<meta name=\"twitter:card\" content=\"summary_large_image\" \/>\n<meta name=\"twitter:creator\" content=\"@gdgregori1\" \/>\n<meta name=\"twitter:site\" content=\"@notiamerica\" \/>\n<meta name=\"twitter:label1\" content=\"Escrito por\" \/>\n\t<meta name=\"twitter:data1\" content=\"Gregory Quintana Montiel\" \/>\n\t<meta name=\"twitter:label2\" content=\"Tiempo estimado de lectura\" \/>\n\t<meta name=\"twitter:data2\" content=\"9 minutos\" \/>\n<script type=\"application\/ld+json\" class=\"yoast-schema-graph\">{\"@context\":\"https:\/\/schema.org\",\"@graph\":[{\"@type\":\"Article\",\"@id\":\"https:\/\/noti-america.com\/site\/ecuador\/2020\/06\/11\/comunicacion-de-crisis-sobre-el-coronavirus-10-recomendaciones-practicas-para-los-gobiernos-locales\/#article\",\"isPartOf\":{\"@id\":\"https:\/\/noti-america.com\/site\/ecuador\/2020\/06\/11\/comunicacion-de-crisis-sobre-el-coronavirus-10-recomendaciones-practicas-para-los-gobiernos-locales\/\"},\"author\":{\"name\":\"Gregory Quintana Montiel\",\"@id\":\"https:\/\/noti-america.com\/site\/ecuador\/#\/schema\/person\/3b975e42f15abfe64bfe3abdd916efda\"},\"headline\":\"Comunicaci\u00f3n de crisis sobre el coronavirus: 10 recomendaciones pr\u00e1cticas para los gobiernos locales\",\"datePublished\":\"2020-06-11T01:38:26+00:00\",\"mainEntityOfPage\":{\"@id\":\"https:\/\/noti-america.com\/site\/ecuador\/2020\/06\/11\/comunicacion-de-crisis-sobre-el-coronavirus-10-recomendaciones-practicas-para-los-gobiernos-locales\/\"},\"wordCount\":1860,\"commentCount\":0,\"publisher\":{\"@id\":\"https:\/\/noti-america.com\/site\/ecuador\/#organization\"},\"image\":{\"@id\":\"https:\/\/noti-america.com\/site\/ecuador\/2020\/06\/11\/comunicacion-de-crisis-sobre-el-coronavirus-10-recomendaciones-practicas-para-los-gobiernos-locales\/#primaryimage\"},\"thumbnailUrl\":\"https:\/\/noti-america.com\/site\/ecuador\/wp-content\/uploads\/sites\/18\/2020\/06\/Blog-de-Romina-GettyImages-1212581954.jpg\",\"articleSection\":[\"Educaci\u00f3n\"],\"inLanguage\":\"es\",\"potentialAction\":[{\"@type\":\"CommentAction\",\"name\":\"Comment\",\"target\":[\"https:\/\/noti-america.com\/site\/ecuador\/2020\/06\/11\/comunicacion-de-crisis-sobre-el-coronavirus-10-recomendaciones-practicas-para-los-gobiernos-locales\/#respond\"]}]},{\"@type\":\"WebPage\",\"@id\":\"https:\/\/noti-america.com\/site\/ecuador\/2020\/06\/11\/comunicacion-de-crisis-sobre-el-coronavirus-10-recomendaciones-practicas-para-los-gobiernos-locales\/\",\"url\":\"https:\/\/noti-america.com\/site\/ecuador\/2020\/06\/11\/comunicacion-de-crisis-sobre-el-coronavirus-10-recomendaciones-practicas-para-los-gobiernos-locales\/\",\"name\":\"Comunicaci\u00f3n de crisis sobre el coronavirus: 10 recomendaciones pr\u00e1cticas para los gobiernos locales - Ecuador | Noti-America.com\",\"isPartOf\":{\"@id\":\"https:\/\/noti-america.com\/site\/ecuador\/#website\"},\"primaryImageOfPage\":{\"@id\":\"https:\/\/noti-america.com\/site\/ecuador\/2020\/06\/11\/comunicacion-de-crisis-sobre-el-coronavirus-10-recomendaciones-practicas-para-los-gobiernos-locales\/#primaryimage\"},\"image\":{\"@id\":\"https:\/\/noti-america.com\/site\/ecuador\/2020\/06\/11\/comunicacion-de-crisis-sobre-el-coronavirus-10-recomendaciones-practicas-para-los-gobiernos-locales\/#primaryimage\"},\"thumbnailUrl\":\"https:\/\/noti-america.com\/site\/ecuador\/wp-content\/uploads\/sites\/18\/2020\/06\/Blog-de-Romina-GettyImages-1212581954.jpg\",\"datePublished\":\"2020-06-11T01:38:26+00:00\",\"breadcrumb\":{\"@id\":\"https:\/\/noti-america.com\/site\/ecuador\/2020\/06\/11\/comunicacion-de-crisis-sobre-el-coronavirus-10-recomendaciones-practicas-para-los-gobiernos-locales\/#breadcrumb\"},\"inLanguage\":\"es\",\"potentialAction\":[{\"@type\":\"ReadAction\",\"target\":[\"https:\/\/noti-america.com\/site\/ecuador\/2020\/06\/11\/comunicacion-de-crisis-sobre-el-coronavirus-10-recomendaciones-practicas-para-los-gobiernos-locales\/\"]}]},{\"@type\":\"ImageObject\",\"inLanguage\":\"es\",\"@id\":\"https:\/\/noti-america.com\/site\/ecuador\/2020\/06\/11\/comunicacion-de-crisis-sobre-el-coronavirus-10-recomendaciones-practicas-para-los-gobiernos-locales\/#primaryimage\",\"url\":\"https:\/\/noti-america.com\/site\/ecuador\/wp-content\/uploads\/sites\/18\/2020\/06\/Blog-de-Romina-GettyImages-1212581954.jpg\",\"contentUrl\":\"https:\/\/noti-america.com\/site\/ecuador\/wp-content\/uploads\/sites\/18\/2020\/06\/Blog-de-Romina-GettyImages-1212581954.jpg\",\"width\":2137,\"height\":1402,\"caption\":\"COVID-19\u00a0 2019-nCoV concept. Human hands holding various smart devices with coronavirus alerts on their screens.\u00a0flat vector illustration\"},{\"@type\":\"BreadcrumbList\",\"@id\":\"https:\/\/noti-america.com\/site\/ecuador\/2020\/06\/11\/comunicacion-de-crisis-sobre-el-coronavirus-10-recomendaciones-practicas-para-los-gobiernos-locales\/#breadcrumb\",\"itemListElement\":[{\"@type\":\"ListItem\",\"position\":1,\"name\":\"Portada\",\"item\":\"https:\/\/noti-america.com\/site\/ecuador\/\"},{\"@type\":\"ListItem\",\"position\":2,\"name\":\"Comunicaci\u00f3n de crisis sobre el coronavirus: 10 recomendaciones pr\u00e1cticas para los gobiernos locales\"}]},{\"@type\":\"WebSite\",\"@id\":\"https:\/\/noti-america.com\/site\/ecuador\/#website\",\"url\":\"https:\/\/noti-america.com\/site\/ecuador\/\",\"name\":\"Ecuador | Noti-America.com\",\"description\":\"\",\"publisher\":{\"@id\":\"https:\/\/noti-america.com\/site\/ecuador\/#organization\"},\"potentialAction\":[{\"@type\":\"SearchAction\",\"target\":{\"@type\":\"EntryPoint\",\"urlTemplate\":\"https:\/\/noti-america.com\/site\/ecuador\/?s={search_term_string}\"},\"query-input\":{\"@type\":\"PropertyValueSpecification\",\"valueRequired\":true,\"valueName\":\"search_term_string\"}}],\"inLanguage\":\"es\"},{\"@type\":\"Organization\",\"@id\":\"https:\/\/noti-america.com\/site\/ecuador\/#organization\",\"name\":\"Noti-America LLC | Ecuador\",\"url\":\"https:\/\/noti-america.com\/site\/ecuador\/\",\"logo\":{\"@type\":\"ImageObject\",\"inLanguage\":\"es\",\"@id\":\"https:\/\/noti-america.com\/site\/ecuador\/#\/schema\/logo\/image\/\",\"url\":\"https:\/\/noti-america.com\/site\/ecuador\/wp-content\/uploads\/sites\/18\/2020\/07\/LogoNA-4x3-1.jpg\",\"contentUrl\":\"https:\/\/noti-america.com\/site\/ecuador\/wp-content\/uploads\/sites\/18\/2020\/07\/LogoNA-4x3-1.jpg\",\"width\":1236,\"height\":1080,\"caption\":\"Noti-America LLC | Ecuador\"},\"image\":{\"@id\":\"https:\/\/noti-america.com\/site\/ecuador\/#\/schema\/logo\/image\/\"},\"sameAs\":[\"https:\/\/x.com\/notiamerica\"]},{\"@type\":\"Person\",\"@id\":\"https:\/\/noti-america.com\/site\/ecuador\/#\/schema\/person\/3b975e42f15abfe64bfe3abdd916efda\",\"name\":\"Gregory Quintana Montiel\",\"image\":{\"@type\":\"ImageObject\",\"inLanguage\":\"es\",\"@id\":\"https:\/\/secure.gravatar.com\/avatar\/2d6b802f7720c2ec7744dcbe608cc2f3417aeb964d58b443c6d612b77531de1d?s=96&d=mm&r=g\",\"url\":\"https:\/\/secure.gravatar.com\/avatar\/2d6b802f7720c2ec7744dcbe608cc2f3417aeb964d58b443c6d612b77531de1d?s=96&d=mm&r=g\",\"contentUrl\":\"https:\/\/secure.gravatar.com\/avatar\/2d6b802f7720c2ec7744dcbe608cc2f3417aeb964d58b443c6d612b77531de1d?s=96&d=mm&r=g\",\"caption\":\"Gregory Quintana Montiel\"},\"description\":\"Licenciatura en Ciencias de la Comunicaci\u00f3n Social, egresado en la Especializaci\u00f3n Derecho Ambiental Desarrollo Sostenible y Sustentable, Miembro de la Comunidad de profesionales y experto para Latinoam\u00e9rica y el Caribe en Gesti\u00f3n por Resultado en el Desarrollo (COPLAC - GpRD) del Banco Interamericano de Desarrollo, experiencia en medios radiales y escritos.\",\"sameAs\":[\"https:\/\/x.com\/gdgregori1\",\"gquintana\"],\"url\":\"https:\/\/noti-america.com\/site\/ecuador\/author\/gquintana\/\"}]}<\/script>\n<!-- \/ Yoast SEO Premium plugin. -->","yoast_head_json":{"title":"Comunicaci\u00f3n de crisis sobre el coronavirus: 10 recomendaciones pr\u00e1cticas para los gobiernos locales - Ecuador | Noti-America.com","robots":{"index":"index","follow":"follow","max-snippet":"max-snippet:-1","max-image-preview":"max-image-preview:large","max-video-preview":"max-video-preview:-1"},"canonical":"https:\/\/noti-america.com\/site\/ecuador\/2020\/06\/11\/comunicacion-de-crisis-sobre-el-coronavirus-10-recomendaciones-practicas-para-los-gobiernos-locales\/","og_locale":"es_ES","og_type":"article","og_title":"Comunicaci\u00f3n de crisis sobre el coronavirus: 10 recomendaciones pr\u00e1cticas para los gobiernos locales","og_description":"REDACCI\u00d3N NOTI AM\u00c9RICA (ECUADOR) La pandemia de coronavirus ha puesto a los gobiernos ante el desaf\u00edo de implementar medidas de salud p\u00fablica para contener la propagaci\u00f3n de la epidemia mediante la promoci\u00f3n del\u00a0distanciamiento social,&#46;&#46;&#46;","og_url":"https:\/\/noti-america.com\/site\/ecuador\/2020\/06\/11\/comunicacion-de-crisis-sobre-el-coronavirus-10-recomendaciones-practicas-para-los-gobiernos-locales\/","og_site_name":"Ecuador | Noti-America.com","article_published_time":"2020-06-11T01:38:26+00:00","og_image":[{"width":2137,"height":1402,"url":"https:\/\/noti-america.com\/site\/ecuador\/wp-content\/uploads\/sites\/18\/2020\/06\/Blog-de-Romina-GettyImages-1212581954.jpg","type":"image\/jpeg"}],"author":"Gregory Quintana Montiel","twitter_card":"summary_large_image","twitter_creator":"@gdgregori1","twitter_site":"@notiamerica","twitter_misc":{"Escrito por":"Gregory Quintana Montiel","Tiempo estimado de lectura":"9 minutos"},"schema":{"@context":"https:\/\/schema.org","@graph":[{"@type":"Article","@id":"https:\/\/noti-america.com\/site\/ecuador\/2020\/06\/11\/comunicacion-de-crisis-sobre-el-coronavirus-10-recomendaciones-practicas-para-los-gobiernos-locales\/#article","isPartOf":{"@id":"https:\/\/noti-america.com\/site\/ecuador\/2020\/06\/11\/comunicacion-de-crisis-sobre-el-coronavirus-10-recomendaciones-practicas-para-los-gobiernos-locales\/"},"author":{"name":"Gregory Quintana Montiel","@id":"https:\/\/noti-america.com\/site\/ecuador\/#\/schema\/person\/3b975e42f15abfe64bfe3abdd916efda"},"headline":"Comunicaci\u00f3n de crisis sobre el coronavirus: 10 recomendaciones pr\u00e1cticas para los gobiernos locales","datePublished":"2020-06-11T01:38:26+00:00","mainEntityOfPage":{"@id":"https:\/\/noti-america.com\/site\/ecuador\/2020\/06\/11\/comunicacion-de-crisis-sobre-el-coronavirus-10-recomendaciones-practicas-para-los-gobiernos-locales\/"},"wordCount":1860,"commentCount":0,"publisher":{"@id":"https:\/\/noti-america.com\/site\/ecuador\/#organization"},"image":{"@id":"https:\/\/noti-america.com\/site\/ecuador\/2020\/06\/11\/comunicacion-de-crisis-sobre-el-coronavirus-10-recomendaciones-practicas-para-los-gobiernos-locales\/#primaryimage"},"thumbnailUrl":"https:\/\/noti-america.com\/site\/ecuador\/wp-content\/uploads\/sites\/18\/2020\/06\/Blog-de-Romina-GettyImages-1212581954.jpg","articleSection":["Educaci\u00f3n"],"inLanguage":"es","potentialAction":[{"@type":"CommentAction","name":"Comment","target":["https:\/\/noti-america.com\/site\/ecuador\/2020\/06\/11\/comunicacion-de-crisis-sobre-el-coronavirus-10-recomendaciones-practicas-para-los-gobiernos-locales\/#respond"]}]},{"@type":"WebPage","@id":"https:\/\/noti-america.com\/site\/ecuador\/2020\/06\/11\/comunicacion-de-crisis-sobre-el-coronavirus-10-recomendaciones-practicas-para-los-gobiernos-locales\/","url":"https:\/\/noti-america.com\/site\/ecuador\/2020\/06\/11\/comunicacion-de-crisis-sobre-el-coronavirus-10-recomendaciones-practicas-para-los-gobiernos-locales\/","name":"Comunicaci\u00f3n de crisis sobre el coronavirus: 10 recomendaciones pr\u00e1cticas para los gobiernos locales - Ecuador | Noti-America.com","isPartOf":{"@id":"https:\/\/noti-america.com\/site\/ecuador\/#website"},"primaryImageOfPage":{"@id":"https:\/\/noti-america.com\/site\/ecuador\/2020\/06\/11\/comunicacion-de-crisis-sobre-el-coronavirus-10-recomendaciones-practicas-para-los-gobiernos-locales\/#primaryimage"},"image":{"@id":"https:\/\/noti-america.com\/site\/ecuador\/2020\/06\/11\/comunicacion-de-crisis-sobre-el-coronavirus-10-recomendaciones-practicas-para-los-gobiernos-locales\/#primaryimage"},"thumbnailUrl":"https:\/\/noti-america.com\/site\/ecuador\/wp-content\/uploads\/sites\/18\/2020\/06\/Blog-de-Romina-GettyImages-1212581954.jpg","datePublished":"2020-06-11T01:38:26+00:00","breadcrumb":{"@id":"https:\/\/noti-america.com\/site\/ecuador\/2020\/06\/11\/comunicacion-de-crisis-sobre-el-coronavirus-10-recomendaciones-practicas-para-los-gobiernos-locales\/#breadcrumb"},"inLanguage":"es","potentialAction":[{"@type":"ReadAction","target":["https:\/\/noti-america.com\/site\/ecuador\/2020\/06\/11\/comunicacion-de-crisis-sobre-el-coronavirus-10-recomendaciones-practicas-para-los-gobiernos-locales\/"]}]},{"@type":"ImageObject","inLanguage":"es","@id":"https:\/\/noti-america.com\/site\/ecuador\/2020\/06\/11\/comunicacion-de-crisis-sobre-el-coronavirus-10-recomendaciones-practicas-para-los-gobiernos-locales\/#primaryimage","url":"https:\/\/noti-america.com\/site\/ecuador\/wp-content\/uploads\/sites\/18\/2020\/06\/Blog-de-Romina-GettyImages-1212581954.jpg","contentUrl":"https:\/\/noti-america.com\/site\/ecuador\/wp-content\/uploads\/sites\/18\/2020\/06\/Blog-de-Romina-GettyImages-1212581954.jpg","width":2137,"height":1402,"caption":"COVID-19\u00a0 2019-nCoV concept. Human hands holding various smart devices with coronavirus alerts on their screens.\u00a0flat vector illustration"},{"@type":"BreadcrumbList","@id":"https:\/\/noti-america.com\/site\/ecuador\/2020\/06\/11\/comunicacion-de-crisis-sobre-el-coronavirus-10-recomendaciones-practicas-para-los-gobiernos-locales\/#breadcrumb","itemListElement":[{"@type":"ListItem","position":1,"name":"Portada","item":"https:\/\/noti-america.com\/site\/ecuador\/"},{"@type":"ListItem","position":2,"name":"Comunicaci\u00f3n de crisis sobre el coronavirus: 10 recomendaciones pr\u00e1cticas para los gobiernos locales"}]},{"@type":"WebSite","@id":"https:\/\/noti-america.com\/site\/ecuador\/#website","url":"https:\/\/noti-america.com\/site\/ecuador\/","name":"Ecuador | Noti-America.com","description":"","publisher":{"@id":"https:\/\/noti-america.com\/site\/ecuador\/#organization"},"potentialAction":[{"@type":"SearchAction","target":{"@type":"EntryPoint","urlTemplate":"https:\/\/noti-america.com\/site\/ecuador\/?s={search_term_string}"},"query-input":{"@type":"PropertyValueSpecification","valueRequired":true,"valueName":"search_term_string"}}],"inLanguage":"es"},{"@type":"Organization","@id":"https:\/\/noti-america.com\/site\/ecuador\/#organization","name":"Noti-America LLC | Ecuador","url":"https:\/\/noti-america.com\/site\/ecuador\/","logo":{"@type":"ImageObject","inLanguage":"es","@id":"https:\/\/noti-america.com\/site\/ecuador\/#\/schema\/logo\/image\/","url":"https:\/\/noti-america.com\/site\/ecuador\/wp-content\/uploads\/sites\/18\/2020\/07\/LogoNA-4x3-1.jpg","contentUrl":"https:\/\/noti-america.com\/site\/ecuador\/wp-content\/uploads\/sites\/18\/2020\/07\/LogoNA-4x3-1.jpg","width":1236,"height":1080,"caption":"Noti-America LLC | Ecuador"},"image":{"@id":"https:\/\/noti-america.com\/site\/ecuador\/#\/schema\/logo\/image\/"},"sameAs":["https:\/\/x.com\/notiamerica"]},{"@type":"Person","@id":"https:\/\/noti-america.com\/site\/ecuador\/#\/schema\/person\/3b975e42f15abfe64bfe3abdd916efda","name":"Gregory Quintana Montiel","image":{"@type":"ImageObject","inLanguage":"es","@id":"https:\/\/secure.gravatar.com\/avatar\/2d6b802f7720c2ec7744dcbe608cc2f3417aeb964d58b443c6d612b77531de1d?s=96&d=mm&r=g","url":"https:\/\/secure.gravatar.com\/avatar\/2d6b802f7720c2ec7744dcbe608cc2f3417aeb964d58b443c6d612b77531de1d?s=96&d=mm&r=g","contentUrl":"https:\/\/secure.gravatar.com\/avatar\/2d6b802f7720c2ec7744dcbe608cc2f3417aeb964d58b443c6d612b77531de1d?s=96&d=mm&r=g","caption":"Gregory Quintana Montiel"},"description":"Licenciatura en Ciencias de la Comunicaci\u00f3n Social, egresado en la Especializaci\u00f3n Derecho Ambiental Desarrollo Sostenible y Sustentable, Miembro de la Comunidad de profesionales y experto para Latinoam\u00e9rica y el Caribe en Gesti\u00f3n por Resultado en el Desarrollo (COPLAC - GpRD) del Banco Interamericano de Desarrollo, experiencia en medios radiales y escritos.","sameAs":["https:\/\/x.com\/gdgregori1","gquintana"],"url":"https:\/\/noti-america.com\/site\/ecuador\/author\/gquintana\/"}]}},"_links":{"self":[{"href":"https:\/\/noti-america.com\/site\/ecuador\/wp-json\/wp\/v2\/posts\/9159","targetHints":{"allow":["GET"]}}],"collection":[{"href":"https:\/\/noti-america.com\/site\/ecuador\/wp-json\/wp\/v2\/posts"}],"about":[{"href":"https:\/\/noti-america.com\/site\/ecuador\/wp-json\/wp\/v2\/types\/post"}],"author":[{"embeddable":true,"href":"https:\/\/noti-america.com\/site\/ecuador\/wp-json\/wp\/v2\/users\/17"}],"replies":[{"embeddable":true,"href":"https:\/\/noti-america.com\/site\/ecuador\/wp-json\/wp\/v2\/comments?post=9159"}],"version-history":[{"count":1,"href":"https:\/\/noti-america.com\/site\/ecuador\/wp-json\/wp\/v2\/posts\/9159\/revisions"}],"predecessor-version":[{"id":9162,"href":"https:\/\/noti-america.com\/site\/ecuador\/wp-json\/wp\/v2\/posts\/9159\/revisions\/9162"}],"wp:featuredmedia":[{"embeddable":true,"href":"https:\/\/noti-america.com\/site\/ecuador\/wp-json\/wp\/v2\/media\/9161"}],"wp:attachment":[{"href":"https:\/\/noti-america.com\/site\/ecuador\/wp-json\/wp\/v2\/media?parent=9159"}],"wp:term":[{"taxonomy":"category","embeddable":true,"href":"https:\/\/noti-america.com\/site\/ecuador\/wp-json\/wp\/v2\/categories?post=9159"},{"taxonomy":"post_tag","embeddable":true,"href":"https:\/\/noti-america.com\/site\/ecuador\/wp-json\/wp\/v2\/tags?post=9159"}],"curies":[{"name":"wp","href":"https:\/\/api.w.org\/{rel}","templated":true}]}}