{"id":9131,"date":"2020-06-09T03:55:46","date_gmt":"2020-06-09T03:55:46","guid":{"rendered":"http:\/\/noti-america.com\/site\/ecuador\/?p=9131"},"modified":"2020-06-09T03:55:46","modified_gmt":"2020-06-09T03:55:46","slug":"ecuador-recibe-prestamo-de-us-280-millones-del-banco-interamericano-de-desarrollo-para-la-transformacion-de-la-matriz-energetica","status":"publish","type":"post","link":"https:\/\/noti-america.com\/site\/ecuador\/2020\/06\/09\/ecuador-recibe-prestamo-de-us-280-millones-del-banco-interamericano-de-desarrollo-para-la-transformacion-de-la-matriz-energetica\/","title":{"rendered":"Ecuador recibe pr\u00e9stamo de US$ 280 millones del Banco Interamericano de Desarrollo, para la transformaci\u00f3n de la matriz energ\u00e9tica"},"content":{"rendered":"<p>REDACCI\u00d3N NOTI AM\u00c9RICA (ECUADOR)<\/p>\n<div style=\"width: 866px\" class=\"wp-caption alignnone\"><img loading=\"lazy\" decoding=\"async\" src=\"https:\/\/webimages.iadb.org\/Drupal_pantheon\/2016-12\/ecuador-32926.jpg\" alt=\"Ecuador\" width=\"856\" height=\"443\" \/><p class=\"wp-caption-text\">Quito capital de Ecuador<\/p><\/div>\n<p style=\"text-align: justify\">El Banco Interamericano de Desarrollo aprob\u00f3 un pr\u00e9stamo de US$ 280 millones a Ecuador para respaldar los avances en la transformaci\u00f3n de la matriz energ\u00e9tica, las mejoras en la eficiencia energ\u00e9tica y la promoci\u00f3n del acceso a la electricidad con fuentes renovables.<\/p>\n<p style=\"text-align: justify\">El pr\u00e9stamo busca apoyar al pa\u00eds en sus objetivos de cambio clim\u00e1tico en el sector energ\u00e9tico y contribuir a la consolidaci\u00f3n de las cuentas fiscales y externas, por medio de reformas de pol\u00edticas. Esta segunda y \u00faltima operaci\u00f3n forma parte de una serie de pr\u00e9stamos dirigida a apoyar el cambio en la matriz energ\u00e9tica del pa\u00eds.<\/p>\n<p style=\"text-align: justify\">Actualmente, Ecuador es responsable de aproximadamente un 0,08% de las emisiones de gases de efecto invernadero a nivel global. Aunque las cifras son bajas comparadas con otros pa\u00edses con caracter\u00edsticas similares, el pa\u00eds se comprometi\u00f3 a reducir el 9% de sus emisiones para el a\u00f1o 2025 con respecto a un escenario tendencial.<\/p>\n<p style=\"text-align: justify\">El apoyo del BID es significativo para el pa\u00eds, particularmente en el contexto actual en el que se espera que los ingresos fiscales del pa\u00eds sufran una ca\u00edda significativa ante el impacto econ\u00f3mico de la pandemia, que ser\u00e1 particularmente importante en Ecuador como pa\u00eds productor de petr\u00f3leo.<\/p>\n<p style=\"text-align: justify\">Ecuador contin\u00faa trabajando para reducir el consumo de combustibles f\u00f3siles y lo ha hecho a trav\u00e9s de la reforma de su matriz energ\u00e9tica. \u201cLas pol\u00edticas sectoriales, como estas que viene implementando Ecuador, son esenciales para mejorar el desempe\u00f1o del sector el\u00e9ctrico. La evidencia demuestra que las reformas de pol\u00edticas sectoriales pueden llevar a un incremento en las inversiones y en la calidad del servicio al mejorar la eficiencia del sector el\u00e9ctrico y su sostenibilidad financiera\u201d, explic\u00f3 Virginia Snyder, jefe de equipo de proyecto.<\/p>\n<p style=\"text-align: justify\">Por medio de este pr\u00e9stamo, tambi\u00e9n se apoyan los esfuerzos de eficiencia, modernizaci\u00f3n, innovaci\u00f3n y sostenibilidad en la provisi\u00f3n del servicio de electricidad, as\u00ed como para el intercambio de energ\u00eda el\u00e9ctrica con los pa\u00edses vecinos, que contribuir\u00e1 a asegurar el suministro nacional en posibles escenarios con condiciones adversas.<\/p>\n<p>Fuente: BID<\/p>\n","protected":false},"excerpt":{"rendered":"<p>REDACCI\u00d3N NOTI AM\u00c9RICA (ECUADOR) El Banco Interamericano de Desarrollo aprob\u00f3 un pr\u00e9stamo de US$ 280 millones a Ecuador para respaldar los avances en la transformaci\u00f3n de la matriz energ\u00e9tica, las mejoras en la eficiencia&#46;&#46;&#46;<\/p>\n","protected":false},"author":17,"featured_media":9132,"comment_status":"open","ping_status":"open","sticky":false,"template":"","format":"standard","meta":{"_acf_changed":false,"om_disable_all_campaigns":false,"rop_custom_images_group":[],"rop_custom_messages_group":[],"rop_publish_now":"initial","rop_publish_now_accounts":{"twitter_242054905_242054905":""},"rop_publish_now_history":[],"rop_publish_now_status":"pending","_uf_show_specific_survey":0,"_uf_disable_surveys":false,"footnotes":""},"categories":[5],"tags":[],"class_list":["post-9131","post","type-post","status-publish","format-standard","has-post-thumbnail","hentry","category-economia"],"acf":[],"aioseo_notices":[],"yoast_head":"<!-- This site is optimized with the Yoast SEO Premium plugin v24.9 (Yoast SEO v27.2) - https:\/\/yoast.com\/product\/yoast-seo-premium-wordpress\/ -->\n<title>Ecuador recibe pr\u00e9stamo de US$ 280 millones del Banco Interamericano de Desarrollo, para la transformaci\u00f3n de la matriz energ\u00e9tica - Ecuador | Noti-America.com<\/title>\n<meta name=\"robots\" content=\"index, follow, max-snippet:-1, max-image-preview:large, max-video-preview:-1\" \/>\n<link rel=\"canonical\" href=\"https:\/\/noti-america.com\/site\/ecuador\/2020\/06\/09\/ecuador-recibe-prestamo-de-us-280-millones-del-banco-interamericano-de-desarrollo-para-la-transformacion-de-la-matriz-energetica\/\" \/>\n<meta property=\"og:locale\" content=\"es_ES\" \/>\n<meta property=\"og:type\" content=\"article\" \/>\n<meta property=\"og:title\" content=\"Ecuador recibe pr\u00e9stamo de US$ 280 millones del Banco Interamericano de Desarrollo, para la transformaci\u00f3n de la matriz energ\u00e9tica\" \/>\n<meta property=\"og:description\" content=\"REDACCI\u00d3N NOTI AM\u00c9RICA (ECUADOR) El Banco Interamericano de Desarrollo aprob\u00f3 un pr\u00e9stamo de US$ 280 millones a Ecuador para respaldar los avances en la transformaci\u00f3n de la matriz energ\u00e9tica, las mejoras en la eficiencia&#046;&#046;&#046;\" \/>\n<meta property=\"og:url\" content=\"https:\/\/noti-america.com\/site\/ecuador\/2020\/06\/09\/ecuador-recibe-prestamo-de-us-280-millones-del-banco-interamericano-de-desarrollo-para-la-transformacion-de-la-matriz-energetica\/\" \/>\n<meta property=\"og:site_name\" content=\"Ecuador | Noti-America.com\" \/>\n<meta property=\"article:published_time\" content=\"2020-06-09T03:55:46+00:00\" \/>\n<meta property=\"og:image\" content=\"https:\/\/noti-america.com\/site\/ecuador\/wp-content\/uploads\/sites\/18\/2020\/06\/ecuador.jpg\" \/>\n\t<meta property=\"og:image:width\" content=\"856\" \/>\n\t<meta property=\"og:image:height\" content=\"443\" \/>\n\t<meta property=\"og:image:type\" content=\"image\/jpeg\" \/>\n<meta name=\"author\" content=\"Gregory Quintana Montiel\" \/>\n<meta name=\"twitter:card\" content=\"summary_large_image\" \/>\n<meta name=\"twitter:creator\" content=\"@gdgregori1\" \/>\n<meta name=\"twitter:site\" content=\"@notiamerica\" \/>\n<meta name=\"twitter:label1\" content=\"Escrito por\" \/>\n\t<meta name=\"twitter:data1\" content=\"Gregory Quintana Montiel\" \/>\n\t<meta name=\"twitter:label2\" content=\"Tiempo estimado de lectura\" \/>\n\t<meta name=\"twitter:data2\" content=\"2 minutos\" \/>\n<script type=\"application\/ld+json\" class=\"yoast-schema-graph\">{\"@context\":\"https:\/\/schema.org\",\"@graph\":[{\"@type\":\"Article\",\"@id\":\"https:\/\/noti-america.com\/site\/ecuador\/2020\/06\/09\/ecuador-recibe-prestamo-de-us-280-millones-del-banco-interamericano-de-desarrollo-para-la-transformacion-de-la-matriz-energetica\/#article\",\"isPartOf\":{\"@id\":\"https:\/\/noti-america.com\/site\/ecuador\/2020\/06\/09\/ecuador-recibe-prestamo-de-us-280-millones-del-banco-interamericano-de-desarrollo-para-la-transformacion-de-la-matriz-energetica\/\"},\"author\":{\"name\":\"Gregory Quintana Montiel\",\"@id\":\"https:\/\/noti-america.com\/site\/ecuador\/#\/schema\/person\/3b975e42f15abfe64bfe3abdd916efda\"},\"headline\":\"Ecuador recibe pr\u00e9stamo de US$ 280 millones del Banco Interamericano de Desarrollo, para la transformaci\u00f3n de la matriz energ\u00e9tica\",\"datePublished\":\"2020-06-09T03:55:46+00:00\",\"mainEntityOfPage\":{\"@id\":\"https:\/\/noti-america.com\/site\/ecuador\/2020\/06\/09\/ecuador-recibe-prestamo-de-us-280-millones-del-banco-interamericano-de-desarrollo-para-la-transformacion-de-la-matriz-energetica\/\"},\"wordCount\":405,\"commentCount\":0,\"publisher\":{\"@id\":\"https:\/\/noti-america.com\/site\/ecuador\/#organization\"},\"image\":{\"@id\":\"https:\/\/noti-america.com\/site\/ecuador\/2020\/06\/09\/ecuador-recibe-prestamo-de-us-280-millones-del-banco-interamericano-de-desarrollo-para-la-transformacion-de-la-matriz-energetica\/#primaryimage\"},\"thumbnailUrl\":\"https:\/\/noti-america.com\/site\/ecuador\/wp-content\/uploads\/sites\/18\/2020\/06\/ecuador.jpg\",\"articleSection\":[\"Econom\u00eda\"],\"inLanguage\":\"es\",\"potentialAction\":[{\"@type\":\"CommentAction\",\"name\":\"Comment\",\"target\":[\"https:\/\/noti-america.com\/site\/ecuador\/2020\/06\/09\/ecuador-recibe-prestamo-de-us-280-millones-del-banco-interamericano-de-desarrollo-para-la-transformacion-de-la-matriz-energetica\/#respond\"]}]},{\"@type\":\"WebPage\",\"@id\":\"https:\/\/noti-america.com\/site\/ecuador\/2020\/06\/09\/ecuador-recibe-prestamo-de-us-280-millones-del-banco-interamericano-de-desarrollo-para-la-transformacion-de-la-matriz-energetica\/\",\"url\":\"https:\/\/noti-america.com\/site\/ecuador\/2020\/06\/09\/ecuador-recibe-prestamo-de-us-280-millones-del-banco-interamericano-de-desarrollo-para-la-transformacion-de-la-matriz-energetica\/\",\"name\":\"Ecuador recibe pr\u00e9stamo de US$ 280 millones del Banco Interamericano de Desarrollo, para la transformaci\u00f3n de la matriz energ\u00e9tica - Ecuador | Noti-America.com\",\"isPartOf\":{\"@id\":\"https:\/\/noti-america.com\/site\/ecuador\/#website\"},\"primaryImageOfPage\":{\"@id\":\"https:\/\/noti-america.com\/site\/ecuador\/2020\/06\/09\/ecuador-recibe-prestamo-de-us-280-millones-del-banco-interamericano-de-desarrollo-para-la-transformacion-de-la-matriz-energetica\/#primaryimage\"},\"image\":{\"@id\":\"https:\/\/noti-america.com\/site\/ecuador\/2020\/06\/09\/ecuador-recibe-prestamo-de-us-280-millones-del-banco-interamericano-de-desarrollo-para-la-transformacion-de-la-matriz-energetica\/#primaryimage\"},\"thumbnailUrl\":\"https:\/\/noti-america.com\/site\/ecuador\/wp-content\/uploads\/sites\/18\/2020\/06\/ecuador.jpg\",\"datePublished\":\"2020-06-09T03:55:46+00:00\",\"breadcrumb\":{\"@id\":\"https:\/\/noti-america.com\/site\/ecuador\/2020\/06\/09\/ecuador-recibe-prestamo-de-us-280-millones-del-banco-interamericano-de-desarrollo-para-la-transformacion-de-la-matriz-energetica\/#breadcrumb\"},\"inLanguage\":\"es\",\"potentialAction\":[{\"@type\":\"ReadAction\",\"target\":[\"https:\/\/noti-america.com\/site\/ecuador\/2020\/06\/09\/ecuador-recibe-prestamo-de-us-280-millones-del-banco-interamericano-de-desarrollo-para-la-transformacion-de-la-matriz-energetica\/\"]}]},{\"@type\":\"ImageObject\",\"inLanguage\":\"es\",\"@id\":\"https:\/\/noti-america.com\/site\/ecuador\/2020\/06\/09\/ecuador-recibe-prestamo-de-us-280-millones-del-banco-interamericano-de-desarrollo-para-la-transformacion-de-la-matriz-energetica\/#primaryimage\",\"url\":\"https:\/\/noti-america.com\/site\/ecuador\/wp-content\/uploads\/sites\/18\/2020\/06\/ecuador.jpg\",\"contentUrl\":\"https:\/\/noti-america.com\/site\/ecuador\/wp-content\/uploads\/sites\/18\/2020\/06\/ecuador.jpg\",\"width\":856,\"height\":443},{\"@type\":\"BreadcrumbList\",\"@id\":\"https:\/\/noti-america.com\/site\/ecuador\/2020\/06\/09\/ecuador-recibe-prestamo-de-us-280-millones-del-banco-interamericano-de-desarrollo-para-la-transformacion-de-la-matriz-energetica\/#breadcrumb\",\"itemListElement\":[{\"@type\":\"ListItem\",\"position\":1,\"name\":\"Portada\",\"item\":\"https:\/\/noti-america.com\/site\/ecuador\/\"},{\"@type\":\"ListItem\",\"position\":2,\"name\":\"Ecuador recibe pr\u00e9stamo de US$ 280 millones del Banco Interamericano de Desarrollo, para la transformaci\u00f3n de la matriz energ\u00e9tica\"}]},{\"@type\":\"WebSite\",\"@id\":\"https:\/\/noti-america.com\/site\/ecuador\/#website\",\"url\":\"https:\/\/noti-america.com\/site\/ecuador\/\",\"name\":\"Ecuador | Noti-America.com\",\"description\":\"\",\"publisher\":{\"@id\":\"https:\/\/noti-america.com\/site\/ecuador\/#organization\"},\"potentialAction\":[{\"@type\":\"SearchAction\",\"target\":{\"@type\":\"EntryPoint\",\"urlTemplate\":\"https:\/\/noti-america.com\/site\/ecuador\/?s={search_term_string}\"},\"query-input\":{\"@type\":\"PropertyValueSpecification\",\"valueRequired\":true,\"valueName\":\"search_term_string\"}}],\"inLanguage\":\"es\"},{\"@type\":\"Organization\",\"@id\":\"https:\/\/noti-america.com\/site\/ecuador\/#organization\",\"name\":\"Noti-America LLC | Ecuador\",\"url\":\"https:\/\/noti-america.com\/site\/ecuador\/\",\"logo\":{\"@type\":\"ImageObject\",\"inLanguage\":\"es\",\"@id\":\"https:\/\/noti-america.com\/site\/ecuador\/#\/schema\/logo\/image\/\",\"url\":\"https:\/\/noti-america.com\/site\/ecuador\/wp-content\/uploads\/sites\/18\/2020\/07\/LogoNA-4x3-1.jpg\",\"contentUrl\":\"https:\/\/noti-america.com\/site\/ecuador\/wp-content\/uploads\/sites\/18\/2020\/07\/LogoNA-4x3-1.jpg\",\"width\":1236,\"height\":1080,\"caption\":\"Noti-America LLC | Ecuador\"},\"image\":{\"@id\":\"https:\/\/noti-america.com\/site\/ecuador\/#\/schema\/logo\/image\/\"},\"sameAs\":[\"https:\/\/x.com\/notiamerica\"]},{\"@type\":\"Person\",\"@id\":\"https:\/\/noti-america.com\/site\/ecuador\/#\/schema\/person\/3b975e42f15abfe64bfe3abdd916efda\",\"name\":\"Gregory Quintana Montiel\",\"image\":{\"@type\":\"ImageObject\",\"inLanguage\":\"es\",\"@id\":\"https:\/\/secure.gravatar.com\/avatar\/2d6b802f7720c2ec7744dcbe608cc2f3417aeb964d58b443c6d612b77531de1d?s=96&d=mm&r=g\",\"url\":\"https:\/\/secure.gravatar.com\/avatar\/2d6b802f7720c2ec7744dcbe608cc2f3417aeb964d58b443c6d612b77531de1d?s=96&d=mm&r=g\",\"contentUrl\":\"https:\/\/secure.gravatar.com\/avatar\/2d6b802f7720c2ec7744dcbe608cc2f3417aeb964d58b443c6d612b77531de1d?s=96&d=mm&r=g\",\"caption\":\"Gregory Quintana Montiel\"},\"description\":\"Licenciatura en Ciencias de la Comunicaci\u00f3n Social, egresado en la Especializaci\u00f3n Derecho Ambiental Desarrollo Sostenible y Sustentable, Miembro de la Comunidad de profesionales y experto para Latinoam\u00e9rica y el Caribe en Gesti\u00f3n por Resultado en el Desarrollo (COPLAC - GpRD) del Banco Interamericano de Desarrollo, experiencia en medios radiales y escritos.\",\"sameAs\":[\"https:\/\/x.com\/gdgregori1\",\"gquintana\"],\"url\":\"https:\/\/noti-america.com\/site\/ecuador\/author\/gquintana\/\"}]}<\/script>\n<!-- \/ Yoast SEO Premium plugin. -->","yoast_head_json":{"title":"Ecuador recibe pr\u00e9stamo de US$ 280 millones del Banco Interamericano de Desarrollo, para la transformaci\u00f3n de la matriz energ\u00e9tica - Ecuador | Noti-America.com","robots":{"index":"index","follow":"follow","max-snippet":"max-snippet:-1","max-image-preview":"max-image-preview:large","max-video-preview":"max-video-preview:-1"},"canonical":"https:\/\/noti-america.com\/site\/ecuador\/2020\/06\/09\/ecuador-recibe-prestamo-de-us-280-millones-del-banco-interamericano-de-desarrollo-para-la-transformacion-de-la-matriz-energetica\/","og_locale":"es_ES","og_type":"article","og_title":"Ecuador recibe pr\u00e9stamo de US$ 280 millones del Banco Interamericano de Desarrollo, para la transformaci\u00f3n de la matriz energ\u00e9tica","og_description":"REDACCI\u00d3N NOTI AM\u00c9RICA (ECUADOR) El Banco Interamericano de Desarrollo aprob\u00f3 un pr\u00e9stamo de US$ 280 millones a Ecuador para respaldar los avances en la transformaci\u00f3n de la matriz energ\u00e9tica, las mejoras en la eficiencia&#46;&#46;&#46;","og_url":"https:\/\/noti-america.com\/site\/ecuador\/2020\/06\/09\/ecuador-recibe-prestamo-de-us-280-millones-del-banco-interamericano-de-desarrollo-para-la-transformacion-de-la-matriz-energetica\/","og_site_name":"Ecuador | Noti-America.com","article_published_time":"2020-06-09T03:55:46+00:00","og_image":[{"width":856,"height":443,"url":"https:\/\/noti-america.com\/site\/ecuador\/wp-content\/uploads\/sites\/18\/2020\/06\/ecuador.jpg","type":"image\/jpeg"}],"author":"Gregory Quintana Montiel","twitter_card":"summary_large_image","twitter_creator":"@gdgregori1","twitter_site":"@notiamerica","twitter_misc":{"Escrito por":"Gregory Quintana Montiel","Tiempo estimado de lectura":"2 minutos"},"schema":{"@context":"https:\/\/schema.org","@graph":[{"@type":"Article","@id":"https:\/\/noti-america.com\/site\/ecuador\/2020\/06\/09\/ecuador-recibe-prestamo-de-us-280-millones-del-banco-interamericano-de-desarrollo-para-la-transformacion-de-la-matriz-energetica\/#article","isPartOf":{"@id":"https:\/\/noti-america.com\/site\/ecuador\/2020\/06\/09\/ecuador-recibe-prestamo-de-us-280-millones-del-banco-interamericano-de-desarrollo-para-la-transformacion-de-la-matriz-energetica\/"},"author":{"name":"Gregory Quintana Montiel","@id":"https:\/\/noti-america.com\/site\/ecuador\/#\/schema\/person\/3b975e42f15abfe64bfe3abdd916efda"},"headline":"Ecuador recibe pr\u00e9stamo de US$ 280 millones del Banco Interamericano de Desarrollo, para la transformaci\u00f3n de la matriz energ\u00e9tica","datePublished":"2020-06-09T03:55:46+00:00","mainEntityOfPage":{"@id":"https:\/\/noti-america.com\/site\/ecuador\/2020\/06\/09\/ecuador-recibe-prestamo-de-us-280-millones-del-banco-interamericano-de-desarrollo-para-la-transformacion-de-la-matriz-energetica\/"},"wordCount":405,"commentCount":0,"publisher":{"@id":"https:\/\/noti-america.com\/site\/ecuador\/#organization"},"image":{"@id":"https:\/\/noti-america.com\/site\/ecuador\/2020\/06\/09\/ecuador-recibe-prestamo-de-us-280-millones-del-banco-interamericano-de-desarrollo-para-la-transformacion-de-la-matriz-energetica\/#primaryimage"},"thumbnailUrl":"https:\/\/noti-america.com\/site\/ecuador\/wp-content\/uploads\/sites\/18\/2020\/06\/ecuador.jpg","articleSection":["Econom\u00eda"],"inLanguage":"es","potentialAction":[{"@type":"CommentAction","name":"Comment","target":["https:\/\/noti-america.com\/site\/ecuador\/2020\/06\/09\/ecuador-recibe-prestamo-de-us-280-millones-del-banco-interamericano-de-desarrollo-para-la-transformacion-de-la-matriz-energetica\/#respond"]}]},{"@type":"WebPage","@id":"https:\/\/noti-america.com\/site\/ecuador\/2020\/06\/09\/ecuador-recibe-prestamo-de-us-280-millones-del-banco-interamericano-de-desarrollo-para-la-transformacion-de-la-matriz-energetica\/","url":"https:\/\/noti-america.com\/site\/ecuador\/2020\/06\/09\/ecuador-recibe-prestamo-de-us-280-millones-del-banco-interamericano-de-desarrollo-para-la-transformacion-de-la-matriz-energetica\/","name":"Ecuador recibe pr\u00e9stamo de US$ 280 millones del Banco Interamericano de Desarrollo, para la transformaci\u00f3n de la matriz energ\u00e9tica - Ecuador | Noti-America.com","isPartOf":{"@id":"https:\/\/noti-america.com\/site\/ecuador\/#website"},"primaryImageOfPage":{"@id":"https:\/\/noti-america.com\/site\/ecuador\/2020\/06\/09\/ecuador-recibe-prestamo-de-us-280-millones-del-banco-interamericano-de-desarrollo-para-la-transformacion-de-la-matriz-energetica\/#primaryimage"},"image":{"@id":"https:\/\/noti-america.com\/site\/ecuador\/2020\/06\/09\/ecuador-recibe-prestamo-de-us-280-millones-del-banco-interamericano-de-desarrollo-para-la-transformacion-de-la-matriz-energetica\/#primaryimage"},"thumbnailUrl":"https:\/\/noti-america.com\/site\/ecuador\/wp-content\/uploads\/sites\/18\/2020\/06\/ecuador.jpg","datePublished":"2020-06-09T03:55:46+00:00","breadcrumb":{"@id":"https:\/\/noti-america.com\/site\/ecuador\/2020\/06\/09\/ecuador-recibe-prestamo-de-us-280-millones-del-banco-interamericano-de-desarrollo-para-la-transformacion-de-la-matriz-energetica\/#breadcrumb"},"inLanguage":"es","potentialAction":[{"@type":"ReadAction","target":["https:\/\/noti-america.com\/site\/ecuador\/2020\/06\/09\/ecuador-recibe-prestamo-de-us-280-millones-del-banco-interamericano-de-desarrollo-para-la-transformacion-de-la-matriz-energetica\/"]}]},{"@type":"ImageObject","inLanguage":"es","@id":"https:\/\/noti-america.com\/site\/ecuador\/2020\/06\/09\/ecuador-recibe-prestamo-de-us-280-millones-del-banco-interamericano-de-desarrollo-para-la-transformacion-de-la-matriz-energetica\/#primaryimage","url":"https:\/\/noti-america.com\/site\/ecuador\/wp-content\/uploads\/sites\/18\/2020\/06\/ecuador.jpg","contentUrl":"https:\/\/noti-america.com\/site\/ecuador\/wp-content\/uploads\/sites\/18\/2020\/06\/ecuador.jpg","width":856,"height":443},{"@type":"BreadcrumbList","@id":"https:\/\/noti-america.com\/site\/ecuador\/2020\/06\/09\/ecuador-recibe-prestamo-de-us-280-millones-del-banco-interamericano-de-desarrollo-para-la-transformacion-de-la-matriz-energetica\/#breadcrumb","itemListElement":[{"@type":"ListItem","position":1,"name":"Portada","item":"https:\/\/noti-america.com\/site\/ecuador\/"},{"@type":"ListItem","position":2,"name":"Ecuador recibe pr\u00e9stamo de US$ 280 millones del Banco Interamericano de Desarrollo, para la transformaci\u00f3n de la matriz energ\u00e9tica"}]},{"@type":"WebSite","@id":"https:\/\/noti-america.com\/site\/ecuador\/#website","url":"https:\/\/noti-america.com\/site\/ecuador\/","name":"Ecuador | Noti-America.com","description":"","publisher":{"@id":"https:\/\/noti-america.com\/site\/ecuador\/#organization"},"potentialAction":[{"@type":"SearchAction","target":{"@type":"EntryPoint","urlTemplate":"https:\/\/noti-america.com\/site\/ecuador\/?s={search_term_string}"},"query-input":{"@type":"PropertyValueSpecification","valueRequired":true,"valueName":"search_term_string"}}],"inLanguage":"es"},{"@type":"Organization","@id":"https:\/\/noti-america.com\/site\/ecuador\/#organization","name":"Noti-America LLC | Ecuador","url":"https:\/\/noti-america.com\/site\/ecuador\/","logo":{"@type":"ImageObject","inLanguage":"es","@id":"https:\/\/noti-america.com\/site\/ecuador\/#\/schema\/logo\/image\/","url":"https:\/\/noti-america.com\/site\/ecuador\/wp-content\/uploads\/sites\/18\/2020\/07\/LogoNA-4x3-1.jpg","contentUrl":"https:\/\/noti-america.com\/site\/ecuador\/wp-content\/uploads\/sites\/18\/2020\/07\/LogoNA-4x3-1.jpg","width":1236,"height":1080,"caption":"Noti-America LLC | Ecuador"},"image":{"@id":"https:\/\/noti-america.com\/site\/ecuador\/#\/schema\/logo\/image\/"},"sameAs":["https:\/\/x.com\/notiamerica"]},{"@type":"Person","@id":"https:\/\/noti-america.com\/site\/ecuador\/#\/schema\/person\/3b975e42f15abfe64bfe3abdd916efda","name":"Gregory Quintana Montiel","image":{"@type":"ImageObject","inLanguage":"es","@id":"https:\/\/secure.gravatar.com\/avatar\/2d6b802f7720c2ec7744dcbe608cc2f3417aeb964d58b443c6d612b77531de1d?s=96&d=mm&r=g","url":"https:\/\/secure.gravatar.com\/avatar\/2d6b802f7720c2ec7744dcbe608cc2f3417aeb964d58b443c6d612b77531de1d?s=96&d=mm&r=g","contentUrl":"https:\/\/secure.gravatar.com\/avatar\/2d6b802f7720c2ec7744dcbe608cc2f3417aeb964d58b443c6d612b77531de1d?s=96&d=mm&r=g","caption":"Gregory Quintana Montiel"},"description":"Licenciatura en Ciencias de la Comunicaci\u00f3n Social, egresado en la Especializaci\u00f3n Derecho Ambiental Desarrollo Sostenible y Sustentable, Miembro de la Comunidad de profesionales y experto para Latinoam\u00e9rica y el Caribe en Gesti\u00f3n por Resultado en el Desarrollo (COPLAC - GpRD) del Banco Interamericano de Desarrollo, experiencia en medios radiales y escritos.","sameAs":["https:\/\/x.com\/gdgregori1","gquintana"],"url":"https:\/\/noti-america.com\/site\/ecuador\/author\/gquintana\/"}]}},"_links":{"self":[{"href":"https:\/\/noti-america.com\/site\/ecuador\/wp-json\/wp\/v2\/posts\/9131","targetHints":{"allow":["GET"]}}],"collection":[{"href":"https:\/\/noti-america.com\/site\/ecuador\/wp-json\/wp\/v2\/posts"}],"about":[{"href":"https:\/\/noti-america.com\/site\/ecuador\/wp-json\/wp\/v2\/types\/post"}],"author":[{"embeddable":true,"href":"https:\/\/noti-america.com\/site\/ecuador\/wp-json\/wp\/v2\/users\/17"}],"replies":[{"embeddable":true,"href":"https:\/\/noti-america.com\/site\/ecuador\/wp-json\/wp\/v2\/comments?post=9131"}],"version-history":[{"count":1,"href":"https:\/\/noti-america.com\/site\/ecuador\/wp-json\/wp\/v2\/posts\/9131\/revisions"}],"predecessor-version":[{"id":9133,"href":"https:\/\/noti-america.com\/site\/ecuador\/wp-json\/wp\/v2\/posts\/9131\/revisions\/9133"}],"wp:featuredmedia":[{"embeddable":true,"href":"https:\/\/noti-america.com\/site\/ecuador\/wp-json\/wp\/v2\/media\/9132"}],"wp:attachment":[{"href":"https:\/\/noti-america.com\/site\/ecuador\/wp-json\/wp\/v2\/media?parent=9131"}],"wp:term":[{"taxonomy":"category","embeddable":true,"href":"https:\/\/noti-america.com\/site\/ecuador\/wp-json\/wp\/v2\/categories?post=9131"},{"taxonomy":"post_tag","embeddable":true,"href":"https:\/\/noti-america.com\/site\/ecuador\/wp-json\/wp\/v2\/tags?post=9131"}],"curies":[{"name":"wp","href":"https:\/\/api.w.org\/{rel}","templated":true}]}}