{"id":9042,"date":"2020-06-05T19:18:17","date_gmt":"2020-06-05T19:18:17","guid":{"rendered":"http:\/\/noti-america.com\/site\/ecuador\/?p=9042"},"modified":"2020-06-05T19:27:23","modified_gmt":"2020-06-05T19:27:23","slug":"rige-servicio-de-telemedicina-para-migrantes-ecuatorianos","status":"publish","type":"post","link":"https:\/\/noti-america.com\/site\/ecuador\/2020\/06\/05\/rige-servicio-de-telemedicina-para-migrantes-ecuatorianos\/","title":{"rendered":"Rige servicio de telemedicina para migrantes ecuatorianos"},"content":{"rendered":"<p style=\"text-align: left\"><strong>REDACCI\u00d3N NOTI-AM\u00c9RICA (ECUADOR).<\/strong><\/p>\n<p><img loading=\"lazy\" decoding=\"async\" class=\"wp-image-9043 aligncenter\" src=\"http:\/\/noti-america.com\/site\/ecuador\/wp-content\/uploads\/sites\/18\/2020\/06\/essalud_pacientes_cronicos_reciben_atencion_medica_a_traves_de_telemedicina-300x200.jpg\" alt=\"\" width=\"500\" height=\"333\" srcset=\"https:\/\/noti-america.com\/site\/ecuador\/wp-content\/uploads\/sites\/18\/2020\/06\/essalud_pacientes_cronicos_reciben_atencion_medica_a_traves_de_telemedicina-300x200.jpg 300w, https:\/\/noti-america.com\/site\/ecuador\/wp-content\/uploads\/sites\/18\/2020\/06\/essalud_pacientes_cronicos_reciben_atencion_medica_a_traves_de_telemedicina-1024x682.jpg 1024w, https:\/\/noti-america.com\/site\/ecuador\/wp-content\/uploads\/sites\/18\/2020\/06\/essalud_pacientes_cronicos_reciben_atencion_medica_a_traves_de_telemedicina-768x512.jpg 768w, https:\/\/noti-america.com\/site\/ecuador\/wp-content\/uploads\/sites\/18\/2020\/06\/essalud_pacientes_cronicos_reciben_atencion_medica_a_traves_de_telemedicina-1536x1023.jpg 1536w, https:\/\/noti-america.com\/site\/ecuador\/wp-content\/uploads\/sites\/18\/2020\/06\/essalud_pacientes_cronicos_reciben_atencion_medica_a_traves_de_telemedicina-272x182.jpg 272w, https:\/\/noti-america.com\/site\/ecuador\/wp-content\/uploads\/sites\/18\/2020\/06\/essalud_pacientes_cronicos_reciben_atencion_medica_a_traves_de_telemedicina.jpg 1800w\" sizes=\"auto, (max-width: 500px) 100vw, 500px\" \/><\/p>\n<p style=\"text-align: justify\">Desde ayer, jueves 4 de junio de 2020, la Asamblea Nacional implement\u00f3 el servicio humanitario de telemedicina a favor de los migrantes, conforme a la resoluci\u00f3n expedida por el Pleno, el 21 de abril pasado.<\/p>\n<p style=\"text-align: justify\">Este servicio se denomina \u201cTelemedicina Migrante\u201d y funciona\u00a0 trav\u00e9s de dos canales de acceso: el portal web <a href=\"https:\/\/www.asambleanacional.gob.ec\/es\">www.asambleanacional.gob.ec<\/a> y las consultas directas al n\u00famero + (593) 3953185 desde cualquier parte del mundo. Est\u00e1 a cargo de 12 profesionales de la Funci\u00f3n Legislativa entre ellos, m\u00e9dicos, laboratoristas, enfermeras, odont\u00f3logos, trabajadores sociales, psic\u00f3logos y tecn\u00f3logos.<\/p>\n<p style=\"text-align: justify\">El m\u00e9dico del Parlamento, Patricio Barzallo, dijo que la atenci\u00f3n consiste en una evaluaci\u00f3n individualizada de la situaci\u00f3n del paciente y recomendaci\u00f3n que amerite de acuerdo a cada caso.<\/p>\n<p style=\"text-align: justify\">Indic\u00f3 que esta gu\u00eda inicial comprende consultas m\u00e9dicas o psicol\u00f3gicas, que seg\u00fan la evaluaci\u00f3n tendr\u00e1n sus recomendaciones; por ejemplo, si el paciente tiene s\u00edntomas graves, como dificultad al respirar, dolor generalizado, temperatura alta, se le recomendar\u00e1 que acuda a un centro de atenci\u00f3n hospitalario para un chequeo inmediato.<\/p>\n<p style=\"text-align: justify\">Se\u00f1al\u00f3 que el migrante debe hacer clic en la ventana #TelemedicinaMigranteAN para el acceso directo a la plataforma. Luego escoger una de las tres opciones de atenci\u00f3n, consulta m\u00e9dica, consulta odontol\u00f3gica o consulta psicol\u00f3gica. Despu\u00e9s, proceder al llenado de una ficha y la valoraci\u00f3n de s\u00edntomas que presenta en ese momento.<\/p>\n<p style=\"text-align: justify\">En el caso de acceder por llamada telef\u00f3nica, se activar\u00e1 una operadora que le indicar\u00e1 que para la atenci\u00f3n m\u00e9dica deber\u00e1 marcar 1, para atenci\u00f3n odontol\u00f3gica 2 y 3 para psicol\u00f3gica.<\/p>\n","protected":false},"excerpt":{"rendered":"<p>REDACCI\u00d3N NOTI-AM\u00c9RICA (ECUADOR). Desde ayer, jueves 4 de junio de 2020, la Asamblea Nacional implement\u00f3 el servicio humanitario de telemedicina a favor de los migrantes, conforme a la resoluci\u00f3n expedida por el Pleno, el&#46;&#46;&#46;<\/p>\n","protected":false},"author":81,"featured_media":9043,"comment_status":"open","ping_status":"open","sticky":false,"template":"","format":"standard","meta":{"_acf_changed":false,"om_disable_all_campaigns":false,"rop_custom_images_group":[],"rop_custom_messages_group":[],"rop_publish_now":"initial","rop_publish_now_accounts":{"twitter_242054905_242054905":""},"rop_publish_now_history":[],"rop_publish_now_status":"pending","_uf_show_specific_survey":0,"_uf_disable_surveys":false,"footnotes":""},"categories":[42],"tags":[],"class_list":["post-9042","post","type-post","status-publish","format-standard","has-post-thumbnail","hentry","category-noticias"],"acf":[],"aioseo_notices":[],"yoast_head":"<!-- This site is optimized with the Yoast SEO Premium plugin v24.9 (Yoast SEO v27.2) - https:\/\/yoast.com\/product\/yoast-seo-premium-wordpress\/ -->\n<title>Rige servicio de telemedicina para migrantes ecuatorianos - Ecuador | Noti-America.com<\/title>\n<meta name=\"robots\" content=\"index, follow, max-snippet:-1, max-image-preview:large, max-video-preview:-1\" \/>\n<link rel=\"canonical\" href=\"https:\/\/noti-america.com\/site\/ecuador\/2020\/06\/05\/rige-servicio-de-telemedicina-para-migrantes-ecuatorianos\/\" \/>\n<meta property=\"og:locale\" content=\"es_ES\" \/>\n<meta property=\"og:type\" content=\"article\" \/>\n<meta property=\"og:title\" content=\"Rige servicio de telemedicina para migrantes ecuatorianos\" \/>\n<meta property=\"og:description\" content=\"REDACCI\u00d3N NOTI-AM\u00c9RICA (ECUADOR). Desde ayer, jueves 4 de junio de 2020, la Asamblea Nacional implement\u00f3 el servicio humanitario de telemedicina a favor de los migrantes, conforme a la resoluci\u00f3n expedida por el Pleno, el&#046;&#046;&#046;\" \/>\n<meta property=\"og:url\" content=\"https:\/\/noti-america.com\/site\/ecuador\/2020\/06\/05\/rige-servicio-de-telemedicina-para-migrantes-ecuatorianos\/\" \/>\n<meta property=\"og:site_name\" content=\"Ecuador | Noti-America.com\" \/>\n<meta property=\"article:published_time\" content=\"2020-06-05T19:18:17+00:00\" \/>\n<meta property=\"article:modified_time\" content=\"2020-06-05T19:27:23+00:00\" \/>\n<meta property=\"og:image\" content=\"https:\/\/noti-america.com\/site\/ecuador\/wp-content\/uploads\/sites\/18\/2020\/06\/essalud_pacientes_cronicos_reciben_atencion_medica_a_traves_de_telemedicina.jpg\" \/>\n\t<meta property=\"og:image:width\" content=\"1800\" \/>\n\t<meta property=\"og:image:height\" content=\"1199\" \/>\n\t<meta property=\"og:image:type\" content=\"image\/jpeg\" \/>\n<meta name=\"author\" content=\"Boris Moyano\" \/>\n<meta name=\"twitter:card\" content=\"summary_large_image\" \/>\n<meta name=\"twitter:creator\" content=\"@notiamerica\" \/>\n<meta name=\"twitter:site\" content=\"@notiamerica\" \/>\n<meta name=\"twitter:label1\" content=\"Escrito por\" \/>\n\t<meta name=\"twitter:data1\" content=\"Boris Moyano\" \/>\n\t<meta name=\"twitter:label2\" content=\"Tiempo estimado de lectura\" \/>\n\t<meta name=\"twitter:data2\" content=\"1 minuto\" \/>\n<script type=\"application\/ld+json\" class=\"yoast-schema-graph\">{\"@context\":\"https:\/\/schema.org\",\"@graph\":[{\"@type\":\"Article\",\"@id\":\"https:\/\/noti-america.com\/site\/ecuador\/2020\/06\/05\/rige-servicio-de-telemedicina-para-migrantes-ecuatorianos\/#article\",\"isPartOf\":{\"@id\":\"https:\/\/noti-america.com\/site\/ecuador\/2020\/06\/05\/rige-servicio-de-telemedicina-para-migrantes-ecuatorianos\/\"},\"author\":{\"name\":\"Boris Moyano\",\"@id\":\"https:\/\/noti-america.com\/site\/ecuador\/#\/schema\/person\/063740b70e1baad7ce400b3b8bd8b8e3\"},\"headline\":\"Rige servicio de telemedicina para migrantes ecuatorianos\",\"datePublished\":\"2020-06-05T19:18:17+00:00\",\"dateModified\":\"2020-06-05T19:27:23+00:00\",\"mainEntityOfPage\":{\"@id\":\"https:\/\/noti-america.com\/site\/ecuador\/2020\/06\/05\/rige-servicio-de-telemedicina-para-migrantes-ecuatorianos\/\"},\"wordCount\":287,\"commentCount\":0,\"publisher\":{\"@id\":\"https:\/\/noti-america.com\/site\/ecuador\/#organization\"},\"image\":{\"@id\":\"https:\/\/noti-america.com\/site\/ecuador\/2020\/06\/05\/rige-servicio-de-telemedicina-para-migrantes-ecuatorianos\/#primaryimage\"},\"thumbnailUrl\":\"https:\/\/noti-america.com\/site\/ecuador\/wp-content\/uploads\/sites\/18\/2020\/06\/essalud_pacientes_cronicos_reciben_atencion_medica_a_traves_de_telemedicina.jpg\",\"articleSection\":[\"Noticias\"],\"inLanguage\":\"es\",\"potentialAction\":[{\"@type\":\"CommentAction\",\"name\":\"Comment\",\"target\":[\"https:\/\/noti-america.com\/site\/ecuador\/2020\/06\/05\/rige-servicio-de-telemedicina-para-migrantes-ecuatorianos\/#respond\"]}]},{\"@type\":\"WebPage\",\"@id\":\"https:\/\/noti-america.com\/site\/ecuador\/2020\/06\/05\/rige-servicio-de-telemedicina-para-migrantes-ecuatorianos\/\",\"url\":\"https:\/\/noti-america.com\/site\/ecuador\/2020\/06\/05\/rige-servicio-de-telemedicina-para-migrantes-ecuatorianos\/\",\"name\":\"Rige servicio de telemedicina para migrantes ecuatorianos - Ecuador | Noti-America.com\",\"isPartOf\":{\"@id\":\"https:\/\/noti-america.com\/site\/ecuador\/#website\"},\"primaryImageOfPage\":{\"@id\":\"https:\/\/noti-america.com\/site\/ecuador\/2020\/06\/05\/rige-servicio-de-telemedicina-para-migrantes-ecuatorianos\/#primaryimage\"},\"image\":{\"@id\":\"https:\/\/noti-america.com\/site\/ecuador\/2020\/06\/05\/rige-servicio-de-telemedicina-para-migrantes-ecuatorianos\/#primaryimage\"},\"thumbnailUrl\":\"https:\/\/noti-america.com\/site\/ecuador\/wp-content\/uploads\/sites\/18\/2020\/06\/essalud_pacientes_cronicos_reciben_atencion_medica_a_traves_de_telemedicina.jpg\",\"datePublished\":\"2020-06-05T19:18:17+00:00\",\"dateModified\":\"2020-06-05T19:27:23+00:00\",\"breadcrumb\":{\"@id\":\"https:\/\/noti-america.com\/site\/ecuador\/2020\/06\/05\/rige-servicio-de-telemedicina-para-migrantes-ecuatorianos\/#breadcrumb\"},\"inLanguage\":\"es\",\"potentialAction\":[{\"@type\":\"ReadAction\",\"target\":[\"https:\/\/noti-america.com\/site\/ecuador\/2020\/06\/05\/rige-servicio-de-telemedicina-para-migrantes-ecuatorianos\/\"]}]},{\"@type\":\"ImageObject\",\"inLanguage\":\"es\",\"@id\":\"https:\/\/noti-america.com\/site\/ecuador\/2020\/06\/05\/rige-servicio-de-telemedicina-para-migrantes-ecuatorianos\/#primaryimage\",\"url\":\"https:\/\/noti-america.com\/site\/ecuador\/wp-content\/uploads\/sites\/18\/2020\/06\/essalud_pacientes_cronicos_reciben_atencion_medica_a_traves_de_telemedicina.jpg\",\"contentUrl\":\"https:\/\/noti-america.com\/site\/ecuador\/wp-content\/uploads\/sites\/18\/2020\/06\/essalud_pacientes_cronicos_reciben_atencion_medica_a_traves_de_telemedicina.jpg\",\"width\":1800,\"height\":1199},{\"@type\":\"BreadcrumbList\",\"@id\":\"https:\/\/noti-america.com\/site\/ecuador\/2020\/06\/05\/rige-servicio-de-telemedicina-para-migrantes-ecuatorianos\/#breadcrumb\",\"itemListElement\":[{\"@type\":\"ListItem\",\"position\":1,\"name\":\"Portada\",\"item\":\"https:\/\/noti-america.com\/site\/ecuador\/\"},{\"@type\":\"ListItem\",\"position\":2,\"name\":\"Rige servicio de telemedicina para migrantes ecuatorianos\"}]},{\"@type\":\"WebSite\",\"@id\":\"https:\/\/noti-america.com\/site\/ecuador\/#website\",\"url\":\"https:\/\/noti-america.com\/site\/ecuador\/\",\"name\":\"Ecuador | Noti-America.com\",\"description\":\"\",\"publisher\":{\"@id\":\"https:\/\/noti-america.com\/site\/ecuador\/#organization\"},\"potentialAction\":[{\"@type\":\"SearchAction\",\"target\":{\"@type\":\"EntryPoint\",\"urlTemplate\":\"https:\/\/noti-america.com\/site\/ecuador\/?s={search_term_string}\"},\"query-input\":{\"@type\":\"PropertyValueSpecification\",\"valueRequired\":true,\"valueName\":\"search_term_string\"}}],\"inLanguage\":\"es\"},{\"@type\":\"Organization\",\"@id\":\"https:\/\/noti-america.com\/site\/ecuador\/#organization\",\"name\":\"Noti-America LLC | Ecuador\",\"url\":\"https:\/\/noti-america.com\/site\/ecuador\/\",\"logo\":{\"@type\":\"ImageObject\",\"inLanguage\":\"es\",\"@id\":\"https:\/\/noti-america.com\/site\/ecuador\/#\/schema\/logo\/image\/\",\"url\":\"https:\/\/noti-america.com\/site\/ecuador\/wp-content\/uploads\/sites\/18\/2020\/07\/LogoNA-4x3-1.jpg\",\"contentUrl\":\"https:\/\/noti-america.com\/site\/ecuador\/wp-content\/uploads\/sites\/18\/2020\/07\/LogoNA-4x3-1.jpg\",\"width\":1236,\"height\":1080,\"caption\":\"Noti-America LLC | Ecuador\"},\"image\":{\"@id\":\"https:\/\/noti-america.com\/site\/ecuador\/#\/schema\/logo\/image\/\"},\"sameAs\":[\"https:\/\/x.com\/notiamerica\"]},{\"@type\":\"Person\",\"@id\":\"https:\/\/noti-america.com\/site\/ecuador\/#\/schema\/person\/063740b70e1baad7ce400b3b8bd8b8e3\",\"name\":\"Boris Moyano\",\"image\":{\"@type\":\"ImageObject\",\"inLanguage\":\"es\",\"@id\":\"https:\/\/secure.gravatar.com\/avatar\/1635fd8d206bae736e855dfe91602736d1ea92af1a7f3fa7f62c848f245a1404?s=96&d=mm&r=g\",\"url\":\"https:\/\/secure.gravatar.com\/avatar\/1635fd8d206bae736e855dfe91602736d1ea92af1a7f3fa7f62c848f245a1404?s=96&d=mm&r=g\",\"contentUrl\":\"https:\/\/secure.gravatar.com\/avatar\/1635fd8d206bae736e855dfe91602736d1ea92af1a7f3fa7f62c848f245a1404?s=96&d=mm&r=g\",\"caption\":\"Boris Moyano\"},\"url\":\"https:\/\/noti-america.com\/site\/ecuador\/author\/bmoyano\/\"}]}<\/script>\n<!-- \/ Yoast SEO Premium plugin. -->","yoast_head_json":{"title":"Rige servicio de telemedicina para migrantes ecuatorianos - Ecuador | Noti-America.com","robots":{"index":"index","follow":"follow","max-snippet":"max-snippet:-1","max-image-preview":"max-image-preview:large","max-video-preview":"max-video-preview:-1"},"canonical":"https:\/\/noti-america.com\/site\/ecuador\/2020\/06\/05\/rige-servicio-de-telemedicina-para-migrantes-ecuatorianos\/","og_locale":"es_ES","og_type":"article","og_title":"Rige servicio de telemedicina para migrantes ecuatorianos","og_description":"REDACCI\u00d3N NOTI-AM\u00c9RICA (ECUADOR). Desde ayer, jueves 4 de junio de 2020, la Asamblea Nacional implement\u00f3 el servicio humanitario de telemedicina a favor de los migrantes, conforme a la resoluci\u00f3n expedida por el Pleno, el&#46;&#46;&#46;","og_url":"https:\/\/noti-america.com\/site\/ecuador\/2020\/06\/05\/rige-servicio-de-telemedicina-para-migrantes-ecuatorianos\/","og_site_name":"Ecuador | Noti-America.com","article_published_time":"2020-06-05T19:18:17+00:00","article_modified_time":"2020-06-05T19:27:23+00:00","og_image":[{"width":1800,"height":1199,"url":"https:\/\/noti-america.com\/site\/ecuador\/wp-content\/uploads\/sites\/18\/2020\/06\/essalud_pacientes_cronicos_reciben_atencion_medica_a_traves_de_telemedicina.jpg","type":"image\/jpeg"}],"author":"Boris Moyano","twitter_card":"summary_large_image","twitter_creator":"@notiamerica","twitter_site":"@notiamerica","twitter_misc":{"Escrito por":"Boris Moyano","Tiempo estimado de lectura":"1 minuto"},"schema":{"@context":"https:\/\/schema.org","@graph":[{"@type":"Article","@id":"https:\/\/noti-america.com\/site\/ecuador\/2020\/06\/05\/rige-servicio-de-telemedicina-para-migrantes-ecuatorianos\/#article","isPartOf":{"@id":"https:\/\/noti-america.com\/site\/ecuador\/2020\/06\/05\/rige-servicio-de-telemedicina-para-migrantes-ecuatorianos\/"},"author":{"name":"Boris Moyano","@id":"https:\/\/noti-america.com\/site\/ecuador\/#\/schema\/person\/063740b70e1baad7ce400b3b8bd8b8e3"},"headline":"Rige servicio de telemedicina para migrantes ecuatorianos","datePublished":"2020-06-05T19:18:17+00:00","dateModified":"2020-06-05T19:27:23+00:00","mainEntityOfPage":{"@id":"https:\/\/noti-america.com\/site\/ecuador\/2020\/06\/05\/rige-servicio-de-telemedicina-para-migrantes-ecuatorianos\/"},"wordCount":287,"commentCount":0,"publisher":{"@id":"https:\/\/noti-america.com\/site\/ecuador\/#organization"},"image":{"@id":"https:\/\/noti-america.com\/site\/ecuador\/2020\/06\/05\/rige-servicio-de-telemedicina-para-migrantes-ecuatorianos\/#primaryimage"},"thumbnailUrl":"https:\/\/noti-america.com\/site\/ecuador\/wp-content\/uploads\/sites\/18\/2020\/06\/essalud_pacientes_cronicos_reciben_atencion_medica_a_traves_de_telemedicina.jpg","articleSection":["Noticias"],"inLanguage":"es","potentialAction":[{"@type":"CommentAction","name":"Comment","target":["https:\/\/noti-america.com\/site\/ecuador\/2020\/06\/05\/rige-servicio-de-telemedicina-para-migrantes-ecuatorianos\/#respond"]}]},{"@type":"WebPage","@id":"https:\/\/noti-america.com\/site\/ecuador\/2020\/06\/05\/rige-servicio-de-telemedicina-para-migrantes-ecuatorianos\/","url":"https:\/\/noti-america.com\/site\/ecuador\/2020\/06\/05\/rige-servicio-de-telemedicina-para-migrantes-ecuatorianos\/","name":"Rige servicio de telemedicina para migrantes ecuatorianos - Ecuador | Noti-America.com","isPartOf":{"@id":"https:\/\/noti-america.com\/site\/ecuador\/#website"},"primaryImageOfPage":{"@id":"https:\/\/noti-america.com\/site\/ecuador\/2020\/06\/05\/rige-servicio-de-telemedicina-para-migrantes-ecuatorianos\/#primaryimage"},"image":{"@id":"https:\/\/noti-america.com\/site\/ecuador\/2020\/06\/05\/rige-servicio-de-telemedicina-para-migrantes-ecuatorianos\/#primaryimage"},"thumbnailUrl":"https:\/\/noti-america.com\/site\/ecuador\/wp-content\/uploads\/sites\/18\/2020\/06\/essalud_pacientes_cronicos_reciben_atencion_medica_a_traves_de_telemedicina.jpg","datePublished":"2020-06-05T19:18:17+00:00","dateModified":"2020-06-05T19:27:23+00:00","breadcrumb":{"@id":"https:\/\/noti-america.com\/site\/ecuador\/2020\/06\/05\/rige-servicio-de-telemedicina-para-migrantes-ecuatorianos\/#breadcrumb"},"inLanguage":"es","potentialAction":[{"@type":"ReadAction","target":["https:\/\/noti-america.com\/site\/ecuador\/2020\/06\/05\/rige-servicio-de-telemedicina-para-migrantes-ecuatorianos\/"]}]},{"@type":"ImageObject","inLanguage":"es","@id":"https:\/\/noti-america.com\/site\/ecuador\/2020\/06\/05\/rige-servicio-de-telemedicina-para-migrantes-ecuatorianos\/#primaryimage","url":"https:\/\/noti-america.com\/site\/ecuador\/wp-content\/uploads\/sites\/18\/2020\/06\/essalud_pacientes_cronicos_reciben_atencion_medica_a_traves_de_telemedicina.jpg","contentUrl":"https:\/\/noti-america.com\/site\/ecuador\/wp-content\/uploads\/sites\/18\/2020\/06\/essalud_pacientes_cronicos_reciben_atencion_medica_a_traves_de_telemedicina.jpg","width":1800,"height":1199},{"@type":"BreadcrumbList","@id":"https:\/\/noti-america.com\/site\/ecuador\/2020\/06\/05\/rige-servicio-de-telemedicina-para-migrantes-ecuatorianos\/#breadcrumb","itemListElement":[{"@type":"ListItem","position":1,"name":"Portada","item":"https:\/\/noti-america.com\/site\/ecuador\/"},{"@type":"ListItem","position":2,"name":"Rige servicio de telemedicina para migrantes ecuatorianos"}]},{"@type":"WebSite","@id":"https:\/\/noti-america.com\/site\/ecuador\/#website","url":"https:\/\/noti-america.com\/site\/ecuador\/","name":"Ecuador | Noti-America.com","description":"","publisher":{"@id":"https:\/\/noti-america.com\/site\/ecuador\/#organization"},"potentialAction":[{"@type":"SearchAction","target":{"@type":"EntryPoint","urlTemplate":"https:\/\/noti-america.com\/site\/ecuador\/?s={search_term_string}"},"query-input":{"@type":"PropertyValueSpecification","valueRequired":true,"valueName":"search_term_string"}}],"inLanguage":"es"},{"@type":"Organization","@id":"https:\/\/noti-america.com\/site\/ecuador\/#organization","name":"Noti-America LLC | Ecuador","url":"https:\/\/noti-america.com\/site\/ecuador\/","logo":{"@type":"ImageObject","inLanguage":"es","@id":"https:\/\/noti-america.com\/site\/ecuador\/#\/schema\/logo\/image\/","url":"https:\/\/noti-america.com\/site\/ecuador\/wp-content\/uploads\/sites\/18\/2020\/07\/LogoNA-4x3-1.jpg","contentUrl":"https:\/\/noti-america.com\/site\/ecuador\/wp-content\/uploads\/sites\/18\/2020\/07\/LogoNA-4x3-1.jpg","width":1236,"height":1080,"caption":"Noti-America LLC | Ecuador"},"image":{"@id":"https:\/\/noti-america.com\/site\/ecuador\/#\/schema\/logo\/image\/"},"sameAs":["https:\/\/x.com\/notiamerica"]},{"@type":"Person","@id":"https:\/\/noti-america.com\/site\/ecuador\/#\/schema\/person\/063740b70e1baad7ce400b3b8bd8b8e3","name":"Boris Moyano","image":{"@type":"ImageObject","inLanguage":"es","@id":"https:\/\/secure.gravatar.com\/avatar\/1635fd8d206bae736e855dfe91602736d1ea92af1a7f3fa7f62c848f245a1404?s=96&d=mm&r=g","url":"https:\/\/secure.gravatar.com\/avatar\/1635fd8d206bae736e855dfe91602736d1ea92af1a7f3fa7f62c848f245a1404?s=96&d=mm&r=g","contentUrl":"https:\/\/secure.gravatar.com\/avatar\/1635fd8d206bae736e855dfe91602736d1ea92af1a7f3fa7f62c848f245a1404?s=96&d=mm&r=g","caption":"Boris Moyano"},"url":"https:\/\/noti-america.com\/site\/ecuador\/author\/bmoyano\/"}]}},"_links":{"self":[{"href":"https:\/\/noti-america.com\/site\/ecuador\/wp-json\/wp\/v2\/posts\/9042","targetHints":{"allow":["GET"]}}],"collection":[{"href":"https:\/\/noti-america.com\/site\/ecuador\/wp-json\/wp\/v2\/posts"}],"about":[{"href":"https:\/\/noti-america.com\/site\/ecuador\/wp-json\/wp\/v2\/types\/post"}],"author":[{"embeddable":true,"href":"https:\/\/noti-america.com\/site\/ecuador\/wp-json\/wp\/v2\/users\/81"}],"replies":[{"embeddable":true,"href":"https:\/\/noti-america.com\/site\/ecuador\/wp-json\/wp\/v2\/comments?post=9042"}],"version-history":[{"count":3,"href":"https:\/\/noti-america.com\/site\/ecuador\/wp-json\/wp\/v2\/posts\/9042\/revisions"}],"predecessor-version":[{"id":9046,"href":"https:\/\/noti-america.com\/site\/ecuador\/wp-json\/wp\/v2\/posts\/9042\/revisions\/9046"}],"wp:featuredmedia":[{"embeddable":true,"href":"https:\/\/noti-america.com\/site\/ecuador\/wp-json\/wp\/v2\/media\/9043"}],"wp:attachment":[{"href":"https:\/\/noti-america.com\/site\/ecuador\/wp-json\/wp\/v2\/media?parent=9042"}],"wp:term":[{"taxonomy":"category","embeddable":true,"href":"https:\/\/noti-america.com\/site\/ecuador\/wp-json\/wp\/v2\/categories?post=9042"},{"taxonomy":"post_tag","embeddable":true,"href":"https:\/\/noti-america.com\/site\/ecuador\/wp-json\/wp\/v2\/tags?post=9042"}],"curies":[{"name":"wp","href":"https:\/\/api.w.org\/{rel}","templated":true}]}}