{"id":9002,"date":"2020-06-04T06:04:54","date_gmt":"2020-06-04T06:04:54","guid":{"rendered":"http:\/\/noti-america.com\/site\/ecuador\/?p=9002"},"modified":"2020-06-04T06:04:54","modified_gmt":"2020-06-04T06:04:54","slug":"desde-hoy-se-reinicia-atencion-judicial-en-todo-el-pais","status":"publish","type":"post","link":"https:\/\/noti-america.com\/site\/ecuador\/2020\/06\/04\/desde-hoy-se-reinicia-atencion-judicial-en-todo-el-pais\/","title":{"rendered":"Desde hoy se reinicia atenci\u00f3n judicial en todo el pa\u00eds"},"content":{"rendered":"<p style=\"text-align: justify\"><strong>REDACCI\u00d3N NOTI-AM\u00c9RICA (ECUADOR)<\/strong><\/p>\n<div id=\"attachment_9004\" style=\"width: 824px\" class=\"wp-caption aligncenter\"><img loading=\"lazy\" decoding=\"async\" aria-describedby=\"caption-attachment-9004\" class=\" wp-image-9004\" src=\"http:\/\/noti-america.com\/site\/ecuador\/wp-content\/uploads\/sites\/18\/2020\/06\/Atenci\u00f3n_Judicial-300x168.jpg\" alt=\"\" width=\"814\" height=\"456\" srcset=\"https:\/\/noti-america.com\/site\/ecuador\/wp-content\/uploads\/sites\/18\/2020\/06\/Atenci\u00f3n_Judicial-300x168.jpg 300w, https:\/\/noti-america.com\/site\/ecuador\/wp-content\/uploads\/sites\/18\/2020\/06\/Atenci\u00f3n_Judicial.jpg 720w\" sizes=\"auto, (max-width: 814px) 100vw, 814px\" \/><p id=\"caption-attachment-9004\" class=\"wp-caption-text\"><strong>La presidenta del Consejo de la Judicatura, Mar\u00eda del Carmen Maldonado, ofreci\u00f3 una rueda de prensa, este mi\u00e9rcoles 3 de junio.<\/strong><\/p><\/div>\n<p style=\"text-align: justify\">De manera progresiva se reinician, desde hoy jueves 4 de junio de 2020, las actividades jurisdiccionales a escala nacional.<\/p>\n<p style=\"text-align: justify\">As\u00ed lo determin\u00f3 el Pleno del Consejo de la Judicatura (CJ), mediante resoluci\u00f3n 057-2020, donde se dispone el restablecimiento progresivo de las labores en Juzgados, Unidades Judiciales, Tribunales Penales, Tribunales de lo Contencioso Administrativo y Tribunales de lo Contencioso Tributario, para el despacho de las causas en tr\u00e1mite, as\u00ed como para el conocimiento de nuevas causas e incidentes.<\/p>\n<p style=\"text-align: justify\">La disposici\u00f3n fue socializada, este mi\u00e9rcoles 3 de junio, mediante rueda de prensa, por la presidenta del CJ, Mar\u00eda del Carmen Maldonado, quien detall\u00f3 el cronograma con el que las diligencias jurisdiccionales se reinician:<\/p>\n<ul>\n<li style=\"text-align: justify\"><strong>El jueves 4 de junio:<\/strong><\/li>\n<li>Penal y Violencia contra la Mujer y Miembros del N\u00facleo Familiar.<\/li>\n<li style=\"text-align: justify\"><strong>El lunes 8 de junio:<\/strong><\/li>\n<li>Familia, Mujer, Ni\u00f1ez y Adolescencia: de 2020.<\/li>\n<li style=\"text-align: justify\"><strong>El jueves 11 de junio:<\/strong><\/li>\n<li>Adolescentes Infractores, Garant\u00edas Penitenciarias, Tr\u00e1nsito y Laboral.<\/li>\n<li style=\"text-align: justify\"><strong>El lunes 15 de junio:<\/strong><\/li>\n<li>Civil e Inquilinato, Contencioso Administrativo y Contencioso Tributario.<\/li>\n<\/ul>\n<p style=\"text-align: justify\">Los horarios y turnos de atenci\u00f3n ser\u00e1n definidos por los directores provinciales del CJ.<\/p>\n<p style=\"text-align: justify\">Maldonado explic\u00f3 que para las causas en tr\u00e1mite que terminen en n\u00famero par, se podr\u00e1n presentar escritos en la ma\u00f1ana; mientras que las terminadas en n\u00famero impar en la tarde. En el caso de demandas nuevas, se deber\u00e1 solicitar un turno.<\/p>\n<p style=\"text-align: justify\">Asegur\u00f3 que toda decisi\u00f3n que se ha tomado ha sido con el fin de precautelar la vida y salud de los usuarios y servidores de la Funci\u00f3n Judicial.<\/p>\n<p style=\"text-align: justify\">No obstante, aclar\u00f3 que \u201cla solicitud realizada por la Fiscal\u00eda General del Estado, para que se levante la suspensi\u00f3n de plazos y t\u00e9rminos jurisdiccionales, es una competencia que le corresponde a la Corte Nacional de Justicia\u201d.<\/p>\n<p style=\"text-align: justify\">\u201cEl CJ cumple con su responsabilidad de garantizar la continuidad del servicio judicial y as\u00ed atender las necesidades ciudadanas\u201d, enfatiz\u00f3.<\/p>\n<p style=\"text-align: justify\">\u201cHemos venido articulando las acciones necesarias y suficientes para que el sistema judicial funcione. Existen \u00f3rdenes de allanamiento precisamente porque hay jueces que est\u00e1n atendiendo esos requerimientos\u201d, se\u00f1al\u00f3 la principal del CJ.<\/p>\n<p style=\"text-align: justify\">Maldonado asegur\u00f3 que se habilitaron 164 unidades judiciales, con m\u00e1s de 100 juezas y jueces, para atender casos de violencia contra la mujer y miembros del n\u00facleo familiar.<\/p>\n<p style=\"text-align: justify\">\u201cEstas dependencias atendieron 3.700 causas ingresadas entre el 16 de marzo y el 28 de mayo\u201d, dijo.<\/p>\n<p style=\"text-align: justify\">Indic\u00f3 que, durante el Estado de Excepci\u00f3n, el Pleno de la instituci\u00f3n no ha detenido su labor para definir y establecer las pol\u00edticas de acceso al servicio integral de justicia, precautelando la vida y la salud de los usuarios y de los servidores de la Funci\u00f3n Judicial (FJ).<\/p>\n<p style=\"text-align: justify\">\u201cEmitimos 30 resoluciones en todos los \u00e1mbitos y realizamos m\u00e1s de 30 reuniones del Pleno, adem\u00e1s de 13 mesas de trabajo\u201d, recalc\u00f3.<\/p>\n<p style=\"text-align: justify\">Manifest\u00f3 que en la FJ se implement\u00f3 un sistema de videoadiencias, con el cual se han realizado 1.220 videoaudiencias domiciliares entre el 27 de marzo y el 1 de junio, solo en la provincia de Guayas.<\/p>\n<p style=\"text-align: justify\">A trav\u00e9s de la Ventanilla Virtual, a la cual se accede desde las p\u00e1ginas web del CJ y de la CNJ, las y los abogados, defensores p\u00fablicos y fiscales ingresaron 1.016 escritos, entre el 11 de mayo y el 2 de junio.<\/p>\n<p style=\"text-align: justify\">Por su parte el vocal de CJ, Fausto Murillo, inform\u00f3 que si bien durante la emergencia sanitaria, los plazos relacionados con el tr\u00e1mite de expedientes disciplinarios han estado suspendidos, el despacho interno de este tipo de procesos ha continuado.<\/p>\n<p style=\"text-align: justify\"><strong>Concurso p\u00fablico para la designaci\u00f3n de juezas y jueces de la Corte Nacional<\/strong><\/p>\n<p style=\"text-align: justify\">Mediante resoluci\u00f3n 055-2020, el Pleno del CJ expidi\u00f3 el Reglamento para el concurso p\u00fablico de oposici\u00f3n y m\u00e9ritos, impugnaci\u00f3n y control social para la selecci\u00f3n y designaci\u00f3n de las y los jueces de la Corte Nacional de Justicia.<\/p>\n<p style=\"text-align: justify\">La mencionada resoluci\u00f3n se\u00f1ala que, para la selecci\u00f3n de las y los jueces de la Corte Nacional de Justicia, deber\u00e1n considerarse par\u00e1metros de legitimidad y transparencia; probidad notoria y alta autoridad moral; trayectoria personal \u00e9ticamente irreprochable; vocaci\u00f3n de servicio p\u00fablico y de protecci\u00f3n de los derechos humanos, de los valores democr\u00e1ticos y la transparencia; y, compromiso con el cambio institucional de la justicia.<\/p>\n","protected":false},"excerpt":{"rendered":"<p>REDACCI\u00d3N NOTI-AM\u00c9RICA (ECUADOR) De manera progresiva se reinician, desde hoy jueves 4 de junio de 2020, las actividades jurisdiccionales a escala nacional. As\u00ed lo determin\u00f3 el Pleno del Consejo de la Judicatura (CJ), mediante&#46;&#46;&#46;<\/p>\n","protected":false},"author":54,"featured_media":9005,"comment_status":"open","ping_status":"open","sticky":false,"template":"","format":"standard","meta":{"_acf_changed":false,"om_disable_all_campaigns":false,"rop_custom_images_group":[],"rop_custom_messages_group":[],"rop_publish_now":"initial","rop_publish_now_accounts":{"twitter_242054905_242054905":""},"rop_publish_now_history":[],"rop_publish_now_status":"pending","_uf_show_specific_survey":0,"_uf_disable_surveys":false,"footnotes":""},"categories":[94],"tags":[],"class_list":["post-9002","post","type-post","status-publish","format-standard","has-post-thumbnail","hentry","category-judicial"],"acf":[],"aioseo_notices":[],"yoast_head":"<!-- This site is optimized with the Yoast SEO Premium plugin v24.9 (Yoast SEO v27.2) - https:\/\/yoast.com\/product\/yoast-seo-premium-wordpress\/ -->\n<title>Desde hoy se reinicia atenci\u00f3n judicial en todo el pa\u00eds - Ecuador | Noti-America.com<\/title>\n<meta name=\"robots\" content=\"index, follow, max-snippet:-1, max-image-preview:large, max-video-preview:-1\" \/>\n<link rel=\"canonical\" href=\"https:\/\/noti-america.com\/site\/ecuador\/2020\/06\/04\/desde-hoy-se-reinicia-atencion-judicial-en-todo-el-pais\/\" \/>\n<meta property=\"og:locale\" content=\"es_ES\" \/>\n<meta property=\"og:type\" content=\"article\" \/>\n<meta property=\"og:title\" content=\"Desde hoy se reinicia atenci\u00f3n judicial en todo el pa\u00eds\" \/>\n<meta property=\"og:description\" content=\"REDACCI\u00d3N NOTI-AM\u00c9RICA (ECUADOR) De manera progresiva se reinician, desde hoy jueves 4 de junio de 2020, las actividades jurisdiccionales a escala nacional. As\u00ed lo determin\u00f3 el Pleno del Consejo de la Judicatura (CJ), mediante&#046;&#046;&#046;\" \/>\n<meta property=\"og:url\" content=\"https:\/\/noti-america.com\/site\/ecuador\/2020\/06\/04\/desde-hoy-se-reinicia-atencion-judicial-en-todo-el-pais\/\" \/>\n<meta property=\"og:site_name\" content=\"Ecuador | Noti-America.com\" \/>\n<meta property=\"article:author\" content=\"https:\/\/www.facebook.com\/geojuradopuente\" \/>\n<meta property=\"article:published_time\" content=\"2020-06-04T06:04:54+00:00\" \/>\n<meta property=\"og:image\" content=\"https:\/\/noti-america.com\/site\/ecuador\/wp-content\/uploads\/sites\/18\/2020\/06\/Atenci\u00f3n_Judicial-1.jpg\" \/>\n\t<meta property=\"og:image:width\" content=\"720\" \/>\n\t<meta property=\"og:image:height\" content=\"404\" \/>\n\t<meta property=\"og:image:type\" content=\"image\/jpeg\" \/>\n<meta name=\"author\" content=\"Mgtr. Geovanny Jurado Puente\" \/>\n<meta name=\"twitter:card\" content=\"summary_large_image\" \/>\n<meta name=\"twitter:creator\" content=\"@GeoJurado\" \/>\n<meta name=\"twitter:site\" content=\"@notiamerica\" \/>\n<meta name=\"twitter:label1\" content=\"Escrito por\" \/>\n\t<meta name=\"twitter:data1\" content=\"Mgtr. Geovanny Jurado Puente\" \/>\n\t<meta name=\"twitter:label2\" content=\"Tiempo estimado de lectura\" \/>\n\t<meta name=\"twitter:data2\" content=\"4 minutos\" \/>\n<script type=\"application\/ld+json\" class=\"yoast-schema-graph\">{\"@context\":\"https:\/\/schema.org\",\"@graph\":[{\"@type\":\"Article\",\"@id\":\"https:\/\/noti-america.com\/site\/ecuador\/2020\/06\/04\/desde-hoy-se-reinicia-atencion-judicial-en-todo-el-pais\/#article\",\"isPartOf\":{\"@id\":\"https:\/\/noti-america.com\/site\/ecuador\/2020\/06\/04\/desde-hoy-se-reinicia-atencion-judicial-en-todo-el-pais\/\"},\"author\":{\"name\":\"Mgtr. Geovanny Jurado Puente\",\"@id\":\"https:\/\/noti-america.com\/site\/ecuador\/#\/schema\/person\/eafaa0d78b886269707bbd67c79282d8\"},\"headline\":\"Desde hoy se reinicia atenci\u00f3n judicial en todo el pa\u00eds\",\"datePublished\":\"2020-06-04T06:04:54+00:00\",\"mainEntityOfPage\":{\"@id\":\"https:\/\/noti-america.com\/site\/ecuador\/2020\/06\/04\/desde-hoy-se-reinicia-atencion-judicial-en-todo-el-pais\/\"},\"wordCount\":758,\"commentCount\":0,\"publisher\":{\"@id\":\"https:\/\/noti-america.com\/site\/ecuador\/#organization\"},\"image\":{\"@id\":\"https:\/\/noti-america.com\/site\/ecuador\/2020\/06\/04\/desde-hoy-se-reinicia-atencion-judicial-en-todo-el-pais\/#primaryimage\"},\"thumbnailUrl\":\"https:\/\/noti-america.com\/site\/ecuador\/wp-content\/uploads\/sites\/18\/2020\/06\/Atenci\u00f3n_Judicial-1.jpg\",\"articleSection\":[\"Judicial\"],\"inLanguage\":\"es\",\"potentialAction\":[{\"@type\":\"CommentAction\",\"name\":\"Comment\",\"target\":[\"https:\/\/noti-america.com\/site\/ecuador\/2020\/06\/04\/desde-hoy-se-reinicia-atencion-judicial-en-todo-el-pais\/#respond\"]}]},{\"@type\":\"WebPage\",\"@id\":\"https:\/\/noti-america.com\/site\/ecuador\/2020\/06\/04\/desde-hoy-se-reinicia-atencion-judicial-en-todo-el-pais\/\",\"url\":\"https:\/\/noti-america.com\/site\/ecuador\/2020\/06\/04\/desde-hoy-se-reinicia-atencion-judicial-en-todo-el-pais\/\",\"name\":\"Desde hoy se reinicia atenci\u00f3n judicial en todo el pa\u00eds - Ecuador | Noti-America.com\",\"isPartOf\":{\"@id\":\"https:\/\/noti-america.com\/site\/ecuador\/#website\"},\"primaryImageOfPage\":{\"@id\":\"https:\/\/noti-america.com\/site\/ecuador\/2020\/06\/04\/desde-hoy-se-reinicia-atencion-judicial-en-todo-el-pais\/#primaryimage\"},\"image\":{\"@id\":\"https:\/\/noti-america.com\/site\/ecuador\/2020\/06\/04\/desde-hoy-se-reinicia-atencion-judicial-en-todo-el-pais\/#primaryimage\"},\"thumbnailUrl\":\"https:\/\/noti-america.com\/site\/ecuador\/wp-content\/uploads\/sites\/18\/2020\/06\/Atenci\u00f3n_Judicial-1.jpg\",\"datePublished\":\"2020-06-04T06:04:54+00:00\",\"breadcrumb\":{\"@id\":\"https:\/\/noti-america.com\/site\/ecuador\/2020\/06\/04\/desde-hoy-se-reinicia-atencion-judicial-en-todo-el-pais\/#breadcrumb\"},\"inLanguage\":\"es\",\"potentialAction\":[{\"@type\":\"ReadAction\",\"target\":[\"https:\/\/noti-america.com\/site\/ecuador\/2020\/06\/04\/desde-hoy-se-reinicia-atencion-judicial-en-todo-el-pais\/\"]}]},{\"@type\":\"ImageObject\",\"inLanguage\":\"es\",\"@id\":\"https:\/\/noti-america.com\/site\/ecuador\/2020\/06\/04\/desde-hoy-se-reinicia-atencion-judicial-en-todo-el-pais\/#primaryimage\",\"url\":\"https:\/\/noti-america.com\/site\/ecuador\/wp-content\/uploads\/sites\/18\/2020\/06\/Atenci\u00f3n_Judicial-1.jpg\",\"contentUrl\":\"https:\/\/noti-america.com\/site\/ecuador\/wp-content\/uploads\/sites\/18\/2020\/06\/Atenci\u00f3n_Judicial-1.jpg\",\"width\":720,\"height\":404},{\"@type\":\"BreadcrumbList\",\"@id\":\"https:\/\/noti-america.com\/site\/ecuador\/2020\/06\/04\/desde-hoy-se-reinicia-atencion-judicial-en-todo-el-pais\/#breadcrumb\",\"itemListElement\":[{\"@type\":\"ListItem\",\"position\":1,\"name\":\"Portada\",\"item\":\"https:\/\/noti-america.com\/site\/ecuador\/\"},{\"@type\":\"ListItem\",\"position\":2,\"name\":\"Desde hoy se reinicia atenci\u00f3n judicial en todo el pa\u00eds\"}]},{\"@type\":\"WebSite\",\"@id\":\"https:\/\/noti-america.com\/site\/ecuador\/#website\",\"url\":\"https:\/\/noti-america.com\/site\/ecuador\/\",\"name\":\"Ecuador | Noti-America.com\",\"description\":\"\",\"publisher\":{\"@id\":\"https:\/\/noti-america.com\/site\/ecuador\/#organization\"},\"potentialAction\":[{\"@type\":\"SearchAction\",\"target\":{\"@type\":\"EntryPoint\",\"urlTemplate\":\"https:\/\/noti-america.com\/site\/ecuador\/?s={search_term_string}\"},\"query-input\":{\"@type\":\"PropertyValueSpecification\",\"valueRequired\":true,\"valueName\":\"search_term_string\"}}],\"inLanguage\":\"es\"},{\"@type\":\"Organization\",\"@id\":\"https:\/\/noti-america.com\/site\/ecuador\/#organization\",\"name\":\"Noti-America LLC | Ecuador\",\"url\":\"https:\/\/noti-america.com\/site\/ecuador\/\",\"logo\":{\"@type\":\"ImageObject\",\"inLanguage\":\"es\",\"@id\":\"https:\/\/noti-america.com\/site\/ecuador\/#\/schema\/logo\/image\/\",\"url\":\"https:\/\/noti-america.com\/site\/ecuador\/wp-content\/uploads\/sites\/18\/2020\/07\/LogoNA-4x3-1.jpg\",\"contentUrl\":\"https:\/\/noti-america.com\/site\/ecuador\/wp-content\/uploads\/sites\/18\/2020\/07\/LogoNA-4x3-1.jpg\",\"width\":1236,\"height\":1080,\"caption\":\"Noti-America LLC | Ecuador\"},\"image\":{\"@id\":\"https:\/\/noti-america.com\/site\/ecuador\/#\/schema\/logo\/image\/\"},\"sameAs\":[\"https:\/\/x.com\/notiamerica\"]},{\"@type\":\"Person\",\"@id\":\"https:\/\/noti-america.com\/site\/ecuador\/#\/schema\/person\/eafaa0d78b886269707bbd67c79282d8\",\"name\":\"Mgtr. Geovanny Jurado Puente\",\"image\":{\"@type\":\"ImageObject\",\"inLanguage\":\"es\",\"@id\":\"https:\/\/secure.gravatar.com\/avatar\/f837d50a2ea0d7cba882939210fb03249c2d70cdea88235e685f1a91ced24905?s=96&d=mm&r=g\",\"url\":\"https:\/\/secure.gravatar.com\/avatar\/f837d50a2ea0d7cba882939210fb03249c2d70cdea88235e685f1a91ced24905?s=96&d=mm&r=g\",\"contentUrl\":\"https:\/\/secure.gravatar.com\/avatar\/f837d50a2ea0d7cba882939210fb03249c2d70cdea88235e685f1a91ced24905?s=96&d=mm&r=g\",\"caption\":\"Mgtr. Geovanny Jurado Puente\"},\"description\":\"Mag\u00edster en Comunicaci\u00f3n, Menci\u00f3n Pol\u00edticas de Desarrollo Social; Licenciado en Ciencias de la Comunicaci\u00f3n Social; Docente Universitario; Miembro de la Red de Investigadores en Comunicaci\u00f3n del Ecuador (RICE); Miembro Fundador de la Red de Editoriales Universitarias y Escuelas Polit\u00e9cnicas del Ecuador (Reupde); ecuatoriano de nacimiento, con residencia en Daule.\",\"sameAs\":[\"https:\/\/www.facebook.com\/geojuradopuente\",\"Geo Jurado\",\"https:\/\/x.com\/GeoJurado\"],\"url\":\"https:\/\/noti-america.com\/site\/ecuador\/author\/gjurado\/\"}]}<\/script>\n<!-- \/ Yoast SEO Premium plugin. -->","yoast_head_json":{"title":"Desde hoy se reinicia atenci\u00f3n judicial en todo el pa\u00eds - Ecuador | Noti-America.com","robots":{"index":"index","follow":"follow","max-snippet":"max-snippet:-1","max-image-preview":"max-image-preview:large","max-video-preview":"max-video-preview:-1"},"canonical":"https:\/\/noti-america.com\/site\/ecuador\/2020\/06\/04\/desde-hoy-se-reinicia-atencion-judicial-en-todo-el-pais\/","og_locale":"es_ES","og_type":"article","og_title":"Desde hoy se reinicia atenci\u00f3n judicial en todo el pa\u00eds","og_description":"REDACCI\u00d3N NOTI-AM\u00c9RICA (ECUADOR) De manera progresiva se reinician, desde hoy jueves 4 de junio de 2020, las actividades jurisdiccionales a escala nacional. As\u00ed lo determin\u00f3 el Pleno del Consejo de la Judicatura (CJ), mediante&#46;&#46;&#46;","og_url":"https:\/\/noti-america.com\/site\/ecuador\/2020\/06\/04\/desde-hoy-se-reinicia-atencion-judicial-en-todo-el-pais\/","og_site_name":"Ecuador | Noti-America.com","article_author":"https:\/\/www.facebook.com\/geojuradopuente","article_published_time":"2020-06-04T06:04:54+00:00","og_image":[{"width":720,"height":404,"url":"https:\/\/noti-america.com\/site\/ecuador\/wp-content\/uploads\/sites\/18\/2020\/06\/Atenci\u00f3n_Judicial-1.jpg","type":"image\/jpeg"}],"author":"Mgtr. Geovanny Jurado Puente","twitter_card":"summary_large_image","twitter_creator":"@GeoJurado","twitter_site":"@notiamerica","twitter_misc":{"Escrito por":"Mgtr. Geovanny Jurado Puente","Tiempo estimado de lectura":"4 minutos"},"schema":{"@context":"https:\/\/schema.org","@graph":[{"@type":"Article","@id":"https:\/\/noti-america.com\/site\/ecuador\/2020\/06\/04\/desde-hoy-se-reinicia-atencion-judicial-en-todo-el-pais\/#article","isPartOf":{"@id":"https:\/\/noti-america.com\/site\/ecuador\/2020\/06\/04\/desde-hoy-se-reinicia-atencion-judicial-en-todo-el-pais\/"},"author":{"name":"Mgtr. Geovanny Jurado Puente","@id":"https:\/\/noti-america.com\/site\/ecuador\/#\/schema\/person\/eafaa0d78b886269707bbd67c79282d8"},"headline":"Desde hoy se reinicia atenci\u00f3n judicial en todo el pa\u00eds","datePublished":"2020-06-04T06:04:54+00:00","mainEntityOfPage":{"@id":"https:\/\/noti-america.com\/site\/ecuador\/2020\/06\/04\/desde-hoy-se-reinicia-atencion-judicial-en-todo-el-pais\/"},"wordCount":758,"commentCount":0,"publisher":{"@id":"https:\/\/noti-america.com\/site\/ecuador\/#organization"},"image":{"@id":"https:\/\/noti-america.com\/site\/ecuador\/2020\/06\/04\/desde-hoy-se-reinicia-atencion-judicial-en-todo-el-pais\/#primaryimage"},"thumbnailUrl":"https:\/\/noti-america.com\/site\/ecuador\/wp-content\/uploads\/sites\/18\/2020\/06\/Atenci\u00f3n_Judicial-1.jpg","articleSection":["Judicial"],"inLanguage":"es","potentialAction":[{"@type":"CommentAction","name":"Comment","target":["https:\/\/noti-america.com\/site\/ecuador\/2020\/06\/04\/desde-hoy-se-reinicia-atencion-judicial-en-todo-el-pais\/#respond"]}]},{"@type":"WebPage","@id":"https:\/\/noti-america.com\/site\/ecuador\/2020\/06\/04\/desde-hoy-se-reinicia-atencion-judicial-en-todo-el-pais\/","url":"https:\/\/noti-america.com\/site\/ecuador\/2020\/06\/04\/desde-hoy-se-reinicia-atencion-judicial-en-todo-el-pais\/","name":"Desde hoy se reinicia atenci\u00f3n judicial en todo el pa\u00eds - Ecuador | Noti-America.com","isPartOf":{"@id":"https:\/\/noti-america.com\/site\/ecuador\/#website"},"primaryImageOfPage":{"@id":"https:\/\/noti-america.com\/site\/ecuador\/2020\/06\/04\/desde-hoy-se-reinicia-atencion-judicial-en-todo-el-pais\/#primaryimage"},"image":{"@id":"https:\/\/noti-america.com\/site\/ecuador\/2020\/06\/04\/desde-hoy-se-reinicia-atencion-judicial-en-todo-el-pais\/#primaryimage"},"thumbnailUrl":"https:\/\/noti-america.com\/site\/ecuador\/wp-content\/uploads\/sites\/18\/2020\/06\/Atenci\u00f3n_Judicial-1.jpg","datePublished":"2020-06-04T06:04:54+00:00","breadcrumb":{"@id":"https:\/\/noti-america.com\/site\/ecuador\/2020\/06\/04\/desde-hoy-se-reinicia-atencion-judicial-en-todo-el-pais\/#breadcrumb"},"inLanguage":"es","potentialAction":[{"@type":"ReadAction","target":["https:\/\/noti-america.com\/site\/ecuador\/2020\/06\/04\/desde-hoy-se-reinicia-atencion-judicial-en-todo-el-pais\/"]}]},{"@type":"ImageObject","inLanguage":"es","@id":"https:\/\/noti-america.com\/site\/ecuador\/2020\/06\/04\/desde-hoy-se-reinicia-atencion-judicial-en-todo-el-pais\/#primaryimage","url":"https:\/\/noti-america.com\/site\/ecuador\/wp-content\/uploads\/sites\/18\/2020\/06\/Atenci\u00f3n_Judicial-1.jpg","contentUrl":"https:\/\/noti-america.com\/site\/ecuador\/wp-content\/uploads\/sites\/18\/2020\/06\/Atenci\u00f3n_Judicial-1.jpg","width":720,"height":404},{"@type":"BreadcrumbList","@id":"https:\/\/noti-america.com\/site\/ecuador\/2020\/06\/04\/desde-hoy-se-reinicia-atencion-judicial-en-todo-el-pais\/#breadcrumb","itemListElement":[{"@type":"ListItem","position":1,"name":"Portada","item":"https:\/\/noti-america.com\/site\/ecuador\/"},{"@type":"ListItem","position":2,"name":"Desde hoy se reinicia atenci\u00f3n judicial en todo el pa\u00eds"}]},{"@type":"WebSite","@id":"https:\/\/noti-america.com\/site\/ecuador\/#website","url":"https:\/\/noti-america.com\/site\/ecuador\/","name":"Ecuador | Noti-America.com","description":"","publisher":{"@id":"https:\/\/noti-america.com\/site\/ecuador\/#organization"},"potentialAction":[{"@type":"SearchAction","target":{"@type":"EntryPoint","urlTemplate":"https:\/\/noti-america.com\/site\/ecuador\/?s={search_term_string}"},"query-input":{"@type":"PropertyValueSpecification","valueRequired":true,"valueName":"search_term_string"}}],"inLanguage":"es"},{"@type":"Organization","@id":"https:\/\/noti-america.com\/site\/ecuador\/#organization","name":"Noti-America LLC | Ecuador","url":"https:\/\/noti-america.com\/site\/ecuador\/","logo":{"@type":"ImageObject","inLanguage":"es","@id":"https:\/\/noti-america.com\/site\/ecuador\/#\/schema\/logo\/image\/","url":"https:\/\/noti-america.com\/site\/ecuador\/wp-content\/uploads\/sites\/18\/2020\/07\/LogoNA-4x3-1.jpg","contentUrl":"https:\/\/noti-america.com\/site\/ecuador\/wp-content\/uploads\/sites\/18\/2020\/07\/LogoNA-4x3-1.jpg","width":1236,"height":1080,"caption":"Noti-America LLC | Ecuador"},"image":{"@id":"https:\/\/noti-america.com\/site\/ecuador\/#\/schema\/logo\/image\/"},"sameAs":["https:\/\/x.com\/notiamerica"]},{"@type":"Person","@id":"https:\/\/noti-america.com\/site\/ecuador\/#\/schema\/person\/eafaa0d78b886269707bbd67c79282d8","name":"Mgtr. Geovanny Jurado Puente","image":{"@type":"ImageObject","inLanguage":"es","@id":"https:\/\/secure.gravatar.com\/avatar\/f837d50a2ea0d7cba882939210fb03249c2d70cdea88235e685f1a91ced24905?s=96&d=mm&r=g","url":"https:\/\/secure.gravatar.com\/avatar\/f837d50a2ea0d7cba882939210fb03249c2d70cdea88235e685f1a91ced24905?s=96&d=mm&r=g","contentUrl":"https:\/\/secure.gravatar.com\/avatar\/f837d50a2ea0d7cba882939210fb03249c2d70cdea88235e685f1a91ced24905?s=96&d=mm&r=g","caption":"Mgtr. Geovanny Jurado Puente"},"description":"Mag\u00edster en Comunicaci\u00f3n, Menci\u00f3n Pol\u00edticas de Desarrollo Social; Licenciado en Ciencias de la Comunicaci\u00f3n Social; Docente Universitario; Miembro de la Red de Investigadores en Comunicaci\u00f3n del Ecuador (RICE); Miembro Fundador de la Red de Editoriales Universitarias y Escuelas Polit\u00e9cnicas del Ecuador (Reupde); ecuatoriano de nacimiento, con residencia en Daule.","sameAs":["https:\/\/www.facebook.com\/geojuradopuente","Geo Jurado","https:\/\/x.com\/GeoJurado"],"url":"https:\/\/noti-america.com\/site\/ecuador\/author\/gjurado\/"}]}},"_links":{"self":[{"href":"https:\/\/noti-america.com\/site\/ecuador\/wp-json\/wp\/v2\/posts\/9002","targetHints":{"allow":["GET"]}}],"collection":[{"href":"https:\/\/noti-america.com\/site\/ecuador\/wp-json\/wp\/v2\/posts"}],"about":[{"href":"https:\/\/noti-america.com\/site\/ecuador\/wp-json\/wp\/v2\/types\/post"}],"author":[{"embeddable":true,"href":"https:\/\/noti-america.com\/site\/ecuador\/wp-json\/wp\/v2\/users\/54"}],"replies":[{"embeddable":true,"href":"https:\/\/noti-america.com\/site\/ecuador\/wp-json\/wp\/v2\/comments?post=9002"}],"version-history":[{"count":1,"href":"https:\/\/noti-america.com\/site\/ecuador\/wp-json\/wp\/v2\/posts\/9002\/revisions"}],"predecessor-version":[{"id":9006,"href":"https:\/\/noti-america.com\/site\/ecuador\/wp-json\/wp\/v2\/posts\/9002\/revisions\/9006"}],"wp:featuredmedia":[{"embeddable":true,"href":"https:\/\/noti-america.com\/site\/ecuador\/wp-json\/wp\/v2\/media\/9005"}],"wp:attachment":[{"href":"https:\/\/noti-america.com\/site\/ecuador\/wp-json\/wp\/v2\/media?parent=9002"}],"wp:term":[{"taxonomy":"category","embeddable":true,"href":"https:\/\/noti-america.com\/site\/ecuador\/wp-json\/wp\/v2\/categories?post=9002"},{"taxonomy":"post_tag","embeddable":true,"href":"https:\/\/noti-america.com\/site\/ecuador\/wp-json\/wp\/v2\/tags?post=9002"}],"curies":[{"name":"wp","href":"https:\/\/api.w.org\/{rel}","templated":true}]}}