{"id":8940,"date":"2020-06-01T22:55:51","date_gmt":"2020-06-01T22:55:51","guid":{"rendered":"http:\/\/noti-america.com\/site\/ecuador\/?p=8940"},"modified":"2020-06-01T22:55:51","modified_gmt":"2020-06-01T22:55:51","slug":"ecuador-para-reactivar-la-economia-lanza-primera-feria-de-vivienda-online","status":"publish","type":"post","link":"https:\/\/noti-america.com\/site\/ecuador\/2020\/06\/01\/ecuador-para-reactivar-la-economia-lanza-primera-feria-de-vivienda-online\/","title":{"rendered":"Ecuador: Para reactivar la econom\u00eda lanza Primera Feria de Vivienda Online"},"content":{"rendered":"<p>REDACCI\u00d3N NOTI AM\u00c9RICA (ECUADOR)<\/p>\n<ul>\n<li><strong>Miles de personas asistir\u00e1n a la Primera Feria en l\u00ednea del Ecuador; espacio de acceso gratuito para el p\u00fablico, que se realizar\u00e1 del 12 al 21 de junio en la plataforma <u>feriaviviendaonline.com<\/u><\/strong><\/li>\n<li><strong>Cientos de actores del sector de la construcci\u00f3n junto al Ministerio de Desarrollo Urbano y Vivienda (Miduvi), y Trivo, promueven esta iniciativa que prev\u00e9 ser un primer impulso para dinamizar la econom\u00eda.<\/strong><\/li>\n<\/ul>\n<p><img decoding=\"async\" class=\"alignleft\" src=\"http:\/\/noti-america.com\/site\/ecuador\/wp-content\/uploads\/sites\/18\/2020\/06\/feria-online-de-vivienda-ecuador-320x320.jpg\" \/><\/p>\n<p style=\"text-align: justify\">La industria de la construcci\u00f3n inmobiliaria es una de las m\u00e1s importantes en Ecuador, representa el 10% del PIB y genera cerca de 500 mil empleos directos. Su operatividad y retorno a la normalidad se vuelve necesaria. Hoy m\u00e1s que nunca es necesaria la innovaci\u00f3n y disrupci\u00f3n para adaptar los negocios al nuevo entorno en que vivimos y as\u00ed ayudar a la reactivaci\u00f3n de la econom\u00eda, generando bienestar en la comunidad.<\/p>\n<p style=\"text-align: justify\">Es por eso que, de manera proactiva se organiza la primera Feria de la Vivienda Online, una plataforma que se anticipa al futuro, reinventando la industria.<\/p>\n<p style=\"text-align: justify\">\u00abA este espacio ir\u00e1n inmobiliarias que tienen la capacidad operativa y humana para seguir brindando facilidades a los potenciales beneficiarios\u201d, se\u00f1al\u00f3 Guido Macchiavello, Ministro de Desarrollo Urbano y Vivienda, al ratificar que \u201cla activaci\u00f3n segura del sector de la construcci\u00f3n, con la aplicaci\u00f3n de un plan piloto inteligente y un protocolo unificado y consensuado con todos los actores, es una prioridad para el pa\u00eds\u201d.<\/p>\n<p style=\"text-align: justify\">\u201cNos da mucho gusto saber que existen empresas como Trivo, que \u00e1gilmente responden a los cambios de mercado con propuestas innovadoras cuando se las necesita. \u00c1lvarez Bravo estar\u00e1 presente ofreciendo como siempre el m\u00e1s alto nivel de atenci\u00f3n a los asistentes de la feria\u201d indica Sebasti\u00e1n Chiriboga, Gerente Comercial de ALVAREZ BRAVO CONSTRUCTORES.<\/p>\n<p style=\"text-align: justify\">\u201cRomero &amp; Pazmi\u00f1o valora much\u00edsimo y apoya iniciativas como la de Trivo con el objetivo de facilitar la oferta de inmuebles en una \u00e9poca tan dif\u00edcil donde toman mucha fortaleza todos los temas virtuales, de forma que los clientes puedan evaluar claramente las opciones de oferta y encontrar el producto \u00f3ptimo de una forma segura.\u00a0 \u00a0Participamos y apoyamos esta feria virtual con el objetivo de retomar la construcci\u00f3n de los proyectos lo m\u00e1s r\u00e1pido posible.\u201d Se\u00f1ala Alejandro Pazmi\u00f1o, Gerente General de la empresa.<\/p>\n<p style=\"text-align: justify\">\u201cEsta es una experiencia inesperada para todos. El comprador, c\u00f3modo y seguro en casa, recibe una atenci\u00f3n personalizada y las mejores condiciones garantizadas. \u00a0Por su parte, el constructor reduce costos y oferta sus proyectos en vivo\u201d, se\u00f1ala Rafael Meneses, CEO de Trivo, empresa ecuatoriana que desarroll\u00f3 el concepto con la participaci\u00f3n de grandes marcas que apoyan a la industria como: Kubiec, Madeval, MIDUVI, EKOS, Mundo Constructor, AVIS, Home Vega, Equivida, Fideval.<\/p>\n<p style=\"text-align: justify\">La Feria se realizar\u00e1 del 12 al 21 de junio. El p\u00fablico en general puede registrarse de manera gratuita en <a href=\"http:\/\/www.feriaviviendaonline.com\">www.feriaviviendaonline.com<\/a> y acceder a los pabellones de distintos sectores de la ciudad con una oferta completa de casas, departamentos, terrenos, oficinas y locales comerciales. Adem\u00e1s de beneficios exclusivos por feria y asesor\u00eda permanente, especializada e imparcial de Trivo en todos los temas relacionados a comprar tu pr\u00f3ximo hogar.<\/p>\n","protected":false},"excerpt":{"rendered":"<p>REDACCI\u00d3N NOTI AM\u00c9RICA (ECUADOR) Miles de personas asistir\u00e1n a la Primera Feria en l\u00ednea del Ecuador; espacio de acceso gratuito para el p\u00fablico, que se realizar\u00e1 del 12 al 21 de junio en la&#46;&#46;&#46;<\/p>\n","protected":false},"author":17,"featured_media":8941,"comment_status":"open","ping_status":"open","sticky":false,"template":"","format":"standard","meta":{"_acf_changed":false,"om_disable_all_campaigns":false,"rop_custom_images_group":[],"rop_custom_messages_group":[],"rop_publish_now":"initial","rop_publish_now_accounts":{"twitter_242054905_242054905":""},"rop_publish_now_history":[],"rop_publish_now_status":"pending","_uf_show_specific_survey":0,"_uf_disable_surveys":false,"footnotes":""},"categories":[42],"tags":[],"class_list":["post-8940","post","type-post","status-publish","format-standard","has-post-thumbnail","hentry","category-noticias"],"acf":[],"aioseo_notices":[],"yoast_head":"<!-- This site is optimized with the Yoast SEO Premium plugin v24.9 (Yoast SEO v27.2) - https:\/\/yoast.com\/product\/yoast-seo-premium-wordpress\/ -->\n<title>Ecuador: Para reactivar la econom\u00eda lanza Primera Feria de Vivienda Online - Ecuador | Noti-America.com<\/title>\n<meta name=\"robots\" content=\"index, follow, max-snippet:-1, max-image-preview:large, max-video-preview:-1\" \/>\n<link rel=\"canonical\" href=\"https:\/\/noti-america.com\/site\/ecuador\/2020\/06\/01\/ecuador-para-reactivar-la-economia-lanza-primera-feria-de-vivienda-online\/\" \/>\n<meta property=\"og:locale\" content=\"es_ES\" \/>\n<meta property=\"og:type\" content=\"article\" \/>\n<meta property=\"og:title\" content=\"Ecuador: Para reactivar la econom\u00eda lanza Primera Feria de Vivienda Online\" \/>\n<meta property=\"og:description\" content=\"REDACCI\u00d3N NOTI AM\u00c9RICA (ECUADOR) Miles de personas asistir\u00e1n a la Primera Feria en l\u00ednea del Ecuador; espacio de acceso gratuito para el p\u00fablico, que se realizar\u00e1 del 12 al 21 de junio en la&#046;&#046;&#046;\" \/>\n<meta property=\"og:url\" content=\"https:\/\/noti-america.com\/site\/ecuador\/2020\/06\/01\/ecuador-para-reactivar-la-economia-lanza-primera-feria-de-vivienda-online\/\" \/>\n<meta property=\"og:site_name\" content=\"Ecuador | Noti-America.com\" \/>\n<meta property=\"article:published_time\" content=\"2020-06-01T22:55:51+00:00\" \/>\n<meta property=\"og:image\" content=\"https:\/\/noti-america.com\/site\/ecuador\/wp-content\/uploads\/sites\/18\/2020\/06\/feria-online-de-vivienda-ecuador.jpg\" \/>\n\t<meta property=\"og:image:width\" content=\"1300\" \/>\n\t<meta property=\"og:image:height\" content=\"714\" \/>\n\t<meta property=\"og:image:type\" content=\"image\/jpeg\" \/>\n<meta name=\"author\" content=\"Gregory Quintana Montiel\" \/>\n<meta name=\"twitter:card\" content=\"summary_large_image\" \/>\n<meta name=\"twitter:creator\" content=\"@gdgregori1\" \/>\n<meta name=\"twitter:site\" content=\"@notiamerica\" \/>\n<meta name=\"twitter:label1\" content=\"Escrito por\" \/>\n\t<meta name=\"twitter:data1\" content=\"Gregory Quintana Montiel\" \/>\n\t<meta name=\"twitter:label2\" content=\"Tiempo estimado de lectura\" \/>\n\t<meta name=\"twitter:data2\" content=\"3 minutos\" \/>\n<script type=\"application\/ld+json\" class=\"yoast-schema-graph\">{\"@context\":\"https:\/\/schema.org\",\"@graph\":[{\"@type\":\"Article\",\"@id\":\"https:\/\/noti-america.com\/site\/ecuador\/2020\/06\/01\/ecuador-para-reactivar-la-economia-lanza-primera-feria-de-vivienda-online\/#article\",\"isPartOf\":{\"@id\":\"https:\/\/noti-america.com\/site\/ecuador\/2020\/06\/01\/ecuador-para-reactivar-la-economia-lanza-primera-feria-de-vivienda-online\/\"},\"author\":{\"name\":\"Gregory Quintana Montiel\",\"@id\":\"https:\/\/noti-america.com\/site\/ecuador\/#\/schema\/person\/3b975e42f15abfe64bfe3abdd916efda\"},\"headline\":\"Ecuador: Para reactivar la econom\u00eda lanza Primera Feria de Vivienda Online\",\"datePublished\":\"2020-06-01T22:55:51+00:00\",\"mainEntityOfPage\":{\"@id\":\"https:\/\/noti-america.com\/site\/ecuador\/2020\/06\/01\/ecuador-para-reactivar-la-economia-lanza-primera-feria-de-vivienda-online\/\"},\"wordCount\":552,\"commentCount\":1,\"publisher\":{\"@id\":\"https:\/\/noti-america.com\/site\/ecuador\/#organization\"},\"image\":{\"@id\":\"https:\/\/noti-america.com\/site\/ecuador\/2020\/06\/01\/ecuador-para-reactivar-la-economia-lanza-primera-feria-de-vivienda-online\/#primaryimage\"},\"thumbnailUrl\":\"https:\/\/noti-america.com\/site\/ecuador\/wp-content\/uploads\/sites\/18\/2020\/06\/feria-online-de-vivienda-ecuador.jpg\",\"articleSection\":[\"Noticias\"],\"inLanguage\":\"es\",\"potentialAction\":[{\"@type\":\"CommentAction\",\"name\":\"Comment\",\"target\":[\"https:\/\/noti-america.com\/site\/ecuador\/2020\/06\/01\/ecuador-para-reactivar-la-economia-lanza-primera-feria-de-vivienda-online\/#respond\"]}]},{\"@type\":\"WebPage\",\"@id\":\"https:\/\/noti-america.com\/site\/ecuador\/2020\/06\/01\/ecuador-para-reactivar-la-economia-lanza-primera-feria-de-vivienda-online\/\",\"url\":\"https:\/\/noti-america.com\/site\/ecuador\/2020\/06\/01\/ecuador-para-reactivar-la-economia-lanza-primera-feria-de-vivienda-online\/\",\"name\":\"Ecuador: Para reactivar la econom\u00eda lanza Primera Feria de Vivienda Online - Ecuador | Noti-America.com\",\"isPartOf\":{\"@id\":\"https:\/\/noti-america.com\/site\/ecuador\/#website\"},\"primaryImageOfPage\":{\"@id\":\"https:\/\/noti-america.com\/site\/ecuador\/2020\/06\/01\/ecuador-para-reactivar-la-economia-lanza-primera-feria-de-vivienda-online\/#primaryimage\"},\"image\":{\"@id\":\"https:\/\/noti-america.com\/site\/ecuador\/2020\/06\/01\/ecuador-para-reactivar-la-economia-lanza-primera-feria-de-vivienda-online\/#primaryimage\"},\"thumbnailUrl\":\"https:\/\/noti-america.com\/site\/ecuador\/wp-content\/uploads\/sites\/18\/2020\/06\/feria-online-de-vivienda-ecuador.jpg\",\"datePublished\":\"2020-06-01T22:55:51+00:00\",\"breadcrumb\":{\"@id\":\"https:\/\/noti-america.com\/site\/ecuador\/2020\/06\/01\/ecuador-para-reactivar-la-economia-lanza-primera-feria-de-vivienda-online\/#breadcrumb\"},\"inLanguage\":\"es\",\"potentialAction\":[{\"@type\":\"ReadAction\",\"target\":[\"https:\/\/noti-america.com\/site\/ecuador\/2020\/06\/01\/ecuador-para-reactivar-la-economia-lanza-primera-feria-de-vivienda-online\/\"]}]},{\"@type\":\"ImageObject\",\"inLanguage\":\"es\",\"@id\":\"https:\/\/noti-america.com\/site\/ecuador\/2020\/06\/01\/ecuador-para-reactivar-la-economia-lanza-primera-feria-de-vivienda-online\/#primaryimage\",\"url\":\"https:\/\/noti-america.com\/site\/ecuador\/wp-content\/uploads\/sites\/18\/2020\/06\/feria-online-de-vivienda-ecuador.jpg\",\"contentUrl\":\"https:\/\/noti-america.com\/site\/ecuador\/wp-content\/uploads\/sites\/18\/2020\/06\/feria-online-de-vivienda-ecuador.jpg\",\"width\":1300,\"height\":714},{\"@type\":\"BreadcrumbList\",\"@id\":\"https:\/\/noti-america.com\/site\/ecuador\/2020\/06\/01\/ecuador-para-reactivar-la-economia-lanza-primera-feria-de-vivienda-online\/#breadcrumb\",\"itemListElement\":[{\"@type\":\"ListItem\",\"position\":1,\"name\":\"Portada\",\"item\":\"https:\/\/noti-america.com\/site\/ecuador\/\"},{\"@type\":\"ListItem\",\"position\":2,\"name\":\"Ecuador: Para reactivar la econom\u00eda lanza Primera Feria de Vivienda Online\"}]},{\"@type\":\"WebSite\",\"@id\":\"https:\/\/noti-america.com\/site\/ecuador\/#website\",\"url\":\"https:\/\/noti-america.com\/site\/ecuador\/\",\"name\":\"Ecuador | Noti-America.com\",\"description\":\"\",\"publisher\":{\"@id\":\"https:\/\/noti-america.com\/site\/ecuador\/#organization\"},\"potentialAction\":[{\"@type\":\"SearchAction\",\"target\":{\"@type\":\"EntryPoint\",\"urlTemplate\":\"https:\/\/noti-america.com\/site\/ecuador\/?s={search_term_string}\"},\"query-input\":{\"@type\":\"PropertyValueSpecification\",\"valueRequired\":true,\"valueName\":\"search_term_string\"}}],\"inLanguage\":\"es\"},{\"@type\":\"Organization\",\"@id\":\"https:\/\/noti-america.com\/site\/ecuador\/#organization\",\"name\":\"Noti-America LLC | Ecuador\",\"url\":\"https:\/\/noti-america.com\/site\/ecuador\/\",\"logo\":{\"@type\":\"ImageObject\",\"inLanguage\":\"es\",\"@id\":\"https:\/\/noti-america.com\/site\/ecuador\/#\/schema\/logo\/image\/\",\"url\":\"https:\/\/noti-america.com\/site\/ecuador\/wp-content\/uploads\/sites\/18\/2020\/07\/LogoNA-4x3-1.jpg\",\"contentUrl\":\"https:\/\/noti-america.com\/site\/ecuador\/wp-content\/uploads\/sites\/18\/2020\/07\/LogoNA-4x3-1.jpg\",\"width\":1236,\"height\":1080,\"caption\":\"Noti-America LLC | Ecuador\"},\"image\":{\"@id\":\"https:\/\/noti-america.com\/site\/ecuador\/#\/schema\/logo\/image\/\"},\"sameAs\":[\"https:\/\/x.com\/notiamerica\"]},{\"@type\":\"Person\",\"@id\":\"https:\/\/noti-america.com\/site\/ecuador\/#\/schema\/person\/3b975e42f15abfe64bfe3abdd916efda\",\"name\":\"Gregory Quintana Montiel\",\"image\":{\"@type\":\"ImageObject\",\"inLanguage\":\"es\",\"@id\":\"https:\/\/secure.gravatar.com\/avatar\/2d6b802f7720c2ec7744dcbe608cc2f3417aeb964d58b443c6d612b77531de1d?s=96&d=mm&r=g\",\"url\":\"https:\/\/secure.gravatar.com\/avatar\/2d6b802f7720c2ec7744dcbe608cc2f3417aeb964d58b443c6d612b77531de1d?s=96&d=mm&r=g\",\"contentUrl\":\"https:\/\/secure.gravatar.com\/avatar\/2d6b802f7720c2ec7744dcbe608cc2f3417aeb964d58b443c6d612b77531de1d?s=96&d=mm&r=g\",\"caption\":\"Gregory Quintana Montiel\"},\"description\":\"Licenciatura en Ciencias de la Comunicaci\u00f3n Social, egresado en la Especializaci\u00f3n Derecho Ambiental Desarrollo Sostenible y Sustentable, Miembro de la Comunidad de profesionales y experto para Latinoam\u00e9rica y el Caribe en Gesti\u00f3n por Resultado en el Desarrollo (COPLAC - GpRD) del Banco Interamericano de Desarrollo, experiencia en medios radiales y escritos.\",\"sameAs\":[\"https:\/\/x.com\/gdgregori1\",\"gquintana\"],\"url\":\"https:\/\/noti-america.com\/site\/ecuador\/author\/gquintana\/\"}]}<\/script>\n<!-- \/ Yoast SEO Premium plugin. -->","yoast_head_json":{"title":"Ecuador: Para reactivar la econom\u00eda lanza Primera Feria de Vivienda Online - Ecuador | Noti-America.com","robots":{"index":"index","follow":"follow","max-snippet":"max-snippet:-1","max-image-preview":"max-image-preview:large","max-video-preview":"max-video-preview:-1"},"canonical":"https:\/\/noti-america.com\/site\/ecuador\/2020\/06\/01\/ecuador-para-reactivar-la-economia-lanza-primera-feria-de-vivienda-online\/","og_locale":"es_ES","og_type":"article","og_title":"Ecuador: Para reactivar la econom\u00eda lanza Primera Feria de Vivienda Online","og_description":"REDACCI\u00d3N NOTI AM\u00c9RICA (ECUADOR) Miles de personas asistir\u00e1n a la Primera Feria en l\u00ednea del Ecuador; espacio de acceso gratuito para el p\u00fablico, que se realizar\u00e1 del 12 al 21 de junio en la&#46;&#46;&#46;","og_url":"https:\/\/noti-america.com\/site\/ecuador\/2020\/06\/01\/ecuador-para-reactivar-la-economia-lanza-primera-feria-de-vivienda-online\/","og_site_name":"Ecuador | Noti-America.com","article_published_time":"2020-06-01T22:55:51+00:00","og_image":[{"width":1300,"height":714,"url":"https:\/\/noti-america.com\/site\/ecuador\/wp-content\/uploads\/sites\/18\/2020\/06\/feria-online-de-vivienda-ecuador.jpg","type":"image\/jpeg"}],"author":"Gregory Quintana Montiel","twitter_card":"summary_large_image","twitter_creator":"@gdgregori1","twitter_site":"@notiamerica","twitter_misc":{"Escrito por":"Gregory Quintana Montiel","Tiempo estimado de lectura":"3 minutos"},"schema":{"@context":"https:\/\/schema.org","@graph":[{"@type":"Article","@id":"https:\/\/noti-america.com\/site\/ecuador\/2020\/06\/01\/ecuador-para-reactivar-la-economia-lanza-primera-feria-de-vivienda-online\/#article","isPartOf":{"@id":"https:\/\/noti-america.com\/site\/ecuador\/2020\/06\/01\/ecuador-para-reactivar-la-economia-lanza-primera-feria-de-vivienda-online\/"},"author":{"name":"Gregory Quintana Montiel","@id":"https:\/\/noti-america.com\/site\/ecuador\/#\/schema\/person\/3b975e42f15abfe64bfe3abdd916efda"},"headline":"Ecuador: Para reactivar la econom\u00eda lanza Primera Feria de Vivienda Online","datePublished":"2020-06-01T22:55:51+00:00","mainEntityOfPage":{"@id":"https:\/\/noti-america.com\/site\/ecuador\/2020\/06\/01\/ecuador-para-reactivar-la-economia-lanza-primera-feria-de-vivienda-online\/"},"wordCount":552,"commentCount":1,"publisher":{"@id":"https:\/\/noti-america.com\/site\/ecuador\/#organization"},"image":{"@id":"https:\/\/noti-america.com\/site\/ecuador\/2020\/06\/01\/ecuador-para-reactivar-la-economia-lanza-primera-feria-de-vivienda-online\/#primaryimage"},"thumbnailUrl":"https:\/\/noti-america.com\/site\/ecuador\/wp-content\/uploads\/sites\/18\/2020\/06\/feria-online-de-vivienda-ecuador.jpg","articleSection":["Noticias"],"inLanguage":"es","potentialAction":[{"@type":"CommentAction","name":"Comment","target":["https:\/\/noti-america.com\/site\/ecuador\/2020\/06\/01\/ecuador-para-reactivar-la-economia-lanza-primera-feria-de-vivienda-online\/#respond"]}]},{"@type":"WebPage","@id":"https:\/\/noti-america.com\/site\/ecuador\/2020\/06\/01\/ecuador-para-reactivar-la-economia-lanza-primera-feria-de-vivienda-online\/","url":"https:\/\/noti-america.com\/site\/ecuador\/2020\/06\/01\/ecuador-para-reactivar-la-economia-lanza-primera-feria-de-vivienda-online\/","name":"Ecuador: Para reactivar la econom\u00eda lanza Primera Feria de Vivienda Online - Ecuador | Noti-America.com","isPartOf":{"@id":"https:\/\/noti-america.com\/site\/ecuador\/#website"},"primaryImageOfPage":{"@id":"https:\/\/noti-america.com\/site\/ecuador\/2020\/06\/01\/ecuador-para-reactivar-la-economia-lanza-primera-feria-de-vivienda-online\/#primaryimage"},"image":{"@id":"https:\/\/noti-america.com\/site\/ecuador\/2020\/06\/01\/ecuador-para-reactivar-la-economia-lanza-primera-feria-de-vivienda-online\/#primaryimage"},"thumbnailUrl":"https:\/\/noti-america.com\/site\/ecuador\/wp-content\/uploads\/sites\/18\/2020\/06\/feria-online-de-vivienda-ecuador.jpg","datePublished":"2020-06-01T22:55:51+00:00","breadcrumb":{"@id":"https:\/\/noti-america.com\/site\/ecuador\/2020\/06\/01\/ecuador-para-reactivar-la-economia-lanza-primera-feria-de-vivienda-online\/#breadcrumb"},"inLanguage":"es","potentialAction":[{"@type":"ReadAction","target":["https:\/\/noti-america.com\/site\/ecuador\/2020\/06\/01\/ecuador-para-reactivar-la-economia-lanza-primera-feria-de-vivienda-online\/"]}]},{"@type":"ImageObject","inLanguage":"es","@id":"https:\/\/noti-america.com\/site\/ecuador\/2020\/06\/01\/ecuador-para-reactivar-la-economia-lanza-primera-feria-de-vivienda-online\/#primaryimage","url":"https:\/\/noti-america.com\/site\/ecuador\/wp-content\/uploads\/sites\/18\/2020\/06\/feria-online-de-vivienda-ecuador.jpg","contentUrl":"https:\/\/noti-america.com\/site\/ecuador\/wp-content\/uploads\/sites\/18\/2020\/06\/feria-online-de-vivienda-ecuador.jpg","width":1300,"height":714},{"@type":"BreadcrumbList","@id":"https:\/\/noti-america.com\/site\/ecuador\/2020\/06\/01\/ecuador-para-reactivar-la-economia-lanza-primera-feria-de-vivienda-online\/#breadcrumb","itemListElement":[{"@type":"ListItem","position":1,"name":"Portada","item":"https:\/\/noti-america.com\/site\/ecuador\/"},{"@type":"ListItem","position":2,"name":"Ecuador: Para reactivar la econom\u00eda lanza Primera Feria de Vivienda Online"}]},{"@type":"WebSite","@id":"https:\/\/noti-america.com\/site\/ecuador\/#website","url":"https:\/\/noti-america.com\/site\/ecuador\/","name":"Ecuador | Noti-America.com","description":"","publisher":{"@id":"https:\/\/noti-america.com\/site\/ecuador\/#organization"},"potentialAction":[{"@type":"SearchAction","target":{"@type":"EntryPoint","urlTemplate":"https:\/\/noti-america.com\/site\/ecuador\/?s={search_term_string}"},"query-input":{"@type":"PropertyValueSpecification","valueRequired":true,"valueName":"search_term_string"}}],"inLanguage":"es"},{"@type":"Organization","@id":"https:\/\/noti-america.com\/site\/ecuador\/#organization","name":"Noti-America LLC | Ecuador","url":"https:\/\/noti-america.com\/site\/ecuador\/","logo":{"@type":"ImageObject","inLanguage":"es","@id":"https:\/\/noti-america.com\/site\/ecuador\/#\/schema\/logo\/image\/","url":"https:\/\/noti-america.com\/site\/ecuador\/wp-content\/uploads\/sites\/18\/2020\/07\/LogoNA-4x3-1.jpg","contentUrl":"https:\/\/noti-america.com\/site\/ecuador\/wp-content\/uploads\/sites\/18\/2020\/07\/LogoNA-4x3-1.jpg","width":1236,"height":1080,"caption":"Noti-America LLC | Ecuador"},"image":{"@id":"https:\/\/noti-america.com\/site\/ecuador\/#\/schema\/logo\/image\/"},"sameAs":["https:\/\/x.com\/notiamerica"]},{"@type":"Person","@id":"https:\/\/noti-america.com\/site\/ecuador\/#\/schema\/person\/3b975e42f15abfe64bfe3abdd916efda","name":"Gregory Quintana Montiel","image":{"@type":"ImageObject","inLanguage":"es","@id":"https:\/\/secure.gravatar.com\/avatar\/2d6b802f7720c2ec7744dcbe608cc2f3417aeb964d58b443c6d612b77531de1d?s=96&d=mm&r=g","url":"https:\/\/secure.gravatar.com\/avatar\/2d6b802f7720c2ec7744dcbe608cc2f3417aeb964d58b443c6d612b77531de1d?s=96&d=mm&r=g","contentUrl":"https:\/\/secure.gravatar.com\/avatar\/2d6b802f7720c2ec7744dcbe608cc2f3417aeb964d58b443c6d612b77531de1d?s=96&d=mm&r=g","caption":"Gregory Quintana Montiel"},"description":"Licenciatura en Ciencias de la Comunicaci\u00f3n Social, egresado en la Especializaci\u00f3n Derecho Ambiental Desarrollo Sostenible y Sustentable, Miembro de la Comunidad de profesionales y experto para Latinoam\u00e9rica y el Caribe en Gesti\u00f3n por Resultado en el Desarrollo (COPLAC - GpRD) del Banco Interamericano de Desarrollo, experiencia en medios radiales y escritos.","sameAs":["https:\/\/x.com\/gdgregori1","gquintana"],"url":"https:\/\/noti-america.com\/site\/ecuador\/author\/gquintana\/"}]}},"_links":{"self":[{"href":"https:\/\/noti-america.com\/site\/ecuador\/wp-json\/wp\/v2\/posts\/8940","targetHints":{"allow":["GET"]}}],"collection":[{"href":"https:\/\/noti-america.com\/site\/ecuador\/wp-json\/wp\/v2\/posts"}],"about":[{"href":"https:\/\/noti-america.com\/site\/ecuador\/wp-json\/wp\/v2\/types\/post"}],"author":[{"embeddable":true,"href":"https:\/\/noti-america.com\/site\/ecuador\/wp-json\/wp\/v2\/users\/17"}],"replies":[{"embeddable":true,"href":"https:\/\/noti-america.com\/site\/ecuador\/wp-json\/wp\/v2\/comments?post=8940"}],"version-history":[{"count":1,"href":"https:\/\/noti-america.com\/site\/ecuador\/wp-json\/wp\/v2\/posts\/8940\/revisions"}],"predecessor-version":[{"id":8942,"href":"https:\/\/noti-america.com\/site\/ecuador\/wp-json\/wp\/v2\/posts\/8940\/revisions\/8942"}],"wp:featuredmedia":[{"embeddable":true,"href":"https:\/\/noti-america.com\/site\/ecuador\/wp-json\/wp\/v2\/media\/8941"}],"wp:attachment":[{"href":"https:\/\/noti-america.com\/site\/ecuador\/wp-json\/wp\/v2\/media?parent=8940"}],"wp:term":[{"taxonomy":"category","embeddable":true,"href":"https:\/\/noti-america.com\/site\/ecuador\/wp-json\/wp\/v2\/categories?post=8940"},{"taxonomy":"post_tag","embeddable":true,"href":"https:\/\/noti-america.com\/site\/ecuador\/wp-json\/wp\/v2\/tags?post=8940"}],"curies":[{"name":"wp","href":"https:\/\/api.w.org\/{rel}","templated":true}]}}