{"id":8899,"date":"2020-05-30T18:38:02","date_gmt":"2020-05-30T18:38:02","guid":{"rendered":"http:\/\/noti-america.com\/site\/ecuador\/?p=8899"},"modified":"2020-05-30T18:38:02","modified_gmt":"2020-05-30T18:38:02","slug":"con-retos-crisis-sanitaria-y-discrepancias-se-inician-clases-en-costa-de-ecuador","status":"publish","type":"post","link":"https:\/\/noti-america.com\/site\/ecuador\/2020\/05\/30\/con-retos-crisis-sanitaria-y-discrepancias-se-inician-clases-en-costa-de-ecuador\/","title":{"rendered":"Con retos, crisis sanitaria y discrepancias, se inician clases en Costa de Ecuador"},"content":{"rendered":"<p><strong>REDACCI\u00d3N NOTI-AM\u00c9RICA (ECUADOR).<\/strong><\/p>\n<p><img loading=\"lazy\" decoding=\"async\" class=\"wp-image-8900 aligncenter\" src=\"http:\/\/noti-america.com\/site\/ecuador\/wp-content\/uploads\/sites\/18\/2020\/05\/student-learning-at-home-with-online-lesson-PA4YJZH-300x200.jpg\" alt=\"\" width=\"527\" height=\"351\" srcset=\"https:\/\/noti-america.com\/site\/ecuador\/wp-content\/uploads\/sites\/18\/2020\/05\/student-learning-at-home-with-online-lesson-PA4YJZH-300x200.jpg 300w, https:\/\/noti-america.com\/site\/ecuador\/wp-content\/uploads\/sites\/18\/2020\/05\/student-learning-at-home-with-online-lesson-PA4YJZH-768x513.jpg 768w, https:\/\/noti-america.com\/site\/ecuador\/wp-content\/uploads\/sites\/18\/2020\/05\/student-learning-at-home-with-online-lesson-PA4YJZH-272x182.jpg 272w, https:\/\/noti-america.com\/site\/ecuador\/wp-content\/uploads\/sites\/18\/2020\/05\/student-learning-at-home-with-online-lesson-PA4YJZH.jpg 800w\" sizes=\"auto, (max-width: 527px) 100vw, 527px\" \/><\/p>\n<p>El pr\u00f3ximo lunes 1 de junio, la Costa ecuatoriana, donde est\u00e1 Guayaquil la ciudad m\u00e1s golpeada por la crisis sanitaria provocada por el COVID-19, iniciar\u00e1 las clases pero bajo la modalidad de virtual.<\/p>\n<p>Para la ministra de Educaci\u00f3n, Monserrat Creamer, esta situaci\u00f3n implica un reto, pues muchos educadores y estudiantes p\u00fablicos no cuentan con los recursos tecnol\u00f3gicos ni la conectividad para acceder a la teleeducaci\u00f3n.<\/p>\n<p>Ante este problema, record\u00f3 que ning\u00fan estudiante perder\u00e1 este a\u00f1o lectivo, pero exhort\u00f3 a los docentes y padres a que motiven a los ni\u00f1os a seguir hasta el final del curso. \u00abNo lo hacemos por facilismo, lo hacemos simplemente porque justamente no todo el mundo tiene acceso a la tecnolog\u00eda\u201d.<\/p>\n<p>A este reto se suma la reciente renuncia del viceministro de Educaci\u00f3n, Vinicio Baquero, que la hizo justamente por no coincidir con las decisi\u00f3n de Creamer de iniciar clases en medio de la emergencia sanitaria.<\/p>\n<p>\u00abSin recursos, el discurso de una educaci\u00f3n de calidad e inclusiva no pasa de ser un agregado de pensamientos ut\u00f3picos y palabras vanas. La educaci\u00f3n, se\u00f1ora ministra, requiere de un timonel fuerte, firme, sereno y pol\u00edticamente h\u00e1bil, que lo conduzca en medio de la tempestad que azota al pa\u00eds\u00bb, se\u00f1al\u00f3 Baquero en su carta de renuncia a la ministra de Educaci\u00f3n, suscrita este jueves 28 de mayo.<\/p>\n<p>\u00abComo discrepo con algunas de sus \u00faltimas decisiones y conforme a lo acordado con usted presento mi renuncia irrevocable\u00bb, finaliza el documento.<\/p>\n","protected":false},"excerpt":{"rendered":"<p>REDACCI\u00d3N NOTI-AM\u00c9RICA (ECUADOR). El pr\u00f3ximo lunes 1 de junio, la Costa ecuatoriana, donde est\u00e1 Guayaquil la ciudad m\u00e1s golpeada por la crisis sanitaria provocada por el COVID-19, iniciar\u00e1 las clases pero bajo la modalidad&#46;&#46;&#46;<\/p>\n","protected":false},"author":81,"featured_media":8900,"comment_status":"open","ping_status":"open","sticky":false,"template":"","format":"standard","meta":{"_acf_changed":false,"om_disable_all_campaigns":false,"rop_custom_images_group":[],"rop_custom_messages_group":[],"rop_publish_now":"initial","rop_publish_now_accounts":{"twitter_242054905_242054905":""},"rop_publish_now_history":[],"rop_publish_now_status":"pending","_uf_show_specific_survey":0,"_uf_disable_surveys":false,"footnotes":""},"categories":[42],"tags":[],"class_list":["post-8899","post","type-post","status-publish","format-standard","has-post-thumbnail","hentry","category-noticias"],"acf":[],"aioseo_notices":[],"yoast_head":"<!-- This site is optimized with the Yoast SEO Premium plugin v24.9 (Yoast SEO v27.2) - https:\/\/yoast.com\/product\/yoast-seo-premium-wordpress\/ -->\n<title>Con retos, crisis sanitaria y discrepancias, se inician clases en Costa de Ecuador - Ecuador | Noti-America.com<\/title>\n<meta name=\"robots\" content=\"index, follow, max-snippet:-1, max-image-preview:large, max-video-preview:-1\" \/>\n<link rel=\"canonical\" href=\"https:\/\/noti-america.com\/site\/ecuador\/2020\/05\/30\/con-retos-crisis-sanitaria-y-discrepancias-se-inician-clases-en-costa-de-ecuador\/\" \/>\n<meta property=\"og:locale\" content=\"es_ES\" \/>\n<meta property=\"og:type\" content=\"article\" \/>\n<meta property=\"og:title\" content=\"Con retos, crisis sanitaria y discrepancias, se inician clases en Costa de Ecuador\" \/>\n<meta property=\"og:description\" content=\"REDACCI\u00d3N NOTI-AM\u00c9RICA (ECUADOR). El pr\u00f3ximo lunes 1 de junio, la Costa ecuatoriana, donde est\u00e1 Guayaquil la ciudad m\u00e1s golpeada por la crisis sanitaria provocada por el COVID-19, iniciar\u00e1 las clases pero bajo la modalidad&#046;&#046;&#046;\" \/>\n<meta property=\"og:url\" content=\"https:\/\/noti-america.com\/site\/ecuador\/2020\/05\/30\/con-retos-crisis-sanitaria-y-discrepancias-se-inician-clases-en-costa-de-ecuador\/\" \/>\n<meta property=\"og:site_name\" content=\"Ecuador | Noti-America.com\" \/>\n<meta property=\"article:published_time\" content=\"2020-05-30T18:38:02+00:00\" \/>\n<meta property=\"og:image\" content=\"https:\/\/noti-america.com\/site\/ecuador\/wp-content\/uploads\/sites\/18\/2020\/05\/student-learning-at-home-with-online-lesson-PA4YJZH.jpg\" \/>\n\t<meta property=\"og:image:width\" content=\"800\" \/>\n\t<meta property=\"og:image:height\" content=\"534\" \/>\n\t<meta property=\"og:image:type\" content=\"image\/jpeg\" \/>\n<meta name=\"author\" content=\"Boris Moyano\" \/>\n<meta name=\"twitter:card\" content=\"summary_large_image\" \/>\n<meta name=\"twitter:creator\" content=\"@notiamerica\" \/>\n<meta name=\"twitter:site\" content=\"@notiamerica\" \/>\n<meta name=\"twitter:label1\" content=\"Escrito por\" \/>\n\t<meta name=\"twitter:data1\" content=\"Boris Moyano\" \/>\n\t<meta name=\"twitter:label2\" content=\"Tiempo estimado de lectura\" \/>\n\t<meta name=\"twitter:data2\" content=\"1 minuto\" \/>\n<script type=\"application\/ld+json\" class=\"yoast-schema-graph\">{\"@context\":\"https:\/\/schema.org\",\"@graph\":[{\"@type\":\"Article\",\"@id\":\"https:\/\/noti-america.com\/site\/ecuador\/2020\/05\/30\/con-retos-crisis-sanitaria-y-discrepancias-se-inician-clases-en-costa-de-ecuador\/#article\",\"isPartOf\":{\"@id\":\"https:\/\/noti-america.com\/site\/ecuador\/2020\/05\/30\/con-retos-crisis-sanitaria-y-discrepancias-se-inician-clases-en-costa-de-ecuador\/\"},\"author\":{\"name\":\"Boris Moyano\",\"@id\":\"https:\/\/noti-america.com\/site\/ecuador\/#\/schema\/person\/063740b70e1baad7ce400b3b8bd8b8e3\"},\"headline\":\"Con retos, crisis sanitaria y discrepancias, se inician clases en Costa de Ecuador\",\"datePublished\":\"2020-05-30T18:38:02+00:00\",\"mainEntityOfPage\":{\"@id\":\"https:\/\/noti-america.com\/site\/ecuador\/2020\/05\/30\/con-retos-crisis-sanitaria-y-discrepancias-se-inician-clases-en-costa-de-ecuador\/\"},\"wordCount\":277,\"commentCount\":0,\"publisher\":{\"@id\":\"https:\/\/noti-america.com\/site\/ecuador\/#organization\"},\"image\":{\"@id\":\"https:\/\/noti-america.com\/site\/ecuador\/2020\/05\/30\/con-retos-crisis-sanitaria-y-discrepancias-se-inician-clases-en-costa-de-ecuador\/#primaryimage\"},\"thumbnailUrl\":\"https:\/\/noti-america.com\/site\/ecuador\/wp-content\/uploads\/sites\/18\/2020\/05\/student-learning-at-home-with-online-lesson-PA4YJZH.jpg\",\"articleSection\":[\"Noticias\"],\"inLanguage\":\"es\",\"potentialAction\":[{\"@type\":\"CommentAction\",\"name\":\"Comment\",\"target\":[\"https:\/\/noti-america.com\/site\/ecuador\/2020\/05\/30\/con-retos-crisis-sanitaria-y-discrepancias-se-inician-clases-en-costa-de-ecuador\/#respond\"]}]},{\"@type\":\"WebPage\",\"@id\":\"https:\/\/noti-america.com\/site\/ecuador\/2020\/05\/30\/con-retos-crisis-sanitaria-y-discrepancias-se-inician-clases-en-costa-de-ecuador\/\",\"url\":\"https:\/\/noti-america.com\/site\/ecuador\/2020\/05\/30\/con-retos-crisis-sanitaria-y-discrepancias-se-inician-clases-en-costa-de-ecuador\/\",\"name\":\"Con retos, crisis sanitaria y discrepancias, se inician clases en Costa de Ecuador - Ecuador | Noti-America.com\",\"isPartOf\":{\"@id\":\"https:\/\/noti-america.com\/site\/ecuador\/#website\"},\"primaryImageOfPage\":{\"@id\":\"https:\/\/noti-america.com\/site\/ecuador\/2020\/05\/30\/con-retos-crisis-sanitaria-y-discrepancias-se-inician-clases-en-costa-de-ecuador\/#primaryimage\"},\"image\":{\"@id\":\"https:\/\/noti-america.com\/site\/ecuador\/2020\/05\/30\/con-retos-crisis-sanitaria-y-discrepancias-se-inician-clases-en-costa-de-ecuador\/#primaryimage\"},\"thumbnailUrl\":\"https:\/\/noti-america.com\/site\/ecuador\/wp-content\/uploads\/sites\/18\/2020\/05\/student-learning-at-home-with-online-lesson-PA4YJZH.jpg\",\"datePublished\":\"2020-05-30T18:38:02+00:00\",\"breadcrumb\":{\"@id\":\"https:\/\/noti-america.com\/site\/ecuador\/2020\/05\/30\/con-retos-crisis-sanitaria-y-discrepancias-se-inician-clases-en-costa-de-ecuador\/#breadcrumb\"},\"inLanguage\":\"es\",\"potentialAction\":[{\"@type\":\"ReadAction\",\"target\":[\"https:\/\/noti-america.com\/site\/ecuador\/2020\/05\/30\/con-retos-crisis-sanitaria-y-discrepancias-se-inician-clases-en-costa-de-ecuador\/\"]}]},{\"@type\":\"ImageObject\",\"inLanguage\":\"es\",\"@id\":\"https:\/\/noti-america.com\/site\/ecuador\/2020\/05\/30\/con-retos-crisis-sanitaria-y-discrepancias-se-inician-clases-en-costa-de-ecuador\/#primaryimage\",\"url\":\"https:\/\/noti-america.com\/site\/ecuador\/wp-content\/uploads\/sites\/18\/2020\/05\/student-learning-at-home-with-online-lesson-PA4YJZH.jpg\",\"contentUrl\":\"https:\/\/noti-america.com\/site\/ecuador\/wp-content\/uploads\/sites\/18\/2020\/05\/student-learning-at-home-with-online-lesson-PA4YJZH.jpg\",\"width\":800,\"height\":534},{\"@type\":\"BreadcrumbList\",\"@id\":\"https:\/\/noti-america.com\/site\/ecuador\/2020\/05\/30\/con-retos-crisis-sanitaria-y-discrepancias-se-inician-clases-en-costa-de-ecuador\/#breadcrumb\",\"itemListElement\":[{\"@type\":\"ListItem\",\"position\":1,\"name\":\"Portada\",\"item\":\"https:\/\/noti-america.com\/site\/ecuador\/\"},{\"@type\":\"ListItem\",\"position\":2,\"name\":\"Con retos, crisis sanitaria y discrepancias, se inician clases en Costa de Ecuador\"}]},{\"@type\":\"WebSite\",\"@id\":\"https:\/\/noti-america.com\/site\/ecuador\/#website\",\"url\":\"https:\/\/noti-america.com\/site\/ecuador\/\",\"name\":\"Ecuador | Noti-America.com\",\"description\":\"\",\"publisher\":{\"@id\":\"https:\/\/noti-america.com\/site\/ecuador\/#organization\"},\"potentialAction\":[{\"@type\":\"SearchAction\",\"target\":{\"@type\":\"EntryPoint\",\"urlTemplate\":\"https:\/\/noti-america.com\/site\/ecuador\/?s={search_term_string}\"},\"query-input\":{\"@type\":\"PropertyValueSpecification\",\"valueRequired\":true,\"valueName\":\"search_term_string\"}}],\"inLanguage\":\"es\"},{\"@type\":\"Organization\",\"@id\":\"https:\/\/noti-america.com\/site\/ecuador\/#organization\",\"name\":\"Noti-America LLC | Ecuador\",\"url\":\"https:\/\/noti-america.com\/site\/ecuador\/\",\"logo\":{\"@type\":\"ImageObject\",\"inLanguage\":\"es\",\"@id\":\"https:\/\/noti-america.com\/site\/ecuador\/#\/schema\/logo\/image\/\",\"url\":\"https:\/\/noti-america.com\/site\/ecuador\/wp-content\/uploads\/sites\/18\/2020\/07\/LogoNA-4x3-1.jpg\",\"contentUrl\":\"https:\/\/noti-america.com\/site\/ecuador\/wp-content\/uploads\/sites\/18\/2020\/07\/LogoNA-4x3-1.jpg\",\"width\":1236,\"height\":1080,\"caption\":\"Noti-America LLC | Ecuador\"},\"image\":{\"@id\":\"https:\/\/noti-america.com\/site\/ecuador\/#\/schema\/logo\/image\/\"},\"sameAs\":[\"https:\/\/x.com\/notiamerica\"]},{\"@type\":\"Person\",\"@id\":\"https:\/\/noti-america.com\/site\/ecuador\/#\/schema\/person\/063740b70e1baad7ce400b3b8bd8b8e3\",\"name\":\"Boris Moyano\",\"image\":{\"@type\":\"ImageObject\",\"inLanguage\":\"es\",\"@id\":\"https:\/\/secure.gravatar.com\/avatar\/1635fd8d206bae736e855dfe91602736d1ea92af1a7f3fa7f62c848f245a1404?s=96&d=mm&r=g\",\"url\":\"https:\/\/secure.gravatar.com\/avatar\/1635fd8d206bae736e855dfe91602736d1ea92af1a7f3fa7f62c848f245a1404?s=96&d=mm&r=g\",\"contentUrl\":\"https:\/\/secure.gravatar.com\/avatar\/1635fd8d206bae736e855dfe91602736d1ea92af1a7f3fa7f62c848f245a1404?s=96&d=mm&r=g\",\"caption\":\"Boris Moyano\"},\"url\":\"https:\/\/noti-america.com\/site\/ecuador\/author\/bmoyano\/\"}]}<\/script>\n<!-- \/ Yoast SEO Premium plugin. -->","yoast_head_json":{"title":"Con retos, crisis sanitaria y discrepancias, se inician clases en Costa de Ecuador - Ecuador | Noti-America.com","robots":{"index":"index","follow":"follow","max-snippet":"max-snippet:-1","max-image-preview":"max-image-preview:large","max-video-preview":"max-video-preview:-1"},"canonical":"https:\/\/noti-america.com\/site\/ecuador\/2020\/05\/30\/con-retos-crisis-sanitaria-y-discrepancias-se-inician-clases-en-costa-de-ecuador\/","og_locale":"es_ES","og_type":"article","og_title":"Con retos, crisis sanitaria y discrepancias, se inician clases en Costa de Ecuador","og_description":"REDACCI\u00d3N NOTI-AM\u00c9RICA (ECUADOR). El pr\u00f3ximo lunes 1 de junio, la Costa ecuatoriana, donde est\u00e1 Guayaquil la ciudad m\u00e1s golpeada por la crisis sanitaria provocada por el COVID-19, iniciar\u00e1 las clases pero bajo la modalidad&#46;&#46;&#46;","og_url":"https:\/\/noti-america.com\/site\/ecuador\/2020\/05\/30\/con-retos-crisis-sanitaria-y-discrepancias-se-inician-clases-en-costa-de-ecuador\/","og_site_name":"Ecuador | Noti-America.com","article_published_time":"2020-05-30T18:38:02+00:00","og_image":[{"width":800,"height":534,"url":"https:\/\/noti-america.com\/site\/ecuador\/wp-content\/uploads\/sites\/18\/2020\/05\/student-learning-at-home-with-online-lesson-PA4YJZH.jpg","type":"image\/jpeg"}],"author":"Boris Moyano","twitter_card":"summary_large_image","twitter_creator":"@notiamerica","twitter_site":"@notiamerica","twitter_misc":{"Escrito por":"Boris Moyano","Tiempo estimado de lectura":"1 minuto"},"schema":{"@context":"https:\/\/schema.org","@graph":[{"@type":"Article","@id":"https:\/\/noti-america.com\/site\/ecuador\/2020\/05\/30\/con-retos-crisis-sanitaria-y-discrepancias-se-inician-clases-en-costa-de-ecuador\/#article","isPartOf":{"@id":"https:\/\/noti-america.com\/site\/ecuador\/2020\/05\/30\/con-retos-crisis-sanitaria-y-discrepancias-se-inician-clases-en-costa-de-ecuador\/"},"author":{"name":"Boris Moyano","@id":"https:\/\/noti-america.com\/site\/ecuador\/#\/schema\/person\/063740b70e1baad7ce400b3b8bd8b8e3"},"headline":"Con retos, crisis sanitaria y discrepancias, se inician clases en Costa de Ecuador","datePublished":"2020-05-30T18:38:02+00:00","mainEntityOfPage":{"@id":"https:\/\/noti-america.com\/site\/ecuador\/2020\/05\/30\/con-retos-crisis-sanitaria-y-discrepancias-se-inician-clases-en-costa-de-ecuador\/"},"wordCount":277,"commentCount":0,"publisher":{"@id":"https:\/\/noti-america.com\/site\/ecuador\/#organization"},"image":{"@id":"https:\/\/noti-america.com\/site\/ecuador\/2020\/05\/30\/con-retos-crisis-sanitaria-y-discrepancias-se-inician-clases-en-costa-de-ecuador\/#primaryimage"},"thumbnailUrl":"https:\/\/noti-america.com\/site\/ecuador\/wp-content\/uploads\/sites\/18\/2020\/05\/student-learning-at-home-with-online-lesson-PA4YJZH.jpg","articleSection":["Noticias"],"inLanguage":"es","potentialAction":[{"@type":"CommentAction","name":"Comment","target":["https:\/\/noti-america.com\/site\/ecuador\/2020\/05\/30\/con-retos-crisis-sanitaria-y-discrepancias-se-inician-clases-en-costa-de-ecuador\/#respond"]}]},{"@type":"WebPage","@id":"https:\/\/noti-america.com\/site\/ecuador\/2020\/05\/30\/con-retos-crisis-sanitaria-y-discrepancias-se-inician-clases-en-costa-de-ecuador\/","url":"https:\/\/noti-america.com\/site\/ecuador\/2020\/05\/30\/con-retos-crisis-sanitaria-y-discrepancias-se-inician-clases-en-costa-de-ecuador\/","name":"Con retos, crisis sanitaria y discrepancias, se inician clases en Costa de Ecuador - Ecuador | Noti-America.com","isPartOf":{"@id":"https:\/\/noti-america.com\/site\/ecuador\/#website"},"primaryImageOfPage":{"@id":"https:\/\/noti-america.com\/site\/ecuador\/2020\/05\/30\/con-retos-crisis-sanitaria-y-discrepancias-se-inician-clases-en-costa-de-ecuador\/#primaryimage"},"image":{"@id":"https:\/\/noti-america.com\/site\/ecuador\/2020\/05\/30\/con-retos-crisis-sanitaria-y-discrepancias-se-inician-clases-en-costa-de-ecuador\/#primaryimage"},"thumbnailUrl":"https:\/\/noti-america.com\/site\/ecuador\/wp-content\/uploads\/sites\/18\/2020\/05\/student-learning-at-home-with-online-lesson-PA4YJZH.jpg","datePublished":"2020-05-30T18:38:02+00:00","breadcrumb":{"@id":"https:\/\/noti-america.com\/site\/ecuador\/2020\/05\/30\/con-retos-crisis-sanitaria-y-discrepancias-se-inician-clases-en-costa-de-ecuador\/#breadcrumb"},"inLanguage":"es","potentialAction":[{"@type":"ReadAction","target":["https:\/\/noti-america.com\/site\/ecuador\/2020\/05\/30\/con-retos-crisis-sanitaria-y-discrepancias-se-inician-clases-en-costa-de-ecuador\/"]}]},{"@type":"ImageObject","inLanguage":"es","@id":"https:\/\/noti-america.com\/site\/ecuador\/2020\/05\/30\/con-retos-crisis-sanitaria-y-discrepancias-se-inician-clases-en-costa-de-ecuador\/#primaryimage","url":"https:\/\/noti-america.com\/site\/ecuador\/wp-content\/uploads\/sites\/18\/2020\/05\/student-learning-at-home-with-online-lesson-PA4YJZH.jpg","contentUrl":"https:\/\/noti-america.com\/site\/ecuador\/wp-content\/uploads\/sites\/18\/2020\/05\/student-learning-at-home-with-online-lesson-PA4YJZH.jpg","width":800,"height":534},{"@type":"BreadcrumbList","@id":"https:\/\/noti-america.com\/site\/ecuador\/2020\/05\/30\/con-retos-crisis-sanitaria-y-discrepancias-se-inician-clases-en-costa-de-ecuador\/#breadcrumb","itemListElement":[{"@type":"ListItem","position":1,"name":"Portada","item":"https:\/\/noti-america.com\/site\/ecuador\/"},{"@type":"ListItem","position":2,"name":"Con retos, crisis sanitaria y discrepancias, se inician clases en Costa de Ecuador"}]},{"@type":"WebSite","@id":"https:\/\/noti-america.com\/site\/ecuador\/#website","url":"https:\/\/noti-america.com\/site\/ecuador\/","name":"Ecuador | Noti-America.com","description":"","publisher":{"@id":"https:\/\/noti-america.com\/site\/ecuador\/#organization"},"potentialAction":[{"@type":"SearchAction","target":{"@type":"EntryPoint","urlTemplate":"https:\/\/noti-america.com\/site\/ecuador\/?s={search_term_string}"},"query-input":{"@type":"PropertyValueSpecification","valueRequired":true,"valueName":"search_term_string"}}],"inLanguage":"es"},{"@type":"Organization","@id":"https:\/\/noti-america.com\/site\/ecuador\/#organization","name":"Noti-America LLC | Ecuador","url":"https:\/\/noti-america.com\/site\/ecuador\/","logo":{"@type":"ImageObject","inLanguage":"es","@id":"https:\/\/noti-america.com\/site\/ecuador\/#\/schema\/logo\/image\/","url":"https:\/\/noti-america.com\/site\/ecuador\/wp-content\/uploads\/sites\/18\/2020\/07\/LogoNA-4x3-1.jpg","contentUrl":"https:\/\/noti-america.com\/site\/ecuador\/wp-content\/uploads\/sites\/18\/2020\/07\/LogoNA-4x3-1.jpg","width":1236,"height":1080,"caption":"Noti-America LLC | Ecuador"},"image":{"@id":"https:\/\/noti-america.com\/site\/ecuador\/#\/schema\/logo\/image\/"},"sameAs":["https:\/\/x.com\/notiamerica"]},{"@type":"Person","@id":"https:\/\/noti-america.com\/site\/ecuador\/#\/schema\/person\/063740b70e1baad7ce400b3b8bd8b8e3","name":"Boris Moyano","image":{"@type":"ImageObject","inLanguage":"es","@id":"https:\/\/secure.gravatar.com\/avatar\/1635fd8d206bae736e855dfe91602736d1ea92af1a7f3fa7f62c848f245a1404?s=96&d=mm&r=g","url":"https:\/\/secure.gravatar.com\/avatar\/1635fd8d206bae736e855dfe91602736d1ea92af1a7f3fa7f62c848f245a1404?s=96&d=mm&r=g","contentUrl":"https:\/\/secure.gravatar.com\/avatar\/1635fd8d206bae736e855dfe91602736d1ea92af1a7f3fa7f62c848f245a1404?s=96&d=mm&r=g","caption":"Boris Moyano"},"url":"https:\/\/noti-america.com\/site\/ecuador\/author\/bmoyano\/"}]}},"_links":{"self":[{"href":"https:\/\/noti-america.com\/site\/ecuador\/wp-json\/wp\/v2\/posts\/8899","targetHints":{"allow":["GET"]}}],"collection":[{"href":"https:\/\/noti-america.com\/site\/ecuador\/wp-json\/wp\/v2\/posts"}],"about":[{"href":"https:\/\/noti-america.com\/site\/ecuador\/wp-json\/wp\/v2\/types\/post"}],"author":[{"embeddable":true,"href":"https:\/\/noti-america.com\/site\/ecuador\/wp-json\/wp\/v2\/users\/81"}],"replies":[{"embeddable":true,"href":"https:\/\/noti-america.com\/site\/ecuador\/wp-json\/wp\/v2\/comments?post=8899"}],"version-history":[{"count":1,"href":"https:\/\/noti-america.com\/site\/ecuador\/wp-json\/wp\/v2\/posts\/8899\/revisions"}],"predecessor-version":[{"id":8901,"href":"https:\/\/noti-america.com\/site\/ecuador\/wp-json\/wp\/v2\/posts\/8899\/revisions\/8901"}],"wp:featuredmedia":[{"embeddable":true,"href":"https:\/\/noti-america.com\/site\/ecuador\/wp-json\/wp\/v2\/media\/8900"}],"wp:attachment":[{"href":"https:\/\/noti-america.com\/site\/ecuador\/wp-json\/wp\/v2\/media?parent=8899"}],"wp:term":[{"taxonomy":"category","embeddable":true,"href":"https:\/\/noti-america.com\/site\/ecuador\/wp-json\/wp\/v2\/categories?post=8899"},{"taxonomy":"post_tag","embeddable":true,"href":"https:\/\/noti-america.com\/site\/ecuador\/wp-json\/wp\/v2\/tags?post=8899"}],"curies":[{"name":"wp","href":"https:\/\/api.w.org\/{rel}","templated":true}]}}