{"id":8858,"date":"2020-05-26T21:23:24","date_gmt":"2020-05-26T21:23:24","guid":{"rendered":"http:\/\/noti-america.com\/site\/ecuador\/?p=8858"},"modified":"2020-05-26T21:23:24","modified_gmt":"2020-05-26T21:23:24","slug":"hidrogeno-verde-la-gran-alternativa","status":"publish","type":"post","link":"https:\/\/noti-america.com\/site\/ecuador\/2020\/05\/26\/hidrogeno-verde-la-gran-alternativa\/","title":{"rendered":"Hidr\u00f3geno &#8216;verde&#8217; la gran alternativa"},"content":{"rendered":"<p>REDACCI\u00d3N NOTI AM\u00c9RICA (ECUADOR)<\/p>\n<p><em><strong>Las principales energ\u00e9ticas de Europa, entre las que figuran Iberdrola, la italiana Enel -matriz de Endesa- o la portuguesa EDP, se han adherido al proyecto Choose Renewable Hydrogen.<\/strong><\/em><\/p>\n<p><img decoding=\"async\" src=\"https:\/\/www.ecoticias.com\/userfiles\/extra\/INZH_207.jpg\" alt=\"Hidr\u00f3geno 'verde' la gran alternativa\" \/><\/p>\n<p style=\"text-align: justify\">En una misiva remitida al vicepresidente de la Comisi\u00f3n Europea, Frans Timmermans, la iniciativa, liderada por\u00a0<strong>las patronales\u00a0SolarPower Europe y WindEurope<\/strong>, cuenta con las rubricas del presidente de Iberdrola, Ignacio S\u00e1nchez Gal\u00e1n, as\u00ed como de los m\u00e1ximos ejecutivos de Enel, Francesco Starace, y EDP, Antonio Mexia.<\/p>\n<p style=\"text-align: justify\">Junto a estas tres grandes energ\u00e9ticas europeas tambi\u00e9n se han unido a la iniciativa las compa\u00f1\u00edas Akuo Energy, BayWa RE, MHI Vestas, Orsted y Vestas. En medio de la crisis por la pandemia del Covid-19 y sus impactos econ\u00f3micos, la iniciativa pide a Bruselas apostar por los caminos \u00abm\u00e1s eficientes, sostenibles y rentables\u00bb para descarbonizar la econom\u00eda.<\/p>\n<p><img loading=\"lazy\" decoding=\"async\" class=\"alignleft\" src=\"https:\/\/www.ecoticias.com\/userfiles\/2020\/May_26\/208.jpg\" alt=\"Hidr\u00f3geno 'verde' la gran alternativa\" width=\"270\" height=\"360\" \/><\/p>\n<p style=\"text-align: justify\">En este sentido, destaca que\u00a0<strong>el hidr\u00f3geno &#8216;verde&#8217;\u00a0<\/strong>jugar\u00e1 \u00abun papel clave como la soluci\u00f3n m\u00e1s rentable y sostenible para la descarbonizaci\u00f3n total\u00bb.<\/p>\n<p style=\"text-align: justify\">Adem\u00e1s, subraya que la electrificaci\u00f3n directa ser\u00e1 el principal medio para descarbonizar la calefacci\u00f3n y el transporte por carretera, pero hay otros sectores dif\u00edciles de reducir, como la industria pesada, el transporte por carretera de larga distancia, la aviaci\u00f3n y el transporte mar\u00edtimo, \u00abdonde la electrificaci\u00f3n directa es insuficiente\u00bb.<\/p>\n<h2 style=\"text-align: justify\">Apuesta de iberdrola por el negocio del hidr\u00f3geno &#8216;verde&#8217;.<\/h2>\n<p style=\"text-align: justify\">De hecho, Iberdrola anunci\u00f3 hace unos meses su entrada en\u00a0<strong>el negocio del hidr\u00f3geno &#8216;verde&#8217;<\/strong>\u00a0con el desarrollo de un proyecto a partir de fuentes de energ\u00eda renovables en la localidad de Puertollano (Ciudad Real), cuya inversi\u00f3n ascender\u00e1 a 150 millones de euros.<\/p>\n<p style=\"text-align: justify\">Con la irrupci\u00f3n en este negocio, el grupo presidido por Ignacio S\u00e1nchez Gal\u00e1n busca lograr descarbonizar y abaratar en el futuro este producto industrial, que en la actualidad es el responsable de m\u00e1s del 2% de las emisiones totales de CO2 mundiales, cifra similar a las de un pa\u00eds como Alemania.<\/p>\n<p style=\"text-align: justify\">Seg\u00fan estimaciones de la energ\u00e9tica,\u00a0<strong>descarbonizar el hidr\u00f3geno mundial<\/strong>\u00a0mediante la producci\u00f3n de energ\u00eda el\u00e9ctrica renovable supondr\u00eda, adem\u00e1s, un incremento de la demanda de electricidad superior al 10%.<\/p>\n<p style=\"text-align: justify\">Junto con el proyecto, Iberdrola fomentar\u00e1 la creaci\u00f3n de un etiquetado &#8216;verde&#8217; para el hidr\u00f3geno producido que asegure que la huella de carbono del mismo es nula, ayudando de esta forma a los usuarios del hidr\u00f3geno a reducir sus emisiones de CO2.<\/p>\n<p>Fuente: Ecoticias.<\/p>\n","protected":false},"excerpt":{"rendered":"<p>REDACCI\u00d3N NOTI AM\u00c9RICA (ECUADOR) Las principales energ\u00e9ticas de Europa, entre las que figuran Iberdrola, la italiana Enel -matriz de Endesa- o la portuguesa EDP, se han adherido al proyecto Choose Renewable Hydrogen. En una&#46;&#46;&#46;<\/p>\n","protected":false},"author":17,"featured_media":8859,"comment_status":"open","ping_status":"open","sticky":false,"template":"","format":"standard","meta":{"_acf_changed":false,"om_disable_all_campaigns":false,"rop_custom_images_group":[],"rop_custom_messages_group":[],"rop_publish_now":"initial","rop_publish_now_accounts":{"twitter_242054905_242054905":""},"rop_publish_now_history":[],"rop_publish_now_status":"pending","_uf_show_specific_survey":0,"_uf_disable_surveys":false,"footnotes":""},"categories":[111],"tags":[],"class_list":["post-8858","post","type-post","status-publish","format-standard","has-post-thumbnail","hentry","category-sostenibilidad-y-cambio-climatico"],"acf":[],"aioseo_notices":[],"yoast_head":"<!-- This site is optimized with the Yoast SEO Premium plugin v24.9 (Yoast SEO v27.2) - https:\/\/yoast.com\/product\/yoast-seo-premium-wordpress\/ -->\n<title>Hidr\u00f3geno &#039;verde&#039; la gran alternativa - Ecuador | Noti-America.com<\/title>\n<meta name=\"robots\" content=\"index, follow, max-snippet:-1, max-image-preview:large, max-video-preview:-1\" \/>\n<link rel=\"canonical\" href=\"https:\/\/noti-america.com\/site\/ecuador\/2020\/05\/26\/hidrogeno-verde-la-gran-alternativa\/\" \/>\n<meta property=\"og:locale\" content=\"es_ES\" \/>\n<meta property=\"og:type\" content=\"article\" \/>\n<meta property=\"og:title\" content=\"Hidr\u00f3geno &#039;verde&#039; la gran alternativa\" \/>\n<meta property=\"og:description\" content=\"REDACCI\u00d3N NOTI AM\u00c9RICA (ECUADOR) Las principales energ\u00e9ticas de Europa, entre las que figuran Iberdrola, la italiana Enel -matriz de Endesa- o la portuguesa EDP, se han adherido al proyecto Choose Renewable Hydrogen. En una&#046;&#046;&#046;\" \/>\n<meta property=\"og:url\" content=\"https:\/\/noti-america.com\/site\/ecuador\/2020\/05\/26\/hidrogeno-verde-la-gran-alternativa\/\" \/>\n<meta property=\"og:site_name\" content=\"Ecuador | Noti-America.com\" \/>\n<meta property=\"article:published_time\" content=\"2020-05-26T21:23:24+00:00\" \/>\n<meta property=\"og:image\" content=\"https:\/\/noti-america.com\/site\/ecuador\/wp-content\/uploads\/sites\/18\/2020\/05\/Hydrogeno-verde.jpg\" \/>\n\t<meta property=\"og:image:width\" content=\"730\" \/>\n\t<meta property=\"og:image:height\" content=\"487\" \/>\n\t<meta property=\"og:image:type\" content=\"image\/jpeg\" \/>\n<meta name=\"author\" content=\"Gregory Quintana Montiel\" \/>\n<meta name=\"twitter:card\" content=\"summary_large_image\" \/>\n<meta name=\"twitter:creator\" content=\"@gdgregori1\" \/>\n<meta name=\"twitter:site\" content=\"@notiamerica\" \/>\n<meta name=\"twitter:label1\" content=\"Escrito por\" \/>\n\t<meta name=\"twitter:data1\" content=\"Gregory Quintana Montiel\" \/>\n\t<meta name=\"twitter:label2\" content=\"Tiempo estimado de lectura\" \/>\n\t<meta name=\"twitter:data2\" content=\"2 minutos\" \/>\n<script type=\"application\/ld+json\" class=\"yoast-schema-graph\">{\"@context\":\"https:\/\/schema.org\",\"@graph\":[{\"@type\":\"Article\",\"@id\":\"https:\/\/noti-america.com\/site\/ecuador\/2020\/05\/26\/hidrogeno-verde-la-gran-alternativa\/#article\",\"isPartOf\":{\"@id\":\"https:\/\/noti-america.com\/site\/ecuador\/2020\/05\/26\/hidrogeno-verde-la-gran-alternativa\/\"},\"author\":{\"name\":\"Gregory Quintana Montiel\",\"@id\":\"https:\/\/noti-america.com\/site\/ecuador\/#\/schema\/person\/3b975e42f15abfe64bfe3abdd916efda\"},\"headline\":\"Hidr\u00f3geno &#8216;verde&#8217; la gran alternativa\",\"datePublished\":\"2020-05-26T21:23:24+00:00\",\"mainEntityOfPage\":{\"@id\":\"https:\/\/noti-america.com\/site\/ecuador\/2020\/05\/26\/hidrogeno-verde-la-gran-alternativa\/\"},\"wordCount\":430,\"commentCount\":0,\"publisher\":{\"@id\":\"https:\/\/noti-america.com\/site\/ecuador\/#organization\"},\"image\":{\"@id\":\"https:\/\/noti-america.com\/site\/ecuador\/2020\/05\/26\/hidrogeno-verde-la-gran-alternativa\/#primaryimage\"},\"thumbnailUrl\":\"https:\/\/noti-america.com\/site\/ecuador\/wp-content\/uploads\/sites\/18\/2020\/05\/Hydrogeno-verde.jpg\",\"articleSection\":[\"Sostenibilidad y Cambio Clim\u00e1tico\"],\"inLanguage\":\"es\",\"potentialAction\":[{\"@type\":\"CommentAction\",\"name\":\"Comment\",\"target\":[\"https:\/\/noti-america.com\/site\/ecuador\/2020\/05\/26\/hidrogeno-verde-la-gran-alternativa\/#respond\"]}]},{\"@type\":\"WebPage\",\"@id\":\"https:\/\/noti-america.com\/site\/ecuador\/2020\/05\/26\/hidrogeno-verde-la-gran-alternativa\/\",\"url\":\"https:\/\/noti-america.com\/site\/ecuador\/2020\/05\/26\/hidrogeno-verde-la-gran-alternativa\/\",\"name\":\"Hidr\u00f3geno 'verde' la gran alternativa - Ecuador | Noti-America.com\",\"isPartOf\":{\"@id\":\"https:\/\/noti-america.com\/site\/ecuador\/#website\"},\"primaryImageOfPage\":{\"@id\":\"https:\/\/noti-america.com\/site\/ecuador\/2020\/05\/26\/hidrogeno-verde-la-gran-alternativa\/#primaryimage\"},\"image\":{\"@id\":\"https:\/\/noti-america.com\/site\/ecuador\/2020\/05\/26\/hidrogeno-verde-la-gran-alternativa\/#primaryimage\"},\"thumbnailUrl\":\"https:\/\/noti-america.com\/site\/ecuador\/wp-content\/uploads\/sites\/18\/2020\/05\/Hydrogeno-verde.jpg\",\"datePublished\":\"2020-05-26T21:23:24+00:00\",\"breadcrumb\":{\"@id\":\"https:\/\/noti-america.com\/site\/ecuador\/2020\/05\/26\/hidrogeno-verde-la-gran-alternativa\/#breadcrumb\"},\"inLanguage\":\"es\",\"potentialAction\":[{\"@type\":\"ReadAction\",\"target\":[\"https:\/\/noti-america.com\/site\/ecuador\/2020\/05\/26\/hidrogeno-verde-la-gran-alternativa\/\"]}]},{\"@type\":\"ImageObject\",\"inLanguage\":\"es\",\"@id\":\"https:\/\/noti-america.com\/site\/ecuador\/2020\/05\/26\/hidrogeno-verde-la-gran-alternativa\/#primaryimage\",\"url\":\"https:\/\/noti-america.com\/site\/ecuador\/wp-content\/uploads\/sites\/18\/2020\/05\/Hydrogeno-verde.jpg\",\"contentUrl\":\"https:\/\/noti-america.com\/site\/ecuador\/wp-content\/uploads\/sites\/18\/2020\/05\/Hydrogeno-verde.jpg\",\"width\":730,\"height\":487},{\"@type\":\"BreadcrumbList\",\"@id\":\"https:\/\/noti-america.com\/site\/ecuador\/2020\/05\/26\/hidrogeno-verde-la-gran-alternativa\/#breadcrumb\",\"itemListElement\":[{\"@type\":\"ListItem\",\"position\":1,\"name\":\"Portada\",\"item\":\"https:\/\/noti-america.com\/site\/ecuador\/\"},{\"@type\":\"ListItem\",\"position\":2,\"name\":\"Hidr\u00f3geno &#8216;verde&#8217; la gran alternativa\"}]},{\"@type\":\"WebSite\",\"@id\":\"https:\/\/noti-america.com\/site\/ecuador\/#website\",\"url\":\"https:\/\/noti-america.com\/site\/ecuador\/\",\"name\":\"Ecuador | Noti-America.com\",\"description\":\"\",\"publisher\":{\"@id\":\"https:\/\/noti-america.com\/site\/ecuador\/#organization\"},\"potentialAction\":[{\"@type\":\"SearchAction\",\"target\":{\"@type\":\"EntryPoint\",\"urlTemplate\":\"https:\/\/noti-america.com\/site\/ecuador\/?s={search_term_string}\"},\"query-input\":{\"@type\":\"PropertyValueSpecification\",\"valueRequired\":true,\"valueName\":\"search_term_string\"}}],\"inLanguage\":\"es\"},{\"@type\":\"Organization\",\"@id\":\"https:\/\/noti-america.com\/site\/ecuador\/#organization\",\"name\":\"Noti-America LLC | Ecuador\",\"url\":\"https:\/\/noti-america.com\/site\/ecuador\/\",\"logo\":{\"@type\":\"ImageObject\",\"inLanguage\":\"es\",\"@id\":\"https:\/\/noti-america.com\/site\/ecuador\/#\/schema\/logo\/image\/\",\"url\":\"https:\/\/noti-america.com\/site\/ecuador\/wp-content\/uploads\/sites\/18\/2020\/07\/LogoNA-4x3-1.jpg\",\"contentUrl\":\"https:\/\/noti-america.com\/site\/ecuador\/wp-content\/uploads\/sites\/18\/2020\/07\/LogoNA-4x3-1.jpg\",\"width\":1236,\"height\":1080,\"caption\":\"Noti-America LLC | Ecuador\"},\"image\":{\"@id\":\"https:\/\/noti-america.com\/site\/ecuador\/#\/schema\/logo\/image\/\"},\"sameAs\":[\"https:\/\/x.com\/notiamerica\"]},{\"@type\":\"Person\",\"@id\":\"https:\/\/noti-america.com\/site\/ecuador\/#\/schema\/person\/3b975e42f15abfe64bfe3abdd916efda\",\"name\":\"Gregory Quintana Montiel\",\"image\":{\"@type\":\"ImageObject\",\"inLanguage\":\"es\",\"@id\":\"https:\/\/secure.gravatar.com\/avatar\/2d6b802f7720c2ec7744dcbe608cc2f3417aeb964d58b443c6d612b77531de1d?s=96&d=mm&r=g\",\"url\":\"https:\/\/secure.gravatar.com\/avatar\/2d6b802f7720c2ec7744dcbe608cc2f3417aeb964d58b443c6d612b77531de1d?s=96&d=mm&r=g\",\"contentUrl\":\"https:\/\/secure.gravatar.com\/avatar\/2d6b802f7720c2ec7744dcbe608cc2f3417aeb964d58b443c6d612b77531de1d?s=96&d=mm&r=g\",\"caption\":\"Gregory Quintana Montiel\"},\"description\":\"Licenciatura en Ciencias de la Comunicaci\u00f3n Social, egresado en la Especializaci\u00f3n Derecho Ambiental Desarrollo Sostenible y Sustentable, Miembro de la Comunidad de profesionales y experto para Latinoam\u00e9rica y el Caribe en Gesti\u00f3n por Resultado en el Desarrollo (COPLAC - GpRD) del Banco Interamericano de Desarrollo, experiencia en medios radiales y escritos.\",\"sameAs\":[\"https:\/\/x.com\/gdgregori1\",\"gquintana\"],\"url\":\"https:\/\/noti-america.com\/site\/ecuador\/author\/gquintana\/\"}]}<\/script>\n<!-- \/ Yoast SEO Premium plugin. -->","yoast_head_json":{"title":"Hidr\u00f3geno 'verde' la gran alternativa - Ecuador | Noti-America.com","robots":{"index":"index","follow":"follow","max-snippet":"max-snippet:-1","max-image-preview":"max-image-preview:large","max-video-preview":"max-video-preview:-1"},"canonical":"https:\/\/noti-america.com\/site\/ecuador\/2020\/05\/26\/hidrogeno-verde-la-gran-alternativa\/","og_locale":"es_ES","og_type":"article","og_title":"Hidr\u00f3geno 'verde' la gran alternativa","og_description":"REDACCI\u00d3N NOTI AM\u00c9RICA (ECUADOR) Las principales energ\u00e9ticas de Europa, entre las que figuran Iberdrola, la italiana Enel -matriz de Endesa- o la portuguesa EDP, se han adherido al proyecto Choose Renewable Hydrogen. En una&#46;&#46;&#46;","og_url":"https:\/\/noti-america.com\/site\/ecuador\/2020\/05\/26\/hidrogeno-verde-la-gran-alternativa\/","og_site_name":"Ecuador | Noti-America.com","article_published_time":"2020-05-26T21:23:24+00:00","og_image":[{"width":730,"height":487,"url":"https:\/\/noti-america.com\/site\/ecuador\/wp-content\/uploads\/sites\/18\/2020\/05\/Hydrogeno-verde.jpg","type":"image\/jpeg"}],"author":"Gregory Quintana Montiel","twitter_card":"summary_large_image","twitter_creator":"@gdgregori1","twitter_site":"@notiamerica","twitter_misc":{"Escrito por":"Gregory Quintana Montiel","Tiempo estimado de lectura":"2 minutos"},"schema":{"@context":"https:\/\/schema.org","@graph":[{"@type":"Article","@id":"https:\/\/noti-america.com\/site\/ecuador\/2020\/05\/26\/hidrogeno-verde-la-gran-alternativa\/#article","isPartOf":{"@id":"https:\/\/noti-america.com\/site\/ecuador\/2020\/05\/26\/hidrogeno-verde-la-gran-alternativa\/"},"author":{"name":"Gregory Quintana Montiel","@id":"https:\/\/noti-america.com\/site\/ecuador\/#\/schema\/person\/3b975e42f15abfe64bfe3abdd916efda"},"headline":"Hidr\u00f3geno &#8216;verde&#8217; la gran alternativa","datePublished":"2020-05-26T21:23:24+00:00","mainEntityOfPage":{"@id":"https:\/\/noti-america.com\/site\/ecuador\/2020\/05\/26\/hidrogeno-verde-la-gran-alternativa\/"},"wordCount":430,"commentCount":0,"publisher":{"@id":"https:\/\/noti-america.com\/site\/ecuador\/#organization"},"image":{"@id":"https:\/\/noti-america.com\/site\/ecuador\/2020\/05\/26\/hidrogeno-verde-la-gran-alternativa\/#primaryimage"},"thumbnailUrl":"https:\/\/noti-america.com\/site\/ecuador\/wp-content\/uploads\/sites\/18\/2020\/05\/Hydrogeno-verde.jpg","articleSection":["Sostenibilidad y Cambio Clim\u00e1tico"],"inLanguage":"es","potentialAction":[{"@type":"CommentAction","name":"Comment","target":["https:\/\/noti-america.com\/site\/ecuador\/2020\/05\/26\/hidrogeno-verde-la-gran-alternativa\/#respond"]}]},{"@type":"WebPage","@id":"https:\/\/noti-america.com\/site\/ecuador\/2020\/05\/26\/hidrogeno-verde-la-gran-alternativa\/","url":"https:\/\/noti-america.com\/site\/ecuador\/2020\/05\/26\/hidrogeno-verde-la-gran-alternativa\/","name":"Hidr\u00f3geno 'verde' la gran alternativa - Ecuador | Noti-America.com","isPartOf":{"@id":"https:\/\/noti-america.com\/site\/ecuador\/#website"},"primaryImageOfPage":{"@id":"https:\/\/noti-america.com\/site\/ecuador\/2020\/05\/26\/hidrogeno-verde-la-gran-alternativa\/#primaryimage"},"image":{"@id":"https:\/\/noti-america.com\/site\/ecuador\/2020\/05\/26\/hidrogeno-verde-la-gran-alternativa\/#primaryimage"},"thumbnailUrl":"https:\/\/noti-america.com\/site\/ecuador\/wp-content\/uploads\/sites\/18\/2020\/05\/Hydrogeno-verde.jpg","datePublished":"2020-05-26T21:23:24+00:00","breadcrumb":{"@id":"https:\/\/noti-america.com\/site\/ecuador\/2020\/05\/26\/hidrogeno-verde-la-gran-alternativa\/#breadcrumb"},"inLanguage":"es","potentialAction":[{"@type":"ReadAction","target":["https:\/\/noti-america.com\/site\/ecuador\/2020\/05\/26\/hidrogeno-verde-la-gran-alternativa\/"]}]},{"@type":"ImageObject","inLanguage":"es","@id":"https:\/\/noti-america.com\/site\/ecuador\/2020\/05\/26\/hidrogeno-verde-la-gran-alternativa\/#primaryimage","url":"https:\/\/noti-america.com\/site\/ecuador\/wp-content\/uploads\/sites\/18\/2020\/05\/Hydrogeno-verde.jpg","contentUrl":"https:\/\/noti-america.com\/site\/ecuador\/wp-content\/uploads\/sites\/18\/2020\/05\/Hydrogeno-verde.jpg","width":730,"height":487},{"@type":"BreadcrumbList","@id":"https:\/\/noti-america.com\/site\/ecuador\/2020\/05\/26\/hidrogeno-verde-la-gran-alternativa\/#breadcrumb","itemListElement":[{"@type":"ListItem","position":1,"name":"Portada","item":"https:\/\/noti-america.com\/site\/ecuador\/"},{"@type":"ListItem","position":2,"name":"Hidr\u00f3geno &#8216;verde&#8217; la gran alternativa"}]},{"@type":"WebSite","@id":"https:\/\/noti-america.com\/site\/ecuador\/#website","url":"https:\/\/noti-america.com\/site\/ecuador\/","name":"Ecuador | Noti-America.com","description":"","publisher":{"@id":"https:\/\/noti-america.com\/site\/ecuador\/#organization"},"potentialAction":[{"@type":"SearchAction","target":{"@type":"EntryPoint","urlTemplate":"https:\/\/noti-america.com\/site\/ecuador\/?s={search_term_string}"},"query-input":{"@type":"PropertyValueSpecification","valueRequired":true,"valueName":"search_term_string"}}],"inLanguage":"es"},{"@type":"Organization","@id":"https:\/\/noti-america.com\/site\/ecuador\/#organization","name":"Noti-America LLC | Ecuador","url":"https:\/\/noti-america.com\/site\/ecuador\/","logo":{"@type":"ImageObject","inLanguage":"es","@id":"https:\/\/noti-america.com\/site\/ecuador\/#\/schema\/logo\/image\/","url":"https:\/\/noti-america.com\/site\/ecuador\/wp-content\/uploads\/sites\/18\/2020\/07\/LogoNA-4x3-1.jpg","contentUrl":"https:\/\/noti-america.com\/site\/ecuador\/wp-content\/uploads\/sites\/18\/2020\/07\/LogoNA-4x3-1.jpg","width":1236,"height":1080,"caption":"Noti-America LLC | Ecuador"},"image":{"@id":"https:\/\/noti-america.com\/site\/ecuador\/#\/schema\/logo\/image\/"},"sameAs":["https:\/\/x.com\/notiamerica"]},{"@type":"Person","@id":"https:\/\/noti-america.com\/site\/ecuador\/#\/schema\/person\/3b975e42f15abfe64bfe3abdd916efda","name":"Gregory Quintana Montiel","image":{"@type":"ImageObject","inLanguage":"es","@id":"https:\/\/secure.gravatar.com\/avatar\/2d6b802f7720c2ec7744dcbe608cc2f3417aeb964d58b443c6d612b77531de1d?s=96&d=mm&r=g","url":"https:\/\/secure.gravatar.com\/avatar\/2d6b802f7720c2ec7744dcbe608cc2f3417aeb964d58b443c6d612b77531de1d?s=96&d=mm&r=g","contentUrl":"https:\/\/secure.gravatar.com\/avatar\/2d6b802f7720c2ec7744dcbe608cc2f3417aeb964d58b443c6d612b77531de1d?s=96&d=mm&r=g","caption":"Gregory Quintana Montiel"},"description":"Licenciatura en Ciencias de la Comunicaci\u00f3n Social, egresado en la Especializaci\u00f3n Derecho Ambiental Desarrollo Sostenible y Sustentable, Miembro de la Comunidad de profesionales y experto para Latinoam\u00e9rica y el Caribe en Gesti\u00f3n por Resultado en el Desarrollo (COPLAC - GpRD) del Banco Interamericano de Desarrollo, experiencia en medios radiales y escritos.","sameAs":["https:\/\/x.com\/gdgregori1","gquintana"],"url":"https:\/\/noti-america.com\/site\/ecuador\/author\/gquintana\/"}]}},"_links":{"self":[{"href":"https:\/\/noti-america.com\/site\/ecuador\/wp-json\/wp\/v2\/posts\/8858","targetHints":{"allow":["GET"]}}],"collection":[{"href":"https:\/\/noti-america.com\/site\/ecuador\/wp-json\/wp\/v2\/posts"}],"about":[{"href":"https:\/\/noti-america.com\/site\/ecuador\/wp-json\/wp\/v2\/types\/post"}],"author":[{"embeddable":true,"href":"https:\/\/noti-america.com\/site\/ecuador\/wp-json\/wp\/v2\/users\/17"}],"replies":[{"embeddable":true,"href":"https:\/\/noti-america.com\/site\/ecuador\/wp-json\/wp\/v2\/comments?post=8858"}],"version-history":[{"count":1,"href":"https:\/\/noti-america.com\/site\/ecuador\/wp-json\/wp\/v2\/posts\/8858\/revisions"}],"predecessor-version":[{"id":8860,"href":"https:\/\/noti-america.com\/site\/ecuador\/wp-json\/wp\/v2\/posts\/8858\/revisions\/8860"}],"wp:featuredmedia":[{"embeddable":true,"href":"https:\/\/noti-america.com\/site\/ecuador\/wp-json\/wp\/v2\/media\/8859"}],"wp:attachment":[{"href":"https:\/\/noti-america.com\/site\/ecuador\/wp-json\/wp\/v2\/media?parent=8858"}],"wp:term":[{"taxonomy":"category","embeddable":true,"href":"https:\/\/noti-america.com\/site\/ecuador\/wp-json\/wp\/v2\/categories?post=8858"},{"taxonomy":"post_tag","embeddable":true,"href":"https:\/\/noti-america.com\/site\/ecuador\/wp-json\/wp\/v2\/tags?post=8858"}],"curies":[{"name":"wp","href":"https:\/\/api.w.org\/{rel}","templated":true}]}}