{"id":882,"date":"2018-05-09T00:42:58","date_gmt":"2018-05-09T00:42:58","guid":{"rendered":"http:\/\/noti-america.com\/site\/ecuador\/?p=882"},"modified":"2018-05-09T00:45:37","modified_gmt":"2018-05-09T00:45:37","slug":"defensora-del-pueblo-debemos-fortalecer-la-independencia-institucional-y-gestionar-acciones-coordinadas-por-los-derechos-humanos-en-el-pais","status":"publish","type":"post","link":"https:\/\/noti-america.com\/site\/ecuador\/2018\/05\/09\/defensora-del-pueblo-debemos-fortalecer-la-independencia-institucional-y-gestionar-acciones-coordinadas-por-los-derechos-humanos-en-el-pais\/","title":{"rendered":"Defensora del Pueblo: \u201cDebemos fortalecer la independencia institucional y gestionar acciones coordinadas por los Derechos Humanos en el pa\u00eds\u201d"},"content":{"rendered":"<p>REDACCI\u00d3N NOTI-AM\u00c9RICA (ECUADOR)<\/p>\n<p>La ma\u00f1ana del martes 8 de mayo del presente, Gina Benavides Llerena, Defensora del Pueblo, en rueda de prensa, manifest\u00f3 que su gesti\u00f3n se destacar\u00e1 por impulsar una Defensor\u00eda independiente, aut\u00f3noma, eficiente, oportuna, eficaz, con y para el pueblo.<\/p>\n<p>Gina Benavides, asumi\u00f3 el cargo como Defensora del Pueblo, el 3 de mayo, luego de que el Consejo de Participaci\u00f3n Ciudadana transitorio la designara como primera autoridad encargada de la instituci\u00f3n de derechos humanos. La Defensora del Pueblo, durante su aparici\u00f3n ante los medios de comunicaci\u00f3n, resalt\u00f3 que su trabajo al frente de la entidad se enfocar\u00e1 en alcanzar una labor eficaz, eficiente y \u00e1gil, que se centre en lo que la ciudadan\u00eda requiere en cuantos a accesibilidad a derechos, y se\u00f1al\u00f3 los siguientes ejes de trabajo:<\/p>\n<p>1. Independencia y autonom\u00eda institucional.<br \/>\n2. Revisi\u00f3n de casos presentados ante el CPCCS-T en contra de la entidad, para\u00a0 honrar el proceso de evaluaci\u00f3n.<br \/>\n3. Reconstrucci\u00f3n de v\u00ednculos de la entidad con organizaciones sociales.<br \/>\n4. Protecci\u00f3n de derechos de las comunidades y personas desplazadas en frontera norte.<br \/>\n5. El control de la corrupci\u00f3n, pues es un elemento esencial de toda sociedad democr\u00e1tica.<\/p>\n<p>\u201cUna Defensor\u00eda del Pueblo que cumpla con el mandato de promover y proteger los derechos humanos y que potencie su trabajo, es el compromiso que todas y todos los funcionarios deben tener para con la sociedad\u201d, manifest\u00f3 la Defensora del Pueblo.<\/p>\n<p>Benavides resalt\u00f3 la reinstalaci\u00f3n del Consejo Consultivo Nacional de la DPE, que incluye a organizaciones de la sociedad civil y derechos humanos, con quienes se delinear\u00e1 una estrategia de coordinaci\u00f3n permanente. Gina Benavides mencion\u00f3 que en el tiempo de encargo en la Defensor\u00eda del Pueblo, espera contribuir con el desarrollo de la misma, y sobretodo que las acciones que la entidad ejecute se plasmen en el objetivo de garantizar el acceso a los derechos humanos. Finalmente, a\u00f1adi\u00f3 que solicitar\u00e1 a la Controlar\u00eda General del Estado un examen especial al per\u00edodo anterior, y que al finalizar su gesti\u00f3n se someter\u00e1 al mismo proceso.<\/p>\n<p>&nbsp;<\/p>\n","protected":false},"excerpt":{"rendered":"<p>REDACCI\u00d3N NOTI-AM\u00c9RICA (ECUADOR) La ma\u00f1ana del martes 8 de mayo del presente, Gina Benavides Llerena, Defensora del Pueblo, en rueda de prensa, manifest\u00f3 que su gesti\u00f3n se destacar\u00e1 por impulsar una Defensor\u00eda independiente, aut\u00f3noma,&#46;&#46;&#46;<\/p>\n","protected":false},"author":17,"featured_media":883,"comment_status":"open","ping_status":"open","sticky":false,"template":"","format":"standard","meta":{"_acf_changed":false,"om_disable_all_campaigns":false,"rop_custom_images_group":[],"rop_custom_messages_group":[],"rop_publish_now":"initial","rop_publish_now_accounts":{"twitter_242054905_242054905":""},"rop_publish_now_history":[],"rop_publish_now_status":"pending","_uf_show_specific_survey":0,"_uf_disable_surveys":false,"footnotes":""},"categories":[1],"tags":[],"class_list":["post-882","post","type-post","status-publish","format-standard","has-post-thumbnail","hentry","category-uncategorized"],"acf":[],"aioseo_notices":[],"yoast_head":"<!-- This site is optimized with the Yoast SEO Premium plugin v24.9 (Yoast SEO v27.2) - https:\/\/yoast.com\/product\/yoast-seo-premium-wordpress\/ -->\n<title>Defensora del Pueblo: \u201cDebemos fortalecer la independencia institucional y gestionar acciones coordinadas por los Derechos Humanos en el pa\u00eds\u201d - Ecuador | Noti-America.com<\/title>\n<meta name=\"robots\" content=\"index, follow, max-snippet:-1, max-image-preview:large, max-video-preview:-1\" \/>\n<link rel=\"canonical\" href=\"https:\/\/noti-america.com\/site\/ecuador\/2018\/05\/09\/defensora-del-pueblo-debemos-fortalecer-la-independencia-institucional-y-gestionar-acciones-coordinadas-por-los-derechos-humanos-en-el-pais\/\" \/>\n<meta property=\"og:locale\" content=\"es_ES\" \/>\n<meta property=\"og:type\" content=\"article\" \/>\n<meta property=\"og:title\" content=\"Defensora del Pueblo: \u201cDebemos fortalecer la independencia institucional y gestionar acciones coordinadas por los Derechos Humanos en el pa\u00eds\u201d\" \/>\n<meta property=\"og:description\" content=\"REDACCI\u00d3N NOTI-AM\u00c9RICA (ECUADOR) La ma\u00f1ana del martes 8 de mayo del presente, Gina Benavides Llerena, Defensora del Pueblo, en rueda de prensa, manifest\u00f3 que su gesti\u00f3n se destacar\u00e1 por impulsar una Defensor\u00eda independiente, aut\u00f3noma,&#046;&#046;&#046;\" \/>\n<meta property=\"og:url\" content=\"https:\/\/noti-america.com\/site\/ecuador\/2018\/05\/09\/defensora-del-pueblo-debemos-fortalecer-la-independencia-institucional-y-gestionar-acciones-coordinadas-por-los-derechos-humanos-en-el-pais\/\" \/>\n<meta property=\"og:site_name\" content=\"Ecuador | Noti-America.com\" \/>\n<meta property=\"article:published_time\" content=\"2018-05-09T00:42:58+00:00\" \/>\n<meta property=\"article:modified_time\" content=\"2018-05-09T00:45:37+00:00\" \/>\n<meta property=\"og:image\" content=\"https:\/\/noti-america.com\/site\/ecuador\/wp-content\/uploads\/sites\/18\/2018\/05\/FOTO-POSECI\u00d3N-NUEVA-DEFENSORA-DEL-PUEBLO.jpg\" \/>\n\t<meta property=\"og:image:width\" content=\"640\" \/>\n\t<meta property=\"og:image:height\" content=\"427\" \/>\n\t<meta property=\"og:image:type\" content=\"image\/jpeg\" \/>\n<meta name=\"author\" content=\"Gregory Quintana Montiel\" \/>\n<meta name=\"twitter:card\" content=\"summary_large_image\" \/>\n<meta name=\"twitter:creator\" content=\"@gdgregori1\" \/>\n<meta name=\"twitter:site\" content=\"@notiamerica\" \/>\n<meta name=\"twitter:label1\" content=\"Escrito por\" \/>\n\t<meta name=\"twitter:data1\" content=\"Gregory Quintana Montiel\" \/>\n\t<meta name=\"twitter:label2\" content=\"Tiempo estimado de lectura\" \/>\n\t<meta name=\"twitter:data2\" content=\"2 minutos\" \/>\n<script type=\"application\/ld+json\" class=\"yoast-schema-graph\">{\"@context\":\"https:\/\/schema.org\",\"@graph\":[{\"@type\":\"Article\",\"@id\":\"https:\/\/noti-america.com\/site\/ecuador\/2018\/05\/09\/defensora-del-pueblo-debemos-fortalecer-la-independencia-institucional-y-gestionar-acciones-coordinadas-por-los-derechos-humanos-en-el-pais\/#article\",\"isPartOf\":{\"@id\":\"https:\/\/noti-america.com\/site\/ecuador\/2018\/05\/09\/defensora-del-pueblo-debemos-fortalecer-la-independencia-institucional-y-gestionar-acciones-coordinadas-por-los-derechos-humanos-en-el-pais\/\"},\"author\":{\"name\":\"Gregory Quintana Montiel\",\"@id\":\"https:\/\/noti-america.com\/site\/ecuador\/#\/schema\/person\/3b975e42f15abfe64bfe3abdd916efda\"},\"headline\":\"Defensora del Pueblo: \u201cDebemos fortalecer la independencia institucional y gestionar acciones coordinadas por los Derechos Humanos en el pa\u00eds\u201d\",\"datePublished\":\"2018-05-09T00:42:58+00:00\",\"dateModified\":\"2018-05-09T00:45:37+00:00\",\"mainEntityOfPage\":{\"@id\":\"https:\/\/noti-america.com\/site\/ecuador\/2018\/05\/09\/defensora-del-pueblo-debemos-fortalecer-la-independencia-institucional-y-gestionar-acciones-coordinadas-por-los-derechos-humanos-en-el-pais\/\"},\"wordCount\":376,\"commentCount\":0,\"publisher\":{\"@id\":\"https:\/\/noti-america.com\/site\/ecuador\/#organization\"},\"image\":{\"@id\":\"https:\/\/noti-america.com\/site\/ecuador\/2018\/05\/09\/defensora-del-pueblo-debemos-fortalecer-la-independencia-institucional-y-gestionar-acciones-coordinadas-por-los-derechos-humanos-en-el-pais\/#primaryimage\"},\"thumbnailUrl\":\"https:\/\/noti-america.com\/site\/ecuador\/wp-content\/uploads\/sites\/18\/2018\/05\/FOTO-POSECI\u00d3N-NUEVA-DEFENSORA-DEL-PUEBLO.jpg\",\"articleSection\":[\"Uncategorized\"],\"inLanguage\":\"es\",\"potentialAction\":[{\"@type\":\"CommentAction\",\"name\":\"Comment\",\"target\":[\"https:\/\/noti-america.com\/site\/ecuador\/2018\/05\/09\/defensora-del-pueblo-debemos-fortalecer-la-independencia-institucional-y-gestionar-acciones-coordinadas-por-los-derechos-humanos-en-el-pais\/#respond\"]}]},{\"@type\":\"WebPage\",\"@id\":\"https:\/\/noti-america.com\/site\/ecuador\/2018\/05\/09\/defensora-del-pueblo-debemos-fortalecer-la-independencia-institucional-y-gestionar-acciones-coordinadas-por-los-derechos-humanos-en-el-pais\/\",\"url\":\"https:\/\/noti-america.com\/site\/ecuador\/2018\/05\/09\/defensora-del-pueblo-debemos-fortalecer-la-independencia-institucional-y-gestionar-acciones-coordinadas-por-los-derechos-humanos-en-el-pais\/\",\"name\":\"Defensora del Pueblo: \u201cDebemos fortalecer la independencia institucional y gestionar acciones coordinadas por los Derechos Humanos en el pa\u00eds\u201d - Ecuador | Noti-America.com\",\"isPartOf\":{\"@id\":\"https:\/\/noti-america.com\/site\/ecuador\/#website\"},\"primaryImageOfPage\":{\"@id\":\"https:\/\/noti-america.com\/site\/ecuador\/2018\/05\/09\/defensora-del-pueblo-debemos-fortalecer-la-independencia-institucional-y-gestionar-acciones-coordinadas-por-los-derechos-humanos-en-el-pais\/#primaryimage\"},\"image\":{\"@id\":\"https:\/\/noti-america.com\/site\/ecuador\/2018\/05\/09\/defensora-del-pueblo-debemos-fortalecer-la-independencia-institucional-y-gestionar-acciones-coordinadas-por-los-derechos-humanos-en-el-pais\/#primaryimage\"},\"thumbnailUrl\":\"https:\/\/noti-america.com\/site\/ecuador\/wp-content\/uploads\/sites\/18\/2018\/05\/FOTO-POSECI\u00d3N-NUEVA-DEFENSORA-DEL-PUEBLO.jpg\",\"datePublished\":\"2018-05-09T00:42:58+00:00\",\"dateModified\":\"2018-05-09T00:45:37+00:00\",\"breadcrumb\":{\"@id\":\"https:\/\/noti-america.com\/site\/ecuador\/2018\/05\/09\/defensora-del-pueblo-debemos-fortalecer-la-independencia-institucional-y-gestionar-acciones-coordinadas-por-los-derechos-humanos-en-el-pais\/#breadcrumb\"},\"inLanguage\":\"es\",\"potentialAction\":[{\"@type\":\"ReadAction\",\"target\":[\"https:\/\/noti-america.com\/site\/ecuador\/2018\/05\/09\/defensora-del-pueblo-debemos-fortalecer-la-independencia-institucional-y-gestionar-acciones-coordinadas-por-los-derechos-humanos-en-el-pais\/\"]}]},{\"@type\":\"ImageObject\",\"inLanguage\":\"es\",\"@id\":\"https:\/\/noti-america.com\/site\/ecuador\/2018\/05\/09\/defensora-del-pueblo-debemos-fortalecer-la-independencia-institucional-y-gestionar-acciones-coordinadas-por-los-derechos-humanos-en-el-pais\/#primaryimage\",\"url\":\"https:\/\/noti-america.com\/site\/ecuador\/wp-content\/uploads\/sites\/18\/2018\/05\/FOTO-POSECI\u00d3N-NUEVA-DEFENSORA-DEL-PUEBLO.jpg\",\"contentUrl\":\"https:\/\/noti-america.com\/site\/ecuador\/wp-content\/uploads\/sites\/18\/2018\/05\/FOTO-POSECI\u00d3N-NUEVA-DEFENSORA-DEL-PUEBLO.jpg\",\"width\":640,\"height\":427,\"caption\":\"La Defensora del Pueblo, durante su aparicio\u0301n ante los medios de comunicacio\u0301n, resalto\u0301 que su trabajo al frente de la entidad se enfocara\u0301 en alcanzar una labor eficaz, eficiente y a\u0301gi\"},{\"@type\":\"BreadcrumbList\",\"@id\":\"https:\/\/noti-america.com\/site\/ecuador\/2018\/05\/09\/defensora-del-pueblo-debemos-fortalecer-la-independencia-institucional-y-gestionar-acciones-coordinadas-por-los-derechos-humanos-en-el-pais\/#breadcrumb\",\"itemListElement\":[{\"@type\":\"ListItem\",\"position\":1,\"name\":\"Portada\",\"item\":\"https:\/\/noti-america.com\/site\/ecuador\/\"},{\"@type\":\"ListItem\",\"position\":2,\"name\":\"Defensora del Pueblo: \u201cDebemos fortalecer la independencia institucional y gestionar acciones coordinadas por los Derechos Humanos en el pa\u00eds\u201d\"}]},{\"@type\":\"WebSite\",\"@id\":\"https:\/\/noti-america.com\/site\/ecuador\/#website\",\"url\":\"https:\/\/noti-america.com\/site\/ecuador\/\",\"name\":\"Ecuador | Noti-America.com\",\"description\":\"\",\"publisher\":{\"@id\":\"https:\/\/noti-america.com\/site\/ecuador\/#organization\"},\"potentialAction\":[{\"@type\":\"SearchAction\",\"target\":{\"@type\":\"EntryPoint\",\"urlTemplate\":\"https:\/\/noti-america.com\/site\/ecuador\/?s={search_term_string}\"},\"query-input\":{\"@type\":\"PropertyValueSpecification\",\"valueRequired\":true,\"valueName\":\"search_term_string\"}}],\"inLanguage\":\"es\"},{\"@type\":\"Organization\",\"@id\":\"https:\/\/noti-america.com\/site\/ecuador\/#organization\",\"name\":\"Noti-America LLC | Ecuador\",\"url\":\"https:\/\/noti-america.com\/site\/ecuador\/\",\"logo\":{\"@type\":\"ImageObject\",\"inLanguage\":\"es\",\"@id\":\"https:\/\/noti-america.com\/site\/ecuador\/#\/schema\/logo\/image\/\",\"url\":\"https:\/\/noti-america.com\/site\/ecuador\/wp-content\/uploads\/sites\/18\/2020\/07\/LogoNA-4x3-1.jpg\",\"contentUrl\":\"https:\/\/noti-america.com\/site\/ecuador\/wp-content\/uploads\/sites\/18\/2020\/07\/LogoNA-4x3-1.jpg\",\"width\":1236,\"height\":1080,\"caption\":\"Noti-America LLC | Ecuador\"},\"image\":{\"@id\":\"https:\/\/noti-america.com\/site\/ecuador\/#\/schema\/logo\/image\/\"},\"sameAs\":[\"https:\/\/x.com\/notiamerica\"]},{\"@type\":\"Person\",\"@id\":\"https:\/\/noti-america.com\/site\/ecuador\/#\/schema\/person\/3b975e42f15abfe64bfe3abdd916efda\",\"name\":\"Gregory Quintana Montiel\",\"image\":{\"@type\":\"ImageObject\",\"inLanguage\":\"es\",\"@id\":\"https:\/\/secure.gravatar.com\/avatar\/2d6b802f7720c2ec7744dcbe608cc2f3417aeb964d58b443c6d612b77531de1d?s=96&d=mm&r=g\",\"url\":\"https:\/\/secure.gravatar.com\/avatar\/2d6b802f7720c2ec7744dcbe608cc2f3417aeb964d58b443c6d612b77531de1d?s=96&d=mm&r=g\",\"contentUrl\":\"https:\/\/secure.gravatar.com\/avatar\/2d6b802f7720c2ec7744dcbe608cc2f3417aeb964d58b443c6d612b77531de1d?s=96&d=mm&r=g\",\"caption\":\"Gregory Quintana Montiel\"},\"description\":\"Licenciatura en Ciencias de la Comunicaci\u00f3n Social, egresado en la Especializaci\u00f3n Derecho Ambiental Desarrollo Sostenible y Sustentable, Miembro de la Comunidad de profesionales y experto para Latinoam\u00e9rica y el Caribe en Gesti\u00f3n por Resultado en el Desarrollo (COPLAC - GpRD) del Banco Interamericano de Desarrollo, experiencia en medios radiales y escritos.\",\"sameAs\":[\"https:\/\/x.com\/gdgregori1\",\"gquintana\"],\"url\":\"https:\/\/noti-america.com\/site\/ecuador\/author\/gquintana\/\"}]}<\/script>\n<!-- \/ Yoast SEO Premium plugin. -->","yoast_head_json":{"title":"Defensora del Pueblo: \u201cDebemos fortalecer la independencia institucional y gestionar acciones coordinadas por los Derechos Humanos en el pa\u00eds\u201d - Ecuador | Noti-America.com","robots":{"index":"index","follow":"follow","max-snippet":"max-snippet:-1","max-image-preview":"max-image-preview:large","max-video-preview":"max-video-preview:-1"},"canonical":"https:\/\/noti-america.com\/site\/ecuador\/2018\/05\/09\/defensora-del-pueblo-debemos-fortalecer-la-independencia-institucional-y-gestionar-acciones-coordinadas-por-los-derechos-humanos-en-el-pais\/","og_locale":"es_ES","og_type":"article","og_title":"Defensora del Pueblo: \u201cDebemos fortalecer la independencia institucional y gestionar acciones coordinadas por los Derechos Humanos en el pa\u00eds\u201d","og_description":"REDACCI\u00d3N NOTI-AM\u00c9RICA (ECUADOR) La ma\u00f1ana del martes 8 de mayo del presente, Gina Benavides Llerena, Defensora del Pueblo, en rueda de prensa, manifest\u00f3 que su gesti\u00f3n se destacar\u00e1 por impulsar una Defensor\u00eda independiente, aut\u00f3noma,&#46;&#46;&#46;","og_url":"https:\/\/noti-america.com\/site\/ecuador\/2018\/05\/09\/defensora-del-pueblo-debemos-fortalecer-la-independencia-institucional-y-gestionar-acciones-coordinadas-por-los-derechos-humanos-en-el-pais\/","og_site_name":"Ecuador | Noti-America.com","article_published_time":"2018-05-09T00:42:58+00:00","article_modified_time":"2018-05-09T00:45:37+00:00","og_image":[{"width":640,"height":427,"url":"https:\/\/noti-america.com\/site\/ecuador\/wp-content\/uploads\/sites\/18\/2018\/05\/FOTO-POSECI\u00d3N-NUEVA-DEFENSORA-DEL-PUEBLO.jpg","type":"image\/jpeg"}],"author":"Gregory Quintana Montiel","twitter_card":"summary_large_image","twitter_creator":"@gdgregori1","twitter_site":"@notiamerica","twitter_misc":{"Escrito por":"Gregory Quintana Montiel","Tiempo estimado de lectura":"2 minutos"},"schema":{"@context":"https:\/\/schema.org","@graph":[{"@type":"Article","@id":"https:\/\/noti-america.com\/site\/ecuador\/2018\/05\/09\/defensora-del-pueblo-debemos-fortalecer-la-independencia-institucional-y-gestionar-acciones-coordinadas-por-los-derechos-humanos-en-el-pais\/#article","isPartOf":{"@id":"https:\/\/noti-america.com\/site\/ecuador\/2018\/05\/09\/defensora-del-pueblo-debemos-fortalecer-la-independencia-institucional-y-gestionar-acciones-coordinadas-por-los-derechos-humanos-en-el-pais\/"},"author":{"name":"Gregory Quintana Montiel","@id":"https:\/\/noti-america.com\/site\/ecuador\/#\/schema\/person\/3b975e42f15abfe64bfe3abdd916efda"},"headline":"Defensora del Pueblo: \u201cDebemos fortalecer la independencia institucional y gestionar acciones coordinadas por los Derechos Humanos en el pa\u00eds\u201d","datePublished":"2018-05-09T00:42:58+00:00","dateModified":"2018-05-09T00:45:37+00:00","mainEntityOfPage":{"@id":"https:\/\/noti-america.com\/site\/ecuador\/2018\/05\/09\/defensora-del-pueblo-debemos-fortalecer-la-independencia-institucional-y-gestionar-acciones-coordinadas-por-los-derechos-humanos-en-el-pais\/"},"wordCount":376,"commentCount":0,"publisher":{"@id":"https:\/\/noti-america.com\/site\/ecuador\/#organization"},"image":{"@id":"https:\/\/noti-america.com\/site\/ecuador\/2018\/05\/09\/defensora-del-pueblo-debemos-fortalecer-la-independencia-institucional-y-gestionar-acciones-coordinadas-por-los-derechos-humanos-en-el-pais\/#primaryimage"},"thumbnailUrl":"https:\/\/noti-america.com\/site\/ecuador\/wp-content\/uploads\/sites\/18\/2018\/05\/FOTO-POSECI\u00d3N-NUEVA-DEFENSORA-DEL-PUEBLO.jpg","articleSection":["Uncategorized"],"inLanguage":"es","potentialAction":[{"@type":"CommentAction","name":"Comment","target":["https:\/\/noti-america.com\/site\/ecuador\/2018\/05\/09\/defensora-del-pueblo-debemos-fortalecer-la-independencia-institucional-y-gestionar-acciones-coordinadas-por-los-derechos-humanos-en-el-pais\/#respond"]}]},{"@type":"WebPage","@id":"https:\/\/noti-america.com\/site\/ecuador\/2018\/05\/09\/defensora-del-pueblo-debemos-fortalecer-la-independencia-institucional-y-gestionar-acciones-coordinadas-por-los-derechos-humanos-en-el-pais\/","url":"https:\/\/noti-america.com\/site\/ecuador\/2018\/05\/09\/defensora-del-pueblo-debemos-fortalecer-la-independencia-institucional-y-gestionar-acciones-coordinadas-por-los-derechos-humanos-en-el-pais\/","name":"Defensora del Pueblo: \u201cDebemos fortalecer la independencia institucional y gestionar acciones coordinadas por los Derechos Humanos en el pa\u00eds\u201d - Ecuador | Noti-America.com","isPartOf":{"@id":"https:\/\/noti-america.com\/site\/ecuador\/#website"},"primaryImageOfPage":{"@id":"https:\/\/noti-america.com\/site\/ecuador\/2018\/05\/09\/defensora-del-pueblo-debemos-fortalecer-la-independencia-institucional-y-gestionar-acciones-coordinadas-por-los-derechos-humanos-en-el-pais\/#primaryimage"},"image":{"@id":"https:\/\/noti-america.com\/site\/ecuador\/2018\/05\/09\/defensora-del-pueblo-debemos-fortalecer-la-independencia-institucional-y-gestionar-acciones-coordinadas-por-los-derechos-humanos-en-el-pais\/#primaryimage"},"thumbnailUrl":"https:\/\/noti-america.com\/site\/ecuador\/wp-content\/uploads\/sites\/18\/2018\/05\/FOTO-POSECI\u00d3N-NUEVA-DEFENSORA-DEL-PUEBLO.jpg","datePublished":"2018-05-09T00:42:58+00:00","dateModified":"2018-05-09T00:45:37+00:00","breadcrumb":{"@id":"https:\/\/noti-america.com\/site\/ecuador\/2018\/05\/09\/defensora-del-pueblo-debemos-fortalecer-la-independencia-institucional-y-gestionar-acciones-coordinadas-por-los-derechos-humanos-en-el-pais\/#breadcrumb"},"inLanguage":"es","potentialAction":[{"@type":"ReadAction","target":["https:\/\/noti-america.com\/site\/ecuador\/2018\/05\/09\/defensora-del-pueblo-debemos-fortalecer-la-independencia-institucional-y-gestionar-acciones-coordinadas-por-los-derechos-humanos-en-el-pais\/"]}]},{"@type":"ImageObject","inLanguage":"es","@id":"https:\/\/noti-america.com\/site\/ecuador\/2018\/05\/09\/defensora-del-pueblo-debemos-fortalecer-la-independencia-institucional-y-gestionar-acciones-coordinadas-por-los-derechos-humanos-en-el-pais\/#primaryimage","url":"https:\/\/noti-america.com\/site\/ecuador\/wp-content\/uploads\/sites\/18\/2018\/05\/FOTO-POSECI\u00d3N-NUEVA-DEFENSORA-DEL-PUEBLO.jpg","contentUrl":"https:\/\/noti-america.com\/site\/ecuador\/wp-content\/uploads\/sites\/18\/2018\/05\/FOTO-POSECI\u00d3N-NUEVA-DEFENSORA-DEL-PUEBLO.jpg","width":640,"height":427,"caption":"La Defensora del Pueblo, durante su aparicio\u0301n ante los medios de comunicacio\u0301n, resalto\u0301 que su trabajo al frente de la entidad se enfocara\u0301 en alcanzar una labor eficaz, eficiente y a\u0301gi"},{"@type":"BreadcrumbList","@id":"https:\/\/noti-america.com\/site\/ecuador\/2018\/05\/09\/defensora-del-pueblo-debemos-fortalecer-la-independencia-institucional-y-gestionar-acciones-coordinadas-por-los-derechos-humanos-en-el-pais\/#breadcrumb","itemListElement":[{"@type":"ListItem","position":1,"name":"Portada","item":"https:\/\/noti-america.com\/site\/ecuador\/"},{"@type":"ListItem","position":2,"name":"Defensora del Pueblo: \u201cDebemos fortalecer la independencia institucional y gestionar acciones coordinadas por los Derechos Humanos en el pa\u00eds\u201d"}]},{"@type":"WebSite","@id":"https:\/\/noti-america.com\/site\/ecuador\/#website","url":"https:\/\/noti-america.com\/site\/ecuador\/","name":"Ecuador | Noti-America.com","description":"","publisher":{"@id":"https:\/\/noti-america.com\/site\/ecuador\/#organization"},"potentialAction":[{"@type":"SearchAction","target":{"@type":"EntryPoint","urlTemplate":"https:\/\/noti-america.com\/site\/ecuador\/?s={search_term_string}"},"query-input":{"@type":"PropertyValueSpecification","valueRequired":true,"valueName":"search_term_string"}}],"inLanguage":"es"},{"@type":"Organization","@id":"https:\/\/noti-america.com\/site\/ecuador\/#organization","name":"Noti-America LLC | Ecuador","url":"https:\/\/noti-america.com\/site\/ecuador\/","logo":{"@type":"ImageObject","inLanguage":"es","@id":"https:\/\/noti-america.com\/site\/ecuador\/#\/schema\/logo\/image\/","url":"https:\/\/noti-america.com\/site\/ecuador\/wp-content\/uploads\/sites\/18\/2020\/07\/LogoNA-4x3-1.jpg","contentUrl":"https:\/\/noti-america.com\/site\/ecuador\/wp-content\/uploads\/sites\/18\/2020\/07\/LogoNA-4x3-1.jpg","width":1236,"height":1080,"caption":"Noti-America LLC | Ecuador"},"image":{"@id":"https:\/\/noti-america.com\/site\/ecuador\/#\/schema\/logo\/image\/"},"sameAs":["https:\/\/x.com\/notiamerica"]},{"@type":"Person","@id":"https:\/\/noti-america.com\/site\/ecuador\/#\/schema\/person\/3b975e42f15abfe64bfe3abdd916efda","name":"Gregory Quintana Montiel","image":{"@type":"ImageObject","inLanguage":"es","@id":"https:\/\/secure.gravatar.com\/avatar\/2d6b802f7720c2ec7744dcbe608cc2f3417aeb964d58b443c6d612b77531de1d?s=96&d=mm&r=g","url":"https:\/\/secure.gravatar.com\/avatar\/2d6b802f7720c2ec7744dcbe608cc2f3417aeb964d58b443c6d612b77531de1d?s=96&d=mm&r=g","contentUrl":"https:\/\/secure.gravatar.com\/avatar\/2d6b802f7720c2ec7744dcbe608cc2f3417aeb964d58b443c6d612b77531de1d?s=96&d=mm&r=g","caption":"Gregory Quintana Montiel"},"description":"Licenciatura en Ciencias de la Comunicaci\u00f3n Social, egresado en la Especializaci\u00f3n Derecho Ambiental Desarrollo Sostenible y Sustentable, Miembro de la Comunidad de profesionales y experto para Latinoam\u00e9rica y el Caribe en Gesti\u00f3n por Resultado en el Desarrollo (COPLAC - GpRD) del Banco Interamericano de Desarrollo, experiencia en medios radiales y escritos.","sameAs":["https:\/\/x.com\/gdgregori1","gquintana"],"url":"https:\/\/noti-america.com\/site\/ecuador\/author\/gquintana\/"}]}},"_links":{"self":[{"href":"https:\/\/noti-america.com\/site\/ecuador\/wp-json\/wp\/v2\/posts\/882","targetHints":{"allow":["GET"]}}],"collection":[{"href":"https:\/\/noti-america.com\/site\/ecuador\/wp-json\/wp\/v2\/posts"}],"about":[{"href":"https:\/\/noti-america.com\/site\/ecuador\/wp-json\/wp\/v2\/types\/post"}],"author":[{"embeddable":true,"href":"https:\/\/noti-america.com\/site\/ecuador\/wp-json\/wp\/v2\/users\/17"}],"replies":[{"embeddable":true,"href":"https:\/\/noti-america.com\/site\/ecuador\/wp-json\/wp\/v2\/comments?post=882"}],"version-history":[{"count":1,"href":"https:\/\/noti-america.com\/site\/ecuador\/wp-json\/wp\/v2\/posts\/882\/revisions"}],"predecessor-version":[{"id":884,"href":"https:\/\/noti-america.com\/site\/ecuador\/wp-json\/wp\/v2\/posts\/882\/revisions\/884"}],"wp:featuredmedia":[{"embeddable":true,"href":"https:\/\/noti-america.com\/site\/ecuador\/wp-json\/wp\/v2\/media\/883"}],"wp:attachment":[{"href":"https:\/\/noti-america.com\/site\/ecuador\/wp-json\/wp\/v2\/media?parent=882"}],"wp:term":[{"taxonomy":"category","embeddable":true,"href":"https:\/\/noti-america.com\/site\/ecuador\/wp-json\/wp\/v2\/categories?post=882"},{"taxonomy":"post_tag","embeddable":true,"href":"https:\/\/noti-america.com\/site\/ecuador\/wp-json\/wp\/v2\/tags?post=882"}],"curies":[{"name":"wp","href":"https:\/\/api.w.org\/{rel}","templated":true}]}}