{"id":8656,"date":"2020-05-18T17:42:34","date_gmt":"2020-05-18T17:42:34","guid":{"rendered":"http:\/\/noti-america.com\/site\/ecuador\/?p=8656"},"modified":"2020-05-18T17:42:34","modified_gmt":"2020-05-18T17:42:34","slug":"ecuador-el-30-de-junio-finalizara-ano-lectivo-para-regimen-sierra-amazonia-2019-2020","status":"publish","type":"post","link":"https:\/\/noti-america.com\/site\/ecuador\/2020\/05\/18\/ecuador-el-30-de-junio-finalizara-ano-lectivo-para-regimen-sierra-amazonia-2019-2020\/","title":{"rendered":"Ecuador: El 30 de junio finalizar\u00e1 a\u00f1o lectivo para r\u00e9gimen Sierra-Amazon\u00eda 2019-2020"},"content":{"rendered":"<p>REDACCI\u00d3N NOTI AM\u00c9RICA (ECUADOR)<\/p>\n<div style=\"width: 860px\" class=\"wp-caption alignnone\"><img loading=\"lazy\" decoding=\"async\" src=\"https:\/\/educacion.gob.ec\/wp-content\/uploads\/2018\/05\/sierra.jpg\" alt=\"\" width=\"850\" height=\"450\" \/><p class=\"wp-caption-text\">Estudiantes del ciclo sierra<\/p><\/div>\n<p style=\"text-align: justify\">El a\u00f1o lectivo para r\u00e9gimen Sierra-Amazon\u00eda 2019-2020, finalizar\u00e1 el 30 de junio, por lo que el Ministerio de Educaci\u00f3n dio a conocer los lineamientos a las distintas zonas del pa\u00eds, todo en el marco de la emergencia sanitaria por la Covid-19.<\/p>\n<p style=\"text-align: justify\">Los alumnos de 2.\u00b0 de Educaci\u00f3n General B\u00e1sica hasta 3.\u00b0 de Bachillerato deber\u00e1n presentar el Portafolio del estudiante, el cual es el \u00fanico medio de verificaci\u00f3n del proceso de ense\u00f1anza-aprendizaje que ser\u00e1 recibido y valorado por el docente tutor de cada grado o curso.<\/p>\n<p style=\"text-align: justify\">Este Portafolio deber\u00e1 ser entregado por parte de los padres, madres o representantes legales, a fin de precautelar la seguridad de los estudiantes, para lo cual las instituciones educativas de sostenimiento fiscal y fiscomisional deber\u00e1n tomar las medidas de bioseguridad y distanciamiento.<\/p>\n<p style=\"text-align: justify\">La recepci\u00f3n ser\u00e1 de la siguiente manera:<\/p>\n<ul style=\"text-align: justify\">\n<li>Del 18 al 21 de mayo, estudiantes de 3.\u00b0 de Bachillerato.<\/li>\n<li>Del 01 al 7 de julio, estudiantes de 2.\u00b0 de EGB a 2.\u00b0 de Bachillerato.<\/li>\n<li>Los ni\u00f1os de Educaci\u00f3n Inicial, Subnivel 2 y Preparatoria \u2013 1.\u00b0 de EGB no deben presentar el Portafolio, su promoci\u00f3n al grado inmediato superior ser\u00e1 autom\u00e1tica.<\/li>\n<\/ul>\n<p style=\"text-align: justify\">Mientras que las instituciones educativas particulares y municipales podr\u00e1n hacer llegar el Portafolio en formato f\u00edsico o digital, a trav\u00e9s de los mecanismos que establezcan, respetando las medidas de seguridad.<\/p>\n<p style=\"text-align: justify\">El Proyecto de Grado de los estudiantes de 3.\u00b0 de Bachillerato ser\u00e1n recibidos del 09 al 15 de julio, los alumnos exonerados no tendr\u00e1n que hacerlo.<\/p>\n<p style=\"text-align: justify\">Cabe se\u00f1alar que los estudiantes que no obtuvieron el puntaje requerido, \u00fanicamente por este a\u00f1o no rendir\u00e1n ex\u00e1menes supletorios, remediales y de gracia; en su lugar, realizar\u00e1n un proyecto o trabajo escrito.<\/p>\n<p style=\"text-align: justify\">A partir del 24 de julio los estudiantes de 3.\u00b0 de Bachillerato podr\u00e1n descargar el documento \u201cCertificado de Registro de T\u00edtulo de Bachiller\u201d en la p\u00e1gina:\u00a0<a href=\"https:\/\/servicios.educacion.gob.ec\/titulacion25-web\">https:\/\/servicios.educacion.gob.ec\/titulacion25-web<\/a>. Este certificado ser\u00e1 equivalente al T\u00edtulo de Bachiller.<\/p>\n","protected":false},"excerpt":{"rendered":"<p>REDACCI\u00d3N NOTI AM\u00c9RICA (ECUADOR) El a\u00f1o lectivo para r\u00e9gimen Sierra-Amazon\u00eda 2019-2020, finalizar\u00e1 el 30 de junio, por lo que el Ministerio de Educaci\u00f3n dio a conocer los lineamientos a las distintas zonas del pa\u00eds,&#46;&#46;&#46;<\/p>\n","protected":false},"author":17,"featured_media":8657,"comment_status":"open","ping_status":"open","sticky":false,"template":"","format":"standard","meta":{"_acf_changed":false,"om_disable_all_campaigns":false,"rop_custom_images_group":[],"rop_custom_messages_group":[],"rop_publish_now":"initial","rop_publish_now_accounts":{"twitter_242054905_242054905":""},"rop_publish_now_history":[],"rop_publish_now_status":"pending","_uf_show_specific_survey":0,"_uf_disable_surveys":false,"footnotes":""},"categories":[103],"tags":[],"class_list":["post-8656","post","type-post","status-publish","format-standard","has-post-thumbnail","hentry","category-educacion"],"acf":[],"aioseo_notices":[],"yoast_head":"<!-- This site is optimized with the Yoast SEO Premium plugin v24.9 (Yoast SEO v27.2) - https:\/\/yoast.com\/product\/yoast-seo-premium-wordpress\/ -->\n<title>Ecuador: El 30 de junio finalizar\u00e1 a\u00f1o lectivo para r\u00e9gimen Sierra-Amazon\u00eda 2019-2020 - Ecuador | Noti-America.com<\/title>\n<meta name=\"robots\" content=\"index, follow, max-snippet:-1, max-image-preview:large, max-video-preview:-1\" \/>\n<link rel=\"canonical\" href=\"https:\/\/noti-america.com\/site\/ecuador\/2020\/05\/18\/ecuador-el-30-de-junio-finalizara-ano-lectivo-para-regimen-sierra-amazonia-2019-2020\/\" \/>\n<meta property=\"og:locale\" content=\"es_ES\" \/>\n<meta property=\"og:type\" content=\"article\" \/>\n<meta property=\"og:title\" content=\"Ecuador: El 30 de junio finalizar\u00e1 a\u00f1o lectivo para r\u00e9gimen Sierra-Amazon\u00eda 2019-2020\" \/>\n<meta property=\"og:description\" content=\"REDACCI\u00d3N NOTI AM\u00c9RICA (ECUADOR) El a\u00f1o lectivo para r\u00e9gimen Sierra-Amazon\u00eda 2019-2020, finalizar\u00e1 el 30 de junio, por lo que el Ministerio de Educaci\u00f3n dio a conocer los lineamientos a las distintas zonas del pa\u00eds,&#046;&#046;&#046;\" \/>\n<meta property=\"og:url\" content=\"https:\/\/noti-america.com\/site\/ecuador\/2020\/05\/18\/ecuador-el-30-de-junio-finalizara-ano-lectivo-para-regimen-sierra-amazonia-2019-2020\/\" \/>\n<meta property=\"og:site_name\" content=\"Ecuador | Noti-America.com\" \/>\n<meta property=\"article:published_time\" content=\"2020-05-18T17:42:34+00:00\" \/>\n<meta property=\"og:image\" content=\"https:\/\/noti-america.com\/site\/ecuador\/wp-content\/uploads\/sites\/18\/2020\/05\/estudiantes-de-la-sierra.jpg\" \/>\n\t<meta property=\"og:image:width\" content=\"850\" \/>\n\t<meta property=\"og:image:height\" content=\"450\" \/>\n\t<meta property=\"og:image:type\" content=\"image\/jpeg\" \/>\n<meta name=\"author\" content=\"Gregory Quintana Montiel\" \/>\n<meta name=\"twitter:card\" content=\"summary_large_image\" \/>\n<meta name=\"twitter:creator\" content=\"@gdgregori1\" \/>\n<meta name=\"twitter:site\" content=\"@notiamerica\" \/>\n<meta name=\"twitter:label1\" content=\"Escrito por\" \/>\n\t<meta name=\"twitter:data1\" content=\"Gregory Quintana Montiel\" \/>\n\t<meta name=\"twitter:label2\" content=\"Tiempo estimado de lectura\" \/>\n\t<meta name=\"twitter:data2\" content=\"2 minutos\" \/>\n<script type=\"application\/ld+json\" class=\"yoast-schema-graph\">{\"@context\":\"https:\/\/schema.org\",\"@graph\":[{\"@type\":\"Article\",\"@id\":\"https:\/\/noti-america.com\/site\/ecuador\/2020\/05\/18\/ecuador-el-30-de-junio-finalizara-ano-lectivo-para-regimen-sierra-amazonia-2019-2020\/#article\",\"isPartOf\":{\"@id\":\"https:\/\/noti-america.com\/site\/ecuador\/2020\/05\/18\/ecuador-el-30-de-junio-finalizara-ano-lectivo-para-regimen-sierra-amazonia-2019-2020\/\"},\"author\":{\"name\":\"Gregory Quintana Montiel\",\"@id\":\"https:\/\/noti-america.com\/site\/ecuador\/#\/schema\/person\/3b975e42f15abfe64bfe3abdd916efda\"},\"headline\":\"Ecuador: El 30 de junio finalizar\u00e1 a\u00f1o lectivo para r\u00e9gimen Sierra-Amazon\u00eda 2019-2020\",\"datePublished\":\"2020-05-18T17:42:34+00:00\",\"mainEntityOfPage\":{\"@id\":\"https:\/\/noti-america.com\/site\/ecuador\/2020\/05\/18\/ecuador-el-30-de-junio-finalizara-ano-lectivo-para-regimen-sierra-amazonia-2019-2020\/\"},\"wordCount\":357,\"commentCount\":0,\"publisher\":{\"@id\":\"https:\/\/noti-america.com\/site\/ecuador\/#organization\"},\"image\":{\"@id\":\"https:\/\/noti-america.com\/site\/ecuador\/2020\/05\/18\/ecuador-el-30-de-junio-finalizara-ano-lectivo-para-regimen-sierra-amazonia-2019-2020\/#primaryimage\"},\"thumbnailUrl\":\"https:\/\/noti-america.com\/site\/ecuador\/wp-content\/uploads\/sites\/18\/2020\/05\/estudiantes-de-la-sierra.jpg\",\"articleSection\":[\"Educaci\u00f3n\"],\"inLanguage\":\"es\",\"potentialAction\":[{\"@type\":\"CommentAction\",\"name\":\"Comment\",\"target\":[\"https:\/\/noti-america.com\/site\/ecuador\/2020\/05\/18\/ecuador-el-30-de-junio-finalizara-ano-lectivo-para-regimen-sierra-amazonia-2019-2020\/#respond\"]}]},{\"@type\":\"WebPage\",\"@id\":\"https:\/\/noti-america.com\/site\/ecuador\/2020\/05\/18\/ecuador-el-30-de-junio-finalizara-ano-lectivo-para-regimen-sierra-amazonia-2019-2020\/\",\"url\":\"https:\/\/noti-america.com\/site\/ecuador\/2020\/05\/18\/ecuador-el-30-de-junio-finalizara-ano-lectivo-para-regimen-sierra-amazonia-2019-2020\/\",\"name\":\"Ecuador: El 30 de junio finalizar\u00e1 a\u00f1o lectivo para r\u00e9gimen Sierra-Amazon\u00eda 2019-2020 - Ecuador | Noti-America.com\",\"isPartOf\":{\"@id\":\"https:\/\/noti-america.com\/site\/ecuador\/#website\"},\"primaryImageOfPage\":{\"@id\":\"https:\/\/noti-america.com\/site\/ecuador\/2020\/05\/18\/ecuador-el-30-de-junio-finalizara-ano-lectivo-para-regimen-sierra-amazonia-2019-2020\/#primaryimage\"},\"image\":{\"@id\":\"https:\/\/noti-america.com\/site\/ecuador\/2020\/05\/18\/ecuador-el-30-de-junio-finalizara-ano-lectivo-para-regimen-sierra-amazonia-2019-2020\/#primaryimage\"},\"thumbnailUrl\":\"https:\/\/noti-america.com\/site\/ecuador\/wp-content\/uploads\/sites\/18\/2020\/05\/estudiantes-de-la-sierra.jpg\",\"datePublished\":\"2020-05-18T17:42:34+00:00\",\"breadcrumb\":{\"@id\":\"https:\/\/noti-america.com\/site\/ecuador\/2020\/05\/18\/ecuador-el-30-de-junio-finalizara-ano-lectivo-para-regimen-sierra-amazonia-2019-2020\/#breadcrumb\"},\"inLanguage\":\"es\",\"potentialAction\":[{\"@type\":\"ReadAction\",\"target\":[\"https:\/\/noti-america.com\/site\/ecuador\/2020\/05\/18\/ecuador-el-30-de-junio-finalizara-ano-lectivo-para-regimen-sierra-amazonia-2019-2020\/\"]}]},{\"@type\":\"ImageObject\",\"inLanguage\":\"es\",\"@id\":\"https:\/\/noti-america.com\/site\/ecuador\/2020\/05\/18\/ecuador-el-30-de-junio-finalizara-ano-lectivo-para-regimen-sierra-amazonia-2019-2020\/#primaryimage\",\"url\":\"https:\/\/noti-america.com\/site\/ecuador\/wp-content\/uploads\/sites\/18\/2020\/05\/estudiantes-de-la-sierra.jpg\",\"contentUrl\":\"https:\/\/noti-america.com\/site\/ecuador\/wp-content\/uploads\/sites\/18\/2020\/05\/estudiantes-de-la-sierra.jpg\",\"width\":850,\"height\":450},{\"@type\":\"BreadcrumbList\",\"@id\":\"https:\/\/noti-america.com\/site\/ecuador\/2020\/05\/18\/ecuador-el-30-de-junio-finalizara-ano-lectivo-para-regimen-sierra-amazonia-2019-2020\/#breadcrumb\",\"itemListElement\":[{\"@type\":\"ListItem\",\"position\":1,\"name\":\"Portada\",\"item\":\"https:\/\/noti-america.com\/site\/ecuador\/\"},{\"@type\":\"ListItem\",\"position\":2,\"name\":\"Ecuador: El 30 de junio finalizar\u00e1 a\u00f1o lectivo para r\u00e9gimen Sierra-Amazon\u00eda 2019-2020\"}]},{\"@type\":\"WebSite\",\"@id\":\"https:\/\/noti-america.com\/site\/ecuador\/#website\",\"url\":\"https:\/\/noti-america.com\/site\/ecuador\/\",\"name\":\"Ecuador | Noti-America.com\",\"description\":\"\",\"publisher\":{\"@id\":\"https:\/\/noti-america.com\/site\/ecuador\/#organization\"},\"potentialAction\":[{\"@type\":\"SearchAction\",\"target\":{\"@type\":\"EntryPoint\",\"urlTemplate\":\"https:\/\/noti-america.com\/site\/ecuador\/?s={search_term_string}\"},\"query-input\":{\"@type\":\"PropertyValueSpecification\",\"valueRequired\":true,\"valueName\":\"search_term_string\"}}],\"inLanguage\":\"es\"},{\"@type\":\"Organization\",\"@id\":\"https:\/\/noti-america.com\/site\/ecuador\/#organization\",\"name\":\"Noti-America LLC | Ecuador\",\"url\":\"https:\/\/noti-america.com\/site\/ecuador\/\",\"logo\":{\"@type\":\"ImageObject\",\"inLanguage\":\"es\",\"@id\":\"https:\/\/noti-america.com\/site\/ecuador\/#\/schema\/logo\/image\/\",\"url\":\"https:\/\/noti-america.com\/site\/ecuador\/wp-content\/uploads\/sites\/18\/2020\/07\/LogoNA-4x3-1.jpg\",\"contentUrl\":\"https:\/\/noti-america.com\/site\/ecuador\/wp-content\/uploads\/sites\/18\/2020\/07\/LogoNA-4x3-1.jpg\",\"width\":1236,\"height\":1080,\"caption\":\"Noti-America LLC | Ecuador\"},\"image\":{\"@id\":\"https:\/\/noti-america.com\/site\/ecuador\/#\/schema\/logo\/image\/\"},\"sameAs\":[\"https:\/\/x.com\/notiamerica\"]},{\"@type\":\"Person\",\"@id\":\"https:\/\/noti-america.com\/site\/ecuador\/#\/schema\/person\/3b975e42f15abfe64bfe3abdd916efda\",\"name\":\"Gregory Quintana Montiel\",\"image\":{\"@type\":\"ImageObject\",\"inLanguage\":\"es\",\"@id\":\"https:\/\/secure.gravatar.com\/avatar\/2d6b802f7720c2ec7744dcbe608cc2f3417aeb964d58b443c6d612b77531de1d?s=96&d=mm&r=g\",\"url\":\"https:\/\/secure.gravatar.com\/avatar\/2d6b802f7720c2ec7744dcbe608cc2f3417aeb964d58b443c6d612b77531de1d?s=96&d=mm&r=g\",\"contentUrl\":\"https:\/\/secure.gravatar.com\/avatar\/2d6b802f7720c2ec7744dcbe608cc2f3417aeb964d58b443c6d612b77531de1d?s=96&d=mm&r=g\",\"caption\":\"Gregory Quintana Montiel\"},\"description\":\"Licenciatura en Ciencias de la Comunicaci\u00f3n Social, egresado en la Especializaci\u00f3n Derecho Ambiental Desarrollo Sostenible y Sustentable, Miembro de la Comunidad de profesionales y experto para Latinoam\u00e9rica y el Caribe en Gesti\u00f3n por Resultado en el Desarrollo (COPLAC - GpRD) del Banco Interamericano de Desarrollo, experiencia en medios radiales y escritos.\",\"sameAs\":[\"https:\/\/x.com\/gdgregori1\",\"gquintana\"],\"url\":\"https:\/\/noti-america.com\/site\/ecuador\/author\/gquintana\/\"}]}<\/script>\n<!-- \/ Yoast SEO Premium plugin. -->","yoast_head_json":{"title":"Ecuador: El 30 de junio finalizar\u00e1 a\u00f1o lectivo para r\u00e9gimen Sierra-Amazon\u00eda 2019-2020 - Ecuador | Noti-America.com","robots":{"index":"index","follow":"follow","max-snippet":"max-snippet:-1","max-image-preview":"max-image-preview:large","max-video-preview":"max-video-preview:-1"},"canonical":"https:\/\/noti-america.com\/site\/ecuador\/2020\/05\/18\/ecuador-el-30-de-junio-finalizara-ano-lectivo-para-regimen-sierra-amazonia-2019-2020\/","og_locale":"es_ES","og_type":"article","og_title":"Ecuador: El 30 de junio finalizar\u00e1 a\u00f1o lectivo para r\u00e9gimen Sierra-Amazon\u00eda 2019-2020","og_description":"REDACCI\u00d3N NOTI AM\u00c9RICA (ECUADOR) El a\u00f1o lectivo para r\u00e9gimen Sierra-Amazon\u00eda 2019-2020, finalizar\u00e1 el 30 de junio, por lo que el Ministerio de Educaci\u00f3n dio a conocer los lineamientos a las distintas zonas del pa\u00eds,&#46;&#46;&#46;","og_url":"https:\/\/noti-america.com\/site\/ecuador\/2020\/05\/18\/ecuador-el-30-de-junio-finalizara-ano-lectivo-para-regimen-sierra-amazonia-2019-2020\/","og_site_name":"Ecuador | Noti-America.com","article_published_time":"2020-05-18T17:42:34+00:00","og_image":[{"width":850,"height":450,"url":"https:\/\/noti-america.com\/site\/ecuador\/wp-content\/uploads\/sites\/18\/2020\/05\/estudiantes-de-la-sierra.jpg","type":"image\/jpeg"}],"author":"Gregory Quintana Montiel","twitter_card":"summary_large_image","twitter_creator":"@gdgregori1","twitter_site":"@notiamerica","twitter_misc":{"Escrito por":"Gregory Quintana Montiel","Tiempo estimado de lectura":"2 minutos"},"schema":{"@context":"https:\/\/schema.org","@graph":[{"@type":"Article","@id":"https:\/\/noti-america.com\/site\/ecuador\/2020\/05\/18\/ecuador-el-30-de-junio-finalizara-ano-lectivo-para-regimen-sierra-amazonia-2019-2020\/#article","isPartOf":{"@id":"https:\/\/noti-america.com\/site\/ecuador\/2020\/05\/18\/ecuador-el-30-de-junio-finalizara-ano-lectivo-para-regimen-sierra-amazonia-2019-2020\/"},"author":{"name":"Gregory Quintana Montiel","@id":"https:\/\/noti-america.com\/site\/ecuador\/#\/schema\/person\/3b975e42f15abfe64bfe3abdd916efda"},"headline":"Ecuador: El 30 de junio finalizar\u00e1 a\u00f1o lectivo para r\u00e9gimen Sierra-Amazon\u00eda 2019-2020","datePublished":"2020-05-18T17:42:34+00:00","mainEntityOfPage":{"@id":"https:\/\/noti-america.com\/site\/ecuador\/2020\/05\/18\/ecuador-el-30-de-junio-finalizara-ano-lectivo-para-regimen-sierra-amazonia-2019-2020\/"},"wordCount":357,"commentCount":0,"publisher":{"@id":"https:\/\/noti-america.com\/site\/ecuador\/#organization"},"image":{"@id":"https:\/\/noti-america.com\/site\/ecuador\/2020\/05\/18\/ecuador-el-30-de-junio-finalizara-ano-lectivo-para-regimen-sierra-amazonia-2019-2020\/#primaryimage"},"thumbnailUrl":"https:\/\/noti-america.com\/site\/ecuador\/wp-content\/uploads\/sites\/18\/2020\/05\/estudiantes-de-la-sierra.jpg","articleSection":["Educaci\u00f3n"],"inLanguage":"es","potentialAction":[{"@type":"CommentAction","name":"Comment","target":["https:\/\/noti-america.com\/site\/ecuador\/2020\/05\/18\/ecuador-el-30-de-junio-finalizara-ano-lectivo-para-regimen-sierra-amazonia-2019-2020\/#respond"]}]},{"@type":"WebPage","@id":"https:\/\/noti-america.com\/site\/ecuador\/2020\/05\/18\/ecuador-el-30-de-junio-finalizara-ano-lectivo-para-regimen-sierra-amazonia-2019-2020\/","url":"https:\/\/noti-america.com\/site\/ecuador\/2020\/05\/18\/ecuador-el-30-de-junio-finalizara-ano-lectivo-para-regimen-sierra-amazonia-2019-2020\/","name":"Ecuador: El 30 de junio finalizar\u00e1 a\u00f1o lectivo para r\u00e9gimen Sierra-Amazon\u00eda 2019-2020 - Ecuador | Noti-America.com","isPartOf":{"@id":"https:\/\/noti-america.com\/site\/ecuador\/#website"},"primaryImageOfPage":{"@id":"https:\/\/noti-america.com\/site\/ecuador\/2020\/05\/18\/ecuador-el-30-de-junio-finalizara-ano-lectivo-para-regimen-sierra-amazonia-2019-2020\/#primaryimage"},"image":{"@id":"https:\/\/noti-america.com\/site\/ecuador\/2020\/05\/18\/ecuador-el-30-de-junio-finalizara-ano-lectivo-para-regimen-sierra-amazonia-2019-2020\/#primaryimage"},"thumbnailUrl":"https:\/\/noti-america.com\/site\/ecuador\/wp-content\/uploads\/sites\/18\/2020\/05\/estudiantes-de-la-sierra.jpg","datePublished":"2020-05-18T17:42:34+00:00","breadcrumb":{"@id":"https:\/\/noti-america.com\/site\/ecuador\/2020\/05\/18\/ecuador-el-30-de-junio-finalizara-ano-lectivo-para-regimen-sierra-amazonia-2019-2020\/#breadcrumb"},"inLanguage":"es","potentialAction":[{"@type":"ReadAction","target":["https:\/\/noti-america.com\/site\/ecuador\/2020\/05\/18\/ecuador-el-30-de-junio-finalizara-ano-lectivo-para-regimen-sierra-amazonia-2019-2020\/"]}]},{"@type":"ImageObject","inLanguage":"es","@id":"https:\/\/noti-america.com\/site\/ecuador\/2020\/05\/18\/ecuador-el-30-de-junio-finalizara-ano-lectivo-para-regimen-sierra-amazonia-2019-2020\/#primaryimage","url":"https:\/\/noti-america.com\/site\/ecuador\/wp-content\/uploads\/sites\/18\/2020\/05\/estudiantes-de-la-sierra.jpg","contentUrl":"https:\/\/noti-america.com\/site\/ecuador\/wp-content\/uploads\/sites\/18\/2020\/05\/estudiantes-de-la-sierra.jpg","width":850,"height":450},{"@type":"BreadcrumbList","@id":"https:\/\/noti-america.com\/site\/ecuador\/2020\/05\/18\/ecuador-el-30-de-junio-finalizara-ano-lectivo-para-regimen-sierra-amazonia-2019-2020\/#breadcrumb","itemListElement":[{"@type":"ListItem","position":1,"name":"Portada","item":"https:\/\/noti-america.com\/site\/ecuador\/"},{"@type":"ListItem","position":2,"name":"Ecuador: El 30 de junio finalizar\u00e1 a\u00f1o lectivo para r\u00e9gimen Sierra-Amazon\u00eda 2019-2020"}]},{"@type":"WebSite","@id":"https:\/\/noti-america.com\/site\/ecuador\/#website","url":"https:\/\/noti-america.com\/site\/ecuador\/","name":"Ecuador | Noti-America.com","description":"","publisher":{"@id":"https:\/\/noti-america.com\/site\/ecuador\/#organization"},"potentialAction":[{"@type":"SearchAction","target":{"@type":"EntryPoint","urlTemplate":"https:\/\/noti-america.com\/site\/ecuador\/?s={search_term_string}"},"query-input":{"@type":"PropertyValueSpecification","valueRequired":true,"valueName":"search_term_string"}}],"inLanguage":"es"},{"@type":"Organization","@id":"https:\/\/noti-america.com\/site\/ecuador\/#organization","name":"Noti-America LLC | Ecuador","url":"https:\/\/noti-america.com\/site\/ecuador\/","logo":{"@type":"ImageObject","inLanguage":"es","@id":"https:\/\/noti-america.com\/site\/ecuador\/#\/schema\/logo\/image\/","url":"https:\/\/noti-america.com\/site\/ecuador\/wp-content\/uploads\/sites\/18\/2020\/07\/LogoNA-4x3-1.jpg","contentUrl":"https:\/\/noti-america.com\/site\/ecuador\/wp-content\/uploads\/sites\/18\/2020\/07\/LogoNA-4x3-1.jpg","width":1236,"height":1080,"caption":"Noti-America LLC | Ecuador"},"image":{"@id":"https:\/\/noti-america.com\/site\/ecuador\/#\/schema\/logo\/image\/"},"sameAs":["https:\/\/x.com\/notiamerica"]},{"@type":"Person","@id":"https:\/\/noti-america.com\/site\/ecuador\/#\/schema\/person\/3b975e42f15abfe64bfe3abdd916efda","name":"Gregory Quintana Montiel","image":{"@type":"ImageObject","inLanguage":"es","@id":"https:\/\/secure.gravatar.com\/avatar\/2d6b802f7720c2ec7744dcbe608cc2f3417aeb964d58b443c6d612b77531de1d?s=96&d=mm&r=g","url":"https:\/\/secure.gravatar.com\/avatar\/2d6b802f7720c2ec7744dcbe608cc2f3417aeb964d58b443c6d612b77531de1d?s=96&d=mm&r=g","contentUrl":"https:\/\/secure.gravatar.com\/avatar\/2d6b802f7720c2ec7744dcbe608cc2f3417aeb964d58b443c6d612b77531de1d?s=96&d=mm&r=g","caption":"Gregory Quintana Montiel"},"description":"Licenciatura en Ciencias de la Comunicaci\u00f3n Social, egresado en la Especializaci\u00f3n Derecho Ambiental Desarrollo Sostenible y Sustentable, Miembro de la Comunidad de profesionales y experto para Latinoam\u00e9rica y el Caribe en Gesti\u00f3n por Resultado en el Desarrollo (COPLAC - GpRD) del Banco Interamericano de Desarrollo, experiencia en medios radiales y escritos.","sameAs":["https:\/\/x.com\/gdgregori1","gquintana"],"url":"https:\/\/noti-america.com\/site\/ecuador\/author\/gquintana\/"}]}},"_links":{"self":[{"href":"https:\/\/noti-america.com\/site\/ecuador\/wp-json\/wp\/v2\/posts\/8656","targetHints":{"allow":["GET"]}}],"collection":[{"href":"https:\/\/noti-america.com\/site\/ecuador\/wp-json\/wp\/v2\/posts"}],"about":[{"href":"https:\/\/noti-america.com\/site\/ecuador\/wp-json\/wp\/v2\/types\/post"}],"author":[{"embeddable":true,"href":"https:\/\/noti-america.com\/site\/ecuador\/wp-json\/wp\/v2\/users\/17"}],"replies":[{"embeddable":true,"href":"https:\/\/noti-america.com\/site\/ecuador\/wp-json\/wp\/v2\/comments?post=8656"}],"version-history":[{"count":1,"href":"https:\/\/noti-america.com\/site\/ecuador\/wp-json\/wp\/v2\/posts\/8656\/revisions"}],"predecessor-version":[{"id":8658,"href":"https:\/\/noti-america.com\/site\/ecuador\/wp-json\/wp\/v2\/posts\/8656\/revisions\/8658"}],"wp:featuredmedia":[{"embeddable":true,"href":"https:\/\/noti-america.com\/site\/ecuador\/wp-json\/wp\/v2\/media\/8657"}],"wp:attachment":[{"href":"https:\/\/noti-america.com\/site\/ecuador\/wp-json\/wp\/v2\/media?parent=8656"}],"wp:term":[{"taxonomy":"category","embeddable":true,"href":"https:\/\/noti-america.com\/site\/ecuador\/wp-json\/wp\/v2\/categories?post=8656"},{"taxonomy":"post_tag","embeddable":true,"href":"https:\/\/noti-america.com\/site\/ecuador\/wp-json\/wp\/v2\/tags?post=8656"}],"curies":[{"name":"wp","href":"https:\/\/api.w.org\/{rel}","templated":true}]}}