{"id":8481,"date":"2020-05-12T07:50:33","date_gmt":"2020-05-12T07:50:33","guid":{"rendered":"http:\/\/noti-america.com\/site\/ecuador\/?p=8481"},"modified":"2020-05-12T07:50:33","modified_gmt":"2020-05-12T07:50:33","slug":"daule-entra-en-amarillo-a-partir-de-hoy","status":"publish","type":"post","link":"https:\/\/noti-america.com\/site\/ecuador\/2020\/05\/12\/daule-entra-en-amarillo-a-partir-de-hoy\/","title":{"rendered":"Daule entra en amarillo a partir de hoy"},"content":{"rendered":"<p style=\"text-align: justify\"><strong>REDACCI\u00d3N NOTI-AM\u00c9RICA (ECUADOR)<\/strong><\/p>\n<div id=\"attachment_8482\" style=\"width: 844px\" class=\"wp-caption alignnone\"><img loading=\"lazy\" decoding=\"async\" aria-describedby=\"caption-attachment-8482\" class=\" wp-image-8482\" src=\"http:\/\/noti-america.com\/site\/ecuador\/wp-content\/uploads\/sites\/18\/2020\/05\/Sem\u00e1foro_Amarillo_Daule1-300x109.jpg\" alt=\"\" width=\"834\" height=\"303\" srcset=\"https:\/\/noti-america.com\/site\/ecuador\/wp-content\/uploads\/sites\/18\/2020\/05\/Sem\u00e1foro_Amarillo_Daule1-300x109.jpg 300w, https:\/\/noti-america.com\/site\/ecuador\/wp-content\/uploads\/sites\/18\/2020\/05\/Sem\u00e1foro_Amarillo_Daule1-1024x371.jpg 1024w, https:\/\/noti-america.com\/site\/ecuador\/wp-content\/uploads\/sites\/18\/2020\/05\/Sem\u00e1foro_Amarillo_Daule1-768x278.jpg 768w, https:\/\/noti-america.com\/site\/ecuador\/wp-content\/uploads\/sites\/18\/2020\/05\/Sem\u00e1foro_Amarillo_Daule1.jpg 1259w\" sizes=\"auto, (max-width: 834px) 100vw, 834px\" \/><p id=\"caption-attachment-8482\" class=\"wp-caption-text\"><strong>En Daule, los due\u00f1os de automotores tendr\u00e1n dos d\u00edas para circular, pero solo en su cant\u00f3n. Un d\u00eda podr\u00e1n pasar a Guayaquil u otras localidades.<\/strong><\/p><\/div>\n<p style=\"text-align: justify\">Desde hoy, martes 12 de mayo de 2020, Daule se convierte en el primer cant\u00f3n de la provincia del Guayas, y segundo en el pa\u00eds, en pasar a amarillo, mientras el resto se mantienen en rojo en el proceso de semaforizaci\u00f3n vigente en Ecuador por la emergencia sanitaria del Covid-19.<\/p>\n<p style=\"text-align: justify\">Con esta medida, el toque de queda regir\u00e1 desde las 18:00 hasta las 05:00 en esta localidad; no obstante, en los 219 restantes seguir\u00e1n de 14:00 a 05:00. Ayer la ciudad de Palora, en Morona Santiago, se convirti\u00f3 en la primera en cambiar de color.<\/p>\n<div id=\"attachment_8483\" style=\"width: 389px\" class=\"wp-caption alignleft\"><img loading=\"lazy\" decoding=\"async\" aria-describedby=\"caption-attachment-8483\" class=\" wp-image-8483\" src=\"http:\/\/noti-america.com\/site\/ecuador\/wp-content\/uploads\/sites\/18\/2020\/05\/Sem\u00e1foro_Amarillo_Daule-205x300.jpg\" alt=\"\" width=\"379\" height=\"555\" srcset=\"https:\/\/noti-america.com\/site\/ecuador\/wp-content\/uploads\/sites\/18\/2020\/05\/Sem\u00e1foro_Amarillo_Daule-205x300.jpg 205w, https:\/\/noti-america.com\/site\/ecuador\/wp-content\/uploads\/sites\/18\/2020\/05\/Sem\u00e1foro_Amarillo_Daule.jpg 369w\" sizes=\"auto, (max-width: 379px) 100vw, 379px\" \/><p id=\"caption-attachment-8483\" class=\"wp-caption-text\"><strong>En Daule se aplicar\u00e1 la restricci\u00f3n vehicular dispuesta por el Comit\u00e9 de Operaciones de Emergencia (COE) Nacional, seg\u00fan las publicaciones en las cuentas oficiales de la Alcald\u00eda.<\/strong><\/p><\/div>\n<p style=\"text-align: justify\">Sin embargo, hasta este lunes 11 de mayo, el reajuste del calendario de circulaci\u00f3n se dio frente al malestar de ciudadanos de las urbanizaciones de la parroquia La Aurora expresado en redes sociales.<\/p>\n<p style=\"text-align: justify\">Inicialmente, El Municipio de Daule hab\u00eda anunciado aplicar un calendario que fue ajustado para estar alineado con la restricci\u00f3n en Guayaquil, pero en horas de la noche se public\u00f3 otro en las cuentas de las redes sociales de dicha instituci\u00f3n.<\/p>\n<p style=\"text-align: justify\">Es as\u00ed que primero se present\u00f3 el calendario modificado propuesto, el pasado fin de semana, por el GAD municipal, es decir, los veh\u00edculos cuyas placas culminen en d\u00edgito 1,2,3 y 4 pod\u00edan movilizarse los lunes; en 3,4 y 5, los martes; en 5,6,7 y 8, los mi\u00e9rcoles.<\/p>\n<p style=\"text-align: justify\">Los jueves pod\u00edan circular las placas 7,8 y 9; los viernes, 6,9 y 0; los s\u00e1bados 0, 1 y 2; y los domingos solo pod\u00edan circular los veh\u00edculos con salvoconductos.<\/p>\n<p style=\"text-align: justify\">Luego, en las cuentas oficiales de la Alcald\u00eda de Daule, publicaron el dispuesto por el Comit\u00e9 de Operaciones de Emergencia (COE) Nacional: los veh\u00edculos cuyas placas terminen con d\u00edgitos 1, 2, 3 y 0 pod\u00edan circular los lunes y jueves; martes y viernes, 4, 5 y 6; mi\u00e9rcoles y s\u00e1bado, 7, 8 y 9; mientras que los domingos no habr\u00eda circulaci\u00f3n vehicular.<\/p>\n<p style=\"text-align: justify\">Sin embargo, en ambos casos se mantienen las restricciones generales del color amarillo, como el toque de queda (pero desde las 18:00), suspensi\u00f3n de transporte interprovincial, entre otras. Solo funcionar\u00e1 el transporte urbano e interparroquial.<\/p>\n<div id=\"attachment_8484\" style=\"width: 570px\" class=\"wp-caption alignright\"><img loading=\"lazy\" decoding=\"async\" aria-describedby=\"caption-attachment-8484\" class=\" wp-image-8484\" src=\"http:\/\/noti-america.com\/site\/ecuador\/wp-content\/uploads\/sites\/18\/2020\/05\/Sem\u00e1foro_Amarillo_Daule2-300x225.jpg\" alt=\"\" width=\"560\" height=\"421\" srcset=\"https:\/\/noti-america.com\/site\/ecuador\/wp-content\/uploads\/sites\/18\/2020\/05\/Sem\u00e1foro_Amarillo_Daule2-300x225.jpg 300w, https:\/\/noti-america.com\/site\/ecuador\/wp-content\/uploads\/sites\/18\/2020\/05\/Sem\u00e1foro_Amarillo_Daule2-768x576.jpg 768w, https:\/\/noti-america.com\/site\/ecuador\/wp-content\/uploads\/sites\/18\/2020\/05\/Sem\u00e1foro_Amarillo_Daule2.jpg 960w\" sizes=\"auto, (max-width: 560px) 100vw, 560px\" \/><p id=\"caption-attachment-8484\" class=\"wp-caption-text\"><strong>\u201cEstamos preparados para el cambio de color, la ciudadan\u00eda tiene un papel importante, estamos seguros que con la disciplina y responsabilidad de todos vamos a combatir esta batalla\u201d, asegur\u00f3 el alcalde, Wilson Ca\u00f1izares.<\/strong><\/p><\/div>\n<p style=\"text-align: justify\">La actividad comercial tendr\u00e1 mayor apertura, las instituciones podr\u00e1n tener un aforo de hasta el 50% y los autos podr\u00e1n circular dos veces por semana. El uso de la mascarilla es obligatorio, al igual que la distancia social de dos metros.<\/p>\n<p style=\"text-align: justify\">Esta localidad guayasense, con 173.000 habitantes, registra 555 casos confirmados de la enfermedad hasta ayer, seg\u00fan el informe del COE, siendo el cuarto con m\u00e1s contagios en el pa\u00eds y est\u00e1 junto a Guayaquil, que con 8226 ocupa el primer lugar; y, de Samborond\u00f3n, el tercero con 651 casos.<\/p>\n<p style=\"text-align: justify\">Ante esto, el alcalde de Daule, Wilson Ca\u00f1izares, se\u00f1ala que el cant\u00f3n est\u00e1 preparado en salud para enfrentar de mejor forma la pandemia e indic\u00f3 que se retomar\u00e1 la actividad laboral con la presencia 50 % del personal.<\/p>\n<p style=\"text-align: justify\">\u201cTenemos las herramientas necesarias para prepararnos ante un posible rebrote. Esperemos que no se d\u00e9, si la ciudadan\u00eda colabora\u201d, enfatiz\u00f3 el Burgomaestre.<\/p>\n","protected":false},"excerpt":{"rendered":"<p>REDACCI\u00d3N NOTI-AM\u00c9RICA (ECUADOR) Desde hoy, martes 12 de mayo de 2020, Daule se convierte en el primer cant\u00f3n de la provincia del Guayas, y segundo en el pa\u00eds, en pasar a amarillo, mientras el&#46;&#46;&#46;<\/p>\n","protected":false},"author":54,"featured_media":8485,"comment_status":"open","ping_status":"open","sticky":false,"template":"","format":"standard","meta":{"_acf_changed":false,"om_disable_all_campaigns":false,"rop_custom_images_group":[],"rop_custom_messages_group":[],"rop_publish_now":"initial","rop_publish_now_accounts":{"twitter_242054905_242054905":""},"rop_publish_now_history":[],"rop_publish_now_status":"pending","_uf_show_specific_survey":0,"_uf_disable_surveys":false,"footnotes":""},"categories":[42],"tags":[],"class_list":["post-8481","post","type-post","status-publish","format-standard","has-post-thumbnail","hentry","category-noticias"],"acf":[],"aioseo_notices":[],"yoast_head":"<!-- This site is optimized with the Yoast SEO Premium plugin v24.9 (Yoast SEO v27.2) - https:\/\/yoast.com\/product\/yoast-seo-premium-wordpress\/ -->\n<title>Daule entra en amarillo a partir de hoy - Ecuador | Noti-America.com<\/title>\n<meta name=\"robots\" content=\"index, follow, max-snippet:-1, max-image-preview:large, max-video-preview:-1\" \/>\n<link rel=\"canonical\" href=\"https:\/\/noti-america.com\/site\/ecuador\/2020\/05\/12\/daule-entra-en-amarillo-a-partir-de-hoy\/\" \/>\n<meta property=\"og:locale\" content=\"es_ES\" \/>\n<meta property=\"og:type\" content=\"article\" \/>\n<meta property=\"og:title\" content=\"Daule entra en amarillo a partir de hoy\" \/>\n<meta property=\"og:description\" content=\"REDACCI\u00d3N NOTI-AM\u00c9RICA (ECUADOR) Desde hoy, martes 12 de mayo de 2020, Daule se convierte en el primer cant\u00f3n de la provincia del Guayas, y segundo en el pa\u00eds, en pasar a amarillo, mientras el&#046;&#046;&#046;\" \/>\n<meta property=\"og:url\" content=\"https:\/\/noti-america.com\/site\/ecuador\/2020\/05\/12\/daule-entra-en-amarillo-a-partir-de-hoy\/\" \/>\n<meta property=\"og:site_name\" content=\"Ecuador | Noti-America.com\" \/>\n<meta property=\"article:author\" content=\"https:\/\/www.facebook.com\/geojuradopuente\" \/>\n<meta property=\"article:published_time\" content=\"2020-05-12T07:50:33+00:00\" \/>\n<meta property=\"og:image\" content=\"https:\/\/noti-america.com\/site\/ecuador\/wp-content\/uploads\/sites\/18\/2020\/05\/Sem\u00e1foro_Amarillo_Daule1-1.jpg\" \/>\n\t<meta property=\"og:image:width\" content=\"1259\" \/>\n\t<meta property=\"og:image:height\" content=\"456\" \/>\n\t<meta property=\"og:image:type\" content=\"image\/jpeg\" \/>\n<meta name=\"author\" content=\"Mgtr. Geovanny Jurado Puente\" \/>\n<meta name=\"twitter:card\" content=\"summary_large_image\" \/>\n<meta name=\"twitter:creator\" content=\"@GeoJurado\" \/>\n<meta name=\"twitter:site\" content=\"@notiamerica\" \/>\n<meta name=\"twitter:label1\" content=\"Escrito por\" \/>\n\t<meta name=\"twitter:data1\" content=\"Mgtr. Geovanny Jurado Puente\" \/>\n\t<meta name=\"twitter:label2\" content=\"Tiempo estimado de lectura\" \/>\n\t<meta name=\"twitter:data2\" content=\"3 minutos\" \/>\n<script type=\"application\/ld+json\" class=\"yoast-schema-graph\">{\"@context\":\"https:\/\/schema.org\",\"@graph\":[{\"@type\":\"Article\",\"@id\":\"https:\/\/noti-america.com\/site\/ecuador\/2020\/05\/12\/daule-entra-en-amarillo-a-partir-de-hoy\/#article\",\"isPartOf\":{\"@id\":\"https:\/\/noti-america.com\/site\/ecuador\/2020\/05\/12\/daule-entra-en-amarillo-a-partir-de-hoy\/\"},\"author\":{\"name\":\"Mgtr. Geovanny Jurado Puente\",\"@id\":\"https:\/\/noti-america.com\/site\/ecuador\/#\/schema\/person\/eafaa0d78b886269707bbd67c79282d8\"},\"headline\":\"Daule entra en amarillo a partir de hoy\",\"datePublished\":\"2020-05-12T07:50:33+00:00\",\"mainEntityOfPage\":{\"@id\":\"https:\/\/noti-america.com\/site\/ecuador\/2020\/05\/12\/daule-entra-en-amarillo-a-partir-de-hoy\/\"},\"wordCount\":618,\"commentCount\":0,\"publisher\":{\"@id\":\"https:\/\/noti-america.com\/site\/ecuador\/#organization\"},\"image\":{\"@id\":\"https:\/\/noti-america.com\/site\/ecuador\/2020\/05\/12\/daule-entra-en-amarillo-a-partir-de-hoy\/#primaryimage\"},\"thumbnailUrl\":\"https:\/\/noti-america.com\/site\/ecuador\/wp-content\/uploads\/sites\/18\/2020\/05\/Sem\u00e1foro_Amarillo_Daule1-1.jpg\",\"articleSection\":[\"Noticias\"],\"inLanguage\":\"es\",\"potentialAction\":[{\"@type\":\"CommentAction\",\"name\":\"Comment\",\"target\":[\"https:\/\/noti-america.com\/site\/ecuador\/2020\/05\/12\/daule-entra-en-amarillo-a-partir-de-hoy\/#respond\"]}]},{\"@type\":\"WebPage\",\"@id\":\"https:\/\/noti-america.com\/site\/ecuador\/2020\/05\/12\/daule-entra-en-amarillo-a-partir-de-hoy\/\",\"url\":\"https:\/\/noti-america.com\/site\/ecuador\/2020\/05\/12\/daule-entra-en-amarillo-a-partir-de-hoy\/\",\"name\":\"Daule entra en amarillo a partir de hoy - Ecuador | Noti-America.com\",\"isPartOf\":{\"@id\":\"https:\/\/noti-america.com\/site\/ecuador\/#website\"},\"primaryImageOfPage\":{\"@id\":\"https:\/\/noti-america.com\/site\/ecuador\/2020\/05\/12\/daule-entra-en-amarillo-a-partir-de-hoy\/#primaryimage\"},\"image\":{\"@id\":\"https:\/\/noti-america.com\/site\/ecuador\/2020\/05\/12\/daule-entra-en-amarillo-a-partir-de-hoy\/#primaryimage\"},\"thumbnailUrl\":\"https:\/\/noti-america.com\/site\/ecuador\/wp-content\/uploads\/sites\/18\/2020\/05\/Sem\u00e1foro_Amarillo_Daule1-1.jpg\",\"datePublished\":\"2020-05-12T07:50:33+00:00\",\"breadcrumb\":{\"@id\":\"https:\/\/noti-america.com\/site\/ecuador\/2020\/05\/12\/daule-entra-en-amarillo-a-partir-de-hoy\/#breadcrumb\"},\"inLanguage\":\"es\",\"potentialAction\":[{\"@type\":\"ReadAction\",\"target\":[\"https:\/\/noti-america.com\/site\/ecuador\/2020\/05\/12\/daule-entra-en-amarillo-a-partir-de-hoy\/\"]}]},{\"@type\":\"ImageObject\",\"inLanguage\":\"es\",\"@id\":\"https:\/\/noti-america.com\/site\/ecuador\/2020\/05\/12\/daule-entra-en-amarillo-a-partir-de-hoy\/#primaryimage\",\"url\":\"https:\/\/noti-america.com\/site\/ecuador\/wp-content\/uploads\/sites\/18\/2020\/05\/Sem\u00e1foro_Amarillo_Daule1-1.jpg\",\"contentUrl\":\"https:\/\/noti-america.com\/site\/ecuador\/wp-content\/uploads\/sites\/18\/2020\/05\/Sem\u00e1foro_Amarillo_Daule1-1.jpg\",\"width\":1259,\"height\":456},{\"@type\":\"BreadcrumbList\",\"@id\":\"https:\/\/noti-america.com\/site\/ecuador\/2020\/05\/12\/daule-entra-en-amarillo-a-partir-de-hoy\/#breadcrumb\",\"itemListElement\":[{\"@type\":\"ListItem\",\"position\":1,\"name\":\"Portada\",\"item\":\"https:\/\/noti-america.com\/site\/ecuador\/\"},{\"@type\":\"ListItem\",\"position\":2,\"name\":\"Daule entra en amarillo a partir de hoy\"}]},{\"@type\":\"WebSite\",\"@id\":\"https:\/\/noti-america.com\/site\/ecuador\/#website\",\"url\":\"https:\/\/noti-america.com\/site\/ecuador\/\",\"name\":\"Ecuador | Noti-America.com\",\"description\":\"\",\"publisher\":{\"@id\":\"https:\/\/noti-america.com\/site\/ecuador\/#organization\"},\"potentialAction\":[{\"@type\":\"SearchAction\",\"target\":{\"@type\":\"EntryPoint\",\"urlTemplate\":\"https:\/\/noti-america.com\/site\/ecuador\/?s={search_term_string}\"},\"query-input\":{\"@type\":\"PropertyValueSpecification\",\"valueRequired\":true,\"valueName\":\"search_term_string\"}}],\"inLanguage\":\"es\"},{\"@type\":\"Organization\",\"@id\":\"https:\/\/noti-america.com\/site\/ecuador\/#organization\",\"name\":\"Noti-America LLC | Ecuador\",\"url\":\"https:\/\/noti-america.com\/site\/ecuador\/\",\"logo\":{\"@type\":\"ImageObject\",\"inLanguage\":\"es\",\"@id\":\"https:\/\/noti-america.com\/site\/ecuador\/#\/schema\/logo\/image\/\",\"url\":\"https:\/\/noti-america.com\/site\/ecuador\/wp-content\/uploads\/sites\/18\/2020\/07\/LogoNA-4x3-1.jpg\",\"contentUrl\":\"https:\/\/noti-america.com\/site\/ecuador\/wp-content\/uploads\/sites\/18\/2020\/07\/LogoNA-4x3-1.jpg\",\"width\":1236,\"height\":1080,\"caption\":\"Noti-America LLC | Ecuador\"},\"image\":{\"@id\":\"https:\/\/noti-america.com\/site\/ecuador\/#\/schema\/logo\/image\/\"},\"sameAs\":[\"https:\/\/x.com\/notiamerica\"]},{\"@type\":\"Person\",\"@id\":\"https:\/\/noti-america.com\/site\/ecuador\/#\/schema\/person\/eafaa0d78b886269707bbd67c79282d8\",\"name\":\"Mgtr. Geovanny Jurado Puente\",\"image\":{\"@type\":\"ImageObject\",\"inLanguage\":\"es\",\"@id\":\"https:\/\/secure.gravatar.com\/avatar\/f837d50a2ea0d7cba882939210fb03249c2d70cdea88235e685f1a91ced24905?s=96&d=mm&r=g\",\"url\":\"https:\/\/secure.gravatar.com\/avatar\/f837d50a2ea0d7cba882939210fb03249c2d70cdea88235e685f1a91ced24905?s=96&d=mm&r=g\",\"contentUrl\":\"https:\/\/secure.gravatar.com\/avatar\/f837d50a2ea0d7cba882939210fb03249c2d70cdea88235e685f1a91ced24905?s=96&d=mm&r=g\",\"caption\":\"Mgtr. Geovanny Jurado Puente\"},\"description\":\"Mag\u00edster en Comunicaci\u00f3n, Menci\u00f3n Pol\u00edticas de Desarrollo Social; Licenciado en Ciencias de la Comunicaci\u00f3n Social; Docente Universitario; Miembro de la Red de Investigadores en Comunicaci\u00f3n del Ecuador (RICE); Miembro Fundador de la Red de Editoriales Universitarias y Escuelas Polit\u00e9cnicas del Ecuador (Reupde); ecuatoriano de nacimiento, con residencia en Daule.\",\"sameAs\":[\"https:\/\/www.facebook.com\/geojuradopuente\",\"Geo Jurado\",\"https:\/\/x.com\/GeoJurado\"],\"url\":\"https:\/\/noti-america.com\/site\/ecuador\/author\/gjurado\/\"}]}<\/script>\n<!-- \/ Yoast SEO Premium plugin. -->","yoast_head_json":{"title":"Daule entra en amarillo a partir de hoy - Ecuador | Noti-America.com","robots":{"index":"index","follow":"follow","max-snippet":"max-snippet:-1","max-image-preview":"max-image-preview:large","max-video-preview":"max-video-preview:-1"},"canonical":"https:\/\/noti-america.com\/site\/ecuador\/2020\/05\/12\/daule-entra-en-amarillo-a-partir-de-hoy\/","og_locale":"es_ES","og_type":"article","og_title":"Daule entra en amarillo a partir de hoy","og_description":"REDACCI\u00d3N NOTI-AM\u00c9RICA (ECUADOR) Desde hoy, martes 12 de mayo de 2020, Daule se convierte en el primer cant\u00f3n de la provincia del Guayas, y segundo en el pa\u00eds, en pasar a amarillo, mientras el&#46;&#46;&#46;","og_url":"https:\/\/noti-america.com\/site\/ecuador\/2020\/05\/12\/daule-entra-en-amarillo-a-partir-de-hoy\/","og_site_name":"Ecuador | Noti-America.com","article_author":"https:\/\/www.facebook.com\/geojuradopuente","article_published_time":"2020-05-12T07:50:33+00:00","og_image":[{"width":1259,"height":456,"url":"https:\/\/noti-america.com\/site\/ecuador\/wp-content\/uploads\/sites\/18\/2020\/05\/Sem\u00e1foro_Amarillo_Daule1-1.jpg","type":"image\/jpeg"}],"author":"Mgtr. Geovanny Jurado Puente","twitter_card":"summary_large_image","twitter_creator":"@GeoJurado","twitter_site":"@notiamerica","twitter_misc":{"Escrito por":"Mgtr. Geovanny Jurado Puente","Tiempo estimado de lectura":"3 minutos"},"schema":{"@context":"https:\/\/schema.org","@graph":[{"@type":"Article","@id":"https:\/\/noti-america.com\/site\/ecuador\/2020\/05\/12\/daule-entra-en-amarillo-a-partir-de-hoy\/#article","isPartOf":{"@id":"https:\/\/noti-america.com\/site\/ecuador\/2020\/05\/12\/daule-entra-en-amarillo-a-partir-de-hoy\/"},"author":{"name":"Mgtr. Geovanny Jurado Puente","@id":"https:\/\/noti-america.com\/site\/ecuador\/#\/schema\/person\/eafaa0d78b886269707bbd67c79282d8"},"headline":"Daule entra en amarillo a partir de hoy","datePublished":"2020-05-12T07:50:33+00:00","mainEntityOfPage":{"@id":"https:\/\/noti-america.com\/site\/ecuador\/2020\/05\/12\/daule-entra-en-amarillo-a-partir-de-hoy\/"},"wordCount":618,"commentCount":0,"publisher":{"@id":"https:\/\/noti-america.com\/site\/ecuador\/#organization"},"image":{"@id":"https:\/\/noti-america.com\/site\/ecuador\/2020\/05\/12\/daule-entra-en-amarillo-a-partir-de-hoy\/#primaryimage"},"thumbnailUrl":"https:\/\/noti-america.com\/site\/ecuador\/wp-content\/uploads\/sites\/18\/2020\/05\/Sem\u00e1foro_Amarillo_Daule1-1.jpg","articleSection":["Noticias"],"inLanguage":"es","potentialAction":[{"@type":"CommentAction","name":"Comment","target":["https:\/\/noti-america.com\/site\/ecuador\/2020\/05\/12\/daule-entra-en-amarillo-a-partir-de-hoy\/#respond"]}]},{"@type":"WebPage","@id":"https:\/\/noti-america.com\/site\/ecuador\/2020\/05\/12\/daule-entra-en-amarillo-a-partir-de-hoy\/","url":"https:\/\/noti-america.com\/site\/ecuador\/2020\/05\/12\/daule-entra-en-amarillo-a-partir-de-hoy\/","name":"Daule entra en amarillo a partir de hoy - Ecuador | Noti-America.com","isPartOf":{"@id":"https:\/\/noti-america.com\/site\/ecuador\/#website"},"primaryImageOfPage":{"@id":"https:\/\/noti-america.com\/site\/ecuador\/2020\/05\/12\/daule-entra-en-amarillo-a-partir-de-hoy\/#primaryimage"},"image":{"@id":"https:\/\/noti-america.com\/site\/ecuador\/2020\/05\/12\/daule-entra-en-amarillo-a-partir-de-hoy\/#primaryimage"},"thumbnailUrl":"https:\/\/noti-america.com\/site\/ecuador\/wp-content\/uploads\/sites\/18\/2020\/05\/Sem\u00e1foro_Amarillo_Daule1-1.jpg","datePublished":"2020-05-12T07:50:33+00:00","breadcrumb":{"@id":"https:\/\/noti-america.com\/site\/ecuador\/2020\/05\/12\/daule-entra-en-amarillo-a-partir-de-hoy\/#breadcrumb"},"inLanguage":"es","potentialAction":[{"@type":"ReadAction","target":["https:\/\/noti-america.com\/site\/ecuador\/2020\/05\/12\/daule-entra-en-amarillo-a-partir-de-hoy\/"]}]},{"@type":"ImageObject","inLanguage":"es","@id":"https:\/\/noti-america.com\/site\/ecuador\/2020\/05\/12\/daule-entra-en-amarillo-a-partir-de-hoy\/#primaryimage","url":"https:\/\/noti-america.com\/site\/ecuador\/wp-content\/uploads\/sites\/18\/2020\/05\/Sem\u00e1foro_Amarillo_Daule1-1.jpg","contentUrl":"https:\/\/noti-america.com\/site\/ecuador\/wp-content\/uploads\/sites\/18\/2020\/05\/Sem\u00e1foro_Amarillo_Daule1-1.jpg","width":1259,"height":456},{"@type":"BreadcrumbList","@id":"https:\/\/noti-america.com\/site\/ecuador\/2020\/05\/12\/daule-entra-en-amarillo-a-partir-de-hoy\/#breadcrumb","itemListElement":[{"@type":"ListItem","position":1,"name":"Portada","item":"https:\/\/noti-america.com\/site\/ecuador\/"},{"@type":"ListItem","position":2,"name":"Daule entra en amarillo a partir de hoy"}]},{"@type":"WebSite","@id":"https:\/\/noti-america.com\/site\/ecuador\/#website","url":"https:\/\/noti-america.com\/site\/ecuador\/","name":"Ecuador | Noti-America.com","description":"","publisher":{"@id":"https:\/\/noti-america.com\/site\/ecuador\/#organization"},"potentialAction":[{"@type":"SearchAction","target":{"@type":"EntryPoint","urlTemplate":"https:\/\/noti-america.com\/site\/ecuador\/?s={search_term_string}"},"query-input":{"@type":"PropertyValueSpecification","valueRequired":true,"valueName":"search_term_string"}}],"inLanguage":"es"},{"@type":"Organization","@id":"https:\/\/noti-america.com\/site\/ecuador\/#organization","name":"Noti-America LLC | Ecuador","url":"https:\/\/noti-america.com\/site\/ecuador\/","logo":{"@type":"ImageObject","inLanguage":"es","@id":"https:\/\/noti-america.com\/site\/ecuador\/#\/schema\/logo\/image\/","url":"https:\/\/noti-america.com\/site\/ecuador\/wp-content\/uploads\/sites\/18\/2020\/07\/LogoNA-4x3-1.jpg","contentUrl":"https:\/\/noti-america.com\/site\/ecuador\/wp-content\/uploads\/sites\/18\/2020\/07\/LogoNA-4x3-1.jpg","width":1236,"height":1080,"caption":"Noti-America LLC | Ecuador"},"image":{"@id":"https:\/\/noti-america.com\/site\/ecuador\/#\/schema\/logo\/image\/"},"sameAs":["https:\/\/x.com\/notiamerica"]},{"@type":"Person","@id":"https:\/\/noti-america.com\/site\/ecuador\/#\/schema\/person\/eafaa0d78b886269707bbd67c79282d8","name":"Mgtr. Geovanny Jurado Puente","image":{"@type":"ImageObject","inLanguage":"es","@id":"https:\/\/secure.gravatar.com\/avatar\/f837d50a2ea0d7cba882939210fb03249c2d70cdea88235e685f1a91ced24905?s=96&d=mm&r=g","url":"https:\/\/secure.gravatar.com\/avatar\/f837d50a2ea0d7cba882939210fb03249c2d70cdea88235e685f1a91ced24905?s=96&d=mm&r=g","contentUrl":"https:\/\/secure.gravatar.com\/avatar\/f837d50a2ea0d7cba882939210fb03249c2d70cdea88235e685f1a91ced24905?s=96&d=mm&r=g","caption":"Mgtr. Geovanny Jurado Puente"},"description":"Mag\u00edster en Comunicaci\u00f3n, Menci\u00f3n Pol\u00edticas de Desarrollo Social; Licenciado en Ciencias de la Comunicaci\u00f3n Social; Docente Universitario; Miembro de la Red de Investigadores en Comunicaci\u00f3n del Ecuador (RICE); Miembro Fundador de la Red de Editoriales Universitarias y Escuelas Polit\u00e9cnicas del Ecuador (Reupde); ecuatoriano de nacimiento, con residencia en Daule.","sameAs":["https:\/\/www.facebook.com\/geojuradopuente","Geo Jurado","https:\/\/x.com\/GeoJurado"],"url":"https:\/\/noti-america.com\/site\/ecuador\/author\/gjurado\/"}]}},"_links":{"self":[{"href":"https:\/\/noti-america.com\/site\/ecuador\/wp-json\/wp\/v2\/posts\/8481","targetHints":{"allow":["GET"]}}],"collection":[{"href":"https:\/\/noti-america.com\/site\/ecuador\/wp-json\/wp\/v2\/posts"}],"about":[{"href":"https:\/\/noti-america.com\/site\/ecuador\/wp-json\/wp\/v2\/types\/post"}],"author":[{"embeddable":true,"href":"https:\/\/noti-america.com\/site\/ecuador\/wp-json\/wp\/v2\/users\/54"}],"replies":[{"embeddable":true,"href":"https:\/\/noti-america.com\/site\/ecuador\/wp-json\/wp\/v2\/comments?post=8481"}],"version-history":[{"count":1,"href":"https:\/\/noti-america.com\/site\/ecuador\/wp-json\/wp\/v2\/posts\/8481\/revisions"}],"predecessor-version":[{"id":8486,"href":"https:\/\/noti-america.com\/site\/ecuador\/wp-json\/wp\/v2\/posts\/8481\/revisions\/8486"}],"wp:featuredmedia":[{"embeddable":true,"href":"https:\/\/noti-america.com\/site\/ecuador\/wp-json\/wp\/v2\/media\/8485"}],"wp:attachment":[{"href":"https:\/\/noti-america.com\/site\/ecuador\/wp-json\/wp\/v2\/media?parent=8481"}],"wp:term":[{"taxonomy":"category","embeddable":true,"href":"https:\/\/noti-america.com\/site\/ecuador\/wp-json\/wp\/v2\/categories?post=8481"},{"taxonomy":"post_tag","embeddable":true,"href":"https:\/\/noti-america.com\/site\/ecuador\/wp-json\/wp\/v2\/tags?post=8481"}],"curies":[{"name":"wp","href":"https:\/\/api.w.org\/{rel}","templated":true}]}}