{"id":8303,"date":"2020-05-01T23:58:10","date_gmt":"2020-05-01T23:58:10","guid":{"rendered":"http:\/\/noti-america.com\/site\/ecuador\/?p=8303"},"modified":"2020-05-01T23:58:10","modified_gmt":"2020-05-01T23:58:10","slug":"por-que-una-vacuna-contra-el-coronavirus-tarda-mas-de-un-ano-en-producirse-y-por-que-es-increiblemente-rapido","status":"publish","type":"post","link":"https:\/\/noti-america.com\/site\/ecuador\/2020\/05\/01\/por-que-una-vacuna-contra-el-coronavirus-tarda-mas-de-un-ano-en-producirse-y-por-que-es-increiblemente-rapido\/","title":{"rendered":"Por qu\u00e9 una vacuna contra el coronavirus tarda m\u00e1s de un a\u00f1o en producirse y por qu\u00e9 es incre\u00edblemente r\u00e1pido"},"content":{"rendered":"<p>REDACCI\u00d3N NOTI AM\u00c9RICA (ECUADOR)<\/p>\n<ul>\n<li style=\"text-align: justify\"><span>La comunidad internacional est\u00e1 trabajando junta como nunca antes para producir una vacuna contra el coronavirus.<\/span><\/li>\n<li style=\"text-align: justify\"><span>Si se desarrolla una vacuna en la l\u00ednea de tiempo prevista, entonces las personas tendr\u00e1n una opci\u00f3n preventiva si COVID-19 recircula el pr\u00f3ximo a\u00f1o.<\/span><\/li>\n<li style=\"text-align: justify\"><span>La protecci\u00f3n contra el virus salvar\u00e1 vidas y ayudar\u00e1 a la sociedad a volver a funcionar normalmente.<\/span><\/li>\n<\/ul>\n<p><img decoding=\"async\" src=\"https:\/\/assets.weforum.org\/vertical_page\/image\/_RDxKnJmubECdRuA8zzE8_5y_e2TqBxUKeJHIeNIhoY.jpg\" \/><\/p>\n<div class=\"st__content-block st__content-block--text\">\n<p style=\"text-align: justify\"><span>A medida que varias compa\u00f1\u00edas compiten por desarrollar una vacuna contra el coronavirus, se le recuerda al p\u00fablico repetidamente que la l\u00ednea de meta est\u00e1 al menos entre 12 y 18 meses.\u00a0Esta l\u00ednea de tiempo se siente insoportablemente larga mientras la pandemia de coronavirus contin\u00faa asolando el mundo que nos rodea.\u00a0Pero merece un poco de contexto.<\/span><\/p>\n<p style=\"text-align: justify\"><span>Las nuevas tecnolog\u00edas combinadas con la cooperaci\u00f3n internacional para combatir las enfermedades infecciosas est\u00e1n permitiendo respuestas m\u00e1s r\u00e1pidas a los nuevos brotes de enfermedades, lo que reduce varios a\u00f1os los plazos tradicionales de desarrollo de vacunas. Estos son los pasos clave en el camino para desarrollar una vacuna contra el coronavirus y un resumen de lo que significan para ahorrar tiempo y para usted.<\/span><\/p>\n<\/div>\n<div class=\"st__content-block st__content-block--text\" style=\"text-align: justify\">\n<p><b><span>C\u00f3mo funcionan las vacunas<\/span><\/b><\/p>\n<\/div>\n<div class=\"st__content-block st__content-block--text\" style=\"text-align: justify\">\n<p><span>Las vacunas reducen el riesgo de enfermedad al preparar el sistema inmunitario, la red de defensa natural del cuerpo, para reconocer, combatir y destruir ciertas bacterias y virus.\u00a0Si bien existen diferentes tipos de vacunas,\u00a0<\/span><span>funcionan<\/span><span>\u00a0al introducir suficiente informaci\u00f3n de identificaci\u00f3n sobre una bacteria o virus para causar una respuesta inmune en el cuerpo sin causar enfermedad (aunque a veces causan s\u00edntomas).\u00a0En respuesta a una vacuna, el cuerpo env\u00eda c\u00e9lulas inmunes para combatir a este invasor extra\u00f1o.\u00a0La primera vez que el cuerpo encuentra un nuevo virus o bacteria, lleva tiempo desarrollar una respuesta inmune adecuada, pero, una vez que se elimina el invasor, quedan ciertas c\u00e9lulas inmunes que reconocer\u00e1n y estar\u00e1n preparadas para proteger al cuerpo de este invasor en el futuro.<\/span><\/p>\n<\/div>\n<div class=\"st__content-block st__content-block--text\" style=\"text-align: justify\">\n<p><b><span>Desarrollando una vacuna con nueva tecnolog\u00eda<\/span><\/b><\/p>\n<\/div>\n<div class=\"st__content-block st__content-block--text\" style=\"text-align: justify\">\n<p><span>Alrededor del 10 de enero,\u00a0<\/span><span>los cient\u00edficos chinos desarrollaron<\/span><span>\u00a0y compartieron una secuencia gen\u00e9tica completa del SARS-Cov2, el virus que causa COVID-19, coloquialmente llamado coronavirus.\u00a0Varias compa\u00f1\u00edas est\u00e1n utilizando esta informaci\u00f3n\u00a0<\/span><span>para desarrollar vacunas<\/span><span>\u00a0que contendr\u00e1n una peque\u00f1a cantidad de c\u00f3digo gen\u00e9tico.\u00a0Ciertas c\u00e9lulas del cuerpo absorber\u00e1n esta informaci\u00f3n gen\u00e9tica y producir\u00e1n elementos del virus, que no infectar\u00e1n a la persona sino que activar\u00e1n la respuesta del sistema inmunitario.<\/span><\/p>\n<\/div>\n<div class=\"st__content-block st__content-block--text\" style=\"text-align: justify\">\n<p><span>Las vacunas basadas en ADN o ARN no se hacen con un virus debilitado o desactivado, ni con elementos del virus, por lo que pueden\u00a0<\/span><span>producirse en el laboratorio<\/span><span>\u00a0.\u00a0Este enfoque es m\u00e1s r\u00e1pido y m\u00e1s confiable que el procesamiento tradicional de vacunas, que utiliza virus cultivados en \u00f3vulos o cultivos celulares.\u00a0Por ejemplo, Moderna, en colaboraci\u00f3n con el Instituto Nacional de Alergias y Enfermedades Infecciosas (EE. UU.), Desarroll\u00f3 la primera vacuna COVID-19 en ensayos cl\u00ednicos utilizando una\u00a0<\/span><span>plataforma gen\u00e9tica llamada ARN mensajero<\/span><span>\u00a0(ARNm).\u00a0Tom\u00f3 solo\u00a0<\/span><span>42 d\u00edas<\/span><span>\u00a0pasar del dise\u00f1o de la vacuna a las pruebas en humanos, un r\u00e9cord de la industria.<\/span><\/p>\n<\/div>\n<div class=\"st__content-block st__content-block--text\" style=\"text-align: justify\">\n<p><span>Si bien las plataformas gen\u00e9ticas son prometedoras y r\u00e1pidas, actualmente no existen tales vacunas aprobadas para uso humano.\u00a0Adem\u00e1s de las muchas compa\u00f1\u00edas que buscan vacunas en esta plataforma, otras compa\u00f1\u00edas est\u00e1n explorando diferentes\u00a0<\/span><span>enfoques de vacunas<\/span><span>\u00a0, como el uso de una versi\u00f3n desactivada del virus.\u00a0El beneficio de desarrollar y probar m\u00faltiples vacunas potenciales es la mayor probabilidad de que una de ellas sea aprobada para uso p\u00fablico.\u00a0Primero, sin embargo, deben pasar por ensayos cl\u00ednicos.<\/span><\/p>\n<\/div>\n<div class=\"st__content-block st__content-block--text\" style=\"text-align: justify\">\n<p><b><span>Seguridad, eficacia y aprobaci\u00f3n<\/span><\/b><\/p>\n<\/div>\n<div class=\"st__content-block st__content-block--text\" style=\"text-align: justify\">\n<p><span>Se administran vacunas a personas sanas para prevenir enfermedades.\u00a0Si bien es muy necesaria una vacuna COVID-19, una carrera al mercado sin las pruebas adecuadas podr\u00eda poner en riesgo a las personas sanas.\u00a0Un \u00e1rea de riesgo es la\u00a0<\/span><span>mejora de la vacuna<\/span><span>\u00a0, lo que significa que la enfermedad es m\u00e1s da\u00f1ina para una persona vacunada.<\/span><\/p>\n<\/div>\n<div class=\"st__content-block st__content-block--text\" style=\"text-align: justify\">\n<p><span>El proceso del ensayo cl\u00ednico est\u00e1 dise\u00f1ado para evaluar si las nuevas vacunas son seguras y efectivas antes de ponerlas a disposici\u00f3n del p\u00fablico.\u00a0El proceso generalmente involucra varias fases y toma aproximadamente diez a\u00f1os, pero los gobiernos y la industria est\u00e1n haciendo esfuerzos para acelerar el proceso, e incluso intercalar las pruebas en animales, manteniendo los est\u00e1ndares de seguridad y eficacia, de la siguiente manera:<\/span><\/p>\n<\/div>\n<div class=\"st__content-block st__content-block--list\" style=\"text-align: justify\">\n<ul>\n<li><span>Fase I: un peque\u00f1o estudio en personas sanas que eval\u00faa la seguridad y la respuesta inmune de la vacuna a diferentes dosis.\u00a0Para los ensayos COVID-19, se espera que esto tome tres meses;\u00a0Por lo general, puede tomar uno o dos a\u00f1os.<\/span><\/li>\n<li><span>Fase II: un estudio aleatorizado, doble ciego, controlado con placebo de cientos de personas que eval\u00faa a\u00fan m\u00e1s la seguridad, eval\u00faa la eficacia e informa la dosis \u00f3ptima y el calendario de vacunaci\u00f3n.\u00a0Para los ensayos COVID-19, se espera que esto tome ocho meses;\u00a0Por lo general, puede tomar de dos a tres a\u00f1os.<\/span><\/li>\n<li><span>Fase III: un estudio aleatorizado, doble ciego, controlado con placebo de miles de personas que eval\u00faa la seguridad y la eficacia.\u00a0Para los ensayos COVID-19, esto puede combinarse con la Fase II;\u00a0Por lo general, puede tomar de dos a cuatro a\u00f1os.<\/span><\/li>\n<li><span>Revisi\u00f3n reglamentaria: el organismo gubernamental que aprueba las nuevas vacunas revisa los datos del ensayo y otra informaci\u00f3n en la solicitud de licencia.\u00a0Esto generalmente lleva de uno a dos a\u00f1os, pero es probable que se acelere para tomar solo unos pocos meses.<\/span><\/li>\n<li><span>Fase IV: Estudios de aprobaci\u00f3n posterior que monitorean la efectividad en condiciones del mundo real.<\/span><\/li>\n<\/ul>\n<\/div>\n<div class=\"st__content-block st__content-block--snippet st__content-block--snippet-default\" style=\"text-align: justify\"><\/div>\n<div class=\"st__content-block st__content-block--text\" style=\"text-align: justify\">\n<p><b><span>Fabricaci\u00f3n<\/span><\/b><\/p>\n<\/div>\n<div class=\"st__content-block st__content-block--text\" style=\"text-align: justify\">\n<p><span>El paso final para acelerar la producci\u00f3n de cantidades masivas de vacunas es la fabricaci\u00f3n temprana y s\u00f3lida. Si la fabricaci\u00f3n comienza durante los ensayos, entonces una vacuna estar\u00e1 disponible para el p\u00fablico una vez aprobada. Sin embargo, las vacunas que se fabrican antes de ser aprobadas se hacen en riesgo. Un fabricante pierde recursos significativos si no se obtiene la aprobaci\u00f3n o ya no se necesita una vacuna en el mercado. Cuantas m\u00e1s vacunas se produzcan, mayor ser\u00e1 el riesgo.<\/span><\/p>\n<\/div>\n<div class=\"st__content-block st__content-block--text\" style=\"text-align: justify\">\n<p><span>Para mitigar este riesgo y alentar la fabricaci\u00f3n, los gobiernos, la industria y las organizaciones internacionales est\u00e1n trabajando juntos.\u00a0<\/span><span>CEPI<\/span><span>\u00a0, la Coalici\u00f3n para las innovaciones de preparaci\u00f3n para epidemias, hizo un llamado urgente por\u00a0<\/span><span>$ 2 mil millones en fondos<\/span><span>\u00a0para apoyar el desarrollo de vacunas, ensayos y una mayor capacidad de fabricaci\u00f3n.\u00a0Gingko Bioworks se comprometi\u00f3 a\u00a0<\/span><span>fabricar vacunas basadas en ADN o ARN.<\/span><span>\u00a0Los funcionarios del gobierno tambi\u00e9n est\u00e1n discutiendo el apoyo financiero.<\/span><\/p>\n<\/div>\n<figure class=\"st__content-block st__content-block--image st__content-block--image-default\" style=\"text-align: justify\"><img decoding=\"async\" class=\"js-lazyload loaded\" src=\"https:\/\/assets.weforum.org\/editor\/u-GV-73qdiDg5eQS8RaAnCkxQjuCHnfV5Trca0c4Kng.jpeg\" alt=\"\" data-src=\"https:\/\/assets.weforum.org\/editor\/u-GV-73qdiDg5eQS8RaAnCkxQjuCHnfV5Trca0c4Kng.jpeg\" data-srcset=\"https:\/\/assets.weforum.org\/editor\/responsive_large_-DWzSo9juTR1XnXVUlEtPt_WiAOaupmMCdFpX0RT8mw.jpeg 850w, https:\/\/assets.weforum.org\/editor\/responsive_medium_ckAAGct5B7ezR_SWE3hO-tXW8Jpl3Vi2vNbSXe8LPvY.jpeg 640w, https:\/\/assets.weforum.org\/editor\/responsive_small_iyDGZ195WH8Zd0rZTKaypRKUrG-A50b4ZP7Mm65kmdk.jpeg 320w\" data-sizes=\"100vw\" data-was-processed=\"true\" \/><figcaption>\n<div class=\"image__caption\"><span>CEPI pide $ 2 mil millones para desarrollar la vacuna contra COVID-19. <\/span><span>Imagen: Statista<\/span><\/div>\n<\/figcaption><\/figure>\n<div class=\"st__content-block st__content-block--text\" style=\"text-align: justify\">\n<p><b><span>\u00bfQu\u00e9 significa esto para ti?<\/span><\/b><\/p>\n<\/div>\n<div class=\"st__content-block st__content-block--text\" style=\"text-align: justify\">\n<p><span>La comunidad internacional est\u00e1 trabajando junta como nunca antes para producir una vacuna contra el coronavirus.\u00a0Si se desarrolla una vacuna en la l\u00ednea de tiempo prevista, entonces las personas tendr\u00e1n una opci\u00f3n preventiva si COVID-19 recircula el pr\u00f3ximo a\u00f1o.\u00a0La protecci\u00f3n contra el virus salvar\u00e1 vidas y ayudar\u00e1 a la sociedad a volver a funcionar normalmente.<\/span><\/p>\n<\/div>\n<div class=\"st__content-block st__content-block--text\" style=\"text-align: justify\">\n<p><span>Si el virus desaparece, los enfoques innovadores y cooperativos de m\u00faltiples partes interesadas para desarrollar una vacuna seguir\u00e1n teniendo un impacto duradero.\u00a0Condujeron al tiempo m\u00e1s r\u00e1pido desde el dise\u00f1o de la vacuna hasta el ensayo, y pueden conducir a las primeras aprobaciones de vacunas basadas en plataformas gen\u00e9ticas.\u00a0Esta tecnolog\u00eda podr\u00eda cambiar fundamentalmente la forma en que los cient\u00edficos pueden desarrollar vacunas que protejan a las personas de nuevas enfermedades, haciendo que el descubrimiento sea m\u00e1s r\u00e1pido, la producci\u00f3n m\u00e1s confiable y las vacunas potencialmente m\u00e1s rentables.<\/span><\/p>\n<\/div>\n<div class=\"st__content-block st__content-block--text\">\n<p style=\"text-align: justify\"><i>Colaboradores:\u00a0<\/i><i>profesor Gareth Baynam.\u00a0Genetista Cl\u00ednico, Jefe del Registro Australiano Occidental de Anomal\u00edas del Desarrollo;\u00a0Director del programa, Programa de enfermedades no diagnosticadas, Servicios gen\u00e9ticos de WA;\u00a0Asesor Adjunto de Pol\u00edtica Gen\u00f3mica, Office of Population Health Genomics, WA Health;\u00a0Consejo Ministerial para la Salud de Precisi\u00f3n.<\/i><\/p>\n<p style=\"text-align: justify;background: white;vertical-align: baseline;margin: 0cm 0cm 12.0pt 0cm\"><span style=\"font-size: 13.5pt;font-family: 'Arial','sans-serif';color: #666666\">#Qu\u00e9dateEnCasa<\/span><\/p>\n<p>Fuente: Foro Econ\u00f3mico Mundial.<\/p>\n<p>Compartir<\/p>\n<\/div>\n","protected":false},"excerpt":{"rendered":"<p>REDACCI\u00d3N NOTI AM\u00c9RICA (ECUADOR) La comunidad internacional est\u00e1 trabajando junta como nunca antes para producir una vacuna contra el coronavirus. Si se desarrolla una vacuna en la l\u00ednea de tiempo prevista, entonces las personas&#46;&#46;&#46;<\/p>\n","protected":false},"author":17,"featured_media":8304,"comment_status":"open","ping_status":"open","sticky":false,"template":"","format":"standard","meta":{"_acf_changed":false,"om_disable_all_campaigns":false,"rop_custom_images_group":[],"rop_custom_messages_group":[],"rop_publish_now":"initial","rop_publish_now_accounts":{"twitter_242054905_242054905":""},"rop_publish_now_history":[],"rop_publish_now_status":"pending","_uf_show_specific_survey":0,"_uf_disable_surveys":false,"footnotes":""},"categories":[35],"tags":[],"class_list":["post-8303","post","type-post","status-publish","format-standard","has-post-thumbnail","hentry","category-salud"],"acf":[],"aioseo_notices":[],"yoast_head":"<!-- This site is optimized with the Yoast SEO Premium plugin v24.9 (Yoast SEO v27.2) - https:\/\/yoast.com\/product\/yoast-seo-premium-wordpress\/ -->\n<title>Por qu\u00e9 una vacuna contra el coronavirus tarda m\u00e1s de un a\u00f1o en producirse y por qu\u00e9 es incre\u00edblemente r\u00e1pido - Ecuador | Noti-America.com<\/title>\n<meta name=\"robots\" content=\"index, follow, max-snippet:-1, max-image-preview:large, max-video-preview:-1\" \/>\n<link rel=\"canonical\" href=\"https:\/\/noti-america.com\/site\/ecuador\/2020\/05\/01\/por-que-una-vacuna-contra-el-coronavirus-tarda-mas-de-un-ano-en-producirse-y-por-que-es-increiblemente-rapido\/\" \/>\n<meta property=\"og:locale\" content=\"es_ES\" \/>\n<meta property=\"og:type\" content=\"article\" \/>\n<meta property=\"og:title\" content=\"Por qu\u00e9 una vacuna contra el coronavirus tarda m\u00e1s de un a\u00f1o en producirse y por qu\u00e9 es incre\u00edblemente r\u00e1pido\" \/>\n<meta property=\"og:description\" content=\"REDACCI\u00d3N NOTI AM\u00c9RICA (ECUADOR) La comunidad internacional est\u00e1 trabajando junta como nunca antes para producir una vacuna contra el coronavirus. Si se desarrolla una vacuna en la l\u00ednea de tiempo prevista, entonces las personas&#046;&#046;&#046;\" \/>\n<meta property=\"og:url\" content=\"https:\/\/noti-america.com\/site\/ecuador\/2020\/05\/01\/por-que-una-vacuna-contra-el-coronavirus-tarda-mas-de-un-ano-en-producirse-y-por-que-es-increiblemente-rapido\/\" \/>\n<meta property=\"og:site_name\" content=\"Ecuador | Noti-America.com\" \/>\n<meta property=\"article:published_time\" content=\"2020-05-01T23:58:10+00:00\" \/>\n<meta property=\"og:image\" content=\"https:\/\/noti-america.com\/site\/ecuador\/wp-content\/uploads\/sites\/18\/2020\/05\/Vacuna-coronavirus.jpg\" \/>\n\t<meta property=\"og:image:width\" content=\"1008\" \/>\n\t<meta property=\"og:image:height\" content=\"435\" \/>\n\t<meta property=\"og:image:type\" content=\"image\/jpeg\" \/>\n<meta name=\"author\" content=\"Gregory Quintana Montiel\" \/>\n<meta name=\"twitter:card\" content=\"summary_large_image\" \/>\n<meta name=\"twitter:creator\" content=\"@gdgregori1\" \/>\n<meta name=\"twitter:site\" content=\"@notiamerica\" \/>\n<meta name=\"twitter:label1\" content=\"Escrito por\" \/>\n\t<meta name=\"twitter:data1\" content=\"Gregory Quintana Montiel\" \/>\n\t<meta name=\"twitter:label2\" content=\"Tiempo estimado de lectura\" \/>\n\t<meta name=\"twitter:data2\" content=\"7 minutos\" \/>\n<script type=\"application\/ld+json\" class=\"yoast-schema-graph\">{\"@context\":\"https:\/\/schema.org\",\"@graph\":[{\"@type\":\"Article\",\"@id\":\"https:\/\/noti-america.com\/site\/ecuador\/2020\/05\/01\/por-que-una-vacuna-contra-el-coronavirus-tarda-mas-de-un-ano-en-producirse-y-por-que-es-increiblemente-rapido\/#article\",\"isPartOf\":{\"@id\":\"https:\/\/noti-america.com\/site\/ecuador\/2020\/05\/01\/por-que-una-vacuna-contra-el-coronavirus-tarda-mas-de-un-ano-en-producirse-y-por-que-es-increiblemente-rapido\/\"},\"author\":{\"name\":\"Gregory Quintana Montiel\",\"@id\":\"https:\/\/noti-america.com\/site\/ecuador\/#\/schema\/person\/3b975e42f15abfe64bfe3abdd916efda\"},\"headline\":\"Por qu\u00e9 una vacuna contra el coronavirus tarda m\u00e1s de un a\u00f1o en producirse y por qu\u00e9 es incre\u00edblemente r\u00e1pido\",\"datePublished\":\"2020-05-01T23:58:10+00:00\",\"mainEntityOfPage\":{\"@id\":\"https:\/\/noti-america.com\/site\/ecuador\/2020\/05\/01\/por-que-una-vacuna-contra-el-coronavirus-tarda-mas-de-un-ano-en-producirse-y-por-que-es-increiblemente-rapido\/\"},\"wordCount\":1413,\"commentCount\":0,\"publisher\":{\"@id\":\"https:\/\/noti-america.com\/site\/ecuador\/#organization\"},\"image\":{\"@id\":\"https:\/\/noti-america.com\/site\/ecuador\/2020\/05\/01\/por-que-una-vacuna-contra-el-coronavirus-tarda-mas-de-un-ano-en-producirse-y-por-que-es-increiblemente-rapido\/#primaryimage\"},\"thumbnailUrl\":\"https:\/\/noti-america.com\/site\/ecuador\/wp-content\/uploads\/sites\/18\/2020\/05\/Vacuna-coronavirus.jpg\",\"articleSection\":[\"Salud\"],\"inLanguage\":\"es\",\"potentialAction\":[{\"@type\":\"CommentAction\",\"name\":\"Comment\",\"target\":[\"https:\/\/noti-america.com\/site\/ecuador\/2020\/05\/01\/por-que-una-vacuna-contra-el-coronavirus-tarda-mas-de-un-ano-en-producirse-y-por-que-es-increiblemente-rapido\/#respond\"]}]},{\"@type\":\"WebPage\",\"@id\":\"https:\/\/noti-america.com\/site\/ecuador\/2020\/05\/01\/por-que-una-vacuna-contra-el-coronavirus-tarda-mas-de-un-ano-en-producirse-y-por-que-es-increiblemente-rapido\/\",\"url\":\"https:\/\/noti-america.com\/site\/ecuador\/2020\/05\/01\/por-que-una-vacuna-contra-el-coronavirus-tarda-mas-de-un-ano-en-producirse-y-por-que-es-increiblemente-rapido\/\",\"name\":\"Por qu\u00e9 una vacuna contra el coronavirus tarda m\u00e1s de un a\u00f1o en producirse y por qu\u00e9 es incre\u00edblemente r\u00e1pido - Ecuador | Noti-America.com\",\"isPartOf\":{\"@id\":\"https:\/\/noti-america.com\/site\/ecuador\/#website\"},\"primaryImageOfPage\":{\"@id\":\"https:\/\/noti-america.com\/site\/ecuador\/2020\/05\/01\/por-que-una-vacuna-contra-el-coronavirus-tarda-mas-de-un-ano-en-producirse-y-por-que-es-increiblemente-rapido\/#primaryimage\"},\"image\":{\"@id\":\"https:\/\/noti-america.com\/site\/ecuador\/2020\/05\/01\/por-que-una-vacuna-contra-el-coronavirus-tarda-mas-de-un-ano-en-producirse-y-por-que-es-increiblemente-rapido\/#primaryimage\"},\"thumbnailUrl\":\"https:\/\/noti-america.com\/site\/ecuador\/wp-content\/uploads\/sites\/18\/2020\/05\/Vacuna-coronavirus.jpg\",\"datePublished\":\"2020-05-01T23:58:10+00:00\",\"breadcrumb\":{\"@id\":\"https:\/\/noti-america.com\/site\/ecuador\/2020\/05\/01\/por-que-una-vacuna-contra-el-coronavirus-tarda-mas-de-un-ano-en-producirse-y-por-que-es-increiblemente-rapido\/#breadcrumb\"},\"inLanguage\":\"es\",\"potentialAction\":[{\"@type\":\"ReadAction\",\"target\":[\"https:\/\/noti-america.com\/site\/ecuador\/2020\/05\/01\/por-que-una-vacuna-contra-el-coronavirus-tarda-mas-de-un-ano-en-producirse-y-por-que-es-increiblemente-rapido\/\"]}]},{\"@type\":\"ImageObject\",\"inLanguage\":\"es\",\"@id\":\"https:\/\/noti-america.com\/site\/ecuador\/2020\/05\/01\/por-que-una-vacuna-contra-el-coronavirus-tarda-mas-de-un-ano-en-producirse-y-por-que-es-increiblemente-rapido\/#primaryimage\",\"url\":\"https:\/\/noti-america.com\/site\/ecuador\/wp-content\/uploads\/sites\/18\/2020\/05\/Vacuna-coronavirus.jpg\",\"contentUrl\":\"https:\/\/noti-america.com\/site\/ecuador\/wp-content\/uploads\/sites\/18\/2020\/05\/Vacuna-coronavirus.jpg\",\"width\":1008,\"height\":435},{\"@type\":\"BreadcrumbList\",\"@id\":\"https:\/\/noti-america.com\/site\/ecuador\/2020\/05\/01\/por-que-una-vacuna-contra-el-coronavirus-tarda-mas-de-un-ano-en-producirse-y-por-que-es-increiblemente-rapido\/#breadcrumb\",\"itemListElement\":[{\"@type\":\"ListItem\",\"position\":1,\"name\":\"Portada\",\"item\":\"https:\/\/noti-america.com\/site\/ecuador\/\"},{\"@type\":\"ListItem\",\"position\":2,\"name\":\"Por qu\u00e9 una vacuna contra el coronavirus tarda m\u00e1s de un a\u00f1o en producirse y por qu\u00e9 es incre\u00edblemente r\u00e1pido\"}]},{\"@type\":\"WebSite\",\"@id\":\"https:\/\/noti-america.com\/site\/ecuador\/#website\",\"url\":\"https:\/\/noti-america.com\/site\/ecuador\/\",\"name\":\"Ecuador | Noti-America.com\",\"description\":\"\",\"publisher\":{\"@id\":\"https:\/\/noti-america.com\/site\/ecuador\/#organization\"},\"potentialAction\":[{\"@type\":\"SearchAction\",\"target\":{\"@type\":\"EntryPoint\",\"urlTemplate\":\"https:\/\/noti-america.com\/site\/ecuador\/?s={search_term_string}\"},\"query-input\":{\"@type\":\"PropertyValueSpecification\",\"valueRequired\":true,\"valueName\":\"search_term_string\"}}],\"inLanguage\":\"es\"},{\"@type\":\"Organization\",\"@id\":\"https:\/\/noti-america.com\/site\/ecuador\/#organization\",\"name\":\"Noti-America LLC | Ecuador\",\"url\":\"https:\/\/noti-america.com\/site\/ecuador\/\",\"logo\":{\"@type\":\"ImageObject\",\"inLanguage\":\"es\",\"@id\":\"https:\/\/noti-america.com\/site\/ecuador\/#\/schema\/logo\/image\/\",\"url\":\"https:\/\/noti-america.com\/site\/ecuador\/wp-content\/uploads\/sites\/18\/2020\/07\/LogoNA-4x3-1.jpg\",\"contentUrl\":\"https:\/\/noti-america.com\/site\/ecuador\/wp-content\/uploads\/sites\/18\/2020\/07\/LogoNA-4x3-1.jpg\",\"width\":1236,\"height\":1080,\"caption\":\"Noti-America LLC | Ecuador\"},\"image\":{\"@id\":\"https:\/\/noti-america.com\/site\/ecuador\/#\/schema\/logo\/image\/\"},\"sameAs\":[\"https:\/\/x.com\/notiamerica\"]},{\"@type\":\"Person\",\"@id\":\"https:\/\/noti-america.com\/site\/ecuador\/#\/schema\/person\/3b975e42f15abfe64bfe3abdd916efda\",\"name\":\"Gregory Quintana Montiel\",\"image\":{\"@type\":\"ImageObject\",\"inLanguage\":\"es\",\"@id\":\"https:\/\/secure.gravatar.com\/avatar\/2d6b802f7720c2ec7744dcbe608cc2f3417aeb964d58b443c6d612b77531de1d?s=96&d=mm&r=g\",\"url\":\"https:\/\/secure.gravatar.com\/avatar\/2d6b802f7720c2ec7744dcbe608cc2f3417aeb964d58b443c6d612b77531de1d?s=96&d=mm&r=g\",\"contentUrl\":\"https:\/\/secure.gravatar.com\/avatar\/2d6b802f7720c2ec7744dcbe608cc2f3417aeb964d58b443c6d612b77531de1d?s=96&d=mm&r=g\",\"caption\":\"Gregory Quintana Montiel\"},\"description\":\"Licenciatura en Ciencias de la Comunicaci\u00f3n Social, egresado en la Especializaci\u00f3n Derecho Ambiental Desarrollo Sostenible y Sustentable, Miembro de la Comunidad de profesionales y experto para Latinoam\u00e9rica y el Caribe en Gesti\u00f3n por Resultado en el Desarrollo (COPLAC - GpRD) del Banco Interamericano de Desarrollo, experiencia en medios radiales y escritos.\",\"sameAs\":[\"https:\/\/x.com\/gdgregori1\",\"gquintana\"],\"url\":\"https:\/\/noti-america.com\/site\/ecuador\/author\/gquintana\/\"}]}<\/script>\n<!-- \/ Yoast SEO Premium plugin. -->","yoast_head_json":{"title":"Por qu\u00e9 una vacuna contra el coronavirus tarda m\u00e1s de un a\u00f1o en producirse y por qu\u00e9 es incre\u00edblemente r\u00e1pido - Ecuador | Noti-America.com","robots":{"index":"index","follow":"follow","max-snippet":"max-snippet:-1","max-image-preview":"max-image-preview:large","max-video-preview":"max-video-preview:-1"},"canonical":"https:\/\/noti-america.com\/site\/ecuador\/2020\/05\/01\/por-que-una-vacuna-contra-el-coronavirus-tarda-mas-de-un-ano-en-producirse-y-por-que-es-increiblemente-rapido\/","og_locale":"es_ES","og_type":"article","og_title":"Por qu\u00e9 una vacuna contra el coronavirus tarda m\u00e1s de un a\u00f1o en producirse y por qu\u00e9 es incre\u00edblemente r\u00e1pido","og_description":"REDACCI\u00d3N NOTI AM\u00c9RICA (ECUADOR) La comunidad internacional est\u00e1 trabajando junta como nunca antes para producir una vacuna contra el coronavirus. Si se desarrolla una vacuna en la l\u00ednea de tiempo prevista, entonces las personas&#46;&#46;&#46;","og_url":"https:\/\/noti-america.com\/site\/ecuador\/2020\/05\/01\/por-que-una-vacuna-contra-el-coronavirus-tarda-mas-de-un-ano-en-producirse-y-por-que-es-increiblemente-rapido\/","og_site_name":"Ecuador | Noti-America.com","article_published_time":"2020-05-01T23:58:10+00:00","og_image":[{"width":1008,"height":435,"url":"https:\/\/noti-america.com\/site\/ecuador\/wp-content\/uploads\/sites\/18\/2020\/05\/Vacuna-coronavirus.jpg","type":"image\/jpeg"}],"author":"Gregory Quintana Montiel","twitter_card":"summary_large_image","twitter_creator":"@gdgregori1","twitter_site":"@notiamerica","twitter_misc":{"Escrito por":"Gregory Quintana Montiel","Tiempo estimado de lectura":"7 minutos"},"schema":{"@context":"https:\/\/schema.org","@graph":[{"@type":"Article","@id":"https:\/\/noti-america.com\/site\/ecuador\/2020\/05\/01\/por-que-una-vacuna-contra-el-coronavirus-tarda-mas-de-un-ano-en-producirse-y-por-que-es-increiblemente-rapido\/#article","isPartOf":{"@id":"https:\/\/noti-america.com\/site\/ecuador\/2020\/05\/01\/por-que-una-vacuna-contra-el-coronavirus-tarda-mas-de-un-ano-en-producirse-y-por-que-es-increiblemente-rapido\/"},"author":{"name":"Gregory Quintana Montiel","@id":"https:\/\/noti-america.com\/site\/ecuador\/#\/schema\/person\/3b975e42f15abfe64bfe3abdd916efda"},"headline":"Por qu\u00e9 una vacuna contra el coronavirus tarda m\u00e1s de un a\u00f1o en producirse y por qu\u00e9 es incre\u00edblemente r\u00e1pido","datePublished":"2020-05-01T23:58:10+00:00","mainEntityOfPage":{"@id":"https:\/\/noti-america.com\/site\/ecuador\/2020\/05\/01\/por-que-una-vacuna-contra-el-coronavirus-tarda-mas-de-un-ano-en-producirse-y-por-que-es-increiblemente-rapido\/"},"wordCount":1413,"commentCount":0,"publisher":{"@id":"https:\/\/noti-america.com\/site\/ecuador\/#organization"},"image":{"@id":"https:\/\/noti-america.com\/site\/ecuador\/2020\/05\/01\/por-que-una-vacuna-contra-el-coronavirus-tarda-mas-de-un-ano-en-producirse-y-por-que-es-increiblemente-rapido\/#primaryimage"},"thumbnailUrl":"https:\/\/noti-america.com\/site\/ecuador\/wp-content\/uploads\/sites\/18\/2020\/05\/Vacuna-coronavirus.jpg","articleSection":["Salud"],"inLanguage":"es","potentialAction":[{"@type":"CommentAction","name":"Comment","target":["https:\/\/noti-america.com\/site\/ecuador\/2020\/05\/01\/por-que-una-vacuna-contra-el-coronavirus-tarda-mas-de-un-ano-en-producirse-y-por-que-es-increiblemente-rapido\/#respond"]}]},{"@type":"WebPage","@id":"https:\/\/noti-america.com\/site\/ecuador\/2020\/05\/01\/por-que-una-vacuna-contra-el-coronavirus-tarda-mas-de-un-ano-en-producirse-y-por-que-es-increiblemente-rapido\/","url":"https:\/\/noti-america.com\/site\/ecuador\/2020\/05\/01\/por-que-una-vacuna-contra-el-coronavirus-tarda-mas-de-un-ano-en-producirse-y-por-que-es-increiblemente-rapido\/","name":"Por qu\u00e9 una vacuna contra el coronavirus tarda m\u00e1s de un a\u00f1o en producirse y por qu\u00e9 es incre\u00edblemente r\u00e1pido - Ecuador | Noti-America.com","isPartOf":{"@id":"https:\/\/noti-america.com\/site\/ecuador\/#website"},"primaryImageOfPage":{"@id":"https:\/\/noti-america.com\/site\/ecuador\/2020\/05\/01\/por-que-una-vacuna-contra-el-coronavirus-tarda-mas-de-un-ano-en-producirse-y-por-que-es-increiblemente-rapido\/#primaryimage"},"image":{"@id":"https:\/\/noti-america.com\/site\/ecuador\/2020\/05\/01\/por-que-una-vacuna-contra-el-coronavirus-tarda-mas-de-un-ano-en-producirse-y-por-que-es-increiblemente-rapido\/#primaryimage"},"thumbnailUrl":"https:\/\/noti-america.com\/site\/ecuador\/wp-content\/uploads\/sites\/18\/2020\/05\/Vacuna-coronavirus.jpg","datePublished":"2020-05-01T23:58:10+00:00","breadcrumb":{"@id":"https:\/\/noti-america.com\/site\/ecuador\/2020\/05\/01\/por-que-una-vacuna-contra-el-coronavirus-tarda-mas-de-un-ano-en-producirse-y-por-que-es-increiblemente-rapido\/#breadcrumb"},"inLanguage":"es","potentialAction":[{"@type":"ReadAction","target":["https:\/\/noti-america.com\/site\/ecuador\/2020\/05\/01\/por-que-una-vacuna-contra-el-coronavirus-tarda-mas-de-un-ano-en-producirse-y-por-que-es-increiblemente-rapido\/"]}]},{"@type":"ImageObject","inLanguage":"es","@id":"https:\/\/noti-america.com\/site\/ecuador\/2020\/05\/01\/por-que-una-vacuna-contra-el-coronavirus-tarda-mas-de-un-ano-en-producirse-y-por-que-es-increiblemente-rapido\/#primaryimage","url":"https:\/\/noti-america.com\/site\/ecuador\/wp-content\/uploads\/sites\/18\/2020\/05\/Vacuna-coronavirus.jpg","contentUrl":"https:\/\/noti-america.com\/site\/ecuador\/wp-content\/uploads\/sites\/18\/2020\/05\/Vacuna-coronavirus.jpg","width":1008,"height":435},{"@type":"BreadcrumbList","@id":"https:\/\/noti-america.com\/site\/ecuador\/2020\/05\/01\/por-que-una-vacuna-contra-el-coronavirus-tarda-mas-de-un-ano-en-producirse-y-por-que-es-increiblemente-rapido\/#breadcrumb","itemListElement":[{"@type":"ListItem","position":1,"name":"Portada","item":"https:\/\/noti-america.com\/site\/ecuador\/"},{"@type":"ListItem","position":2,"name":"Por qu\u00e9 una vacuna contra el coronavirus tarda m\u00e1s de un a\u00f1o en producirse y por qu\u00e9 es incre\u00edblemente r\u00e1pido"}]},{"@type":"WebSite","@id":"https:\/\/noti-america.com\/site\/ecuador\/#website","url":"https:\/\/noti-america.com\/site\/ecuador\/","name":"Ecuador | Noti-America.com","description":"","publisher":{"@id":"https:\/\/noti-america.com\/site\/ecuador\/#organization"},"potentialAction":[{"@type":"SearchAction","target":{"@type":"EntryPoint","urlTemplate":"https:\/\/noti-america.com\/site\/ecuador\/?s={search_term_string}"},"query-input":{"@type":"PropertyValueSpecification","valueRequired":true,"valueName":"search_term_string"}}],"inLanguage":"es"},{"@type":"Organization","@id":"https:\/\/noti-america.com\/site\/ecuador\/#organization","name":"Noti-America LLC | Ecuador","url":"https:\/\/noti-america.com\/site\/ecuador\/","logo":{"@type":"ImageObject","inLanguage":"es","@id":"https:\/\/noti-america.com\/site\/ecuador\/#\/schema\/logo\/image\/","url":"https:\/\/noti-america.com\/site\/ecuador\/wp-content\/uploads\/sites\/18\/2020\/07\/LogoNA-4x3-1.jpg","contentUrl":"https:\/\/noti-america.com\/site\/ecuador\/wp-content\/uploads\/sites\/18\/2020\/07\/LogoNA-4x3-1.jpg","width":1236,"height":1080,"caption":"Noti-America LLC | Ecuador"},"image":{"@id":"https:\/\/noti-america.com\/site\/ecuador\/#\/schema\/logo\/image\/"},"sameAs":["https:\/\/x.com\/notiamerica"]},{"@type":"Person","@id":"https:\/\/noti-america.com\/site\/ecuador\/#\/schema\/person\/3b975e42f15abfe64bfe3abdd916efda","name":"Gregory Quintana Montiel","image":{"@type":"ImageObject","inLanguage":"es","@id":"https:\/\/secure.gravatar.com\/avatar\/2d6b802f7720c2ec7744dcbe608cc2f3417aeb964d58b443c6d612b77531de1d?s=96&d=mm&r=g","url":"https:\/\/secure.gravatar.com\/avatar\/2d6b802f7720c2ec7744dcbe608cc2f3417aeb964d58b443c6d612b77531de1d?s=96&d=mm&r=g","contentUrl":"https:\/\/secure.gravatar.com\/avatar\/2d6b802f7720c2ec7744dcbe608cc2f3417aeb964d58b443c6d612b77531de1d?s=96&d=mm&r=g","caption":"Gregory Quintana Montiel"},"description":"Licenciatura en Ciencias de la Comunicaci\u00f3n Social, egresado en la Especializaci\u00f3n Derecho Ambiental Desarrollo Sostenible y Sustentable, Miembro de la Comunidad de profesionales y experto para Latinoam\u00e9rica y el Caribe en Gesti\u00f3n por Resultado en el Desarrollo (COPLAC - GpRD) del Banco Interamericano de Desarrollo, experiencia en medios radiales y escritos.","sameAs":["https:\/\/x.com\/gdgregori1","gquintana"],"url":"https:\/\/noti-america.com\/site\/ecuador\/author\/gquintana\/"}]}},"_links":{"self":[{"href":"https:\/\/noti-america.com\/site\/ecuador\/wp-json\/wp\/v2\/posts\/8303","targetHints":{"allow":["GET"]}}],"collection":[{"href":"https:\/\/noti-america.com\/site\/ecuador\/wp-json\/wp\/v2\/posts"}],"about":[{"href":"https:\/\/noti-america.com\/site\/ecuador\/wp-json\/wp\/v2\/types\/post"}],"author":[{"embeddable":true,"href":"https:\/\/noti-america.com\/site\/ecuador\/wp-json\/wp\/v2\/users\/17"}],"replies":[{"embeddable":true,"href":"https:\/\/noti-america.com\/site\/ecuador\/wp-json\/wp\/v2\/comments?post=8303"}],"version-history":[{"count":1,"href":"https:\/\/noti-america.com\/site\/ecuador\/wp-json\/wp\/v2\/posts\/8303\/revisions"}],"predecessor-version":[{"id":8305,"href":"https:\/\/noti-america.com\/site\/ecuador\/wp-json\/wp\/v2\/posts\/8303\/revisions\/8305"}],"wp:featuredmedia":[{"embeddable":true,"href":"https:\/\/noti-america.com\/site\/ecuador\/wp-json\/wp\/v2\/media\/8304"}],"wp:attachment":[{"href":"https:\/\/noti-america.com\/site\/ecuador\/wp-json\/wp\/v2\/media?parent=8303"}],"wp:term":[{"taxonomy":"category","embeddable":true,"href":"https:\/\/noti-america.com\/site\/ecuador\/wp-json\/wp\/v2\/categories?post=8303"},{"taxonomy":"post_tag","embeddable":true,"href":"https:\/\/noti-america.com\/site\/ecuador\/wp-json\/wp\/v2\/tags?post=8303"}],"curies":[{"name":"wp","href":"https:\/\/api.w.org\/{rel}","templated":true}]}}