{"id":8278,"date":"2020-05-01T02:05:53","date_gmt":"2020-05-01T02:05:53","guid":{"rendered":"http:\/\/noti-america.com\/site\/ecuador\/?p=8278"},"modified":"2020-05-01T02:05:53","modified_gmt":"2020-05-01T02:05:53","slug":"ecuador-alcaldes-solicitan-al-gobierno-central-extender-hasta-el-17-de-mayo-el-periodo-de-aislamiento","status":"publish","type":"post","link":"https:\/\/noti-america.com\/site\/ecuador\/2020\/05\/01\/ecuador-alcaldes-solicitan-al-gobierno-central-extender-hasta-el-17-de-mayo-el-periodo-de-aislamiento\/","title":{"rendered":"Ecuador: Alcaldes solicitan al gobierno central extender hasta el 17 de mayo el periodo de aislamiento"},"content":{"rendered":"<p>REDACCI\u00d3N NOTI AM\u00c9RICA (ECUADOR)<\/p>\n<p><img decoding=\"async\" class=\"aligncenter\" src=\"http:\/\/noti-america.com\/site\/ecuador\/wp-content\/uploads\/sites\/18\/2020\/05\/Secci%C3%B3n-AME-Virtual-320x320.jpg\" \/><\/p>\n<div class=\"gmail-below-entry-meta\" style=\"text-align: justify\">El Comit\u00e9 Ejecutivo de la Asociaci\u00f3n de Municipalidades Ecuatorianas, encabezado por el presidente del gremio, Ra\u00fal Delgado y el director Ejecutivo, Luis Mario Barsallo; los municipios del pa\u00eds acordaron varias resoluciones conjuntas para enfrentar la Emergencia Sanitaria. En la jornada participaron los alcaldes de Quito, Jorge Yunda; de Guayaquil, Cynthia Viteri; de Cuenca, Pedro Palacios; de Machala, Dar\u00edo Macas; de Santa Luc\u00eda, Edson Alvarado; y las autoridades del Gobierno Nacional: ministra de Gobierno, Mar\u00eda Paula Romo; ministro de Salud P\u00fablica, Juan Zevallos; director general del Sistema Integrado ECU 911, Juan Zapata, y el comandante de la Polic\u00eda Nacional, Hern\u00e1n Patricio Carrillo.<\/div>\n<div class=\"entry-content gmail-clearfix\">\n<p style=\"text-align: justify\">Una de las primera peticiones fue solicitar al Gobierno Nacional extender el per\u00edodo de aislamiento en todos los cantones del pa\u00eds por dos semanas adicionales a partir del 4 de mayo, es decir, hasta el 17 de mayo, con el fin de precautelar la salud y la vida de los ciudadanos y en vista de que en las sesiones de los siete Comit\u00e9s Regionales de la AME los alcaldes acordaron mantener a todos los cantones en color rojo a partir de fecha establecida por el COE Nacional.<\/p>\n<p style=\"text-align: justify\">Esto, teniendo en cuenta la actual capacidad del sistema de salud, la posibilidad de realizar pruebas de detecci\u00f3n temprana y el comportamiento de la poblaci\u00f3n frente a las medidas de bioseguridad para evitar contagios. Para determinar el cambio de etapa, se propuso realizar una reuni\u00f3n t\u00e9cnica semanal donde se discuta el comportamiento de la crisis y la situaci\u00f3n de los cantones.<\/p>\n<p style=\"text-align: justify\">El presidente Nacional de la AME, expres\u00f3 que estas decisiones son un compromiso con la poblaci\u00f3n. \u00abJam\u00e1s le daremos la espalda a nuestros ciudadanos, estamos enfrentando la Emergencia Sanitaria con valent\u00eda, con sacrificio, y pensando en el bienestar de nuestras poblaciones. Sabemos que la ciudadan\u00eda conf\u00eda en nosotros, en que tomemos las mejores decisiones para que la crisis termine y podamos recuperarnos\u00bb, mencion\u00f3.<\/p>\n<p style=\"text-align: justify\">Delgado record\u00f3 que desde el inicio de la emergencia han sido los Alcaldes quienes han enfrentado la crisis en territorio garantizando servicios b\u00e1sicos para la poblaci\u00f3n, recolecci\u00f3n de desechos, seguridad alimentaria, movilidad y otras necesidades incluso m\u00e1s all\u00e1 de las competencias municipales.<\/p>\n<p style=\"text-align: justify\">Adem\u00e1s, se acord\u00f3 continuar con todas las gestiones que permitan, dentro de las capacidades del Estado, la entrega de asignaciones pendientes a los Municipios, priorizando a aquellos cabildos que no cuentan con recursos para enfrentar la emergencia y a los m\u00e1s afectados por la propagaci\u00f3n del virus.<\/p>\n<p style=\"text-align: justify\">Por otro lado, se solicit\u00f3 a la Ministra de Gobierno, al Ministro de Salud, al Director General del ECU 911 y al Comandante General de la Polic\u00eda, seg\u00fan sus competencias, sistematizar las cifras y entregarlas a los Comit\u00e9s de Operaciones de Emergencia (COE) Provinciales de forma oportuna y clara con la finalidad de que sean estos elementos los que permitan a los COE Cantonales tomar las medidas correctas en sus localidades.<\/p>\n<p style=\"text-align: justify\">Las autoridades del Gobierno Nacional se comprometieron a trabajar de la mano con los alcaldes a fin de que cuenten con toda la informaci\u00f3n y se subsanen aspectos pendientes relacionados con las competencias del Ejecutivo, previo a la toma de decisiones. Sobre esto, la ministra Romo puntualiz\u00f3 que la \u00fanica forma de salir de la emergencia, y cambiar de etapa de aislamiento a distanciamiento, ser\u00e1 un trabajo coordinado entre todos los niveles de gobierno.<\/p>\n<p style=\"text-align: justify\">Otra de las resoluciones del Comit\u00e9 Ejecutivo de AME fue establecer mecanismos de trabajo permanente, a trav\u00e9s de una comisi\u00f3n t\u00e9cnica del gremio, con la Contralor\u00eda General del Estado a fin de evitar sanciones o glosas que puedan ocurrir por las contrataciones que realizan las Alcald\u00edas dentro del Estado de Emergencia que vive el pa\u00eds.<\/p>\n<p style=\"text-align: justify\">Por otro lado, se solicit\u00f3 al Ministerio de Salud P\u00fablica que se establezca como grupo de atenci\u00f3n prioritaria por el alto riesgo de contagio, a los funcionarios municipales que atienden la emergencia en primera l\u00ednea. Este pedido se sustenta teniendo en cuenta que 18 alcaldes fueron contagiados con COVID19, y 108 funcionarios municipales perdieron la vida a causa del virus, incluido el vicealcalde de Salitre, Jorge Semer\u00eda.<\/p>\n<p style=\"text-align: justify\">El compromiso de la AME ser\u00e1 seguir trabajando de forma articulada con todos los niveles de Gobierno con la intenci\u00f3n de que los alcaldes cuenten con toda la informaci\u00f3n para la toma de decisiones y con un canal permanente para trasladar las inquietudes y dificultades de todos los cantones para que puedan ser tratadas por el Ejecutivo.<\/p>\n<p style=\"text-align: justify;background: white;vertical-align: baseline;margin: 0cm 0cm 12.0pt 0cm\"><span style=\"font-size: 13.5pt;font-family: 'Arial','sans-serif';color: #666666\">#Qu\u00e9dateEnCasa<\/span><\/p>\n<\/div>\n","protected":false},"excerpt":{"rendered":"<p>REDACCI\u00d3N NOTI AM\u00c9RICA (ECUADOR) El Comit\u00e9 Ejecutivo de la Asociaci\u00f3n de Municipalidades Ecuatorianas, encabezado por el presidente del gremio, Ra\u00fal Delgado y el director Ejecutivo, Luis Mario Barsallo; los municipios del pa\u00eds acordaron varias&#46;&#46;&#46;<\/p>\n","protected":false},"author":17,"featured_media":8279,"comment_status":"open","ping_status":"open","sticky":false,"template":"","format":"standard","meta":{"_acf_changed":false,"om_disable_all_campaigns":false,"rop_custom_images_group":[],"rop_custom_messages_group":[],"rop_publish_now":"initial","rop_publish_now_accounts":{"twitter_242054905_242054905":""},"rop_publish_now_history":[],"rop_publish_now_status":"pending","_uf_show_specific_survey":0,"_uf_disable_surveys":false,"footnotes":""},"categories":[42],"tags":[],"class_list":["post-8278","post","type-post","status-publish","format-standard","has-post-thumbnail","hentry","category-noticias"],"acf":[],"aioseo_notices":[],"yoast_head":"<!-- This site is optimized with the Yoast SEO Premium plugin v24.9 (Yoast SEO v27.2) - https:\/\/yoast.com\/product\/yoast-seo-premium-wordpress\/ -->\n<title>Ecuador: Alcaldes solicitan al gobierno central extender hasta el 17 de mayo el periodo de aislamiento - Ecuador | Noti-America.com<\/title>\n<meta name=\"robots\" content=\"index, follow, max-snippet:-1, max-image-preview:large, max-video-preview:-1\" \/>\n<link rel=\"canonical\" href=\"https:\/\/noti-america.com\/site\/ecuador\/2020\/05\/01\/ecuador-alcaldes-solicitan-al-gobierno-central-extender-hasta-el-17-de-mayo-el-periodo-de-aislamiento\/\" \/>\n<meta property=\"og:locale\" content=\"es_ES\" \/>\n<meta property=\"og:type\" content=\"article\" \/>\n<meta property=\"og:title\" content=\"Ecuador: Alcaldes solicitan al gobierno central extender hasta el 17 de mayo el periodo de aislamiento\" \/>\n<meta property=\"og:description\" content=\"REDACCI\u00d3N NOTI AM\u00c9RICA (ECUADOR) El Comit\u00e9 Ejecutivo de la Asociaci\u00f3n de Municipalidades Ecuatorianas, encabezado por el presidente del gremio, Ra\u00fal Delgado y el director Ejecutivo, Luis Mario Barsallo; los municipios del pa\u00eds acordaron varias&#046;&#046;&#046;\" \/>\n<meta property=\"og:url\" content=\"https:\/\/noti-america.com\/site\/ecuador\/2020\/05\/01\/ecuador-alcaldes-solicitan-al-gobierno-central-extender-hasta-el-17-de-mayo-el-periodo-de-aislamiento\/\" \/>\n<meta property=\"og:site_name\" content=\"Ecuador | Noti-America.com\" \/>\n<meta property=\"article:published_time\" content=\"2020-05-01T02:05:53+00:00\" \/>\n<meta property=\"og:image\" content=\"https:\/\/noti-america.com\/site\/ecuador\/wp-content\/uploads\/sites\/18\/2020\/05\/Secci\u00f3n-AME-Virtual.jpg\" \/>\n\t<meta property=\"og:image:width\" content=\"1280\" \/>\n\t<meta property=\"og:image:height\" content=\"838\" \/>\n\t<meta property=\"og:image:type\" content=\"image\/jpeg\" \/>\n<meta name=\"author\" content=\"Gregory Quintana Montiel\" \/>\n<meta name=\"twitter:card\" content=\"summary_large_image\" \/>\n<meta name=\"twitter:creator\" content=\"@gdgregori1\" \/>\n<meta name=\"twitter:site\" content=\"@notiamerica\" \/>\n<meta name=\"twitter:label1\" content=\"Escrito por\" \/>\n\t<meta name=\"twitter:data1\" content=\"Gregory Quintana Montiel\" \/>\n\t<meta name=\"twitter:label2\" content=\"Tiempo estimado de lectura\" \/>\n\t<meta name=\"twitter:data2\" content=\"4 minutos\" \/>\n<script type=\"application\/ld+json\" class=\"yoast-schema-graph\">{\"@context\":\"https:\/\/schema.org\",\"@graph\":[{\"@type\":\"Article\",\"@id\":\"https:\/\/noti-america.com\/site\/ecuador\/2020\/05\/01\/ecuador-alcaldes-solicitan-al-gobierno-central-extender-hasta-el-17-de-mayo-el-periodo-de-aislamiento\/#article\",\"isPartOf\":{\"@id\":\"https:\/\/noti-america.com\/site\/ecuador\/2020\/05\/01\/ecuador-alcaldes-solicitan-al-gobierno-central-extender-hasta-el-17-de-mayo-el-periodo-de-aislamiento\/\"},\"author\":{\"name\":\"Gregory Quintana Montiel\",\"@id\":\"https:\/\/noti-america.com\/site\/ecuador\/#\/schema\/person\/3b975e42f15abfe64bfe3abdd916efda\"},\"headline\":\"Ecuador: Alcaldes solicitan al gobierno central extender hasta el 17 de mayo el periodo de aislamiento\",\"datePublished\":\"2020-05-01T02:05:53+00:00\",\"mainEntityOfPage\":{\"@id\":\"https:\/\/noti-america.com\/site\/ecuador\/2020\/05\/01\/ecuador-alcaldes-solicitan-al-gobierno-central-extender-hasta-el-17-de-mayo-el-periodo-de-aislamiento\/\"},\"wordCount\":787,\"commentCount\":0,\"publisher\":{\"@id\":\"https:\/\/noti-america.com\/site\/ecuador\/#organization\"},\"image\":{\"@id\":\"https:\/\/noti-america.com\/site\/ecuador\/2020\/05\/01\/ecuador-alcaldes-solicitan-al-gobierno-central-extender-hasta-el-17-de-mayo-el-periodo-de-aislamiento\/#primaryimage\"},\"thumbnailUrl\":\"https:\/\/noti-america.com\/site\/ecuador\/wp-content\/uploads\/sites\/18\/2020\/05\/Secci\u00f3n-AME-Virtual.jpg\",\"articleSection\":[\"Noticias\"],\"inLanguage\":\"es\",\"potentialAction\":[{\"@type\":\"CommentAction\",\"name\":\"Comment\",\"target\":[\"https:\/\/noti-america.com\/site\/ecuador\/2020\/05\/01\/ecuador-alcaldes-solicitan-al-gobierno-central-extender-hasta-el-17-de-mayo-el-periodo-de-aislamiento\/#respond\"]}]},{\"@type\":\"WebPage\",\"@id\":\"https:\/\/noti-america.com\/site\/ecuador\/2020\/05\/01\/ecuador-alcaldes-solicitan-al-gobierno-central-extender-hasta-el-17-de-mayo-el-periodo-de-aislamiento\/\",\"url\":\"https:\/\/noti-america.com\/site\/ecuador\/2020\/05\/01\/ecuador-alcaldes-solicitan-al-gobierno-central-extender-hasta-el-17-de-mayo-el-periodo-de-aislamiento\/\",\"name\":\"Ecuador: Alcaldes solicitan al gobierno central extender hasta el 17 de mayo el periodo de aislamiento - Ecuador | Noti-America.com\",\"isPartOf\":{\"@id\":\"https:\/\/noti-america.com\/site\/ecuador\/#website\"},\"primaryImageOfPage\":{\"@id\":\"https:\/\/noti-america.com\/site\/ecuador\/2020\/05\/01\/ecuador-alcaldes-solicitan-al-gobierno-central-extender-hasta-el-17-de-mayo-el-periodo-de-aislamiento\/#primaryimage\"},\"image\":{\"@id\":\"https:\/\/noti-america.com\/site\/ecuador\/2020\/05\/01\/ecuador-alcaldes-solicitan-al-gobierno-central-extender-hasta-el-17-de-mayo-el-periodo-de-aislamiento\/#primaryimage\"},\"thumbnailUrl\":\"https:\/\/noti-america.com\/site\/ecuador\/wp-content\/uploads\/sites\/18\/2020\/05\/Secci\u00f3n-AME-Virtual.jpg\",\"datePublished\":\"2020-05-01T02:05:53+00:00\",\"breadcrumb\":{\"@id\":\"https:\/\/noti-america.com\/site\/ecuador\/2020\/05\/01\/ecuador-alcaldes-solicitan-al-gobierno-central-extender-hasta-el-17-de-mayo-el-periodo-de-aislamiento\/#breadcrumb\"},\"inLanguage\":\"es\",\"potentialAction\":[{\"@type\":\"ReadAction\",\"target\":[\"https:\/\/noti-america.com\/site\/ecuador\/2020\/05\/01\/ecuador-alcaldes-solicitan-al-gobierno-central-extender-hasta-el-17-de-mayo-el-periodo-de-aislamiento\/\"]}]},{\"@type\":\"ImageObject\",\"inLanguage\":\"es\",\"@id\":\"https:\/\/noti-america.com\/site\/ecuador\/2020\/05\/01\/ecuador-alcaldes-solicitan-al-gobierno-central-extender-hasta-el-17-de-mayo-el-periodo-de-aislamiento\/#primaryimage\",\"url\":\"https:\/\/noti-america.com\/site\/ecuador\/wp-content\/uploads\/sites\/18\/2020\/05\/Secci\u00f3n-AME-Virtual.jpg\",\"contentUrl\":\"https:\/\/noti-america.com\/site\/ecuador\/wp-content\/uploads\/sites\/18\/2020\/05\/Secci\u00f3n-AME-Virtual.jpg\",\"width\":1280,\"height\":838},{\"@type\":\"BreadcrumbList\",\"@id\":\"https:\/\/noti-america.com\/site\/ecuador\/2020\/05\/01\/ecuador-alcaldes-solicitan-al-gobierno-central-extender-hasta-el-17-de-mayo-el-periodo-de-aislamiento\/#breadcrumb\",\"itemListElement\":[{\"@type\":\"ListItem\",\"position\":1,\"name\":\"Portada\",\"item\":\"https:\/\/noti-america.com\/site\/ecuador\/\"},{\"@type\":\"ListItem\",\"position\":2,\"name\":\"Ecuador: Alcaldes solicitan al gobierno central extender hasta el 17 de mayo el periodo de aislamiento\"}]},{\"@type\":\"WebSite\",\"@id\":\"https:\/\/noti-america.com\/site\/ecuador\/#website\",\"url\":\"https:\/\/noti-america.com\/site\/ecuador\/\",\"name\":\"Ecuador | Noti-America.com\",\"description\":\"\",\"publisher\":{\"@id\":\"https:\/\/noti-america.com\/site\/ecuador\/#organization\"},\"potentialAction\":[{\"@type\":\"SearchAction\",\"target\":{\"@type\":\"EntryPoint\",\"urlTemplate\":\"https:\/\/noti-america.com\/site\/ecuador\/?s={search_term_string}\"},\"query-input\":{\"@type\":\"PropertyValueSpecification\",\"valueRequired\":true,\"valueName\":\"search_term_string\"}}],\"inLanguage\":\"es\"},{\"@type\":\"Organization\",\"@id\":\"https:\/\/noti-america.com\/site\/ecuador\/#organization\",\"name\":\"Noti-America LLC | Ecuador\",\"url\":\"https:\/\/noti-america.com\/site\/ecuador\/\",\"logo\":{\"@type\":\"ImageObject\",\"inLanguage\":\"es\",\"@id\":\"https:\/\/noti-america.com\/site\/ecuador\/#\/schema\/logo\/image\/\",\"url\":\"https:\/\/noti-america.com\/site\/ecuador\/wp-content\/uploads\/sites\/18\/2020\/07\/LogoNA-4x3-1.jpg\",\"contentUrl\":\"https:\/\/noti-america.com\/site\/ecuador\/wp-content\/uploads\/sites\/18\/2020\/07\/LogoNA-4x3-1.jpg\",\"width\":1236,\"height\":1080,\"caption\":\"Noti-America LLC | Ecuador\"},\"image\":{\"@id\":\"https:\/\/noti-america.com\/site\/ecuador\/#\/schema\/logo\/image\/\"},\"sameAs\":[\"https:\/\/x.com\/notiamerica\"]},{\"@type\":\"Person\",\"@id\":\"https:\/\/noti-america.com\/site\/ecuador\/#\/schema\/person\/3b975e42f15abfe64bfe3abdd916efda\",\"name\":\"Gregory Quintana Montiel\",\"image\":{\"@type\":\"ImageObject\",\"inLanguage\":\"es\",\"@id\":\"https:\/\/secure.gravatar.com\/avatar\/2d6b802f7720c2ec7744dcbe608cc2f3417aeb964d58b443c6d612b77531de1d?s=96&d=mm&r=g\",\"url\":\"https:\/\/secure.gravatar.com\/avatar\/2d6b802f7720c2ec7744dcbe608cc2f3417aeb964d58b443c6d612b77531de1d?s=96&d=mm&r=g\",\"contentUrl\":\"https:\/\/secure.gravatar.com\/avatar\/2d6b802f7720c2ec7744dcbe608cc2f3417aeb964d58b443c6d612b77531de1d?s=96&d=mm&r=g\",\"caption\":\"Gregory Quintana Montiel\"},\"description\":\"Licenciatura en Ciencias de la Comunicaci\u00f3n Social, egresado en la Especializaci\u00f3n Derecho Ambiental Desarrollo Sostenible y Sustentable, Miembro de la Comunidad de profesionales y experto para Latinoam\u00e9rica y el Caribe en Gesti\u00f3n por Resultado en el Desarrollo (COPLAC - GpRD) del Banco Interamericano de Desarrollo, experiencia en medios radiales y escritos.\",\"sameAs\":[\"https:\/\/x.com\/gdgregori1\",\"gquintana\"],\"url\":\"https:\/\/noti-america.com\/site\/ecuador\/author\/gquintana\/\"}]}<\/script>\n<!-- \/ Yoast SEO Premium plugin. -->","yoast_head_json":{"title":"Ecuador: Alcaldes solicitan al gobierno central extender hasta el 17 de mayo el periodo de aislamiento - Ecuador | Noti-America.com","robots":{"index":"index","follow":"follow","max-snippet":"max-snippet:-1","max-image-preview":"max-image-preview:large","max-video-preview":"max-video-preview:-1"},"canonical":"https:\/\/noti-america.com\/site\/ecuador\/2020\/05\/01\/ecuador-alcaldes-solicitan-al-gobierno-central-extender-hasta-el-17-de-mayo-el-periodo-de-aislamiento\/","og_locale":"es_ES","og_type":"article","og_title":"Ecuador: Alcaldes solicitan al gobierno central extender hasta el 17 de mayo el periodo de aislamiento","og_description":"REDACCI\u00d3N NOTI AM\u00c9RICA (ECUADOR) El Comit\u00e9 Ejecutivo de la Asociaci\u00f3n de Municipalidades Ecuatorianas, encabezado por el presidente del gremio, Ra\u00fal Delgado y el director Ejecutivo, Luis Mario Barsallo; los municipios del pa\u00eds acordaron varias&#46;&#46;&#46;","og_url":"https:\/\/noti-america.com\/site\/ecuador\/2020\/05\/01\/ecuador-alcaldes-solicitan-al-gobierno-central-extender-hasta-el-17-de-mayo-el-periodo-de-aislamiento\/","og_site_name":"Ecuador | Noti-America.com","article_published_time":"2020-05-01T02:05:53+00:00","og_image":[{"width":1280,"height":838,"url":"https:\/\/noti-america.com\/site\/ecuador\/wp-content\/uploads\/sites\/18\/2020\/05\/Secci\u00f3n-AME-Virtual.jpg","type":"image\/jpeg"}],"author":"Gregory Quintana Montiel","twitter_card":"summary_large_image","twitter_creator":"@gdgregori1","twitter_site":"@notiamerica","twitter_misc":{"Escrito por":"Gregory Quintana Montiel","Tiempo estimado de lectura":"4 minutos"},"schema":{"@context":"https:\/\/schema.org","@graph":[{"@type":"Article","@id":"https:\/\/noti-america.com\/site\/ecuador\/2020\/05\/01\/ecuador-alcaldes-solicitan-al-gobierno-central-extender-hasta-el-17-de-mayo-el-periodo-de-aislamiento\/#article","isPartOf":{"@id":"https:\/\/noti-america.com\/site\/ecuador\/2020\/05\/01\/ecuador-alcaldes-solicitan-al-gobierno-central-extender-hasta-el-17-de-mayo-el-periodo-de-aislamiento\/"},"author":{"name":"Gregory Quintana Montiel","@id":"https:\/\/noti-america.com\/site\/ecuador\/#\/schema\/person\/3b975e42f15abfe64bfe3abdd916efda"},"headline":"Ecuador: Alcaldes solicitan al gobierno central extender hasta el 17 de mayo el periodo de aislamiento","datePublished":"2020-05-01T02:05:53+00:00","mainEntityOfPage":{"@id":"https:\/\/noti-america.com\/site\/ecuador\/2020\/05\/01\/ecuador-alcaldes-solicitan-al-gobierno-central-extender-hasta-el-17-de-mayo-el-periodo-de-aislamiento\/"},"wordCount":787,"commentCount":0,"publisher":{"@id":"https:\/\/noti-america.com\/site\/ecuador\/#organization"},"image":{"@id":"https:\/\/noti-america.com\/site\/ecuador\/2020\/05\/01\/ecuador-alcaldes-solicitan-al-gobierno-central-extender-hasta-el-17-de-mayo-el-periodo-de-aislamiento\/#primaryimage"},"thumbnailUrl":"https:\/\/noti-america.com\/site\/ecuador\/wp-content\/uploads\/sites\/18\/2020\/05\/Secci\u00f3n-AME-Virtual.jpg","articleSection":["Noticias"],"inLanguage":"es","potentialAction":[{"@type":"CommentAction","name":"Comment","target":["https:\/\/noti-america.com\/site\/ecuador\/2020\/05\/01\/ecuador-alcaldes-solicitan-al-gobierno-central-extender-hasta-el-17-de-mayo-el-periodo-de-aislamiento\/#respond"]}]},{"@type":"WebPage","@id":"https:\/\/noti-america.com\/site\/ecuador\/2020\/05\/01\/ecuador-alcaldes-solicitan-al-gobierno-central-extender-hasta-el-17-de-mayo-el-periodo-de-aislamiento\/","url":"https:\/\/noti-america.com\/site\/ecuador\/2020\/05\/01\/ecuador-alcaldes-solicitan-al-gobierno-central-extender-hasta-el-17-de-mayo-el-periodo-de-aislamiento\/","name":"Ecuador: Alcaldes solicitan al gobierno central extender hasta el 17 de mayo el periodo de aislamiento - Ecuador | Noti-America.com","isPartOf":{"@id":"https:\/\/noti-america.com\/site\/ecuador\/#website"},"primaryImageOfPage":{"@id":"https:\/\/noti-america.com\/site\/ecuador\/2020\/05\/01\/ecuador-alcaldes-solicitan-al-gobierno-central-extender-hasta-el-17-de-mayo-el-periodo-de-aislamiento\/#primaryimage"},"image":{"@id":"https:\/\/noti-america.com\/site\/ecuador\/2020\/05\/01\/ecuador-alcaldes-solicitan-al-gobierno-central-extender-hasta-el-17-de-mayo-el-periodo-de-aislamiento\/#primaryimage"},"thumbnailUrl":"https:\/\/noti-america.com\/site\/ecuador\/wp-content\/uploads\/sites\/18\/2020\/05\/Secci\u00f3n-AME-Virtual.jpg","datePublished":"2020-05-01T02:05:53+00:00","breadcrumb":{"@id":"https:\/\/noti-america.com\/site\/ecuador\/2020\/05\/01\/ecuador-alcaldes-solicitan-al-gobierno-central-extender-hasta-el-17-de-mayo-el-periodo-de-aislamiento\/#breadcrumb"},"inLanguage":"es","potentialAction":[{"@type":"ReadAction","target":["https:\/\/noti-america.com\/site\/ecuador\/2020\/05\/01\/ecuador-alcaldes-solicitan-al-gobierno-central-extender-hasta-el-17-de-mayo-el-periodo-de-aislamiento\/"]}]},{"@type":"ImageObject","inLanguage":"es","@id":"https:\/\/noti-america.com\/site\/ecuador\/2020\/05\/01\/ecuador-alcaldes-solicitan-al-gobierno-central-extender-hasta-el-17-de-mayo-el-periodo-de-aislamiento\/#primaryimage","url":"https:\/\/noti-america.com\/site\/ecuador\/wp-content\/uploads\/sites\/18\/2020\/05\/Secci\u00f3n-AME-Virtual.jpg","contentUrl":"https:\/\/noti-america.com\/site\/ecuador\/wp-content\/uploads\/sites\/18\/2020\/05\/Secci\u00f3n-AME-Virtual.jpg","width":1280,"height":838},{"@type":"BreadcrumbList","@id":"https:\/\/noti-america.com\/site\/ecuador\/2020\/05\/01\/ecuador-alcaldes-solicitan-al-gobierno-central-extender-hasta-el-17-de-mayo-el-periodo-de-aislamiento\/#breadcrumb","itemListElement":[{"@type":"ListItem","position":1,"name":"Portada","item":"https:\/\/noti-america.com\/site\/ecuador\/"},{"@type":"ListItem","position":2,"name":"Ecuador: Alcaldes solicitan al gobierno central extender hasta el 17 de mayo el periodo de aislamiento"}]},{"@type":"WebSite","@id":"https:\/\/noti-america.com\/site\/ecuador\/#website","url":"https:\/\/noti-america.com\/site\/ecuador\/","name":"Ecuador | Noti-America.com","description":"","publisher":{"@id":"https:\/\/noti-america.com\/site\/ecuador\/#organization"},"potentialAction":[{"@type":"SearchAction","target":{"@type":"EntryPoint","urlTemplate":"https:\/\/noti-america.com\/site\/ecuador\/?s={search_term_string}"},"query-input":{"@type":"PropertyValueSpecification","valueRequired":true,"valueName":"search_term_string"}}],"inLanguage":"es"},{"@type":"Organization","@id":"https:\/\/noti-america.com\/site\/ecuador\/#organization","name":"Noti-America LLC | Ecuador","url":"https:\/\/noti-america.com\/site\/ecuador\/","logo":{"@type":"ImageObject","inLanguage":"es","@id":"https:\/\/noti-america.com\/site\/ecuador\/#\/schema\/logo\/image\/","url":"https:\/\/noti-america.com\/site\/ecuador\/wp-content\/uploads\/sites\/18\/2020\/07\/LogoNA-4x3-1.jpg","contentUrl":"https:\/\/noti-america.com\/site\/ecuador\/wp-content\/uploads\/sites\/18\/2020\/07\/LogoNA-4x3-1.jpg","width":1236,"height":1080,"caption":"Noti-America LLC | Ecuador"},"image":{"@id":"https:\/\/noti-america.com\/site\/ecuador\/#\/schema\/logo\/image\/"},"sameAs":["https:\/\/x.com\/notiamerica"]},{"@type":"Person","@id":"https:\/\/noti-america.com\/site\/ecuador\/#\/schema\/person\/3b975e42f15abfe64bfe3abdd916efda","name":"Gregory Quintana Montiel","image":{"@type":"ImageObject","inLanguage":"es","@id":"https:\/\/secure.gravatar.com\/avatar\/2d6b802f7720c2ec7744dcbe608cc2f3417aeb964d58b443c6d612b77531de1d?s=96&d=mm&r=g","url":"https:\/\/secure.gravatar.com\/avatar\/2d6b802f7720c2ec7744dcbe608cc2f3417aeb964d58b443c6d612b77531de1d?s=96&d=mm&r=g","contentUrl":"https:\/\/secure.gravatar.com\/avatar\/2d6b802f7720c2ec7744dcbe608cc2f3417aeb964d58b443c6d612b77531de1d?s=96&d=mm&r=g","caption":"Gregory Quintana Montiel"},"description":"Licenciatura en Ciencias de la Comunicaci\u00f3n Social, egresado en la Especializaci\u00f3n Derecho Ambiental Desarrollo Sostenible y Sustentable, Miembro de la Comunidad de profesionales y experto para Latinoam\u00e9rica y el Caribe en Gesti\u00f3n por Resultado en el Desarrollo (COPLAC - GpRD) del Banco Interamericano de Desarrollo, experiencia en medios radiales y escritos.","sameAs":["https:\/\/x.com\/gdgregori1","gquintana"],"url":"https:\/\/noti-america.com\/site\/ecuador\/author\/gquintana\/"}]}},"_links":{"self":[{"href":"https:\/\/noti-america.com\/site\/ecuador\/wp-json\/wp\/v2\/posts\/8278","targetHints":{"allow":["GET"]}}],"collection":[{"href":"https:\/\/noti-america.com\/site\/ecuador\/wp-json\/wp\/v2\/posts"}],"about":[{"href":"https:\/\/noti-america.com\/site\/ecuador\/wp-json\/wp\/v2\/types\/post"}],"author":[{"embeddable":true,"href":"https:\/\/noti-america.com\/site\/ecuador\/wp-json\/wp\/v2\/users\/17"}],"replies":[{"embeddable":true,"href":"https:\/\/noti-america.com\/site\/ecuador\/wp-json\/wp\/v2\/comments?post=8278"}],"version-history":[{"count":1,"href":"https:\/\/noti-america.com\/site\/ecuador\/wp-json\/wp\/v2\/posts\/8278\/revisions"}],"predecessor-version":[{"id":8280,"href":"https:\/\/noti-america.com\/site\/ecuador\/wp-json\/wp\/v2\/posts\/8278\/revisions\/8280"}],"wp:featuredmedia":[{"embeddable":true,"href":"https:\/\/noti-america.com\/site\/ecuador\/wp-json\/wp\/v2\/media\/8279"}],"wp:attachment":[{"href":"https:\/\/noti-america.com\/site\/ecuador\/wp-json\/wp\/v2\/media?parent=8278"}],"wp:term":[{"taxonomy":"category","embeddable":true,"href":"https:\/\/noti-america.com\/site\/ecuador\/wp-json\/wp\/v2\/categories?post=8278"},{"taxonomy":"post_tag","embeddable":true,"href":"https:\/\/noti-america.com\/site\/ecuador\/wp-json\/wp\/v2\/tags?post=8278"}],"curies":[{"name":"wp","href":"https:\/\/api.w.org\/{rel}","templated":true}]}}