{"id":8198,"date":"2020-04-26T02:47:42","date_gmt":"2020-04-26T02:47:42","guid":{"rendered":"http:\/\/noti-america.com\/site\/ecuador\/?p=8198"},"modified":"2020-04-26T17:35:38","modified_gmt":"2020-04-26T17:35:38","slug":"inversionistas-extranjeros-quieren-invertir-en-el-sector-agropecuario-al-2","status":"publish","type":"post","link":"https:\/\/noti-america.com\/site\/ecuador\/2020\/04\/26\/inversionistas-extranjeros-quieren-invertir-en-el-sector-agropecuario-al-2\/","title":{"rendered":"Inversionistas extranjeros han ofrecido capital de inversiones al 2% para el sector Agropecuario"},"content":{"rendered":"<p style=\"text-align: justify\">REDACCI\u00d3N NOTI AM\u00c9RICA (ECUADOR) Por Guillermo Rosero Gonz\u00e1lez<\/p>\n<div style=\"width: 688px\" class=\"wp-caption aligncenter\"><img loading=\"lazy\" decoding=\"async\" src=\"https:\/\/manabinoticias.com\/wp-content\/uploads\/2019\/04\/sectoragropecuario-678x381.jpeg\" alt=\"OPINI\u00d3N | Sector agropecuario de importancia estrat\u00e9gica - Diario ...\" width=\"678\" height=\"381\" \/><p class=\"wp-caption-text\">Sector agropecuario; Imagen tomada del internet (Manab\u00ed Noticias)<\/p><\/div>\n<p style=\"text-align: justify\">Dif\u00edciles momentos atraviesa el mundo. El COVID-19 ha demostrado lo fr\u00e1giles que somos los seres humanos, tanto en lo f\u00edsico cuanto en lo econ\u00f3mico, ya que no hay econom\u00eda que aguante con m\u00e1s egresos y poco o nada de ingresos, raz\u00f3n por la que se hace imprescindible retomar nuestras actividades cotidianas; m\u00e1s que nada, en procurar ingresos que nos permitan solventar los gastos que acarrean el diario vivir.<\/p>\n<p style=\"text-align: justify\">Observando el panorama mundial, nos damos cuenta que hasta los pa\u00edses m\u00e1s desarrollados empiezan a notar la escases del alimento diario y es probable que a medida que pasen los d\u00edas se agudice este problema.<\/p>\n<p style=\"text-align: justify\">Ecuador es reconocido en todo el mundo por la riqueza de sus tierras, sus r\u00edos, su clima, su ubicaci\u00f3n geogr\u00e1fica, etc., y en el transcurso de mi ejercicio profesional, he tenido la oportunidad de contactar con algunos inversionistas extranjeros, que proponen y est\u00e1n dispuestos a fortalecer el desarrollo agropecuario de nuestro pa\u00eds, con cr\u00e9ditos muy interesantes, al 2% de inter\u00e9s, con la condici\u00f3n de que el sobrante de nuestra producci\u00f3n agropecuaria, les sea vendida para satisfacer las necesidades en sus pa\u00edses.<\/p>\n<p style=\"text-align: justify\">El Ministerio de Agricultura y Ganader\u00eda es el indicado para fortalecer econ\u00f3micamente a nuestro pa\u00eds, pero para lograrlo hay que hacer cambios fundamentales. Se requiere: primero voluntad y firmeza, integridad, conocimiento, experiencia, reconocimiento e integraci\u00f3n a nuestros hombres y mujeres que d\u00eda a d\u00eda laboran en nuestros campos y representamos el 30% de nuestra poblaci\u00f3n. Alguien dir\u00e1: \u201cno son tantos\u2026\u201d (porque muchos han emigrado a la ciudad, por la ceguera y desatenci\u00f3n de nuestros gobernantes), pero tendr\u00e1n que regresar a su tierra, porque es su naturaleza y porque no habr\u00e1 trabajo en la ciudad.<\/p>\n<p style=\"text-align: justify\">Es hora de que nuestros mandatarios reconozcan que se han equivocado. Ecuador es eminentemente Agropecuario y hoy m\u00e1s que nunca, est\u00e1n en la obligaci\u00f3n de hacer un cambio radical a esas <u>\u201cpol\u00edticas p\u00fablicas err\u00f3neas\u201d<\/u>, que tienen rezagado al productor ecuatoriano.<\/p>\n<p style=\"text-align: center\"><strong><em><u>\u201cEl mundo tiene hambre y Ecuador es el jard\u00edn del mundo\u201d<\/u><\/em><\/strong><\/p>\n<p style=\"text-align: justify\"><em>Guillermo Rosero Gonz\u00e1lez: Ing. Agr\u00f3nomo, Agricultor y Ganadero, Director de la Uni\u00f3n de Asociaciones Agropecuarias Nacional del Ecuador (UAN),\u00a0 Exsupervisor Agr\u00edcola -Zona Guayas- Standard\u00a0 Fruit Company<strong>, <\/strong>Exvicepresidente Nacional de Productores de Maracuy\u00e1, Exrepresentante del Ecuador ante pa\u00edses europeos, por la asociaci\u00f3n de Productores de Frutas y Hortalizas Tropicales (Asofrut), Expresidente de la Aso. de Ganaderos \u201cCarlos Montiel Fern\u00e1ndez, Expresidente de Conefa Vinces. Exdirector de la Federaci\u00f3n Nacional de Ganaderos (Fedegan), Exrepresentante ante el Banco Mundial por la UEP.,Exp<\/em><em>residente del directorio del Consejo Nacional de Recursos H\u00eddricos<\/em><\/p>\n<p><span style=\"font-size: 13.5pt;font-family: 'Arial','sans-serif';color: #666666\">#Qu\u00e9dateEnCasa<\/span><\/p>\n","protected":false},"excerpt":{"rendered":"<p>REDACCI\u00d3N NOTI AM\u00c9RICA (ECUADOR) Por Guillermo Rosero Gonz\u00e1lez Dif\u00edciles momentos atraviesa el mundo. El COVID-19 ha demostrado lo fr\u00e1giles que somos los seres humanos, tanto en lo f\u00edsico cuanto en lo econ\u00f3mico, ya que&#46;&#46;&#46;<\/p>\n","protected":false},"author":17,"featured_media":8200,"comment_status":"open","ping_status":"open","sticky":false,"template":"","format":"standard","meta":{"_acf_changed":false,"om_disable_all_campaigns":false,"rop_custom_images_group":[],"rop_custom_messages_group":[],"rop_publish_now":"initial","rop_publish_now_accounts":{"twitter_242054905_242054905":""},"rop_publish_now_history":[],"rop_publish_now_status":"pending","_uf_show_specific_survey":0,"_uf_disable_surveys":false,"footnotes":""},"categories":[107],"tags":[],"class_list":["post-8198","post","type-post","status-publish","format-standard","has-post-thumbnail","hentry","category-articulo"],"acf":[],"aioseo_notices":[],"yoast_head":"<!-- This site is optimized with the Yoast SEO Premium plugin v24.9 (Yoast SEO v27.2) - https:\/\/yoast.com\/product\/yoast-seo-premium-wordpress\/ -->\n<title>Inversionistas extranjeros han ofrecido capital de inversiones al 2% para el sector Agropecuario - Ecuador | Noti-America.com<\/title>\n<meta name=\"robots\" content=\"index, follow, max-snippet:-1, max-image-preview:large, max-video-preview:-1\" \/>\n<link rel=\"canonical\" href=\"https:\/\/noti-america.com\/site\/ecuador\/2020\/04\/26\/inversionistas-extranjeros-quieren-invertir-en-el-sector-agropecuario-al-2\/\" \/>\n<meta property=\"og:locale\" content=\"es_ES\" \/>\n<meta property=\"og:type\" content=\"article\" \/>\n<meta property=\"og:title\" content=\"Inversionistas extranjeros han ofrecido capital de inversiones al 2% para el sector Agropecuario\" \/>\n<meta property=\"og:description\" content=\"REDACCI\u00d3N NOTI AM\u00c9RICA (ECUADOR) Por Guillermo Rosero Gonz\u00e1lez Dif\u00edciles momentos atraviesa el mundo. El COVID-19 ha demostrado lo fr\u00e1giles que somos los seres humanos, tanto en lo f\u00edsico cuanto en lo econ\u00f3mico, ya que&#046;&#046;&#046;\" \/>\n<meta property=\"og:url\" content=\"https:\/\/noti-america.com\/site\/ecuador\/2020\/04\/26\/inversionistas-extranjeros-quieren-invertir-en-el-sector-agropecuario-al-2\/\" \/>\n<meta property=\"og:site_name\" content=\"Ecuador | Noti-America.com\" \/>\n<meta property=\"article:published_time\" content=\"2020-04-26T02:47:42+00:00\" \/>\n<meta property=\"article:modified_time\" content=\"2020-04-26T17:35:38+00:00\" \/>\n<meta property=\"og:image\" content=\"https:\/\/noti-america.com\/site\/ecuador\/wp-content\/uploads\/sites\/18\/2020\/04\/Foto-Rosero-1-scaled.jpg\" \/>\n\t<meta property=\"og:image:width\" content=\"2560\" \/>\n\t<meta property=\"og:image:height\" content=\"1231\" \/>\n\t<meta property=\"og:image:type\" content=\"image\/jpeg\" \/>\n<meta name=\"author\" content=\"Gregory Quintana Montiel\" \/>\n<meta name=\"twitter:card\" content=\"summary_large_image\" \/>\n<meta name=\"twitter:creator\" content=\"@gdgregori1\" \/>\n<meta name=\"twitter:site\" content=\"@notiamerica\" \/>\n<meta name=\"twitter:label1\" content=\"Escrito por\" \/>\n\t<meta name=\"twitter:data1\" content=\"Gregory Quintana Montiel\" \/>\n\t<meta name=\"twitter:label2\" content=\"Tiempo estimado de lectura\" \/>\n\t<meta name=\"twitter:data2\" content=\"2 minutos\" \/>\n<script type=\"application\/ld+json\" class=\"yoast-schema-graph\">{\"@context\":\"https:\/\/schema.org\",\"@graph\":[{\"@type\":\"Article\",\"@id\":\"https:\/\/noti-america.com\/site\/ecuador\/2020\/04\/26\/inversionistas-extranjeros-quieren-invertir-en-el-sector-agropecuario-al-2\/#article\",\"isPartOf\":{\"@id\":\"https:\/\/noti-america.com\/site\/ecuador\/2020\/04\/26\/inversionistas-extranjeros-quieren-invertir-en-el-sector-agropecuario-al-2\/\"},\"author\":{\"name\":\"Gregory Quintana Montiel\",\"@id\":\"https:\/\/noti-america.com\/site\/ecuador\/#\/schema\/person\/3b975e42f15abfe64bfe3abdd916efda\"},\"headline\":\"Inversionistas extranjeros han ofrecido capital de inversiones al 2% para el sector Agropecuario\",\"datePublished\":\"2020-04-26T02:47:42+00:00\",\"dateModified\":\"2020-04-26T17:35:38+00:00\",\"mainEntityOfPage\":{\"@id\":\"https:\/\/noti-america.com\/site\/ecuador\/2020\/04\/26\/inversionistas-extranjeros-quieren-invertir-en-el-sector-agropecuario-al-2\/\"},\"wordCount\":500,\"commentCount\":3,\"publisher\":{\"@id\":\"https:\/\/noti-america.com\/site\/ecuador\/#organization\"},\"image\":{\"@id\":\"https:\/\/noti-america.com\/site\/ecuador\/2020\/04\/26\/inversionistas-extranjeros-quieren-invertir-en-el-sector-agropecuario-al-2\/#primaryimage\"},\"thumbnailUrl\":\"https:\/\/noti-america.com\/site\/ecuador\/wp-content\/uploads\/sites\/18\/2020\/04\/Foto-Rosero-1-scaled.jpg\",\"articleSection\":[\"Articulo\"],\"inLanguage\":\"es\",\"potentialAction\":[{\"@type\":\"CommentAction\",\"name\":\"Comment\",\"target\":[\"https:\/\/noti-america.com\/site\/ecuador\/2020\/04\/26\/inversionistas-extranjeros-quieren-invertir-en-el-sector-agropecuario-al-2\/#respond\"]}]},{\"@type\":\"WebPage\",\"@id\":\"https:\/\/noti-america.com\/site\/ecuador\/2020\/04\/26\/inversionistas-extranjeros-quieren-invertir-en-el-sector-agropecuario-al-2\/\",\"url\":\"https:\/\/noti-america.com\/site\/ecuador\/2020\/04\/26\/inversionistas-extranjeros-quieren-invertir-en-el-sector-agropecuario-al-2\/\",\"name\":\"Inversionistas extranjeros han ofrecido capital de inversiones al 2% para el sector Agropecuario - Ecuador | Noti-America.com\",\"isPartOf\":{\"@id\":\"https:\/\/noti-america.com\/site\/ecuador\/#website\"},\"primaryImageOfPage\":{\"@id\":\"https:\/\/noti-america.com\/site\/ecuador\/2020\/04\/26\/inversionistas-extranjeros-quieren-invertir-en-el-sector-agropecuario-al-2\/#primaryimage\"},\"image\":{\"@id\":\"https:\/\/noti-america.com\/site\/ecuador\/2020\/04\/26\/inversionistas-extranjeros-quieren-invertir-en-el-sector-agropecuario-al-2\/#primaryimage\"},\"thumbnailUrl\":\"https:\/\/noti-america.com\/site\/ecuador\/wp-content\/uploads\/sites\/18\/2020\/04\/Foto-Rosero-1-scaled.jpg\",\"datePublished\":\"2020-04-26T02:47:42+00:00\",\"dateModified\":\"2020-04-26T17:35:38+00:00\",\"breadcrumb\":{\"@id\":\"https:\/\/noti-america.com\/site\/ecuador\/2020\/04\/26\/inversionistas-extranjeros-quieren-invertir-en-el-sector-agropecuario-al-2\/#breadcrumb\"},\"inLanguage\":\"es\",\"potentialAction\":[{\"@type\":\"ReadAction\",\"target\":[\"https:\/\/noti-america.com\/site\/ecuador\/2020\/04\/26\/inversionistas-extranjeros-quieren-invertir-en-el-sector-agropecuario-al-2\/\"]}]},{\"@type\":\"ImageObject\",\"inLanguage\":\"es\",\"@id\":\"https:\/\/noti-america.com\/site\/ecuador\/2020\/04\/26\/inversionistas-extranjeros-quieren-invertir-en-el-sector-agropecuario-al-2\/#primaryimage\",\"url\":\"https:\/\/noti-america.com\/site\/ecuador\/wp-content\/uploads\/sites\/18\/2020\/04\/Foto-Rosero-1-scaled.jpg\",\"contentUrl\":\"https:\/\/noti-america.com\/site\/ecuador\/wp-content\/uploads\/sites\/18\/2020\/04\/Foto-Rosero-1-scaled.jpg\",\"width\":2560,\"height\":1231,\"caption\":\"smart\"},{\"@type\":\"BreadcrumbList\",\"@id\":\"https:\/\/noti-america.com\/site\/ecuador\/2020\/04\/26\/inversionistas-extranjeros-quieren-invertir-en-el-sector-agropecuario-al-2\/#breadcrumb\",\"itemListElement\":[{\"@type\":\"ListItem\",\"position\":1,\"name\":\"Portada\",\"item\":\"https:\/\/noti-america.com\/site\/ecuador\/\"},{\"@type\":\"ListItem\",\"position\":2,\"name\":\"Inversionistas extranjeros han ofrecido capital de inversiones al 2% para el sector Agropecuario\"}]},{\"@type\":\"WebSite\",\"@id\":\"https:\/\/noti-america.com\/site\/ecuador\/#website\",\"url\":\"https:\/\/noti-america.com\/site\/ecuador\/\",\"name\":\"Ecuador | Noti-America.com\",\"description\":\"\",\"publisher\":{\"@id\":\"https:\/\/noti-america.com\/site\/ecuador\/#organization\"},\"potentialAction\":[{\"@type\":\"SearchAction\",\"target\":{\"@type\":\"EntryPoint\",\"urlTemplate\":\"https:\/\/noti-america.com\/site\/ecuador\/?s={search_term_string}\"},\"query-input\":{\"@type\":\"PropertyValueSpecification\",\"valueRequired\":true,\"valueName\":\"search_term_string\"}}],\"inLanguage\":\"es\"},{\"@type\":\"Organization\",\"@id\":\"https:\/\/noti-america.com\/site\/ecuador\/#organization\",\"name\":\"Noti-America LLC | Ecuador\",\"url\":\"https:\/\/noti-america.com\/site\/ecuador\/\",\"logo\":{\"@type\":\"ImageObject\",\"inLanguage\":\"es\",\"@id\":\"https:\/\/noti-america.com\/site\/ecuador\/#\/schema\/logo\/image\/\",\"url\":\"https:\/\/noti-america.com\/site\/ecuador\/wp-content\/uploads\/sites\/18\/2020\/07\/LogoNA-4x3-1.jpg\",\"contentUrl\":\"https:\/\/noti-america.com\/site\/ecuador\/wp-content\/uploads\/sites\/18\/2020\/07\/LogoNA-4x3-1.jpg\",\"width\":1236,\"height\":1080,\"caption\":\"Noti-America LLC | Ecuador\"},\"image\":{\"@id\":\"https:\/\/noti-america.com\/site\/ecuador\/#\/schema\/logo\/image\/\"},\"sameAs\":[\"https:\/\/x.com\/notiamerica\"]},{\"@type\":\"Person\",\"@id\":\"https:\/\/noti-america.com\/site\/ecuador\/#\/schema\/person\/3b975e42f15abfe64bfe3abdd916efda\",\"name\":\"Gregory Quintana Montiel\",\"image\":{\"@type\":\"ImageObject\",\"inLanguage\":\"es\",\"@id\":\"https:\/\/secure.gravatar.com\/avatar\/2d6b802f7720c2ec7744dcbe608cc2f3417aeb964d58b443c6d612b77531de1d?s=96&d=mm&r=g\",\"url\":\"https:\/\/secure.gravatar.com\/avatar\/2d6b802f7720c2ec7744dcbe608cc2f3417aeb964d58b443c6d612b77531de1d?s=96&d=mm&r=g\",\"contentUrl\":\"https:\/\/secure.gravatar.com\/avatar\/2d6b802f7720c2ec7744dcbe608cc2f3417aeb964d58b443c6d612b77531de1d?s=96&d=mm&r=g\",\"caption\":\"Gregory Quintana Montiel\"},\"description\":\"Licenciatura en Ciencias de la Comunicaci\u00f3n Social, egresado en la Especializaci\u00f3n Derecho Ambiental Desarrollo Sostenible y Sustentable, Miembro de la Comunidad de profesionales y experto para Latinoam\u00e9rica y el Caribe en Gesti\u00f3n por Resultado en el Desarrollo (COPLAC - GpRD) del Banco Interamericano de Desarrollo, experiencia en medios radiales y escritos.\",\"sameAs\":[\"https:\/\/x.com\/gdgregori1\",\"gquintana\"],\"url\":\"https:\/\/noti-america.com\/site\/ecuador\/author\/gquintana\/\"}]}<\/script>\n<!-- \/ Yoast SEO Premium plugin. -->","yoast_head_json":{"title":"Inversionistas extranjeros han ofrecido capital de inversiones al 2% para el sector Agropecuario - Ecuador | Noti-America.com","robots":{"index":"index","follow":"follow","max-snippet":"max-snippet:-1","max-image-preview":"max-image-preview:large","max-video-preview":"max-video-preview:-1"},"canonical":"https:\/\/noti-america.com\/site\/ecuador\/2020\/04\/26\/inversionistas-extranjeros-quieren-invertir-en-el-sector-agropecuario-al-2\/","og_locale":"es_ES","og_type":"article","og_title":"Inversionistas extranjeros han ofrecido capital de inversiones al 2% para el sector Agropecuario","og_description":"REDACCI\u00d3N NOTI AM\u00c9RICA (ECUADOR) Por Guillermo Rosero Gonz\u00e1lez Dif\u00edciles momentos atraviesa el mundo. El COVID-19 ha demostrado lo fr\u00e1giles que somos los seres humanos, tanto en lo f\u00edsico cuanto en lo econ\u00f3mico, ya que&#46;&#46;&#46;","og_url":"https:\/\/noti-america.com\/site\/ecuador\/2020\/04\/26\/inversionistas-extranjeros-quieren-invertir-en-el-sector-agropecuario-al-2\/","og_site_name":"Ecuador | Noti-America.com","article_published_time":"2020-04-26T02:47:42+00:00","article_modified_time":"2020-04-26T17:35:38+00:00","og_image":[{"width":2560,"height":1231,"url":"https:\/\/noti-america.com\/site\/ecuador\/wp-content\/uploads\/sites\/18\/2020\/04\/Foto-Rosero-1-scaled.jpg","type":"image\/jpeg"}],"author":"Gregory Quintana Montiel","twitter_card":"summary_large_image","twitter_creator":"@gdgregori1","twitter_site":"@notiamerica","twitter_misc":{"Escrito por":"Gregory Quintana Montiel","Tiempo estimado de lectura":"2 minutos"},"schema":{"@context":"https:\/\/schema.org","@graph":[{"@type":"Article","@id":"https:\/\/noti-america.com\/site\/ecuador\/2020\/04\/26\/inversionistas-extranjeros-quieren-invertir-en-el-sector-agropecuario-al-2\/#article","isPartOf":{"@id":"https:\/\/noti-america.com\/site\/ecuador\/2020\/04\/26\/inversionistas-extranjeros-quieren-invertir-en-el-sector-agropecuario-al-2\/"},"author":{"name":"Gregory Quintana Montiel","@id":"https:\/\/noti-america.com\/site\/ecuador\/#\/schema\/person\/3b975e42f15abfe64bfe3abdd916efda"},"headline":"Inversionistas extranjeros han ofrecido capital de inversiones al 2% para el sector Agropecuario","datePublished":"2020-04-26T02:47:42+00:00","dateModified":"2020-04-26T17:35:38+00:00","mainEntityOfPage":{"@id":"https:\/\/noti-america.com\/site\/ecuador\/2020\/04\/26\/inversionistas-extranjeros-quieren-invertir-en-el-sector-agropecuario-al-2\/"},"wordCount":500,"commentCount":3,"publisher":{"@id":"https:\/\/noti-america.com\/site\/ecuador\/#organization"},"image":{"@id":"https:\/\/noti-america.com\/site\/ecuador\/2020\/04\/26\/inversionistas-extranjeros-quieren-invertir-en-el-sector-agropecuario-al-2\/#primaryimage"},"thumbnailUrl":"https:\/\/noti-america.com\/site\/ecuador\/wp-content\/uploads\/sites\/18\/2020\/04\/Foto-Rosero-1-scaled.jpg","articleSection":["Articulo"],"inLanguage":"es","potentialAction":[{"@type":"CommentAction","name":"Comment","target":["https:\/\/noti-america.com\/site\/ecuador\/2020\/04\/26\/inversionistas-extranjeros-quieren-invertir-en-el-sector-agropecuario-al-2\/#respond"]}]},{"@type":"WebPage","@id":"https:\/\/noti-america.com\/site\/ecuador\/2020\/04\/26\/inversionistas-extranjeros-quieren-invertir-en-el-sector-agropecuario-al-2\/","url":"https:\/\/noti-america.com\/site\/ecuador\/2020\/04\/26\/inversionistas-extranjeros-quieren-invertir-en-el-sector-agropecuario-al-2\/","name":"Inversionistas extranjeros han ofrecido capital de inversiones al 2% para el sector Agropecuario - Ecuador | Noti-America.com","isPartOf":{"@id":"https:\/\/noti-america.com\/site\/ecuador\/#website"},"primaryImageOfPage":{"@id":"https:\/\/noti-america.com\/site\/ecuador\/2020\/04\/26\/inversionistas-extranjeros-quieren-invertir-en-el-sector-agropecuario-al-2\/#primaryimage"},"image":{"@id":"https:\/\/noti-america.com\/site\/ecuador\/2020\/04\/26\/inversionistas-extranjeros-quieren-invertir-en-el-sector-agropecuario-al-2\/#primaryimage"},"thumbnailUrl":"https:\/\/noti-america.com\/site\/ecuador\/wp-content\/uploads\/sites\/18\/2020\/04\/Foto-Rosero-1-scaled.jpg","datePublished":"2020-04-26T02:47:42+00:00","dateModified":"2020-04-26T17:35:38+00:00","breadcrumb":{"@id":"https:\/\/noti-america.com\/site\/ecuador\/2020\/04\/26\/inversionistas-extranjeros-quieren-invertir-en-el-sector-agropecuario-al-2\/#breadcrumb"},"inLanguage":"es","potentialAction":[{"@type":"ReadAction","target":["https:\/\/noti-america.com\/site\/ecuador\/2020\/04\/26\/inversionistas-extranjeros-quieren-invertir-en-el-sector-agropecuario-al-2\/"]}]},{"@type":"ImageObject","inLanguage":"es","@id":"https:\/\/noti-america.com\/site\/ecuador\/2020\/04\/26\/inversionistas-extranjeros-quieren-invertir-en-el-sector-agropecuario-al-2\/#primaryimage","url":"https:\/\/noti-america.com\/site\/ecuador\/wp-content\/uploads\/sites\/18\/2020\/04\/Foto-Rosero-1-scaled.jpg","contentUrl":"https:\/\/noti-america.com\/site\/ecuador\/wp-content\/uploads\/sites\/18\/2020\/04\/Foto-Rosero-1-scaled.jpg","width":2560,"height":1231,"caption":"smart"},{"@type":"BreadcrumbList","@id":"https:\/\/noti-america.com\/site\/ecuador\/2020\/04\/26\/inversionistas-extranjeros-quieren-invertir-en-el-sector-agropecuario-al-2\/#breadcrumb","itemListElement":[{"@type":"ListItem","position":1,"name":"Portada","item":"https:\/\/noti-america.com\/site\/ecuador\/"},{"@type":"ListItem","position":2,"name":"Inversionistas extranjeros han ofrecido capital de inversiones al 2% para el sector Agropecuario"}]},{"@type":"WebSite","@id":"https:\/\/noti-america.com\/site\/ecuador\/#website","url":"https:\/\/noti-america.com\/site\/ecuador\/","name":"Ecuador | Noti-America.com","description":"","publisher":{"@id":"https:\/\/noti-america.com\/site\/ecuador\/#organization"},"potentialAction":[{"@type":"SearchAction","target":{"@type":"EntryPoint","urlTemplate":"https:\/\/noti-america.com\/site\/ecuador\/?s={search_term_string}"},"query-input":{"@type":"PropertyValueSpecification","valueRequired":true,"valueName":"search_term_string"}}],"inLanguage":"es"},{"@type":"Organization","@id":"https:\/\/noti-america.com\/site\/ecuador\/#organization","name":"Noti-America LLC | Ecuador","url":"https:\/\/noti-america.com\/site\/ecuador\/","logo":{"@type":"ImageObject","inLanguage":"es","@id":"https:\/\/noti-america.com\/site\/ecuador\/#\/schema\/logo\/image\/","url":"https:\/\/noti-america.com\/site\/ecuador\/wp-content\/uploads\/sites\/18\/2020\/07\/LogoNA-4x3-1.jpg","contentUrl":"https:\/\/noti-america.com\/site\/ecuador\/wp-content\/uploads\/sites\/18\/2020\/07\/LogoNA-4x3-1.jpg","width":1236,"height":1080,"caption":"Noti-America LLC | Ecuador"},"image":{"@id":"https:\/\/noti-america.com\/site\/ecuador\/#\/schema\/logo\/image\/"},"sameAs":["https:\/\/x.com\/notiamerica"]},{"@type":"Person","@id":"https:\/\/noti-america.com\/site\/ecuador\/#\/schema\/person\/3b975e42f15abfe64bfe3abdd916efda","name":"Gregory Quintana Montiel","image":{"@type":"ImageObject","inLanguage":"es","@id":"https:\/\/secure.gravatar.com\/avatar\/2d6b802f7720c2ec7744dcbe608cc2f3417aeb964d58b443c6d612b77531de1d?s=96&d=mm&r=g","url":"https:\/\/secure.gravatar.com\/avatar\/2d6b802f7720c2ec7744dcbe608cc2f3417aeb964d58b443c6d612b77531de1d?s=96&d=mm&r=g","contentUrl":"https:\/\/secure.gravatar.com\/avatar\/2d6b802f7720c2ec7744dcbe608cc2f3417aeb964d58b443c6d612b77531de1d?s=96&d=mm&r=g","caption":"Gregory Quintana Montiel"},"description":"Licenciatura en Ciencias de la Comunicaci\u00f3n Social, egresado en la Especializaci\u00f3n Derecho Ambiental Desarrollo Sostenible y Sustentable, Miembro de la Comunidad de profesionales y experto para Latinoam\u00e9rica y el Caribe en Gesti\u00f3n por Resultado en el Desarrollo (COPLAC - GpRD) del Banco Interamericano de Desarrollo, experiencia en medios radiales y escritos.","sameAs":["https:\/\/x.com\/gdgregori1","gquintana"],"url":"https:\/\/noti-america.com\/site\/ecuador\/author\/gquintana\/"}]}},"_links":{"self":[{"href":"https:\/\/noti-america.com\/site\/ecuador\/wp-json\/wp\/v2\/posts\/8198","targetHints":{"allow":["GET"]}}],"collection":[{"href":"https:\/\/noti-america.com\/site\/ecuador\/wp-json\/wp\/v2\/posts"}],"about":[{"href":"https:\/\/noti-america.com\/site\/ecuador\/wp-json\/wp\/v2\/types\/post"}],"author":[{"embeddable":true,"href":"https:\/\/noti-america.com\/site\/ecuador\/wp-json\/wp\/v2\/users\/17"}],"replies":[{"embeddable":true,"href":"https:\/\/noti-america.com\/site\/ecuador\/wp-json\/wp\/v2\/comments?post=8198"}],"version-history":[{"count":6,"href":"https:\/\/noti-america.com\/site\/ecuador\/wp-json\/wp\/v2\/posts\/8198\/revisions"}],"predecessor-version":[{"id":8207,"href":"https:\/\/noti-america.com\/site\/ecuador\/wp-json\/wp\/v2\/posts\/8198\/revisions\/8207"}],"wp:featuredmedia":[{"embeddable":true,"href":"https:\/\/noti-america.com\/site\/ecuador\/wp-json\/wp\/v2\/media\/8200"}],"wp:attachment":[{"href":"https:\/\/noti-america.com\/site\/ecuador\/wp-json\/wp\/v2\/media?parent=8198"}],"wp:term":[{"taxonomy":"category","embeddable":true,"href":"https:\/\/noti-america.com\/site\/ecuador\/wp-json\/wp\/v2\/categories?post=8198"},{"taxonomy":"post_tag","embeddable":true,"href":"https:\/\/noti-america.com\/site\/ecuador\/wp-json\/wp\/v2\/tags?post=8198"}],"curies":[{"name":"wp","href":"https:\/\/api.w.org\/{rel}","templated":true}]}}