{"id":8192,"date":"2020-04-25T19:05:41","date_gmt":"2020-04-25T19:05:41","guid":{"rendered":"http:\/\/noti-america.com\/site\/ecuador\/?p=8192"},"modified":"2020-04-25T19:05:41","modified_gmt":"2020-04-25T19:05:41","slug":"ecuador-pasara-de-la-fase-de-aislamiento-a-la-de-distanciamiento-social","status":"publish","type":"post","link":"https:\/\/noti-america.com\/site\/ecuador\/2020\/04\/25\/ecuador-pasara-de-la-fase-de-aislamiento-a-la-de-distanciamiento-social\/","title":{"rendered":"Ecuador pasar\u00e1 de la fase de aislamiento a la de distanciamiento social"},"content":{"rendered":"<p>REDACCI\u00d3N NOTI AM\u00c9RICA (ECUADOR)<\/p>\n<p style=\"text-align: justify\"><strong>El 4 de mayo iniciamos con prudencia la reactivaci\u00f3n paulatina de ciertos sectores productivos y comerciales, bajo estrictos controles sanitarios. \u00a1No vamos a volver a la normalidad! La vida social, cultural y educativa tendr\u00e1 que esperar. \u00a1No nos confiemos!<\/strong><\/p>\n<div style=\"width: 549px\" class=\"wp-caption aligncenter\"><img loading=\"lazy\" decoding=\"async\" src=\"https:\/\/pbs.twimg.com\/ext_tw_video_thumb\/1254064746476769280\/pu\/img\/z8u3Xb0RAZdzLIh-?format=jpg&amp;name=240x240\" alt=\"Imagen\" width=\"539\" height=\"305\" \/><p class=\"wp-caption-text\">Presidente de la Rep\u00fablica en cadena nacional<\/p><\/div>\n<p style=\"text-align: justify\">La noche de este viernes 24 de abril, el presidente de la Rep\u00fablica, Len\u00edn Moreno, dio detalles de c\u00f3mo ser\u00e1 la reactivaci\u00f3n de algunos sectores y actividades, cuando el Ecuador pase de la fase de aislamiento a la de distanciamiento social.<\/p>\n<p style=\"text-align: justify\"><em>\u201cEl pa\u00eds necesita un equilibrio entre las medidas sanitarias y una ordenada reactivaci\u00f3n econ\u00f3mica\u201d<\/em>, dijo el presidente en referencia a que, a partir del 4 de mayo, se iniciar\u00e1 la transici\u00f3n del aislamiento al distanciamiento social. Este nuevo momento al que se acerca el pa\u00eds, se tom\u00f3 debido a que existe una desaceleraci\u00f3n en los contagios, mayor capacidad de hacer pruebas, baja significativa en los servicios de emergencia, disminuci\u00f3n en las llamadas de atenci\u00f3n al 171 y en las atenciones hospitalarias.<\/p>\n<p style=\"text-align: justify\">Sin embargo, en el caso de que estas condiciones cambien, el Gobierno no descarta retomar y endurecer las medidas de restricci\u00f3n para precautelar la vida de los ecuatorianos. Por lo pronto, durante la siguiente semana, los negocios, las industrias y las instituciones deben preparar sus planes de retorno teniendo en cuenta las instrucciones del Comit\u00e9 Nacional de Operaciones de Emergencia (COE) y considerando otros aspectos. Entre ellos, que solo se permitir\u00e1 ocupar la mitad el aforo permitido y que las jornadas de trabajo deber\u00e1n ser extendidas para que los trabajadores se organicen por turnos.<\/p>\n<p style=\"text-align: justify\">De forma previa, inform\u00f3 el mandatario, la pr\u00f3xima semana se autorizar\u00e1 la reapertura de nuevas actividades comerciales, priorizando la venta en l\u00ednea o por tel\u00e9fono y las entregas se realicen a domicilio. En este \u00faltimo servicio se ampliar\u00e1n los horarios para los establecimientos que comercializan comida, insumos de salud y productos de primera necesidad, considerando todos los protocolos de seguridad.<\/p>\n<p style=\"text-align: justify\">En cuanto a la reincorporaci\u00f3n al trabajo, el jefe de Estado puntualiz\u00f3 que habr\u00e1 un estricto control sanitario en cada lugar o establecimiento donde existan personas laborando. De igual manera, para los sectores de la construcci\u00f3n y comercio electr\u00f3nico, que ser\u00e1n las primeras actividades que se retomen, existir\u00e1 protocolos estrictos, cronogramas y horarios diferenciados para que los trabajadores se movilicen.<\/p>\n<p style=\"text-align: justify\">No obstante, el presidente Moreno fue enf\u00e1tico en que a\u00fan se deben mantener las precauciones del caso; en particular, para grupos prioritarios y de riesgo. Por ello, seguir\u00e1n en aislamiento los estudiantes (de preescolar a universidad), los mayores de 60 a\u00f1os, las personas con discapacidad o con enfermedades cr\u00f3nicas y todos aquellos en condiciones de alta vulnerabilidad frente al coronavirus.<\/p>\n<p style=\"text-align: justify\">Asimismo, permanecer\u00e1n cerrados bares, discotecas, restaurantes con atenci\u00f3n abierta al p\u00fablico, gimnasios, teatros y cines. Tampoco se prev\u00e9 que, de momento, existan cambios en el cierre de fronteras, vuelos nacionales e internacionales y el transporte urbano e interprovincial. Mientras que, las restricciones de movilizaci\u00f3n seg\u00fan el numero de placa, solamente podr\u00edan variar en funci\u00f3n de la valoraci\u00f3n tipo sem\u00e1foro, que mide el nivel de riesgo de contagio en cada ciudad.<\/p>\n<p style=\"text-align: justify\">Al cierre de su intervenci\u00f3n, el presidente de la Rep\u00fablica llam\u00f3 a que todos los sectores del pa\u00eds sumen esfuerzos para enfrentar al COVID-19. \u201c<em>Este es el momento m\u00e1s cr\u00edtico de nuestra historia. nos exige unidad nacional y corresponsabilidad<\/em>\u201d, concluy\u00f3,<\/p>\n<p style=\"text-align: justify;background: white;vertical-align: baseline;margin: 0cm 0cm 12.0pt 0cm\"><span style=\"font-size: 13.5pt;font-family: 'Arial','sans-serif';color: #666666\">#Qu\u00e9dateEnCasa<\/span><\/p>\n","protected":false},"excerpt":{"rendered":"<p>REDACCI\u00d3N NOTI AM\u00c9RICA (ECUADOR) El 4 de mayo iniciamos con prudencia la reactivaci\u00f3n paulatina de ciertos sectores productivos y comerciales, bajo estrictos controles sanitarios. \u00a1No vamos a volver a la normalidad! La vida social,&#46;&#46;&#46;<\/p>\n","protected":false},"author":17,"featured_media":8193,"comment_status":"open","ping_status":"open","sticky":false,"template":"","format":"standard","meta":{"_acf_changed":false,"om_disable_all_campaigns":false,"rop_custom_images_group":[],"rop_custom_messages_group":[],"rop_publish_now":"initial","rop_publish_now_accounts":{"twitter_242054905_242054905":""},"rop_publish_now_history":[],"rop_publish_now_status":"pending","_uf_show_specific_survey":0,"_uf_disable_surveys":false,"footnotes":""},"categories":[109],"tags":[],"class_list":["post-8192","post","type-post","status-publish","format-standard","has-post-thumbnail","hentry","category-seguridad"],"acf":[],"aioseo_notices":[],"yoast_head":"<!-- This site is optimized with the Yoast SEO Premium plugin v24.9 (Yoast SEO v27.2) - https:\/\/yoast.com\/product\/yoast-seo-premium-wordpress\/ -->\n<title>Ecuador pasar\u00e1 de la fase de aislamiento a la de distanciamiento social - Ecuador | Noti-America.com<\/title>\n<meta name=\"robots\" content=\"index, follow, max-snippet:-1, max-image-preview:large, max-video-preview:-1\" \/>\n<link rel=\"canonical\" href=\"https:\/\/noti-america.com\/site\/ecuador\/2020\/04\/25\/ecuador-pasara-de-la-fase-de-aislamiento-a-la-de-distanciamiento-social\/\" \/>\n<meta property=\"og:locale\" content=\"es_ES\" \/>\n<meta property=\"og:type\" content=\"article\" \/>\n<meta property=\"og:title\" content=\"Ecuador pasar\u00e1 de la fase de aislamiento a la de distanciamiento social\" \/>\n<meta property=\"og:description\" content=\"REDACCI\u00d3N NOTI AM\u00c9RICA (ECUADOR) El 4 de mayo iniciamos con prudencia la reactivaci\u00f3n paulatina de ciertos sectores productivos y comerciales, bajo estrictos controles sanitarios. \u00a1No vamos a volver a la normalidad! La vida social,&#046;&#046;&#046;\" \/>\n<meta property=\"og:url\" content=\"https:\/\/noti-america.com\/site\/ecuador\/2020\/04\/25\/ecuador-pasara-de-la-fase-de-aislamiento-a-la-de-distanciamiento-social\/\" \/>\n<meta property=\"og:site_name\" content=\"Ecuador | Noti-America.com\" \/>\n<meta property=\"article:published_time\" content=\"2020-04-25T19:05:41+00:00\" \/>\n<meta property=\"og:image\" content=\"https:\/\/noti-america.com\/site\/ecuador\/wp-content\/uploads\/sites\/18\/2020\/04\/Len\u00edn-Moreno.jpg\" \/>\n\t<meta property=\"og:image:width\" content=\"240\" \/>\n\t<meta property=\"og:image:height\" content=\"136\" \/>\n\t<meta property=\"og:image:type\" content=\"image\/jpeg\" \/>\n<meta name=\"author\" content=\"Gregory Quintana Montiel\" \/>\n<meta name=\"twitter:card\" content=\"summary_large_image\" \/>\n<meta name=\"twitter:creator\" content=\"@gdgregori1\" \/>\n<meta name=\"twitter:site\" content=\"@notiamerica\" \/>\n<meta name=\"twitter:label1\" content=\"Escrito por\" \/>\n\t<meta name=\"twitter:data1\" content=\"Gregory Quintana Montiel\" \/>\n\t<meta name=\"twitter:label2\" content=\"Tiempo estimado de lectura\" \/>\n\t<meta name=\"twitter:data2\" content=\"3 minutos\" \/>\n<script type=\"application\/ld+json\" class=\"yoast-schema-graph\">{\"@context\":\"https:\/\/schema.org\",\"@graph\":[{\"@type\":\"Article\",\"@id\":\"https:\/\/noti-america.com\/site\/ecuador\/2020\/04\/25\/ecuador-pasara-de-la-fase-de-aislamiento-a-la-de-distanciamiento-social\/#article\",\"isPartOf\":{\"@id\":\"https:\/\/noti-america.com\/site\/ecuador\/2020\/04\/25\/ecuador-pasara-de-la-fase-de-aislamiento-a-la-de-distanciamiento-social\/\"},\"author\":{\"name\":\"Gregory Quintana Montiel\",\"@id\":\"https:\/\/noti-america.com\/site\/ecuador\/#\/schema\/person\/3b975e42f15abfe64bfe3abdd916efda\"},\"headline\":\"Ecuador pasar\u00e1 de la fase de aislamiento a la de distanciamiento social\",\"datePublished\":\"2020-04-25T19:05:41+00:00\",\"mainEntityOfPage\":{\"@id\":\"https:\/\/noti-america.com\/site\/ecuador\/2020\/04\/25\/ecuador-pasara-de-la-fase-de-aislamiento-a-la-de-distanciamiento-social\/\"},\"wordCount\":616,\"commentCount\":0,\"publisher\":{\"@id\":\"https:\/\/noti-america.com\/site\/ecuador\/#organization\"},\"image\":{\"@id\":\"https:\/\/noti-america.com\/site\/ecuador\/2020\/04\/25\/ecuador-pasara-de-la-fase-de-aislamiento-a-la-de-distanciamiento-social\/#primaryimage\"},\"thumbnailUrl\":\"https:\/\/noti-america.com\/site\/ecuador\/wp-content\/uploads\/sites\/18\/2020\/04\/Len\u00edn-Moreno.jpg\",\"articleSection\":[\"Seguridad\"],\"inLanguage\":\"es\",\"potentialAction\":[{\"@type\":\"CommentAction\",\"name\":\"Comment\",\"target\":[\"https:\/\/noti-america.com\/site\/ecuador\/2020\/04\/25\/ecuador-pasara-de-la-fase-de-aislamiento-a-la-de-distanciamiento-social\/#respond\"]}]},{\"@type\":\"WebPage\",\"@id\":\"https:\/\/noti-america.com\/site\/ecuador\/2020\/04\/25\/ecuador-pasara-de-la-fase-de-aislamiento-a-la-de-distanciamiento-social\/\",\"url\":\"https:\/\/noti-america.com\/site\/ecuador\/2020\/04\/25\/ecuador-pasara-de-la-fase-de-aislamiento-a-la-de-distanciamiento-social\/\",\"name\":\"Ecuador pasar\u00e1 de la fase de aislamiento a la de distanciamiento social - Ecuador | Noti-America.com\",\"isPartOf\":{\"@id\":\"https:\/\/noti-america.com\/site\/ecuador\/#website\"},\"primaryImageOfPage\":{\"@id\":\"https:\/\/noti-america.com\/site\/ecuador\/2020\/04\/25\/ecuador-pasara-de-la-fase-de-aislamiento-a-la-de-distanciamiento-social\/#primaryimage\"},\"image\":{\"@id\":\"https:\/\/noti-america.com\/site\/ecuador\/2020\/04\/25\/ecuador-pasara-de-la-fase-de-aislamiento-a-la-de-distanciamiento-social\/#primaryimage\"},\"thumbnailUrl\":\"https:\/\/noti-america.com\/site\/ecuador\/wp-content\/uploads\/sites\/18\/2020\/04\/Len\u00edn-Moreno.jpg\",\"datePublished\":\"2020-04-25T19:05:41+00:00\",\"breadcrumb\":{\"@id\":\"https:\/\/noti-america.com\/site\/ecuador\/2020\/04\/25\/ecuador-pasara-de-la-fase-de-aislamiento-a-la-de-distanciamiento-social\/#breadcrumb\"},\"inLanguage\":\"es\",\"potentialAction\":[{\"@type\":\"ReadAction\",\"target\":[\"https:\/\/noti-america.com\/site\/ecuador\/2020\/04\/25\/ecuador-pasara-de-la-fase-de-aislamiento-a-la-de-distanciamiento-social\/\"]}]},{\"@type\":\"ImageObject\",\"inLanguage\":\"es\",\"@id\":\"https:\/\/noti-america.com\/site\/ecuador\/2020\/04\/25\/ecuador-pasara-de-la-fase-de-aislamiento-a-la-de-distanciamiento-social\/#primaryimage\",\"url\":\"https:\/\/noti-america.com\/site\/ecuador\/wp-content\/uploads\/sites\/18\/2020\/04\/Len\u00edn-Moreno.jpg\",\"contentUrl\":\"https:\/\/noti-america.com\/site\/ecuador\/wp-content\/uploads\/sites\/18\/2020\/04\/Len\u00edn-Moreno.jpg\",\"width\":240,\"height\":136,\"caption\":\"Foto archivo\"},{\"@type\":\"BreadcrumbList\",\"@id\":\"https:\/\/noti-america.com\/site\/ecuador\/2020\/04\/25\/ecuador-pasara-de-la-fase-de-aislamiento-a-la-de-distanciamiento-social\/#breadcrumb\",\"itemListElement\":[{\"@type\":\"ListItem\",\"position\":1,\"name\":\"Portada\",\"item\":\"https:\/\/noti-america.com\/site\/ecuador\/\"},{\"@type\":\"ListItem\",\"position\":2,\"name\":\"Ecuador pasar\u00e1 de la fase de aislamiento a la de distanciamiento social\"}]},{\"@type\":\"WebSite\",\"@id\":\"https:\/\/noti-america.com\/site\/ecuador\/#website\",\"url\":\"https:\/\/noti-america.com\/site\/ecuador\/\",\"name\":\"Ecuador | Noti-America.com\",\"description\":\"\",\"publisher\":{\"@id\":\"https:\/\/noti-america.com\/site\/ecuador\/#organization\"},\"potentialAction\":[{\"@type\":\"SearchAction\",\"target\":{\"@type\":\"EntryPoint\",\"urlTemplate\":\"https:\/\/noti-america.com\/site\/ecuador\/?s={search_term_string}\"},\"query-input\":{\"@type\":\"PropertyValueSpecification\",\"valueRequired\":true,\"valueName\":\"search_term_string\"}}],\"inLanguage\":\"es\"},{\"@type\":\"Organization\",\"@id\":\"https:\/\/noti-america.com\/site\/ecuador\/#organization\",\"name\":\"Noti-America LLC | Ecuador\",\"url\":\"https:\/\/noti-america.com\/site\/ecuador\/\",\"logo\":{\"@type\":\"ImageObject\",\"inLanguage\":\"es\",\"@id\":\"https:\/\/noti-america.com\/site\/ecuador\/#\/schema\/logo\/image\/\",\"url\":\"https:\/\/noti-america.com\/site\/ecuador\/wp-content\/uploads\/sites\/18\/2020\/07\/LogoNA-4x3-1.jpg\",\"contentUrl\":\"https:\/\/noti-america.com\/site\/ecuador\/wp-content\/uploads\/sites\/18\/2020\/07\/LogoNA-4x3-1.jpg\",\"width\":1236,\"height\":1080,\"caption\":\"Noti-America LLC | Ecuador\"},\"image\":{\"@id\":\"https:\/\/noti-america.com\/site\/ecuador\/#\/schema\/logo\/image\/\"},\"sameAs\":[\"https:\/\/x.com\/notiamerica\"]},{\"@type\":\"Person\",\"@id\":\"https:\/\/noti-america.com\/site\/ecuador\/#\/schema\/person\/3b975e42f15abfe64bfe3abdd916efda\",\"name\":\"Gregory Quintana Montiel\",\"image\":{\"@type\":\"ImageObject\",\"inLanguage\":\"es\",\"@id\":\"https:\/\/secure.gravatar.com\/avatar\/2d6b802f7720c2ec7744dcbe608cc2f3417aeb964d58b443c6d612b77531de1d?s=96&d=mm&r=g\",\"url\":\"https:\/\/secure.gravatar.com\/avatar\/2d6b802f7720c2ec7744dcbe608cc2f3417aeb964d58b443c6d612b77531de1d?s=96&d=mm&r=g\",\"contentUrl\":\"https:\/\/secure.gravatar.com\/avatar\/2d6b802f7720c2ec7744dcbe608cc2f3417aeb964d58b443c6d612b77531de1d?s=96&d=mm&r=g\",\"caption\":\"Gregory Quintana Montiel\"},\"description\":\"Licenciatura en Ciencias de la Comunicaci\u00f3n Social, egresado en la Especializaci\u00f3n Derecho Ambiental Desarrollo Sostenible y Sustentable, Miembro de la Comunidad de profesionales y experto para Latinoam\u00e9rica y el Caribe en Gesti\u00f3n por Resultado en el Desarrollo (COPLAC - GpRD) del Banco Interamericano de Desarrollo, experiencia en medios radiales y escritos.\",\"sameAs\":[\"https:\/\/x.com\/gdgregori1\",\"gquintana\"],\"url\":\"https:\/\/noti-america.com\/site\/ecuador\/author\/gquintana\/\"}]}<\/script>\n<!-- \/ Yoast SEO Premium plugin. -->","yoast_head_json":{"title":"Ecuador pasar\u00e1 de la fase de aislamiento a la de distanciamiento social - Ecuador | Noti-America.com","robots":{"index":"index","follow":"follow","max-snippet":"max-snippet:-1","max-image-preview":"max-image-preview:large","max-video-preview":"max-video-preview:-1"},"canonical":"https:\/\/noti-america.com\/site\/ecuador\/2020\/04\/25\/ecuador-pasara-de-la-fase-de-aislamiento-a-la-de-distanciamiento-social\/","og_locale":"es_ES","og_type":"article","og_title":"Ecuador pasar\u00e1 de la fase de aislamiento a la de distanciamiento social","og_description":"REDACCI\u00d3N NOTI AM\u00c9RICA (ECUADOR) El 4 de mayo iniciamos con prudencia la reactivaci\u00f3n paulatina de ciertos sectores productivos y comerciales, bajo estrictos controles sanitarios. \u00a1No vamos a volver a la normalidad! La vida social,&#46;&#46;&#46;","og_url":"https:\/\/noti-america.com\/site\/ecuador\/2020\/04\/25\/ecuador-pasara-de-la-fase-de-aislamiento-a-la-de-distanciamiento-social\/","og_site_name":"Ecuador | Noti-America.com","article_published_time":"2020-04-25T19:05:41+00:00","og_image":[{"width":240,"height":136,"url":"https:\/\/noti-america.com\/site\/ecuador\/wp-content\/uploads\/sites\/18\/2020\/04\/Len\u00edn-Moreno.jpg","type":"image\/jpeg"}],"author":"Gregory Quintana Montiel","twitter_card":"summary_large_image","twitter_creator":"@gdgregori1","twitter_site":"@notiamerica","twitter_misc":{"Escrito por":"Gregory Quintana Montiel","Tiempo estimado de lectura":"3 minutos"},"schema":{"@context":"https:\/\/schema.org","@graph":[{"@type":"Article","@id":"https:\/\/noti-america.com\/site\/ecuador\/2020\/04\/25\/ecuador-pasara-de-la-fase-de-aislamiento-a-la-de-distanciamiento-social\/#article","isPartOf":{"@id":"https:\/\/noti-america.com\/site\/ecuador\/2020\/04\/25\/ecuador-pasara-de-la-fase-de-aislamiento-a-la-de-distanciamiento-social\/"},"author":{"name":"Gregory Quintana Montiel","@id":"https:\/\/noti-america.com\/site\/ecuador\/#\/schema\/person\/3b975e42f15abfe64bfe3abdd916efda"},"headline":"Ecuador pasar\u00e1 de la fase de aislamiento a la de distanciamiento social","datePublished":"2020-04-25T19:05:41+00:00","mainEntityOfPage":{"@id":"https:\/\/noti-america.com\/site\/ecuador\/2020\/04\/25\/ecuador-pasara-de-la-fase-de-aislamiento-a-la-de-distanciamiento-social\/"},"wordCount":616,"commentCount":0,"publisher":{"@id":"https:\/\/noti-america.com\/site\/ecuador\/#organization"},"image":{"@id":"https:\/\/noti-america.com\/site\/ecuador\/2020\/04\/25\/ecuador-pasara-de-la-fase-de-aislamiento-a-la-de-distanciamiento-social\/#primaryimage"},"thumbnailUrl":"https:\/\/noti-america.com\/site\/ecuador\/wp-content\/uploads\/sites\/18\/2020\/04\/Len\u00edn-Moreno.jpg","articleSection":["Seguridad"],"inLanguage":"es","potentialAction":[{"@type":"CommentAction","name":"Comment","target":["https:\/\/noti-america.com\/site\/ecuador\/2020\/04\/25\/ecuador-pasara-de-la-fase-de-aislamiento-a-la-de-distanciamiento-social\/#respond"]}]},{"@type":"WebPage","@id":"https:\/\/noti-america.com\/site\/ecuador\/2020\/04\/25\/ecuador-pasara-de-la-fase-de-aislamiento-a-la-de-distanciamiento-social\/","url":"https:\/\/noti-america.com\/site\/ecuador\/2020\/04\/25\/ecuador-pasara-de-la-fase-de-aislamiento-a-la-de-distanciamiento-social\/","name":"Ecuador pasar\u00e1 de la fase de aislamiento a la de distanciamiento social - Ecuador | Noti-America.com","isPartOf":{"@id":"https:\/\/noti-america.com\/site\/ecuador\/#website"},"primaryImageOfPage":{"@id":"https:\/\/noti-america.com\/site\/ecuador\/2020\/04\/25\/ecuador-pasara-de-la-fase-de-aislamiento-a-la-de-distanciamiento-social\/#primaryimage"},"image":{"@id":"https:\/\/noti-america.com\/site\/ecuador\/2020\/04\/25\/ecuador-pasara-de-la-fase-de-aislamiento-a-la-de-distanciamiento-social\/#primaryimage"},"thumbnailUrl":"https:\/\/noti-america.com\/site\/ecuador\/wp-content\/uploads\/sites\/18\/2020\/04\/Len\u00edn-Moreno.jpg","datePublished":"2020-04-25T19:05:41+00:00","breadcrumb":{"@id":"https:\/\/noti-america.com\/site\/ecuador\/2020\/04\/25\/ecuador-pasara-de-la-fase-de-aislamiento-a-la-de-distanciamiento-social\/#breadcrumb"},"inLanguage":"es","potentialAction":[{"@type":"ReadAction","target":["https:\/\/noti-america.com\/site\/ecuador\/2020\/04\/25\/ecuador-pasara-de-la-fase-de-aislamiento-a-la-de-distanciamiento-social\/"]}]},{"@type":"ImageObject","inLanguage":"es","@id":"https:\/\/noti-america.com\/site\/ecuador\/2020\/04\/25\/ecuador-pasara-de-la-fase-de-aislamiento-a-la-de-distanciamiento-social\/#primaryimage","url":"https:\/\/noti-america.com\/site\/ecuador\/wp-content\/uploads\/sites\/18\/2020\/04\/Len\u00edn-Moreno.jpg","contentUrl":"https:\/\/noti-america.com\/site\/ecuador\/wp-content\/uploads\/sites\/18\/2020\/04\/Len\u00edn-Moreno.jpg","width":240,"height":136,"caption":"Foto archivo"},{"@type":"BreadcrumbList","@id":"https:\/\/noti-america.com\/site\/ecuador\/2020\/04\/25\/ecuador-pasara-de-la-fase-de-aislamiento-a-la-de-distanciamiento-social\/#breadcrumb","itemListElement":[{"@type":"ListItem","position":1,"name":"Portada","item":"https:\/\/noti-america.com\/site\/ecuador\/"},{"@type":"ListItem","position":2,"name":"Ecuador pasar\u00e1 de la fase de aislamiento a la de distanciamiento social"}]},{"@type":"WebSite","@id":"https:\/\/noti-america.com\/site\/ecuador\/#website","url":"https:\/\/noti-america.com\/site\/ecuador\/","name":"Ecuador | Noti-America.com","description":"","publisher":{"@id":"https:\/\/noti-america.com\/site\/ecuador\/#organization"},"potentialAction":[{"@type":"SearchAction","target":{"@type":"EntryPoint","urlTemplate":"https:\/\/noti-america.com\/site\/ecuador\/?s={search_term_string}"},"query-input":{"@type":"PropertyValueSpecification","valueRequired":true,"valueName":"search_term_string"}}],"inLanguage":"es"},{"@type":"Organization","@id":"https:\/\/noti-america.com\/site\/ecuador\/#organization","name":"Noti-America LLC | Ecuador","url":"https:\/\/noti-america.com\/site\/ecuador\/","logo":{"@type":"ImageObject","inLanguage":"es","@id":"https:\/\/noti-america.com\/site\/ecuador\/#\/schema\/logo\/image\/","url":"https:\/\/noti-america.com\/site\/ecuador\/wp-content\/uploads\/sites\/18\/2020\/07\/LogoNA-4x3-1.jpg","contentUrl":"https:\/\/noti-america.com\/site\/ecuador\/wp-content\/uploads\/sites\/18\/2020\/07\/LogoNA-4x3-1.jpg","width":1236,"height":1080,"caption":"Noti-America LLC | Ecuador"},"image":{"@id":"https:\/\/noti-america.com\/site\/ecuador\/#\/schema\/logo\/image\/"},"sameAs":["https:\/\/x.com\/notiamerica"]},{"@type":"Person","@id":"https:\/\/noti-america.com\/site\/ecuador\/#\/schema\/person\/3b975e42f15abfe64bfe3abdd916efda","name":"Gregory Quintana Montiel","image":{"@type":"ImageObject","inLanguage":"es","@id":"https:\/\/secure.gravatar.com\/avatar\/2d6b802f7720c2ec7744dcbe608cc2f3417aeb964d58b443c6d612b77531de1d?s=96&d=mm&r=g","url":"https:\/\/secure.gravatar.com\/avatar\/2d6b802f7720c2ec7744dcbe608cc2f3417aeb964d58b443c6d612b77531de1d?s=96&d=mm&r=g","contentUrl":"https:\/\/secure.gravatar.com\/avatar\/2d6b802f7720c2ec7744dcbe608cc2f3417aeb964d58b443c6d612b77531de1d?s=96&d=mm&r=g","caption":"Gregory Quintana Montiel"},"description":"Licenciatura en Ciencias de la Comunicaci\u00f3n Social, egresado en la Especializaci\u00f3n Derecho Ambiental Desarrollo Sostenible y Sustentable, Miembro de la Comunidad de profesionales y experto para Latinoam\u00e9rica y el Caribe en Gesti\u00f3n por Resultado en el Desarrollo (COPLAC - GpRD) del Banco Interamericano de Desarrollo, experiencia en medios radiales y escritos.","sameAs":["https:\/\/x.com\/gdgregori1","gquintana"],"url":"https:\/\/noti-america.com\/site\/ecuador\/author\/gquintana\/"}]}},"_links":{"self":[{"href":"https:\/\/noti-america.com\/site\/ecuador\/wp-json\/wp\/v2\/posts\/8192","targetHints":{"allow":["GET"]}}],"collection":[{"href":"https:\/\/noti-america.com\/site\/ecuador\/wp-json\/wp\/v2\/posts"}],"about":[{"href":"https:\/\/noti-america.com\/site\/ecuador\/wp-json\/wp\/v2\/types\/post"}],"author":[{"embeddable":true,"href":"https:\/\/noti-america.com\/site\/ecuador\/wp-json\/wp\/v2\/users\/17"}],"replies":[{"embeddable":true,"href":"https:\/\/noti-america.com\/site\/ecuador\/wp-json\/wp\/v2\/comments?post=8192"}],"version-history":[{"count":1,"href":"https:\/\/noti-america.com\/site\/ecuador\/wp-json\/wp\/v2\/posts\/8192\/revisions"}],"predecessor-version":[{"id":8194,"href":"https:\/\/noti-america.com\/site\/ecuador\/wp-json\/wp\/v2\/posts\/8192\/revisions\/8194"}],"wp:featuredmedia":[{"embeddable":true,"href":"https:\/\/noti-america.com\/site\/ecuador\/wp-json\/wp\/v2\/media\/8193"}],"wp:attachment":[{"href":"https:\/\/noti-america.com\/site\/ecuador\/wp-json\/wp\/v2\/media?parent=8192"}],"wp:term":[{"taxonomy":"category","embeddable":true,"href":"https:\/\/noti-america.com\/site\/ecuador\/wp-json\/wp\/v2\/categories?post=8192"},{"taxonomy":"post_tag","embeddable":true,"href":"https:\/\/noti-america.com\/site\/ecuador\/wp-json\/wp\/v2\/tags?post=8192"}],"curies":[{"name":"wp","href":"https:\/\/api.w.org\/{rel}","templated":true}]}}