{"id":7733,"date":"2020-04-02T23:28:02","date_gmt":"2020-04-02T23:28:02","guid":{"rendered":"http:\/\/noti-america.com\/site\/ecuador\/?p=7733"},"modified":"2020-04-02T23:31:24","modified_gmt":"2020-04-02T23:31:24","slug":"ecuador-gobierno-anuncia-ampliacion-de-estado-de-excepcion-hasta-el-12-de-abril-y-asi-evitar-una-mayor-propagacion-del-virus","status":"publish","type":"post","link":"https:\/\/noti-america.com\/site\/ecuador\/2020\/04\/02\/ecuador-gobierno-anuncia-ampliacion-de-estado-de-excepcion-hasta-el-12-de-abril-y-asi-evitar-una-mayor-propagacion-del-virus\/","title":{"rendered":"Ecuador: Gobierno anuncia ampliaci\u00f3n de estado de excepci\u00f3n hasta el 12 de abril"},"content":{"rendered":"<p>REDACCI\u00d3N NOTI AM\u00c9RICA (ECUADOR)<\/p>\n<div id=\"attachment_7526\" style=\"width: 599px\" class=\"wp-caption aligncenter\"><img loading=\"lazy\" decoding=\"async\" aria-describedby=\"caption-attachment-7526\" class=\"wp-image-7526\" src=\"http:\/\/noti-america.com\/site\/ecuador\/wp-content\/uploads\/sites\/18\/2020\/03\/1-3.jpg\" alt=\"\" width=\"589\" height=\"332\" \/><p id=\"caption-attachment-7526\" class=\"wp-caption-text\">Foto archivo<\/p><\/div>\n<p style=\"text-align: justify\">El presidente Len\u00edn Moreno se dirigi\u00f3 al pa\u00eds, este 2 de abril, para expresar su profundo dolor por la situaci\u00f3n que enfrentan los habitantes de Guayaquil a causa del coronavirus (COVID-19). Adem\u00e1s, anunci\u00f3 las nuevas decisiones del Comit\u00e9 Nacional de Operaciones de Emergencia (COE) que buscan evitar una mayor propagaci\u00f3n del virus.<\/p>\n<p style=\"text-align: justify\">Respecto a la emergencia que enfrenta la urbe porte\u00f1a, el Primer Mandatario indic\u00f3 que ha coordinado con el vicepresidente Otto Sonnenholzner para que \u00e9l, junto a varios ministros de Estado, trabajen desde esa ciudad y no escatimen esfuerzos para enfrentar la situaci\u00f3n.\u00a0<em>\u201cTodos estamos con Guayaquil\u201d,\u00a0<\/em>sostuvo y exhort\u00f3 a la ciudadan\u00eda a no minimizar el riesgo y a acatar las medidas dispuestas.<\/p>\n<p style=\"text-align: justify\">Asimismo, manifest\u00f3 que para atender a las personas que requieren hospitalizaci\u00f3n, se ha incrementado el n\u00famero de camas y respiradores; adem\u00e1s, se est\u00e1n incorporando trabajadores de la salud. Record\u00f3 que la Fuerza de Tarea Conjunta est\u00e1 concentrada en el levantamiento de cad\u00e1veres. <em>\u201cIniciamos con 30 personas al d\u00eda y hoy vamos por 150, gracias a las instituciones\u201d<\/em>, dijo. Seg\u00fan las estimaciones efectuadas, las v\u00edctimas mortales por coronavirus podr\u00edan llegar a 2.500 o 3.500 solo en Guayas.<\/p>\n<p style=\"text-align: justify\">El jefe de Estado rechaz\u00f3 en\u00e9rgicamente la gran cantidad de videos e im\u00e1genes con informaci\u00f3n falsa que circula a trav\u00e9s de las redes sociales. \u201c<em>Qu\u00e9 miseria usar la desgracia humana para hacer pol\u00edtica y para el provecho propio (\u2026). Por eso, vamos a enfrentar esta guerra en el presente y en el futuro con fe, entereza y unidad<\/em>\u201d, acot\u00f3. En cuanto a las cifras y porcentajes de contagios en el pa\u00eds, indic\u00f3 que se est\u00e1n usando todos los mecanismos posibles para transparentar la informaci\u00f3n,\u00a0<em>\u201cpor dolorosa que esta sea\u201d<\/em>.<\/p>\n<p style=\"text-align: justify\">Esto en referencia a los casos positivos y a los fallecidos que pudieran estar present\u00e1ndose, sin que las personas se hayan hecho la prueba respectiva. A la fecha, se han recolectado 9.000 muestras de pacientes que podr\u00edan requerir hospitalizaci\u00f3n y de ellos, 3.163 tuvieron diagn\u00f3stico positivo,\u00a0<em>\u201cpero eso no significa que sean los \u00fanicos contagiados\u201d<\/em>, reiter\u00f3 el mandatario<em>.\u00a0<\/em>Adem\u00e1s, record\u00f3 que la tasa de mortalidad en el mundo por esta enfermedad es del 4,9%; mientras, en Ecuador, se ubica por debajo de dicho porcentaje con 3,4%.<\/p>\n<p style=\"text-align: justify\">Por otra parte, el presidente Len\u00edn Moreno reiter\u00f3 que 400.000 familias que viven del d\u00eda a d\u00eda recibir\u00e1n el Bono de Protecci\u00f3n frente a la Emergencia. De estas, 107.000 residen en Guayaquil. Precis\u00f3 que solo ayer, 12.169 personas ya recibieron el beneficio, cumpliendo con las normas de bioseguridad y sin aglomeraciones. Hay 10.200 puntos de pago habilitados para este prop\u00f3sito. Puntualiz\u00f3 que, en total, un mill\u00f3n 425 mil ecuatorianos reciben apoyo por parte del Gobierno Nacional, a trav\u00e9s de los bonos de Desarrollo Humano, Joaqu\u00edn Gallegos Lara y la pensi\u00f3n Mis Mejores A\u00f1os.<\/p>\n<p style=\"text-align: justify\">Anunci\u00f3 que el COE dispuso que se mantenga la suspensi\u00f3n de la jornada laboral hasta el domingo 12 de abril. A partir del lunes 13, las restricciones de movilidad depender\u00e1n del nivel de riesgo en las provincias. Esta valoraci\u00f3n ser\u00e1 tipo sem\u00e1foro: rojo, naranja o verde, dependiendo del avance del contagio en cada localidad. Las clases continuar\u00e1n suspendidas durante todo abril, el transporte nacional e internacional de pasajeros tampoco funcionar\u00e1 durante este mes. Asimismo, se mantiene la prohibici\u00f3n de circulaci\u00f3n de personas naturales entre provincias. Seguir\u00e1n vigentes todos los permisos y salvoconductos que garanticen los servicios b\u00e1sicos, de salud, seguridad, alimentaci\u00f3n, sectores estrat\u00e9gicos y financieros, las cadenas de exportaci\u00f3n y la prensa. Adem\u00e1s, reiter\u00f3 que las autoridades de los Gobiernos Aut\u00f3nomos Descentralizados (GAD) tienen la obligaci\u00f3n de acatar las resoluciones del COE Nacional y no se pueden efectuar eventos masivos durante abril y mayo.<\/p>\n<p style=\"text-align: justify\">En otro punto, Moreno inform\u00f3 que, la pr\u00f3xima semana, enviar\u00e1 a la Asamblea un proyecto de ley para hacerle frente al impacto econ\u00f3mico provocado por el COVID-19. Con esta norma se apunta a: preservar las plazas de trabajo, fomentar el emprendimiento y precautelar la dolarizaci\u00f3n. Asimismo, se\u00f1al\u00f3 que en los siguientes d\u00edas se presentar\u00e1 un plan para la reanudaci\u00f3n paulatina y progresiva de algunas actividades en ciertas ciudades. Agradeci\u00f3 a quienes siguen laborando para que el pa\u00eds contin\u00fae en marcha. Tambi\u00e9n expres\u00f3 su solidaridad con aquellos que han perdido alg\u00fan familiar o ser querido durante esta emergencia sanitaria. En ese sentido, hizo un llamado a mantener la fe y la esperanza: \u201c<em>Volveremos, claro que volveremos a levantar al Ecuador, a encontrarnos en un abrazo. Y lo haremos todos juntos, sin dejar a nadie atr\u00e1s<\/em>\u201d.<\/p>\n<p style=\"text-align: justify\"><a href=\"https:\/\/twitter.com\/hashtag\/Qu%C3%A9dateEnCasa?src=hashtag_click\">#Qu\u00e9dateEnCasa<\/a><\/p>\n","protected":false},"excerpt":{"rendered":"<p>REDACCI\u00d3N NOTI AM\u00c9RICA (ECUADOR) El presidente Len\u00edn Moreno se dirigi\u00f3 al pa\u00eds, este 2 de abril, para expresar su profundo dolor por la situaci\u00f3n que enfrentan los habitantes de Guayaquil a causa del coronavirus&#46;&#46;&#46;<\/p>\n","protected":false},"author":17,"featured_media":7652,"comment_status":"open","ping_status":"open","sticky":false,"template":"","format":"standard","meta":{"_acf_changed":false,"om_disable_all_campaigns":false,"rop_custom_images_group":[],"rop_custom_messages_group":[],"rop_publish_now":"initial","rop_publish_now_accounts":{"twitter_242054905_242054905":""},"rop_publish_now_history":[],"rop_publish_now_status":"pending","_uf_show_specific_survey":0,"_uf_disable_surveys":false,"footnotes":""},"categories":[109],"tags":[],"class_list":["post-7733","post","type-post","status-publish","format-standard","has-post-thumbnail","hentry","category-seguridad"],"acf":[],"aioseo_notices":[],"yoast_head":"<!-- This site is optimized with the Yoast SEO Premium plugin v24.9 (Yoast SEO v27.2) - https:\/\/yoast.com\/product\/yoast-seo-premium-wordpress\/ -->\n<title>Ecuador: Gobierno anuncia ampliaci\u00f3n de estado de excepci\u00f3n hasta el 12 de abril - Ecuador | Noti-America.com<\/title>\n<meta name=\"robots\" content=\"index, follow, max-snippet:-1, max-image-preview:large, max-video-preview:-1\" \/>\n<link rel=\"canonical\" href=\"https:\/\/noti-america.com\/site\/ecuador\/2020\/04\/02\/ecuador-gobierno-anuncia-ampliacion-de-estado-de-excepcion-hasta-el-12-de-abril-y-asi-evitar-una-mayor-propagacion-del-virus\/\" \/>\n<meta property=\"og:locale\" content=\"es_ES\" \/>\n<meta property=\"og:type\" content=\"article\" \/>\n<meta property=\"og:title\" content=\"Ecuador: Gobierno anuncia ampliaci\u00f3n de estado de excepci\u00f3n hasta el 12 de abril\" \/>\n<meta property=\"og:description\" content=\"REDACCI\u00d3N NOTI AM\u00c9RICA (ECUADOR) El presidente Len\u00edn Moreno se dirigi\u00f3 al pa\u00eds, este 2 de abril, para expresar su profundo dolor por la situaci\u00f3n que enfrentan los habitantes de Guayaquil a causa del coronavirus&#046;&#046;&#046;\" \/>\n<meta property=\"og:url\" content=\"https:\/\/noti-america.com\/site\/ecuador\/2020\/04\/02\/ecuador-gobierno-anuncia-ampliacion-de-estado-de-excepcion-hasta-el-12-de-abril-y-asi-evitar-una-mayor-propagacion-del-virus\/\" \/>\n<meta property=\"og:site_name\" content=\"Ecuador | Noti-America.com\" \/>\n<meta property=\"article:published_time\" content=\"2020-04-02T23:28:02+00:00\" \/>\n<meta property=\"article:modified_time\" content=\"2020-04-02T23:31:24+00:00\" \/>\n<meta property=\"og:image\" content=\"https:\/\/noti-america.com\/site\/ecuador\/wp-content\/uploads\/sites\/18\/2020\/03\/coronavirus2-696x464-2.jpg\" \/>\n\t<meta property=\"og:image:width\" content=\"696\" \/>\n\t<meta property=\"og:image:height\" content=\"464\" \/>\n\t<meta property=\"og:image:type\" content=\"image\/jpeg\" \/>\n<meta name=\"author\" content=\"Gregory Quintana Montiel\" \/>\n<meta name=\"twitter:card\" content=\"summary_large_image\" \/>\n<meta name=\"twitter:creator\" content=\"@gdgregori1\" \/>\n<meta name=\"twitter:site\" content=\"@notiamerica\" \/>\n<meta name=\"twitter:label1\" content=\"Escrito por\" \/>\n\t<meta name=\"twitter:data1\" content=\"Gregory Quintana Montiel\" \/>\n\t<meta name=\"twitter:label2\" content=\"Tiempo estimado de lectura\" \/>\n\t<meta name=\"twitter:data2\" content=\"4 minutos\" \/>\n<script type=\"application\/ld+json\" class=\"yoast-schema-graph\">{\"@context\":\"https:\/\/schema.org\",\"@graph\":[{\"@type\":\"Article\",\"@id\":\"https:\/\/noti-america.com\/site\/ecuador\/2020\/04\/02\/ecuador-gobierno-anuncia-ampliacion-de-estado-de-excepcion-hasta-el-12-de-abril-y-asi-evitar-una-mayor-propagacion-del-virus\/#article\",\"isPartOf\":{\"@id\":\"https:\/\/noti-america.com\/site\/ecuador\/2020\/04\/02\/ecuador-gobierno-anuncia-ampliacion-de-estado-de-excepcion-hasta-el-12-de-abril-y-asi-evitar-una-mayor-propagacion-del-virus\/\"},\"author\":{\"name\":\"Gregory Quintana Montiel\",\"@id\":\"https:\/\/noti-america.com\/site\/ecuador\/#\/schema\/person\/3b975e42f15abfe64bfe3abdd916efda\"},\"headline\":\"Ecuador: Gobierno anuncia ampliaci\u00f3n de estado de excepci\u00f3n hasta el 12 de abril\",\"datePublished\":\"2020-04-02T23:28:02+00:00\",\"dateModified\":\"2020-04-02T23:31:24+00:00\",\"mainEntityOfPage\":{\"@id\":\"https:\/\/noti-america.com\/site\/ecuador\/2020\/04\/02\/ecuador-gobierno-anuncia-ampliacion-de-estado-de-excepcion-hasta-el-12-de-abril-y-asi-evitar-una-mayor-propagacion-del-virus\/\"},\"wordCount\":818,\"commentCount\":0,\"publisher\":{\"@id\":\"https:\/\/noti-america.com\/site\/ecuador\/#organization\"},\"image\":{\"@id\":\"https:\/\/noti-america.com\/site\/ecuador\/2020\/04\/02\/ecuador-gobierno-anuncia-ampliacion-de-estado-de-excepcion-hasta-el-12-de-abril-y-asi-evitar-una-mayor-propagacion-del-virus\/#primaryimage\"},\"thumbnailUrl\":\"https:\/\/noti-america.com\/site\/ecuador\/wp-content\/uploads\/sites\/18\/2020\/03\/coronavirus2-696x464-2.jpg\",\"articleSection\":[\"Seguridad\"],\"inLanguage\":\"es\",\"potentialAction\":[{\"@type\":\"CommentAction\",\"name\":\"Comment\",\"target\":[\"https:\/\/noti-america.com\/site\/ecuador\/2020\/04\/02\/ecuador-gobierno-anuncia-ampliacion-de-estado-de-excepcion-hasta-el-12-de-abril-y-asi-evitar-una-mayor-propagacion-del-virus\/#respond\"]}]},{\"@type\":\"WebPage\",\"@id\":\"https:\/\/noti-america.com\/site\/ecuador\/2020\/04\/02\/ecuador-gobierno-anuncia-ampliacion-de-estado-de-excepcion-hasta-el-12-de-abril-y-asi-evitar-una-mayor-propagacion-del-virus\/\",\"url\":\"https:\/\/noti-america.com\/site\/ecuador\/2020\/04\/02\/ecuador-gobierno-anuncia-ampliacion-de-estado-de-excepcion-hasta-el-12-de-abril-y-asi-evitar-una-mayor-propagacion-del-virus\/\",\"name\":\"Ecuador: Gobierno anuncia ampliaci\u00f3n de estado de excepci\u00f3n hasta el 12 de abril - Ecuador | Noti-America.com\",\"isPartOf\":{\"@id\":\"https:\/\/noti-america.com\/site\/ecuador\/#website\"},\"primaryImageOfPage\":{\"@id\":\"https:\/\/noti-america.com\/site\/ecuador\/2020\/04\/02\/ecuador-gobierno-anuncia-ampliacion-de-estado-de-excepcion-hasta-el-12-de-abril-y-asi-evitar-una-mayor-propagacion-del-virus\/#primaryimage\"},\"image\":{\"@id\":\"https:\/\/noti-america.com\/site\/ecuador\/2020\/04\/02\/ecuador-gobierno-anuncia-ampliacion-de-estado-de-excepcion-hasta-el-12-de-abril-y-asi-evitar-una-mayor-propagacion-del-virus\/#primaryimage\"},\"thumbnailUrl\":\"https:\/\/noti-america.com\/site\/ecuador\/wp-content\/uploads\/sites\/18\/2020\/03\/coronavirus2-696x464-2.jpg\",\"datePublished\":\"2020-04-02T23:28:02+00:00\",\"dateModified\":\"2020-04-02T23:31:24+00:00\",\"breadcrumb\":{\"@id\":\"https:\/\/noti-america.com\/site\/ecuador\/2020\/04\/02\/ecuador-gobierno-anuncia-ampliacion-de-estado-de-excepcion-hasta-el-12-de-abril-y-asi-evitar-una-mayor-propagacion-del-virus\/#breadcrumb\"},\"inLanguage\":\"es\",\"potentialAction\":[{\"@type\":\"ReadAction\",\"target\":[\"https:\/\/noti-america.com\/site\/ecuador\/2020\/04\/02\/ecuador-gobierno-anuncia-ampliacion-de-estado-de-excepcion-hasta-el-12-de-abril-y-asi-evitar-una-mayor-propagacion-del-virus\/\"]}]},{\"@type\":\"ImageObject\",\"inLanguage\":\"es\",\"@id\":\"https:\/\/noti-america.com\/site\/ecuador\/2020\/04\/02\/ecuador-gobierno-anuncia-ampliacion-de-estado-de-excepcion-hasta-el-12-de-abril-y-asi-evitar-una-mayor-propagacion-del-virus\/#primaryimage\",\"url\":\"https:\/\/noti-america.com\/site\/ecuador\/wp-content\/uploads\/sites\/18\/2020\/03\/coronavirus2-696x464-2.jpg\",\"contentUrl\":\"https:\/\/noti-america.com\/site\/ecuador\/wp-content\/uploads\/sites\/18\/2020\/03\/coronavirus2-696x464-2.jpg\",\"width\":696,\"height\":464},{\"@type\":\"BreadcrumbList\",\"@id\":\"https:\/\/noti-america.com\/site\/ecuador\/2020\/04\/02\/ecuador-gobierno-anuncia-ampliacion-de-estado-de-excepcion-hasta-el-12-de-abril-y-asi-evitar-una-mayor-propagacion-del-virus\/#breadcrumb\",\"itemListElement\":[{\"@type\":\"ListItem\",\"position\":1,\"name\":\"Portada\",\"item\":\"https:\/\/noti-america.com\/site\/ecuador\/\"},{\"@type\":\"ListItem\",\"position\":2,\"name\":\"Ecuador: Gobierno anuncia ampliaci\u00f3n de estado de excepci\u00f3n hasta el 12 de abril\"}]},{\"@type\":\"WebSite\",\"@id\":\"https:\/\/noti-america.com\/site\/ecuador\/#website\",\"url\":\"https:\/\/noti-america.com\/site\/ecuador\/\",\"name\":\"Ecuador | Noti-America.com\",\"description\":\"\",\"publisher\":{\"@id\":\"https:\/\/noti-america.com\/site\/ecuador\/#organization\"},\"potentialAction\":[{\"@type\":\"SearchAction\",\"target\":{\"@type\":\"EntryPoint\",\"urlTemplate\":\"https:\/\/noti-america.com\/site\/ecuador\/?s={search_term_string}\"},\"query-input\":{\"@type\":\"PropertyValueSpecification\",\"valueRequired\":true,\"valueName\":\"search_term_string\"}}],\"inLanguage\":\"es\"},{\"@type\":\"Organization\",\"@id\":\"https:\/\/noti-america.com\/site\/ecuador\/#organization\",\"name\":\"Noti-America LLC | Ecuador\",\"url\":\"https:\/\/noti-america.com\/site\/ecuador\/\",\"logo\":{\"@type\":\"ImageObject\",\"inLanguage\":\"es\",\"@id\":\"https:\/\/noti-america.com\/site\/ecuador\/#\/schema\/logo\/image\/\",\"url\":\"https:\/\/noti-america.com\/site\/ecuador\/wp-content\/uploads\/sites\/18\/2020\/07\/LogoNA-4x3-1.jpg\",\"contentUrl\":\"https:\/\/noti-america.com\/site\/ecuador\/wp-content\/uploads\/sites\/18\/2020\/07\/LogoNA-4x3-1.jpg\",\"width\":1236,\"height\":1080,\"caption\":\"Noti-America LLC | Ecuador\"},\"image\":{\"@id\":\"https:\/\/noti-america.com\/site\/ecuador\/#\/schema\/logo\/image\/\"},\"sameAs\":[\"https:\/\/x.com\/notiamerica\"]},{\"@type\":\"Person\",\"@id\":\"https:\/\/noti-america.com\/site\/ecuador\/#\/schema\/person\/3b975e42f15abfe64bfe3abdd916efda\",\"name\":\"Gregory Quintana Montiel\",\"image\":{\"@type\":\"ImageObject\",\"inLanguage\":\"es\",\"@id\":\"https:\/\/secure.gravatar.com\/avatar\/2d6b802f7720c2ec7744dcbe608cc2f3417aeb964d58b443c6d612b77531de1d?s=96&d=mm&r=g\",\"url\":\"https:\/\/secure.gravatar.com\/avatar\/2d6b802f7720c2ec7744dcbe608cc2f3417aeb964d58b443c6d612b77531de1d?s=96&d=mm&r=g\",\"contentUrl\":\"https:\/\/secure.gravatar.com\/avatar\/2d6b802f7720c2ec7744dcbe608cc2f3417aeb964d58b443c6d612b77531de1d?s=96&d=mm&r=g\",\"caption\":\"Gregory Quintana Montiel\"},\"description\":\"Licenciatura en Ciencias de la Comunicaci\u00f3n Social, egresado en la Especializaci\u00f3n Derecho Ambiental Desarrollo Sostenible y Sustentable, Miembro de la Comunidad de profesionales y experto para Latinoam\u00e9rica y el Caribe en Gesti\u00f3n por Resultado en el Desarrollo (COPLAC - GpRD) del Banco Interamericano de Desarrollo, experiencia en medios radiales y escritos.\",\"sameAs\":[\"https:\/\/x.com\/gdgregori1\",\"gquintana\"],\"url\":\"https:\/\/noti-america.com\/site\/ecuador\/author\/gquintana\/\"}]}<\/script>\n<!-- \/ Yoast SEO Premium plugin. -->","yoast_head_json":{"title":"Ecuador: Gobierno anuncia ampliaci\u00f3n de estado de excepci\u00f3n hasta el 12 de abril - Ecuador | Noti-America.com","robots":{"index":"index","follow":"follow","max-snippet":"max-snippet:-1","max-image-preview":"max-image-preview:large","max-video-preview":"max-video-preview:-1"},"canonical":"https:\/\/noti-america.com\/site\/ecuador\/2020\/04\/02\/ecuador-gobierno-anuncia-ampliacion-de-estado-de-excepcion-hasta-el-12-de-abril-y-asi-evitar-una-mayor-propagacion-del-virus\/","og_locale":"es_ES","og_type":"article","og_title":"Ecuador: Gobierno anuncia ampliaci\u00f3n de estado de excepci\u00f3n hasta el 12 de abril","og_description":"REDACCI\u00d3N NOTI AM\u00c9RICA (ECUADOR) El presidente Len\u00edn Moreno se dirigi\u00f3 al pa\u00eds, este 2 de abril, para expresar su profundo dolor por la situaci\u00f3n que enfrentan los habitantes de Guayaquil a causa del coronavirus&#46;&#46;&#46;","og_url":"https:\/\/noti-america.com\/site\/ecuador\/2020\/04\/02\/ecuador-gobierno-anuncia-ampliacion-de-estado-de-excepcion-hasta-el-12-de-abril-y-asi-evitar-una-mayor-propagacion-del-virus\/","og_site_name":"Ecuador | Noti-America.com","article_published_time":"2020-04-02T23:28:02+00:00","article_modified_time":"2020-04-02T23:31:24+00:00","og_image":[{"width":696,"height":464,"url":"https:\/\/noti-america.com\/site\/ecuador\/wp-content\/uploads\/sites\/18\/2020\/03\/coronavirus2-696x464-2.jpg","type":"image\/jpeg"}],"author":"Gregory Quintana Montiel","twitter_card":"summary_large_image","twitter_creator":"@gdgregori1","twitter_site":"@notiamerica","twitter_misc":{"Escrito por":"Gregory Quintana Montiel","Tiempo estimado de lectura":"4 minutos"},"schema":{"@context":"https:\/\/schema.org","@graph":[{"@type":"Article","@id":"https:\/\/noti-america.com\/site\/ecuador\/2020\/04\/02\/ecuador-gobierno-anuncia-ampliacion-de-estado-de-excepcion-hasta-el-12-de-abril-y-asi-evitar-una-mayor-propagacion-del-virus\/#article","isPartOf":{"@id":"https:\/\/noti-america.com\/site\/ecuador\/2020\/04\/02\/ecuador-gobierno-anuncia-ampliacion-de-estado-de-excepcion-hasta-el-12-de-abril-y-asi-evitar-una-mayor-propagacion-del-virus\/"},"author":{"name":"Gregory Quintana Montiel","@id":"https:\/\/noti-america.com\/site\/ecuador\/#\/schema\/person\/3b975e42f15abfe64bfe3abdd916efda"},"headline":"Ecuador: Gobierno anuncia ampliaci\u00f3n de estado de excepci\u00f3n hasta el 12 de abril","datePublished":"2020-04-02T23:28:02+00:00","dateModified":"2020-04-02T23:31:24+00:00","mainEntityOfPage":{"@id":"https:\/\/noti-america.com\/site\/ecuador\/2020\/04\/02\/ecuador-gobierno-anuncia-ampliacion-de-estado-de-excepcion-hasta-el-12-de-abril-y-asi-evitar-una-mayor-propagacion-del-virus\/"},"wordCount":818,"commentCount":0,"publisher":{"@id":"https:\/\/noti-america.com\/site\/ecuador\/#organization"},"image":{"@id":"https:\/\/noti-america.com\/site\/ecuador\/2020\/04\/02\/ecuador-gobierno-anuncia-ampliacion-de-estado-de-excepcion-hasta-el-12-de-abril-y-asi-evitar-una-mayor-propagacion-del-virus\/#primaryimage"},"thumbnailUrl":"https:\/\/noti-america.com\/site\/ecuador\/wp-content\/uploads\/sites\/18\/2020\/03\/coronavirus2-696x464-2.jpg","articleSection":["Seguridad"],"inLanguage":"es","potentialAction":[{"@type":"CommentAction","name":"Comment","target":["https:\/\/noti-america.com\/site\/ecuador\/2020\/04\/02\/ecuador-gobierno-anuncia-ampliacion-de-estado-de-excepcion-hasta-el-12-de-abril-y-asi-evitar-una-mayor-propagacion-del-virus\/#respond"]}]},{"@type":"WebPage","@id":"https:\/\/noti-america.com\/site\/ecuador\/2020\/04\/02\/ecuador-gobierno-anuncia-ampliacion-de-estado-de-excepcion-hasta-el-12-de-abril-y-asi-evitar-una-mayor-propagacion-del-virus\/","url":"https:\/\/noti-america.com\/site\/ecuador\/2020\/04\/02\/ecuador-gobierno-anuncia-ampliacion-de-estado-de-excepcion-hasta-el-12-de-abril-y-asi-evitar-una-mayor-propagacion-del-virus\/","name":"Ecuador: Gobierno anuncia ampliaci\u00f3n de estado de excepci\u00f3n hasta el 12 de abril - Ecuador | Noti-America.com","isPartOf":{"@id":"https:\/\/noti-america.com\/site\/ecuador\/#website"},"primaryImageOfPage":{"@id":"https:\/\/noti-america.com\/site\/ecuador\/2020\/04\/02\/ecuador-gobierno-anuncia-ampliacion-de-estado-de-excepcion-hasta-el-12-de-abril-y-asi-evitar-una-mayor-propagacion-del-virus\/#primaryimage"},"image":{"@id":"https:\/\/noti-america.com\/site\/ecuador\/2020\/04\/02\/ecuador-gobierno-anuncia-ampliacion-de-estado-de-excepcion-hasta-el-12-de-abril-y-asi-evitar-una-mayor-propagacion-del-virus\/#primaryimage"},"thumbnailUrl":"https:\/\/noti-america.com\/site\/ecuador\/wp-content\/uploads\/sites\/18\/2020\/03\/coronavirus2-696x464-2.jpg","datePublished":"2020-04-02T23:28:02+00:00","dateModified":"2020-04-02T23:31:24+00:00","breadcrumb":{"@id":"https:\/\/noti-america.com\/site\/ecuador\/2020\/04\/02\/ecuador-gobierno-anuncia-ampliacion-de-estado-de-excepcion-hasta-el-12-de-abril-y-asi-evitar-una-mayor-propagacion-del-virus\/#breadcrumb"},"inLanguage":"es","potentialAction":[{"@type":"ReadAction","target":["https:\/\/noti-america.com\/site\/ecuador\/2020\/04\/02\/ecuador-gobierno-anuncia-ampliacion-de-estado-de-excepcion-hasta-el-12-de-abril-y-asi-evitar-una-mayor-propagacion-del-virus\/"]}]},{"@type":"ImageObject","inLanguage":"es","@id":"https:\/\/noti-america.com\/site\/ecuador\/2020\/04\/02\/ecuador-gobierno-anuncia-ampliacion-de-estado-de-excepcion-hasta-el-12-de-abril-y-asi-evitar-una-mayor-propagacion-del-virus\/#primaryimage","url":"https:\/\/noti-america.com\/site\/ecuador\/wp-content\/uploads\/sites\/18\/2020\/03\/coronavirus2-696x464-2.jpg","contentUrl":"https:\/\/noti-america.com\/site\/ecuador\/wp-content\/uploads\/sites\/18\/2020\/03\/coronavirus2-696x464-2.jpg","width":696,"height":464},{"@type":"BreadcrumbList","@id":"https:\/\/noti-america.com\/site\/ecuador\/2020\/04\/02\/ecuador-gobierno-anuncia-ampliacion-de-estado-de-excepcion-hasta-el-12-de-abril-y-asi-evitar-una-mayor-propagacion-del-virus\/#breadcrumb","itemListElement":[{"@type":"ListItem","position":1,"name":"Portada","item":"https:\/\/noti-america.com\/site\/ecuador\/"},{"@type":"ListItem","position":2,"name":"Ecuador: Gobierno anuncia ampliaci\u00f3n de estado de excepci\u00f3n hasta el 12 de abril"}]},{"@type":"WebSite","@id":"https:\/\/noti-america.com\/site\/ecuador\/#website","url":"https:\/\/noti-america.com\/site\/ecuador\/","name":"Ecuador | Noti-America.com","description":"","publisher":{"@id":"https:\/\/noti-america.com\/site\/ecuador\/#organization"},"potentialAction":[{"@type":"SearchAction","target":{"@type":"EntryPoint","urlTemplate":"https:\/\/noti-america.com\/site\/ecuador\/?s={search_term_string}"},"query-input":{"@type":"PropertyValueSpecification","valueRequired":true,"valueName":"search_term_string"}}],"inLanguage":"es"},{"@type":"Organization","@id":"https:\/\/noti-america.com\/site\/ecuador\/#organization","name":"Noti-America LLC | Ecuador","url":"https:\/\/noti-america.com\/site\/ecuador\/","logo":{"@type":"ImageObject","inLanguage":"es","@id":"https:\/\/noti-america.com\/site\/ecuador\/#\/schema\/logo\/image\/","url":"https:\/\/noti-america.com\/site\/ecuador\/wp-content\/uploads\/sites\/18\/2020\/07\/LogoNA-4x3-1.jpg","contentUrl":"https:\/\/noti-america.com\/site\/ecuador\/wp-content\/uploads\/sites\/18\/2020\/07\/LogoNA-4x3-1.jpg","width":1236,"height":1080,"caption":"Noti-America LLC | Ecuador"},"image":{"@id":"https:\/\/noti-america.com\/site\/ecuador\/#\/schema\/logo\/image\/"},"sameAs":["https:\/\/x.com\/notiamerica"]},{"@type":"Person","@id":"https:\/\/noti-america.com\/site\/ecuador\/#\/schema\/person\/3b975e42f15abfe64bfe3abdd916efda","name":"Gregory Quintana Montiel","image":{"@type":"ImageObject","inLanguage":"es","@id":"https:\/\/secure.gravatar.com\/avatar\/2d6b802f7720c2ec7744dcbe608cc2f3417aeb964d58b443c6d612b77531de1d?s=96&d=mm&r=g","url":"https:\/\/secure.gravatar.com\/avatar\/2d6b802f7720c2ec7744dcbe608cc2f3417aeb964d58b443c6d612b77531de1d?s=96&d=mm&r=g","contentUrl":"https:\/\/secure.gravatar.com\/avatar\/2d6b802f7720c2ec7744dcbe608cc2f3417aeb964d58b443c6d612b77531de1d?s=96&d=mm&r=g","caption":"Gregory Quintana Montiel"},"description":"Licenciatura en Ciencias de la Comunicaci\u00f3n Social, egresado en la Especializaci\u00f3n Derecho Ambiental Desarrollo Sostenible y Sustentable, Miembro de la Comunidad de profesionales y experto para Latinoam\u00e9rica y el Caribe en Gesti\u00f3n por Resultado en el Desarrollo (COPLAC - GpRD) del Banco Interamericano de Desarrollo, experiencia en medios radiales y escritos.","sameAs":["https:\/\/x.com\/gdgregori1","gquintana"],"url":"https:\/\/noti-america.com\/site\/ecuador\/author\/gquintana\/"}]}},"_links":{"self":[{"href":"https:\/\/noti-america.com\/site\/ecuador\/wp-json\/wp\/v2\/posts\/7733","targetHints":{"allow":["GET"]}}],"collection":[{"href":"https:\/\/noti-america.com\/site\/ecuador\/wp-json\/wp\/v2\/posts"}],"about":[{"href":"https:\/\/noti-america.com\/site\/ecuador\/wp-json\/wp\/v2\/types\/post"}],"author":[{"embeddable":true,"href":"https:\/\/noti-america.com\/site\/ecuador\/wp-json\/wp\/v2\/users\/17"}],"replies":[{"embeddable":true,"href":"https:\/\/noti-america.com\/site\/ecuador\/wp-json\/wp\/v2\/comments?post=7733"}],"version-history":[{"count":3,"href":"https:\/\/noti-america.com\/site\/ecuador\/wp-json\/wp\/v2\/posts\/7733\/revisions"}],"predecessor-version":[{"id":7736,"href":"https:\/\/noti-america.com\/site\/ecuador\/wp-json\/wp\/v2\/posts\/7733\/revisions\/7736"}],"wp:featuredmedia":[{"embeddable":true,"href":"https:\/\/noti-america.com\/site\/ecuador\/wp-json\/wp\/v2\/media\/7652"}],"wp:attachment":[{"href":"https:\/\/noti-america.com\/site\/ecuador\/wp-json\/wp\/v2\/media?parent=7733"}],"wp:term":[{"taxonomy":"category","embeddable":true,"href":"https:\/\/noti-america.com\/site\/ecuador\/wp-json\/wp\/v2\/categories?post=7733"},{"taxonomy":"post_tag","embeddable":true,"href":"https:\/\/noti-america.com\/site\/ecuador\/wp-json\/wp\/v2\/tags?post=7733"}],"curies":[{"name":"wp","href":"https:\/\/api.w.org\/{rel}","templated":true}]}}