{"id":7687,"date":"2020-03-31T00:24:50","date_gmt":"2020-03-31T00:24:50","guid":{"rendered":"http:\/\/noti-america.com\/site\/ecuador\/?p=7687"},"modified":"2020-03-31T01:11:11","modified_gmt":"2020-03-31T01:11:11","slug":"ecuador-autoridades-ejecutan-protocolos-de-cadaveres-y-se-extiende-emergencia-hasta-el-5-de-abril","status":"publish","type":"post","link":"https:\/\/noti-america.com\/site\/ecuador\/2020\/03\/31\/ecuador-autoridades-ejecutan-protocolos-de-cadaveres-y-se-extiende-emergencia-hasta-el-5-de-abril\/","title":{"rendered":"Ecuador: autoridades ejecutan protocolos para retirar cad\u00e1veres y se extiende emergencia hasta el 5 de abril"},"content":{"rendered":"<p>REDACCI\u00d3N NOTI AM\u00c9RICA (ECUADOR)<\/p>\n<p style=\"text-align: justify\">El viceministro de Atenci\u00f3n Integral en Salud, Ernesto Carrasco, explic\u00f3 que el protocolo de cad\u00e1veres intra y extrahospitalario se lleva a cabo con ayuda del ECU 9-1-1, Medicina Legal, Polic\u00eda Nacional y FF.AA.\u00a0 Reconoci\u00f3 que el procedimiento es m\u00e1s complejo cuando se trata de un fallecimiento domiciliario, debido a las circunstancias y situaci\u00f3n de movilidad vigente por la emergencia sanitaria. Mientras que, en un deceso hospitalario esta acci\u00f3n es m\u00e1s r\u00e1pida.<\/p>\n<p style=\"text-align: justify\">Reiter\u00f3 que el Instituto Nacional de Investigaci\u00f3n en Salud P\u00fablica (Inspi) cuenta con las suficientes pruebas para detectar el COVID-19 en los laboratorios de Quito, Guayaquil y Cuenca. En este contexto, indic\u00f3 que el pa\u00eds se asegur\u00f3 de una buena provisi\u00f3n de pruebas r\u00e1pidas, que ser\u00e1n utilizadas, principalmente, para personal m\u00e9dico, integrantes de la Polic\u00eda Nacional, Fuerzas Armadas (FF.AA.) y grupos vulnerables.<\/p>\n<p style=\"text-align: justify\">Por su parte, la ministra de Gobierno, Mar\u00eda Paula Romo, anunci\u00f3 que, durante esta semana, el Comit\u00e9 de Operaciones de Emergencias (COE) publicar\u00e1 un bolet\u00edn de prensa semanal con datos de mortalidad por provincia, donde se detallen las causas por deceso. De igual manera, se publicar\u00e1 \u2013con un segundo bolet\u00edn- los registros de los pacientes que obtengan el alta m\u00e9dica.<\/p>\n<p style=\"text-align: justify\">Asimismo, dijo que se estrenar\u00e1 el uso de una nueva plataforma digital. \u201cPodremos identificar las zonas de riesgo para verificar las aglomeraciones\u201d, detall\u00f3. Apunt\u00f3 que el fin de esta herramienta es dar tranquilidad a la ciudadan\u00eda al momento de salir en busca de alimentos u otras actividades permitidas.<\/p>\n<p style=\"text-align: justify\">Tambi\u00e9n, la ministra Romo comunic\u00f3 que se extiende la suspensi\u00f3n de la jornada laboral en todo el pa\u00eds hasta el 5 de abril. El COE, en el transcurso de los d\u00edas, analizar\u00e1 la posibilidad de volver a extender esta medida dependiendo de la situaci\u00f3n de contagio en Ecuador.<\/p>\n<p style=\"text-align: justify\">Antes de culminar la rueda de prensa virtual, ambas autoridades llamaron a la calma, a la unidad, a informarse por canales oficiales y a permanecer en casa.<\/p>\n<p style=\"text-align: justify\"><strong><em>#Qu\u00e9dateEnCasa<\/em><\/strong><\/p>\n","protected":false},"excerpt":{"rendered":"<p>REDACCI\u00d3N NOTI AM\u00c9RICA (ECUADOR) El viceministro de Atenci\u00f3n Integral en Salud, Ernesto Carrasco, explic\u00f3 que el protocolo de cad\u00e1veres intra y extrahospitalario se lleva a cabo con ayuda del ECU 9-1-1, Medicina Legal, Polic\u00eda&#46;&#46;&#46;<\/p>\n","protected":false},"author":17,"featured_media":7584,"comment_status":"open","ping_status":"open","sticky":false,"template":"","format":"standard","meta":{"_acf_changed":false,"om_disable_all_campaigns":false,"rop_custom_images_group":[],"rop_custom_messages_group":[],"rop_publish_now":"initial","rop_publish_now_accounts":{"twitter_242054905_242054905":""},"rop_publish_now_history":[],"rop_publish_now_status":"pending","_uf_show_specific_survey":0,"_uf_disable_surveys":false,"footnotes":""},"categories":[35,109],"tags":[],"class_list":["post-7687","post","type-post","status-publish","format-standard","has-post-thumbnail","hentry","category-salud","category-seguridad"],"acf":[],"aioseo_notices":[],"yoast_head":"<!-- This site is optimized with the Yoast SEO Premium plugin v24.9 (Yoast SEO v27.2) - https:\/\/yoast.com\/product\/yoast-seo-premium-wordpress\/ -->\n<title>Ecuador: autoridades ejecutan protocolos para retirar cad\u00e1veres y se extiende emergencia hasta el 5 de abril - Ecuador | Noti-America.com<\/title>\n<meta name=\"robots\" content=\"index, follow, max-snippet:-1, max-image-preview:large, max-video-preview:-1\" \/>\n<link rel=\"canonical\" href=\"https:\/\/noti-america.com\/site\/ecuador\/2020\/03\/31\/ecuador-autoridades-ejecutan-protocolos-de-cadaveres-y-se-extiende-emergencia-hasta-el-5-de-abril\/\" \/>\n<meta property=\"og:locale\" content=\"es_ES\" \/>\n<meta property=\"og:type\" content=\"article\" \/>\n<meta property=\"og:title\" content=\"Ecuador: autoridades ejecutan protocolos para retirar cad\u00e1veres y se extiende emergencia hasta el 5 de abril\" \/>\n<meta property=\"og:description\" content=\"REDACCI\u00d3N NOTI AM\u00c9RICA (ECUADOR) El viceministro de Atenci\u00f3n Integral en Salud, Ernesto Carrasco, explic\u00f3 que el protocolo de cad\u00e1veres intra y extrahospitalario se lleva a cabo con ayuda del ECU 9-1-1, Medicina Legal, Polic\u00eda&#046;&#046;&#046;\" \/>\n<meta property=\"og:url\" content=\"https:\/\/noti-america.com\/site\/ecuador\/2020\/03\/31\/ecuador-autoridades-ejecutan-protocolos-de-cadaveres-y-se-extiende-emergencia-hasta-el-5-de-abril\/\" \/>\n<meta property=\"og:site_name\" content=\"Ecuador | Noti-America.com\" \/>\n<meta property=\"article:published_time\" content=\"2020-03-31T00:24:50+00:00\" \/>\n<meta property=\"article:modified_time\" content=\"2020-03-31T01:11:11+00:00\" \/>\n<meta property=\"og:image\" content=\"https:\/\/noti-america.com\/site\/ecuador\/wp-content\/uploads\/sites\/18\/2020\/03\/1-1.jpg\" \/>\n\t<meta property=\"og:image:width\" content=\"300\" \/>\n\t<meta property=\"og:image:height\" content=\"129\" \/>\n\t<meta property=\"og:image:type\" content=\"image\/jpeg\" \/>\n<meta name=\"author\" content=\"Gregory Quintana Montiel\" \/>\n<meta name=\"twitter:card\" content=\"summary_large_image\" \/>\n<meta name=\"twitter:creator\" content=\"@gdgregori1\" \/>\n<meta name=\"twitter:site\" content=\"@notiamerica\" \/>\n<meta name=\"twitter:label1\" content=\"Escrito por\" \/>\n\t<meta name=\"twitter:data1\" content=\"Gregory Quintana Montiel\" \/>\n\t<meta name=\"twitter:label2\" content=\"Tiempo estimado de lectura\" \/>\n\t<meta name=\"twitter:data2\" content=\"2 minutos\" \/>\n<script type=\"application\/ld+json\" class=\"yoast-schema-graph\">{\"@context\":\"https:\/\/schema.org\",\"@graph\":[{\"@type\":\"Article\",\"@id\":\"https:\/\/noti-america.com\/site\/ecuador\/2020\/03\/31\/ecuador-autoridades-ejecutan-protocolos-de-cadaveres-y-se-extiende-emergencia-hasta-el-5-de-abril\/#article\",\"isPartOf\":{\"@id\":\"https:\/\/noti-america.com\/site\/ecuador\/2020\/03\/31\/ecuador-autoridades-ejecutan-protocolos-de-cadaveres-y-se-extiende-emergencia-hasta-el-5-de-abril\/\"},\"author\":{\"name\":\"Gregory Quintana Montiel\",\"@id\":\"https:\/\/noti-america.com\/site\/ecuador\/#\/schema\/person\/3b975e42f15abfe64bfe3abdd916efda\"},\"headline\":\"Ecuador: autoridades ejecutan protocolos para retirar cad\u00e1veres y se extiende emergencia hasta el 5 de abril\",\"datePublished\":\"2020-03-31T00:24:50+00:00\",\"dateModified\":\"2020-03-31T01:11:11+00:00\",\"mainEntityOfPage\":{\"@id\":\"https:\/\/noti-america.com\/site\/ecuador\/2020\/03\/31\/ecuador-autoridades-ejecutan-protocolos-de-cadaveres-y-se-extiende-emergencia-hasta-el-5-de-abril\/\"},\"wordCount\":368,\"commentCount\":0,\"publisher\":{\"@id\":\"https:\/\/noti-america.com\/site\/ecuador\/#organization\"},\"image\":{\"@id\":\"https:\/\/noti-america.com\/site\/ecuador\/2020\/03\/31\/ecuador-autoridades-ejecutan-protocolos-de-cadaveres-y-se-extiende-emergencia-hasta-el-5-de-abril\/#primaryimage\"},\"thumbnailUrl\":\"https:\/\/noti-america.com\/site\/ecuador\/wp-content\/uploads\/sites\/18\/2020\/03\/1-1.jpg\",\"articleSection\":[\"Salud\",\"Seguridad\"],\"inLanguage\":\"es\",\"potentialAction\":[{\"@type\":\"CommentAction\",\"name\":\"Comment\",\"target\":[\"https:\/\/noti-america.com\/site\/ecuador\/2020\/03\/31\/ecuador-autoridades-ejecutan-protocolos-de-cadaveres-y-se-extiende-emergencia-hasta-el-5-de-abril\/#respond\"]}]},{\"@type\":\"WebPage\",\"@id\":\"https:\/\/noti-america.com\/site\/ecuador\/2020\/03\/31\/ecuador-autoridades-ejecutan-protocolos-de-cadaveres-y-se-extiende-emergencia-hasta-el-5-de-abril\/\",\"url\":\"https:\/\/noti-america.com\/site\/ecuador\/2020\/03\/31\/ecuador-autoridades-ejecutan-protocolos-de-cadaveres-y-se-extiende-emergencia-hasta-el-5-de-abril\/\",\"name\":\"Ecuador: autoridades ejecutan protocolos para retirar cad\u00e1veres y se extiende emergencia hasta el 5 de abril - Ecuador | Noti-America.com\",\"isPartOf\":{\"@id\":\"https:\/\/noti-america.com\/site\/ecuador\/#website\"},\"primaryImageOfPage\":{\"@id\":\"https:\/\/noti-america.com\/site\/ecuador\/2020\/03\/31\/ecuador-autoridades-ejecutan-protocolos-de-cadaveres-y-se-extiende-emergencia-hasta-el-5-de-abril\/#primaryimage\"},\"image\":{\"@id\":\"https:\/\/noti-america.com\/site\/ecuador\/2020\/03\/31\/ecuador-autoridades-ejecutan-protocolos-de-cadaveres-y-se-extiende-emergencia-hasta-el-5-de-abril\/#primaryimage\"},\"thumbnailUrl\":\"https:\/\/noti-america.com\/site\/ecuador\/wp-content\/uploads\/sites\/18\/2020\/03\/1-1.jpg\",\"datePublished\":\"2020-03-31T00:24:50+00:00\",\"dateModified\":\"2020-03-31T01:11:11+00:00\",\"breadcrumb\":{\"@id\":\"https:\/\/noti-america.com\/site\/ecuador\/2020\/03\/31\/ecuador-autoridades-ejecutan-protocolos-de-cadaveres-y-se-extiende-emergencia-hasta-el-5-de-abril\/#breadcrumb\"},\"inLanguage\":\"es\",\"potentialAction\":[{\"@type\":\"ReadAction\",\"target\":[\"https:\/\/noti-america.com\/site\/ecuador\/2020\/03\/31\/ecuador-autoridades-ejecutan-protocolos-de-cadaveres-y-se-extiende-emergencia-hasta-el-5-de-abril\/\"]}]},{\"@type\":\"ImageObject\",\"inLanguage\":\"es\",\"@id\":\"https:\/\/noti-america.com\/site\/ecuador\/2020\/03\/31\/ecuador-autoridades-ejecutan-protocolos-de-cadaveres-y-se-extiende-emergencia-hasta-el-5-de-abril\/#primaryimage\",\"url\":\"https:\/\/noti-america.com\/site\/ecuador\/wp-content\/uploads\/sites\/18\/2020\/03\/1-1.jpg\",\"contentUrl\":\"https:\/\/noti-america.com\/site\/ecuador\/wp-content\/uploads\/sites\/18\/2020\/03\/1-1.jpg\",\"width\":300,\"height\":129},{\"@type\":\"BreadcrumbList\",\"@id\":\"https:\/\/noti-america.com\/site\/ecuador\/2020\/03\/31\/ecuador-autoridades-ejecutan-protocolos-de-cadaveres-y-se-extiende-emergencia-hasta-el-5-de-abril\/#breadcrumb\",\"itemListElement\":[{\"@type\":\"ListItem\",\"position\":1,\"name\":\"Portada\",\"item\":\"https:\/\/noti-america.com\/site\/ecuador\/\"},{\"@type\":\"ListItem\",\"position\":2,\"name\":\"Ecuador: autoridades ejecutan protocolos para retirar cad\u00e1veres y se extiende emergencia hasta el 5 de abril\"}]},{\"@type\":\"WebSite\",\"@id\":\"https:\/\/noti-america.com\/site\/ecuador\/#website\",\"url\":\"https:\/\/noti-america.com\/site\/ecuador\/\",\"name\":\"Ecuador | Noti-America.com\",\"description\":\"\",\"publisher\":{\"@id\":\"https:\/\/noti-america.com\/site\/ecuador\/#organization\"},\"potentialAction\":[{\"@type\":\"SearchAction\",\"target\":{\"@type\":\"EntryPoint\",\"urlTemplate\":\"https:\/\/noti-america.com\/site\/ecuador\/?s={search_term_string}\"},\"query-input\":{\"@type\":\"PropertyValueSpecification\",\"valueRequired\":true,\"valueName\":\"search_term_string\"}}],\"inLanguage\":\"es\"},{\"@type\":\"Organization\",\"@id\":\"https:\/\/noti-america.com\/site\/ecuador\/#organization\",\"name\":\"Noti-America LLC | Ecuador\",\"url\":\"https:\/\/noti-america.com\/site\/ecuador\/\",\"logo\":{\"@type\":\"ImageObject\",\"inLanguage\":\"es\",\"@id\":\"https:\/\/noti-america.com\/site\/ecuador\/#\/schema\/logo\/image\/\",\"url\":\"https:\/\/noti-america.com\/site\/ecuador\/wp-content\/uploads\/sites\/18\/2020\/07\/LogoNA-4x3-1.jpg\",\"contentUrl\":\"https:\/\/noti-america.com\/site\/ecuador\/wp-content\/uploads\/sites\/18\/2020\/07\/LogoNA-4x3-1.jpg\",\"width\":1236,\"height\":1080,\"caption\":\"Noti-America LLC | Ecuador\"},\"image\":{\"@id\":\"https:\/\/noti-america.com\/site\/ecuador\/#\/schema\/logo\/image\/\"},\"sameAs\":[\"https:\/\/x.com\/notiamerica\"]},{\"@type\":\"Person\",\"@id\":\"https:\/\/noti-america.com\/site\/ecuador\/#\/schema\/person\/3b975e42f15abfe64bfe3abdd916efda\",\"name\":\"Gregory Quintana Montiel\",\"image\":{\"@type\":\"ImageObject\",\"inLanguage\":\"es\",\"@id\":\"https:\/\/secure.gravatar.com\/avatar\/2d6b802f7720c2ec7744dcbe608cc2f3417aeb964d58b443c6d612b77531de1d?s=96&d=mm&r=g\",\"url\":\"https:\/\/secure.gravatar.com\/avatar\/2d6b802f7720c2ec7744dcbe608cc2f3417aeb964d58b443c6d612b77531de1d?s=96&d=mm&r=g\",\"contentUrl\":\"https:\/\/secure.gravatar.com\/avatar\/2d6b802f7720c2ec7744dcbe608cc2f3417aeb964d58b443c6d612b77531de1d?s=96&d=mm&r=g\",\"caption\":\"Gregory Quintana Montiel\"},\"description\":\"Licenciatura en Ciencias de la Comunicaci\u00f3n Social, egresado en la Especializaci\u00f3n Derecho Ambiental Desarrollo Sostenible y Sustentable, Miembro de la Comunidad de profesionales y experto para Latinoam\u00e9rica y el Caribe en Gesti\u00f3n por Resultado en el Desarrollo (COPLAC - GpRD) del Banco Interamericano de Desarrollo, experiencia en medios radiales y escritos.\",\"sameAs\":[\"https:\/\/x.com\/gdgregori1\",\"gquintana\"],\"url\":\"https:\/\/noti-america.com\/site\/ecuador\/author\/gquintana\/\"}]}<\/script>\n<!-- \/ Yoast SEO Premium plugin. -->","yoast_head_json":{"title":"Ecuador: autoridades ejecutan protocolos para retirar cad\u00e1veres y se extiende emergencia hasta el 5 de abril - Ecuador | Noti-America.com","robots":{"index":"index","follow":"follow","max-snippet":"max-snippet:-1","max-image-preview":"max-image-preview:large","max-video-preview":"max-video-preview:-1"},"canonical":"https:\/\/noti-america.com\/site\/ecuador\/2020\/03\/31\/ecuador-autoridades-ejecutan-protocolos-de-cadaveres-y-se-extiende-emergencia-hasta-el-5-de-abril\/","og_locale":"es_ES","og_type":"article","og_title":"Ecuador: autoridades ejecutan protocolos para retirar cad\u00e1veres y se extiende emergencia hasta el 5 de abril","og_description":"REDACCI\u00d3N NOTI AM\u00c9RICA (ECUADOR) El viceministro de Atenci\u00f3n Integral en Salud, Ernesto Carrasco, explic\u00f3 que el protocolo de cad\u00e1veres intra y extrahospitalario se lleva a cabo con ayuda del ECU 9-1-1, Medicina Legal, Polic\u00eda&#46;&#46;&#46;","og_url":"https:\/\/noti-america.com\/site\/ecuador\/2020\/03\/31\/ecuador-autoridades-ejecutan-protocolos-de-cadaveres-y-se-extiende-emergencia-hasta-el-5-de-abril\/","og_site_name":"Ecuador | Noti-America.com","article_published_time":"2020-03-31T00:24:50+00:00","article_modified_time":"2020-03-31T01:11:11+00:00","og_image":[{"width":300,"height":129,"url":"https:\/\/noti-america.com\/site\/ecuador\/wp-content\/uploads\/sites\/18\/2020\/03\/1-1.jpg","type":"image\/jpeg"}],"author":"Gregory Quintana Montiel","twitter_card":"summary_large_image","twitter_creator":"@gdgregori1","twitter_site":"@notiamerica","twitter_misc":{"Escrito por":"Gregory Quintana Montiel","Tiempo estimado de lectura":"2 minutos"},"schema":{"@context":"https:\/\/schema.org","@graph":[{"@type":"Article","@id":"https:\/\/noti-america.com\/site\/ecuador\/2020\/03\/31\/ecuador-autoridades-ejecutan-protocolos-de-cadaveres-y-se-extiende-emergencia-hasta-el-5-de-abril\/#article","isPartOf":{"@id":"https:\/\/noti-america.com\/site\/ecuador\/2020\/03\/31\/ecuador-autoridades-ejecutan-protocolos-de-cadaveres-y-se-extiende-emergencia-hasta-el-5-de-abril\/"},"author":{"name":"Gregory Quintana Montiel","@id":"https:\/\/noti-america.com\/site\/ecuador\/#\/schema\/person\/3b975e42f15abfe64bfe3abdd916efda"},"headline":"Ecuador: autoridades ejecutan protocolos para retirar cad\u00e1veres y se extiende emergencia hasta el 5 de abril","datePublished":"2020-03-31T00:24:50+00:00","dateModified":"2020-03-31T01:11:11+00:00","mainEntityOfPage":{"@id":"https:\/\/noti-america.com\/site\/ecuador\/2020\/03\/31\/ecuador-autoridades-ejecutan-protocolos-de-cadaveres-y-se-extiende-emergencia-hasta-el-5-de-abril\/"},"wordCount":368,"commentCount":0,"publisher":{"@id":"https:\/\/noti-america.com\/site\/ecuador\/#organization"},"image":{"@id":"https:\/\/noti-america.com\/site\/ecuador\/2020\/03\/31\/ecuador-autoridades-ejecutan-protocolos-de-cadaveres-y-se-extiende-emergencia-hasta-el-5-de-abril\/#primaryimage"},"thumbnailUrl":"https:\/\/noti-america.com\/site\/ecuador\/wp-content\/uploads\/sites\/18\/2020\/03\/1-1.jpg","articleSection":["Salud","Seguridad"],"inLanguage":"es","potentialAction":[{"@type":"CommentAction","name":"Comment","target":["https:\/\/noti-america.com\/site\/ecuador\/2020\/03\/31\/ecuador-autoridades-ejecutan-protocolos-de-cadaveres-y-se-extiende-emergencia-hasta-el-5-de-abril\/#respond"]}]},{"@type":"WebPage","@id":"https:\/\/noti-america.com\/site\/ecuador\/2020\/03\/31\/ecuador-autoridades-ejecutan-protocolos-de-cadaveres-y-se-extiende-emergencia-hasta-el-5-de-abril\/","url":"https:\/\/noti-america.com\/site\/ecuador\/2020\/03\/31\/ecuador-autoridades-ejecutan-protocolos-de-cadaveres-y-se-extiende-emergencia-hasta-el-5-de-abril\/","name":"Ecuador: autoridades ejecutan protocolos para retirar cad\u00e1veres y se extiende emergencia hasta el 5 de abril - Ecuador | Noti-America.com","isPartOf":{"@id":"https:\/\/noti-america.com\/site\/ecuador\/#website"},"primaryImageOfPage":{"@id":"https:\/\/noti-america.com\/site\/ecuador\/2020\/03\/31\/ecuador-autoridades-ejecutan-protocolos-de-cadaveres-y-se-extiende-emergencia-hasta-el-5-de-abril\/#primaryimage"},"image":{"@id":"https:\/\/noti-america.com\/site\/ecuador\/2020\/03\/31\/ecuador-autoridades-ejecutan-protocolos-de-cadaveres-y-se-extiende-emergencia-hasta-el-5-de-abril\/#primaryimage"},"thumbnailUrl":"https:\/\/noti-america.com\/site\/ecuador\/wp-content\/uploads\/sites\/18\/2020\/03\/1-1.jpg","datePublished":"2020-03-31T00:24:50+00:00","dateModified":"2020-03-31T01:11:11+00:00","breadcrumb":{"@id":"https:\/\/noti-america.com\/site\/ecuador\/2020\/03\/31\/ecuador-autoridades-ejecutan-protocolos-de-cadaveres-y-se-extiende-emergencia-hasta-el-5-de-abril\/#breadcrumb"},"inLanguage":"es","potentialAction":[{"@type":"ReadAction","target":["https:\/\/noti-america.com\/site\/ecuador\/2020\/03\/31\/ecuador-autoridades-ejecutan-protocolos-de-cadaveres-y-se-extiende-emergencia-hasta-el-5-de-abril\/"]}]},{"@type":"ImageObject","inLanguage":"es","@id":"https:\/\/noti-america.com\/site\/ecuador\/2020\/03\/31\/ecuador-autoridades-ejecutan-protocolos-de-cadaveres-y-se-extiende-emergencia-hasta-el-5-de-abril\/#primaryimage","url":"https:\/\/noti-america.com\/site\/ecuador\/wp-content\/uploads\/sites\/18\/2020\/03\/1-1.jpg","contentUrl":"https:\/\/noti-america.com\/site\/ecuador\/wp-content\/uploads\/sites\/18\/2020\/03\/1-1.jpg","width":300,"height":129},{"@type":"BreadcrumbList","@id":"https:\/\/noti-america.com\/site\/ecuador\/2020\/03\/31\/ecuador-autoridades-ejecutan-protocolos-de-cadaveres-y-se-extiende-emergencia-hasta-el-5-de-abril\/#breadcrumb","itemListElement":[{"@type":"ListItem","position":1,"name":"Portada","item":"https:\/\/noti-america.com\/site\/ecuador\/"},{"@type":"ListItem","position":2,"name":"Ecuador: autoridades ejecutan protocolos para retirar cad\u00e1veres y se extiende emergencia hasta el 5 de abril"}]},{"@type":"WebSite","@id":"https:\/\/noti-america.com\/site\/ecuador\/#website","url":"https:\/\/noti-america.com\/site\/ecuador\/","name":"Ecuador | Noti-America.com","description":"","publisher":{"@id":"https:\/\/noti-america.com\/site\/ecuador\/#organization"},"potentialAction":[{"@type":"SearchAction","target":{"@type":"EntryPoint","urlTemplate":"https:\/\/noti-america.com\/site\/ecuador\/?s={search_term_string}"},"query-input":{"@type":"PropertyValueSpecification","valueRequired":true,"valueName":"search_term_string"}}],"inLanguage":"es"},{"@type":"Organization","@id":"https:\/\/noti-america.com\/site\/ecuador\/#organization","name":"Noti-America LLC | Ecuador","url":"https:\/\/noti-america.com\/site\/ecuador\/","logo":{"@type":"ImageObject","inLanguage":"es","@id":"https:\/\/noti-america.com\/site\/ecuador\/#\/schema\/logo\/image\/","url":"https:\/\/noti-america.com\/site\/ecuador\/wp-content\/uploads\/sites\/18\/2020\/07\/LogoNA-4x3-1.jpg","contentUrl":"https:\/\/noti-america.com\/site\/ecuador\/wp-content\/uploads\/sites\/18\/2020\/07\/LogoNA-4x3-1.jpg","width":1236,"height":1080,"caption":"Noti-America LLC | Ecuador"},"image":{"@id":"https:\/\/noti-america.com\/site\/ecuador\/#\/schema\/logo\/image\/"},"sameAs":["https:\/\/x.com\/notiamerica"]},{"@type":"Person","@id":"https:\/\/noti-america.com\/site\/ecuador\/#\/schema\/person\/3b975e42f15abfe64bfe3abdd916efda","name":"Gregory Quintana Montiel","image":{"@type":"ImageObject","inLanguage":"es","@id":"https:\/\/secure.gravatar.com\/avatar\/2d6b802f7720c2ec7744dcbe608cc2f3417aeb964d58b443c6d612b77531de1d?s=96&d=mm&r=g","url":"https:\/\/secure.gravatar.com\/avatar\/2d6b802f7720c2ec7744dcbe608cc2f3417aeb964d58b443c6d612b77531de1d?s=96&d=mm&r=g","contentUrl":"https:\/\/secure.gravatar.com\/avatar\/2d6b802f7720c2ec7744dcbe608cc2f3417aeb964d58b443c6d612b77531de1d?s=96&d=mm&r=g","caption":"Gregory Quintana Montiel"},"description":"Licenciatura en Ciencias de la Comunicaci\u00f3n Social, egresado en la Especializaci\u00f3n Derecho Ambiental Desarrollo Sostenible y Sustentable, Miembro de la Comunidad de profesionales y experto para Latinoam\u00e9rica y el Caribe en Gesti\u00f3n por Resultado en el Desarrollo (COPLAC - GpRD) del Banco Interamericano de Desarrollo, experiencia en medios radiales y escritos.","sameAs":["https:\/\/x.com\/gdgregori1","gquintana"],"url":"https:\/\/noti-america.com\/site\/ecuador\/author\/gquintana\/"}]}},"_links":{"self":[{"href":"https:\/\/noti-america.com\/site\/ecuador\/wp-json\/wp\/v2\/posts\/7687","targetHints":{"allow":["GET"]}}],"collection":[{"href":"https:\/\/noti-america.com\/site\/ecuador\/wp-json\/wp\/v2\/posts"}],"about":[{"href":"https:\/\/noti-america.com\/site\/ecuador\/wp-json\/wp\/v2\/types\/post"}],"author":[{"embeddable":true,"href":"https:\/\/noti-america.com\/site\/ecuador\/wp-json\/wp\/v2\/users\/17"}],"replies":[{"embeddable":true,"href":"https:\/\/noti-america.com\/site\/ecuador\/wp-json\/wp\/v2\/comments?post=7687"}],"version-history":[{"count":2,"href":"https:\/\/noti-america.com\/site\/ecuador\/wp-json\/wp\/v2\/posts\/7687\/revisions"}],"predecessor-version":[{"id":7690,"href":"https:\/\/noti-america.com\/site\/ecuador\/wp-json\/wp\/v2\/posts\/7687\/revisions\/7690"}],"wp:featuredmedia":[{"embeddable":true,"href":"https:\/\/noti-america.com\/site\/ecuador\/wp-json\/wp\/v2\/media\/7584"}],"wp:attachment":[{"href":"https:\/\/noti-america.com\/site\/ecuador\/wp-json\/wp\/v2\/media?parent=7687"}],"wp:term":[{"taxonomy":"category","embeddable":true,"href":"https:\/\/noti-america.com\/site\/ecuador\/wp-json\/wp\/v2\/categories?post=7687"},{"taxonomy":"post_tag","embeddable":true,"href":"https:\/\/noti-america.com\/site\/ecuador\/wp-json\/wp\/v2\/tags?post=7687"}],"curies":[{"name":"wp","href":"https:\/\/api.w.org\/{rel}","templated":true}]}}