{"id":7474,"date":"2020-02-27T01:54:07","date_gmt":"2020-02-27T01:54:07","guid":{"rendered":"http:\/\/noti-america.com\/site\/ecuador\/?p=7474"},"modified":"2020-02-27T01:54:07","modified_gmt":"2020-02-27T01:54:07","slug":"los-cuatro-mundos-de-ecuador-presentes-en-vitrina-turistica-anato-2020","status":"publish","type":"post","link":"https:\/\/noti-america.com\/site\/ecuador\/2020\/02\/27\/los-cuatro-mundos-de-ecuador-presentes-en-vitrina-turistica-anato-2020\/","title":{"rendered":"Los cuatro mundos de Ecuador presentes en vitrina tur\u00edstica Anato 2020"},"content":{"rendered":"<p>REDACCI\u00d3N NOTI AM\u00c9RICA (ECUADOR)<\/p>\n<p style=\"text-align: justify\">Desde el mi\u00e9rcoles 26 hasta el viernes 28 de febrero, los cuatro mundos de Ecuador estar\u00e1n presentes en la trig\u00e9simo novena edici\u00f3n de la vitrina tur\u00edstica Anato 2020, que se desarrollar\u00e1 en Bogot\u00e1, Colombia.<\/p>\n<p><img decoding=\"async\" src=\"https:\/\/www.turismo.gob.ec\/wp-content\/uploads\/2020\/02\/Anato-1.jpeg\" \/><\/p>\n<p style=\"text-align: justify\">Productos relacionados con ecoturismo, turismo de aventura, turismo cultural, sol y playa, entre otros, son parte de los paquetes tur\u00edsticos que 12 empresas del sector privado mostrar\u00e1n a los casi 40.000 participantes que acuden a la feria cada a\u00f1o.<\/p>\n<p style=\"text-align: justify\">El stand de Ecuador se inaugur\u00f3 a las 11:00 locales con la presencia de la ministra de Turismo, Rosi Prado de Holgu\u00edn, y con los representantes del sector p\u00fablico y privado que participar\u00e1n de este evento.<\/p>\n<div class=\"pull-right col-md-5 \" style=\"text-align: justify\">\n<blockquote><p><em>Desde el mi\u00e9rcoles 26 hasta el viernes 28 de febrero, los cuatro mundos de Ecuador estar\u00e1n presentes en la trig\u00e9simo novena edici\u00f3n de la vitrina tur\u00edstica Anato 2020, que se desarrollar\u00e1 en Bogot\u00e1, Colombia.<\/em><\/p><\/blockquote>\n<\/div>\n<p style=\"text-align: justify\">Como parte de su agenda la Ministra mantendr\u00e1 alrededor de 45 importantes reuniones con medios de comunicaci\u00f3n, representantes de asociaciones o agrupaciones tur\u00edsticas colombianas y de Latinoam\u00e9rica,\u00a0 aerol\u00edneas, inversionistas, tour operadoras, etc.<\/p>\n<p style=\"text-align: justify\">Para este a\u00f1o est\u00e1 prevista la participaci\u00f3n del Gobierno Aut\u00f3nomo Descentralizado de Manta, as\u00ed como de las empresas municipales Quito Turismo y la Fundaci\u00f3n Municipal Turismo para Cuenca, quienes realizar\u00e1n diferentes activaciones gastron\u00f3micas y culturales.<\/p>\n<p style=\"text-align: justify\">Asimismo, en el stand de Ecuador y de la mano de reconocidos chefs, se podr\u00e1 degustar platos t\u00edpicos de la gastronom\u00eda ecuatoriana como el ceviche de camar\u00f3n, mini llapingachos, espumilla, dulces del Corpus Christi o el delicioso chocolate ecuatoriano.<\/p>\n<p style=\"text-align: justify\">En esta ocasi\u00f3n tambi\u00e9n se mostrar\u00e1 a los asistentes los trajes t\u00edpicos de la provincia costera de Manab\u00ed, as\u00ed como los sombreros de paja toquilla y los tradicionales bordados cuencanos.<\/p>\n<p style=\"text-align: justify\">Anato es una de las m\u00e1s importantes ferias tur\u00edsticas, que permiten a Ecuador mostrar su belleza natural, cultural y gastron\u00f3mica lo que lo convierten en un destino ideal para visitarlo durante todo el a\u00f1o.<\/p>\n<p style=\"text-align: justify\">Anato convoca a\u00f1o a a\u00f1o a m\u00e1s de 3.500 expositores de 36 pa\u00edses y se ha consolidado como el escenario ideal para fortalecimiento de las relaciones p\u00fablicas y comerciales entre actores tur\u00edsticos como tour operadores y medios de prensa especializados.<\/p>\n","protected":false},"excerpt":{"rendered":"<p>REDACCI\u00d3N NOTI AM\u00c9RICA (ECUADOR) Desde el mi\u00e9rcoles 26 hasta el viernes 28 de febrero, los cuatro mundos de Ecuador estar\u00e1n presentes en la trig\u00e9simo novena edici\u00f3n de la vitrina tur\u00edstica Anato 2020, que se&#46;&#46;&#46;<\/p>\n","protected":false},"author":17,"featured_media":7475,"comment_status":"open","ping_status":"open","sticky":false,"template":"","format":"standard","meta":{"_acf_changed":false,"om_disable_all_campaigns":false,"rop_custom_images_group":[],"rop_custom_messages_group":[],"rop_publish_now":"initial","rop_publish_now_accounts":{"twitter_242054905_242054905":""},"rop_publish_now_history":[],"rop_publish_now_status":"pending","_uf_show_specific_survey":0,"_uf_disable_surveys":false,"footnotes":""},"categories":[36],"tags":[],"class_list":["post-7474","post","type-post","status-publish","format-standard","has-post-thumbnail","hentry","category-turismo"],"acf":[],"aioseo_notices":[],"yoast_head":"<!-- This site is optimized with the Yoast SEO Premium plugin v24.9 (Yoast SEO v27.2) - https:\/\/yoast.com\/product\/yoast-seo-premium-wordpress\/ -->\n<title>Los cuatro mundos de Ecuador presentes en vitrina tur\u00edstica Anato 2020 - Ecuador | Noti-America.com<\/title>\n<meta name=\"robots\" content=\"index, follow, max-snippet:-1, max-image-preview:large, max-video-preview:-1\" \/>\n<link rel=\"canonical\" href=\"https:\/\/noti-america.com\/site\/ecuador\/2020\/02\/27\/los-cuatro-mundos-de-ecuador-presentes-en-vitrina-turistica-anato-2020\/\" \/>\n<meta property=\"og:locale\" content=\"es_ES\" \/>\n<meta property=\"og:type\" content=\"article\" \/>\n<meta property=\"og:title\" content=\"Los cuatro mundos de Ecuador presentes en vitrina tur\u00edstica Anato 2020\" \/>\n<meta property=\"og:description\" content=\"REDACCI\u00d3N NOTI AM\u00c9RICA (ECUADOR) Desde el mi\u00e9rcoles 26 hasta el viernes 28 de febrero, los cuatro mundos de Ecuador estar\u00e1n presentes en la trig\u00e9simo novena edici\u00f3n de la vitrina tur\u00edstica Anato 2020, que se&#046;&#046;&#046;\" \/>\n<meta property=\"og:url\" content=\"https:\/\/noti-america.com\/site\/ecuador\/2020\/02\/27\/los-cuatro-mundos-de-ecuador-presentes-en-vitrina-turistica-anato-2020\/\" \/>\n<meta property=\"og:site_name\" content=\"Ecuador | Noti-America.com\" \/>\n<meta property=\"article:published_time\" content=\"2020-02-27T01:54:07+00:00\" \/>\n<meta property=\"og:image\" content=\"https:\/\/noti-america.com\/site\/ecuador\/wp-content\/uploads\/sites\/18\/2020\/02\/Stand-de-Ecuador-Anato.jpeg\" \/>\n\t<meta property=\"og:image:width\" content=\"1280\" \/>\n\t<meta property=\"og:image:height\" content=\"960\" \/>\n\t<meta property=\"og:image:type\" content=\"image\/jpeg\" \/>\n<meta name=\"author\" content=\"Gregory Quintana Montiel\" \/>\n<meta name=\"twitter:card\" content=\"summary_large_image\" \/>\n<meta name=\"twitter:creator\" content=\"@gdgregori1\" \/>\n<meta name=\"twitter:site\" content=\"@notiamerica\" \/>\n<meta name=\"twitter:label1\" content=\"Escrito por\" \/>\n\t<meta name=\"twitter:data1\" content=\"Gregory Quintana Montiel\" \/>\n\t<meta name=\"twitter:label2\" content=\"Tiempo estimado de lectura\" \/>\n\t<meta name=\"twitter:data2\" content=\"2 minutos\" \/>\n<script type=\"application\/ld+json\" class=\"yoast-schema-graph\">{\"@context\":\"https:\/\/schema.org\",\"@graph\":[{\"@type\":\"Article\",\"@id\":\"https:\/\/noti-america.com\/site\/ecuador\/2020\/02\/27\/los-cuatro-mundos-de-ecuador-presentes-en-vitrina-turistica-anato-2020\/#article\",\"isPartOf\":{\"@id\":\"https:\/\/noti-america.com\/site\/ecuador\/2020\/02\/27\/los-cuatro-mundos-de-ecuador-presentes-en-vitrina-turistica-anato-2020\/\"},\"author\":{\"name\":\"Gregory Quintana Montiel\",\"@id\":\"https:\/\/noti-america.com\/site\/ecuador\/#\/schema\/person\/3b975e42f15abfe64bfe3abdd916efda\"},\"headline\":\"Los cuatro mundos de Ecuador presentes en vitrina tur\u00edstica Anato 2020\",\"datePublished\":\"2020-02-27T01:54:07+00:00\",\"mainEntityOfPage\":{\"@id\":\"https:\/\/noti-america.com\/site\/ecuador\/2020\/02\/27\/los-cuatro-mundos-de-ecuador-presentes-en-vitrina-turistica-anato-2020\/\"},\"wordCount\":400,\"commentCount\":0,\"publisher\":{\"@id\":\"https:\/\/noti-america.com\/site\/ecuador\/#organization\"},\"image\":{\"@id\":\"https:\/\/noti-america.com\/site\/ecuador\/2020\/02\/27\/los-cuatro-mundos-de-ecuador-presentes-en-vitrina-turistica-anato-2020\/#primaryimage\"},\"thumbnailUrl\":\"https:\/\/noti-america.com\/site\/ecuador\/wp-content\/uploads\/sites\/18\/2020\/02\/Stand-de-Ecuador-Anato.jpeg\",\"articleSection\":[\"Turismo\"],\"inLanguage\":\"es\",\"potentialAction\":[{\"@type\":\"CommentAction\",\"name\":\"Comment\",\"target\":[\"https:\/\/noti-america.com\/site\/ecuador\/2020\/02\/27\/los-cuatro-mundos-de-ecuador-presentes-en-vitrina-turistica-anato-2020\/#respond\"]}]},{\"@type\":\"WebPage\",\"@id\":\"https:\/\/noti-america.com\/site\/ecuador\/2020\/02\/27\/los-cuatro-mundos-de-ecuador-presentes-en-vitrina-turistica-anato-2020\/\",\"url\":\"https:\/\/noti-america.com\/site\/ecuador\/2020\/02\/27\/los-cuatro-mundos-de-ecuador-presentes-en-vitrina-turistica-anato-2020\/\",\"name\":\"Los cuatro mundos de Ecuador presentes en vitrina tur\u00edstica Anato 2020 - Ecuador | Noti-America.com\",\"isPartOf\":{\"@id\":\"https:\/\/noti-america.com\/site\/ecuador\/#website\"},\"primaryImageOfPage\":{\"@id\":\"https:\/\/noti-america.com\/site\/ecuador\/2020\/02\/27\/los-cuatro-mundos-de-ecuador-presentes-en-vitrina-turistica-anato-2020\/#primaryimage\"},\"image\":{\"@id\":\"https:\/\/noti-america.com\/site\/ecuador\/2020\/02\/27\/los-cuatro-mundos-de-ecuador-presentes-en-vitrina-turistica-anato-2020\/#primaryimage\"},\"thumbnailUrl\":\"https:\/\/noti-america.com\/site\/ecuador\/wp-content\/uploads\/sites\/18\/2020\/02\/Stand-de-Ecuador-Anato.jpeg\",\"datePublished\":\"2020-02-27T01:54:07+00:00\",\"breadcrumb\":{\"@id\":\"https:\/\/noti-america.com\/site\/ecuador\/2020\/02\/27\/los-cuatro-mundos-de-ecuador-presentes-en-vitrina-turistica-anato-2020\/#breadcrumb\"},\"inLanguage\":\"es\",\"potentialAction\":[{\"@type\":\"ReadAction\",\"target\":[\"https:\/\/noti-america.com\/site\/ecuador\/2020\/02\/27\/los-cuatro-mundos-de-ecuador-presentes-en-vitrina-turistica-anato-2020\/\"]}]},{\"@type\":\"ImageObject\",\"inLanguage\":\"es\",\"@id\":\"https:\/\/noti-america.com\/site\/ecuador\/2020\/02\/27\/los-cuatro-mundos-de-ecuador-presentes-en-vitrina-turistica-anato-2020\/#primaryimage\",\"url\":\"https:\/\/noti-america.com\/site\/ecuador\/wp-content\/uploads\/sites\/18\/2020\/02\/Stand-de-Ecuador-Anato.jpeg\",\"contentUrl\":\"https:\/\/noti-america.com\/site\/ecuador\/wp-content\/uploads\/sites\/18\/2020\/02\/Stand-de-Ecuador-Anato.jpeg\",\"width\":1280,\"height\":960},{\"@type\":\"BreadcrumbList\",\"@id\":\"https:\/\/noti-america.com\/site\/ecuador\/2020\/02\/27\/los-cuatro-mundos-de-ecuador-presentes-en-vitrina-turistica-anato-2020\/#breadcrumb\",\"itemListElement\":[{\"@type\":\"ListItem\",\"position\":1,\"name\":\"Portada\",\"item\":\"https:\/\/noti-america.com\/site\/ecuador\/\"},{\"@type\":\"ListItem\",\"position\":2,\"name\":\"Los cuatro mundos de Ecuador presentes en vitrina tur\u00edstica Anato 2020\"}]},{\"@type\":\"WebSite\",\"@id\":\"https:\/\/noti-america.com\/site\/ecuador\/#website\",\"url\":\"https:\/\/noti-america.com\/site\/ecuador\/\",\"name\":\"Ecuador | Noti-America.com\",\"description\":\"\",\"publisher\":{\"@id\":\"https:\/\/noti-america.com\/site\/ecuador\/#organization\"},\"potentialAction\":[{\"@type\":\"SearchAction\",\"target\":{\"@type\":\"EntryPoint\",\"urlTemplate\":\"https:\/\/noti-america.com\/site\/ecuador\/?s={search_term_string}\"},\"query-input\":{\"@type\":\"PropertyValueSpecification\",\"valueRequired\":true,\"valueName\":\"search_term_string\"}}],\"inLanguage\":\"es\"},{\"@type\":\"Organization\",\"@id\":\"https:\/\/noti-america.com\/site\/ecuador\/#organization\",\"name\":\"Noti-America LLC | Ecuador\",\"url\":\"https:\/\/noti-america.com\/site\/ecuador\/\",\"logo\":{\"@type\":\"ImageObject\",\"inLanguage\":\"es\",\"@id\":\"https:\/\/noti-america.com\/site\/ecuador\/#\/schema\/logo\/image\/\",\"url\":\"https:\/\/noti-america.com\/site\/ecuador\/wp-content\/uploads\/sites\/18\/2020\/07\/LogoNA-4x3-1.jpg\",\"contentUrl\":\"https:\/\/noti-america.com\/site\/ecuador\/wp-content\/uploads\/sites\/18\/2020\/07\/LogoNA-4x3-1.jpg\",\"width\":1236,\"height\":1080,\"caption\":\"Noti-America LLC | Ecuador\"},\"image\":{\"@id\":\"https:\/\/noti-america.com\/site\/ecuador\/#\/schema\/logo\/image\/\"},\"sameAs\":[\"https:\/\/x.com\/notiamerica\"]},{\"@type\":\"Person\",\"@id\":\"https:\/\/noti-america.com\/site\/ecuador\/#\/schema\/person\/3b975e42f15abfe64bfe3abdd916efda\",\"name\":\"Gregory Quintana Montiel\",\"image\":{\"@type\":\"ImageObject\",\"inLanguage\":\"es\",\"@id\":\"https:\/\/secure.gravatar.com\/avatar\/2d6b802f7720c2ec7744dcbe608cc2f3417aeb964d58b443c6d612b77531de1d?s=96&d=mm&r=g\",\"url\":\"https:\/\/secure.gravatar.com\/avatar\/2d6b802f7720c2ec7744dcbe608cc2f3417aeb964d58b443c6d612b77531de1d?s=96&d=mm&r=g\",\"contentUrl\":\"https:\/\/secure.gravatar.com\/avatar\/2d6b802f7720c2ec7744dcbe608cc2f3417aeb964d58b443c6d612b77531de1d?s=96&d=mm&r=g\",\"caption\":\"Gregory Quintana Montiel\"},\"description\":\"Licenciatura en Ciencias de la Comunicaci\u00f3n Social, egresado en la Especializaci\u00f3n Derecho Ambiental Desarrollo Sostenible y Sustentable, Miembro de la Comunidad de profesionales y experto para Latinoam\u00e9rica y el Caribe en Gesti\u00f3n por Resultado en el Desarrollo (COPLAC - GpRD) del Banco Interamericano de Desarrollo, experiencia en medios radiales y escritos.\",\"sameAs\":[\"https:\/\/x.com\/gdgregori1\",\"gquintana\"],\"url\":\"https:\/\/noti-america.com\/site\/ecuador\/author\/gquintana\/\"}]}<\/script>\n<!-- \/ Yoast SEO Premium plugin. -->","yoast_head_json":{"title":"Los cuatro mundos de Ecuador presentes en vitrina tur\u00edstica Anato 2020 - Ecuador | Noti-America.com","robots":{"index":"index","follow":"follow","max-snippet":"max-snippet:-1","max-image-preview":"max-image-preview:large","max-video-preview":"max-video-preview:-1"},"canonical":"https:\/\/noti-america.com\/site\/ecuador\/2020\/02\/27\/los-cuatro-mundos-de-ecuador-presentes-en-vitrina-turistica-anato-2020\/","og_locale":"es_ES","og_type":"article","og_title":"Los cuatro mundos de Ecuador presentes en vitrina tur\u00edstica Anato 2020","og_description":"REDACCI\u00d3N NOTI AM\u00c9RICA (ECUADOR) Desde el mi\u00e9rcoles 26 hasta el viernes 28 de febrero, los cuatro mundos de Ecuador estar\u00e1n presentes en la trig\u00e9simo novena edici\u00f3n de la vitrina tur\u00edstica Anato 2020, que se&#46;&#46;&#46;","og_url":"https:\/\/noti-america.com\/site\/ecuador\/2020\/02\/27\/los-cuatro-mundos-de-ecuador-presentes-en-vitrina-turistica-anato-2020\/","og_site_name":"Ecuador | Noti-America.com","article_published_time":"2020-02-27T01:54:07+00:00","og_image":[{"width":1280,"height":960,"url":"https:\/\/noti-america.com\/site\/ecuador\/wp-content\/uploads\/sites\/18\/2020\/02\/Stand-de-Ecuador-Anato.jpeg","type":"image\/jpeg"}],"author":"Gregory Quintana Montiel","twitter_card":"summary_large_image","twitter_creator":"@gdgregori1","twitter_site":"@notiamerica","twitter_misc":{"Escrito por":"Gregory Quintana Montiel","Tiempo estimado de lectura":"2 minutos"},"schema":{"@context":"https:\/\/schema.org","@graph":[{"@type":"Article","@id":"https:\/\/noti-america.com\/site\/ecuador\/2020\/02\/27\/los-cuatro-mundos-de-ecuador-presentes-en-vitrina-turistica-anato-2020\/#article","isPartOf":{"@id":"https:\/\/noti-america.com\/site\/ecuador\/2020\/02\/27\/los-cuatro-mundos-de-ecuador-presentes-en-vitrina-turistica-anato-2020\/"},"author":{"name":"Gregory Quintana Montiel","@id":"https:\/\/noti-america.com\/site\/ecuador\/#\/schema\/person\/3b975e42f15abfe64bfe3abdd916efda"},"headline":"Los cuatro mundos de Ecuador presentes en vitrina tur\u00edstica Anato 2020","datePublished":"2020-02-27T01:54:07+00:00","mainEntityOfPage":{"@id":"https:\/\/noti-america.com\/site\/ecuador\/2020\/02\/27\/los-cuatro-mundos-de-ecuador-presentes-en-vitrina-turistica-anato-2020\/"},"wordCount":400,"commentCount":0,"publisher":{"@id":"https:\/\/noti-america.com\/site\/ecuador\/#organization"},"image":{"@id":"https:\/\/noti-america.com\/site\/ecuador\/2020\/02\/27\/los-cuatro-mundos-de-ecuador-presentes-en-vitrina-turistica-anato-2020\/#primaryimage"},"thumbnailUrl":"https:\/\/noti-america.com\/site\/ecuador\/wp-content\/uploads\/sites\/18\/2020\/02\/Stand-de-Ecuador-Anato.jpeg","articleSection":["Turismo"],"inLanguage":"es","potentialAction":[{"@type":"CommentAction","name":"Comment","target":["https:\/\/noti-america.com\/site\/ecuador\/2020\/02\/27\/los-cuatro-mundos-de-ecuador-presentes-en-vitrina-turistica-anato-2020\/#respond"]}]},{"@type":"WebPage","@id":"https:\/\/noti-america.com\/site\/ecuador\/2020\/02\/27\/los-cuatro-mundos-de-ecuador-presentes-en-vitrina-turistica-anato-2020\/","url":"https:\/\/noti-america.com\/site\/ecuador\/2020\/02\/27\/los-cuatro-mundos-de-ecuador-presentes-en-vitrina-turistica-anato-2020\/","name":"Los cuatro mundos de Ecuador presentes en vitrina tur\u00edstica Anato 2020 - Ecuador | Noti-America.com","isPartOf":{"@id":"https:\/\/noti-america.com\/site\/ecuador\/#website"},"primaryImageOfPage":{"@id":"https:\/\/noti-america.com\/site\/ecuador\/2020\/02\/27\/los-cuatro-mundos-de-ecuador-presentes-en-vitrina-turistica-anato-2020\/#primaryimage"},"image":{"@id":"https:\/\/noti-america.com\/site\/ecuador\/2020\/02\/27\/los-cuatro-mundos-de-ecuador-presentes-en-vitrina-turistica-anato-2020\/#primaryimage"},"thumbnailUrl":"https:\/\/noti-america.com\/site\/ecuador\/wp-content\/uploads\/sites\/18\/2020\/02\/Stand-de-Ecuador-Anato.jpeg","datePublished":"2020-02-27T01:54:07+00:00","breadcrumb":{"@id":"https:\/\/noti-america.com\/site\/ecuador\/2020\/02\/27\/los-cuatro-mundos-de-ecuador-presentes-en-vitrina-turistica-anato-2020\/#breadcrumb"},"inLanguage":"es","potentialAction":[{"@type":"ReadAction","target":["https:\/\/noti-america.com\/site\/ecuador\/2020\/02\/27\/los-cuatro-mundos-de-ecuador-presentes-en-vitrina-turistica-anato-2020\/"]}]},{"@type":"ImageObject","inLanguage":"es","@id":"https:\/\/noti-america.com\/site\/ecuador\/2020\/02\/27\/los-cuatro-mundos-de-ecuador-presentes-en-vitrina-turistica-anato-2020\/#primaryimage","url":"https:\/\/noti-america.com\/site\/ecuador\/wp-content\/uploads\/sites\/18\/2020\/02\/Stand-de-Ecuador-Anato.jpeg","contentUrl":"https:\/\/noti-america.com\/site\/ecuador\/wp-content\/uploads\/sites\/18\/2020\/02\/Stand-de-Ecuador-Anato.jpeg","width":1280,"height":960},{"@type":"BreadcrumbList","@id":"https:\/\/noti-america.com\/site\/ecuador\/2020\/02\/27\/los-cuatro-mundos-de-ecuador-presentes-en-vitrina-turistica-anato-2020\/#breadcrumb","itemListElement":[{"@type":"ListItem","position":1,"name":"Portada","item":"https:\/\/noti-america.com\/site\/ecuador\/"},{"@type":"ListItem","position":2,"name":"Los cuatro mundos de Ecuador presentes en vitrina tur\u00edstica Anato 2020"}]},{"@type":"WebSite","@id":"https:\/\/noti-america.com\/site\/ecuador\/#website","url":"https:\/\/noti-america.com\/site\/ecuador\/","name":"Ecuador | Noti-America.com","description":"","publisher":{"@id":"https:\/\/noti-america.com\/site\/ecuador\/#organization"},"potentialAction":[{"@type":"SearchAction","target":{"@type":"EntryPoint","urlTemplate":"https:\/\/noti-america.com\/site\/ecuador\/?s={search_term_string}"},"query-input":{"@type":"PropertyValueSpecification","valueRequired":true,"valueName":"search_term_string"}}],"inLanguage":"es"},{"@type":"Organization","@id":"https:\/\/noti-america.com\/site\/ecuador\/#organization","name":"Noti-America LLC | Ecuador","url":"https:\/\/noti-america.com\/site\/ecuador\/","logo":{"@type":"ImageObject","inLanguage":"es","@id":"https:\/\/noti-america.com\/site\/ecuador\/#\/schema\/logo\/image\/","url":"https:\/\/noti-america.com\/site\/ecuador\/wp-content\/uploads\/sites\/18\/2020\/07\/LogoNA-4x3-1.jpg","contentUrl":"https:\/\/noti-america.com\/site\/ecuador\/wp-content\/uploads\/sites\/18\/2020\/07\/LogoNA-4x3-1.jpg","width":1236,"height":1080,"caption":"Noti-America LLC | Ecuador"},"image":{"@id":"https:\/\/noti-america.com\/site\/ecuador\/#\/schema\/logo\/image\/"},"sameAs":["https:\/\/x.com\/notiamerica"]},{"@type":"Person","@id":"https:\/\/noti-america.com\/site\/ecuador\/#\/schema\/person\/3b975e42f15abfe64bfe3abdd916efda","name":"Gregory Quintana Montiel","image":{"@type":"ImageObject","inLanguage":"es","@id":"https:\/\/secure.gravatar.com\/avatar\/2d6b802f7720c2ec7744dcbe608cc2f3417aeb964d58b443c6d612b77531de1d?s=96&d=mm&r=g","url":"https:\/\/secure.gravatar.com\/avatar\/2d6b802f7720c2ec7744dcbe608cc2f3417aeb964d58b443c6d612b77531de1d?s=96&d=mm&r=g","contentUrl":"https:\/\/secure.gravatar.com\/avatar\/2d6b802f7720c2ec7744dcbe608cc2f3417aeb964d58b443c6d612b77531de1d?s=96&d=mm&r=g","caption":"Gregory Quintana Montiel"},"description":"Licenciatura en Ciencias de la Comunicaci\u00f3n Social, egresado en la Especializaci\u00f3n Derecho Ambiental Desarrollo Sostenible y Sustentable, Miembro de la Comunidad de profesionales y experto para Latinoam\u00e9rica y el Caribe en Gesti\u00f3n por Resultado en el Desarrollo (COPLAC - GpRD) del Banco Interamericano de Desarrollo, experiencia en medios radiales y escritos.","sameAs":["https:\/\/x.com\/gdgregori1","gquintana"],"url":"https:\/\/noti-america.com\/site\/ecuador\/author\/gquintana\/"}]}},"_links":{"self":[{"href":"https:\/\/noti-america.com\/site\/ecuador\/wp-json\/wp\/v2\/posts\/7474","targetHints":{"allow":["GET"]}}],"collection":[{"href":"https:\/\/noti-america.com\/site\/ecuador\/wp-json\/wp\/v2\/posts"}],"about":[{"href":"https:\/\/noti-america.com\/site\/ecuador\/wp-json\/wp\/v2\/types\/post"}],"author":[{"embeddable":true,"href":"https:\/\/noti-america.com\/site\/ecuador\/wp-json\/wp\/v2\/users\/17"}],"replies":[{"embeddable":true,"href":"https:\/\/noti-america.com\/site\/ecuador\/wp-json\/wp\/v2\/comments?post=7474"}],"version-history":[{"count":1,"href":"https:\/\/noti-america.com\/site\/ecuador\/wp-json\/wp\/v2\/posts\/7474\/revisions"}],"predecessor-version":[{"id":7476,"href":"https:\/\/noti-america.com\/site\/ecuador\/wp-json\/wp\/v2\/posts\/7474\/revisions\/7476"}],"wp:featuredmedia":[{"embeddable":true,"href":"https:\/\/noti-america.com\/site\/ecuador\/wp-json\/wp\/v2\/media\/7475"}],"wp:attachment":[{"href":"https:\/\/noti-america.com\/site\/ecuador\/wp-json\/wp\/v2\/media?parent=7474"}],"wp:term":[{"taxonomy":"category","embeddable":true,"href":"https:\/\/noti-america.com\/site\/ecuador\/wp-json\/wp\/v2\/categories?post=7474"},{"taxonomy":"post_tag","embeddable":true,"href":"https:\/\/noti-america.com\/site\/ecuador\/wp-json\/wp\/v2\/tags?post=7474"}],"curies":[{"name":"wp","href":"https:\/\/api.w.org\/{rel}","templated":true}]}}