{"id":7423,"date":"2020-02-12T13:32:33","date_gmt":"2020-02-12T13:32:33","guid":{"rendered":"http:\/\/noti-america.com\/site\/ecuador\/?p=7423"},"modified":"2020-02-12T13:32:33","modified_gmt":"2020-02-12T13:32:33","slug":"urbanizacion-quarzo-con-nueva-administracion","status":"publish","type":"post","link":"https:\/\/noti-america.com\/site\/ecuador\/2020\/02\/12\/urbanizacion-quarzo-con-nueva-administracion\/","title":{"rendered":"Urbanizaci\u00f3n Quarzo con nueva administraci\u00f3n"},"content":{"rendered":"<p style=\"text-align: justify\"><strong>REDACCI\u00d3N NOTI-AM\u00c9RICA (ECUADOR)<\/strong><\/p>\n<div id=\"attachment_7424\" style=\"width: 837px\" class=\"wp-caption aligncenter\"><img loading=\"lazy\" decoding=\"async\" aria-describedby=\"caption-attachment-7424\" class=\" wp-image-7424\" src=\"http:\/\/noti-america.com\/site\/ecuador\/wp-content\/uploads\/sites\/18\/2020\/02\/Elecciones_Quarzo-300x195.jpg\" alt=\"\" width=\"827\" height=\"537\" srcset=\"https:\/\/noti-america.com\/site\/ecuador\/wp-content\/uploads\/sites\/18\/2020\/02\/Elecciones_Quarzo-300x195.jpg 300w, https:\/\/noti-america.com\/site\/ecuador\/wp-content\/uploads\/sites\/18\/2020\/02\/Elecciones_Quarzo-768x499.jpg 768w, https:\/\/noti-america.com\/site\/ecuador\/wp-content\/uploads\/sites\/18\/2020\/02\/Elecciones_Quarzo-1024x665.jpg 1024w, https:\/\/noti-america.com\/site\/ecuador\/wp-content\/uploads\/sites\/18\/2020\/02\/Elecciones_Quarzo.jpg 1108w\" sizes=\"auto, (max-width: 827px) 100vw, 827px\" \/><p id=\"caption-attachment-7424\" class=\"wp-caption-text\"><strong>La nueva directiva esta conformada por: Hugo \u00c1vila, presidente; Hugo Moncayo, vicepresidente, Iv\u00e1n Mart\u00ednez, secretario; Jhonny Ortega, tesorero; Eddi Zavala, primer vocal; Santiago Mayorga, segundo vocal; y, las coordinadoras, Karina Montesdeoca y Ver\u00f3nica Y\u00e1nez.<\/strong><\/p><\/div>\n<p style=\"text-align: justify\">Una intensa jordana electoral se vivi\u00f3 el pasado domingo 9 de febrero en la urbanizaci\u00f3n Quarzo de La Joya, en el cant\u00f3n Daule de la provincia del Guayas.<\/p>\n<p style=\"text-align: justify\">La Asociaci\u00f3n de Propietarios eligi\u00f3 su nueva directiva que estar\u00e1 al frente de la administraci\u00f3n de esta comunidad, que abarca a 517 familias, por los pr\u00f3ximos dos a\u00f1os.<\/p>\n<p style=\"text-align: justify\">El sufragio inici\u00f3 a las 17:00. Uno a uno se acercaron los socios a la urna a depositar su voto.<\/p>\n<p style=\"text-align: justify\">Luego de dos horas se supo la victoria de la Lista A, presidida por Hugo \u00c1vila Figueroa, por decisi\u00f3n un\u00e1nime, al ser descalificada la lista contraria por no cumplir con los requisitos b\u00e1sicos para candidatizarse.<\/p>\n<div id=\"attachment_7425\" style=\"width: 245px\" class=\"wp-caption alignleft\"><img loading=\"lazy\" decoding=\"async\" aria-describedby=\"caption-attachment-7425\" class=\" wp-image-7425\" src=\"http:\/\/noti-america.com\/site\/ecuador\/wp-content\/uploads\/sites\/18\/2020\/02\/Hugo_\u00c1vila.jpg\" alt=\"\" width=\"235\" height=\"285\" \/><p id=\"caption-attachment-7425\" class=\"wp-caption-text\"><strong>Hugo \u00c1vila, electo presidente de Quarzo, tomar\u00e1 posesi\u00f3n de su cargo este domingo 16 de febrero.<\/strong><\/p><\/div>\n<p style=\"text-align: justify\">\u00c1vila agradeci\u00f3 a los residentes por la confianza depositada en su equipo de trabajo, asegurando que los cambios que tanto desean para la ciudadela se van a dar con ellos al frente.<\/p>\n<p style=\"text-align: justify\">\u201cCon nuestras propuestas le dimos esperanzas de cambio a nuestra comunidad, ya que estuvimos viviendo momentos muy angustiosos, est\u00e1bamos en un olvido total, gracias a quienes administraron la etapa por alrededor de seis a\u00f1os\u201d, dijo.<\/p>\n<p style=\"text-align: justify\">Se\u00f1al\u00f3 que prestar\u00e1 especial atenci\u00f3n en el ornato, en los parques y \u00e1reas de recreaci\u00f3n, eximiendo gastos innecesarios y trabajando con el personal indispensable, para cumplir con las cosas prioritarias.<\/p>\n<p style=\"text-align: justify\">\u201cIniciaremos con una buena auditor\u00eda que nos diga c\u00f3mo debemos partir, en qu\u00e9 condiciones econ\u00f3micas nos encontramos, no para encontrar culpables, sino para corregir errores, para corregir esas fallas que han existido, pero es algo que logramos entre todos\u201d, recalc\u00f3 \u00c1vila.<\/p>\n<p style=\"text-align: justify\">\u201cQueremos darle a Quarzo otra visi\u00f3n, la visi\u00f3n que nos llev\u00f3 al triunfo, una visi\u00f3n de compa\u00f1erismo e integraci\u00f3n, para una mejor convivencia\u201d, finaliz\u00f3 diciendo el flamante presidente.<\/p>\n<div id=\"attachment_7426\" style=\"width: 309px\" class=\"wp-caption alignright\"><img loading=\"lazy\" decoding=\"async\" aria-describedby=\"caption-attachment-7426\" class=\" wp-image-7426\" src=\"http:\/\/noti-america.com\/site\/ecuador\/wp-content\/uploads\/sites\/18\/2020\/02\/Elecciones_Quarzo3-300x284.jpg\" alt=\"\" width=\"299\" height=\"283\" srcset=\"https:\/\/noti-america.com\/site\/ecuador\/wp-content\/uploads\/sites\/18\/2020\/02\/Elecciones_Quarzo3-300x284.jpg 300w, https:\/\/noti-america.com\/site\/ecuador\/wp-content\/uploads\/sites\/18\/2020\/02\/Elecciones_Quarzo3-768x727.jpg 768w, https:\/\/noti-america.com\/site\/ecuador\/wp-content\/uploads\/sites\/18\/2020\/02\/Elecciones_Quarzo3.jpg 972w\" sizes=\"auto, (max-width: 299px) 100vw, 299px\" \/><p id=\"caption-attachment-7426\" class=\"wp-caption-text\"><strong>La presidenta saliente, Astrid Rodr\u00edguez, mencion\u00f3 que se trabaj\u00f3 muy duro para salir adelante. \u201cNos toc\u00f3 una etapa llena de conflictos, llena de deudas\u201d, sostuvo.<\/strong><\/p><\/div>\n<p style=\"text-align: justify\">Astrid Rodr\u00edguez Hinojosa, hizo la entrega del cargo, quien lo ocup\u00f3 por aproximadamente diez meses, una vez que fuera destituida la directiva presidida por Luis S\u00e1nchez, por supuestas irregularidades, detectadas durante su administraci\u00f3n.<\/p>\n<p style=\"text-align: justify\">\u201cMi per\u00edodo fue muy corto, lo cog\u00ed con un problema muy grande\u2026 estamos muy endeudados, con demandas, ya que fuimos manejados por un grupo de socios que nos ten\u00edan en el abandono total\u201d, asegur\u00f3.<\/p>\n<p style=\"text-align: justify\">Sin embargo, coment\u00f3 que se entrega la etapa con mejoras en las \u00e1reas verdes, con un sistema inform\u00e1tico modernizado y algunas cuentas canceladas de un sinn\u00famero de pendientes heredadas.<\/p>\n<p style=\"text-align: justify\">\u201cNuestra prioridad fue el pago puntual a nuestros servidores, algo que no se daba hace mucho tiempo. Todo trabajador tiene que recibir su remuneraci\u00f3n como se debe\u2026 Estoy convencida que la nueva directiva va a continuar con ello y ejecutar\u00e1 las obras que se necesitan\u201d, recalc\u00f3 Rodr\u00edguez.<\/p>\n","protected":false},"excerpt":{"rendered":"<p>REDACCI\u00d3N NOTI-AM\u00c9RICA (ECUADOR) Una intensa jordana electoral se vivi\u00f3 el pasado domingo 9 de febrero en la urbanizaci\u00f3n Quarzo de La Joya, en el cant\u00f3n Daule de la provincia del Guayas. La Asociaci\u00f3n de&#46;&#46;&#46;<\/p>\n","protected":false},"author":54,"featured_media":7427,"comment_status":"open","ping_status":"open","sticky":false,"template":"","format":"standard","meta":{"_acf_changed":false,"om_disable_all_campaigns":false,"rop_custom_images_group":[],"rop_custom_messages_group":[],"rop_publish_now":"initial","rop_publish_now_accounts":{"twitter_242054905_242054905":""},"rop_publish_now_history":[],"rop_publish_now_status":"pending","_uf_show_specific_survey":0,"_uf_disable_surveys":false,"footnotes":""},"categories":[42],"tags":[],"class_list":["post-7423","post","type-post","status-publish","format-standard","has-post-thumbnail","hentry","category-noticias"],"acf":[],"aioseo_notices":[],"yoast_head":"<!-- This site is optimized with the Yoast SEO Premium plugin v24.9 (Yoast SEO v27.2) - https:\/\/yoast.com\/product\/yoast-seo-premium-wordpress\/ -->\n<title>Urbanizaci\u00f3n Quarzo con nueva administraci\u00f3n - Ecuador | Noti-America.com<\/title>\n<meta name=\"robots\" content=\"index, follow, max-snippet:-1, max-image-preview:large, max-video-preview:-1\" \/>\n<link rel=\"canonical\" href=\"https:\/\/noti-america.com\/site\/ecuador\/2020\/02\/12\/urbanizacion-quarzo-con-nueva-administracion\/\" \/>\n<meta property=\"og:locale\" content=\"es_ES\" \/>\n<meta property=\"og:type\" content=\"article\" \/>\n<meta property=\"og:title\" content=\"Urbanizaci\u00f3n Quarzo con nueva administraci\u00f3n\" \/>\n<meta property=\"og:description\" content=\"REDACCI\u00d3N NOTI-AM\u00c9RICA (ECUADOR) Una intensa jordana electoral se vivi\u00f3 el pasado domingo 9 de febrero en la urbanizaci\u00f3n Quarzo de La Joya, en el cant\u00f3n Daule de la provincia del Guayas. La Asociaci\u00f3n de&#046;&#046;&#046;\" \/>\n<meta property=\"og:url\" content=\"https:\/\/noti-america.com\/site\/ecuador\/2020\/02\/12\/urbanizacion-quarzo-con-nueva-administracion\/\" \/>\n<meta property=\"og:site_name\" content=\"Ecuador | Noti-America.com\" \/>\n<meta property=\"article:author\" content=\"https:\/\/www.facebook.com\/geojuradopuente\" \/>\n<meta property=\"article:published_time\" content=\"2020-02-12T13:32:33+00:00\" \/>\n<meta property=\"og:image\" content=\"https:\/\/noti-america.com\/site\/ecuador\/wp-content\/uploads\/sites\/18\/2020\/02\/Elecciones_Quarzo-1.jpg\" \/>\n\t<meta property=\"og:image:width\" content=\"1108\" \/>\n\t<meta property=\"og:image:height\" content=\"720\" \/>\n\t<meta property=\"og:image:type\" content=\"image\/jpeg\" \/>\n<meta name=\"author\" content=\"Mgtr. Geovanny Jurado Puente\" \/>\n<meta name=\"twitter:card\" content=\"summary_large_image\" \/>\n<meta name=\"twitter:creator\" content=\"@GeoJurado\" \/>\n<meta name=\"twitter:site\" content=\"@notiamerica\" \/>\n<meta name=\"twitter:label1\" content=\"Escrito por\" \/>\n\t<meta name=\"twitter:data1\" content=\"Mgtr. Geovanny Jurado Puente\" \/>\n\t<meta name=\"twitter:label2\" content=\"Tiempo estimado de lectura\" \/>\n\t<meta name=\"twitter:data2\" content=\"3 minutos\" \/>\n<script type=\"application\/ld+json\" class=\"yoast-schema-graph\">{\"@context\":\"https:\/\/schema.org\",\"@graph\":[{\"@type\":\"Article\",\"@id\":\"https:\/\/noti-america.com\/site\/ecuador\/2020\/02\/12\/urbanizacion-quarzo-con-nueva-administracion\/#article\",\"isPartOf\":{\"@id\":\"https:\/\/noti-america.com\/site\/ecuador\/2020\/02\/12\/urbanizacion-quarzo-con-nueva-administracion\/\"},\"author\":{\"name\":\"Mgtr. Geovanny Jurado Puente\",\"@id\":\"https:\/\/noti-america.com\/site\/ecuador\/#\/schema\/person\/eafaa0d78b886269707bbd67c79282d8\"},\"headline\":\"Urbanizaci\u00f3n Quarzo con nueva administraci\u00f3n\",\"datePublished\":\"2020-02-12T13:32:33+00:00\",\"mainEntityOfPage\":{\"@id\":\"https:\/\/noti-america.com\/site\/ecuador\/2020\/02\/12\/urbanizacion-quarzo-con-nueva-administracion\/\"},\"wordCount\":561,\"commentCount\":0,\"publisher\":{\"@id\":\"https:\/\/noti-america.com\/site\/ecuador\/#organization\"},\"image\":{\"@id\":\"https:\/\/noti-america.com\/site\/ecuador\/2020\/02\/12\/urbanizacion-quarzo-con-nueva-administracion\/#primaryimage\"},\"thumbnailUrl\":\"https:\/\/noti-america.com\/site\/ecuador\/wp-content\/uploads\/sites\/18\/2020\/02\/Elecciones_Quarzo-1.jpg\",\"articleSection\":[\"Noticias\"],\"inLanguage\":\"es\",\"potentialAction\":[{\"@type\":\"CommentAction\",\"name\":\"Comment\",\"target\":[\"https:\/\/noti-america.com\/site\/ecuador\/2020\/02\/12\/urbanizacion-quarzo-con-nueva-administracion\/#respond\"]}]},{\"@type\":\"WebPage\",\"@id\":\"https:\/\/noti-america.com\/site\/ecuador\/2020\/02\/12\/urbanizacion-quarzo-con-nueva-administracion\/\",\"url\":\"https:\/\/noti-america.com\/site\/ecuador\/2020\/02\/12\/urbanizacion-quarzo-con-nueva-administracion\/\",\"name\":\"Urbanizaci\u00f3n Quarzo con nueva administraci\u00f3n - Ecuador | Noti-America.com\",\"isPartOf\":{\"@id\":\"https:\/\/noti-america.com\/site\/ecuador\/#website\"},\"primaryImageOfPage\":{\"@id\":\"https:\/\/noti-america.com\/site\/ecuador\/2020\/02\/12\/urbanizacion-quarzo-con-nueva-administracion\/#primaryimage\"},\"image\":{\"@id\":\"https:\/\/noti-america.com\/site\/ecuador\/2020\/02\/12\/urbanizacion-quarzo-con-nueva-administracion\/#primaryimage\"},\"thumbnailUrl\":\"https:\/\/noti-america.com\/site\/ecuador\/wp-content\/uploads\/sites\/18\/2020\/02\/Elecciones_Quarzo-1.jpg\",\"datePublished\":\"2020-02-12T13:32:33+00:00\",\"breadcrumb\":{\"@id\":\"https:\/\/noti-america.com\/site\/ecuador\/2020\/02\/12\/urbanizacion-quarzo-con-nueva-administracion\/#breadcrumb\"},\"inLanguage\":\"es\",\"potentialAction\":[{\"@type\":\"ReadAction\",\"target\":[\"https:\/\/noti-america.com\/site\/ecuador\/2020\/02\/12\/urbanizacion-quarzo-con-nueva-administracion\/\"]}]},{\"@type\":\"ImageObject\",\"inLanguage\":\"es\",\"@id\":\"https:\/\/noti-america.com\/site\/ecuador\/2020\/02\/12\/urbanizacion-quarzo-con-nueva-administracion\/#primaryimage\",\"url\":\"https:\/\/noti-america.com\/site\/ecuador\/wp-content\/uploads\/sites\/18\/2020\/02\/Elecciones_Quarzo-1.jpg\",\"contentUrl\":\"https:\/\/noti-america.com\/site\/ecuador\/wp-content\/uploads\/sites\/18\/2020\/02\/Elecciones_Quarzo-1.jpg\",\"width\":1108,\"height\":720},{\"@type\":\"BreadcrumbList\",\"@id\":\"https:\/\/noti-america.com\/site\/ecuador\/2020\/02\/12\/urbanizacion-quarzo-con-nueva-administracion\/#breadcrumb\",\"itemListElement\":[{\"@type\":\"ListItem\",\"position\":1,\"name\":\"Portada\",\"item\":\"https:\/\/noti-america.com\/site\/ecuador\/\"},{\"@type\":\"ListItem\",\"position\":2,\"name\":\"Urbanizaci\u00f3n Quarzo con nueva administraci\u00f3n\"}]},{\"@type\":\"WebSite\",\"@id\":\"https:\/\/noti-america.com\/site\/ecuador\/#website\",\"url\":\"https:\/\/noti-america.com\/site\/ecuador\/\",\"name\":\"Ecuador | Noti-America.com\",\"description\":\"\",\"publisher\":{\"@id\":\"https:\/\/noti-america.com\/site\/ecuador\/#organization\"},\"potentialAction\":[{\"@type\":\"SearchAction\",\"target\":{\"@type\":\"EntryPoint\",\"urlTemplate\":\"https:\/\/noti-america.com\/site\/ecuador\/?s={search_term_string}\"},\"query-input\":{\"@type\":\"PropertyValueSpecification\",\"valueRequired\":true,\"valueName\":\"search_term_string\"}}],\"inLanguage\":\"es\"},{\"@type\":\"Organization\",\"@id\":\"https:\/\/noti-america.com\/site\/ecuador\/#organization\",\"name\":\"Noti-America LLC | Ecuador\",\"url\":\"https:\/\/noti-america.com\/site\/ecuador\/\",\"logo\":{\"@type\":\"ImageObject\",\"inLanguage\":\"es\",\"@id\":\"https:\/\/noti-america.com\/site\/ecuador\/#\/schema\/logo\/image\/\",\"url\":\"https:\/\/noti-america.com\/site\/ecuador\/wp-content\/uploads\/sites\/18\/2020\/07\/LogoNA-4x3-1.jpg\",\"contentUrl\":\"https:\/\/noti-america.com\/site\/ecuador\/wp-content\/uploads\/sites\/18\/2020\/07\/LogoNA-4x3-1.jpg\",\"width\":1236,\"height\":1080,\"caption\":\"Noti-America LLC | Ecuador\"},\"image\":{\"@id\":\"https:\/\/noti-america.com\/site\/ecuador\/#\/schema\/logo\/image\/\"},\"sameAs\":[\"https:\/\/x.com\/notiamerica\"]},{\"@type\":\"Person\",\"@id\":\"https:\/\/noti-america.com\/site\/ecuador\/#\/schema\/person\/eafaa0d78b886269707bbd67c79282d8\",\"name\":\"Mgtr. Geovanny Jurado Puente\",\"image\":{\"@type\":\"ImageObject\",\"inLanguage\":\"es\",\"@id\":\"https:\/\/secure.gravatar.com\/avatar\/f837d50a2ea0d7cba882939210fb03249c2d70cdea88235e685f1a91ced24905?s=96&d=mm&r=g\",\"url\":\"https:\/\/secure.gravatar.com\/avatar\/f837d50a2ea0d7cba882939210fb03249c2d70cdea88235e685f1a91ced24905?s=96&d=mm&r=g\",\"contentUrl\":\"https:\/\/secure.gravatar.com\/avatar\/f837d50a2ea0d7cba882939210fb03249c2d70cdea88235e685f1a91ced24905?s=96&d=mm&r=g\",\"caption\":\"Mgtr. Geovanny Jurado Puente\"},\"description\":\"Mag\u00edster en Comunicaci\u00f3n, Menci\u00f3n Pol\u00edticas de Desarrollo Social; Licenciado en Ciencias de la Comunicaci\u00f3n Social; Docente Universitario; Miembro de la Red de Investigadores en Comunicaci\u00f3n del Ecuador (RICE); Miembro Fundador de la Red de Editoriales Universitarias y Escuelas Polit\u00e9cnicas del Ecuador (Reupde); ecuatoriano de nacimiento, con residencia en Daule.\",\"sameAs\":[\"https:\/\/www.facebook.com\/geojuradopuente\",\"Geo Jurado\",\"https:\/\/x.com\/GeoJurado\"],\"url\":\"https:\/\/noti-america.com\/site\/ecuador\/author\/gjurado\/\"}]}<\/script>\n<!-- \/ Yoast SEO Premium plugin. -->","yoast_head_json":{"title":"Urbanizaci\u00f3n Quarzo con nueva administraci\u00f3n - Ecuador | Noti-America.com","robots":{"index":"index","follow":"follow","max-snippet":"max-snippet:-1","max-image-preview":"max-image-preview:large","max-video-preview":"max-video-preview:-1"},"canonical":"https:\/\/noti-america.com\/site\/ecuador\/2020\/02\/12\/urbanizacion-quarzo-con-nueva-administracion\/","og_locale":"es_ES","og_type":"article","og_title":"Urbanizaci\u00f3n Quarzo con nueva administraci\u00f3n","og_description":"REDACCI\u00d3N NOTI-AM\u00c9RICA (ECUADOR) Una intensa jordana electoral se vivi\u00f3 el pasado domingo 9 de febrero en la urbanizaci\u00f3n Quarzo de La Joya, en el cant\u00f3n Daule de la provincia del Guayas. La Asociaci\u00f3n de&#46;&#46;&#46;","og_url":"https:\/\/noti-america.com\/site\/ecuador\/2020\/02\/12\/urbanizacion-quarzo-con-nueva-administracion\/","og_site_name":"Ecuador | Noti-America.com","article_author":"https:\/\/www.facebook.com\/geojuradopuente","article_published_time":"2020-02-12T13:32:33+00:00","og_image":[{"width":1108,"height":720,"url":"https:\/\/noti-america.com\/site\/ecuador\/wp-content\/uploads\/sites\/18\/2020\/02\/Elecciones_Quarzo-1.jpg","type":"image\/jpeg"}],"author":"Mgtr. Geovanny Jurado Puente","twitter_card":"summary_large_image","twitter_creator":"@GeoJurado","twitter_site":"@notiamerica","twitter_misc":{"Escrito por":"Mgtr. Geovanny Jurado Puente","Tiempo estimado de lectura":"3 minutos"},"schema":{"@context":"https:\/\/schema.org","@graph":[{"@type":"Article","@id":"https:\/\/noti-america.com\/site\/ecuador\/2020\/02\/12\/urbanizacion-quarzo-con-nueva-administracion\/#article","isPartOf":{"@id":"https:\/\/noti-america.com\/site\/ecuador\/2020\/02\/12\/urbanizacion-quarzo-con-nueva-administracion\/"},"author":{"name":"Mgtr. Geovanny Jurado Puente","@id":"https:\/\/noti-america.com\/site\/ecuador\/#\/schema\/person\/eafaa0d78b886269707bbd67c79282d8"},"headline":"Urbanizaci\u00f3n Quarzo con nueva administraci\u00f3n","datePublished":"2020-02-12T13:32:33+00:00","mainEntityOfPage":{"@id":"https:\/\/noti-america.com\/site\/ecuador\/2020\/02\/12\/urbanizacion-quarzo-con-nueva-administracion\/"},"wordCount":561,"commentCount":0,"publisher":{"@id":"https:\/\/noti-america.com\/site\/ecuador\/#organization"},"image":{"@id":"https:\/\/noti-america.com\/site\/ecuador\/2020\/02\/12\/urbanizacion-quarzo-con-nueva-administracion\/#primaryimage"},"thumbnailUrl":"https:\/\/noti-america.com\/site\/ecuador\/wp-content\/uploads\/sites\/18\/2020\/02\/Elecciones_Quarzo-1.jpg","articleSection":["Noticias"],"inLanguage":"es","potentialAction":[{"@type":"CommentAction","name":"Comment","target":["https:\/\/noti-america.com\/site\/ecuador\/2020\/02\/12\/urbanizacion-quarzo-con-nueva-administracion\/#respond"]}]},{"@type":"WebPage","@id":"https:\/\/noti-america.com\/site\/ecuador\/2020\/02\/12\/urbanizacion-quarzo-con-nueva-administracion\/","url":"https:\/\/noti-america.com\/site\/ecuador\/2020\/02\/12\/urbanizacion-quarzo-con-nueva-administracion\/","name":"Urbanizaci\u00f3n Quarzo con nueva administraci\u00f3n - Ecuador | Noti-America.com","isPartOf":{"@id":"https:\/\/noti-america.com\/site\/ecuador\/#website"},"primaryImageOfPage":{"@id":"https:\/\/noti-america.com\/site\/ecuador\/2020\/02\/12\/urbanizacion-quarzo-con-nueva-administracion\/#primaryimage"},"image":{"@id":"https:\/\/noti-america.com\/site\/ecuador\/2020\/02\/12\/urbanizacion-quarzo-con-nueva-administracion\/#primaryimage"},"thumbnailUrl":"https:\/\/noti-america.com\/site\/ecuador\/wp-content\/uploads\/sites\/18\/2020\/02\/Elecciones_Quarzo-1.jpg","datePublished":"2020-02-12T13:32:33+00:00","breadcrumb":{"@id":"https:\/\/noti-america.com\/site\/ecuador\/2020\/02\/12\/urbanizacion-quarzo-con-nueva-administracion\/#breadcrumb"},"inLanguage":"es","potentialAction":[{"@type":"ReadAction","target":["https:\/\/noti-america.com\/site\/ecuador\/2020\/02\/12\/urbanizacion-quarzo-con-nueva-administracion\/"]}]},{"@type":"ImageObject","inLanguage":"es","@id":"https:\/\/noti-america.com\/site\/ecuador\/2020\/02\/12\/urbanizacion-quarzo-con-nueva-administracion\/#primaryimage","url":"https:\/\/noti-america.com\/site\/ecuador\/wp-content\/uploads\/sites\/18\/2020\/02\/Elecciones_Quarzo-1.jpg","contentUrl":"https:\/\/noti-america.com\/site\/ecuador\/wp-content\/uploads\/sites\/18\/2020\/02\/Elecciones_Quarzo-1.jpg","width":1108,"height":720},{"@type":"BreadcrumbList","@id":"https:\/\/noti-america.com\/site\/ecuador\/2020\/02\/12\/urbanizacion-quarzo-con-nueva-administracion\/#breadcrumb","itemListElement":[{"@type":"ListItem","position":1,"name":"Portada","item":"https:\/\/noti-america.com\/site\/ecuador\/"},{"@type":"ListItem","position":2,"name":"Urbanizaci\u00f3n Quarzo con nueva administraci\u00f3n"}]},{"@type":"WebSite","@id":"https:\/\/noti-america.com\/site\/ecuador\/#website","url":"https:\/\/noti-america.com\/site\/ecuador\/","name":"Ecuador | Noti-America.com","description":"","publisher":{"@id":"https:\/\/noti-america.com\/site\/ecuador\/#organization"},"potentialAction":[{"@type":"SearchAction","target":{"@type":"EntryPoint","urlTemplate":"https:\/\/noti-america.com\/site\/ecuador\/?s={search_term_string}"},"query-input":{"@type":"PropertyValueSpecification","valueRequired":true,"valueName":"search_term_string"}}],"inLanguage":"es"},{"@type":"Organization","@id":"https:\/\/noti-america.com\/site\/ecuador\/#organization","name":"Noti-America LLC | Ecuador","url":"https:\/\/noti-america.com\/site\/ecuador\/","logo":{"@type":"ImageObject","inLanguage":"es","@id":"https:\/\/noti-america.com\/site\/ecuador\/#\/schema\/logo\/image\/","url":"https:\/\/noti-america.com\/site\/ecuador\/wp-content\/uploads\/sites\/18\/2020\/07\/LogoNA-4x3-1.jpg","contentUrl":"https:\/\/noti-america.com\/site\/ecuador\/wp-content\/uploads\/sites\/18\/2020\/07\/LogoNA-4x3-1.jpg","width":1236,"height":1080,"caption":"Noti-America LLC | Ecuador"},"image":{"@id":"https:\/\/noti-america.com\/site\/ecuador\/#\/schema\/logo\/image\/"},"sameAs":["https:\/\/x.com\/notiamerica"]},{"@type":"Person","@id":"https:\/\/noti-america.com\/site\/ecuador\/#\/schema\/person\/eafaa0d78b886269707bbd67c79282d8","name":"Mgtr. Geovanny Jurado Puente","image":{"@type":"ImageObject","inLanguage":"es","@id":"https:\/\/secure.gravatar.com\/avatar\/f837d50a2ea0d7cba882939210fb03249c2d70cdea88235e685f1a91ced24905?s=96&d=mm&r=g","url":"https:\/\/secure.gravatar.com\/avatar\/f837d50a2ea0d7cba882939210fb03249c2d70cdea88235e685f1a91ced24905?s=96&d=mm&r=g","contentUrl":"https:\/\/secure.gravatar.com\/avatar\/f837d50a2ea0d7cba882939210fb03249c2d70cdea88235e685f1a91ced24905?s=96&d=mm&r=g","caption":"Mgtr. Geovanny Jurado Puente"},"description":"Mag\u00edster en Comunicaci\u00f3n, Menci\u00f3n Pol\u00edticas de Desarrollo Social; Licenciado en Ciencias de la Comunicaci\u00f3n Social; Docente Universitario; Miembro de la Red de Investigadores en Comunicaci\u00f3n del Ecuador (RICE); Miembro Fundador de la Red de Editoriales Universitarias y Escuelas Polit\u00e9cnicas del Ecuador (Reupde); ecuatoriano de nacimiento, con residencia en Daule.","sameAs":["https:\/\/www.facebook.com\/geojuradopuente","Geo Jurado","https:\/\/x.com\/GeoJurado"],"url":"https:\/\/noti-america.com\/site\/ecuador\/author\/gjurado\/"}]}},"_links":{"self":[{"href":"https:\/\/noti-america.com\/site\/ecuador\/wp-json\/wp\/v2\/posts\/7423","targetHints":{"allow":["GET"]}}],"collection":[{"href":"https:\/\/noti-america.com\/site\/ecuador\/wp-json\/wp\/v2\/posts"}],"about":[{"href":"https:\/\/noti-america.com\/site\/ecuador\/wp-json\/wp\/v2\/types\/post"}],"author":[{"embeddable":true,"href":"https:\/\/noti-america.com\/site\/ecuador\/wp-json\/wp\/v2\/users\/54"}],"replies":[{"embeddable":true,"href":"https:\/\/noti-america.com\/site\/ecuador\/wp-json\/wp\/v2\/comments?post=7423"}],"version-history":[{"count":1,"href":"https:\/\/noti-america.com\/site\/ecuador\/wp-json\/wp\/v2\/posts\/7423\/revisions"}],"predecessor-version":[{"id":7428,"href":"https:\/\/noti-america.com\/site\/ecuador\/wp-json\/wp\/v2\/posts\/7423\/revisions\/7428"}],"wp:featuredmedia":[{"embeddable":true,"href":"https:\/\/noti-america.com\/site\/ecuador\/wp-json\/wp\/v2\/media\/7427"}],"wp:attachment":[{"href":"https:\/\/noti-america.com\/site\/ecuador\/wp-json\/wp\/v2\/media?parent=7423"}],"wp:term":[{"taxonomy":"category","embeddable":true,"href":"https:\/\/noti-america.com\/site\/ecuador\/wp-json\/wp\/v2\/categories?post=7423"},{"taxonomy":"post_tag","embeddable":true,"href":"https:\/\/noti-america.com\/site\/ecuador\/wp-json\/wp\/v2\/tags?post=7423"}],"curies":[{"name":"wp","href":"https:\/\/api.w.org\/{rel}","templated":true}]}}