{"id":7380,"date":"2020-02-06T05:06:31","date_gmt":"2020-02-06T05:06:31","guid":{"rendered":"http:\/\/noti-america.com\/site\/ecuador\/?p=7380"},"modified":"2020-02-06T05:06:31","modified_gmt":"2020-02-06T05:06:31","slug":"ejecutan-obras-viales-en-la-parroquia-anconcito","status":"publish","type":"post","link":"https:\/\/noti-america.com\/site\/ecuador\/2020\/02\/06\/ejecutan-obras-viales-en-la-parroquia-anconcito\/","title":{"rendered":"Ejecutan obras viales en la parroquia Anconcito"},"content":{"rendered":"<p style=\"text-align: justify\"><strong>REDACCI\u00d3N NOTI-AM\u00c9RICA (ECUADOR)<\/strong><\/p>\n<div id=\"attachment_7381\" style=\"width: 834px\" class=\"wp-caption aligncenter\"><img loading=\"lazy\" decoding=\"async\" aria-describedby=\"caption-attachment-7381\" class=\" wp-image-7381\" src=\"http:\/\/noti-america.com\/site\/ecuador\/wp-content\/uploads\/sites\/18\/2020\/02\/V\u00edas_Anconcito-300x200.jpg\" alt=\"\" width=\"824\" height=\"549\" srcset=\"https:\/\/noti-america.com\/site\/ecuador\/wp-content\/uploads\/sites\/18\/2020\/02\/V\u00edas_Anconcito-300x200.jpg 300w, https:\/\/noti-america.com\/site\/ecuador\/wp-content\/uploads\/sites\/18\/2020\/02\/V\u00edas_Anconcito-768x512.jpg 768w, https:\/\/noti-america.com\/site\/ecuador\/wp-content\/uploads\/sites\/18\/2020\/02\/V\u00edas_Anconcito-1024x683.jpg 1024w, https:\/\/noti-america.com\/site\/ecuador\/wp-content\/uploads\/sites\/18\/2020\/02\/V\u00edas_Anconcito-272x182.jpg 272w\" sizes=\"auto, (max-width: 824px) 100vw, 824px\" \/><p id=\"caption-attachment-7381\" class=\"wp-caption-text\"><strong>El alcalde de Salinas, Daniel Cisneros, indic\u00f3 que esta obra tiene un monto referencial de inversi\u00f3n de $ 995.569,59 y un plazo de ejecuci\u00f3n de 150 d\u00edas.<\/strong><\/p><\/div>\n<p style=\"text-align: justify\">Con una inversi\u00f3n que bordea el mill\u00f3n de d\u00f3lares, se ejecuta un proyecto de asfaltado vial, por parte de la municipalidad, en la parroquia Aconcito del cant\u00f3n Salinas, en la provincia de Santa Elena.<\/p>\n<p style=\"text-align: justify\">La obra contempla la excavaci\u00f3n y sustituci\u00f3n total del material existente, el mismo que ser\u00e1 reemplazado con material de mejoramiento importado (cascajo) y material de sub-base clase 3, para posteriormente proceder con la construcci\u00f3n de los bordillos cunetas, aceras de hormig\u00f3n y el tendido de la carpeta asf\u00e1ltica de 2\u201d y 1\u201d.<\/p>\n<div id=\"attachment_7382\" style=\"width: 611px\" class=\"wp-caption alignleft\"><img loading=\"lazy\" decoding=\"async\" aria-describedby=\"caption-attachment-7382\" class=\" wp-image-7382\" src=\"http:\/\/noti-america.com\/site\/ecuador\/wp-content\/uploads\/sites\/18\/2020\/02\/V\u00edas_Anconcito1-300x200.jpg\" alt=\"\" width=\"601\" height=\"400\" srcset=\"https:\/\/noti-america.com\/site\/ecuador\/wp-content\/uploads\/sites\/18\/2020\/02\/V\u00edas_Anconcito1-300x200.jpg 300w, https:\/\/noti-america.com\/site\/ecuador\/wp-content\/uploads\/sites\/18\/2020\/02\/V\u00edas_Anconcito1-768x512.jpg 768w, https:\/\/noti-america.com\/site\/ecuador\/wp-content\/uploads\/sites\/18\/2020\/02\/V\u00edas_Anconcito1-1024x683.jpg 1024w, https:\/\/noti-america.com\/site\/ecuador\/wp-content\/uploads\/sites\/18\/2020\/02\/V\u00edas_Anconcito1-272x182.jpg 272w\" sizes=\"auto, (max-width: 601px) 100vw, 601px\" \/><p id=\"caption-attachment-7382\" class=\"wp-caption-text\"><strong>\u201cEstoy feliz, feliz, muy feliz, porque era lo que esper\u00e1bamos, que llegara el alcantarillado y lleg\u00f3, ahora tendremos el asfaltado vial\u201d, coment\u00f3 muy emocionada, Teresa Coque, moradora del sector, quien tambi\u00e9n resalt\u00f3 que han esperado m\u00e1s de 25 a\u00f1os por estas obras.<\/strong><\/p><\/div>\n<p style=\"text-align: justify\">De igual manera, se instalar\u00e1n tuber\u00edas PVC para el drenaje de las aguas lluvias, construcci\u00f3n de c\u00e1maras y sumideros de aguas lluvias, construcci\u00f3n de aceras, bordillos cunetas e instalaci\u00f3n de la se\u00f1al\u00e9tica vertical y horizontal.<\/p>\n<p style=\"text-align: justify\">Es lo que inform\u00f3 la primera autoridad cantonal, Daniel Cisneros, este lunes 3 de febrero, a trav\u00e9s de un conversatorio a los habitantes del barrio Luis C\u00e9lleri Lazcano y dem\u00e1s moradores aleda\u00f1os.<\/p>\n<p style=\"text-align: justify\">Cisneros se\u00f1al\u00f3 que Anconcito luce diferente que hace seis a\u00f1os, porque ahora cuenta con polideportivos, asfaltado vial y muchas obras que han cambiado la calidad de vida de nuestra gente.<\/p>\n<p style=\"text-align: justify\">\u201cHace alg\u00fan tiempo trabajamos para traer el proyecto \u201cCasa para Todos\u201d, en donde inicialmente 305 familias fueron beneficiadas, es una obra importante, estamos en la segunda etapa que servir\u00e1 para ayudar a 305 familias m\u00e1s\u201d, asegur\u00f3.<\/p>\n<p style=\"text-align: justify\">A\u00f1adi\u00f3 que Anconcito tiene una capacidad de expansi\u00f3n. \u201cEn abril, se entregar\u00e1n 400 terrenos en esta localidad de nuestro cant\u00f3n, esto no es un discurso, lo prometimos y lo estamos cumpliendo\u201d, enfatiz\u00f3 Cisneros.<\/p>\n","protected":false},"excerpt":{"rendered":"<p>REDACCI\u00d3N NOTI-AM\u00c9RICA (ECUADOR) Con una inversi\u00f3n que bordea el mill\u00f3n de d\u00f3lares, se ejecuta un proyecto de asfaltado vial, por parte de la municipalidad, en la parroquia Aconcito del cant\u00f3n Salinas, en la provincia&#46;&#46;&#46;<\/p>\n","protected":false},"author":54,"featured_media":7383,"comment_status":"open","ping_status":"open","sticky":false,"template":"","format":"standard","meta":{"_acf_changed":false,"om_disable_all_campaigns":false,"rop_custom_images_group":[],"rop_custom_messages_group":[],"rop_publish_now":"initial","rop_publish_now_accounts":{"twitter_242054905_242054905":""},"rop_publish_now_history":[],"rop_publish_now_status":"pending","_uf_show_specific_survey":0,"_uf_disable_surveys":false,"footnotes":""},"categories":[42],"tags":[],"class_list":["post-7380","post","type-post","status-publish","format-standard","has-post-thumbnail","hentry","category-noticias"],"acf":[],"aioseo_notices":[],"yoast_head":"<!-- This site is optimized with the Yoast SEO Premium plugin v24.9 (Yoast SEO v27.2) - https:\/\/yoast.com\/product\/yoast-seo-premium-wordpress\/ -->\n<title>Ejecutan obras viales en la parroquia Anconcito - Ecuador | Noti-America.com<\/title>\n<meta name=\"robots\" content=\"index, follow, max-snippet:-1, max-image-preview:large, max-video-preview:-1\" \/>\n<link rel=\"canonical\" href=\"https:\/\/noti-america.com\/site\/ecuador\/2020\/02\/06\/ejecutan-obras-viales-en-la-parroquia-anconcito\/\" \/>\n<meta property=\"og:locale\" content=\"es_ES\" \/>\n<meta property=\"og:type\" content=\"article\" \/>\n<meta property=\"og:title\" content=\"Ejecutan obras viales en la parroquia Anconcito\" \/>\n<meta property=\"og:description\" content=\"REDACCI\u00d3N NOTI-AM\u00c9RICA (ECUADOR) Con una inversi\u00f3n que bordea el mill\u00f3n de d\u00f3lares, se ejecuta un proyecto de asfaltado vial, por parte de la municipalidad, en la parroquia Aconcito del cant\u00f3n Salinas, en la provincia&#046;&#046;&#046;\" \/>\n<meta property=\"og:url\" content=\"https:\/\/noti-america.com\/site\/ecuador\/2020\/02\/06\/ejecutan-obras-viales-en-la-parroquia-anconcito\/\" \/>\n<meta property=\"og:site_name\" content=\"Ecuador | Noti-America.com\" \/>\n<meta property=\"article:author\" content=\"https:\/\/www.facebook.com\/geojuradopuente\" \/>\n<meta property=\"article:published_time\" content=\"2020-02-06T05:06:31+00:00\" \/>\n<meta property=\"og:image\" content=\"https:\/\/noti-america.com\/site\/ecuador\/wp-content\/uploads\/sites\/18\/2020\/02\/V\u00edas_Anconcito-1.jpg\" \/>\n\t<meta property=\"og:image:width\" content=\"5184\" \/>\n\t<meta property=\"og:image:height\" content=\"3456\" \/>\n\t<meta property=\"og:image:type\" content=\"image\/jpeg\" \/>\n<meta name=\"author\" content=\"Mgtr. Geovanny Jurado Puente\" \/>\n<meta name=\"twitter:card\" content=\"summary_large_image\" \/>\n<meta name=\"twitter:creator\" content=\"@GeoJurado\" \/>\n<meta name=\"twitter:site\" content=\"@notiamerica\" \/>\n<meta name=\"twitter:label1\" content=\"Escrito por\" \/>\n\t<meta name=\"twitter:data1\" content=\"Mgtr. Geovanny Jurado Puente\" \/>\n\t<meta name=\"twitter:label2\" content=\"Tiempo estimado de lectura\" \/>\n\t<meta name=\"twitter:data2\" content=\"2 minutos\" \/>\n<script type=\"application\/ld+json\" class=\"yoast-schema-graph\">{\"@context\":\"https:\/\/schema.org\",\"@graph\":[{\"@type\":\"Article\",\"@id\":\"https:\/\/noti-america.com\/site\/ecuador\/2020\/02\/06\/ejecutan-obras-viales-en-la-parroquia-anconcito\/#article\",\"isPartOf\":{\"@id\":\"https:\/\/noti-america.com\/site\/ecuador\/2020\/02\/06\/ejecutan-obras-viales-en-la-parroquia-anconcito\/\"},\"author\":{\"name\":\"Mgtr. Geovanny Jurado Puente\",\"@id\":\"https:\/\/noti-america.com\/site\/ecuador\/#\/schema\/person\/eafaa0d78b886269707bbd67c79282d8\"},\"headline\":\"Ejecutan obras viales en la parroquia Anconcito\",\"datePublished\":\"2020-02-06T05:06:31+00:00\",\"mainEntityOfPage\":{\"@id\":\"https:\/\/noti-america.com\/site\/ecuador\/2020\/02\/06\/ejecutan-obras-viales-en-la-parroquia-anconcito\/\"},\"wordCount\":372,\"commentCount\":0,\"publisher\":{\"@id\":\"https:\/\/noti-america.com\/site\/ecuador\/#organization\"},\"image\":{\"@id\":\"https:\/\/noti-america.com\/site\/ecuador\/2020\/02\/06\/ejecutan-obras-viales-en-la-parroquia-anconcito\/#primaryimage\"},\"thumbnailUrl\":\"https:\/\/noti-america.com\/site\/ecuador\/wp-content\/uploads\/sites\/18\/2020\/02\/V\u00edas_Anconcito-1.jpg\",\"articleSection\":[\"Noticias\"],\"inLanguage\":\"es\",\"potentialAction\":[{\"@type\":\"CommentAction\",\"name\":\"Comment\",\"target\":[\"https:\/\/noti-america.com\/site\/ecuador\/2020\/02\/06\/ejecutan-obras-viales-en-la-parroquia-anconcito\/#respond\"]}]},{\"@type\":\"WebPage\",\"@id\":\"https:\/\/noti-america.com\/site\/ecuador\/2020\/02\/06\/ejecutan-obras-viales-en-la-parroquia-anconcito\/\",\"url\":\"https:\/\/noti-america.com\/site\/ecuador\/2020\/02\/06\/ejecutan-obras-viales-en-la-parroquia-anconcito\/\",\"name\":\"Ejecutan obras viales en la parroquia Anconcito - Ecuador | Noti-America.com\",\"isPartOf\":{\"@id\":\"https:\/\/noti-america.com\/site\/ecuador\/#website\"},\"primaryImageOfPage\":{\"@id\":\"https:\/\/noti-america.com\/site\/ecuador\/2020\/02\/06\/ejecutan-obras-viales-en-la-parroquia-anconcito\/#primaryimage\"},\"image\":{\"@id\":\"https:\/\/noti-america.com\/site\/ecuador\/2020\/02\/06\/ejecutan-obras-viales-en-la-parroquia-anconcito\/#primaryimage\"},\"thumbnailUrl\":\"https:\/\/noti-america.com\/site\/ecuador\/wp-content\/uploads\/sites\/18\/2020\/02\/V\u00edas_Anconcito-1.jpg\",\"datePublished\":\"2020-02-06T05:06:31+00:00\",\"breadcrumb\":{\"@id\":\"https:\/\/noti-america.com\/site\/ecuador\/2020\/02\/06\/ejecutan-obras-viales-en-la-parroquia-anconcito\/#breadcrumb\"},\"inLanguage\":\"es\",\"potentialAction\":[{\"@type\":\"ReadAction\",\"target\":[\"https:\/\/noti-america.com\/site\/ecuador\/2020\/02\/06\/ejecutan-obras-viales-en-la-parroquia-anconcito\/\"]}]},{\"@type\":\"ImageObject\",\"inLanguage\":\"es\",\"@id\":\"https:\/\/noti-america.com\/site\/ecuador\/2020\/02\/06\/ejecutan-obras-viales-en-la-parroquia-anconcito\/#primaryimage\",\"url\":\"https:\/\/noti-america.com\/site\/ecuador\/wp-content\/uploads\/sites\/18\/2020\/02\/V\u00edas_Anconcito-1.jpg\",\"contentUrl\":\"https:\/\/noti-america.com\/site\/ecuador\/wp-content\/uploads\/sites\/18\/2020\/02\/V\u00edas_Anconcito-1.jpg\",\"width\":5184,\"height\":3456},{\"@type\":\"BreadcrumbList\",\"@id\":\"https:\/\/noti-america.com\/site\/ecuador\/2020\/02\/06\/ejecutan-obras-viales-en-la-parroquia-anconcito\/#breadcrumb\",\"itemListElement\":[{\"@type\":\"ListItem\",\"position\":1,\"name\":\"Portada\",\"item\":\"https:\/\/noti-america.com\/site\/ecuador\/\"},{\"@type\":\"ListItem\",\"position\":2,\"name\":\"Ejecutan obras viales en la parroquia Anconcito\"}]},{\"@type\":\"WebSite\",\"@id\":\"https:\/\/noti-america.com\/site\/ecuador\/#website\",\"url\":\"https:\/\/noti-america.com\/site\/ecuador\/\",\"name\":\"Ecuador | Noti-America.com\",\"description\":\"\",\"publisher\":{\"@id\":\"https:\/\/noti-america.com\/site\/ecuador\/#organization\"},\"potentialAction\":[{\"@type\":\"SearchAction\",\"target\":{\"@type\":\"EntryPoint\",\"urlTemplate\":\"https:\/\/noti-america.com\/site\/ecuador\/?s={search_term_string}\"},\"query-input\":{\"@type\":\"PropertyValueSpecification\",\"valueRequired\":true,\"valueName\":\"search_term_string\"}}],\"inLanguage\":\"es\"},{\"@type\":\"Organization\",\"@id\":\"https:\/\/noti-america.com\/site\/ecuador\/#organization\",\"name\":\"Noti-America LLC | Ecuador\",\"url\":\"https:\/\/noti-america.com\/site\/ecuador\/\",\"logo\":{\"@type\":\"ImageObject\",\"inLanguage\":\"es\",\"@id\":\"https:\/\/noti-america.com\/site\/ecuador\/#\/schema\/logo\/image\/\",\"url\":\"https:\/\/noti-america.com\/site\/ecuador\/wp-content\/uploads\/sites\/18\/2020\/07\/LogoNA-4x3-1.jpg\",\"contentUrl\":\"https:\/\/noti-america.com\/site\/ecuador\/wp-content\/uploads\/sites\/18\/2020\/07\/LogoNA-4x3-1.jpg\",\"width\":1236,\"height\":1080,\"caption\":\"Noti-America LLC | Ecuador\"},\"image\":{\"@id\":\"https:\/\/noti-america.com\/site\/ecuador\/#\/schema\/logo\/image\/\"},\"sameAs\":[\"https:\/\/x.com\/notiamerica\"]},{\"@type\":\"Person\",\"@id\":\"https:\/\/noti-america.com\/site\/ecuador\/#\/schema\/person\/eafaa0d78b886269707bbd67c79282d8\",\"name\":\"Mgtr. Geovanny Jurado Puente\",\"image\":{\"@type\":\"ImageObject\",\"inLanguage\":\"es\",\"@id\":\"https:\/\/secure.gravatar.com\/avatar\/f837d50a2ea0d7cba882939210fb03249c2d70cdea88235e685f1a91ced24905?s=96&d=mm&r=g\",\"url\":\"https:\/\/secure.gravatar.com\/avatar\/f837d50a2ea0d7cba882939210fb03249c2d70cdea88235e685f1a91ced24905?s=96&d=mm&r=g\",\"contentUrl\":\"https:\/\/secure.gravatar.com\/avatar\/f837d50a2ea0d7cba882939210fb03249c2d70cdea88235e685f1a91ced24905?s=96&d=mm&r=g\",\"caption\":\"Mgtr. Geovanny Jurado Puente\"},\"description\":\"Mag\u00edster en Comunicaci\u00f3n, Menci\u00f3n Pol\u00edticas de Desarrollo Social; Licenciado en Ciencias de la Comunicaci\u00f3n Social; Docente Universitario; Miembro de la Red de Investigadores en Comunicaci\u00f3n del Ecuador (RICE); Miembro Fundador de la Red de Editoriales Universitarias y Escuelas Polit\u00e9cnicas del Ecuador (Reupde); ecuatoriano de nacimiento, con residencia en Daule.\",\"sameAs\":[\"https:\/\/www.facebook.com\/geojuradopuente\",\"Geo Jurado\",\"https:\/\/x.com\/GeoJurado\"],\"url\":\"https:\/\/noti-america.com\/site\/ecuador\/author\/gjurado\/\"}]}<\/script>\n<!-- \/ Yoast SEO Premium plugin. -->","yoast_head_json":{"title":"Ejecutan obras viales en la parroquia Anconcito - Ecuador | Noti-America.com","robots":{"index":"index","follow":"follow","max-snippet":"max-snippet:-1","max-image-preview":"max-image-preview:large","max-video-preview":"max-video-preview:-1"},"canonical":"https:\/\/noti-america.com\/site\/ecuador\/2020\/02\/06\/ejecutan-obras-viales-en-la-parroquia-anconcito\/","og_locale":"es_ES","og_type":"article","og_title":"Ejecutan obras viales en la parroquia Anconcito","og_description":"REDACCI\u00d3N NOTI-AM\u00c9RICA (ECUADOR) Con una inversi\u00f3n que bordea el mill\u00f3n de d\u00f3lares, se ejecuta un proyecto de asfaltado vial, por parte de la municipalidad, en la parroquia Aconcito del cant\u00f3n Salinas, en la provincia&#46;&#46;&#46;","og_url":"https:\/\/noti-america.com\/site\/ecuador\/2020\/02\/06\/ejecutan-obras-viales-en-la-parroquia-anconcito\/","og_site_name":"Ecuador | Noti-America.com","article_author":"https:\/\/www.facebook.com\/geojuradopuente","article_published_time":"2020-02-06T05:06:31+00:00","og_image":[{"width":5184,"height":3456,"url":"https:\/\/noti-america.com\/site\/ecuador\/wp-content\/uploads\/sites\/18\/2020\/02\/V\u00edas_Anconcito-1.jpg","type":"image\/jpeg"}],"author":"Mgtr. Geovanny Jurado Puente","twitter_card":"summary_large_image","twitter_creator":"@GeoJurado","twitter_site":"@notiamerica","twitter_misc":{"Escrito por":"Mgtr. Geovanny Jurado Puente","Tiempo estimado de lectura":"2 minutos"},"schema":{"@context":"https:\/\/schema.org","@graph":[{"@type":"Article","@id":"https:\/\/noti-america.com\/site\/ecuador\/2020\/02\/06\/ejecutan-obras-viales-en-la-parroquia-anconcito\/#article","isPartOf":{"@id":"https:\/\/noti-america.com\/site\/ecuador\/2020\/02\/06\/ejecutan-obras-viales-en-la-parroquia-anconcito\/"},"author":{"name":"Mgtr. Geovanny Jurado Puente","@id":"https:\/\/noti-america.com\/site\/ecuador\/#\/schema\/person\/eafaa0d78b886269707bbd67c79282d8"},"headline":"Ejecutan obras viales en la parroquia Anconcito","datePublished":"2020-02-06T05:06:31+00:00","mainEntityOfPage":{"@id":"https:\/\/noti-america.com\/site\/ecuador\/2020\/02\/06\/ejecutan-obras-viales-en-la-parroquia-anconcito\/"},"wordCount":372,"commentCount":0,"publisher":{"@id":"https:\/\/noti-america.com\/site\/ecuador\/#organization"},"image":{"@id":"https:\/\/noti-america.com\/site\/ecuador\/2020\/02\/06\/ejecutan-obras-viales-en-la-parroquia-anconcito\/#primaryimage"},"thumbnailUrl":"https:\/\/noti-america.com\/site\/ecuador\/wp-content\/uploads\/sites\/18\/2020\/02\/V\u00edas_Anconcito-1.jpg","articleSection":["Noticias"],"inLanguage":"es","potentialAction":[{"@type":"CommentAction","name":"Comment","target":["https:\/\/noti-america.com\/site\/ecuador\/2020\/02\/06\/ejecutan-obras-viales-en-la-parroquia-anconcito\/#respond"]}]},{"@type":"WebPage","@id":"https:\/\/noti-america.com\/site\/ecuador\/2020\/02\/06\/ejecutan-obras-viales-en-la-parroquia-anconcito\/","url":"https:\/\/noti-america.com\/site\/ecuador\/2020\/02\/06\/ejecutan-obras-viales-en-la-parroquia-anconcito\/","name":"Ejecutan obras viales en la parroquia Anconcito - Ecuador | Noti-America.com","isPartOf":{"@id":"https:\/\/noti-america.com\/site\/ecuador\/#website"},"primaryImageOfPage":{"@id":"https:\/\/noti-america.com\/site\/ecuador\/2020\/02\/06\/ejecutan-obras-viales-en-la-parroquia-anconcito\/#primaryimage"},"image":{"@id":"https:\/\/noti-america.com\/site\/ecuador\/2020\/02\/06\/ejecutan-obras-viales-en-la-parroquia-anconcito\/#primaryimage"},"thumbnailUrl":"https:\/\/noti-america.com\/site\/ecuador\/wp-content\/uploads\/sites\/18\/2020\/02\/V\u00edas_Anconcito-1.jpg","datePublished":"2020-02-06T05:06:31+00:00","breadcrumb":{"@id":"https:\/\/noti-america.com\/site\/ecuador\/2020\/02\/06\/ejecutan-obras-viales-en-la-parroquia-anconcito\/#breadcrumb"},"inLanguage":"es","potentialAction":[{"@type":"ReadAction","target":["https:\/\/noti-america.com\/site\/ecuador\/2020\/02\/06\/ejecutan-obras-viales-en-la-parroquia-anconcito\/"]}]},{"@type":"ImageObject","inLanguage":"es","@id":"https:\/\/noti-america.com\/site\/ecuador\/2020\/02\/06\/ejecutan-obras-viales-en-la-parroquia-anconcito\/#primaryimage","url":"https:\/\/noti-america.com\/site\/ecuador\/wp-content\/uploads\/sites\/18\/2020\/02\/V\u00edas_Anconcito-1.jpg","contentUrl":"https:\/\/noti-america.com\/site\/ecuador\/wp-content\/uploads\/sites\/18\/2020\/02\/V\u00edas_Anconcito-1.jpg","width":5184,"height":3456},{"@type":"BreadcrumbList","@id":"https:\/\/noti-america.com\/site\/ecuador\/2020\/02\/06\/ejecutan-obras-viales-en-la-parroquia-anconcito\/#breadcrumb","itemListElement":[{"@type":"ListItem","position":1,"name":"Portada","item":"https:\/\/noti-america.com\/site\/ecuador\/"},{"@type":"ListItem","position":2,"name":"Ejecutan obras viales en la parroquia Anconcito"}]},{"@type":"WebSite","@id":"https:\/\/noti-america.com\/site\/ecuador\/#website","url":"https:\/\/noti-america.com\/site\/ecuador\/","name":"Ecuador | Noti-America.com","description":"","publisher":{"@id":"https:\/\/noti-america.com\/site\/ecuador\/#organization"},"potentialAction":[{"@type":"SearchAction","target":{"@type":"EntryPoint","urlTemplate":"https:\/\/noti-america.com\/site\/ecuador\/?s={search_term_string}"},"query-input":{"@type":"PropertyValueSpecification","valueRequired":true,"valueName":"search_term_string"}}],"inLanguage":"es"},{"@type":"Organization","@id":"https:\/\/noti-america.com\/site\/ecuador\/#organization","name":"Noti-America LLC | Ecuador","url":"https:\/\/noti-america.com\/site\/ecuador\/","logo":{"@type":"ImageObject","inLanguage":"es","@id":"https:\/\/noti-america.com\/site\/ecuador\/#\/schema\/logo\/image\/","url":"https:\/\/noti-america.com\/site\/ecuador\/wp-content\/uploads\/sites\/18\/2020\/07\/LogoNA-4x3-1.jpg","contentUrl":"https:\/\/noti-america.com\/site\/ecuador\/wp-content\/uploads\/sites\/18\/2020\/07\/LogoNA-4x3-1.jpg","width":1236,"height":1080,"caption":"Noti-America LLC | Ecuador"},"image":{"@id":"https:\/\/noti-america.com\/site\/ecuador\/#\/schema\/logo\/image\/"},"sameAs":["https:\/\/x.com\/notiamerica"]},{"@type":"Person","@id":"https:\/\/noti-america.com\/site\/ecuador\/#\/schema\/person\/eafaa0d78b886269707bbd67c79282d8","name":"Mgtr. Geovanny Jurado Puente","image":{"@type":"ImageObject","inLanguage":"es","@id":"https:\/\/secure.gravatar.com\/avatar\/f837d50a2ea0d7cba882939210fb03249c2d70cdea88235e685f1a91ced24905?s=96&d=mm&r=g","url":"https:\/\/secure.gravatar.com\/avatar\/f837d50a2ea0d7cba882939210fb03249c2d70cdea88235e685f1a91ced24905?s=96&d=mm&r=g","contentUrl":"https:\/\/secure.gravatar.com\/avatar\/f837d50a2ea0d7cba882939210fb03249c2d70cdea88235e685f1a91ced24905?s=96&d=mm&r=g","caption":"Mgtr. Geovanny Jurado Puente"},"description":"Mag\u00edster en Comunicaci\u00f3n, Menci\u00f3n Pol\u00edticas de Desarrollo Social; Licenciado en Ciencias de la Comunicaci\u00f3n Social; Docente Universitario; Miembro de la Red de Investigadores en Comunicaci\u00f3n del Ecuador (RICE); Miembro Fundador de la Red de Editoriales Universitarias y Escuelas Polit\u00e9cnicas del Ecuador (Reupde); ecuatoriano de nacimiento, con residencia en Daule.","sameAs":["https:\/\/www.facebook.com\/geojuradopuente","Geo Jurado","https:\/\/x.com\/GeoJurado"],"url":"https:\/\/noti-america.com\/site\/ecuador\/author\/gjurado\/"}]}},"_links":{"self":[{"href":"https:\/\/noti-america.com\/site\/ecuador\/wp-json\/wp\/v2\/posts\/7380","targetHints":{"allow":["GET"]}}],"collection":[{"href":"https:\/\/noti-america.com\/site\/ecuador\/wp-json\/wp\/v2\/posts"}],"about":[{"href":"https:\/\/noti-america.com\/site\/ecuador\/wp-json\/wp\/v2\/types\/post"}],"author":[{"embeddable":true,"href":"https:\/\/noti-america.com\/site\/ecuador\/wp-json\/wp\/v2\/users\/54"}],"replies":[{"embeddable":true,"href":"https:\/\/noti-america.com\/site\/ecuador\/wp-json\/wp\/v2\/comments?post=7380"}],"version-history":[{"count":1,"href":"https:\/\/noti-america.com\/site\/ecuador\/wp-json\/wp\/v2\/posts\/7380\/revisions"}],"predecessor-version":[{"id":7384,"href":"https:\/\/noti-america.com\/site\/ecuador\/wp-json\/wp\/v2\/posts\/7380\/revisions\/7384"}],"wp:featuredmedia":[{"embeddable":true,"href":"https:\/\/noti-america.com\/site\/ecuador\/wp-json\/wp\/v2\/media\/7383"}],"wp:attachment":[{"href":"https:\/\/noti-america.com\/site\/ecuador\/wp-json\/wp\/v2\/media?parent=7380"}],"wp:term":[{"taxonomy":"category","embeddable":true,"href":"https:\/\/noti-america.com\/site\/ecuador\/wp-json\/wp\/v2\/categories?post=7380"},{"taxonomy":"post_tag","embeddable":true,"href":"https:\/\/noti-america.com\/site\/ecuador\/wp-json\/wp\/v2\/tags?post=7380"}],"curies":[{"name":"wp","href":"https:\/\/api.w.org\/{rel}","templated":true}]}}