{"id":7334,"date":"2020-02-04T02:56:34","date_gmt":"2020-02-04T02:56:34","guid":{"rendered":"http:\/\/noti-america.com\/site\/ecuador\/?p=7334"},"modified":"2020-02-04T02:56:34","modified_gmt":"2020-02-04T02:56:34","slug":"carnaval-sin-fronteras-2020-en-azuay","status":"publish","type":"post","link":"https:\/\/noti-america.com\/site\/ecuador\/2020\/02\/04\/carnaval-sin-fronteras-2020-en-azuay\/","title":{"rendered":"\u201cCarnaval Sin Fronteras 2020\u201d en Azuay"},"content":{"rendered":"<p>REDACCI\u00d3N NOTI AM\u00c9RICA (ECUADOR)<\/p>\n<p style=\"text-align: justify\">Varias actividades art\u00edsticas, culturales y musicales te esperan en el \u201cCarnaval Sin Fronteras 2020\u201d. Los 15 cantones de la provincia de Azuay ofrecen una agenda entretenida con la que se busca rescatar las costumbres y tradiciones que identifican a estos destinos del Ecuador.<\/p>\n<p><img decoding=\"async\" src=\"https:\/\/www.turismo.gob.ec\/wp-content\/uploads\/2020\/02\/%C3%ADndice.jpg\" \/><\/p>\n<p style=\"text-align: justify\">Del 21 al 25 de febrero, los carnavaleros disfrutar\u00e1n de varias actividades vinculadas a las tradiciones milenarias del juego de Carnaval como el \u201cJueves de Compadres\u201d, en Cuenca;\u00a0 el \u201cCarnaval del R\u00edo Paute\u201d, en Paute; el \u201cCarnaval de la Candonga\u201d, en Chordeleg; el \u201cCarnaval de las Playas del Zhingate\u201d, en Sigsig; y\u00a0 el \u201cCarnaval del R\u00edo Santa B\u00e1rbara\u201d, en Guacaleo.<\/p>\n<p style=\"text-align: justify\">Mar\u00eda Eulalia Mora, coordinadora zonal 6 del Ministerio de Turismo, recalc\u00f3 que a m\u00e1s de los carnavales definidos en los cantones, existen otras alternativas como: los complejos de aguas termales, cascadas, piscinas y r\u00edos, espacios accesibles que reactivan la econom\u00eda y turismo del Azuay.<\/p>\n<div class=\"pull-right col-md-5 \" style=\"text-align: justify\">\n<blockquote><p><em>Del 21 al 25 de febrero, los carnavaleros disfrutar\u00e1n de varias actividades vinculadas a las tradiciones milenarias del juego de carnaval.<\/em><\/p><\/blockquote>\n<\/div>\n<p style=\"text-align: justify\">Por su parte, el gobernador de Azuay, Xavier Mart\u00ednez, anunci\u00f3 que este a\u00f1o Cuenca tendr\u00e1 un gran show musical para celebrar esta colorida tradici\u00f3n, con la presentaci\u00f3n exclusiva de la renombrada orquesta \u201cSonora Dinamita\u201d, completamente gratis el 21 de febrero.<\/p>\n<p style=\"text-align: justify\">En todos los cantones de Azuay se disfrutar\u00e1 de presentaciones musicales con artistas como: Don Medardo y sus Players, AUDI, Los Jayac, Los Iracundos, Adolescentes, Punto Blanco, Jhonatan Luna, Orquesta Caf\u00e9 Colao, Grupo Tres Dedos, Los Gigantes del Vallenato, Orquesta Tumba Tres y la esperada presentaci\u00f3n de Sebasti\u00e1n Yatra, en el cant\u00f3n Paute.<\/p>\n<p style=\"text-align: justify\">Patricio Maldonado, presidente de la Asociaci\u00f3n de Municipalidades Ecuatorianas, recalc\u00f3 que el \u201cCarnaval Sin Fronteras 2020\u201d fortalecer\u00e1 la uni\u00f3n en la provincia. Adem\u00e1s, se\u00f1a\u00f1l\u00f3 que la actividad se replicar\u00e1 en Ca\u00f1ar y Morona Santiago, que contar\u00e1 con agendas propias y costumbres que los identifican.<\/p>\n<p style=\"text-align: justify\">La agenda \u201cCarnaval Sin Fronteras 2020\u201d estar\u00e1 influenciada como Padrino Honor\u00edficos, los reconocidos periodistas Iv\u00e1n Rodr\u00edguez de Radio La Voz del Tomebamba y corresponsal de Teleamazonas, Guerman Piedra, periodista y presentador en Radio S\u00faper 9.49 Fm, y Karina Coronel periodista y presentadora de Unsi\u00f3n TV.<\/p>\n<p style=\"text-align: justify\">Los carnavales en la regi\u00f3n andina se caracterizan por las fiestas alegres y coloridas con personajes ancestrales, bailes folcl\u00f3ricos, bandas de pueblo, espuma, confeti y harina. Adem\u00e1s, son una estupenda oportunidad para saborear la gastronom\u00eda t\u00edpica, disfrutar de shows art\u00edsticos y encuentros en casas familiares.<\/p>\n<p style=\"text-align: justify\">Te invitamos a disfrutar de esta actividad, resultado del trabajo interinstitucional entre Asociaci\u00f3n de Municipalidades Ecuatorianas, Ministerio de Turismo del Ecuador y la Gobernaci\u00f3n del Azuay.<\/p>\n<p style=\"text-align: justify\">Revisa la agenda de actividades completa:\u00a0<a href=\"https:\/\/www.turismo.gob.ec\/wp-content\/uploads\/2020\/02\/carnaval-2020-azuay-out.pdf\">\u201cCarnaval Sin Fronteras 2020\u201d<\/a><\/p>\n","protected":false},"excerpt":{"rendered":"<p>REDACCI\u00d3N NOTI AM\u00c9RICA (ECUADOR) Varias actividades art\u00edsticas, culturales y musicales te esperan en el \u201cCarnaval Sin Fronteras 2020\u201d. Los 15 cantones de la provincia de Azuay ofrecen una agenda entretenida con la que se&#46;&#46;&#46;<\/p>\n","protected":false},"author":17,"featured_media":7335,"comment_status":"open","ping_status":"open","sticky":false,"template":"","format":"standard","meta":{"_acf_changed":false,"om_disable_all_campaigns":false,"rop_custom_images_group":[],"rop_custom_messages_group":[],"rop_publish_now":"initial","rop_publish_now_accounts":{"twitter_242054905_242054905":""},"rop_publish_now_history":[],"rop_publish_now_status":"pending","_uf_show_specific_survey":0,"_uf_disable_surveys":false,"footnotes":""},"categories":[36],"tags":[],"class_list":["post-7334","post","type-post","status-publish","format-standard","has-post-thumbnail","hentry","category-turismo"],"acf":[],"aioseo_notices":[],"yoast_head":"<!-- This site is optimized with the Yoast SEO Premium plugin v24.9 (Yoast SEO v27.2) - https:\/\/yoast.com\/product\/yoast-seo-premium-wordpress\/ -->\n<title>\u201cCarnaval Sin Fronteras 2020\u201d en Azuay - Ecuador | Noti-America.com<\/title>\n<meta name=\"robots\" content=\"index, follow, max-snippet:-1, max-image-preview:large, max-video-preview:-1\" \/>\n<link rel=\"canonical\" href=\"https:\/\/noti-america.com\/site\/ecuador\/2020\/02\/04\/carnaval-sin-fronteras-2020-en-azuay\/\" \/>\n<meta property=\"og:locale\" content=\"es_ES\" \/>\n<meta property=\"og:type\" content=\"article\" \/>\n<meta property=\"og:title\" content=\"\u201cCarnaval Sin Fronteras 2020\u201d en Azuay\" \/>\n<meta property=\"og:description\" content=\"REDACCI\u00d3N NOTI AM\u00c9RICA (ECUADOR) Varias actividades art\u00edsticas, culturales y musicales te esperan en el \u201cCarnaval Sin Fronteras 2020\u201d. Los 15 cantones de la provincia de Azuay ofrecen una agenda entretenida con la que se&#046;&#046;&#046;\" \/>\n<meta property=\"og:url\" content=\"https:\/\/noti-america.com\/site\/ecuador\/2020\/02\/04\/carnaval-sin-fronteras-2020-en-azuay\/\" \/>\n<meta property=\"og:site_name\" content=\"Ecuador | Noti-America.com\" \/>\n<meta property=\"article:published_time\" content=\"2020-02-04T02:56:34+00:00\" \/>\n<meta property=\"og:image\" content=\"https:\/\/noti-america.com\/site\/ecuador\/wp-content\/uploads\/sites\/18\/2020\/02\/Carnaval-sin-fronteras-2020-en-Azuay.jpg\" \/>\n\t<meta property=\"og:image:width\" content=\"900\" \/>\n\t<meta property=\"og:image:height\" content=\"500\" \/>\n\t<meta property=\"og:image:type\" content=\"image\/jpeg\" \/>\n<meta name=\"author\" content=\"Gregory Quintana Montiel\" \/>\n<meta name=\"twitter:card\" content=\"summary_large_image\" \/>\n<meta name=\"twitter:creator\" content=\"@gdgregori1\" \/>\n<meta name=\"twitter:site\" content=\"@notiamerica\" \/>\n<meta name=\"twitter:label1\" content=\"Escrito por\" \/>\n\t<meta name=\"twitter:data1\" content=\"Gregory Quintana Montiel\" \/>\n\t<meta name=\"twitter:label2\" content=\"Tiempo estimado de lectura\" \/>\n\t<meta name=\"twitter:data2\" content=\"2 minutos\" \/>\n<script type=\"application\/ld+json\" class=\"yoast-schema-graph\">{\"@context\":\"https:\/\/schema.org\",\"@graph\":[{\"@type\":\"Article\",\"@id\":\"https:\/\/noti-america.com\/site\/ecuador\/2020\/02\/04\/carnaval-sin-fronteras-2020-en-azuay\/#article\",\"isPartOf\":{\"@id\":\"https:\/\/noti-america.com\/site\/ecuador\/2020\/02\/04\/carnaval-sin-fronteras-2020-en-azuay\/\"},\"author\":{\"name\":\"Gregory Quintana Montiel\",\"@id\":\"https:\/\/noti-america.com\/site\/ecuador\/#\/schema\/person\/3b975e42f15abfe64bfe3abdd916efda\"},\"headline\":\"\u201cCarnaval Sin Fronteras 2020\u201d en Azuay\",\"datePublished\":\"2020-02-04T02:56:34+00:00\",\"mainEntityOfPage\":{\"@id\":\"https:\/\/noti-america.com\/site\/ecuador\/2020\/02\/04\/carnaval-sin-fronteras-2020-en-azuay\/\"},\"wordCount\":466,\"commentCount\":0,\"publisher\":{\"@id\":\"https:\/\/noti-america.com\/site\/ecuador\/#organization\"},\"image\":{\"@id\":\"https:\/\/noti-america.com\/site\/ecuador\/2020\/02\/04\/carnaval-sin-fronteras-2020-en-azuay\/#primaryimage\"},\"thumbnailUrl\":\"https:\/\/noti-america.com\/site\/ecuador\/wp-content\/uploads\/sites\/18\/2020\/02\/Carnaval-sin-fronteras-2020-en-Azuay.jpg\",\"articleSection\":[\"Turismo\"],\"inLanguage\":\"es\",\"potentialAction\":[{\"@type\":\"CommentAction\",\"name\":\"Comment\",\"target\":[\"https:\/\/noti-america.com\/site\/ecuador\/2020\/02\/04\/carnaval-sin-fronteras-2020-en-azuay\/#respond\"]}]},{\"@type\":\"WebPage\",\"@id\":\"https:\/\/noti-america.com\/site\/ecuador\/2020\/02\/04\/carnaval-sin-fronteras-2020-en-azuay\/\",\"url\":\"https:\/\/noti-america.com\/site\/ecuador\/2020\/02\/04\/carnaval-sin-fronteras-2020-en-azuay\/\",\"name\":\"\u201cCarnaval Sin Fronteras 2020\u201d en Azuay - Ecuador | Noti-America.com\",\"isPartOf\":{\"@id\":\"https:\/\/noti-america.com\/site\/ecuador\/#website\"},\"primaryImageOfPage\":{\"@id\":\"https:\/\/noti-america.com\/site\/ecuador\/2020\/02\/04\/carnaval-sin-fronteras-2020-en-azuay\/#primaryimage\"},\"image\":{\"@id\":\"https:\/\/noti-america.com\/site\/ecuador\/2020\/02\/04\/carnaval-sin-fronteras-2020-en-azuay\/#primaryimage\"},\"thumbnailUrl\":\"https:\/\/noti-america.com\/site\/ecuador\/wp-content\/uploads\/sites\/18\/2020\/02\/Carnaval-sin-fronteras-2020-en-Azuay.jpg\",\"datePublished\":\"2020-02-04T02:56:34+00:00\",\"breadcrumb\":{\"@id\":\"https:\/\/noti-america.com\/site\/ecuador\/2020\/02\/04\/carnaval-sin-fronteras-2020-en-azuay\/#breadcrumb\"},\"inLanguage\":\"es\",\"potentialAction\":[{\"@type\":\"ReadAction\",\"target\":[\"https:\/\/noti-america.com\/site\/ecuador\/2020\/02\/04\/carnaval-sin-fronteras-2020-en-azuay\/\"]}]},{\"@type\":\"ImageObject\",\"inLanguage\":\"es\",\"@id\":\"https:\/\/noti-america.com\/site\/ecuador\/2020\/02\/04\/carnaval-sin-fronteras-2020-en-azuay\/#primaryimage\",\"url\":\"https:\/\/noti-america.com\/site\/ecuador\/wp-content\/uploads\/sites\/18\/2020\/02\/Carnaval-sin-fronteras-2020-en-Azuay.jpg\",\"contentUrl\":\"https:\/\/noti-america.com\/site\/ecuador\/wp-content\/uploads\/sites\/18\/2020\/02\/Carnaval-sin-fronteras-2020-en-Azuay.jpg\",\"width\":900,\"height\":500},{\"@type\":\"BreadcrumbList\",\"@id\":\"https:\/\/noti-america.com\/site\/ecuador\/2020\/02\/04\/carnaval-sin-fronteras-2020-en-azuay\/#breadcrumb\",\"itemListElement\":[{\"@type\":\"ListItem\",\"position\":1,\"name\":\"Portada\",\"item\":\"https:\/\/noti-america.com\/site\/ecuador\/\"},{\"@type\":\"ListItem\",\"position\":2,\"name\":\"\u201cCarnaval Sin Fronteras 2020\u201d en Azuay\"}]},{\"@type\":\"WebSite\",\"@id\":\"https:\/\/noti-america.com\/site\/ecuador\/#website\",\"url\":\"https:\/\/noti-america.com\/site\/ecuador\/\",\"name\":\"Ecuador | Noti-America.com\",\"description\":\"\",\"publisher\":{\"@id\":\"https:\/\/noti-america.com\/site\/ecuador\/#organization\"},\"potentialAction\":[{\"@type\":\"SearchAction\",\"target\":{\"@type\":\"EntryPoint\",\"urlTemplate\":\"https:\/\/noti-america.com\/site\/ecuador\/?s={search_term_string}\"},\"query-input\":{\"@type\":\"PropertyValueSpecification\",\"valueRequired\":true,\"valueName\":\"search_term_string\"}}],\"inLanguage\":\"es\"},{\"@type\":\"Organization\",\"@id\":\"https:\/\/noti-america.com\/site\/ecuador\/#organization\",\"name\":\"Noti-America LLC | Ecuador\",\"url\":\"https:\/\/noti-america.com\/site\/ecuador\/\",\"logo\":{\"@type\":\"ImageObject\",\"inLanguage\":\"es\",\"@id\":\"https:\/\/noti-america.com\/site\/ecuador\/#\/schema\/logo\/image\/\",\"url\":\"https:\/\/noti-america.com\/site\/ecuador\/wp-content\/uploads\/sites\/18\/2020\/07\/LogoNA-4x3-1.jpg\",\"contentUrl\":\"https:\/\/noti-america.com\/site\/ecuador\/wp-content\/uploads\/sites\/18\/2020\/07\/LogoNA-4x3-1.jpg\",\"width\":1236,\"height\":1080,\"caption\":\"Noti-America LLC | Ecuador\"},\"image\":{\"@id\":\"https:\/\/noti-america.com\/site\/ecuador\/#\/schema\/logo\/image\/\"},\"sameAs\":[\"https:\/\/x.com\/notiamerica\"]},{\"@type\":\"Person\",\"@id\":\"https:\/\/noti-america.com\/site\/ecuador\/#\/schema\/person\/3b975e42f15abfe64bfe3abdd916efda\",\"name\":\"Gregory Quintana Montiel\",\"image\":{\"@type\":\"ImageObject\",\"inLanguage\":\"es\",\"@id\":\"https:\/\/secure.gravatar.com\/avatar\/2d6b802f7720c2ec7744dcbe608cc2f3417aeb964d58b443c6d612b77531de1d?s=96&d=mm&r=g\",\"url\":\"https:\/\/secure.gravatar.com\/avatar\/2d6b802f7720c2ec7744dcbe608cc2f3417aeb964d58b443c6d612b77531de1d?s=96&d=mm&r=g\",\"contentUrl\":\"https:\/\/secure.gravatar.com\/avatar\/2d6b802f7720c2ec7744dcbe608cc2f3417aeb964d58b443c6d612b77531de1d?s=96&d=mm&r=g\",\"caption\":\"Gregory Quintana Montiel\"},\"description\":\"Licenciatura en Ciencias de la Comunicaci\u00f3n Social, egresado en la Especializaci\u00f3n Derecho Ambiental Desarrollo Sostenible y Sustentable, Miembro de la Comunidad de profesionales y experto para Latinoam\u00e9rica y el Caribe en Gesti\u00f3n por Resultado en el Desarrollo (COPLAC - GpRD) del Banco Interamericano de Desarrollo, experiencia en medios radiales y escritos.\",\"sameAs\":[\"https:\/\/x.com\/gdgregori1\",\"gquintana\"],\"url\":\"https:\/\/noti-america.com\/site\/ecuador\/author\/gquintana\/\"}]}<\/script>\n<!-- \/ Yoast SEO Premium plugin. -->","yoast_head_json":{"title":"\u201cCarnaval Sin Fronteras 2020\u201d en Azuay - Ecuador | Noti-America.com","robots":{"index":"index","follow":"follow","max-snippet":"max-snippet:-1","max-image-preview":"max-image-preview:large","max-video-preview":"max-video-preview:-1"},"canonical":"https:\/\/noti-america.com\/site\/ecuador\/2020\/02\/04\/carnaval-sin-fronteras-2020-en-azuay\/","og_locale":"es_ES","og_type":"article","og_title":"\u201cCarnaval Sin Fronteras 2020\u201d en Azuay","og_description":"REDACCI\u00d3N NOTI AM\u00c9RICA (ECUADOR) Varias actividades art\u00edsticas, culturales y musicales te esperan en el \u201cCarnaval Sin Fronteras 2020\u201d. Los 15 cantones de la provincia de Azuay ofrecen una agenda entretenida con la que se&#46;&#46;&#46;","og_url":"https:\/\/noti-america.com\/site\/ecuador\/2020\/02\/04\/carnaval-sin-fronteras-2020-en-azuay\/","og_site_name":"Ecuador | Noti-America.com","article_published_time":"2020-02-04T02:56:34+00:00","og_image":[{"width":900,"height":500,"url":"https:\/\/noti-america.com\/site\/ecuador\/wp-content\/uploads\/sites\/18\/2020\/02\/Carnaval-sin-fronteras-2020-en-Azuay.jpg","type":"image\/jpeg"}],"author":"Gregory Quintana Montiel","twitter_card":"summary_large_image","twitter_creator":"@gdgregori1","twitter_site":"@notiamerica","twitter_misc":{"Escrito por":"Gregory Quintana Montiel","Tiempo estimado de lectura":"2 minutos"},"schema":{"@context":"https:\/\/schema.org","@graph":[{"@type":"Article","@id":"https:\/\/noti-america.com\/site\/ecuador\/2020\/02\/04\/carnaval-sin-fronteras-2020-en-azuay\/#article","isPartOf":{"@id":"https:\/\/noti-america.com\/site\/ecuador\/2020\/02\/04\/carnaval-sin-fronteras-2020-en-azuay\/"},"author":{"name":"Gregory Quintana Montiel","@id":"https:\/\/noti-america.com\/site\/ecuador\/#\/schema\/person\/3b975e42f15abfe64bfe3abdd916efda"},"headline":"\u201cCarnaval Sin Fronteras 2020\u201d en Azuay","datePublished":"2020-02-04T02:56:34+00:00","mainEntityOfPage":{"@id":"https:\/\/noti-america.com\/site\/ecuador\/2020\/02\/04\/carnaval-sin-fronteras-2020-en-azuay\/"},"wordCount":466,"commentCount":0,"publisher":{"@id":"https:\/\/noti-america.com\/site\/ecuador\/#organization"},"image":{"@id":"https:\/\/noti-america.com\/site\/ecuador\/2020\/02\/04\/carnaval-sin-fronteras-2020-en-azuay\/#primaryimage"},"thumbnailUrl":"https:\/\/noti-america.com\/site\/ecuador\/wp-content\/uploads\/sites\/18\/2020\/02\/Carnaval-sin-fronteras-2020-en-Azuay.jpg","articleSection":["Turismo"],"inLanguage":"es","potentialAction":[{"@type":"CommentAction","name":"Comment","target":["https:\/\/noti-america.com\/site\/ecuador\/2020\/02\/04\/carnaval-sin-fronteras-2020-en-azuay\/#respond"]}]},{"@type":"WebPage","@id":"https:\/\/noti-america.com\/site\/ecuador\/2020\/02\/04\/carnaval-sin-fronteras-2020-en-azuay\/","url":"https:\/\/noti-america.com\/site\/ecuador\/2020\/02\/04\/carnaval-sin-fronteras-2020-en-azuay\/","name":"\u201cCarnaval Sin Fronteras 2020\u201d en Azuay - Ecuador | Noti-America.com","isPartOf":{"@id":"https:\/\/noti-america.com\/site\/ecuador\/#website"},"primaryImageOfPage":{"@id":"https:\/\/noti-america.com\/site\/ecuador\/2020\/02\/04\/carnaval-sin-fronteras-2020-en-azuay\/#primaryimage"},"image":{"@id":"https:\/\/noti-america.com\/site\/ecuador\/2020\/02\/04\/carnaval-sin-fronteras-2020-en-azuay\/#primaryimage"},"thumbnailUrl":"https:\/\/noti-america.com\/site\/ecuador\/wp-content\/uploads\/sites\/18\/2020\/02\/Carnaval-sin-fronteras-2020-en-Azuay.jpg","datePublished":"2020-02-04T02:56:34+00:00","breadcrumb":{"@id":"https:\/\/noti-america.com\/site\/ecuador\/2020\/02\/04\/carnaval-sin-fronteras-2020-en-azuay\/#breadcrumb"},"inLanguage":"es","potentialAction":[{"@type":"ReadAction","target":["https:\/\/noti-america.com\/site\/ecuador\/2020\/02\/04\/carnaval-sin-fronteras-2020-en-azuay\/"]}]},{"@type":"ImageObject","inLanguage":"es","@id":"https:\/\/noti-america.com\/site\/ecuador\/2020\/02\/04\/carnaval-sin-fronteras-2020-en-azuay\/#primaryimage","url":"https:\/\/noti-america.com\/site\/ecuador\/wp-content\/uploads\/sites\/18\/2020\/02\/Carnaval-sin-fronteras-2020-en-Azuay.jpg","contentUrl":"https:\/\/noti-america.com\/site\/ecuador\/wp-content\/uploads\/sites\/18\/2020\/02\/Carnaval-sin-fronteras-2020-en-Azuay.jpg","width":900,"height":500},{"@type":"BreadcrumbList","@id":"https:\/\/noti-america.com\/site\/ecuador\/2020\/02\/04\/carnaval-sin-fronteras-2020-en-azuay\/#breadcrumb","itemListElement":[{"@type":"ListItem","position":1,"name":"Portada","item":"https:\/\/noti-america.com\/site\/ecuador\/"},{"@type":"ListItem","position":2,"name":"\u201cCarnaval Sin Fronteras 2020\u201d en Azuay"}]},{"@type":"WebSite","@id":"https:\/\/noti-america.com\/site\/ecuador\/#website","url":"https:\/\/noti-america.com\/site\/ecuador\/","name":"Ecuador | Noti-America.com","description":"","publisher":{"@id":"https:\/\/noti-america.com\/site\/ecuador\/#organization"},"potentialAction":[{"@type":"SearchAction","target":{"@type":"EntryPoint","urlTemplate":"https:\/\/noti-america.com\/site\/ecuador\/?s={search_term_string}"},"query-input":{"@type":"PropertyValueSpecification","valueRequired":true,"valueName":"search_term_string"}}],"inLanguage":"es"},{"@type":"Organization","@id":"https:\/\/noti-america.com\/site\/ecuador\/#organization","name":"Noti-America LLC | Ecuador","url":"https:\/\/noti-america.com\/site\/ecuador\/","logo":{"@type":"ImageObject","inLanguage":"es","@id":"https:\/\/noti-america.com\/site\/ecuador\/#\/schema\/logo\/image\/","url":"https:\/\/noti-america.com\/site\/ecuador\/wp-content\/uploads\/sites\/18\/2020\/07\/LogoNA-4x3-1.jpg","contentUrl":"https:\/\/noti-america.com\/site\/ecuador\/wp-content\/uploads\/sites\/18\/2020\/07\/LogoNA-4x3-1.jpg","width":1236,"height":1080,"caption":"Noti-America LLC | Ecuador"},"image":{"@id":"https:\/\/noti-america.com\/site\/ecuador\/#\/schema\/logo\/image\/"},"sameAs":["https:\/\/x.com\/notiamerica"]},{"@type":"Person","@id":"https:\/\/noti-america.com\/site\/ecuador\/#\/schema\/person\/3b975e42f15abfe64bfe3abdd916efda","name":"Gregory Quintana Montiel","image":{"@type":"ImageObject","inLanguage":"es","@id":"https:\/\/secure.gravatar.com\/avatar\/2d6b802f7720c2ec7744dcbe608cc2f3417aeb964d58b443c6d612b77531de1d?s=96&d=mm&r=g","url":"https:\/\/secure.gravatar.com\/avatar\/2d6b802f7720c2ec7744dcbe608cc2f3417aeb964d58b443c6d612b77531de1d?s=96&d=mm&r=g","contentUrl":"https:\/\/secure.gravatar.com\/avatar\/2d6b802f7720c2ec7744dcbe608cc2f3417aeb964d58b443c6d612b77531de1d?s=96&d=mm&r=g","caption":"Gregory Quintana Montiel"},"description":"Licenciatura en Ciencias de la Comunicaci\u00f3n Social, egresado en la Especializaci\u00f3n Derecho Ambiental Desarrollo Sostenible y Sustentable, Miembro de la Comunidad de profesionales y experto para Latinoam\u00e9rica y el Caribe en Gesti\u00f3n por Resultado en el Desarrollo (COPLAC - GpRD) del Banco Interamericano de Desarrollo, experiencia en medios radiales y escritos.","sameAs":["https:\/\/x.com\/gdgregori1","gquintana"],"url":"https:\/\/noti-america.com\/site\/ecuador\/author\/gquintana\/"}]}},"_links":{"self":[{"href":"https:\/\/noti-america.com\/site\/ecuador\/wp-json\/wp\/v2\/posts\/7334","targetHints":{"allow":["GET"]}}],"collection":[{"href":"https:\/\/noti-america.com\/site\/ecuador\/wp-json\/wp\/v2\/posts"}],"about":[{"href":"https:\/\/noti-america.com\/site\/ecuador\/wp-json\/wp\/v2\/types\/post"}],"author":[{"embeddable":true,"href":"https:\/\/noti-america.com\/site\/ecuador\/wp-json\/wp\/v2\/users\/17"}],"replies":[{"embeddable":true,"href":"https:\/\/noti-america.com\/site\/ecuador\/wp-json\/wp\/v2\/comments?post=7334"}],"version-history":[{"count":1,"href":"https:\/\/noti-america.com\/site\/ecuador\/wp-json\/wp\/v2\/posts\/7334\/revisions"}],"predecessor-version":[{"id":7336,"href":"https:\/\/noti-america.com\/site\/ecuador\/wp-json\/wp\/v2\/posts\/7334\/revisions\/7336"}],"wp:featuredmedia":[{"embeddable":true,"href":"https:\/\/noti-america.com\/site\/ecuador\/wp-json\/wp\/v2\/media\/7335"}],"wp:attachment":[{"href":"https:\/\/noti-america.com\/site\/ecuador\/wp-json\/wp\/v2\/media?parent=7334"}],"wp:term":[{"taxonomy":"category","embeddable":true,"href":"https:\/\/noti-america.com\/site\/ecuador\/wp-json\/wp\/v2\/categories?post=7334"},{"taxonomy":"post_tag","embeddable":true,"href":"https:\/\/noti-america.com\/site\/ecuador\/wp-json\/wp\/v2\/tags?post=7334"}],"curies":[{"name":"wp","href":"https:\/\/api.w.org\/{rel}","templated":true}]}}