{"id":7142,"date":"2020-01-21T03:35:04","date_gmt":"2020-01-21T03:35:04","guid":{"rendered":"http:\/\/noti-america.com\/site\/ecuador\/?p=7142"},"modified":"2020-01-21T03:35:04","modified_gmt":"2020-01-21T03:35:04","slug":"miercoles-22-de-enero-pleno-resolvera-objecion-al-proyecto-de-reformas-al-codigo-de-la-democracia","status":"publish","type":"post","link":"https:\/\/noti-america.com\/site\/ecuador\/2020\/01\/21\/miercoles-22-de-enero-pleno-resolvera-objecion-al-proyecto-de-reformas-al-codigo-de-la-democracia\/","title":{"rendered":"Mi\u00e9rcoles 22 de enero, Pleno resolver\u00e1 objeci\u00f3n al proyecto de reformas al C\u00f3digo de la Democracia."},"content":{"rendered":"<p>REDACCI\u00d3N NOTI AM\u00c9RICA (ECUADOR)<\/p>\n<p style=\"text-align: justify\">El Presidente de la Asamblea Nacional, convoc\u00f3 a la sesi\u00f3n 652 del Pleno, este mi\u00e9rcoles 22 de enero de 2020, a las 15:30, en la que conocer\u00e1 y resolver\u00e1 el informe no vinculante a la objeci\u00f3n parcial al proyecto de reformas al C\u00f3digo de la Democracia.<\/p>\n<p><img decoding=\"async\" class=\"aligncenter\" src=\"https:\/\/www.asambleanacional.gob.ec\/sites\/default\/files\/styles\/noticias\/public\/field\/imagen\/49345902482_e86bfee2e4_c.jpg?itok=zgjmsX4o\" \/><\/p>\n<p style=\"text-align: justify\">En la continuaci\u00f3n de la sesi\u00f3n 492, de fecha 03 de diciembre de 2019, el Pleno de la Legislatura aprob\u00f3 el texto del proyecto de Ley Org\u00e1nica Reformatoria a la Ley Electoral y de Organizaciones Pol\u00edticas, C\u00f3digo de la Democracia.<\/p>\n<p style=\"text-align: justify\">Acorde a los art\u00edculos 137 de la Constituci\u00f3n y 63 de la Ley Org\u00e1nica de la Funci\u00f3n Legislativa, el 05 de diciembre se remiti\u00f3 la normativa al Ejecutivo. El 03 de enero de 2020 se present\u00f3 la objeci\u00f3n parcial, con 18 observaciones. En las sesiones de fecha 08 y 15 de enero de 2020, la Comisi\u00f3n de Justicia analiz\u00f3 y debati\u00f3 dicha objeci\u00f3n, sugiriendo al Pleno la ratificaci\u00f3n en 10 art\u00edculos aprobados inicialmente y allanarse en los ocho restantes.<\/p>\n<p style=\"text-align: justify\">La normativa, de manera general, le apuesta por la paridad de g\u00e9nero; mayor presencia de los j\u00f3venes y mujeres en la vida pol\u00edtica del pa\u00eds; control del gasto electoral; regulaci\u00f3n del financiamiento de las campa\u00f1as; reemplazo del sistema D\u2019Hont por Webster para la asignaci\u00f3n de esca\u00f1os, como herramienta eficaz para la representaci\u00f3n equitativa y proporcional de las minor\u00edas; incentivos para formar alianzas de candidatos.<\/p>\n<p style=\"text-align: justify\">Tambi\u00e9n se refiere al per\u00edodo de licencia sin sueldo en caso de dignatarios que opten por la reelecci\u00f3n; funciones atribuibles de los delegados del Consejo Nacional Electoral a los delegados en el exterior; n\u00famero m\u00ednimo y m\u00e1ximo de integrantes de las juntas receptoras del voto en el exterior; mantiene firme la existencia y vigencia de las circunscripciones electorales, entre otros puntos.<\/p>\n","protected":false},"excerpt":{"rendered":"<p>REDACCI\u00d3N NOTI AM\u00c9RICA (ECUADOR) El Presidente de la Asamblea Nacional, convoc\u00f3 a la sesi\u00f3n 652 del Pleno, este mi\u00e9rcoles 22 de enero de 2020, a las 15:30, en la que conocer\u00e1 y resolver\u00e1 el&#46;&#46;&#46;<\/p>\n","protected":false},"author":17,"featured_media":7143,"comment_status":"open","ping_status":"open","sticky":false,"template":"","format":"standard","meta":{"_acf_changed":false,"om_disable_all_campaigns":false,"rop_custom_images_group":[],"rop_custom_messages_group":[],"rop_publish_now":"initial","rop_publish_now_accounts":{"twitter_242054905_242054905":""},"rop_publish_now_history":[],"rop_publish_now_status":"pending","_uf_show_specific_survey":0,"_uf_disable_surveys":false,"footnotes":""},"categories":[34],"tags":[],"class_list":["post-7142","post","type-post","status-publish","format-standard","has-post-thumbnail","hentry","category-politica-opinion"],"acf":[],"aioseo_notices":[],"yoast_head":"<!-- This site is optimized with the Yoast SEO Premium plugin v24.9 (Yoast SEO v27.2) - https:\/\/yoast.com\/product\/yoast-seo-premium-wordpress\/ -->\n<title>Mi\u00e9rcoles 22 de enero, Pleno resolver\u00e1 objeci\u00f3n al proyecto de reformas al C\u00f3digo de la Democracia. - Ecuador | Noti-America.com<\/title>\n<meta name=\"robots\" content=\"index, follow, max-snippet:-1, max-image-preview:large, max-video-preview:-1\" \/>\n<link rel=\"canonical\" href=\"https:\/\/noti-america.com\/site\/ecuador\/2020\/01\/21\/miercoles-22-de-enero-pleno-resolvera-objecion-al-proyecto-de-reformas-al-codigo-de-la-democracia\/\" \/>\n<meta property=\"og:locale\" content=\"es_ES\" \/>\n<meta property=\"og:type\" content=\"article\" \/>\n<meta property=\"og:title\" content=\"Mi\u00e9rcoles 22 de enero, Pleno resolver\u00e1 objeci\u00f3n al proyecto de reformas al C\u00f3digo de la Democracia.\" \/>\n<meta property=\"og:description\" content=\"REDACCI\u00d3N NOTI AM\u00c9RICA (ECUADOR) El Presidente de la Asamblea Nacional, convoc\u00f3 a la sesi\u00f3n 652 del Pleno, este mi\u00e9rcoles 22 de enero de 2020, a las 15:30, en la que conocer\u00e1 y resolver\u00e1 el&#046;&#046;&#046;\" \/>\n<meta property=\"og:url\" content=\"https:\/\/noti-america.com\/site\/ecuador\/2020\/01\/21\/miercoles-22-de-enero-pleno-resolvera-objecion-al-proyecto-de-reformas-al-codigo-de-la-democracia\/\" \/>\n<meta property=\"og:site_name\" content=\"Ecuador | Noti-America.com\" \/>\n<meta property=\"article:published_time\" content=\"2020-01-21T03:35:04+00:00\" \/>\n<meta property=\"og:image\" content=\"https:\/\/noti-america.com\/site\/ecuador\/wp-content\/uploads\/sites\/18\/2020\/01\/Pleno-de-la-asamblea-Nacional.jpg\" \/>\n\t<meta property=\"og:image:width\" content=\"420\" \/>\n\t<meta property=\"og:image:height\" content=\"280\" \/>\n\t<meta property=\"og:image:type\" content=\"image\/jpeg\" \/>\n<meta name=\"author\" content=\"Gregory Quintana Montiel\" \/>\n<meta name=\"twitter:card\" content=\"summary_large_image\" \/>\n<meta name=\"twitter:creator\" content=\"@gdgregori1\" \/>\n<meta name=\"twitter:site\" content=\"@notiamerica\" \/>\n<meta name=\"twitter:label1\" content=\"Escrito por\" \/>\n\t<meta name=\"twitter:data1\" content=\"Gregory Quintana Montiel\" \/>\n\t<meta name=\"twitter:label2\" content=\"Tiempo estimado de lectura\" \/>\n\t<meta name=\"twitter:data2\" content=\"2 minutos\" \/>\n<script type=\"application\/ld+json\" class=\"yoast-schema-graph\">{\"@context\":\"https:\/\/schema.org\",\"@graph\":[{\"@type\":\"Article\",\"@id\":\"https:\/\/noti-america.com\/site\/ecuador\/2020\/01\/21\/miercoles-22-de-enero-pleno-resolvera-objecion-al-proyecto-de-reformas-al-codigo-de-la-democracia\/#article\",\"isPartOf\":{\"@id\":\"https:\/\/noti-america.com\/site\/ecuador\/2020\/01\/21\/miercoles-22-de-enero-pleno-resolvera-objecion-al-proyecto-de-reformas-al-codigo-de-la-democracia\/\"},\"author\":{\"name\":\"Gregory Quintana Montiel\",\"@id\":\"https:\/\/noti-america.com\/site\/ecuador\/#\/schema\/person\/3b975e42f15abfe64bfe3abdd916efda\"},\"headline\":\"Mi\u00e9rcoles 22 de enero, Pleno resolver\u00e1 objeci\u00f3n al proyecto de reformas al C\u00f3digo de la Democracia.\",\"datePublished\":\"2020-01-21T03:35:04+00:00\",\"mainEntityOfPage\":{\"@id\":\"https:\/\/noti-america.com\/site\/ecuador\/2020\/01\/21\/miercoles-22-de-enero-pleno-resolvera-objecion-al-proyecto-de-reformas-al-codigo-de-la-democracia\/\"},\"wordCount\":332,\"commentCount\":0,\"publisher\":{\"@id\":\"https:\/\/noti-america.com\/site\/ecuador\/#organization\"},\"image\":{\"@id\":\"https:\/\/noti-america.com\/site\/ecuador\/2020\/01\/21\/miercoles-22-de-enero-pleno-resolvera-objecion-al-proyecto-de-reformas-al-codigo-de-la-democracia\/#primaryimage\"},\"thumbnailUrl\":\"https:\/\/noti-america.com\/site\/ecuador\/wp-content\/uploads\/sites\/18\/2020\/01\/Pleno-de-la-asamblea-Nacional.jpg\",\"articleSection\":[\"Pol\u00edtica\"],\"inLanguage\":\"es\",\"potentialAction\":[{\"@type\":\"CommentAction\",\"name\":\"Comment\",\"target\":[\"https:\/\/noti-america.com\/site\/ecuador\/2020\/01\/21\/miercoles-22-de-enero-pleno-resolvera-objecion-al-proyecto-de-reformas-al-codigo-de-la-democracia\/#respond\"]}]},{\"@type\":\"WebPage\",\"@id\":\"https:\/\/noti-america.com\/site\/ecuador\/2020\/01\/21\/miercoles-22-de-enero-pleno-resolvera-objecion-al-proyecto-de-reformas-al-codigo-de-la-democracia\/\",\"url\":\"https:\/\/noti-america.com\/site\/ecuador\/2020\/01\/21\/miercoles-22-de-enero-pleno-resolvera-objecion-al-proyecto-de-reformas-al-codigo-de-la-democracia\/\",\"name\":\"Mi\u00e9rcoles 22 de enero, Pleno resolver\u00e1 objeci\u00f3n al proyecto de reformas al C\u00f3digo de la Democracia. - Ecuador | Noti-America.com\",\"isPartOf\":{\"@id\":\"https:\/\/noti-america.com\/site\/ecuador\/#website\"},\"primaryImageOfPage\":{\"@id\":\"https:\/\/noti-america.com\/site\/ecuador\/2020\/01\/21\/miercoles-22-de-enero-pleno-resolvera-objecion-al-proyecto-de-reformas-al-codigo-de-la-democracia\/#primaryimage\"},\"image\":{\"@id\":\"https:\/\/noti-america.com\/site\/ecuador\/2020\/01\/21\/miercoles-22-de-enero-pleno-resolvera-objecion-al-proyecto-de-reformas-al-codigo-de-la-democracia\/#primaryimage\"},\"thumbnailUrl\":\"https:\/\/noti-america.com\/site\/ecuador\/wp-content\/uploads\/sites\/18\/2020\/01\/Pleno-de-la-asamblea-Nacional.jpg\",\"datePublished\":\"2020-01-21T03:35:04+00:00\",\"breadcrumb\":{\"@id\":\"https:\/\/noti-america.com\/site\/ecuador\/2020\/01\/21\/miercoles-22-de-enero-pleno-resolvera-objecion-al-proyecto-de-reformas-al-codigo-de-la-democracia\/#breadcrumb\"},\"inLanguage\":\"es\",\"potentialAction\":[{\"@type\":\"ReadAction\",\"target\":[\"https:\/\/noti-america.com\/site\/ecuador\/2020\/01\/21\/miercoles-22-de-enero-pleno-resolvera-objecion-al-proyecto-de-reformas-al-codigo-de-la-democracia\/\"]}]},{\"@type\":\"ImageObject\",\"inLanguage\":\"es\",\"@id\":\"https:\/\/noti-america.com\/site\/ecuador\/2020\/01\/21\/miercoles-22-de-enero-pleno-resolvera-objecion-al-proyecto-de-reformas-al-codigo-de-la-democracia\/#primaryimage\",\"url\":\"https:\/\/noti-america.com\/site\/ecuador\/wp-content\/uploads\/sites\/18\/2020\/01\/Pleno-de-la-asamblea-Nacional.jpg\",\"contentUrl\":\"https:\/\/noti-america.com\/site\/ecuador\/wp-content\/uploads\/sites\/18\/2020\/01\/Pleno-de-la-asamblea-Nacional.jpg\",\"width\":420,\"height\":280},{\"@type\":\"BreadcrumbList\",\"@id\":\"https:\/\/noti-america.com\/site\/ecuador\/2020\/01\/21\/miercoles-22-de-enero-pleno-resolvera-objecion-al-proyecto-de-reformas-al-codigo-de-la-democracia\/#breadcrumb\",\"itemListElement\":[{\"@type\":\"ListItem\",\"position\":1,\"name\":\"Portada\",\"item\":\"https:\/\/noti-america.com\/site\/ecuador\/\"},{\"@type\":\"ListItem\",\"position\":2,\"name\":\"Mi\u00e9rcoles 22 de enero, Pleno resolver\u00e1 objeci\u00f3n al proyecto de reformas al C\u00f3digo de la Democracia.\"}]},{\"@type\":\"WebSite\",\"@id\":\"https:\/\/noti-america.com\/site\/ecuador\/#website\",\"url\":\"https:\/\/noti-america.com\/site\/ecuador\/\",\"name\":\"Ecuador | Noti-America.com\",\"description\":\"\",\"publisher\":{\"@id\":\"https:\/\/noti-america.com\/site\/ecuador\/#organization\"},\"potentialAction\":[{\"@type\":\"SearchAction\",\"target\":{\"@type\":\"EntryPoint\",\"urlTemplate\":\"https:\/\/noti-america.com\/site\/ecuador\/?s={search_term_string}\"},\"query-input\":{\"@type\":\"PropertyValueSpecification\",\"valueRequired\":true,\"valueName\":\"search_term_string\"}}],\"inLanguage\":\"es\"},{\"@type\":\"Organization\",\"@id\":\"https:\/\/noti-america.com\/site\/ecuador\/#organization\",\"name\":\"Noti-America LLC | Ecuador\",\"url\":\"https:\/\/noti-america.com\/site\/ecuador\/\",\"logo\":{\"@type\":\"ImageObject\",\"inLanguage\":\"es\",\"@id\":\"https:\/\/noti-america.com\/site\/ecuador\/#\/schema\/logo\/image\/\",\"url\":\"https:\/\/noti-america.com\/site\/ecuador\/wp-content\/uploads\/sites\/18\/2020\/07\/LogoNA-4x3-1.jpg\",\"contentUrl\":\"https:\/\/noti-america.com\/site\/ecuador\/wp-content\/uploads\/sites\/18\/2020\/07\/LogoNA-4x3-1.jpg\",\"width\":1236,\"height\":1080,\"caption\":\"Noti-America LLC | Ecuador\"},\"image\":{\"@id\":\"https:\/\/noti-america.com\/site\/ecuador\/#\/schema\/logo\/image\/\"},\"sameAs\":[\"https:\/\/x.com\/notiamerica\"]},{\"@type\":\"Person\",\"@id\":\"https:\/\/noti-america.com\/site\/ecuador\/#\/schema\/person\/3b975e42f15abfe64bfe3abdd916efda\",\"name\":\"Gregory Quintana Montiel\",\"image\":{\"@type\":\"ImageObject\",\"inLanguage\":\"es\",\"@id\":\"https:\/\/secure.gravatar.com\/avatar\/2d6b802f7720c2ec7744dcbe608cc2f3417aeb964d58b443c6d612b77531de1d?s=96&d=mm&r=g\",\"url\":\"https:\/\/secure.gravatar.com\/avatar\/2d6b802f7720c2ec7744dcbe608cc2f3417aeb964d58b443c6d612b77531de1d?s=96&d=mm&r=g\",\"contentUrl\":\"https:\/\/secure.gravatar.com\/avatar\/2d6b802f7720c2ec7744dcbe608cc2f3417aeb964d58b443c6d612b77531de1d?s=96&d=mm&r=g\",\"caption\":\"Gregory Quintana Montiel\"},\"description\":\"Licenciatura en Ciencias de la Comunicaci\u00f3n Social, egresado en la Especializaci\u00f3n Derecho Ambiental Desarrollo Sostenible y Sustentable, Miembro de la Comunidad de profesionales y experto para Latinoam\u00e9rica y el Caribe en Gesti\u00f3n por Resultado en el Desarrollo (COPLAC - GpRD) del Banco Interamericano de Desarrollo, experiencia en medios radiales y escritos.\",\"sameAs\":[\"https:\/\/x.com\/gdgregori1\",\"gquintana\"],\"url\":\"https:\/\/noti-america.com\/site\/ecuador\/author\/gquintana\/\"}]}<\/script>\n<!-- \/ Yoast SEO Premium plugin. -->","yoast_head_json":{"title":"Mi\u00e9rcoles 22 de enero, Pleno resolver\u00e1 objeci\u00f3n al proyecto de reformas al C\u00f3digo de la Democracia. - Ecuador | Noti-America.com","robots":{"index":"index","follow":"follow","max-snippet":"max-snippet:-1","max-image-preview":"max-image-preview:large","max-video-preview":"max-video-preview:-1"},"canonical":"https:\/\/noti-america.com\/site\/ecuador\/2020\/01\/21\/miercoles-22-de-enero-pleno-resolvera-objecion-al-proyecto-de-reformas-al-codigo-de-la-democracia\/","og_locale":"es_ES","og_type":"article","og_title":"Mi\u00e9rcoles 22 de enero, Pleno resolver\u00e1 objeci\u00f3n al proyecto de reformas al C\u00f3digo de la Democracia.","og_description":"REDACCI\u00d3N NOTI AM\u00c9RICA (ECUADOR) El Presidente de la Asamblea Nacional, convoc\u00f3 a la sesi\u00f3n 652 del Pleno, este mi\u00e9rcoles 22 de enero de 2020, a las 15:30, en la que conocer\u00e1 y resolver\u00e1 el&#46;&#46;&#46;","og_url":"https:\/\/noti-america.com\/site\/ecuador\/2020\/01\/21\/miercoles-22-de-enero-pleno-resolvera-objecion-al-proyecto-de-reformas-al-codigo-de-la-democracia\/","og_site_name":"Ecuador | Noti-America.com","article_published_time":"2020-01-21T03:35:04+00:00","og_image":[{"width":420,"height":280,"url":"https:\/\/noti-america.com\/site\/ecuador\/wp-content\/uploads\/sites\/18\/2020\/01\/Pleno-de-la-asamblea-Nacional.jpg","type":"image\/jpeg"}],"author":"Gregory Quintana Montiel","twitter_card":"summary_large_image","twitter_creator":"@gdgregori1","twitter_site":"@notiamerica","twitter_misc":{"Escrito por":"Gregory Quintana Montiel","Tiempo estimado de lectura":"2 minutos"},"schema":{"@context":"https:\/\/schema.org","@graph":[{"@type":"Article","@id":"https:\/\/noti-america.com\/site\/ecuador\/2020\/01\/21\/miercoles-22-de-enero-pleno-resolvera-objecion-al-proyecto-de-reformas-al-codigo-de-la-democracia\/#article","isPartOf":{"@id":"https:\/\/noti-america.com\/site\/ecuador\/2020\/01\/21\/miercoles-22-de-enero-pleno-resolvera-objecion-al-proyecto-de-reformas-al-codigo-de-la-democracia\/"},"author":{"name":"Gregory Quintana Montiel","@id":"https:\/\/noti-america.com\/site\/ecuador\/#\/schema\/person\/3b975e42f15abfe64bfe3abdd916efda"},"headline":"Mi\u00e9rcoles 22 de enero, Pleno resolver\u00e1 objeci\u00f3n al proyecto de reformas al C\u00f3digo de la Democracia.","datePublished":"2020-01-21T03:35:04+00:00","mainEntityOfPage":{"@id":"https:\/\/noti-america.com\/site\/ecuador\/2020\/01\/21\/miercoles-22-de-enero-pleno-resolvera-objecion-al-proyecto-de-reformas-al-codigo-de-la-democracia\/"},"wordCount":332,"commentCount":0,"publisher":{"@id":"https:\/\/noti-america.com\/site\/ecuador\/#organization"},"image":{"@id":"https:\/\/noti-america.com\/site\/ecuador\/2020\/01\/21\/miercoles-22-de-enero-pleno-resolvera-objecion-al-proyecto-de-reformas-al-codigo-de-la-democracia\/#primaryimage"},"thumbnailUrl":"https:\/\/noti-america.com\/site\/ecuador\/wp-content\/uploads\/sites\/18\/2020\/01\/Pleno-de-la-asamblea-Nacional.jpg","articleSection":["Pol\u00edtica"],"inLanguage":"es","potentialAction":[{"@type":"CommentAction","name":"Comment","target":["https:\/\/noti-america.com\/site\/ecuador\/2020\/01\/21\/miercoles-22-de-enero-pleno-resolvera-objecion-al-proyecto-de-reformas-al-codigo-de-la-democracia\/#respond"]}]},{"@type":"WebPage","@id":"https:\/\/noti-america.com\/site\/ecuador\/2020\/01\/21\/miercoles-22-de-enero-pleno-resolvera-objecion-al-proyecto-de-reformas-al-codigo-de-la-democracia\/","url":"https:\/\/noti-america.com\/site\/ecuador\/2020\/01\/21\/miercoles-22-de-enero-pleno-resolvera-objecion-al-proyecto-de-reformas-al-codigo-de-la-democracia\/","name":"Mi\u00e9rcoles 22 de enero, Pleno resolver\u00e1 objeci\u00f3n al proyecto de reformas al C\u00f3digo de la Democracia. - Ecuador | Noti-America.com","isPartOf":{"@id":"https:\/\/noti-america.com\/site\/ecuador\/#website"},"primaryImageOfPage":{"@id":"https:\/\/noti-america.com\/site\/ecuador\/2020\/01\/21\/miercoles-22-de-enero-pleno-resolvera-objecion-al-proyecto-de-reformas-al-codigo-de-la-democracia\/#primaryimage"},"image":{"@id":"https:\/\/noti-america.com\/site\/ecuador\/2020\/01\/21\/miercoles-22-de-enero-pleno-resolvera-objecion-al-proyecto-de-reformas-al-codigo-de-la-democracia\/#primaryimage"},"thumbnailUrl":"https:\/\/noti-america.com\/site\/ecuador\/wp-content\/uploads\/sites\/18\/2020\/01\/Pleno-de-la-asamblea-Nacional.jpg","datePublished":"2020-01-21T03:35:04+00:00","breadcrumb":{"@id":"https:\/\/noti-america.com\/site\/ecuador\/2020\/01\/21\/miercoles-22-de-enero-pleno-resolvera-objecion-al-proyecto-de-reformas-al-codigo-de-la-democracia\/#breadcrumb"},"inLanguage":"es","potentialAction":[{"@type":"ReadAction","target":["https:\/\/noti-america.com\/site\/ecuador\/2020\/01\/21\/miercoles-22-de-enero-pleno-resolvera-objecion-al-proyecto-de-reformas-al-codigo-de-la-democracia\/"]}]},{"@type":"ImageObject","inLanguage":"es","@id":"https:\/\/noti-america.com\/site\/ecuador\/2020\/01\/21\/miercoles-22-de-enero-pleno-resolvera-objecion-al-proyecto-de-reformas-al-codigo-de-la-democracia\/#primaryimage","url":"https:\/\/noti-america.com\/site\/ecuador\/wp-content\/uploads\/sites\/18\/2020\/01\/Pleno-de-la-asamblea-Nacional.jpg","contentUrl":"https:\/\/noti-america.com\/site\/ecuador\/wp-content\/uploads\/sites\/18\/2020\/01\/Pleno-de-la-asamblea-Nacional.jpg","width":420,"height":280},{"@type":"BreadcrumbList","@id":"https:\/\/noti-america.com\/site\/ecuador\/2020\/01\/21\/miercoles-22-de-enero-pleno-resolvera-objecion-al-proyecto-de-reformas-al-codigo-de-la-democracia\/#breadcrumb","itemListElement":[{"@type":"ListItem","position":1,"name":"Portada","item":"https:\/\/noti-america.com\/site\/ecuador\/"},{"@type":"ListItem","position":2,"name":"Mi\u00e9rcoles 22 de enero, Pleno resolver\u00e1 objeci\u00f3n al proyecto de reformas al C\u00f3digo de la Democracia."}]},{"@type":"WebSite","@id":"https:\/\/noti-america.com\/site\/ecuador\/#website","url":"https:\/\/noti-america.com\/site\/ecuador\/","name":"Ecuador | Noti-America.com","description":"","publisher":{"@id":"https:\/\/noti-america.com\/site\/ecuador\/#organization"},"potentialAction":[{"@type":"SearchAction","target":{"@type":"EntryPoint","urlTemplate":"https:\/\/noti-america.com\/site\/ecuador\/?s={search_term_string}"},"query-input":{"@type":"PropertyValueSpecification","valueRequired":true,"valueName":"search_term_string"}}],"inLanguage":"es"},{"@type":"Organization","@id":"https:\/\/noti-america.com\/site\/ecuador\/#organization","name":"Noti-America LLC | Ecuador","url":"https:\/\/noti-america.com\/site\/ecuador\/","logo":{"@type":"ImageObject","inLanguage":"es","@id":"https:\/\/noti-america.com\/site\/ecuador\/#\/schema\/logo\/image\/","url":"https:\/\/noti-america.com\/site\/ecuador\/wp-content\/uploads\/sites\/18\/2020\/07\/LogoNA-4x3-1.jpg","contentUrl":"https:\/\/noti-america.com\/site\/ecuador\/wp-content\/uploads\/sites\/18\/2020\/07\/LogoNA-4x3-1.jpg","width":1236,"height":1080,"caption":"Noti-America LLC | Ecuador"},"image":{"@id":"https:\/\/noti-america.com\/site\/ecuador\/#\/schema\/logo\/image\/"},"sameAs":["https:\/\/x.com\/notiamerica"]},{"@type":"Person","@id":"https:\/\/noti-america.com\/site\/ecuador\/#\/schema\/person\/3b975e42f15abfe64bfe3abdd916efda","name":"Gregory Quintana Montiel","image":{"@type":"ImageObject","inLanguage":"es","@id":"https:\/\/secure.gravatar.com\/avatar\/2d6b802f7720c2ec7744dcbe608cc2f3417aeb964d58b443c6d612b77531de1d?s=96&d=mm&r=g","url":"https:\/\/secure.gravatar.com\/avatar\/2d6b802f7720c2ec7744dcbe608cc2f3417aeb964d58b443c6d612b77531de1d?s=96&d=mm&r=g","contentUrl":"https:\/\/secure.gravatar.com\/avatar\/2d6b802f7720c2ec7744dcbe608cc2f3417aeb964d58b443c6d612b77531de1d?s=96&d=mm&r=g","caption":"Gregory Quintana Montiel"},"description":"Licenciatura en Ciencias de la Comunicaci\u00f3n Social, egresado en la Especializaci\u00f3n Derecho Ambiental Desarrollo Sostenible y Sustentable, Miembro de la Comunidad de profesionales y experto para Latinoam\u00e9rica y el Caribe en Gesti\u00f3n por Resultado en el Desarrollo (COPLAC - GpRD) del Banco Interamericano de Desarrollo, experiencia en medios radiales y escritos.","sameAs":["https:\/\/x.com\/gdgregori1","gquintana"],"url":"https:\/\/noti-america.com\/site\/ecuador\/author\/gquintana\/"}]}},"_links":{"self":[{"href":"https:\/\/noti-america.com\/site\/ecuador\/wp-json\/wp\/v2\/posts\/7142","targetHints":{"allow":["GET"]}}],"collection":[{"href":"https:\/\/noti-america.com\/site\/ecuador\/wp-json\/wp\/v2\/posts"}],"about":[{"href":"https:\/\/noti-america.com\/site\/ecuador\/wp-json\/wp\/v2\/types\/post"}],"author":[{"embeddable":true,"href":"https:\/\/noti-america.com\/site\/ecuador\/wp-json\/wp\/v2\/users\/17"}],"replies":[{"embeddable":true,"href":"https:\/\/noti-america.com\/site\/ecuador\/wp-json\/wp\/v2\/comments?post=7142"}],"version-history":[{"count":1,"href":"https:\/\/noti-america.com\/site\/ecuador\/wp-json\/wp\/v2\/posts\/7142\/revisions"}],"predecessor-version":[{"id":7144,"href":"https:\/\/noti-america.com\/site\/ecuador\/wp-json\/wp\/v2\/posts\/7142\/revisions\/7144"}],"wp:featuredmedia":[{"embeddable":true,"href":"https:\/\/noti-america.com\/site\/ecuador\/wp-json\/wp\/v2\/media\/7143"}],"wp:attachment":[{"href":"https:\/\/noti-america.com\/site\/ecuador\/wp-json\/wp\/v2\/media?parent=7142"}],"wp:term":[{"taxonomy":"category","embeddable":true,"href":"https:\/\/noti-america.com\/site\/ecuador\/wp-json\/wp\/v2\/categories?post=7142"},{"taxonomy":"post_tag","embeddable":true,"href":"https:\/\/noti-america.com\/site\/ecuador\/wp-json\/wp\/v2\/tags?post=7142"}],"curies":[{"name":"wp","href":"https:\/\/api.w.org\/{rel}","templated":true}]}}