{"id":7115,"date":"2020-01-17T22:16:49","date_gmt":"2020-01-17T22:16:49","guid":{"rendered":"http:\/\/noti-america.com\/site\/ecuador\/?p=7115"},"modified":"2020-01-17T22:16:49","modified_gmt":"2020-01-17T22:16:49","slug":"deudores-de-buena-fe-exigen-respuesta-de-la-super-de-bancos","status":"publish","type":"post","link":"https:\/\/noti-america.com\/site\/ecuador\/2020\/01\/17\/deudores-de-buena-fe-exigen-respuesta-de-la-super-de-bancos\/","title":{"rendered":"\u2018Deudores de Buena Fe\u2019 exigen respuesta de la Super de Bancos"},"content":{"rendered":"<p style=\"text-align: justify\"><strong>REDACCI\u00d3N NOTIAM\u00c9RICA (ECUADOR)<\/strong><\/p>\n<div id=\"attachment_7117\" style=\"width: 741px\" class=\"wp-caption aligncenter\"><img loading=\"lazy\" decoding=\"async\" aria-describedby=\"caption-attachment-7117\" class=\" wp-image-7117\" src=\"http:\/\/noti-america.com\/site\/ecuador\/wp-content\/uploads\/sites\/18\/2020\/01\/Deudores_de_Buena_Fe-300x225.jpg\" alt=\"\" width=\"731\" height=\"548\" srcset=\"https:\/\/noti-america.com\/site\/ecuador\/wp-content\/uploads\/sites\/18\/2020\/01\/Deudores_de_Buena_Fe-300x225.jpg 300w, https:\/\/noti-america.com\/site\/ecuador\/wp-content\/uploads\/sites\/18\/2020\/01\/Deudores_de_Buena_Fe-768x576.jpg 768w, https:\/\/noti-america.com\/site\/ecuador\/wp-content\/uploads\/sites\/18\/2020\/01\/Deudores_de_Buena_Fe-1024x768.jpg 1024w, https:\/\/noti-america.com\/site\/ecuador\/wp-content\/uploads\/sites\/18\/2020\/01\/Deudores_de_Buena_Fe.jpg 1280w\" sizes=\"auto, (max-width: 731px) 100vw, 731px\" \/><p id=\"caption-attachment-7117\" class=\"wp-caption-text\"><strong>Durante varias horas se mantuvieron en los bajos de la Superintendencia de Bancos.<\/strong><\/p><\/div>\n<p style=\"text-align: justify\">Representantes de la Asociaci\u00f3n \u2018Deudores de Buena Fe del Ecuador\u2019 protagonizaron un plant\u00f3n en las afueras de la Superintendencia de Bancos (SB), ubicada en el centro de Guayaquil.<\/p>\n<p style=\"text-align: justify\">La concentraci\u00f3n se la efectu\u00f3, el pasado 15 de enero, en forma de protesta para exigir, entre otras cosas, repuesta a la SB ante las graves denuncias de irregularidades en las Instituciones Financieras P\u00fablicas como son: la Corporaci\u00f3n Financiera Nacional (CFN), Banco Central, el Ex Banco del Fomento y Recycob, as\u00ed lo comunic\u00f3 la presidenta de la agrupaci\u00f3n, Cecilia Bossano.<\/p>\n<p style=\"text-align: justify\">\u201cExisten funcionarios de entidades p\u00fablicas financieras que, abusando de su poder y violentando la Ley, han perjudicado a deudores de la banca cerrada cobrando arriendos por bienes embargados, remates fraudulentos y dem\u00e1s cobros indebidos\u201d, enfatiz\u00f3.<\/p>\n<p style=\"text-align: justify\">Bossano indic\u00f3 que, hace tres meses presentaron las \u00faltimas denuncias a dicha entidad sin que se haya emitido respuesta alguna.<\/p>\n<p style=\"text-align: justify\">\u201cNo hemos recibido ning\u00fan pronunciamiento por parte de la Super de Bancos hasta la fecha, lo \u00fanico que hemos percibido es un silencio administrativo total\u201d, asegur\u00f3.<\/p>\n<p style=\"text-align: justify\">Hugo Oberti, otro de los perjudicados, se\u00f1al\u00f3 que no van a renunciar a esta lucha en la que ya llevan algo m\u00e1s de siete a\u00f1os.<\/p>\n<p style=\"text-align: justify\">\u201cNosotros no estamos aqu\u00ed por nuestros casos personales solamente, sino por nuestro pa\u00eds, por lo que est\u00e1 sucediendo en nuestro pa\u00eds con el tema de los abusos de mucha gente y que la ciudadan\u00eda presa de todo eso\u201d, dijo.<\/p>\n<div id=\"attachment_7116\" style=\"width: 563px\" class=\"wp-caption alignleft\"><img loading=\"lazy\" decoding=\"async\" aria-describedby=\"caption-attachment-7116\" class=\" wp-image-7116\" src=\"http:\/\/noti-america.com\/site\/ecuador\/wp-content\/uploads\/sites\/18\/2020\/01\/Deudores_de_Buena_Fe3-300x225.jpg\" alt=\"\" width=\"553\" height=\"415\" srcset=\"https:\/\/noti-america.com\/site\/ecuador\/wp-content\/uploads\/sites\/18\/2020\/01\/Deudores_de_Buena_Fe3-300x225.jpg 300w, https:\/\/noti-america.com\/site\/ecuador\/wp-content\/uploads\/sites\/18\/2020\/01\/Deudores_de_Buena_Fe3-768x576.jpg 768w, https:\/\/noti-america.com\/site\/ecuador\/wp-content\/uploads\/sites\/18\/2020\/01\/Deudores_de_Buena_Fe3-1024x768.jpg 1024w, https:\/\/noti-america.com\/site\/ecuador\/wp-content\/uploads\/sites\/18\/2020\/01\/Deudores_de_Buena_Fe3.jpg 1280w\" sizes=\"auto, (max-width: 553px) 100vw, 553px\" \/><p id=\"caption-attachment-7116\" class=\"wp-caption-text\"><strong>Lograron reunirse, a puesta cerrada, con el Intendente Regional Guayaquil de la Superintendencia de Bancos, a quien le presentaron toda la documentaci\u00f3n pertinente.<\/strong><\/p><\/div>\n<p style=\"text-align: justify\"><strong>Intendente los atendi\u00f3<\/strong><\/p>\n<p style=\"text-align: justify\">Luego de varias horas de protesta, los principales de la asociaci\u00f3n fueron invitados a pasar para mantener una reuni\u00f3n, a puerta cerrada, con el intendente de la regional Guayaquil de la SP, Erick Caro.<\/p>\n<p style=\"text-align: justify\">Caro expuso que se est\u00e1n revisando los casos, que deben ser debidamente documentados y prometi\u00f3 mantener una comunicaci\u00f3n permanente, para encontrar el resultado buscado por los afectados, que es tener justicia.<\/p>\n<p style=\"text-align: justify\">Fue lo que expresaron, al salir de las instalaciones de la Super de Bancos, los representantes de los Deudores de Buena Fe, quienes mantuvieron una conversaci\u00f3n de casi dos horas con el Intendente Regional de esa entidad.<\/p>\n<p style=\"text-align: justify\">\u201cNosotros le presentamos los casos documentados, claros donde no se est\u00e1 pretendiendo hacer nada que no est\u00e9 dentro del marco de la Ley y \u00e9l se comprometi\u00f3 a hablar con Quito, para agilitar estos casos y darnos una respuesta lo m\u00e1s pronto posible de nuestros requerimientos\u201d, explic\u00f3 Hugo Oberti.<\/p>\n<p><img loading=\"lazy\" decoding=\"async\" class=\" wp-image-7118 alignright\" src=\"http:\/\/noti-america.com\/site\/ecuador\/wp-content\/uploads\/sites\/18\/2020\/01\/Deudores_de_Buena_Fe1-300x225.jpg\" alt=\"\" width=\"540\" height=\"405\" srcset=\"https:\/\/noti-america.com\/site\/ecuador\/wp-content\/uploads\/sites\/18\/2020\/01\/Deudores_de_Buena_Fe1-300x225.jpg 300w, https:\/\/noti-america.com\/site\/ecuador\/wp-content\/uploads\/sites\/18\/2020\/01\/Deudores_de_Buena_Fe1-768x576.jpg 768w, https:\/\/noti-america.com\/site\/ecuador\/wp-content\/uploads\/sites\/18\/2020\/01\/Deudores_de_Buena_Fe1-1024x768.jpg 1024w, https:\/\/noti-america.com\/site\/ecuador\/wp-content\/uploads\/sites\/18\/2020\/01\/Deudores_de_Buena_Fe1.jpg 1280w\" sizes=\"auto, (max-width: 540px) 100vw, 540px\" \/><\/p>\n<p style=\"text-align: justify\">A lo que ya se ha mencionado deben sumarse las siguientes atenciones:<\/p>\n<ul style=\"text-align: justify\">\n<li>Retenci\u00f3n ilegal de fondos por parte de la CFN.<\/li>\n<li>Estafa de Previbienes a trav\u00e9s de juicios coactivos del Off Shore Previsora IN\u2019I Bank, el mismo que no tiene personer\u00eda jur\u00eddica.<\/li>\n<li>Exigir que se cobre a los exbanqueros corruptos.<\/li>\n<li>Solicitar al Ministro de Econom\u00eda y finanzas que emita las Regulaciones y Normativas para el cierre de la crisis bancaria de 1999.<\/li>\n<li>Solicitar a Recycob (instituci\u00f3n encargada de la recaudaci\u00f3n y cobranza), BNF, CFN y BEV, la suspensi\u00f3n de los juicios coactivos hasta determinar y subsanar las posibles irregularidades cometidas por ex servidores p\u00fablicos de estas entidades.<\/li>\n<\/ul>\n","protected":false},"excerpt":{"rendered":"<p>REDACCI\u00d3N NOTIAM\u00c9RICA (ECUADOR) Representantes de la Asociaci\u00f3n \u2018Deudores de Buena Fe del Ecuador\u2019 protagonizaron un plant\u00f3n en las afueras de la Superintendencia de Bancos (SB), ubicada en el centro de Guayaquil. La concentraci\u00f3n se&#46;&#46;&#46;<\/p>\n","protected":false},"author":54,"featured_media":7119,"comment_status":"open","ping_status":"open","sticky":false,"template":"","format":"standard","meta":{"_acf_changed":false,"om_disable_all_campaigns":false,"rop_custom_images_group":[],"rop_custom_messages_group":[],"rop_publish_now":"initial","rop_publish_now_accounts":{"twitter_242054905_242054905":""},"rop_publish_now_history":[],"rop_publish_now_status":"pending","_uf_show_specific_survey":0,"_uf_disable_surveys":false,"footnotes":""},"categories":[1],"tags":[],"class_list":["post-7115","post","type-post","status-publish","format-standard","has-post-thumbnail","hentry","category-uncategorized"],"acf":[],"aioseo_notices":[],"yoast_head":"<!-- This site is optimized with the Yoast SEO Premium plugin v24.9 (Yoast SEO v27.2) - https:\/\/yoast.com\/product\/yoast-seo-premium-wordpress\/ -->\n<title>\u2018Deudores de Buena Fe\u2019 exigen respuesta de la Super de Bancos - Ecuador | Noti-America.com<\/title>\n<meta name=\"robots\" content=\"index, follow, max-snippet:-1, max-image-preview:large, max-video-preview:-1\" \/>\n<link rel=\"canonical\" href=\"https:\/\/noti-america.com\/site\/ecuador\/2020\/01\/17\/deudores-de-buena-fe-exigen-respuesta-de-la-super-de-bancos\/\" \/>\n<meta property=\"og:locale\" content=\"es_ES\" \/>\n<meta property=\"og:type\" content=\"article\" \/>\n<meta property=\"og:title\" content=\"\u2018Deudores de Buena Fe\u2019 exigen respuesta de la Super de Bancos\" \/>\n<meta property=\"og:description\" content=\"REDACCI\u00d3N NOTIAM\u00c9RICA (ECUADOR) Representantes de la Asociaci\u00f3n \u2018Deudores de Buena Fe del Ecuador\u2019 protagonizaron un plant\u00f3n en las afueras de la Superintendencia de Bancos (SB), ubicada en el centro de Guayaquil. La concentraci\u00f3n se&#046;&#046;&#046;\" \/>\n<meta property=\"og:url\" content=\"https:\/\/noti-america.com\/site\/ecuador\/2020\/01\/17\/deudores-de-buena-fe-exigen-respuesta-de-la-super-de-bancos\/\" \/>\n<meta property=\"og:site_name\" content=\"Ecuador | Noti-America.com\" \/>\n<meta property=\"article:author\" content=\"https:\/\/www.facebook.com\/geojuradopuente\" \/>\n<meta property=\"article:published_time\" content=\"2020-01-17T22:16:49+00:00\" \/>\n<meta property=\"og:image\" content=\"https:\/\/noti-america.com\/site\/ecuador\/wp-content\/uploads\/sites\/18\/2020\/01\/Deudores_de_Buena_Fe1-1.jpg\" \/>\n\t<meta property=\"og:image:width\" content=\"1280\" \/>\n\t<meta property=\"og:image:height\" content=\"960\" \/>\n\t<meta property=\"og:image:type\" content=\"image\/jpeg\" \/>\n<meta name=\"author\" content=\"Mgtr. Geovanny Jurado Puente\" \/>\n<meta name=\"twitter:card\" content=\"summary_large_image\" \/>\n<meta name=\"twitter:creator\" content=\"@GeoJurado\" \/>\n<meta name=\"twitter:site\" content=\"@notiamerica\" \/>\n<meta name=\"twitter:label1\" content=\"Escrito por\" \/>\n\t<meta name=\"twitter:data1\" content=\"Mgtr. Geovanny Jurado Puente\" \/>\n\t<meta name=\"twitter:label2\" content=\"Tiempo estimado de lectura\" \/>\n\t<meta name=\"twitter:data2\" content=\"3 minutos\" \/>\n<script type=\"application\/ld+json\" class=\"yoast-schema-graph\">{\"@context\":\"https:\/\/schema.org\",\"@graph\":[{\"@type\":\"Article\",\"@id\":\"https:\/\/noti-america.com\/site\/ecuador\/2020\/01\/17\/deudores-de-buena-fe-exigen-respuesta-de-la-super-de-bancos\/#article\",\"isPartOf\":{\"@id\":\"https:\/\/noti-america.com\/site\/ecuador\/2020\/01\/17\/deudores-de-buena-fe-exigen-respuesta-de-la-super-de-bancos\/\"},\"author\":{\"name\":\"Mgtr. Geovanny Jurado Puente\",\"@id\":\"https:\/\/noti-america.com\/site\/ecuador\/#\/schema\/person\/eafaa0d78b886269707bbd67c79282d8\"},\"headline\":\"\u2018Deudores de Buena Fe\u2019 exigen respuesta de la Super de Bancos\",\"datePublished\":\"2020-01-17T22:16:49+00:00\",\"mainEntityOfPage\":{\"@id\":\"https:\/\/noti-america.com\/site\/ecuador\/2020\/01\/17\/deudores-de-buena-fe-exigen-respuesta-de-la-super-de-bancos\/\"},\"wordCount\":590,\"commentCount\":0,\"publisher\":{\"@id\":\"https:\/\/noti-america.com\/site\/ecuador\/#organization\"},\"image\":{\"@id\":\"https:\/\/noti-america.com\/site\/ecuador\/2020\/01\/17\/deudores-de-buena-fe-exigen-respuesta-de-la-super-de-bancos\/#primaryimage\"},\"thumbnailUrl\":\"https:\/\/noti-america.com\/site\/ecuador\/wp-content\/uploads\/sites\/18\/2020\/01\/Deudores_de_Buena_Fe1-1.jpg\",\"articleSection\":[\"Uncategorized\"],\"inLanguage\":\"es\",\"potentialAction\":[{\"@type\":\"CommentAction\",\"name\":\"Comment\",\"target\":[\"https:\/\/noti-america.com\/site\/ecuador\/2020\/01\/17\/deudores-de-buena-fe-exigen-respuesta-de-la-super-de-bancos\/#respond\"]}]},{\"@type\":\"WebPage\",\"@id\":\"https:\/\/noti-america.com\/site\/ecuador\/2020\/01\/17\/deudores-de-buena-fe-exigen-respuesta-de-la-super-de-bancos\/\",\"url\":\"https:\/\/noti-america.com\/site\/ecuador\/2020\/01\/17\/deudores-de-buena-fe-exigen-respuesta-de-la-super-de-bancos\/\",\"name\":\"\u2018Deudores de Buena Fe\u2019 exigen respuesta de la Super de Bancos - Ecuador | Noti-America.com\",\"isPartOf\":{\"@id\":\"https:\/\/noti-america.com\/site\/ecuador\/#website\"},\"primaryImageOfPage\":{\"@id\":\"https:\/\/noti-america.com\/site\/ecuador\/2020\/01\/17\/deudores-de-buena-fe-exigen-respuesta-de-la-super-de-bancos\/#primaryimage\"},\"image\":{\"@id\":\"https:\/\/noti-america.com\/site\/ecuador\/2020\/01\/17\/deudores-de-buena-fe-exigen-respuesta-de-la-super-de-bancos\/#primaryimage\"},\"thumbnailUrl\":\"https:\/\/noti-america.com\/site\/ecuador\/wp-content\/uploads\/sites\/18\/2020\/01\/Deudores_de_Buena_Fe1-1.jpg\",\"datePublished\":\"2020-01-17T22:16:49+00:00\",\"breadcrumb\":{\"@id\":\"https:\/\/noti-america.com\/site\/ecuador\/2020\/01\/17\/deudores-de-buena-fe-exigen-respuesta-de-la-super-de-bancos\/#breadcrumb\"},\"inLanguage\":\"es\",\"potentialAction\":[{\"@type\":\"ReadAction\",\"target\":[\"https:\/\/noti-america.com\/site\/ecuador\/2020\/01\/17\/deudores-de-buena-fe-exigen-respuesta-de-la-super-de-bancos\/\"]}]},{\"@type\":\"ImageObject\",\"inLanguage\":\"es\",\"@id\":\"https:\/\/noti-america.com\/site\/ecuador\/2020\/01\/17\/deudores-de-buena-fe-exigen-respuesta-de-la-super-de-bancos\/#primaryimage\",\"url\":\"https:\/\/noti-america.com\/site\/ecuador\/wp-content\/uploads\/sites\/18\/2020\/01\/Deudores_de_Buena_Fe1-1.jpg\",\"contentUrl\":\"https:\/\/noti-america.com\/site\/ecuador\/wp-content\/uploads\/sites\/18\/2020\/01\/Deudores_de_Buena_Fe1-1.jpg\",\"width\":1280,\"height\":960},{\"@type\":\"BreadcrumbList\",\"@id\":\"https:\/\/noti-america.com\/site\/ecuador\/2020\/01\/17\/deudores-de-buena-fe-exigen-respuesta-de-la-super-de-bancos\/#breadcrumb\",\"itemListElement\":[{\"@type\":\"ListItem\",\"position\":1,\"name\":\"Portada\",\"item\":\"https:\/\/noti-america.com\/site\/ecuador\/\"},{\"@type\":\"ListItem\",\"position\":2,\"name\":\"\u2018Deudores de Buena Fe\u2019 exigen respuesta de la Super de Bancos\"}]},{\"@type\":\"WebSite\",\"@id\":\"https:\/\/noti-america.com\/site\/ecuador\/#website\",\"url\":\"https:\/\/noti-america.com\/site\/ecuador\/\",\"name\":\"Ecuador | Noti-America.com\",\"description\":\"\",\"publisher\":{\"@id\":\"https:\/\/noti-america.com\/site\/ecuador\/#organization\"},\"potentialAction\":[{\"@type\":\"SearchAction\",\"target\":{\"@type\":\"EntryPoint\",\"urlTemplate\":\"https:\/\/noti-america.com\/site\/ecuador\/?s={search_term_string}\"},\"query-input\":{\"@type\":\"PropertyValueSpecification\",\"valueRequired\":true,\"valueName\":\"search_term_string\"}}],\"inLanguage\":\"es\"},{\"@type\":\"Organization\",\"@id\":\"https:\/\/noti-america.com\/site\/ecuador\/#organization\",\"name\":\"Noti-America LLC | Ecuador\",\"url\":\"https:\/\/noti-america.com\/site\/ecuador\/\",\"logo\":{\"@type\":\"ImageObject\",\"inLanguage\":\"es\",\"@id\":\"https:\/\/noti-america.com\/site\/ecuador\/#\/schema\/logo\/image\/\",\"url\":\"https:\/\/noti-america.com\/site\/ecuador\/wp-content\/uploads\/sites\/18\/2020\/07\/LogoNA-4x3-1.jpg\",\"contentUrl\":\"https:\/\/noti-america.com\/site\/ecuador\/wp-content\/uploads\/sites\/18\/2020\/07\/LogoNA-4x3-1.jpg\",\"width\":1236,\"height\":1080,\"caption\":\"Noti-America LLC | Ecuador\"},\"image\":{\"@id\":\"https:\/\/noti-america.com\/site\/ecuador\/#\/schema\/logo\/image\/\"},\"sameAs\":[\"https:\/\/x.com\/notiamerica\"]},{\"@type\":\"Person\",\"@id\":\"https:\/\/noti-america.com\/site\/ecuador\/#\/schema\/person\/eafaa0d78b886269707bbd67c79282d8\",\"name\":\"Mgtr. Geovanny Jurado Puente\",\"image\":{\"@type\":\"ImageObject\",\"inLanguage\":\"es\",\"@id\":\"https:\/\/secure.gravatar.com\/avatar\/f837d50a2ea0d7cba882939210fb03249c2d70cdea88235e685f1a91ced24905?s=96&d=mm&r=g\",\"url\":\"https:\/\/secure.gravatar.com\/avatar\/f837d50a2ea0d7cba882939210fb03249c2d70cdea88235e685f1a91ced24905?s=96&d=mm&r=g\",\"contentUrl\":\"https:\/\/secure.gravatar.com\/avatar\/f837d50a2ea0d7cba882939210fb03249c2d70cdea88235e685f1a91ced24905?s=96&d=mm&r=g\",\"caption\":\"Mgtr. Geovanny Jurado Puente\"},\"description\":\"Mag\u00edster en Comunicaci\u00f3n, Menci\u00f3n Pol\u00edticas de Desarrollo Social; Licenciado en Ciencias de la Comunicaci\u00f3n Social; Docente Universitario; Miembro de la Red de Investigadores en Comunicaci\u00f3n del Ecuador (RICE); Miembro Fundador de la Red de Editoriales Universitarias y Escuelas Polit\u00e9cnicas del Ecuador (Reupde); ecuatoriano de nacimiento, con residencia en Daule.\",\"sameAs\":[\"https:\/\/www.facebook.com\/geojuradopuente\",\"Geo Jurado\",\"https:\/\/x.com\/GeoJurado\"],\"url\":\"https:\/\/noti-america.com\/site\/ecuador\/author\/gjurado\/\"}]}<\/script>\n<!-- \/ Yoast SEO Premium plugin. -->","yoast_head_json":{"title":"\u2018Deudores de Buena Fe\u2019 exigen respuesta de la Super de Bancos - Ecuador | Noti-America.com","robots":{"index":"index","follow":"follow","max-snippet":"max-snippet:-1","max-image-preview":"max-image-preview:large","max-video-preview":"max-video-preview:-1"},"canonical":"https:\/\/noti-america.com\/site\/ecuador\/2020\/01\/17\/deudores-de-buena-fe-exigen-respuesta-de-la-super-de-bancos\/","og_locale":"es_ES","og_type":"article","og_title":"\u2018Deudores de Buena Fe\u2019 exigen respuesta de la Super de Bancos","og_description":"REDACCI\u00d3N NOTIAM\u00c9RICA (ECUADOR) Representantes de la Asociaci\u00f3n \u2018Deudores de Buena Fe del Ecuador\u2019 protagonizaron un plant\u00f3n en las afueras de la Superintendencia de Bancos (SB), ubicada en el centro de Guayaquil. La concentraci\u00f3n se&#46;&#46;&#46;","og_url":"https:\/\/noti-america.com\/site\/ecuador\/2020\/01\/17\/deudores-de-buena-fe-exigen-respuesta-de-la-super-de-bancos\/","og_site_name":"Ecuador | Noti-America.com","article_author":"https:\/\/www.facebook.com\/geojuradopuente","article_published_time":"2020-01-17T22:16:49+00:00","og_image":[{"width":1280,"height":960,"url":"https:\/\/noti-america.com\/site\/ecuador\/wp-content\/uploads\/sites\/18\/2020\/01\/Deudores_de_Buena_Fe1-1.jpg","type":"image\/jpeg"}],"author":"Mgtr. Geovanny Jurado Puente","twitter_card":"summary_large_image","twitter_creator":"@GeoJurado","twitter_site":"@notiamerica","twitter_misc":{"Escrito por":"Mgtr. Geovanny Jurado Puente","Tiempo estimado de lectura":"3 minutos"},"schema":{"@context":"https:\/\/schema.org","@graph":[{"@type":"Article","@id":"https:\/\/noti-america.com\/site\/ecuador\/2020\/01\/17\/deudores-de-buena-fe-exigen-respuesta-de-la-super-de-bancos\/#article","isPartOf":{"@id":"https:\/\/noti-america.com\/site\/ecuador\/2020\/01\/17\/deudores-de-buena-fe-exigen-respuesta-de-la-super-de-bancos\/"},"author":{"name":"Mgtr. Geovanny Jurado Puente","@id":"https:\/\/noti-america.com\/site\/ecuador\/#\/schema\/person\/eafaa0d78b886269707bbd67c79282d8"},"headline":"\u2018Deudores de Buena Fe\u2019 exigen respuesta de la Super de Bancos","datePublished":"2020-01-17T22:16:49+00:00","mainEntityOfPage":{"@id":"https:\/\/noti-america.com\/site\/ecuador\/2020\/01\/17\/deudores-de-buena-fe-exigen-respuesta-de-la-super-de-bancos\/"},"wordCount":590,"commentCount":0,"publisher":{"@id":"https:\/\/noti-america.com\/site\/ecuador\/#organization"},"image":{"@id":"https:\/\/noti-america.com\/site\/ecuador\/2020\/01\/17\/deudores-de-buena-fe-exigen-respuesta-de-la-super-de-bancos\/#primaryimage"},"thumbnailUrl":"https:\/\/noti-america.com\/site\/ecuador\/wp-content\/uploads\/sites\/18\/2020\/01\/Deudores_de_Buena_Fe1-1.jpg","articleSection":["Uncategorized"],"inLanguage":"es","potentialAction":[{"@type":"CommentAction","name":"Comment","target":["https:\/\/noti-america.com\/site\/ecuador\/2020\/01\/17\/deudores-de-buena-fe-exigen-respuesta-de-la-super-de-bancos\/#respond"]}]},{"@type":"WebPage","@id":"https:\/\/noti-america.com\/site\/ecuador\/2020\/01\/17\/deudores-de-buena-fe-exigen-respuesta-de-la-super-de-bancos\/","url":"https:\/\/noti-america.com\/site\/ecuador\/2020\/01\/17\/deudores-de-buena-fe-exigen-respuesta-de-la-super-de-bancos\/","name":"\u2018Deudores de Buena Fe\u2019 exigen respuesta de la Super de Bancos - Ecuador | Noti-America.com","isPartOf":{"@id":"https:\/\/noti-america.com\/site\/ecuador\/#website"},"primaryImageOfPage":{"@id":"https:\/\/noti-america.com\/site\/ecuador\/2020\/01\/17\/deudores-de-buena-fe-exigen-respuesta-de-la-super-de-bancos\/#primaryimage"},"image":{"@id":"https:\/\/noti-america.com\/site\/ecuador\/2020\/01\/17\/deudores-de-buena-fe-exigen-respuesta-de-la-super-de-bancos\/#primaryimage"},"thumbnailUrl":"https:\/\/noti-america.com\/site\/ecuador\/wp-content\/uploads\/sites\/18\/2020\/01\/Deudores_de_Buena_Fe1-1.jpg","datePublished":"2020-01-17T22:16:49+00:00","breadcrumb":{"@id":"https:\/\/noti-america.com\/site\/ecuador\/2020\/01\/17\/deudores-de-buena-fe-exigen-respuesta-de-la-super-de-bancos\/#breadcrumb"},"inLanguage":"es","potentialAction":[{"@type":"ReadAction","target":["https:\/\/noti-america.com\/site\/ecuador\/2020\/01\/17\/deudores-de-buena-fe-exigen-respuesta-de-la-super-de-bancos\/"]}]},{"@type":"ImageObject","inLanguage":"es","@id":"https:\/\/noti-america.com\/site\/ecuador\/2020\/01\/17\/deudores-de-buena-fe-exigen-respuesta-de-la-super-de-bancos\/#primaryimage","url":"https:\/\/noti-america.com\/site\/ecuador\/wp-content\/uploads\/sites\/18\/2020\/01\/Deudores_de_Buena_Fe1-1.jpg","contentUrl":"https:\/\/noti-america.com\/site\/ecuador\/wp-content\/uploads\/sites\/18\/2020\/01\/Deudores_de_Buena_Fe1-1.jpg","width":1280,"height":960},{"@type":"BreadcrumbList","@id":"https:\/\/noti-america.com\/site\/ecuador\/2020\/01\/17\/deudores-de-buena-fe-exigen-respuesta-de-la-super-de-bancos\/#breadcrumb","itemListElement":[{"@type":"ListItem","position":1,"name":"Portada","item":"https:\/\/noti-america.com\/site\/ecuador\/"},{"@type":"ListItem","position":2,"name":"\u2018Deudores de Buena Fe\u2019 exigen respuesta de la Super de Bancos"}]},{"@type":"WebSite","@id":"https:\/\/noti-america.com\/site\/ecuador\/#website","url":"https:\/\/noti-america.com\/site\/ecuador\/","name":"Ecuador | Noti-America.com","description":"","publisher":{"@id":"https:\/\/noti-america.com\/site\/ecuador\/#organization"},"potentialAction":[{"@type":"SearchAction","target":{"@type":"EntryPoint","urlTemplate":"https:\/\/noti-america.com\/site\/ecuador\/?s={search_term_string}"},"query-input":{"@type":"PropertyValueSpecification","valueRequired":true,"valueName":"search_term_string"}}],"inLanguage":"es"},{"@type":"Organization","@id":"https:\/\/noti-america.com\/site\/ecuador\/#organization","name":"Noti-America LLC | Ecuador","url":"https:\/\/noti-america.com\/site\/ecuador\/","logo":{"@type":"ImageObject","inLanguage":"es","@id":"https:\/\/noti-america.com\/site\/ecuador\/#\/schema\/logo\/image\/","url":"https:\/\/noti-america.com\/site\/ecuador\/wp-content\/uploads\/sites\/18\/2020\/07\/LogoNA-4x3-1.jpg","contentUrl":"https:\/\/noti-america.com\/site\/ecuador\/wp-content\/uploads\/sites\/18\/2020\/07\/LogoNA-4x3-1.jpg","width":1236,"height":1080,"caption":"Noti-America LLC | Ecuador"},"image":{"@id":"https:\/\/noti-america.com\/site\/ecuador\/#\/schema\/logo\/image\/"},"sameAs":["https:\/\/x.com\/notiamerica"]},{"@type":"Person","@id":"https:\/\/noti-america.com\/site\/ecuador\/#\/schema\/person\/eafaa0d78b886269707bbd67c79282d8","name":"Mgtr. Geovanny Jurado Puente","image":{"@type":"ImageObject","inLanguage":"es","@id":"https:\/\/secure.gravatar.com\/avatar\/f837d50a2ea0d7cba882939210fb03249c2d70cdea88235e685f1a91ced24905?s=96&d=mm&r=g","url":"https:\/\/secure.gravatar.com\/avatar\/f837d50a2ea0d7cba882939210fb03249c2d70cdea88235e685f1a91ced24905?s=96&d=mm&r=g","contentUrl":"https:\/\/secure.gravatar.com\/avatar\/f837d50a2ea0d7cba882939210fb03249c2d70cdea88235e685f1a91ced24905?s=96&d=mm&r=g","caption":"Mgtr. Geovanny Jurado Puente"},"description":"Mag\u00edster en Comunicaci\u00f3n, Menci\u00f3n Pol\u00edticas de Desarrollo Social; Licenciado en Ciencias de la Comunicaci\u00f3n Social; Docente Universitario; Miembro de la Red de Investigadores en Comunicaci\u00f3n del Ecuador (RICE); Miembro Fundador de la Red de Editoriales Universitarias y Escuelas Polit\u00e9cnicas del Ecuador (Reupde); ecuatoriano de nacimiento, con residencia en Daule.","sameAs":["https:\/\/www.facebook.com\/geojuradopuente","Geo Jurado","https:\/\/x.com\/GeoJurado"],"url":"https:\/\/noti-america.com\/site\/ecuador\/author\/gjurado\/"}]}},"_links":{"self":[{"href":"https:\/\/noti-america.com\/site\/ecuador\/wp-json\/wp\/v2\/posts\/7115","targetHints":{"allow":["GET"]}}],"collection":[{"href":"https:\/\/noti-america.com\/site\/ecuador\/wp-json\/wp\/v2\/posts"}],"about":[{"href":"https:\/\/noti-america.com\/site\/ecuador\/wp-json\/wp\/v2\/types\/post"}],"author":[{"embeddable":true,"href":"https:\/\/noti-america.com\/site\/ecuador\/wp-json\/wp\/v2\/users\/54"}],"replies":[{"embeddable":true,"href":"https:\/\/noti-america.com\/site\/ecuador\/wp-json\/wp\/v2\/comments?post=7115"}],"version-history":[{"count":1,"href":"https:\/\/noti-america.com\/site\/ecuador\/wp-json\/wp\/v2\/posts\/7115\/revisions"}],"predecessor-version":[{"id":7120,"href":"https:\/\/noti-america.com\/site\/ecuador\/wp-json\/wp\/v2\/posts\/7115\/revisions\/7120"}],"wp:featuredmedia":[{"embeddable":true,"href":"https:\/\/noti-america.com\/site\/ecuador\/wp-json\/wp\/v2\/media\/7119"}],"wp:attachment":[{"href":"https:\/\/noti-america.com\/site\/ecuador\/wp-json\/wp\/v2\/media?parent=7115"}],"wp:term":[{"taxonomy":"category","embeddable":true,"href":"https:\/\/noti-america.com\/site\/ecuador\/wp-json\/wp\/v2\/categories?post=7115"},{"taxonomy":"post_tag","embeddable":true,"href":"https:\/\/noti-america.com\/site\/ecuador\/wp-json\/wp\/v2\/tags?post=7115"}],"curies":[{"name":"wp","href":"https:\/\/api.w.org\/{rel}","templated":true}]}}