{"id":7052,"date":"2020-01-13T23:54:17","date_gmt":"2020-01-13T23:54:17","guid":{"rendered":"http:\/\/noti-america.com\/site\/ecuador\/?p=7052"},"modified":"2020-01-13T23:55:45","modified_gmt":"2020-01-13T23:55:45","slug":"100-mil-estudiantes-47-unidades-educativas-de-quito-y-cuenca-participan-en-campana-de-educacion-ambiental-bajale-al-plastico","status":"publish","type":"post","link":"https:\/\/noti-america.com\/site\/ecuador\/2020\/01\/13\/100-mil-estudiantes-47-unidades-educativas-de-quito-y-cuenca-participan-en-campana-de-educacion-ambiental-bajale-al-plastico\/","title":{"rendered":"100 mil estudiantes 47 unidades educativas de Quito y Cuenca participan en Campa\u00f1a de Educaci\u00f3n Ambiental \u2018B\u00e1jale al pl\u00e1stico\u2019"},"content":{"rendered":"<p>REDACCI\u00d3N NOTI AM\u00c9RICA (ECUADOR)<\/p>\n<p><img loading=\"lazy\" decoding=\"async\" class=\" wp-image-7054 aligncenter\" src=\"http:\/\/noti-america.com\/site\/ecuador\/wp-content\/uploads\/sites\/18\/2020\/01\/concurso-ambiente-bajale-al-plastico-300x169.png\" alt=\"\" width=\"547\" height=\"308\" srcset=\"https:\/\/noti-america.com\/site\/ecuador\/wp-content\/uploads\/sites\/18\/2020\/01\/concurso-ambiente-bajale-al-plastico-300x169.png 300w, https:\/\/noti-america.com\/site\/ecuador\/wp-content\/uploads\/sites\/18\/2020\/01\/concurso-ambiente-bajale-al-plastico-768x432.png 768w, https:\/\/noti-america.com\/site\/ecuador\/wp-content\/uploads\/sites\/18\/2020\/01\/concurso-ambiente-bajale-al-plastico.png 800w\" sizes=\"auto, (max-width: 547px) 100vw, 547px\" \/><\/p>\n<p style=\"text-align: justify\">La Unidad Educativa Juan Montalvo de Quito, fue el escenario en el cual los Ministros del Ambiente, Ra\u00fal Clemente Ledesma Huerta, y de Educaci\u00f3n, Monserrat Creamer presentaron la Campa\u00f1a de Educaci\u00f3n Ambiental \u2018B\u00e1jale al pl\u00e1stico\u2019, iniciativa que busca reducir el uso y consumo de botellas pl\u00e1sticas de un solo uso en las instituciones educativas a nivel nacional.<\/p>\n<p style=\"text-align: justify\">\u201cEl Gobierno del Presidente Len\u00edn Moreno ha priorizado el desarrollo de acciones que motiven la participaci\u00f3n estudiantil en la construcci\u00f3n de un Ecuador sostenible que fomente las buenas pr\u00e1cticas ambientales, desde una visi\u00f3n creativa que motive una transformaci\u00f3n efectiva en los patrones de uso y consumo de la sociedad\u201d, se\u00f1al\u00f3 el principal de Ambiente.<\/p>\n<p style=\"text-align: justify\">El plan piloto de esta campa\u00f1a se centra en 47 unidades educativas de Quito y Cuenca, en donde se realizar\u00e1 la entrega de 100 mil\u00a0 tomatodos. Adicionalmente, a nivel nacional se realizar\u00e1 el Concurso \u2018Dise\u00f1a t\u00fa logo ambiental\u2019 que involucrar\u00e1 a los establecimientos y sus estudiantes para dise\u00f1ar la imagen de la campa\u00f1a, que ser\u00e1 incluida en los tomatodo a entregarse en esta primera fase.<\/p>\n<p style=\"text-align: justify\">Monserrat Creamer, principal de Educaci\u00f3n, reconoci\u00f3 que \u201ctenemos que cambiar de mentalidad con el ambiente, a trav\u00e9s de metodolog\u00edas innovadoras relacionadas al cuidado de nuestros recursos naturales. Trabajamos con docentes en programas de formaci\u00f3n como \u2018B\u00e1jale al pl\u00e1stico\u2019 con lo cual queremos evidenciar una pr\u00e1ctica sostenible desde las unidades educativas hacia la sociedad\u201d.<\/p>\n<p style=\"text-align: justify\">Los establecimientos educativos, de esta primera fase, recibir\u00e1n un dispensador de agua filtrada por cada 200 estudiantes que servir\u00e1 para recargar los tomatodos que se entregar\u00e1n una vez culmine el concurso.<\/p>\n<ul>\n<li><strong>100 mil estudiantes participar\u00e1n en esta iniciativa impulsada por el Gobierno Nacional para reducir el uso de botellas pl\u00e1sticas de un solo uso.<\/strong><\/li>\n<li><strong>La campa\u00f1a incluye un concurso para dise\u00f1ar la imagen de los tomatodos que se entregaran a los participantes.<\/strong><\/li>\n<li><strong>Los establecimientos educativos participantes recibir\u00e1n un dispensador de agua por cada 200 estudiantes.<\/strong><\/li>\n<\/ul>\n<p style=\"text-align: justify\">Las inscripciones para el concurso \u2018Dise\u00f1a t\u00fa logo ambiental\u2019 estar\u00e1n disponibles desde el 14 hasta el 31 de enero de 2020, a trav\u00e9s del sitio web:\u00a0<a href=\"http:\/\/www.ambiente.gob.ec\/\">www.ambiente.gob.ec<\/a>\u00a0\/\u00a0<a href=\"http:\/\/bajalealplastico.ambiente.gob.ec:8099\/bajalealplastico\/start.jsf\">http:\/\/bajalealplastico.ambiente.gob.ec:8099\/bajalealplastico\/start.jsf<\/a><\/p>\n","protected":false},"excerpt":{"rendered":"<p>REDACCI\u00d3N NOTI AM\u00c9RICA (ECUADOR) La Unidad Educativa Juan Montalvo de Quito, fue el escenario en el cual los Ministros del Ambiente, Ra\u00fal Clemente Ledesma Huerta, y de Educaci\u00f3n, Monserrat Creamer presentaron la Campa\u00f1a de&#46;&#46;&#46;<\/p>\n","protected":false},"author":17,"featured_media":7053,"comment_status":"open","ping_status":"open","sticky":false,"template":"","format":"standard","meta":{"_acf_changed":false,"om_disable_all_campaigns":false,"rop_custom_images_group":[],"rop_custom_messages_group":[],"rop_publish_now":"initial","rop_publish_now_accounts":{"twitter_242054905_242054905":""},"rop_publish_now_history":[],"rop_publish_now_status":"pending","_uf_show_specific_survey":0,"_uf_disable_surveys":false,"footnotes":""},"categories":[79],"tags":[],"class_list":["post-7052","post","type-post","status-publish","format-standard","has-post-thumbnail","hentry","category-ambiental"],"acf":[],"aioseo_notices":[],"yoast_head":"<!-- This site is optimized with the Yoast SEO Premium plugin v24.9 (Yoast SEO v27.2) - https:\/\/yoast.com\/product\/yoast-seo-premium-wordpress\/ -->\n<title>100 mil estudiantes 47 unidades educativas de Quito y Cuenca participan en Campa\u00f1a de Educaci\u00f3n Ambiental \u2018B\u00e1jale al pl\u00e1stico\u2019 - Ecuador | Noti-America.com<\/title>\n<meta name=\"robots\" content=\"index, follow, max-snippet:-1, max-image-preview:large, max-video-preview:-1\" \/>\n<link rel=\"canonical\" href=\"https:\/\/noti-america.com\/site\/ecuador\/2020\/01\/13\/100-mil-estudiantes-47-unidades-educativas-de-quito-y-cuenca-participan-en-campana-de-educacion-ambiental-bajale-al-plastico\/\" \/>\n<meta property=\"og:locale\" content=\"es_ES\" \/>\n<meta property=\"og:type\" content=\"article\" \/>\n<meta property=\"og:title\" content=\"100 mil estudiantes 47 unidades educativas de Quito y Cuenca participan en Campa\u00f1a de Educaci\u00f3n Ambiental \u2018B\u00e1jale al pl\u00e1stico\u2019\" \/>\n<meta property=\"og:description\" content=\"REDACCI\u00d3N NOTI AM\u00c9RICA (ECUADOR) La Unidad Educativa Juan Montalvo de Quito, fue el escenario en el cual los Ministros del Ambiente, Ra\u00fal Clemente Ledesma Huerta, y de Educaci\u00f3n, Monserrat Creamer presentaron la Campa\u00f1a de&#046;&#046;&#046;\" \/>\n<meta property=\"og:url\" content=\"https:\/\/noti-america.com\/site\/ecuador\/2020\/01\/13\/100-mil-estudiantes-47-unidades-educativas-de-quito-y-cuenca-participan-en-campana-de-educacion-ambiental-bajale-al-plastico\/\" \/>\n<meta property=\"og:site_name\" content=\"Ecuador | Noti-America.com\" \/>\n<meta property=\"article:published_time\" content=\"2020-01-13T23:54:17+00:00\" \/>\n<meta property=\"article:modified_time\" content=\"2020-01-13T23:55:45+00:00\" \/>\n<meta property=\"og:image\" content=\"https:\/\/noti-america.com\/site\/ecuador\/wp-content\/uploads\/sites\/18\/2020\/01\/bajale-al-plastico-una-campana-de-educacion-ambiental-ecuador221.com_.ec_.jpeg\" \/>\n\t<meta property=\"og:image:width\" content=\"720\" \/>\n\t<meta property=\"og:image:height\" content=\"450\" \/>\n\t<meta property=\"og:image:type\" content=\"image\/jpeg\" \/>\n<meta name=\"author\" content=\"Gregory Quintana Montiel\" \/>\n<meta name=\"twitter:card\" content=\"summary_large_image\" \/>\n<meta name=\"twitter:creator\" content=\"@gdgregori1\" \/>\n<meta name=\"twitter:site\" content=\"@notiamerica\" \/>\n<meta name=\"twitter:label1\" content=\"Escrito por\" \/>\n\t<meta name=\"twitter:data1\" content=\"Gregory Quintana Montiel\" \/>\n\t<meta name=\"twitter:label2\" content=\"Tiempo estimado de lectura\" \/>\n\t<meta name=\"twitter:data2\" content=\"2 minutos\" \/>\n<script type=\"application\/ld+json\" class=\"yoast-schema-graph\">{\"@context\":\"https:\/\/schema.org\",\"@graph\":[{\"@type\":\"Article\",\"@id\":\"https:\/\/noti-america.com\/site\/ecuador\/2020\/01\/13\/100-mil-estudiantes-47-unidades-educativas-de-quito-y-cuenca-participan-en-campana-de-educacion-ambiental-bajale-al-plastico\/#article\",\"isPartOf\":{\"@id\":\"https:\/\/noti-america.com\/site\/ecuador\/2020\/01\/13\/100-mil-estudiantes-47-unidades-educativas-de-quito-y-cuenca-participan-en-campana-de-educacion-ambiental-bajale-al-plastico\/\"},\"author\":{\"name\":\"Gregory Quintana Montiel\",\"@id\":\"https:\/\/noti-america.com\/site\/ecuador\/#\/schema\/person\/3b975e42f15abfe64bfe3abdd916efda\"},\"headline\":\"100 mil estudiantes 47 unidades educativas de Quito y Cuenca participan en Campa\u00f1a de Educaci\u00f3n Ambiental \u2018B\u00e1jale al pl\u00e1stico\u2019\",\"datePublished\":\"2020-01-13T23:54:17+00:00\",\"dateModified\":\"2020-01-13T23:55:45+00:00\",\"mainEntityOfPage\":{\"@id\":\"https:\/\/noti-america.com\/site\/ecuador\/2020\/01\/13\/100-mil-estudiantes-47-unidades-educativas-de-quito-y-cuenca-participan-en-campana-de-educacion-ambiental-bajale-al-plastico\/\"},\"wordCount\":406,\"commentCount\":0,\"publisher\":{\"@id\":\"https:\/\/noti-america.com\/site\/ecuador\/#organization\"},\"image\":{\"@id\":\"https:\/\/noti-america.com\/site\/ecuador\/2020\/01\/13\/100-mil-estudiantes-47-unidades-educativas-de-quito-y-cuenca-participan-en-campana-de-educacion-ambiental-bajale-al-plastico\/#primaryimage\"},\"thumbnailUrl\":\"https:\/\/noti-america.com\/site\/ecuador\/wp-content\/uploads\/sites\/18\/2020\/01\/bajale-al-plastico-una-campana-de-educacion-ambiental-ecuador221.com_.ec_.jpeg\",\"articleSection\":[\"Ambiental\"],\"inLanguage\":\"es\",\"potentialAction\":[{\"@type\":\"CommentAction\",\"name\":\"Comment\",\"target\":[\"https:\/\/noti-america.com\/site\/ecuador\/2020\/01\/13\/100-mil-estudiantes-47-unidades-educativas-de-quito-y-cuenca-participan-en-campana-de-educacion-ambiental-bajale-al-plastico\/#respond\"]}]},{\"@type\":\"WebPage\",\"@id\":\"https:\/\/noti-america.com\/site\/ecuador\/2020\/01\/13\/100-mil-estudiantes-47-unidades-educativas-de-quito-y-cuenca-participan-en-campana-de-educacion-ambiental-bajale-al-plastico\/\",\"url\":\"https:\/\/noti-america.com\/site\/ecuador\/2020\/01\/13\/100-mil-estudiantes-47-unidades-educativas-de-quito-y-cuenca-participan-en-campana-de-educacion-ambiental-bajale-al-plastico\/\",\"name\":\"100 mil estudiantes 47 unidades educativas de Quito y Cuenca participan en Campa\u00f1a de Educaci\u00f3n Ambiental \u2018B\u00e1jale al pl\u00e1stico\u2019 - Ecuador | Noti-America.com\",\"isPartOf\":{\"@id\":\"https:\/\/noti-america.com\/site\/ecuador\/#website\"},\"primaryImageOfPage\":{\"@id\":\"https:\/\/noti-america.com\/site\/ecuador\/2020\/01\/13\/100-mil-estudiantes-47-unidades-educativas-de-quito-y-cuenca-participan-en-campana-de-educacion-ambiental-bajale-al-plastico\/#primaryimage\"},\"image\":{\"@id\":\"https:\/\/noti-america.com\/site\/ecuador\/2020\/01\/13\/100-mil-estudiantes-47-unidades-educativas-de-quito-y-cuenca-participan-en-campana-de-educacion-ambiental-bajale-al-plastico\/#primaryimage\"},\"thumbnailUrl\":\"https:\/\/noti-america.com\/site\/ecuador\/wp-content\/uploads\/sites\/18\/2020\/01\/bajale-al-plastico-una-campana-de-educacion-ambiental-ecuador221.com_.ec_.jpeg\",\"datePublished\":\"2020-01-13T23:54:17+00:00\",\"dateModified\":\"2020-01-13T23:55:45+00:00\",\"breadcrumb\":{\"@id\":\"https:\/\/noti-america.com\/site\/ecuador\/2020\/01\/13\/100-mil-estudiantes-47-unidades-educativas-de-quito-y-cuenca-participan-en-campana-de-educacion-ambiental-bajale-al-plastico\/#breadcrumb\"},\"inLanguage\":\"es\",\"potentialAction\":[{\"@type\":\"ReadAction\",\"target\":[\"https:\/\/noti-america.com\/site\/ecuador\/2020\/01\/13\/100-mil-estudiantes-47-unidades-educativas-de-quito-y-cuenca-participan-en-campana-de-educacion-ambiental-bajale-al-plastico\/\"]}]},{\"@type\":\"ImageObject\",\"inLanguage\":\"es\",\"@id\":\"https:\/\/noti-america.com\/site\/ecuador\/2020\/01\/13\/100-mil-estudiantes-47-unidades-educativas-de-quito-y-cuenca-participan-en-campana-de-educacion-ambiental-bajale-al-plastico\/#primaryimage\",\"url\":\"https:\/\/noti-america.com\/site\/ecuador\/wp-content\/uploads\/sites\/18\/2020\/01\/bajale-al-plastico-una-campana-de-educacion-ambiental-ecuador221.com_.ec_.jpeg\",\"contentUrl\":\"https:\/\/noti-america.com\/site\/ecuador\/wp-content\/uploads\/sites\/18\/2020\/01\/bajale-al-plastico-una-campana-de-educacion-ambiental-ecuador221.com_.ec_.jpeg\",\"width\":720,\"height\":450},{\"@type\":\"BreadcrumbList\",\"@id\":\"https:\/\/noti-america.com\/site\/ecuador\/2020\/01\/13\/100-mil-estudiantes-47-unidades-educativas-de-quito-y-cuenca-participan-en-campana-de-educacion-ambiental-bajale-al-plastico\/#breadcrumb\",\"itemListElement\":[{\"@type\":\"ListItem\",\"position\":1,\"name\":\"Portada\",\"item\":\"https:\/\/noti-america.com\/site\/ecuador\/\"},{\"@type\":\"ListItem\",\"position\":2,\"name\":\"100 mil estudiantes 47 unidades educativas de Quito y Cuenca participan en Campa\u00f1a de Educaci\u00f3n Ambiental \u2018B\u00e1jale al pl\u00e1stico\u2019\"}]},{\"@type\":\"WebSite\",\"@id\":\"https:\/\/noti-america.com\/site\/ecuador\/#website\",\"url\":\"https:\/\/noti-america.com\/site\/ecuador\/\",\"name\":\"Ecuador | Noti-America.com\",\"description\":\"\",\"publisher\":{\"@id\":\"https:\/\/noti-america.com\/site\/ecuador\/#organization\"},\"potentialAction\":[{\"@type\":\"SearchAction\",\"target\":{\"@type\":\"EntryPoint\",\"urlTemplate\":\"https:\/\/noti-america.com\/site\/ecuador\/?s={search_term_string}\"},\"query-input\":{\"@type\":\"PropertyValueSpecification\",\"valueRequired\":true,\"valueName\":\"search_term_string\"}}],\"inLanguage\":\"es\"},{\"@type\":\"Organization\",\"@id\":\"https:\/\/noti-america.com\/site\/ecuador\/#organization\",\"name\":\"Noti-America LLC | Ecuador\",\"url\":\"https:\/\/noti-america.com\/site\/ecuador\/\",\"logo\":{\"@type\":\"ImageObject\",\"inLanguage\":\"es\",\"@id\":\"https:\/\/noti-america.com\/site\/ecuador\/#\/schema\/logo\/image\/\",\"url\":\"https:\/\/noti-america.com\/site\/ecuador\/wp-content\/uploads\/sites\/18\/2020\/07\/LogoNA-4x3-1.jpg\",\"contentUrl\":\"https:\/\/noti-america.com\/site\/ecuador\/wp-content\/uploads\/sites\/18\/2020\/07\/LogoNA-4x3-1.jpg\",\"width\":1236,\"height\":1080,\"caption\":\"Noti-America LLC | Ecuador\"},\"image\":{\"@id\":\"https:\/\/noti-america.com\/site\/ecuador\/#\/schema\/logo\/image\/\"},\"sameAs\":[\"https:\/\/x.com\/notiamerica\"]},{\"@type\":\"Person\",\"@id\":\"https:\/\/noti-america.com\/site\/ecuador\/#\/schema\/person\/3b975e42f15abfe64bfe3abdd916efda\",\"name\":\"Gregory Quintana Montiel\",\"image\":{\"@type\":\"ImageObject\",\"inLanguage\":\"es\",\"@id\":\"https:\/\/secure.gravatar.com\/avatar\/2d6b802f7720c2ec7744dcbe608cc2f3417aeb964d58b443c6d612b77531de1d?s=96&d=mm&r=g\",\"url\":\"https:\/\/secure.gravatar.com\/avatar\/2d6b802f7720c2ec7744dcbe608cc2f3417aeb964d58b443c6d612b77531de1d?s=96&d=mm&r=g\",\"contentUrl\":\"https:\/\/secure.gravatar.com\/avatar\/2d6b802f7720c2ec7744dcbe608cc2f3417aeb964d58b443c6d612b77531de1d?s=96&d=mm&r=g\",\"caption\":\"Gregory Quintana Montiel\"},\"description\":\"Licenciatura en Ciencias de la Comunicaci\u00f3n Social, egresado en la Especializaci\u00f3n Derecho Ambiental Desarrollo Sostenible y Sustentable, Miembro de la Comunidad de profesionales y experto para Latinoam\u00e9rica y el Caribe en Gesti\u00f3n por Resultado en el Desarrollo (COPLAC - GpRD) del Banco Interamericano de Desarrollo, experiencia en medios radiales y escritos.\",\"sameAs\":[\"https:\/\/x.com\/gdgregori1\",\"gquintana\"],\"url\":\"https:\/\/noti-america.com\/site\/ecuador\/author\/gquintana\/\"}]}<\/script>\n<!-- \/ Yoast SEO Premium plugin. -->","yoast_head_json":{"title":"100 mil estudiantes 47 unidades educativas de Quito y Cuenca participan en Campa\u00f1a de Educaci\u00f3n Ambiental \u2018B\u00e1jale al pl\u00e1stico\u2019 - Ecuador | Noti-America.com","robots":{"index":"index","follow":"follow","max-snippet":"max-snippet:-1","max-image-preview":"max-image-preview:large","max-video-preview":"max-video-preview:-1"},"canonical":"https:\/\/noti-america.com\/site\/ecuador\/2020\/01\/13\/100-mil-estudiantes-47-unidades-educativas-de-quito-y-cuenca-participan-en-campana-de-educacion-ambiental-bajale-al-plastico\/","og_locale":"es_ES","og_type":"article","og_title":"100 mil estudiantes 47 unidades educativas de Quito y Cuenca participan en Campa\u00f1a de Educaci\u00f3n Ambiental \u2018B\u00e1jale al pl\u00e1stico\u2019","og_description":"REDACCI\u00d3N NOTI AM\u00c9RICA (ECUADOR) La Unidad Educativa Juan Montalvo de Quito, fue el escenario en el cual los Ministros del Ambiente, Ra\u00fal Clemente Ledesma Huerta, y de Educaci\u00f3n, Monserrat Creamer presentaron la Campa\u00f1a de&#46;&#46;&#46;","og_url":"https:\/\/noti-america.com\/site\/ecuador\/2020\/01\/13\/100-mil-estudiantes-47-unidades-educativas-de-quito-y-cuenca-participan-en-campana-de-educacion-ambiental-bajale-al-plastico\/","og_site_name":"Ecuador | Noti-America.com","article_published_time":"2020-01-13T23:54:17+00:00","article_modified_time":"2020-01-13T23:55:45+00:00","og_image":[{"width":720,"height":450,"url":"https:\/\/noti-america.com\/site\/ecuador\/wp-content\/uploads\/sites\/18\/2020\/01\/bajale-al-plastico-una-campana-de-educacion-ambiental-ecuador221.com_.ec_.jpeg","type":"image\/jpeg"}],"author":"Gregory Quintana Montiel","twitter_card":"summary_large_image","twitter_creator":"@gdgregori1","twitter_site":"@notiamerica","twitter_misc":{"Escrito por":"Gregory Quintana Montiel","Tiempo estimado de lectura":"2 minutos"},"schema":{"@context":"https:\/\/schema.org","@graph":[{"@type":"Article","@id":"https:\/\/noti-america.com\/site\/ecuador\/2020\/01\/13\/100-mil-estudiantes-47-unidades-educativas-de-quito-y-cuenca-participan-en-campana-de-educacion-ambiental-bajale-al-plastico\/#article","isPartOf":{"@id":"https:\/\/noti-america.com\/site\/ecuador\/2020\/01\/13\/100-mil-estudiantes-47-unidades-educativas-de-quito-y-cuenca-participan-en-campana-de-educacion-ambiental-bajale-al-plastico\/"},"author":{"name":"Gregory Quintana Montiel","@id":"https:\/\/noti-america.com\/site\/ecuador\/#\/schema\/person\/3b975e42f15abfe64bfe3abdd916efda"},"headline":"100 mil estudiantes 47 unidades educativas de Quito y Cuenca participan en Campa\u00f1a de Educaci\u00f3n Ambiental \u2018B\u00e1jale al pl\u00e1stico\u2019","datePublished":"2020-01-13T23:54:17+00:00","dateModified":"2020-01-13T23:55:45+00:00","mainEntityOfPage":{"@id":"https:\/\/noti-america.com\/site\/ecuador\/2020\/01\/13\/100-mil-estudiantes-47-unidades-educativas-de-quito-y-cuenca-participan-en-campana-de-educacion-ambiental-bajale-al-plastico\/"},"wordCount":406,"commentCount":0,"publisher":{"@id":"https:\/\/noti-america.com\/site\/ecuador\/#organization"},"image":{"@id":"https:\/\/noti-america.com\/site\/ecuador\/2020\/01\/13\/100-mil-estudiantes-47-unidades-educativas-de-quito-y-cuenca-participan-en-campana-de-educacion-ambiental-bajale-al-plastico\/#primaryimage"},"thumbnailUrl":"https:\/\/noti-america.com\/site\/ecuador\/wp-content\/uploads\/sites\/18\/2020\/01\/bajale-al-plastico-una-campana-de-educacion-ambiental-ecuador221.com_.ec_.jpeg","articleSection":["Ambiental"],"inLanguage":"es","potentialAction":[{"@type":"CommentAction","name":"Comment","target":["https:\/\/noti-america.com\/site\/ecuador\/2020\/01\/13\/100-mil-estudiantes-47-unidades-educativas-de-quito-y-cuenca-participan-en-campana-de-educacion-ambiental-bajale-al-plastico\/#respond"]}]},{"@type":"WebPage","@id":"https:\/\/noti-america.com\/site\/ecuador\/2020\/01\/13\/100-mil-estudiantes-47-unidades-educativas-de-quito-y-cuenca-participan-en-campana-de-educacion-ambiental-bajale-al-plastico\/","url":"https:\/\/noti-america.com\/site\/ecuador\/2020\/01\/13\/100-mil-estudiantes-47-unidades-educativas-de-quito-y-cuenca-participan-en-campana-de-educacion-ambiental-bajale-al-plastico\/","name":"100 mil estudiantes 47 unidades educativas de Quito y Cuenca participan en Campa\u00f1a de Educaci\u00f3n Ambiental \u2018B\u00e1jale al pl\u00e1stico\u2019 - Ecuador | Noti-America.com","isPartOf":{"@id":"https:\/\/noti-america.com\/site\/ecuador\/#website"},"primaryImageOfPage":{"@id":"https:\/\/noti-america.com\/site\/ecuador\/2020\/01\/13\/100-mil-estudiantes-47-unidades-educativas-de-quito-y-cuenca-participan-en-campana-de-educacion-ambiental-bajale-al-plastico\/#primaryimage"},"image":{"@id":"https:\/\/noti-america.com\/site\/ecuador\/2020\/01\/13\/100-mil-estudiantes-47-unidades-educativas-de-quito-y-cuenca-participan-en-campana-de-educacion-ambiental-bajale-al-plastico\/#primaryimage"},"thumbnailUrl":"https:\/\/noti-america.com\/site\/ecuador\/wp-content\/uploads\/sites\/18\/2020\/01\/bajale-al-plastico-una-campana-de-educacion-ambiental-ecuador221.com_.ec_.jpeg","datePublished":"2020-01-13T23:54:17+00:00","dateModified":"2020-01-13T23:55:45+00:00","breadcrumb":{"@id":"https:\/\/noti-america.com\/site\/ecuador\/2020\/01\/13\/100-mil-estudiantes-47-unidades-educativas-de-quito-y-cuenca-participan-en-campana-de-educacion-ambiental-bajale-al-plastico\/#breadcrumb"},"inLanguage":"es","potentialAction":[{"@type":"ReadAction","target":["https:\/\/noti-america.com\/site\/ecuador\/2020\/01\/13\/100-mil-estudiantes-47-unidades-educativas-de-quito-y-cuenca-participan-en-campana-de-educacion-ambiental-bajale-al-plastico\/"]}]},{"@type":"ImageObject","inLanguage":"es","@id":"https:\/\/noti-america.com\/site\/ecuador\/2020\/01\/13\/100-mil-estudiantes-47-unidades-educativas-de-quito-y-cuenca-participan-en-campana-de-educacion-ambiental-bajale-al-plastico\/#primaryimage","url":"https:\/\/noti-america.com\/site\/ecuador\/wp-content\/uploads\/sites\/18\/2020\/01\/bajale-al-plastico-una-campana-de-educacion-ambiental-ecuador221.com_.ec_.jpeg","contentUrl":"https:\/\/noti-america.com\/site\/ecuador\/wp-content\/uploads\/sites\/18\/2020\/01\/bajale-al-plastico-una-campana-de-educacion-ambiental-ecuador221.com_.ec_.jpeg","width":720,"height":450},{"@type":"BreadcrumbList","@id":"https:\/\/noti-america.com\/site\/ecuador\/2020\/01\/13\/100-mil-estudiantes-47-unidades-educativas-de-quito-y-cuenca-participan-en-campana-de-educacion-ambiental-bajale-al-plastico\/#breadcrumb","itemListElement":[{"@type":"ListItem","position":1,"name":"Portada","item":"https:\/\/noti-america.com\/site\/ecuador\/"},{"@type":"ListItem","position":2,"name":"100 mil estudiantes 47 unidades educativas de Quito y Cuenca participan en Campa\u00f1a de Educaci\u00f3n Ambiental \u2018B\u00e1jale al pl\u00e1stico\u2019"}]},{"@type":"WebSite","@id":"https:\/\/noti-america.com\/site\/ecuador\/#website","url":"https:\/\/noti-america.com\/site\/ecuador\/","name":"Ecuador | Noti-America.com","description":"","publisher":{"@id":"https:\/\/noti-america.com\/site\/ecuador\/#organization"},"potentialAction":[{"@type":"SearchAction","target":{"@type":"EntryPoint","urlTemplate":"https:\/\/noti-america.com\/site\/ecuador\/?s={search_term_string}"},"query-input":{"@type":"PropertyValueSpecification","valueRequired":true,"valueName":"search_term_string"}}],"inLanguage":"es"},{"@type":"Organization","@id":"https:\/\/noti-america.com\/site\/ecuador\/#organization","name":"Noti-America LLC | Ecuador","url":"https:\/\/noti-america.com\/site\/ecuador\/","logo":{"@type":"ImageObject","inLanguage":"es","@id":"https:\/\/noti-america.com\/site\/ecuador\/#\/schema\/logo\/image\/","url":"https:\/\/noti-america.com\/site\/ecuador\/wp-content\/uploads\/sites\/18\/2020\/07\/LogoNA-4x3-1.jpg","contentUrl":"https:\/\/noti-america.com\/site\/ecuador\/wp-content\/uploads\/sites\/18\/2020\/07\/LogoNA-4x3-1.jpg","width":1236,"height":1080,"caption":"Noti-America LLC | Ecuador"},"image":{"@id":"https:\/\/noti-america.com\/site\/ecuador\/#\/schema\/logo\/image\/"},"sameAs":["https:\/\/x.com\/notiamerica"]},{"@type":"Person","@id":"https:\/\/noti-america.com\/site\/ecuador\/#\/schema\/person\/3b975e42f15abfe64bfe3abdd916efda","name":"Gregory Quintana Montiel","image":{"@type":"ImageObject","inLanguage":"es","@id":"https:\/\/secure.gravatar.com\/avatar\/2d6b802f7720c2ec7744dcbe608cc2f3417aeb964d58b443c6d612b77531de1d?s=96&d=mm&r=g","url":"https:\/\/secure.gravatar.com\/avatar\/2d6b802f7720c2ec7744dcbe608cc2f3417aeb964d58b443c6d612b77531de1d?s=96&d=mm&r=g","contentUrl":"https:\/\/secure.gravatar.com\/avatar\/2d6b802f7720c2ec7744dcbe608cc2f3417aeb964d58b443c6d612b77531de1d?s=96&d=mm&r=g","caption":"Gregory Quintana Montiel"},"description":"Licenciatura en Ciencias de la Comunicaci\u00f3n Social, egresado en la Especializaci\u00f3n Derecho Ambiental Desarrollo Sostenible y Sustentable, Miembro de la Comunidad de profesionales y experto para Latinoam\u00e9rica y el Caribe en Gesti\u00f3n por Resultado en el Desarrollo (COPLAC - GpRD) del Banco Interamericano de Desarrollo, experiencia en medios radiales y escritos.","sameAs":["https:\/\/x.com\/gdgregori1","gquintana"],"url":"https:\/\/noti-america.com\/site\/ecuador\/author\/gquintana\/"}]}},"_links":{"self":[{"href":"https:\/\/noti-america.com\/site\/ecuador\/wp-json\/wp\/v2\/posts\/7052","targetHints":{"allow":["GET"]}}],"collection":[{"href":"https:\/\/noti-america.com\/site\/ecuador\/wp-json\/wp\/v2\/posts"}],"about":[{"href":"https:\/\/noti-america.com\/site\/ecuador\/wp-json\/wp\/v2\/types\/post"}],"author":[{"embeddable":true,"href":"https:\/\/noti-america.com\/site\/ecuador\/wp-json\/wp\/v2\/users\/17"}],"replies":[{"embeddable":true,"href":"https:\/\/noti-america.com\/site\/ecuador\/wp-json\/wp\/v2\/comments?post=7052"}],"version-history":[{"count":1,"href":"https:\/\/noti-america.com\/site\/ecuador\/wp-json\/wp\/v2\/posts\/7052\/revisions"}],"predecessor-version":[{"id":7055,"href":"https:\/\/noti-america.com\/site\/ecuador\/wp-json\/wp\/v2\/posts\/7052\/revisions\/7055"}],"wp:featuredmedia":[{"embeddable":true,"href":"https:\/\/noti-america.com\/site\/ecuador\/wp-json\/wp\/v2\/media\/7053"}],"wp:attachment":[{"href":"https:\/\/noti-america.com\/site\/ecuador\/wp-json\/wp\/v2\/media?parent=7052"}],"wp:term":[{"taxonomy":"category","embeddable":true,"href":"https:\/\/noti-america.com\/site\/ecuador\/wp-json\/wp\/v2\/categories?post=7052"},{"taxonomy":"post_tag","embeddable":true,"href":"https:\/\/noti-america.com\/site\/ecuador\/wp-json\/wp\/v2\/tags?post=7052"}],"curies":[{"name":"wp","href":"https:\/\/api.w.org\/{rel}","templated":true}]}}