{"id":705,"date":"2018-02-27T04:11:37","date_gmt":"2018-02-27T04:11:37","guid":{"rendered":"http:\/\/noti-america.com\/site\/ecuador\/?p=705"},"modified":"2018-02-27T04:15:10","modified_gmt":"2018-02-27T04:15:10","slug":"baca-mancheno-fiscal-general-del-estado-revela-comprometedor-audio-de-dialogo-entre-polit-y-serrano","status":"publish","type":"post","link":"https:\/\/noti-america.com\/site\/ecuador\/2018\/02\/27\/baca-mancheno-fiscal-general-del-estado-revela-comprometedor-audio-de-dialogo-entre-polit-y-serrano\/","title":{"rendered":"BACA MANCHENO FISCAL GENERAL DEL ESTADO REVELA COMPROMETEDOR AUDIO DE DI\u00c1LOGO ENTRE POLIT Y SERRANO EN DONDE PLANIFICAN DESTITUIRLO"},"content":{"rendered":"<p>Dentro de las secuelas de los actos de corrupci\u00f3n surgido en el anterior r\u00e9gimen, siguen apareciendo actos que averg\u00fcenzan a la sociedad ecuatoriana, esto se da porque un gran porcentaje de funcionario\u00a0 del correismo\u00a0 sigue en puestos claves del nuevo gobierno. A esto se suma la nueva denuncia que el\u00a0 Fiscal General del Estado, Carlos Baca Mancheno, ha presentado esta ma\u00f1ana en una rueda de prensa sobre un audio de una conversaci\u00f3n telef\u00f3nica entre el excontralor Carlos Polit, pr\u00f3fugo en Miami, y el presidente de la Asamblea Nacional Jos\u00e9 Serrano, en el que hablan de ponerse de acuerdo para destituirlo del cargo \u201cantes que termine el a\u00f1o.<\/p>\n<div>En dicha conversaci\u00f3n se evidenciar\u00eda el presunto inter\u00e9s de Serrano de sacar al Fiscal General del Estado de sus funciones \u201cantes de que se termine el a\u00f1o\u201d ya que \u201c\u00e9l no est\u00e1 dispuesto a cumplir con ning\u00fan acuerdo\u201d, seg\u00fan dio a conocer Baca. Ante este audio, el Fiscal General de estado record\u00f3 que \u201cEl pasado 17 de enero de 2018, le anticip\u00e9 al pa\u00eds que detr\u00e1s de los ataques al Fiscal General del Estado se ocultaban oscuros y poderosos intereses de personas con fuero de Corte Nacional para quienes el Fiscal resultaba un peligro.\u201d<\/div>\n<div><\/div>\n<div>En dicho audio tambi\u00e9n se evidencia el intercambio y la manipulaci\u00f3n de documentos en complicidad de \u201cla amiga\u201d, ante lo que Baca Mancheno manifest\u00f3 que \u201cIndependientemente de que me mantenga o no como Fiscal General del Estado, el Ecuador entero debe conocer esta evidencia del contubernio para impedir que sigamos combatiendo la corrupci\u00f3n, as\u00ed como para que se entienda por qu\u00e9 durante todas estas semanas he sido atacado sin sentido, ni raz\u00f3n. Ustedes lo han escuchado: no cesar\u00e1n en su cometido, tal vez con nuevas mentiras y forjamientos, tal vez con otros o los mismos mediocres operadores o tal vez con otros m\u00e9todos.\u201d Para finalizar el Fiscal responsabiliz\u00f3 a Jos\u00e9 Serrano de cualquier ataque a su vida, la de su familia y sus colaboradores.<\/div>\n<div><\/div>\n<div>Cabe recalcar que la fiscal general subrogante, Thania Moreno, inici\u00f3 una investigaci\u00f3n previa contra Baca por su presunta participaci\u00f3n en el delito de peculado, debido a\u00a0un informe con indicios de responsabilidad penal, cuando \u00e9l se desempe\u00f1\u00f3 como presidente de la Comisi\u00f3n 30-S, instancia designada por el entonces mandatario Rafael Correa por la revuelta policial del 30 de septiembre de 2010.<\/div>\n<div><\/div>\n","protected":false},"excerpt":{"rendered":"<p>Dentro de las secuelas de los actos de corrupci\u00f3n surgido en el anterior r\u00e9gimen, siguen apareciendo actos que averg\u00fcenzan a la sociedad ecuatoriana, esto se da porque un gran porcentaje de funcionario\u00a0 del correismo\u00a0&#46;&#46;&#46;<\/p>\n","protected":false},"author":17,"featured_media":706,"comment_status":"open","ping_status":"open","sticky":false,"template":"","format":"standard","meta":{"_acf_changed":false,"om_disable_all_campaigns":false,"rop_custom_images_group":[],"rop_custom_messages_group":[],"rop_publish_now":"initial","rop_publish_now_accounts":{"twitter_242054905_242054905":""},"rop_publish_now_history":[],"rop_publish_now_status":"pending","_uf_show_specific_survey":0,"_uf_disable_surveys":false,"footnotes":""},"categories":[1],"tags":[],"class_list":["post-705","post","type-post","status-publish","format-standard","has-post-thumbnail","hentry","category-uncategorized"],"acf":[],"aioseo_notices":[],"yoast_head":"<!-- This site is optimized with the Yoast SEO Premium plugin v24.9 (Yoast SEO v27.2) - https:\/\/yoast.com\/product\/yoast-seo-premium-wordpress\/ -->\n<title>BACA MANCHENO FISCAL GENERAL DEL ESTADO REVELA COMPROMETEDOR AUDIO DE DI\u00c1LOGO ENTRE POLIT Y SERRANO EN DONDE PLANIFICAN DESTITUIRLO - Ecuador | Noti-America.com<\/title>\n<meta name=\"robots\" content=\"index, follow, max-snippet:-1, max-image-preview:large, max-video-preview:-1\" \/>\n<link rel=\"canonical\" href=\"https:\/\/noti-america.com\/site\/ecuador\/2018\/02\/27\/baca-mancheno-fiscal-general-del-estado-revela-comprometedor-audio-de-dialogo-entre-polit-y-serrano\/\" \/>\n<meta property=\"og:locale\" content=\"es_ES\" \/>\n<meta property=\"og:type\" content=\"article\" \/>\n<meta property=\"og:title\" content=\"BACA MANCHENO FISCAL GENERAL DEL ESTADO REVELA COMPROMETEDOR AUDIO DE DI\u00c1LOGO ENTRE POLIT Y SERRANO EN DONDE PLANIFICAN DESTITUIRLO\" \/>\n<meta property=\"og:description\" content=\"Dentro de las secuelas de los actos de corrupci\u00f3n surgido en el anterior r\u00e9gimen, siguen apareciendo actos que averg\u00fcenzan a la sociedad ecuatoriana, esto se da porque un gran porcentaje de funcionario\u00a0 del correismo\u00a0&#046;&#046;&#046;\" \/>\n<meta property=\"og:url\" content=\"https:\/\/noti-america.com\/site\/ecuador\/2018\/02\/27\/baca-mancheno-fiscal-general-del-estado-revela-comprometedor-audio-de-dialogo-entre-polit-y-serrano\/\" \/>\n<meta property=\"og:site_name\" content=\"Ecuador | Noti-America.com\" \/>\n<meta property=\"article:published_time\" content=\"2018-02-27T04:11:37+00:00\" \/>\n<meta property=\"article:modified_time\" content=\"2018-02-27T04:15:10+00:00\" \/>\n<meta property=\"og:image\" content=\"https:\/\/noti-america.com\/site\/ecuador\/wp-content\/uploads\/sites\/18\/2018\/02\/FOTO-DEL-FISCA-CARLOS-BACA.jpg\" \/>\n\t<meta property=\"og:image:width\" content=\"318\" \/>\n\t<meta property=\"og:image:height\" content=\"159\" \/>\n\t<meta property=\"og:image:type\" content=\"image\/jpeg\" \/>\n<meta name=\"author\" content=\"Gregory Quintana Montiel\" \/>\n<meta name=\"twitter:card\" content=\"summary_large_image\" \/>\n<meta name=\"twitter:creator\" content=\"@gdgregori1\" \/>\n<meta name=\"twitter:site\" content=\"@notiamerica\" \/>\n<meta name=\"twitter:label1\" content=\"Escrito por\" \/>\n\t<meta name=\"twitter:data1\" content=\"Gregory Quintana Montiel\" \/>\n\t<meta name=\"twitter:label2\" content=\"Tiempo estimado de lectura\" \/>\n\t<meta name=\"twitter:data2\" content=\"2 minutos\" \/>\n<script type=\"application\/ld+json\" class=\"yoast-schema-graph\">{\"@context\":\"https:\/\/schema.org\",\"@graph\":[{\"@type\":\"Article\",\"@id\":\"https:\/\/noti-america.com\/site\/ecuador\/2018\/02\/27\/baca-mancheno-fiscal-general-del-estado-revela-comprometedor-audio-de-dialogo-entre-polit-y-serrano\/#article\",\"isPartOf\":{\"@id\":\"https:\/\/noti-america.com\/site\/ecuador\/2018\/02\/27\/baca-mancheno-fiscal-general-del-estado-revela-comprometedor-audio-de-dialogo-entre-polit-y-serrano\/\"},\"author\":{\"name\":\"Gregory Quintana Montiel\",\"@id\":\"https:\/\/noti-america.com\/site\/ecuador\/#\/schema\/person\/3b975e42f15abfe64bfe3abdd916efda\"},\"headline\":\"BACA MANCHENO FISCAL GENERAL DEL ESTADO REVELA COMPROMETEDOR AUDIO DE DI\u00c1LOGO ENTRE POLIT Y SERRANO EN DONDE PLANIFICAN DESTITUIRLO\",\"datePublished\":\"2018-02-27T04:11:37+00:00\",\"dateModified\":\"2018-02-27T04:15:10+00:00\",\"mainEntityOfPage\":{\"@id\":\"https:\/\/noti-america.com\/site\/ecuador\/2018\/02\/27\/baca-mancheno-fiscal-general-del-estado-revela-comprometedor-audio-de-dialogo-entre-polit-y-serrano\/\"},\"wordCount\":427,\"commentCount\":0,\"publisher\":{\"@id\":\"https:\/\/noti-america.com\/site\/ecuador\/#organization\"},\"image\":{\"@id\":\"https:\/\/noti-america.com\/site\/ecuador\/2018\/02\/27\/baca-mancheno-fiscal-general-del-estado-revela-comprometedor-audio-de-dialogo-entre-polit-y-serrano\/#primaryimage\"},\"thumbnailUrl\":\"https:\/\/noti-america.com\/site\/ecuador\/wp-content\/uploads\/sites\/18\/2018\/02\/FOTO-DEL-FISCA-CARLOS-BACA.jpg\",\"articleSection\":[\"Uncategorized\"],\"inLanguage\":\"es\",\"potentialAction\":[{\"@type\":\"CommentAction\",\"name\":\"Comment\",\"target\":[\"https:\/\/noti-america.com\/site\/ecuador\/2018\/02\/27\/baca-mancheno-fiscal-general-del-estado-revela-comprometedor-audio-de-dialogo-entre-polit-y-serrano\/#respond\"]}]},{\"@type\":\"WebPage\",\"@id\":\"https:\/\/noti-america.com\/site\/ecuador\/2018\/02\/27\/baca-mancheno-fiscal-general-del-estado-revela-comprometedor-audio-de-dialogo-entre-polit-y-serrano\/\",\"url\":\"https:\/\/noti-america.com\/site\/ecuador\/2018\/02\/27\/baca-mancheno-fiscal-general-del-estado-revela-comprometedor-audio-de-dialogo-entre-polit-y-serrano\/\",\"name\":\"BACA MANCHENO FISCAL GENERAL DEL ESTADO REVELA COMPROMETEDOR AUDIO DE DI\u00c1LOGO ENTRE POLIT Y SERRANO EN DONDE PLANIFICAN DESTITUIRLO - Ecuador | Noti-America.com\",\"isPartOf\":{\"@id\":\"https:\/\/noti-america.com\/site\/ecuador\/#website\"},\"primaryImageOfPage\":{\"@id\":\"https:\/\/noti-america.com\/site\/ecuador\/2018\/02\/27\/baca-mancheno-fiscal-general-del-estado-revela-comprometedor-audio-de-dialogo-entre-polit-y-serrano\/#primaryimage\"},\"image\":{\"@id\":\"https:\/\/noti-america.com\/site\/ecuador\/2018\/02\/27\/baca-mancheno-fiscal-general-del-estado-revela-comprometedor-audio-de-dialogo-entre-polit-y-serrano\/#primaryimage\"},\"thumbnailUrl\":\"https:\/\/noti-america.com\/site\/ecuador\/wp-content\/uploads\/sites\/18\/2018\/02\/FOTO-DEL-FISCA-CARLOS-BACA.jpg\",\"datePublished\":\"2018-02-27T04:11:37+00:00\",\"dateModified\":\"2018-02-27T04:15:10+00:00\",\"breadcrumb\":{\"@id\":\"https:\/\/noti-america.com\/site\/ecuador\/2018\/02\/27\/baca-mancheno-fiscal-general-del-estado-revela-comprometedor-audio-de-dialogo-entre-polit-y-serrano\/#breadcrumb\"},\"inLanguage\":\"es\",\"potentialAction\":[{\"@type\":\"ReadAction\",\"target\":[\"https:\/\/noti-america.com\/site\/ecuador\/2018\/02\/27\/baca-mancheno-fiscal-general-del-estado-revela-comprometedor-audio-de-dialogo-entre-polit-y-serrano\/\"]}]},{\"@type\":\"ImageObject\",\"inLanguage\":\"es\",\"@id\":\"https:\/\/noti-america.com\/site\/ecuador\/2018\/02\/27\/baca-mancheno-fiscal-general-del-estado-revela-comprometedor-audio-de-dialogo-entre-polit-y-serrano\/#primaryimage\",\"url\":\"https:\/\/noti-america.com\/site\/ecuador\/wp-content\/uploads\/sites\/18\/2018\/02\/FOTO-DEL-FISCA-CARLOS-BACA.jpg\",\"contentUrl\":\"https:\/\/noti-america.com\/site\/ecuador\/wp-content\/uploads\/sites\/18\/2018\/02\/FOTO-DEL-FISCA-CARLOS-BACA.jpg\",\"width\":318,\"height\":159},{\"@type\":\"BreadcrumbList\",\"@id\":\"https:\/\/noti-america.com\/site\/ecuador\/2018\/02\/27\/baca-mancheno-fiscal-general-del-estado-revela-comprometedor-audio-de-dialogo-entre-polit-y-serrano\/#breadcrumb\",\"itemListElement\":[{\"@type\":\"ListItem\",\"position\":1,\"name\":\"Portada\",\"item\":\"https:\/\/noti-america.com\/site\/ecuador\/\"},{\"@type\":\"ListItem\",\"position\":2,\"name\":\"BACA MANCHENO FISCAL GENERAL DEL ESTADO REVELA COMPROMETEDOR AUDIO DE DI\u00c1LOGO ENTRE POLIT Y SERRANO EN DONDE PLANIFICAN DESTITUIRLO\"}]},{\"@type\":\"WebSite\",\"@id\":\"https:\/\/noti-america.com\/site\/ecuador\/#website\",\"url\":\"https:\/\/noti-america.com\/site\/ecuador\/\",\"name\":\"Ecuador | Noti-America.com\",\"description\":\"\",\"publisher\":{\"@id\":\"https:\/\/noti-america.com\/site\/ecuador\/#organization\"},\"potentialAction\":[{\"@type\":\"SearchAction\",\"target\":{\"@type\":\"EntryPoint\",\"urlTemplate\":\"https:\/\/noti-america.com\/site\/ecuador\/?s={search_term_string}\"},\"query-input\":{\"@type\":\"PropertyValueSpecification\",\"valueRequired\":true,\"valueName\":\"search_term_string\"}}],\"inLanguage\":\"es\"},{\"@type\":\"Organization\",\"@id\":\"https:\/\/noti-america.com\/site\/ecuador\/#organization\",\"name\":\"Noti-America LLC | Ecuador\",\"url\":\"https:\/\/noti-america.com\/site\/ecuador\/\",\"logo\":{\"@type\":\"ImageObject\",\"inLanguage\":\"es\",\"@id\":\"https:\/\/noti-america.com\/site\/ecuador\/#\/schema\/logo\/image\/\",\"url\":\"https:\/\/noti-america.com\/site\/ecuador\/wp-content\/uploads\/sites\/18\/2020\/07\/LogoNA-4x3-1.jpg\",\"contentUrl\":\"https:\/\/noti-america.com\/site\/ecuador\/wp-content\/uploads\/sites\/18\/2020\/07\/LogoNA-4x3-1.jpg\",\"width\":1236,\"height\":1080,\"caption\":\"Noti-America LLC | Ecuador\"},\"image\":{\"@id\":\"https:\/\/noti-america.com\/site\/ecuador\/#\/schema\/logo\/image\/\"},\"sameAs\":[\"https:\/\/x.com\/notiamerica\"]},{\"@type\":\"Person\",\"@id\":\"https:\/\/noti-america.com\/site\/ecuador\/#\/schema\/person\/3b975e42f15abfe64bfe3abdd916efda\",\"name\":\"Gregory Quintana Montiel\",\"image\":{\"@type\":\"ImageObject\",\"inLanguage\":\"es\",\"@id\":\"https:\/\/secure.gravatar.com\/avatar\/2d6b802f7720c2ec7744dcbe608cc2f3417aeb964d58b443c6d612b77531de1d?s=96&d=mm&r=g\",\"url\":\"https:\/\/secure.gravatar.com\/avatar\/2d6b802f7720c2ec7744dcbe608cc2f3417aeb964d58b443c6d612b77531de1d?s=96&d=mm&r=g\",\"contentUrl\":\"https:\/\/secure.gravatar.com\/avatar\/2d6b802f7720c2ec7744dcbe608cc2f3417aeb964d58b443c6d612b77531de1d?s=96&d=mm&r=g\",\"caption\":\"Gregory Quintana Montiel\"},\"description\":\"Licenciatura en Ciencias de la Comunicaci\u00f3n Social, egresado en la Especializaci\u00f3n Derecho Ambiental Desarrollo Sostenible y Sustentable, Miembro de la Comunidad de profesionales y experto para Latinoam\u00e9rica y el Caribe en Gesti\u00f3n por Resultado en el Desarrollo (COPLAC - GpRD) del Banco Interamericano de Desarrollo, experiencia en medios radiales y escritos.\",\"sameAs\":[\"https:\/\/x.com\/gdgregori1\",\"gquintana\"],\"url\":\"https:\/\/noti-america.com\/site\/ecuador\/author\/gquintana\/\"}]}<\/script>\n<!-- \/ Yoast SEO Premium plugin. -->","yoast_head_json":{"title":"BACA MANCHENO FISCAL GENERAL DEL ESTADO REVELA COMPROMETEDOR AUDIO DE DI\u00c1LOGO ENTRE POLIT Y SERRANO EN DONDE PLANIFICAN DESTITUIRLO - Ecuador | Noti-America.com","robots":{"index":"index","follow":"follow","max-snippet":"max-snippet:-1","max-image-preview":"max-image-preview:large","max-video-preview":"max-video-preview:-1"},"canonical":"https:\/\/noti-america.com\/site\/ecuador\/2018\/02\/27\/baca-mancheno-fiscal-general-del-estado-revela-comprometedor-audio-de-dialogo-entre-polit-y-serrano\/","og_locale":"es_ES","og_type":"article","og_title":"BACA MANCHENO FISCAL GENERAL DEL ESTADO REVELA COMPROMETEDOR AUDIO DE DI\u00c1LOGO ENTRE POLIT Y SERRANO EN DONDE PLANIFICAN DESTITUIRLO","og_description":"Dentro de las secuelas de los actos de corrupci\u00f3n surgido en el anterior r\u00e9gimen, siguen apareciendo actos que averg\u00fcenzan a la sociedad ecuatoriana, esto se da porque un gran porcentaje de funcionario\u00a0 del correismo\u00a0&#46;&#46;&#46;","og_url":"https:\/\/noti-america.com\/site\/ecuador\/2018\/02\/27\/baca-mancheno-fiscal-general-del-estado-revela-comprometedor-audio-de-dialogo-entre-polit-y-serrano\/","og_site_name":"Ecuador | Noti-America.com","article_published_time":"2018-02-27T04:11:37+00:00","article_modified_time":"2018-02-27T04:15:10+00:00","og_image":[{"width":318,"height":159,"url":"https:\/\/noti-america.com\/site\/ecuador\/wp-content\/uploads\/sites\/18\/2018\/02\/FOTO-DEL-FISCA-CARLOS-BACA.jpg","type":"image\/jpeg"}],"author":"Gregory Quintana Montiel","twitter_card":"summary_large_image","twitter_creator":"@gdgregori1","twitter_site":"@notiamerica","twitter_misc":{"Escrito por":"Gregory Quintana Montiel","Tiempo estimado de lectura":"2 minutos"},"schema":{"@context":"https:\/\/schema.org","@graph":[{"@type":"Article","@id":"https:\/\/noti-america.com\/site\/ecuador\/2018\/02\/27\/baca-mancheno-fiscal-general-del-estado-revela-comprometedor-audio-de-dialogo-entre-polit-y-serrano\/#article","isPartOf":{"@id":"https:\/\/noti-america.com\/site\/ecuador\/2018\/02\/27\/baca-mancheno-fiscal-general-del-estado-revela-comprometedor-audio-de-dialogo-entre-polit-y-serrano\/"},"author":{"name":"Gregory Quintana Montiel","@id":"https:\/\/noti-america.com\/site\/ecuador\/#\/schema\/person\/3b975e42f15abfe64bfe3abdd916efda"},"headline":"BACA MANCHENO FISCAL GENERAL DEL ESTADO REVELA COMPROMETEDOR AUDIO DE DI\u00c1LOGO ENTRE POLIT Y SERRANO EN DONDE PLANIFICAN DESTITUIRLO","datePublished":"2018-02-27T04:11:37+00:00","dateModified":"2018-02-27T04:15:10+00:00","mainEntityOfPage":{"@id":"https:\/\/noti-america.com\/site\/ecuador\/2018\/02\/27\/baca-mancheno-fiscal-general-del-estado-revela-comprometedor-audio-de-dialogo-entre-polit-y-serrano\/"},"wordCount":427,"commentCount":0,"publisher":{"@id":"https:\/\/noti-america.com\/site\/ecuador\/#organization"},"image":{"@id":"https:\/\/noti-america.com\/site\/ecuador\/2018\/02\/27\/baca-mancheno-fiscal-general-del-estado-revela-comprometedor-audio-de-dialogo-entre-polit-y-serrano\/#primaryimage"},"thumbnailUrl":"https:\/\/noti-america.com\/site\/ecuador\/wp-content\/uploads\/sites\/18\/2018\/02\/FOTO-DEL-FISCA-CARLOS-BACA.jpg","articleSection":["Uncategorized"],"inLanguage":"es","potentialAction":[{"@type":"CommentAction","name":"Comment","target":["https:\/\/noti-america.com\/site\/ecuador\/2018\/02\/27\/baca-mancheno-fiscal-general-del-estado-revela-comprometedor-audio-de-dialogo-entre-polit-y-serrano\/#respond"]}]},{"@type":"WebPage","@id":"https:\/\/noti-america.com\/site\/ecuador\/2018\/02\/27\/baca-mancheno-fiscal-general-del-estado-revela-comprometedor-audio-de-dialogo-entre-polit-y-serrano\/","url":"https:\/\/noti-america.com\/site\/ecuador\/2018\/02\/27\/baca-mancheno-fiscal-general-del-estado-revela-comprometedor-audio-de-dialogo-entre-polit-y-serrano\/","name":"BACA MANCHENO FISCAL GENERAL DEL ESTADO REVELA COMPROMETEDOR AUDIO DE DI\u00c1LOGO ENTRE POLIT Y SERRANO EN DONDE PLANIFICAN DESTITUIRLO - Ecuador | Noti-America.com","isPartOf":{"@id":"https:\/\/noti-america.com\/site\/ecuador\/#website"},"primaryImageOfPage":{"@id":"https:\/\/noti-america.com\/site\/ecuador\/2018\/02\/27\/baca-mancheno-fiscal-general-del-estado-revela-comprometedor-audio-de-dialogo-entre-polit-y-serrano\/#primaryimage"},"image":{"@id":"https:\/\/noti-america.com\/site\/ecuador\/2018\/02\/27\/baca-mancheno-fiscal-general-del-estado-revela-comprometedor-audio-de-dialogo-entre-polit-y-serrano\/#primaryimage"},"thumbnailUrl":"https:\/\/noti-america.com\/site\/ecuador\/wp-content\/uploads\/sites\/18\/2018\/02\/FOTO-DEL-FISCA-CARLOS-BACA.jpg","datePublished":"2018-02-27T04:11:37+00:00","dateModified":"2018-02-27T04:15:10+00:00","breadcrumb":{"@id":"https:\/\/noti-america.com\/site\/ecuador\/2018\/02\/27\/baca-mancheno-fiscal-general-del-estado-revela-comprometedor-audio-de-dialogo-entre-polit-y-serrano\/#breadcrumb"},"inLanguage":"es","potentialAction":[{"@type":"ReadAction","target":["https:\/\/noti-america.com\/site\/ecuador\/2018\/02\/27\/baca-mancheno-fiscal-general-del-estado-revela-comprometedor-audio-de-dialogo-entre-polit-y-serrano\/"]}]},{"@type":"ImageObject","inLanguage":"es","@id":"https:\/\/noti-america.com\/site\/ecuador\/2018\/02\/27\/baca-mancheno-fiscal-general-del-estado-revela-comprometedor-audio-de-dialogo-entre-polit-y-serrano\/#primaryimage","url":"https:\/\/noti-america.com\/site\/ecuador\/wp-content\/uploads\/sites\/18\/2018\/02\/FOTO-DEL-FISCA-CARLOS-BACA.jpg","contentUrl":"https:\/\/noti-america.com\/site\/ecuador\/wp-content\/uploads\/sites\/18\/2018\/02\/FOTO-DEL-FISCA-CARLOS-BACA.jpg","width":318,"height":159},{"@type":"BreadcrumbList","@id":"https:\/\/noti-america.com\/site\/ecuador\/2018\/02\/27\/baca-mancheno-fiscal-general-del-estado-revela-comprometedor-audio-de-dialogo-entre-polit-y-serrano\/#breadcrumb","itemListElement":[{"@type":"ListItem","position":1,"name":"Portada","item":"https:\/\/noti-america.com\/site\/ecuador\/"},{"@type":"ListItem","position":2,"name":"BACA MANCHENO FISCAL GENERAL DEL ESTADO REVELA COMPROMETEDOR AUDIO DE DI\u00c1LOGO ENTRE POLIT Y SERRANO EN DONDE PLANIFICAN DESTITUIRLO"}]},{"@type":"WebSite","@id":"https:\/\/noti-america.com\/site\/ecuador\/#website","url":"https:\/\/noti-america.com\/site\/ecuador\/","name":"Ecuador | Noti-America.com","description":"","publisher":{"@id":"https:\/\/noti-america.com\/site\/ecuador\/#organization"},"potentialAction":[{"@type":"SearchAction","target":{"@type":"EntryPoint","urlTemplate":"https:\/\/noti-america.com\/site\/ecuador\/?s={search_term_string}"},"query-input":{"@type":"PropertyValueSpecification","valueRequired":true,"valueName":"search_term_string"}}],"inLanguage":"es"},{"@type":"Organization","@id":"https:\/\/noti-america.com\/site\/ecuador\/#organization","name":"Noti-America LLC | Ecuador","url":"https:\/\/noti-america.com\/site\/ecuador\/","logo":{"@type":"ImageObject","inLanguage":"es","@id":"https:\/\/noti-america.com\/site\/ecuador\/#\/schema\/logo\/image\/","url":"https:\/\/noti-america.com\/site\/ecuador\/wp-content\/uploads\/sites\/18\/2020\/07\/LogoNA-4x3-1.jpg","contentUrl":"https:\/\/noti-america.com\/site\/ecuador\/wp-content\/uploads\/sites\/18\/2020\/07\/LogoNA-4x3-1.jpg","width":1236,"height":1080,"caption":"Noti-America LLC | Ecuador"},"image":{"@id":"https:\/\/noti-america.com\/site\/ecuador\/#\/schema\/logo\/image\/"},"sameAs":["https:\/\/x.com\/notiamerica"]},{"@type":"Person","@id":"https:\/\/noti-america.com\/site\/ecuador\/#\/schema\/person\/3b975e42f15abfe64bfe3abdd916efda","name":"Gregory Quintana Montiel","image":{"@type":"ImageObject","inLanguage":"es","@id":"https:\/\/secure.gravatar.com\/avatar\/2d6b802f7720c2ec7744dcbe608cc2f3417aeb964d58b443c6d612b77531de1d?s=96&d=mm&r=g","url":"https:\/\/secure.gravatar.com\/avatar\/2d6b802f7720c2ec7744dcbe608cc2f3417aeb964d58b443c6d612b77531de1d?s=96&d=mm&r=g","contentUrl":"https:\/\/secure.gravatar.com\/avatar\/2d6b802f7720c2ec7744dcbe608cc2f3417aeb964d58b443c6d612b77531de1d?s=96&d=mm&r=g","caption":"Gregory Quintana Montiel"},"description":"Licenciatura en Ciencias de la Comunicaci\u00f3n Social, egresado en la Especializaci\u00f3n Derecho Ambiental Desarrollo Sostenible y Sustentable, Miembro de la Comunidad de profesionales y experto para Latinoam\u00e9rica y el Caribe en Gesti\u00f3n por Resultado en el Desarrollo (COPLAC - GpRD) del Banco Interamericano de Desarrollo, experiencia en medios radiales y escritos.","sameAs":["https:\/\/x.com\/gdgregori1","gquintana"],"url":"https:\/\/noti-america.com\/site\/ecuador\/author\/gquintana\/"}]}},"_links":{"self":[{"href":"https:\/\/noti-america.com\/site\/ecuador\/wp-json\/wp\/v2\/posts\/705","targetHints":{"allow":["GET"]}}],"collection":[{"href":"https:\/\/noti-america.com\/site\/ecuador\/wp-json\/wp\/v2\/posts"}],"about":[{"href":"https:\/\/noti-america.com\/site\/ecuador\/wp-json\/wp\/v2\/types\/post"}],"author":[{"embeddable":true,"href":"https:\/\/noti-america.com\/site\/ecuador\/wp-json\/wp\/v2\/users\/17"}],"replies":[{"embeddable":true,"href":"https:\/\/noti-america.com\/site\/ecuador\/wp-json\/wp\/v2\/comments?post=705"}],"version-history":[{"count":3,"href":"https:\/\/noti-america.com\/site\/ecuador\/wp-json\/wp\/v2\/posts\/705\/revisions"}],"predecessor-version":[{"id":709,"href":"https:\/\/noti-america.com\/site\/ecuador\/wp-json\/wp\/v2\/posts\/705\/revisions\/709"}],"wp:featuredmedia":[{"embeddable":true,"href":"https:\/\/noti-america.com\/site\/ecuador\/wp-json\/wp\/v2\/media\/706"}],"wp:attachment":[{"href":"https:\/\/noti-america.com\/site\/ecuador\/wp-json\/wp\/v2\/media?parent=705"}],"wp:term":[{"taxonomy":"category","embeddable":true,"href":"https:\/\/noti-america.com\/site\/ecuador\/wp-json\/wp\/v2\/categories?post=705"},{"taxonomy":"post_tag","embeddable":true,"href":"https:\/\/noti-america.com\/site\/ecuador\/wp-json\/wp\/v2\/tags?post=705"}],"curies":[{"name":"wp","href":"https:\/\/api.w.org\/{rel}","templated":true}]}}