{"id":7037,"date":"2020-01-13T00:51:08","date_gmt":"2020-01-13T00:51:08","guid":{"rendered":"http:\/\/noti-america.com\/site\/ecuador\/?p=7037"},"modified":"2020-01-13T00:51:08","modified_gmt":"2020-01-13T00:51:08","slug":"gestion-de-instituciones-de-estado-seran-presentada-ante-el-pleno-de-la-asamblea","status":"publish","type":"post","link":"https:\/\/noti-america.com\/site\/ecuador\/2020\/01\/13\/gestion-de-instituciones-de-estado-seran-presentada-ante-el-pleno-de-la-asamblea\/","title":{"rendered":"Gesti\u00f3n de Instituciones de Estado ser\u00e1n presentada ante el Pleno de la Asamblea"},"content":{"rendered":"<p>REDACCI\u00d3N NOTI AM\u00c9RICA (ECUADOR)<\/p>\n<p><img loading=\"lazy\" decoding=\"async\" class=\" wp-image-7038 aligncenter\" src=\"http:\/\/noti-america.com\/site\/ecuador\/wp-content\/uploads\/sites\/18\/2020\/01\/Instituciones-Informe-anual-de-gestiones-ante-el-Pleno-de-la-Asamblea-nacional-300x200.jpg\" alt=\"\" width=\"583\" height=\"388\" srcset=\"https:\/\/noti-america.com\/site\/ecuador\/wp-content\/uploads\/sites\/18\/2020\/01\/Instituciones-Informe-anual-de-gestiones-ante-el-Pleno-de-la-Asamblea-nacional-300x200.jpg 300w, https:\/\/noti-america.com\/site\/ecuador\/wp-content\/uploads\/sites\/18\/2020\/01\/Instituciones-Informe-anual-de-gestiones-ante-el-Pleno-de-la-Asamblea-nacional-272x182.jpg 272w, https:\/\/noti-america.com\/site\/ecuador\/wp-content\/uploads\/sites\/18\/2020\/01\/Instituciones-Informe-anual-de-gestiones-ante-el-Pleno-de-la-Asamblea-nacional.jpg 420w\" sizes=\"auto, (max-width: 583px) 100vw, 583px\" \/><\/p>\n<p style=\"text-align: justify\">El presidente de la Asamblea Nacional, C\u00e9sar Litardo Caicedo, convoc\u00f3 a los legisladores a la Sesi\u00f3n 649, el pr\u00f3ximo martes 14 de enero, a las 10:00, con el fin de recibir, por parte de diversas entidades de Estado, su informe anual de labores, de conformidad con el Art. 47 de la Ley Org\u00e1nica de la Funci\u00f3n Legislativa.<\/p>\n<p style=\"text-align: justify\">La normativa se\u00f1ala que los titulares de la Fiscal\u00eda General del Estado, Tribunal Contencioso Electoral, Consejo Nacional Electoral, Defensor\u00eda P\u00fablica, Procuradur\u00eda General, Defensor\u00eda del Pueblo y cualquier otra autoridad determinada por la Ley, presentar\u00e1n ante el Pleno de la Asamblea Nacional sus informes anuales de labores, en enero de cada a\u00f1o.<\/p>\n<p style=\"text-align: justify\">Adem\u00e1s, la ley establece que el Pleno podr\u00e1 designar una comisi\u00f3n especializada para que analice los informes presentados. Una vez que conozca el informe de la comisi\u00f3n, en un solo debate, el Pleno de la Asamblea Nacional se pronunciar\u00e1 sobre el informe presentado por la funcionaria o funcionario. En su comparecencia, las autoridades detallar\u00e1n las acciones realizadas durante su gesti\u00f3n en 2019.<\/p>\n<p>SV<\/p>\n","protected":false},"excerpt":{"rendered":"<p>REDACCI\u00d3N NOTI AM\u00c9RICA (ECUADOR) El presidente de la Asamblea Nacional, C\u00e9sar Litardo Caicedo, convoc\u00f3 a los legisladores a la Sesi\u00f3n 649, el pr\u00f3ximo martes 14 de enero, a las 10:00, con el fin de&#46;&#46;&#46;<\/p>\n","protected":false},"author":17,"featured_media":7038,"comment_status":"open","ping_status":"open","sticky":false,"template":"","format":"standard","meta":{"_acf_changed":false,"om_disable_all_campaigns":false,"rop_custom_images_group":[],"rop_custom_messages_group":[],"rop_publish_now":"initial","rop_publish_now_accounts":{"twitter_242054905_242054905":""},"rop_publish_now_history":[],"rop_publish_now_status":"pending","_uf_show_specific_survey":0,"_uf_disable_surveys":false,"footnotes":""},"categories":[34],"tags":[],"class_list":["post-7037","post","type-post","status-publish","format-standard","has-post-thumbnail","hentry","category-politica-opinion"],"acf":[],"aioseo_notices":[],"yoast_head":"<!-- This site is optimized with the Yoast SEO Premium plugin v24.9 (Yoast SEO v27.2) - https:\/\/yoast.com\/product\/yoast-seo-premium-wordpress\/ -->\n<title>Gesti\u00f3n de Instituciones de Estado ser\u00e1n presentada ante el Pleno de la Asamblea - Ecuador | Noti-America.com<\/title>\n<meta name=\"robots\" content=\"index, follow, max-snippet:-1, max-image-preview:large, max-video-preview:-1\" \/>\n<link rel=\"canonical\" href=\"https:\/\/noti-america.com\/site\/ecuador\/2020\/01\/13\/gestion-de-instituciones-de-estado-seran-presentada-ante-el-pleno-de-la-asamblea\/\" \/>\n<meta property=\"og:locale\" content=\"es_ES\" \/>\n<meta property=\"og:type\" content=\"article\" \/>\n<meta property=\"og:title\" content=\"Gesti\u00f3n de Instituciones de Estado ser\u00e1n presentada ante el Pleno de la Asamblea\" \/>\n<meta property=\"og:description\" content=\"REDACCI\u00d3N NOTI AM\u00c9RICA (ECUADOR) El presidente de la Asamblea Nacional, C\u00e9sar Litardo Caicedo, convoc\u00f3 a los legisladores a la Sesi\u00f3n 649, el pr\u00f3ximo martes 14 de enero, a las 10:00, con el fin de&#046;&#046;&#046;\" \/>\n<meta property=\"og:url\" content=\"https:\/\/noti-america.com\/site\/ecuador\/2020\/01\/13\/gestion-de-instituciones-de-estado-seran-presentada-ante-el-pleno-de-la-asamblea\/\" \/>\n<meta property=\"og:site_name\" content=\"Ecuador | Noti-America.com\" \/>\n<meta property=\"article:published_time\" content=\"2020-01-13T00:51:08+00:00\" \/>\n<meta property=\"og:image\" content=\"https:\/\/noti-america.com\/site\/ecuador\/wp-content\/uploads\/sites\/18\/2020\/01\/Instituciones-Informe-anual-de-gestiones-ante-el-Pleno-de-la-Asamblea-nacional.jpg\" \/>\n\t<meta property=\"og:image:width\" content=\"420\" \/>\n\t<meta property=\"og:image:height\" content=\"280\" \/>\n\t<meta property=\"og:image:type\" content=\"image\/jpeg\" \/>\n<meta name=\"author\" content=\"Gregory Quintana Montiel\" \/>\n<meta name=\"twitter:card\" content=\"summary_large_image\" \/>\n<meta name=\"twitter:creator\" content=\"@gdgregori1\" \/>\n<meta name=\"twitter:site\" content=\"@notiamerica\" \/>\n<meta name=\"twitter:label1\" content=\"Escrito por\" \/>\n\t<meta name=\"twitter:data1\" content=\"Gregory Quintana Montiel\" \/>\n\t<meta name=\"twitter:label2\" content=\"Tiempo estimado de lectura\" \/>\n\t<meta name=\"twitter:data2\" content=\"1 minuto\" \/>\n<script type=\"application\/ld+json\" class=\"yoast-schema-graph\">{\"@context\":\"https:\/\/schema.org\",\"@graph\":[{\"@type\":\"Article\",\"@id\":\"https:\/\/noti-america.com\/site\/ecuador\/2020\/01\/13\/gestion-de-instituciones-de-estado-seran-presentada-ante-el-pleno-de-la-asamblea\/#article\",\"isPartOf\":{\"@id\":\"https:\/\/noti-america.com\/site\/ecuador\/2020\/01\/13\/gestion-de-instituciones-de-estado-seran-presentada-ante-el-pleno-de-la-asamblea\/\"},\"author\":{\"name\":\"Gregory Quintana Montiel\",\"@id\":\"https:\/\/noti-america.com\/site\/ecuador\/#\/schema\/person\/3b975e42f15abfe64bfe3abdd916efda\"},\"headline\":\"Gesti\u00f3n de Instituciones de Estado ser\u00e1n presentada ante el Pleno de la Asamblea\",\"datePublished\":\"2020-01-13T00:51:08+00:00\",\"mainEntityOfPage\":{\"@id\":\"https:\/\/noti-america.com\/site\/ecuador\/2020\/01\/13\/gestion-de-instituciones-de-estado-seran-presentada-ante-el-pleno-de-la-asamblea\/\"},\"wordCount\":205,\"commentCount\":0,\"publisher\":{\"@id\":\"https:\/\/noti-america.com\/site\/ecuador\/#organization\"},\"image\":{\"@id\":\"https:\/\/noti-america.com\/site\/ecuador\/2020\/01\/13\/gestion-de-instituciones-de-estado-seran-presentada-ante-el-pleno-de-la-asamblea\/#primaryimage\"},\"thumbnailUrl\":\"https:\/\/noti-america.com\/site\/ecuador\/wp-content\/uploads\/sites\/18\/2020\/01\/Instituciones-Informe-anual-de-gestiones-ante-el-Pleno-de-la-Asamblea-nacional.jpg\",\"articleSection\":[\"Pol\u00edtica\"],\"inLanguage\":\"es\",\"potentialAction\":[{\"@type\":\"CommentAction\",\"name\":\"Comment\",\"target\":[\"https:\/\/noti-america.com\/site\/ecuador\/2020\/01\/13\/gestion-de-instituciones-de-estado-seran-presentada-ante-el-pleno-de-la-asamblea\/#respond\"]}]},{\"@type\":\"WebPage\",\"@id\":\"https:\/\/noti-america.com\/site\/ecuador\/2020\/01\/13\/gestion-de-instituciones-de-estado-seran-presentada-ante-el-pleno-de-la-asamblea\/\",\"url\":\"https:\/\/noti-america.com\/site\/ecuador\/2020\/01\/13\/gestion-de-instituciones-de-estado-seran-presentada-ante-el-pleno-de-la-asamblea\/\",\"name\":\"Gesti\u00f3n de Instituciones de Estado ser\u00e1n presentada ante el Pleno de la Asamblea - Ecuador | Noti-America.com\",\"isPartOf\":{\"@id\":\"https:\/\/noti-america.com\/site\/ecuador\/#website\"},\"primaryImageOfPage\":{\"@id\":\"https:\/\/noti-america.com\/site\/ecuador\/2020\/01\/13\/gestion-de-instituciones-de-estado-seran-presentada-ante-el-pleno-de-la-asamblea\/#primaryimage\"},\"image\":{\"@id\":\"https:\/\/noti-america.com\/site\/ecuador\/2020\/01\/13\/gestion-de-instituciones-de-estado-seran-presentada-ante-el-pleno-de-la-asamblea\/#primaryimage\"},\"thumbnailUrl\":\"https:\/\/noti-america.com\/site\/ecuador\/wp-content\/uploads\/sites\/18\/2020\/01\/Instituciones-Informe-anual-de-gestiones-ante-el-Pleno-de-la-Asamblea-nacional.jpg\",\"datePublished\":\"2020-01-13T00:51:08+00:00\",\"breadcrumb\":{\"@id\":\"https:\/\/noti-america.com\/site\/ecuador\/2020\/01\/13\/gestion-de-instituciones-de-estado-seran-presentada-ante-el-pleno-de-la-asamblea\/#breadcrumb\"},\"inLanguage\":\"es\",\"potentialAction\":[{\"@type\":\"ReadAction\",\"target\":[\"https:\/\/noti-america.com\/site\/ecuador\/2020\/01\/13\/gestion-de-instituciones-de-estado-seran-presentada-ante-el-pleno-de-la-asamblea\/\"]}]},{\"@type\":\"ImageObject\",\"inLanguage\":\"es\",\"@id\":\"https:\/\/noti-america.com\/site\/ecuador\/2020\/01\/13\/gestion-de-instituciones-de-estado-seran-presentada-ante-el-pleno-de-la-asamblea\/#primaryimage\",\"url\":\"https:\/\/noti-america.com\/site\/ecuador\/wp-content\/uploads\/sites\/18\/2020\/01\/Instituciones-Informe-anual-de-gestiones-ante-el-Pleno-de-la-Asamblea-nacional.jpg\",\"contentUrl\":\"https:\/\/noti-america.com\/site\/ecuador\/wp-content\/uploads\/sites\/18\/2020\/01\/Instituciones-Informe-anual-de-gestiones-ante-el-Pleno-de-la-Asamblea-nacional.jpg\",\"width\":420,\"height\":280},{\"@type\":\"BreadcrumbList\",\"@id\":\"https:\/\/noti-america.com\/site\/ecuador\/2020\/01\/13\/gestion-de-instituciones-de-estado-seran-presentada-ante-el-pleno-de-la-asamblea\/#breadcrumb\",\"itemListElement\":[{\"@type\":\"ListItem\",\"position\":1,\"name\":\"Portada\",\"item\":\"https:\/\/noti-america.com\/site\/ecuador\/\"},{\"@type\":\"ListItem\",\"position\":2,\"name\":\"Gesti\u00f3n de Instituciones de Estado ser\u00e1n presentada ante el Pleno de la Asamblea\"}]},{\"@type\":\"WebSite\",\"@id\":\"https:\/\/noti-america.com\/site\/ecuador\/#website\",\"url\":\"https:\/\/noti-america.com\/site\/ecuador\/\",\"name\":\"Ecuador | Noti-America.com\",\"description\":\"\",\"publisher\":{\"@id\":\"https:\/\/noti-america.com\/site\/ecuador\/#organization\"},\"potentialAction\":[{\"@type\":\"SearchAction\",\"target\":{\"@type\":\"EntryPoint\",\"urlTemplate\":\"https:\/\/noti-america.com\/site\/ecuador\/?s={search_term_string}\"},\"query-input\":{\"@type\":\"PropertyValueSpecification\",\"valueRequired\":true,\"valueName\":\"search_term_string\"}}],\"inLanguage\":\"es\"},{\"@type\":\"Organization\",\"@id\":\"https:\/\/noti-america.com\/site\/ecuador\/#organization\",\"name\":\"Noti-America LLC | Ecuador\",\"url\":\"https:\/\/noti-america.com\/site\/ecuador\/\",\"logo\":{\"@type\":\"ImageObject\",\"inLanguage\":\"es\",\"@id\":\"https:\/\/noti-america.com\/site\/ecuador\/#\/schema\/logo\/image\/\",\"url\":\"https:\/\/noti-america.com\/site\/ecuador\/wp-content\/uploads\/sites\/18\/2020\/07\/LogoNA-4x3-1.jpg\",\"contentUrl\":\"https:\/\/noti-america.com\/site\/ecuador\/wp-content\/uploads\/sites\/18\/2020\/07\/LogoNA-4x3-1.jpg\",\"width\":1236,\"height\":1080,\"caption\":\"Noti-America LLC | Ecuador\"},\"image\":{\"@id\":\"https:\/\/noti-america.com\/site\/ecuador\/#\/schema\/logo\/image\/\"},\"sameAs\":[\"https:\/\/x.com\/notiamerica\"]},{\"@type\":\"Person\",\"@id\":\"https:\/\/noti-america.com\/site\/ecuador\/#\/schema\/person\/3b975e42f15abfe64bfe3abdd916efda\",\"name\":\"Gregory Quintana Montiel\",\"image\":{\"@type\":\"ImageObject\",\"inLanguage\":\"es\",\"@id\":\"https:\/\/secure.gravatar.com\/avatar\/2d6b802f7720c2ec7744dcbe608cc2f3417aeb964d58b443c6d612b77531de1d?s=96&d=mm&r=g\",\"url\":\"https:\/\/secure.gravatar.com\/avatar\/2d6b802f7720c2ec7744dcbe608cc2f3417aeb964d58b443c6d612b77531de1d?s=96&d=mm&r=g\",\"contentUrl\":\"https:\/\/secure.gravatar.com\/avatar\/2d6b802f7720c2ec7744dcbe608cc2f3417aeb964d58b443c6d612b77531de1d?s=96&d=mm&r=g\",\"caption\":\"Gregory Quintana Montiel\"},\"description\":\"Licenciatura en Ciencias de la Comunicaci\u00f3n Social, egresado en la Especializaci\u00f3n Derecho Ambiental Desarrollo Sostenible y Sustentable, Miembro de la Comunidad de profesionales y experto para Latinoam\u00e9rica y el Caribe en Gesti\u00f3n por Resultado en el Desarrollo (COPLAC - GpRD) del Banco Interamericano de Desarrollo, experiencia en medios radiales y escritos.\",\"sameAs\":[\"https:\/\/x.com\/gdgregori1\",\"gquintana\"],\"url\":\"https:\/\/noti-america.com\/site\/ecuador\/author\/gquintana\/\"}]}<\/script>\n<!-- \/ Yoast SEO Premium plugin. -->","yoast_head_json":{"title":"Gesti\u00f3n de Instituciones de Estado ser\u00e1n presentada ante el Pleno de la Asamblea - Ecuador | Noti-America.com","robots":{"index":"index","follow":"follow","max-snippet":"max-snippet:-1","max-image-preview":"max-image-preview:large","max-video-preview":"max-video-preview:-1"},"canonical":"https:\/\/noti-america.com\/site\/ecuador\/2020\/01\/13\/gestion-de-instituciones-de-estado-seran-presentada-ante-el-pleno-de-la-asamblea\/","og_locale":"es_ES","og_type":"article","og_title":"Gesti\u00f3n de Instituciones de Estado ser\u00e1n presentada ante el Pleno de la Asamblea","og_description":"REDACCI\u00d3N NOTI AM\u00c9RICA (ECUADOR) El presidente de la Asamblea Nacional, C\u00e9sar Litardo Caicedo, convoc\u00f3 a los legisladores a la Sesi\u00f3n 649, el pr\u00f3ximo martes 14 de enero, a las 10:00, con el fin de&#46;&#46;&#46;","og_url":"https:\/\/noti-america.com\/site\/ecuador\/2020\/01\/13\/gestion-de-instituciones-de-estado-seran-presentada-ante-el-pleno-de-la-asamblea\/","og_site_name":"Ecuador | Noti-America.com","article_published_time":"2020-01-13T00:51:08+00:00","og_image":[{"width":420,"height":280,"url":"https:\/\/noti-america.com\/site\/ecuador\/wp-content\/uploads\/sites\/18\/2020\/01\/Instituciones-Informe-anual-de-gestiones-ante-el-Pleno-de-la-Asamblea-nacional.jpg","type":"image\/jpeg"}],"author":"Gregory Quintana Montiel","twitter_card":"summary_large_image","twitter_creator":"@gdgregori1","twitter_site":"@notiamerica","twitter_misc":{"Escrito por":"Gregory Quintana Montiel","Tiempo estimado de lectura":"1 minuto"},"schema":{"@context":"https:\/\/schema.org","@graph":[{"@type":"Article","@id":"https:\/\/noti-america.com\/site\/ecuador\/2020\/01\/13\/gestion-de-instituciones-de-estado-seran-presentada-ante-el-pleno-de-la-asamblea\/#article","isPartOf":{"@id":"https:\/\/noti-america.com\/site\/ecuador\/2020\/01\/13\/gestion-de-instituciones-de-estado-seran-presentada-ante-el-pleno-de-la-asamblea\/"},"author":{"name":"Gregory Quintana Montiel","@id":"https:\/\/noti-america.com\/site\/ecuador\/#\/schema\/person\/3b975e42f15abfe64bfe3abdd916efda"},"headline":"Gesti\u00f3n de Instituciones de Estado ser\u00e1n presentada ante el Pleno de la Asamblea","datePublished":"2020-01-13T00:51:08+00:00","mainEntityOfPage":{"@id":"https:\/\/noti-america.com\/site\/ecuador\/2020\/01\/13\/gestion-de-instituciones-de-estado-seran-presentada-ante-el-pleno-de-la-asamblea\/"},"wordCount":205,"commentCount":0,"publisher":{"@id":"https:\/\/noti-america.com\/site\/ecuador\/#organization"},"image":{"@id":"https:\/\/noti-america.com\/site\/ecuador\/2020\/01\/13\/gestion-de-instituciones-de-estado-seran-presentada-ante-el-pleno-de-la-asamblea\/#primaryimage"},"thumbnailUrl":"https:\/\/noti-america.com\/site\/ecuador\/wp-content\/uploads\/sites\/18\/2020\/01\/Instituciones-Informe-anual-de-gestiones-ante-el-Pleno-de-la-Asamblea-nacional.jpg","articleSection":["Pol\u00edtica"],"inLanguage":"es","potentialAction":[{"@type":"CommentAction","name":"Comment","target":["https:\/\/noti-america.com\/site\/ecuador\/2020\/01\/13\/gestion-de-instituciones-de-estado-seran-presentada-ante-el-pleno-de-la-asamblea\/#respond"]}]},{"@type":"WebPage","@id":"https:\/\/noti-america.com\/site\/ecuador\/2020\/01\/13\/gestion-de-instituciones-de-estado-seran-presentada-ante-el-pleno-de-la-asamblea\/","url":"https:\/\/noti-america.com\/site\/ecuador\/2020\/01\/13\/gestion-de-instituciones-de-estado-seran-presentada-ante-el-pleno-de-la-asamblea\/","name":"Gesti\u00f3n de Instituciones de Estado ser\u00e1n presentada ante el Pleno de la Asamblea - Ecuador | Noti-America.com","isPartOf":{"@id":"https:\/\/noti-america.com\/site\/ecuador\/#website"},"primaryImageOfPage":{"@id":"https:\/\/noti-america.com\/site\/ecuador\/2020\/01\/13\/gestion-de-instituciones-de-estado-seran-presentada-ante-el-pleno-de-la-asamblea\/#primaryimage"},"image":{"@id":"https:\/\/noti-america.com\/site\/ecuador\/2020\/01\/13\/gestion-de-instituciones-de-estado-seran-presentada-ante-el-pleno-de-la-asamblea\/#primaryimage"},"thumbnailUrl":"https:\/\/noti-america.com\/site\/ecuador\/wp-content\/uploads\/sites\/18\/2020\/01\/Instituciones-Informe-anual-de-gestiones-ante-el-Pleno-de-la-Asamblea-nacional.jpg","datePublished":"2020-01-13T00:51:08+00:00","breadcrumb":{"@id":"https:\/\/noti-america.com\/site\/ecuador\/2020\/01\/13\/gestion-de-instituciones-de-estado-seran-presentada-ante-el-pleno-de-la-asamblea\/#breadcrumb"},"inLanguage":"es","potentialAction":[{"@type":"ReadAction","target":["https:\/\/noti-america.com\/site\/ecuador\/2020\/01\/13\/gestion-de-instituciones-de-estado-seran-presentada-ante-el-pleno-de-la-asamblea\/"]}]},{"@type":"ImageObject","inLanguage":"es","@id":"https:\/\/noti-america.com\/site\/ecuador\/2020\/01\/13\/gestion-de-instituciones-de-estado-seran-presentada-ante-el-pleno-de-la-asamblea\/#primaryimage","url":"https:\/\/noti-america.com\/site\/ecuador\/wp-content\/uploads\/sites\/18\/2020\/01\/Instituciones-Informe-anual-de-gestiones-ante-el-Pleno-de-la-Asamblea-nacional.jpg","contentUrl":"https:\/\/noti-america.com\/site\/ecuador\/wp-content\/uploads\/sites\/18\/2020\/01\/Instituciones-Informe-anual-de-gestiones-ante-el-Pleno-de-la-Asamblea-nacional.jpg","width":420,"height":280},{"@type":"BreadcrumbList","@id":"https:\/\/noti-america.com\/site\/ecuador\/2020\/01\/13\/gestion-de-instituciones-de-estado-seran-presentada-ante-el-pleno-de-la-asamblea\/#breadcrumb","itemListElement":[{"@type":"ListItem","position":1,"name":"Portada","item":"https:\/\/noti-america.com\/site\/ecuador\/"},{"@type":"ListItem","position":2,"name":"Gesti\u00f3n de Instituciones de Estado ser\u00e1n presentada ante el Pleno de la Asamblea"}]},{"@type":"WebSite","@id":"https:\/\/noti-america.com\/site\/ecuador\/#website","url":"https:\/\/noti-america.com\/site\/ecuador\/","name":"Ecuador | Noti-America.com","description":"","publisher":{"@id":"https:\/\/noti-america.com\/site\/ecuador\/#organization"},"potentialAction":[{"@type":"SearchAction","target":{"@type":"EntryPoint","urlTemplate":"https:\/\/noti-america.com\/site\/ecuador\/?s={search_term_string}"},"query-input":{"@type":"PropertyValueSpecification","valueRequired":true,"valueName":"search_term_string"}}],"inLanguage":"es"},{"@type":"Organization","@id":"https:\/\/noti-america.com\/site\/ecuador\/#organization","name":"Noti-America LLC | Ecuador","url":"https:\/\/noti-america.com\/site\/ecuador\/","logo":{"@type":"ImageObject","inLanguage":"es","@id":"https:\/\/noti-america.com\/site\/ecuador\/#\/schema\/logo\/image\/","url":"https:\/\/noti-america.com\/site\/ecuador\/wp-content\/uploads\/sites\/18\/2020\/07\/LogoNA-4x3-1.jpg","contentUrl":"https:\/\/noti-america.com\/site\/ecuador\/wp-content\/uploads\/sites\/18\/2020\/07\/LogoNA-4x3-1.jpg","width":1236,"height":1080,"caption":"Noti-America LLC | Ecuador"},"image":{"@id":"https:\/\/noti-america.com\/site\/ecuador\/#\/schema\/logo\/image\/"},"sameAs":["https:\/\/x.com\/notiamerica"]},{"@type":"Person","@id":"https:\/\/noti-america.com\/site\/ecuador\/#\/schema\/person\/3b975e42f15abfe64bfe3abdd916efda","name":"Gregory Quintana Montiel","image":{"@type":"ImageObject","inLanguage":"es","@id":"https:\/\/secure.gravatar.com\/avatar\/2d6b802f7720c2ec7744dcbe608cc2f3417aeb964d58b443c6d612b77531de1d?s=96&d=mm&r=g","url":"https:\/\/secure.gravatar.com\/avatar\/2d6b802f7720c2ec7744dcbe608cc2f3417aeb964d58b443c6d612b77531de1d?s=96&d=mm&r=g","contentUrl":"https:\/\/secure.gravatar.com\/avatar\/2d6b802f7720c2ec7744dcbe608cc2f3417aeb964d58b443c6d612b77531de1d?s=96&d=mm&r=g","caption":"Gregory Quintana Montiel"},"description":"Licenciatura en Ciencias de la Comunicaci\u00f3n Social, egresado en la Especializaci\u00f3n Derecho Ambiental Desarrollo Sostenible y Sustentable, Miembro de la Comunidad de profesionales y experto para Latinoam\u00e9rica y el Caribe en Gesti\u00f3n por Resultado en el Desarrollo (COPLAC - GpRD) del Banco Interamericano de Desarrollo, experiencia en medios radiales y escritos.","sameAs":["https:\/\/x.com\/gdgregori1","gquintana"],"url":"https:\/\/noti-america.com\/site\/ecuador\/author\/gquintana\/"}]}},"_links":{"self":[{"href":"https:\/\/noti-america.com\/site\/ecuador\/wp-json\/wp\/v2\/posts\/7037","targetHints":{"allow":["GET"]}}],"collection":[{"href":"https:\/\/noti-america.com\/site\/ecuador\/wp-json\/wp\/v2\/posts"}],"about":[{"href":"https:\/\/noti-america.com\/site\/ecuador\/wp-json\/wp\/v2\/types\/post"}],"author":[{"embeddable":true,"href":"https:\/\/noti-america.com\/site\/ecuador\/wp-json\/wp\/v2\/users\/17"}],"replies":[{"embeddable":true,"href":"https:\/\/noti-america.com\/site\/ecuador\/wp-json\/wp\/v2\/comments?post=7037"}],"version-history":[{"count":1,"href":"https:\/\/noti-america.com\/site\/ecuador\/wp-json\/wp\/v2\/posts\/7037\/revisions"}],"predecessor-version":[{"id":7039,"href":"https:\/\/noti-america.com\/site\/ecuador\/wp-json\/wp\/v2\/posts\/7037\/revisions\/7039"}],"wp:featuredmedia":[{"embeddable":true,"href":"https:\/\/noti-america.com\/site\/ecuador\/wp-json\/wp\/v2\/media\/7038"}],"wp:attachment":[{"href":"https:\/\/noti-america.com\/site\/ecuador\/wp-json\/wp\/v2\/media?parent=7037"}],"wp:term":[{"taxonomy":"category","embeddable":true,"href":"https:\/\/noti-america.com\/site\/ecuador\/wp-json\/wp\/v2\/categories?post=7037"},{"taxonomy":"post_tag","embeddable":true,"href":"https:\/\/noti-america.com\/site\/ecuador\/wp-json\/wp\/v2\/tags?post=7037"}],"curies":[{"name":"wp","href":"https:\/\/api.w.org\/{rel}","templated":true}]}}