{"id":6933,"date":"2020-01-03T02:03:14","date_gmt":"2020-01-03T02:03:14","guid":{"rendered":"http:\/\/noti-america.com\/site\/ecuador\/?p=6933"},"modified":"2020-01-03T02:03:14","modified_gmt":"2020-01-03T02:03:14","slug":"te-explicamos-que-sentirias-si-fueras-un-pajaro","status":"publish","type":"post","link":"https:\/\/noti-america.com\/site\/ecuador\/2020\/01\/03\/te-explicamos-que-sentirias-si-fueras-un-pajaro\/","title":{"rendered":"Te explicamos qu\u00e9 sentir\u00edas si fueras un \u2018p\u00e1jaro\u2019"},"content":{"rendered":"<p>REDACCI\u00d3N NOTI AM\u00c9RICA (ECUADOR)<\/p>\n<ul>\n<li style=\"text-align: justify\">\n<h3>\u00bfC\u00f3mo detecta el flamenco la lluvia a cientos de kil\u00f3metros? \u00bfQu\u00e9 experimenta un ping\u00fcino al zambullirse en el Ant\u00e1rtico? \u00bfSe entristecen las aves por la muerte de sus parejas?<\/h3>\n<\/li>\n<\/ul>\n<p><img decoding=\"async\" src=\"https:\/\/www.ecoticias.com\/userfiles\/extra\/TUCF_gpajaroport.jpg\" alt=\"Te explicamos qu\u00e9 sentir\u00edas si fueras un \u2018p\u00e1jaro\u2019\" \/><\/p>\n<p style=\"text-align: justify\">Pese a que el fil\u00f3sofo\u00a0Thomas Nagel\u00a0asegura que nunca podremos\u00a0<strong>saber qu\u00e9 sienten<\/strong>\u00a0las criaturas ajenas a nuestra especie, a los humanos siempre nos han intrigado sus vivencias.<\/p>\n<p style=\"text-align: justify\">Por eso el romano\u00a0Apuleyo\u00a0se puso en la piel de un asno, el poeta\u00a0Henri Michaux\u00a0imagin\u00f3 su vida como oruga, y el antrop\u00f3logo\u00a0Carlos Castaneda\u00a0se convirti\u00f3 en cuervo bajo el efecto del peyote.<\/p>\n<p style=\"text-align: justify\"><img loading=\"lazy\" decoding=\"async\" class=\"imagenin img-fluid pull-left mr-40 mb-15 alignleft\" src=\"https:\/\/www.ecoticias.com\/userfiles\/2020\/enero\/02ene\/gpajaroverti.jpg\" alt=\"Te explicamos qu\u00e9 sentir\u00edas si fueras un \u2018p\u00e1jaro\u2019\" width=\"431\" height=\"658\" \/><\/p>\n<p style=\"text-align: justify\">Ahora los literatos le han pasado el testigo a la ciencia:\u00a0<em>Los sentidos de las aves<\/em>, obra del ec\u00f3logo del comportamiento\u00a0Tim Birkhead, editada por\u00a0Capit\u00e1n Swing, explica qu\u00e9 se siente al ser p\u00e1jaro a la luz del conocimiento disponible.<\/p>\n<p style=\"text-align: justify\">Vali\u00e9ndose de hallazgos cient\u00edficos, aportaciones de aficionados y observaciones en el terreno (en especial las referidas al\u00a0arao com\u00fan, su objeto de estudio), el investigador de la Universidad de Sheffield (Reino Unido) entreteje un repaso de la cuesti\u00f3n que a la vez sirve de original\u00a0<strong>introducci\u00f3n a la ornitolog\u00eda<\/strong>.<\/p>\n<p style=\"text-align: justify\">Un atractivo de su ensayo radica en los curios\u00edsimos experimentos perge\u00f1ados por los estudiosos, que van de taponar los o\u00eddos de p\u00e1jaros para valorar su funci\u00f3n en el vuelo, a colocar a los petirrojos lentes de contacto empa\u00f1adas para medir su orientaci\u00f3n visual, o estimular manualmente el \u201cfalso pene\u201d de un p\u00e1jaro africano de cara a dilucidar su potencial org\u00e1smico.<\/p>\n<h2 style=\"text-align: justify\">Vista y o\u00eddo privilegiados<\/h2>\n<p style=\"text-align: justify\">Su resumen comienza con la vista, el sentido m\u00e1s estudiado. Comparados con los mam\u00edferos, los ojos de los p\u00e1jaros son mucho m\u00e1s grandes en relaci\u00f3n a su cr\u00e1neo.<\/p>\n<p style=\"text-align: justify\">Tiene l\u00f3gica: les va la vida en ello. La lechuza depende de su\u00a0<strong>visi\u00f3n nocturna para volar<\/strong>. La\u00a0bifocalidad de las gallinas\u00a0les permite enfocar los insectos del suelo y otear el cielo en busca de depredadores. Los araos, por su parte, distinguen a su pareja volando a cientos de metros. Hay p\u00e1jaros que duermen con un ojo mientras el otro vela atento al peligro. Y gran n\u00famero de especies ven el mundo en el espectro del\u00a0ultravioleta.<\/p>\n<p style=\"text-align: justify\">Puede decirse sin exagerar que las aves son todo\u00a0o\u00eddos. La disposici\u00f3n asim\u00e9trica de los o\u00eddos de los buhos aumenta su radio de escucha al extremo de detectar el movimiento de un rat\u00f3n bajo la nieve.<\/p>\n<p style=\"text-align: justify\">La fina audici\u00f3n de los araos identifica el piar de sus cr\u00edas en medio de una colonia de miles de locuaces cong\u00e9neres. Otras especies mueven de continuo la cabeza con la finalidad de captar m\u00e1s sonidos. Gracias a la ecolocalizaci\u00f3n, muchas aves conocen su posici\u00f3n en total oscuridad o pueden volar con los ojos cerrados.<\/p>\n<p style=\"text-align: justify\">En cuanto al\u00a0canto, los sonogramas han descubierto que se compone de m\u00e1s notas de las que podemos discernir, lo cual sugiere que un trino que nos parece musical suena completamente\u00a0<strong>distinto a un p\u00e1jaro<\/strong>.<\/p>\n<p style=\"text-align: justify\">Tan valioso es este sentido que la naturaleza ha protegido a los p\u00e1jaros de la\u00a0sordera\u00a0mediante el don de regeneraci\u00f3n de la c\u00f3clea, la estructura del o\u00eddo interno que transforma los sonidos en impulsos nerviosos.<\/p>\n<p style=\"text-align: justify\"><img loading=\"lazy\" decoding=\"async\" src=\"https:\/\/www.ecoticias.com\/userfiles\/2020\/enero\/02ene\/gpajarotext.jpg\" alt=\"\" width=\"730\" height=\"448\" \/><\/p>\n<h2 style=\"text-align: justify\">Tacto en el pico, gusto variado, olfato magn\u00e9tico<\/h2>\n<p style=\"text-align: justify\">El cap\u00edtulo relativo al\u00a0tacto\u00a0se explaya largamente sobre el pico. Gracias a la ingente cantidad de nervios y sensores escondidos bajo la dura superficie de ese sofisticado \u00f3rgano, un pato discrimina en el lecho de un estanque lo que es comestible del resto.<\/p>\n<p style=\"text-align: justify\">Una intrincada cuesti\u00f3n se plantea al final del apartado: \u00bf<strong>disfrutan las aves del\u00a0sexo<\/strong>? De momento, la \u00fanica evidencia de un orgasmo la aport\u00f3 el\u00a0bufalero piquirrojo, \u201cun hallazgo hist\u00f3rico\u201d, se entusiasma Birkhead.<\/p>\n<p style=\"text-align: justify\">Que el\u00a0gusto\u00a0aviar sea harto m\u00e1s limitado que el humano no le impide reconocer los mismos sabores b\u00e1sicos: salado, dulce, amargo o agrio. De ah\u00ed que frug\u00edvoros como el colibr\u00ed diferencien las frutas maduras de las verdes o eval\u00faan el nivel de az\u00facar en el n\u00e9ctar, y que el arrendajo se niega a comer mariposas que le saben amargas.<\/p>\n<p style=\"text-align: justify\">Y de ah\u00ed tambi\u00e9n que el sabor desagradable de su plumaje proteja a ciertos p\u00e1jaros de Nueva Guinea de ser comidos por las rapaces.<\/p>\n<p style=\"text-align: justify\">Sorprende leer que reci\u00e9n en los a\u00f1os 60 los expertos aceptaron que las aves tienen olfato. Para prueba, los kiwis, cuyos sensibles picos son capaces de husmear las lombrices enterradas en el barro. M\u00e1s reciente es el descubrimiento de c\u00f3mo su olfato se combina con su sentido magn\u00e9tico.<\/p>\n<p style=\"text-align: justify\">As\u00ed, el petrel guiado por una br\u00fajula org\u00e1nica cruza en su viaje\u00a0<strong>paisajes olorosos\u00a0<\/strong>que permiten a los magnetorreceptores de su \u00f3rgano olfativo trazar un mapa de navegaci\u00f3n.<\/p>\n<h2 style=\"text-align: justify\">Empatizar con las aves<\/h2>\n<p style=\"text-align: justify\">El \u00faltimo cap\u00edtulo, m\u00e1s especulativo, se\u00a0<strong>reserva a las\u00a0emociones<\/strong>. \u00bfPuede tomarse por\u00a0duelo amoroso\u00a0que una barnacla carinegra permanezca una semana de pie junto a su compa\u00f1ero muerto? \u00bfY c\u00f3mo calificar las\u00a0ceremonias de bienvenida\u00a0en los reencuentros de parejas de alcatraces?<\/p>\n<p style=\"text-align: justify\">El autor cree en la existencia de esos sentimientos, aunque admite su incomparabilidad con los nuestros, lo cual complica el dise\u00f1o de pruebas confirmatorias. Y lo ejemplifica con las acrobacias a\u00e9reas de los vencejos: quiz\u00e1s no tengan m\u00e1s motivo que el placer de volar, pero \u00bfc\u00f3mo probarlo?<\/p>\n<p style=\"text-align: justify\">Birkhead reconoce que Nagel lleva raz\u00f3n cuando sostiene que nunca podremos empatizar realmente con un picaflor, un flamenco o un ping\u00fcino. Nunca sabremos, en definitiva, qu\u00e9 es ser un p\u00e1jaro, pero esa admisi\u00f3n no nos impide fascinarnos con las diferencias ni entender mejor nuestra\u00a0<strong>anatom\u00eda y fisiolog\u00eda\u00a0<\/strong>en contraste con las peculiaridades sensoriales de nuestros plum\u00edferos amigos.<\/p>\n<p style=\"text-align: justify\">Con todas las limitaciones, el ec\u00f3logo concluye que disponemos de \u201cuna buena comprensi\u00f3n b\u00e1sica de algunos sentidos de los p\u00e1jaros\u201d. Una comprensi\u00f3n suficiente para que no volvamos a ver al gorri\u00f3n que aterriza en nuestro balc\u00f3n con los mismos ojos que antes de la lectura de este enriquecedor volumen.<\/p>\n<h3 style=\"text-align: justify\">Ficha t\u00e9cnica<\/h3>\n<ul style=\"text-align: justify\">\n<li>Autor: Tim Birkhead<\/li>\n<li>Titulo:\u00a0<em>Los sentidos de las aves: qu\u00e9 se siente al ser un p\u00e1jaro<\/em><\/li>\n<li>G\u00e9nero: Ensayo divulgativo<\/li>\n<li>Editorial: Capit\u00e1n Swing<\/li>\n<li>Lugar y fecha de publicaci\u00f3n: Madrid, 2019<\/li>\n<li>P\u00e1ginas: 288<\/li>\n<\/ul>\n<p style=\"text-align: justify\">Fuente:\u00a0<a href=\"https:\/\/www.agenciasinc.es\/\" target=\"_blank\" rel=\"nofollow noopener noreferrer\">SINC<\/a><\/p>\n","protected":false},"excerpt":{"rendered":"<p>REDACCI\u00d3N NOTI AM\u00c9RICA (ECUADOR) \u00bfC\u00f3mo detecta el flamenco la lluvia a cientos de kil\u00f3metros? \u00bfQu\u00e9 experimenta un ping\u00fcino al zambullirse en el Ant\u00e1rtico? \u00bfSe entristecen las aves por la muerte de sus parejas? Pese&#46;&#46;&#46;<\/p>\n","protected":false},"author":17,"featured_media":6934,"comment_status":"open","ping_status":"open","sticky":false,"template":"","format":"standard","meta":{"_acf_changed":false,"om_disable_all_campaigns":false,"rop_custom_images_group":[],"rop_custom_messages_group":[],"rop_publish_now":"initial","rop_publish_now_accounts":{"twitter_242054905_242054905":""},"rop_publish_now_history":[],"rop_publish_now_status":"pending","_uf_show_specific_survey":0,"_uf_disable_surveys":false,"footnotes":""},"categories":[79],"tags":[],"class_list":["post-6933","post","type-post","status-publish","format-standard","has-post-thumbnail","hentry","category-ambiental"],"acf":[],"aioseo_notices":[],"yoast_head":"<!-- This site is optimized with the Yoast SEO Premium plugin v24.9 (Yoast SEO v27.2) - https:\/\/yoast.com\/product\/yoast-seo-premium-wordpress\/ -->\n<title>Te explicamos qu\u00e9 sentir\u00edas si fueras un \u2018p\u00e1jaro\u2019 - Ecuador | Noti-America.com<\/title>\n<meta name=\"robots\" content=\"index, follow, max-snippet:-1, max-image-preview:large, max-video-preview:-1\" \/>\n<link rel=\"canonical\" href=\"https:\/\/noti-america.com\/site\/ecuador\/2020\/01\/03\/te-explicamos-que-sentirias-si-fueras-un-pajaro\/\" \/>\n<meta property=\"og:locale\" content=\"es_ES\" \/>\n<meta property=\"og:type\" content=\"article\" \/>\n<meta property=\"og:title\" content=\"Te explicamos qu\u00e9 sentir\u00edas si fueras un \u2018p\u00e1jaro\u2019\" \/>\n<meta property=\"og:description\" content=\"REDACCI\u00d3N NOTI AM\u00c9RICA (ECUADOR) \u00bfC\u00f3mo detecta el flamenco la lluvia a cientos de kil\u00f3metros? \u00bfQu\u00e9 experimenta un ping\u00fcino al zambullirse en el Ant\u00e1rtico? \u00bfSe entristecen las aves por la muerte de sus parejas? Pese&#046;&#046;&#046;\" \/>\n<meta property=\"og:url\" content=\"https:\/\/noti-america.com\/site\/ecuador\/2020\/01\/03\/te-explicamos-que-sentirias-si-fueras-un-pajaro\/\" \/>\n<meta property=\"og:site_name\" content=\"Ecuador | Noti-America.com\" \/>\n<meta property=\"article:published_time\" content=\"2020-01-03T02:03:14+00:00\" \/>\n<meta property=\"og:image\" content=\"https:\/\/noti-america.com\/site\/ecuador\/wp-content\/uploads\/sites\/18\/2020\/01\/gpajarotext.jpg\" \/>\n\t<meta property=\"og:image:width\" content=\"730\" \/>\n\t<meta property=\"og:image:height\" content=\"448\" \/>\n\t<meta property=\"og:image:type\" content=\"image\/jpeg\" \/>\n<meta name=\"author\" content=\"Gregory Quintana Montiel\" \/>\n<meta name=\"twitter:card\" content=\"summary_large_image\" \/>\n<meta name=\"twitter:creator\" content=\"@gdgregori1\" \/>\n<meta name=\"twitter:site\" content=\"@notiamerica\" \/>\n<meta name=\"twitter:label1\" content=\"Escrito por\" \/>\n\t<meta name=\"twitter:data1\" content=\"Gregory Quintana Montiel\" \/>\n\t<meta name=\"twitter:label2\" content=\"Tiempo estimado de lectura\" \/>\n\t<meta name=\"twitter:data2\" content=\"5 minutos\" \/>\n<script type=\"application\/ld+json\" class=\"yoast-schema-graph\">{\"@context\":\"https:\/\/schema.org\",\"@graph\":[{\"@type\":\"Article\",\"@id\":\"https:\/\/noti-america.com\/site\/ecuador\/2020\/01\/03\/te-explicamos-que-sentirias-si-fueras-un-pajaro\/#article\",\"isPartOf\":{\"@id\":\"https:\/\/noti-america.com\/site\/ecuador\/2020\/01\/03\/te-explicamos-que-sentirias-si-fueras-un-pajaro\/\"},\"author\":{\"name\":\"Gregory Quintana Montiel\",\"@id\":\"https:\/\/noti-america.com\/site\/ecuador\/#\/schema\/person\/3b975e42f15abfe64bfe3abdd916efda\"},\"headline\":\"Te explicamos qu\u00e9 sentir\u00edas si fueras un \u2018p\u00e1jaro\u2019\",\"datePublished\":\"2020-01-03T02:03:14+00:00\",\"mainEntityOfPage\":{\"@id\":\"https:\/\/noti-america.com\/site\/ecuador\/2020\/01\/03\/te-explicamos-que-sentirias-si-fueras-un-pajaro\/\"},\"wordCount\":1109,\"commentCount\":0,\"publisher\":{\"@id\":\"https:\/\/noti-america.com\/site\/ecuador\/#organization\"},\"image\":{\"@id\":\"https:\/\/noti-america.com\/site\/ecuador\/2020\/01\/03\/te-explicamos-que-sentirias-si-fueras-un-pajaro\/#primaryimage\"},\"thumbnailUrl\":\"https:\/\/noti-america.com\/site\/ecuador\/wp-content\/uploads\/sites\/18\/2020\/01\/gpajarotext.jpg\",\"articleSection\":[\"Ambiental\"],\"inLanguage\":\"es\",\"potentialAction\":[{\"@type\":\"CommentAction\",\"name\":\"Comment\",\"target\":[\"https:\/\/noti-america.com\/site\/ecuador\/2020\/01\/03\/te-explicamos-que-sentirias-si-fueras-un-pajaro\/#respond\"]}]},{\"@type\":\"WebPage\",\"@id\":\"https:\/\/noti-america.com\/site\/ecuador\/2020\/01\/03\/te-explicamos-que-sentirias-si-fueras-un-pajaro\/\",\"url\":\"https:\/\/noti-america.com\/site\/ecuador\/2020\/01\/03\/te-explicamos-que-sentirias-si-fueras-un-pajaro\/\",\"name\":\"Te explicamos qu\u00e9 sentir\u00edas si fueras un \u2018p\u00e1jaro\u2019 - Ecuador | Noti-America.com\",\"isPartOf\":{\"@id\":\"https:\/\/noti-america.com\/site\/ecuador\/#website\"},\"primaryImageOfPage\":{\"@id\":\"https:\/\/noti-america.com\/site\/ecuador\/2020\/01\/03\/te-explicamos-que-sentirias-si-fueras-un-pajaro\/#primaryimage\"},\"image\":{\"@id\":\"https:\/\/noti-america.com\/site\/ecuador\/2020\/01\/03\/te-explicamos-que-sentirias-si-fueras-un-pajaro\/#primaryimage\"},\"thumbnailUrl\":\"https:\/\/noti-america.com\/site\/ecuador\/wp-content\/uploads\/sites\/18\/2020\/01\/gpajarotext.jpg\",\"datePublished\":\"2020-01-03T02:03:14+00:00\",\"breadcrumb\":{\"@id\":\"https:\/\/noti-america.com\/site\/ecuador\/2020\/01\/03\/te-explicamos-que-sentirias-si-fueras-un-pajaro\/#breadcrumb\"},\"inLanguage\":\"es\",\"potentialAction\":[{\"@type\":\"ReadAction\",\"target\":[\"https:\/\/noti-america.com\/site\/ecuador\/2020\/01\/03\/te-explicamos-que-sentirias-si-fueras-un-pajaro\/\"]}]},{\"@type\":\"ImageObject\",\"inLanguage\":\"es\",\"@id\":\"https:\/\/noti-america.com\/site\/ecuador\/2020\/01\/03\/te-explicamos-que-sentirias-si-fueras-un-pajaro\/#primaryimage\",\"url\":\"https:\/\/noti-america.com\/site\/ecuador\/wp-content\/uploads\/sites\/18\/2020\/01\/gpajarotext.jpg\",\"contentUrl\":\"https:\/\/noti-america.com\/site\/ecuador\/wp-content\/uploads\/sites\/18\/2020\/01\/gpajarotext.jpg\",\"width\":730,\"height\":448},{\"@type\":\"BreadcrumbList\",\"@id\":\"https:\/\/noti-america.com\/site\/ecuador\/2020\/01\/03\/te-explicamos-que-sentirias-si-fueras-un-pajaro\/#breadcrumb\",\"itemListElement\":[{\"@type\":\"ListItem\",\"position\":1,\"name\":\"Portada\",\"item\":\"https:\/\/noti-america.com\/site\/ecuador\/\"},{\"@type\":\"ListItem\",\"position\":2,\"name\":\"Te explicamos qu\u00e9 sentir\u00edas si fueras un \u2018p\u00e1jaro\u2019\"}]},{\"@type\":\"WebSite\",\"@id\":\"https:\/\/noti-america.com\/site\/ecuador\/#website\",\"url\":\"https:\/\/noti-america.com\/site\/ecuador\/\",\"name\":\"Ecuador | Noti-America.com\",\"description\":\"\",\"publisher\":{\"@id\":\"https:\/\/noti-america.com\/site\/ecuador\/#organization\"},\"potentialAction\":[{\"@type\":\"SearchAction\",\"target\":{\"@type\":\"EntryPoint\",\"urlTemplate\":\"https:\/\/noti-america.com\/site\/ecuador\/?s={search_term_string}\"},\"query-input\":{\"@type\":\"PropertyValueSpecification\",\"valueRequired\":true,\"valueName\":\"search_term_string\"}}],\"inLanguage\":\"es\"},{\"@type\":\"Organization\",\"@id\":\"https:\/\/noti-america.com\/site\/ecuador\/#organization\",\"name\":\"Noti-America LLC | Ecuador\",\"url\":\"https:\/\/noti-america.com\/site\/ecuador\/\",\"logo\":{\"@type\":\"ImageObject\",\"inLanguage\":\"es\",\"@id\":\"https:\/\/noti-america.com\/site\/ecuador\/#\/schema\/logo\/image\/\",\"url\":\"https:\/\/noti-america.com\/site\/ecuador\/wp-content\/uploads\/sites\/18\/2020\/07\/LogoNA-4x3-1.jpg\",\"contentUrl\":\"https:\/\/noti-america.com\/site\/ecuador\/wp-content\/uploads\/sites\/18\/2020\/07\/LogoNA-4x3-1.jpg\",\"width\":1236,\"height\":1080,\"caption\":\"Noti-America LLC | Ecuador\"},\"image\":{\"@id\":\"https:\/\/noti-america.com\/site\/ecuador\/#\/schema\/logo\/image\/\"},\"sameAs\":[\"https:\/\/x.com\/notiamerica\"]},{\"@type\":\"Person\",\"@id\":\"https:\/\/noti-america.com\/site\/ecuador\/#\/schema\/person\/3b975e42f15abfe64bfe3abdd916efda\",\"name\":\"Gregory Quintana Montiel\",\"image\":{\"@type\":\"ImageObject\",\"inLanguage\":\"es\",\"@id\":\"https:\/\/secure.gravatar.com\/avatar\/2d6b802f7720c2ec7744dcbe608cc2f3417aeb964d58b443c6d612b77531de1d?s=96&d=mm&r=g\",\"url\":\"https:\/\/secure.gravatar.com\/avatar\/2d6b802f7720c2ec7744dcbe608cc2f3417aeb964d58b443c6d612b77531de1d?s=96&d=mm&r=g\",\"contentUrl\":\"https:\/\/secure.gravatar.com\/avatar\/2d6b802f7720c2ec7744dcbe608cc2f3417aeb964d58b443c6d612b77531de1d?s=96&d=mm&r=g\",\"caption\":\"Gregory Quintana Montiel\"},\"description\":\"Licenciatura en Ciencias de la Comunicaci\u00f3n Social, egresado en la Especializaci\u00f3n Derecho Ambiental Desarrollo Sostenible y Sustentable, Miembro de la Comunidad de profesionales y experto para Latinoam\u00e9rica y el Caribe en Gesti\u00f3n por Resultado en el Desarrollo (COPLAC - GpRD) del Banco Interamericano de Desarrollo, experiencia en medios radiales y escritos.\",\"sameAs\":[\"https:\/\/x.com\/gdgregori1\",\"gquintana\"],\"url\":\"https:\/\/noti-america.com\/site\/ecuador\/author\/gquintana\/\"}]}<\/script>\n<!-- \/ Yoast SEO Premium plugin. -->","yoast_head_json":{"title":"Te explicamos qu\u00e9 sentir\u00edas si fueras un \u2018p\u00e1jaro\u2019 - Ecuador | Noti-America.com","robots":{"index":"index","follow":"follow","max-snippet":"max-snippet:-1","max-image-preview":"max-image-preview:large","max-video-preview":"max-video-preview:-1"},"canonical":"https:\/\/noti-america.com\/site\/ecuador\/2020\/01\/03\/te-explicamos-que-sentirias-si-fueras-un-pajaro\/","og_locale":"es_ES","og_type":"article","og_title":"Te explicamos qu\u00e9 sentir\u00edas si fueras un \u2018p\u00e1jaro\u2019","og_description":"REDACCI\u00d3N NOTI AM\u00c9RICA (ECUADOR) \u00bfC\u00f3mo detecta el flamenco la lluvia a cientos de kil\u00f3metros? \u00bfQu\u00e9 experimenta un ping\u00fcino al zambullirse en el Ant\u00e1rtico? \u00bfSe entristecen las aves por la muerte de sus parejas? Pese&#46;&#46;&#46;","og_url":"https:\/\/noti-america.com\/site\/ecuador\/2020\/01\/03\/te-explicamos-que-sentirias-si-fueras-un-pajaro\/","og_site_name":"Ecuador | Noti-America.com","article_published_time":"2020-01-03T02:03:14+00:00","og_image":[{"width":730,"height":448,"url":"https:\/\/noti-america.com\/site\/ecuador\/wp-content\/uploads\/sites\/18\/2020\/01\/gpajarotext.jpg","type":"image\/jpeg"}],"author":"Gregory Quintana Montiel","twitter_card":"summary_large_image","twitter_creator":"@gdgregori1","twitter_site":"@notiamerica","twitter_misc":{"Escrito por":"Gregory Quintana Montiel","Tiempo estimado de lectura":"5 minutos"},"schema":{"@context":"https:\/\/schema.org","@graph":[{"@type":"Article","@id":"https:\/\/noti-america.com\/site\/ecuador\/2020\/01\/03\/te-explicamos-que-sentirias-si-fueras-un-pajaro\/#article","isPartOf":{"@id":"https:\/\/noti-america.com\/site\/ecuador\/2020\/01\/03\/te-explicamos-que-sentirias-si-fueras-un-pajaro\/"},"author":{"name":"Gregory Quintana Montiel","@id":"https:\/\/noti-america.com\/site\/ecuador\/#\/schema\/person\/3b975e42f15abfe64bfe3abdd916efda"},"headline":"Te explicamos qu\u00e9 sentir\u00edas si fueras un \u2018p\u00e1jaro\u2019","datePublished":"2020-01-03T02:03:14+00:00","mainEntityOfPage":{"@id":"https:\/\/noti-america.com\/site\/ecuador\/2020\/01\/03\/te-explicamos-que-sentirias-si-fueras-un-pajaro\/"},"wordCount":1109,"commentCount":0,"publisher":{"@id":"https:\/\/noti-america.com\/site\/ecuador\/#organization"},"image":{"@id":"https:\/\/noti-america.com\/site\/ecuador\/2020\/01\/03\/te-explicamos-que-sentirias-si-fueras-un-pajaro\/#primaryimage"},"thumbnailUrl":"https:\/\/noti-america.com\/site\/ecuador\/wp-content\/uploads\/sites\/18\/2020\/01\/gpajarotext.jpg","articleSection":["Ambiental"],"inLanguage":"es","potentialAction":[{"@type":"CommentAction","name":"Comment","target":["https:\/\/noti-america.com\/site\/ecuador\/2020\/01\/03\/te-explicamos-que-sentirias-si-fueras-un-pajaro\/#respond"]}]},{"@type":"WebPage","@id":"https:\/\/noti-america.com\/site\/ecuador\/2020\/01\/03\/te-explicamos-que-sentirias-si-fueras-un-pajaro\/","url":"https:\/\/noti-america.com\/site\/ecuador\/2020\/01\/03\/te-explicamos-que-sentirias-si-fueras-un-pajaro\/","name":"Te explicamos qu\u00e9 sentir\u00edas si fueras un \u2018p\u00e1jaro\u2019 - Ecuador | Noti-America.com","isPartOf":{"@id":"https:\/\/noti-america.com\/site\/ecuador\/#website"},"primaryImageOfPage":{"@id":"https:\/\/noti-america.com\/site\/ecuador\/2020\/01\/03\/te-explicamos-que-sentirias-si-fueras-un-pajaro\/#primaryimage"},"image":{"@id":"https:\/\/noti-america.com\/site\/ecuador\/2020\/01\/03\/te-explicamos-que-sentirias-si-fueras-un-pajaro\/#primaryimage"},"thumbnailUrl":"https:\/\/noti-america.com\/site\/ecuador\/wp-content\/uploads\/sites\/18\/2020\/01\/gpajarotext.jpg","datePublished":"2020-01-03T02:03:14+00:00","breadcrumb":{"@id":"https:\/\/noti-america.com\/site\/ecuador\/2020\/01\/03\/te-explicamos-que-sentirias-si-fueras-un-pajaro\/#breadcrumb"},"inLanguage":"es","potentialAction":[{"@type":"ReadAction","target":["https:\/\/noti-america.com\/site\/ecuador\/2020\/01\/03\/te-explicamos-que-sentirias-si-fueras-un-pajaro\/"]}]},{"@type":"ImageObject","inLanguage":"es","@id":"https:\/\/noti-america.com\/site\/ecuador\/2020\/01\/03\/te-explicamos-que-sentirias-si-fueras-un-pajaro\/#primaryimage","url":"https:\/\/noti-america.com\/site\/ecuador\/wp-content\/uploads\/sites\/18\/2020\/01\/gpajarotext.jpg","contentUrl":"https:\/\/noti-america.com\/site\/ecuador\/wp-content\/uploads\/sites\/18\/2020\/01\/gpajarotext.jpg","width":730,"height":448},{"@type":"BreadcrumbList","@id":"https:\/\/noti-america.com\/site\/ecuador\/2020\/01\/03\/te-explicamos-que-sentirias-si-fueras-un-pajaro\/#breadcrumb","itemListElement":[{"@type":"ListItem","position":1,"name":"Portada","item":"https:\/\/noti-america.com\/site\/ecuador\/"},{"@type":"ListItem","position":2,"name":"Te explicamos qu\u00e9 sentir\u00edas si fueras un \u2018p\u00e1jaro\u2019"}]},{"@type":"WebSite","@id":"https:\/\/noti-america.com\/site\/ecuador\/#website","url":"https:\/\/noti-america.com\/site\/ecuador\/","name":"Ecuador | Noti-America.com","description":"","publisher":{"@id":"https:\/\/noti-america.com\/site\/ecuador\/#organization"},"potentialAction":[{"@type":"SearchAction","target":{"@type":"EntryPoint","urlTemplate":"https:\/\/noti-america.com\/site\/ecuador\/?s={search_term_string}"},"query-input":{"@type":"PropertyValueSpecification","valueRequired":true,"valueName":"search_term_string"}}],"inLanguage":"es"},{"@type":"Organization","@id":"https:\/\/noti-america.com\/site\/ecuador\/#organization","name":"Noti-America LLC | Ecuador","url":"https:\/\/noti-america.com\/site\/ecuador\/","logo":{"@type":"ImageObject","inLanguage":"es","@id":"https:\/\/noti-america.com\/site\/ecuador\/#\/schema\/logo\/image\/","url":"https:\/\/noti-america.com\/site\/ecuador\/wp-content\/uploads\/sites\/18\/2020\/07\/LogoNA-4x3-1.jpg","contentUrl":"https:\/\/noti-america.com\/site\/ecuador\/wp-content\/uploads\/sites\/18\/2020\/07\/LogoNA-4x3-1.jpg","width":1236,"height":1080,"caption":"Noti-America LLC | Ecuador"},"image":{"@id":"https:\/\/noti-america.com\/site\/ecuador\/#\/schema\/logo\/image\/"},"sameAs":["https:\/\/x.com\/notiamerica"]},{"@type":"Person","@id":"https:\/\/noti-america.com\/site\/ecuador\/#\/schema\/person\/3b975e42f15abfe64bfe3abdd916efda","name":"Gregory Quintana Montiel","image":{"@type":"ImageObject","inLanguage":"es","@id":"https:\/\/secure.gravatar.com\/avatar\/2d6b802f7720c2ec7744dcbe608cc2f3417aeb964d58b443c6d612b77531de1d?s=96&d=mm&r=g","url":"https:\/\/secure.gravatar.com\/avatar\/2d6b802f7720c2ec7744dcbe608cc2f3417aeb964d58b443c6d612b77531de1d?s=96&d=mm&r=g","contentUrl":"https:\/\/secure.gravatar.com\/avatar\/2d6b802f7720c2ec7744dcbe608cc2f3417aeb964d58b443c6d612b77531de1d?s=96&d=mm&r=g","caption":"Gregory Quintana Montiel"},"description":"Licenciatura en Ciencias de la Comunicaci\u00f3n Social, egresado en la Especializaci\u00f3n Derecho Ambiental Desarrollo Sostenible y Sustentable, Miembro de la Comunidad de profesionales y experto para Latinoam\u00e9rica y el Caribe en Gesti\u00f3n por Resultado en el Desarrollo (COPLAC - GpRD) del Banco Interamericano de Desarrollo, experiencia en medios radiales y escritos.","sameAs":["https:\/\/x.com\/gdgregori1","gquintana"],"url":"https:\/\/noti-america.com\/site\/ecuador\/author\/gquintana\/"}]}},"_links":{"self":[{"href":"https:\/\/noti-america.com\/site\/ecuador\/wp-json\/wp\/v2\/posts\/6933","targetHints":{"allow":["GET"]}}],"collection":[{"href":"https:\/\/noti-america.com\/site\/ecuador\/wp-json\/wp\/v2\/posts"}],"about":[{"href":"https:\/\/noti-america.com\/site\/ecuador\/wp-json\/wp\/v2\/types\/post"}],"author":[{"embeddable":true,"href":"https:\/\/noti-america.com\/site\/ecuador\/wp-json\/wp\/v2\/users\/17"}],"replies":[{"embeddable":true,"href":"https:\/\/noti-america.com\/site\/ecuador\/wp-json\/wp\/v2\/comments?post=6933"}],"version-history":[{"count":1,"href":"https:\/\/noti-america.com\/site\/ecuador\/wp-json\/wp\/v2\/posts\/6933\/revisions"}],"predecessor-version":[{"id":6935,"href":"https:\/\/noti-america.com\/site\/ecuador\/wp-json\/wp\/v2\/posts\/6933\/revisions\/6935"}],"wp:featuredmedia":[{"embeddable":true,"href":"https:\/\/noti-america.com\/site\/ecuador\/wp-json\/wp\/v2\/media\/6934"}],"wp:attachment":[{"href":"https:\/\/noti-america.com\/site\/ecuador\/wp-json\/wp\/v2\/media?parent=6933"}],"wp:term":[{"taxonomy":"category","embeddable":true,"href":"https:\/\/noti-america.com\/site\/ecuador\/wp-json\/wp\/v2\/categories?post=6933"},{"taxonomy":"post_tag","embeddable":true,"href":"https:\/\/noti-america.com\/site\/ecuador\/wp-json\/wp\/v2\/tags?post=6933"}],"curies":[{"name":"wp","href":"https:\/\/api.w.org\/{rel}","templated":true}]}}