{"id":6878,"date":"2019-12-24T03:45:06","date_gmt":"2019-12-24T03:45:06","guid":{"rendered":"http:\/\/noti-america.com\/site\/ecuador\/?p=6878"},"modified":"2019-12-24T03:45:06","modified_gmt":"2019-12-24T03:45:06","slug":"en-un-4-crecio-el-ingreso-de-turistas-extranjero-en-2019","status":"publish","type":"post","link":"https:\/\/noti-america.com\/site\/ecuador\/2019\/12\/24\/en-un-4-crecio-el-ingreso-de-turistas-extranjero-en-2019\/","title":{"rendered":"En un 4% creci\u00f3 el ingreso de turistas extranjero en 2019"},"content":{"rendered":"<p>REDACCI\u00d3N NOTI AM\u00c9RICA (ECUADOR)<\/p>\n<div id=\"attachment_6880\" style=\"width: 310px\" class=\"wp-caption aligncenter\"><img loading=\"lazy\" decoding=\"async\" aria-describedby=\"caption-attachment-6880\" class=\"wp-image-6880 size-medium\" src=\"http:\/\/noti-america.com\/site\/ecuador\/wp-content\/uploads\/sites\/18\/2019\/12\/turistas-Quito-1-imagen-el-mercurio-300x229.jpg\" alt=\"\" width=\"300\" height=\"229\" srcset=\"https:\/\/noti-america.com\/site\/ecuador\/wp-content\/uploads\/sites\/18\/2019\/12\/turistas-Quito-1-imagen-el-mercurio-300x229.jpg 300w, https:\/\/noti-america.com\/site\/ecuador\/wp-content\/uploads\/sites\/18\/2019\/12\/turistas-Quito-1-imagen-el-mercurio-768x585.jpg 768w, https:\/\/noti-america.com\/site\/ecuador\/wp-content\/uploads\/sites\/18\/2019\/12\/turistas-Quito-1-imagen-el-mercurio-1024x780.jpg 1024w, https:\/\/noti-america.com\/site\/ecuador\/wp-content\/uploads\/sites\/18\/2019\/12\/turistas-Quito-1-imagen-el-mercurio.jpg 1050w\" sizes=\"auto, (max-width: 300px) 100vw, 300px\" \/><p id=\"caption-attachment-6880\" class=\"wp-caption-text\">Turistas extranjeros visitan Quito patrimonio cultural<\/p><\/div>\n<div class=\"row\">\n<section id=\"postcontent\" class=\"col-md-9 col-sm-6 line-right\">\n<p style=\"text-align: justify\">El promedio anual en la llegada de viajeros extranjeros al Ecuador creci\u00f3 un 4% en lo que va de 2019, de acuerdo con los datos proporcionados por el Registro Administrativo de Migraci\u00f3n del Ministerio de Gobierno. Estas cifras de crecimiento no reflejan los ingresos de\u00a0 venezolanos al pa\u00eds.<\/p>\n<p style=\"text-align: justify\">Sin considerar dichas llegadas, entre enero y noviembre de este a\u00f1o se registr\u00f3 el ingreso de 1.381.726 personas que provienen de mercados priorizados como Estados Unidos que, respecto de 2018, creci\u00f3 un 15,1%; Espa\u00f1a (15,8%), Alemania (4,5%), Canad\u00e1 (10,6%) y Francia (12,2%).<\/p>\n<blockquote>\n<div class=\"pull-right col-md-5 \" style=\"text-align: justify\"><em>Entre enero y noviembre de este a\u00f1o se registr\u00f3 el ingreso de 1.381.726 personas que provienen de mercados priorizados como Estados Unidos que, respecto de 2018, creci\u00f3 un 15,1%; Espa\u00f1a (15,8%), Alemania (4,5%), Canad\u00e1 (10,6%) y Francia (12,2%).<\/em><\/div>\n<\/blockquote>\n<p style=\"text-align: justify\">Tambi\u00e9n se muestra un incremento de 6,1% en la llegada de extranjeros al pa\u00eds por v\u00eda a\u00e9rea. Entre enero y noviembre de 2019 ingresaron a Ecuador 1.032.503 personas a trav\u00e9s de los cuatro aeropuertos internacionales, mientras que en el mismo per\u00edodo de 2018 la cifra fue de 973.113 viajeros.<\/p>\n<p style=\"text-align: justify\">Este incremento en la llegada de turistas se debe principalmente a los esfuerzos realizados por el Ministerio de Turismo para mejorar la promoci\u00f3n y la conectividad del Ecuador en el mundo abriendo nuevas rutas a\u00e9reas.<\/p>\n<p style=\"text-align: justify\">Pese al incremento constante en llegadas de extranjeros en 2019, en octubre de este a\u00f1o se produjo una ca\u00edda importante debido a las manifestaciones que provocaron alertas de viaje a Ecuador en 14 pa\u00edses.<\/p>\n<p style=\"text-align: justify\">Al momento se han retirado las alertas de viaje generadas por estos pa\u00edses gracias al trabajo conjunto entre esta Cartera de Estado y el Cuerpo Diplom\u00e1tico.<\/p>\n<p style=\"text-align: justify\">Seg\u00fan los datos del Banco Central del Ecuador, durante el primer semestre de 2019 ingresaron al pa\u00eds 965 millones de d\u00f3lares por concepto de turismo, lo que represent\u00f3 el 1,8% del Producto Interno Bruto (PIB). En el mismo per\u00edodo de 2018 la cifra fue de 888 millones de d\u00f3lares, es decir 1,7% del PIB.<\/p>\n<p style=\"text-align: justify\">Para el c\u00e1lculo de empleo en el sector tur\u00edstico, el Ministerio de Turismo toma como fuente de informaci\u00f3n primaria los datos publicados por el Instituto Nacional de Estad\u00edstica y Censos, que tienen como base la Encuesta Nacional de Empleo, Desempleo y Subempleo (ENEMDU)<\/p>\n<p style=\"text-align: justify\">Hasta septiembre de 2019, el empleo en actividades relacionadas con alojamiento y servicios de comida generaron un total de 522.508 plazas, lo que demuestra un incremento de 9.285 empleos con respecto a 2018.<\/p>\n<\/section>\n<\/div>\n","protected":false},"excerpt":{"rendered":"<p>REDACCI\u00d3N NOTI AM\u00c9RICA (ECUADOR) El promedio anual en la llegada de viajeros extranjeros al Ecuador creci\u00f3 un 4% en lo que va de 2019, de acuerdo con los datos proporcionados por el Registro Administrativo&#46;&#46;&#46;<\/p>\n","protected":false},"author":17,"featured_media":6879,"comment_status":"open","ping_status":"open","sticky":false,"template":"","format":"standard","meta":{"_acf_changed":false,"om_disable_all_campaigns":false,"rop_custom_images_group":[],"rop_custom_messages_group":[],"rop_publish_now":"initial","rop_publish_now_accounts":{"twitter_242054905_242054905":""},"rop_publish_now_history":[],"rop_publish_now_status":"pending","_uf_show_specific_survey":0,"_uf_disable_surveys":false,"footnotes":""},"categories":[36],"tags":[],"class_list":["post-6878","post","type-post","status-publish","format-standard","has-post-thumbnail","hentry","category-turismo"],"acf":[],"aioseo_notices":[],"yoast_head":"<!-- This site is optimized with the Yoast SEO Premium plugin v24.9 (Yoast SEO v27.2) - https:\/\/yoast.com\/product\/yoast-seo-premium-wordpress\/ -->\n<title>En un 4% creci\u00f3 el ingreso de turistas extranjero en 2019 - Ecuador | Noti-America.com<\/title>\n<meta name=\"robots\" content=\"index, follow, max-snippet:-1, max-image-preview:large, max-video-preview:-1\" \/>\n<link rel=\"canonical\" href=\"https:\/\/noti-america.com\/site\/ecuador\/2019\/12\/24\/en-un-4-crecio-el-ingreso-de-turistas-extranjero-en-2019\/\" \/>\n<meta property=\"og:locale\" content=\"es_ES\" \/>\n<meta property=\"og:type\" content=\"article\" \/>\n<meta property=\"og:title\" content=\"En un 4% creci\u00f3 el ingreso de turistas extranjero en 2019\" \/>\n<meta property=\"og:description\" content=\"REDACCI\u00d3N NOTI AM\u00c9RICA (ECUADOR) El promedio anual en la llegada de viajeros extranjeros al Ecuador creci\u00f3 un 4% en lo que va de 2019, de acuerdo con los datos proporcionados por el Registro Administrativo&#046;&#046;&#046;\" \/>\n<meta property=\"og:url\" content=\"https:\/\/noti-america.com\/site\/ecuador\/2019\/12\/24\/en-un-4-crecio-el-ingreso-de-turistas-extranjero-en-2019\/\" \/>\n<meta property=\"og:site_name\" content=\"Ecuador | Noti-America.com\" \/>\n<meta property=\"article:published_time\" content=\"2019-12-24T03:45:06+00:00\" \/>\n<meta property=\"og:image\" content=\"https:\/\/noti-america.com\/site\/ecuador\/wp-content\/uploads\/sites\/18\/2019\/12\/conversatorio-turismo.jpg\" \/>\n\t<meta property=\"og:image:width\" content=\"633\" \/>\n\t<meta property=\"og:image:height\" content=\"486\" \/>\n\t<meta property=\"og:image:type\" content=\"image\/jpeg\" \/>\n<meta name=\"author\" content=\"Gregory Quintana Montiel\" \/>\n<meta name=\"twitter:card\" content=\"summary_large_image\" \/>\n<meta name=\"twitter:creator\" content=\"@gdgregori1\" \/>\n<meta name=\"twitter:site\" content=\"@notiamerica\" \/>\n<meta name=\"twitter:label1\" content=\"Escrito por\" \/>\n\t<meta name=\"twitter:data1\" content=\"Gregory Quintana Montiel\" \/>\n\t<meta name=\"twitter:label2\" content=\"Tiempo estimado de lectura\" \/>\n\t<meta name=\"twitter:data2\" content=\"2 minutos\" \/>\n<script type=\"application\/ld+json\" class=\"yoast-schema-graph\">{\"@context\":\"https:\/\/schema.org\",\"@graph\":[{\"@type\":\"Article\",\"@id\":\"https:\/\/noti-america.com\/site\/ecuador\/2019\/12\/24\/en-un-4-crecio-el-ingreso-de-turistas-extranjero-en-2019\/#article\",\"isPartOf\":{\"@id\":\"https:\/\/noti-america.com\/site\/ecuador\/2019\/12\/24\/en-un-4-crecio-el-ingreso-de-turistas-extranjero-en-2019\/\"},\"author\":{\"name\":\"Gregory Quintana Montiel\",\"@id\":\"https:\/\/noti-america.com\/site\/ecuador\/#\/schema\/person\/3b975e42f15abfe64bfe3abdd916efda\"},\"headline\":\"En un 4% creci\u00f3 el ingreso de turistas extranjero en 2019\",\"datePublished\":\"2019-12-24T03:45:06+00:00\",\"mainEntityOfPage\":{\"@id\":\"https:\/\/noti-america.com\/site\/ecuador\/2019\/12\/24\/en-un-4-crecio-el-ingreso-de-turistas-extranjero-en-2019\/\"},\"wordCount\":425,\"commentCount\":0,\"publisher\":{\"@id\":\"https:\/\/noti-america.com\/site\/ecuador\/#organization\"},\"image\":{\"@id\":\"https:\/\/noti-america.com\/site\/ecuador\/2019\/12\/24\/en-un-4-crecio-el-ingreso-de-turistas-extranjero-en-2019\/#primaryimage\"},\"thumbnailUrl\":\"https:\/\/noti-america.com\/site\/ecuador\/wp-content\/uploads\/sites\/18\/2019\/12\/conversatorio-turismo.jpg\",\"articleSection\":[\"Turismo\"],\"inLanguage\":\"es\",\"potentialAction\":[{\"@type\":\"CommentAction\",\"name\":\"Comment\",\"target\":[\"https:\/\/noti-america.com\/site\/ecuador\/2019\/12\/24\/en-un-4-crecio-el-ingreso-de-turistas-extranjero-en-2019\/#respond\"]}]},{\"@type\":\"WebPage\",\"@id\":\"https:\/\/noti-america.com\/site\/ecuador\/2019\/12\/24\/en-un-4-crecio-el-ingreso-de-turistas-extranjero-en-2019\/\",\"url\":\"https:\/\/noti-america.com\/site\/ecuador\/2019\/12\/24\/en-un-4-crecio-el-ingreso-de-turistas-extranjero-en-2019\/\",\"name\":\"En un 4% creci\u00f3 el ingreso de turistas extranjero en 2019 - Ecuador | Noti-America.com\",\"isPartOf\":{\"@id\":\"https:\/\/noti-america.com\/site\/ecuador\/#website\"},\"primaryImageOfPage\":{\"@id\":\"https:\/\/noti-america.com\/site\/ecuador\/2019\/12\/24\/en-un-4-crecio-el-ingreso-de-turistas-extranjero-en-2019\/#primaryimage\"},\"image\":{\"@id\":\"https:\/\/noti-america.com\/site\/ecuador\/2019\/12\/24\/en-un-4-crecio-el-ingreso-de-turistas-extranjero-en-2019\/#primaryimage\"},\"thumbnailUrl\":\"https:\/\/noti-america.com\/site\/ecuador\/wp-content\/uploads\/sites\/18\/2019\/12\/conversatorio-turismo.jpg\",\"datePublished\":\"2019-12-24T03:45:06+00:00\",\"breadcrumb\":{\"@id\":\"https:\/\/noti-america.com\/site\/ecuador\/2019\/12\/24\/en-un-4-crecio-el-ingreso-de-turistas-extranjero-en-2019\/#breadcrumb\"},\"inLanguage\":\"es\",\"potentialAction\":[{\"@type\":\"ReadAction\",\"target\":[\"https:\/\/noti-america.com\/site\/ecuador\/2019\/12\/24\/en-un-4-crecio-el-ingreso-de-turistas-extranjero-en-2019\/\"]}]},{\"@type\":\"ImageObject\",\"inLanguage\":\"es\",\"@id\":\"https:\/\/noti-america.com\/site\/ecuador\/2019\/12\/24\/en-un-4-crecio-el-ingreso-de-turistas-extranjero-en-2019\/#primaryimage\",\"url\":\"https:\/\/noti-america.com\/site\/ecuador\/wp-content\/uploads\/sites\/18\/2019\/12\/conversatorio-turismo.jpg\",\"contentUrl\":\"https:\/\/noti-america.com\/site\/ecuador\/wp-content\/uploads\/sites\/18\/2019\/12\/conversatorio-turismo.jpg\",\"width\":633,\"height\":486},{\"@type\":\"BreadcrumbList\",\"@id\":\"https:\/\/noti-america.com\/site\/ecuador\/2019\/12\/24\/en-un-4-crecio-el-ingreso-de-turistas-extranjero-en-2019\/#breadcrumb\",\"itemListElement\":[{\"@type\":\"ListItem\",\"position\":1,\"name\":\"Portada\",\"item\":\"https:\/\/noti-america.com\/site\/ecuador\/\"},{\"@type\":\"ListItem\",\"position\":2,\"name\":\"En un 4% creci\u00f3 el ingreso de turistas extranjero en 2019\"}]},{\"@type\":\"WebSite\",\"@id\":\"https:\/\/noti-america.com\/site\/ecuador\/#website\",\"url\":\"https:\/\/noti-america.com\/site\/ecuador\/\",\"name\":\"Ecuador | Noti-America.com\",\"description\":\"\",\"publisher\":{\"@id\":\"https:\/\/noti-america.com\/site\/ecuador\/#organization\"},\"potentialAction\":[{\"@type\":\"SearchAction\",\"target\":{\"@type\":\"EntryPoint\",\"urlTemplate\":\"https:\/\/noti-america.com\/site\/ecuador\/?s={search_term_string}\"},\"query-input\":{\"@type\":\"PropertyValueSpecification\",\"valueRequired\":true,\"valueName\":\"search_term_string\"}}],\"inLanguage\":\"es\"},{\"@type\":\"Organization\",\"@id\":\"https:\/\/noti-america.com\/site\/ecuador\/#organization\",\"name\":\"Noti-America LLC | Ecuador\",\"url\":\"https:\/\/noti-america.com\/site\/ecuador\/\",\"logo\":{\"@type\":\"ImageObject\",\"inLanguage\":\"es\",\"@id\":\"https:\/\/noti-america.com\/site\/ecuador\/#\/schema\/logo\/image\/\",\"url\":\"https:\/\/noti-america.com\/site\/ecuador\/wp-content\/uploads\/sites\/18\/2020\/07\/LogoNA-4x3-1.jpg\",\"contentUrl\":\"https:\/\/noti-america.com\/site\/ecuador\/wp-content\/uploads\/sites\/18\/2020\/07\/LogoNA-4x3-1.jpg\",\"width\":1236,\"height\":1080,\"caption\":\"Noti-America LLC | Ecuador\"},\"image\":{\"@id\":\"https:\/\/noti-america.com\/site\/ecuador\/#\/schema\/logo\/image\/\"},\"sameAs\":[\"https:\/\/x.com\/notiamerica\"]},{\"@type\":\"Person\",\"@id\":\"https:\/\/noti-america.com\/site\/ecuador\/#\/schema\/person\/3b975e42f15abfe64bfe3abdd916efda\",\"name\":\"Gregory Quintana Montiel\",\"image\":{\"@type\":\"ImageObject\",\"inLanguage\":\"es\",\"@id\":\"https:\/\/secure.gravatar.com\/avatar\/2d6b802f7720c2ec7744dcbe608cc2f3417aeb964d58b443c6d612b77531de1d?s=96&d=mm&r=g\",\"url\":\"https:\/\/secure.gravatar.com\/avatar\/2d6b802f7720c2ec7744dcbe608cc2f3417aeb964d58b443c6d612b77531de1d?s=96&d=mm&r=g\",\"contentUrl\":\"https:\/\/secure.gravatar.com\/avatar\/2d6b802f7720c2ec7744dcbe608cc2f3417aeb964d58b443c6d612b77531de1d?s=96&d=mm&r=g\",\"caption\":\"Gregory Quintana Montiel\"},\"description\":\"Licenciatura en Ciencias de la Comunicaci\u00f3n Social, egresado en la Especializaci\u00f3n Derecho Ambiental Desarrollo Sostenible y Sustentable, Miembro de la Comunidad de profesionales y experto para Latinoam\u00e9rica y el Caribe en Gesti\u00f3n por Resultado en el Desarrollo (COPLAC - GpRD) del Banco Interamericano de Desarrollo, experiencia en medios radiales y escritos.\",\"sameAs\":[\"https:\/\/x.com\/gdgregori1\",\"gquintana\"],\"url\":\"https:\/\/noti-america.com\/site\/ecuador\/author\/gquintana\/\"}]}<\/script>\n<!-- \/ Yoast SEO Premium plugin. -->","yoast_head_json":{"title":"En un 4% creci\u00f3 el ingreso de turistas extranjero en 2019 - Ecuador | Noti-America.com","robots":{"index":"index","follow":"follow","max-snippet":"max-snippet:-1","max-image-preview":"max-image-preview:large","max-video-preview":"max-video-preview:-1"},"canonical":"https:\/\/noti-america.com\/site\/ecuador\/2019\/12\/24\/en-un-4-crecio-el-ingreso-de-turistas-extranjero-en-2019\/","og_locale":"es_ES","og_type":"article","og_title":"En un 4% creci\u00f3 el ingreso de turistas extranjero en 2019","og_description":"REDACCI\u00d3N NOTI AM\u00c9RICA (ECUADOR) El promedio anual en la llegada de viajeros extranjeros al Ecuador creci\u00f3 un 4% en lo que va de 2019, de acuerdo con los datos proporcionados por el Registro Administrativo&#46;&#46;&#46;","og_url":"https:\/\/noti-america.com\/site\/ecuador\/2019\/12\/24\/en-un-4-crecio-el-ingreso-de-turistas-extranjero-en-2019\/","og_site_name":"Ecuador | Noti-America.com","article_published_time":"2019-12-24T03:45:06+00:00","og_image":[{"width":633,"height":486,"url":"https:\/\/noti-america.com\/site\/ecuador\/wp-content\/uploads\/sites\/18\/2019\/12\/conversatorio-turismo.jpg","type":"image\/jpeg"}],"author":"Gregory Quintana Montiel","twitter_card":"summary_large_image","twitter_creator":"@gdgregori1","twitter_site":"@notiamerica","twitter_misc":{"Escrito por":"Gregory Quintana Montiel","Tiempo estimado de lectura":"2 minutos"},"schema":{"@context":"https:\/\/schema.org","@graph":[{"@type":"Article","@id":"https:\/\/noti-america.com\/site\/ecuador\/2019\/12\/24\/en-un-4-crecio-el-ingreso-de-turistas-extranjero-en-2019\/#article","isPartOf":{"@id":"https:\/\/noti-america.com\/site\/ecuador\/2019\/12\/24\/en-un-4-crecio-el-ingreso-de-turistas-extranjero-en-2019\/"},"author":{"name":"Gregory Quintana Montiel","@id":"https:\/\/noti-america.com\/site\/ecuador\/#\/schema\/person\/3b975e42f15abfe64bfe3abdd916efda"},"headline":"En un 4% creci\u00f3 el ingreso de turistas extranjero en 2019","datePublished":"2019-12-24T03:45:06+00:00","mainEntityOfPage":{"@id":"https:\/\/noti-america.com\/site\/ecuador\/2019\/12\/24\/en-un-4-crecio-el-ingreso-de-turistas-extranjero-en-2019\/"},"wordCount":425,"commentCount":0,"publisher":{"@id":"https:\/\/noti-america.com\/site\/ecuador\/#organization"},"image":{"@id":"https:\/\/noti-america.com\/site\/ecuador\/2019\/12\/24\/en-un-4-crecio-el-ingreso-de-turistas-extranjero-en-2019\/#primaryimage"},"thumbnailUrl":"https:\/\/noti-america.com\/site\/ecuador\/wp-content\/uploads\/sites\/18\/2019\/12\/conversatorio-turismo.jpg","articleSection":["Turismo"],"inLanguage":"es","potentialAction":[{"@type":"CommentAction","name":"Comment","target":["https:\/\/noti-america.com\/site\/ecuador\/2019\/12\/24\/en-un-4-crecio-el-ingreso-de-turistas-extranjero-en-2019\/#respond"]}]},{"@type":"WebPage","@id":"https:\/\/noti-america.com\/site\/ecuador\/2019\/12\/24\/en-un-4-crecio-el-ingreso-de-turistas-extranjero-en-2019\/","url":"https:\/\/noti-america.com\/site\/ecuador\/2019\/12\/24\/en-un-4-crecio-el-ingreso-de-turistas-extranjero-en-2019\/","name":"En un 4% creci\u00f3 el ingreso de turistas extranjero en 2019 - Ecuador | Noti-America.com","isPartOf":{"@id":"https:\/\/noti-america.com\/site\/ecuador\/#website"},"primaryImageOfPage":{"@id":"https:\/\/noti-america.com\/site\/ecuador\/2019\/12\/24\/en-un-4-crecio-el-ingreso-de-turistas-extranjero-en-2019\/#primaryimage"},"image":{"@id":"https:\/\/noti-america.com\/site\/ecuador\/2019\/12\/24\/en-un-4-crecio-el-ingreso-de-turistas-extranjero-en-2019\/#primaryimage"},"thumbnailUrl":"https:\/\/noti-america.com\/site\/ecuador\/wp-content\/uploads\/sites\/18\/2019\/12\/conversatorio-turismo.jpg","datePublished":"2019-12-24T03:45:06+00:00","breadcrumb":{"@id":"https:\/\/noti-america.com\/site\/ecuador\/2019\/12\/24\/en-un-4-crecio-el-ingreso-de-turistas-extranjero-en-2019\/#breadcrumb"},"inLanguage":"es","potentialAction":[{"@type":"ReadAction","target":["https:\/\/noti-america.com\/site\/ecuador\/2019\/12\/24\/en-un-4-crecio-el-ingreso-de-turistas-extranjero-en-2019\/"]}]},{"@type":"ImageObject","inLanguage":"es","@id":"https:\/\/noti-america.com\/site\/ecuador\/2019\/12\/24\/en-un-4-crecio-el-ingreso-de-turistas-extranjero-en-2019\/#primaryimage","url":"https:\/\/noti-america.com\/site\/ecuador\/wp-content\/uploads\/sites\/18\/2019\/12\/conversatorio-turismo.jpg","contentUrl":"https:\/\/noti-america.com\/site\/ecuador\/wp-content\/uploads\/sites\/18\/2019\/12\/conversatorio-turismo.jpg","width":633,"height":486},{"@type":"BreadcrumbList","@id":"https:\/\/noti-america.com\/site\/ecuador\/2019\/12\/24\/en-un-4-crecio-el-ingreso-de-turistas-extranjero-en-2019\/#breadcrumb","itemListElement":[{"@type":"ListItem","position":1,"name":"Portada","item":"https:\/\/noti-america.com\/site\/ecuador\/"},{"@type":"ListItem","position":2,"name":"En un 4% creci\u00f3 el ingreso de turistas extranjero en 2019"}]},{"@type":"WebSite","@id":"https:\/\/noti-america.com\/site\/ecuador\/#website","url":"https:\/\/noti-america.com\/site\/ecuador\/","name":"Ecuador | Noti-America.com","description":"","publisher":{"@id":"https:\/\/noti-america.com\/site\/ecuador\/#organization"},"potentialAction":[{"@type":"SearchAction","target":{"@type":"EntryPoint","urlTemplate":"https:\/\/noti-america.com\/site\/ecuador\/?s={search_term_string}"},"query-input":{"@type":"PropertyValueSpecification","valueRequired":true,"valueName":"search_term_string"}}],"inLanguage":"es"},{"@type":"Organization","@id":"https:\/\/noti-america.com\/site\/ecuador\/#organization","name":"Noti-America LLC | Ecuador","url":"https:\/\/noti-america.com\/site\/ecuador\/","logo":{"@type":"ImageObject","inLanguage":"es","@id":"https:\/\/noti-america.com\/site\/ecuador\/#\/schema\/logo\/image\/","url":"https:\/\/noti-america.com\/site\/ecuador\/wp-content\/uploads\/sites\/18\/2020\/07\/LogoNA-4x3-1.jpg","contentUrl":"https:\/\/noti-america.com\/site\/ecuador\/wp-content\/uploads\/sites\/18\/2020\/07\/LogoNA-4x3-1.jpg","width":1236,"height":1080,"caption":"Noti-America LLC | Ecuador"},"image":{"@id":"https:\/\/noti-america.com\/site\/ecuador\/#\/schema\/logo\/image\/"},"sameAs":["https:\/\/x.com\/notiamerica"]},{"@type":"Person","@id":"https:\/\/noti-america.com\/site\/ecuador\/#\/schema\/person\/3b975e42f15abfe64bfe3abdd916efda","name":"Gregory Quintana Montiel","image":{"@type":"ImageObject","inLanguage":"es","@id":"https:\/\/secure.gravatar.com\/avatar\/2d6b802f7720c2ec7744dcbe608cc2f3417aeb964d58b443c6d612b77531de1d?s=96&d=mm&r=g","url":"https:\/\/secure.gravatar.com\/avatar\/2d6b802f7720c2ec7744dcbe608cc2f3417aeb964d58b443c6d612b77531de1d?s=96&d=mm&r=g","contentUrl":"https:\/\/secure.gravatar.com\/avatar\/2d6b802f7720c2ec7744dcbe608cc2f3417aeb964d58b443c6d612b77531de1d?s=96&d=mm&r=g","caption":"Gregory Quintana Montiel"},"description":"Licenciatura en Ciencias de la Comunicaci\u00f3n Social, egresado en la Especializaci\u00f3n Derecho Ambiental Desarrollo Sostenible y Sustentable, Miembro de la Comunidad de profesionales y experto para Latinoam\u00e9rica y el Caribe en Gesti\u00f3n por Resultado en el Desarrollo (COPLAC - GpRD) del Banco Interamericano de Desarrollo, experiencia en medios radiales y escritos.","sameAs":["https:\/\/x.com\/gdgregori1","gquintana"],"url":"https:\/\/noti-america.com\/site\/ecuador\/author\/gquintana\/"}]}},"_links":{"self":[{"href":"https:\/\/noti-america.com\/site\/ecuador\/wp-json\/wp\/v2\/posts\/6878","targetHints":{"allow":["GET"]}}],"collection":[{"href":"https:\/\/noti-america.com\/site\/ecuador\/wp-json\/wp\/v2\/posts"}],"about":[{"href":"https:\/\/noti-america.com\/site\/ecuador\/wp-json\/wp\/v2\/types\/post"}],"author":[{"embeddable":true,"href":"https:\/\/noti-america.com\/site\/ecuador\/wp-json\/wp\/v2\/users\/17"}],"replies":[{"embeddable":true,"href":"https:\/\/noti-america.com\/site\/ecuador\/wp-json\/wp\/v2\/comments?post=6878"}],"version-history":[{"count":1,"href":"https:\/\/noti-america.com\/site\/ecuador\/wp-json\/wp\/v2\/posts\/6878\/revisions"}],"predecessor-version":[{"id":6881,"href":"https:\/\/noti-america.com\/site\/ecuador\/wp-json\/wp\/v2\/posts\/6878\/revisions\/6881"}],"wp:featuredmedia":[{"embeddable":true,"href":"https:\/\/noti-america.com\/site\/ecuador\/wp-json\/wp\/v2\/media\/6879"}],"wp:attachment":[{"href":"https:\/\/noti-america.com\/site\/ecuador\/wp-json\/wp\/v2\/media?parent=6878"}],"wp:term":[{"taxonomy":"category","embeddable":true,"href":"https:\/\/noti-america.com\/site\/ecuador\/wp-json\/wp\/v2\/categories?post=6878"},{"taxonomy":"post_tag","embeddable":true,"href":"https:\/\/noti-america.com\/site\/ecuador\/wp-json\/wp\/v2\/tags?post=6878"}],"curies":[{"name":"wp","href":"https:\/\/api.w.org\/{rel}","templated":true}]}}