{"id":6872,"date":"2019-12-24T01:45:15","date_gmt":"2019-12-24T01:45:15","guid":{"rendered":"http:\/\/noti-america.com\/site\/ecuador\/?p=6872"},"modified":"2019-12-24T01:45:15","modified_gmt":"2019-12-24T01:45:15","slug":"la-hora-del-liderazgo-femenino-en-america-latina","status":"publish","type":"post","link":"https:\/\/noti-america.com\/site\/ecuador\/2019\/12\/24\/la-hora-del-liderazgo-femenino-en-america-latina\/","title":{"rendered":"La hora del liderazgo femenino en Am\u00e9rica Latina"},"content":{"rendered":"<p>REDACCI\u00d3N NOTI AM\u00c9RICA (ECUADOR) Por\u00a0Andrew Morrison\u00a0|\u00a0Vivian Roza.<\/p>\n<p style=\"text-align: justify\"><strong>El progreso de la regi\u00f3n ha sido insuficiente y en ocasiones se han experimentado considerables retrocesos. \u00bfQu\u00e9 podemos hacer para lograr una presencia sostenible de las mujeres en los espacios de decisi\u00f3n?<\/strong><\/p>\n<p style=\"text-align: justify\">La relevancia de los temas de\u00a0igualdad de g\u00e9nero\u00a0en la conversaci\u00f3n mundial y el creciente compromiso de gobiernos, empresas y ciudadanos con una mayor paridad, ofrecen una oportunidad hist\u00f3rica para consolidar los avances y acelerar el progreso que en ese sentido hemos logrado en nuestra regi\u00f3n.<\/p>\n<p style=\"text-align: justify\">En los \u00faltimos 20 a\u00f1os, Am\u00e9rica Latina y el Caribe ha sido pionera en el mundo en el \u00e1rea de liderazgo de la mujer en el sector p\u00fablico. Fuimos los primeros en aprobar una ley nacional de cuotas para incrementar el n\u00famero de mujeres en el poder legislativo. Somos la \u00fanica regi\u00f3n del mundo que ha contado con seis jefas de Estado ejerciendo el poder simult\u00e1neamente y, actualmente, somos la segunda regi\u00f3n con mayor porcentaje de parlamentarias.<\/p>\n<p style=\"text-align: justify\">Pero m\u00e1s all\u00e1 del evidente avance, el progreso del liderazgo femenino ha sido insuficiente, y en ocasiones hemos experimentado considerables retrocesos. Algunos de nuestros pa\u00edses a\u00fan cuentan con menos del 10% de mujeres en sus asambleas nacionales. Este a\u00f1o, volveremos a una situaci\u00f3n que nos era ajena hace m\u00e1s de una d\u00e9cada: todos nuestros pa\u00edses estar\u00e1n presididos por hombres.<\/p>\n<p style=\"text-align: justify\">En el sector privado, persiste el llamado techo de cristal. De 1.259 empresas que cotizan en la bolsa de 31 pa\u00edses de Am\u00e9rica Latina y el Caribe, solo 37% cuenta con mujeres en sus directorios y 73% carece de mujeres en la alta gerencia.<\/p>\n<p style=\"text-align: justify\">\u00bfQu\u00e9 podemos hacer para lograr una presencia sostenible de las mujeres en los espacios de decisi\u00f3n? Primero, es imprescindible consolidar el compromiso de las instituciones p\u00fablicas y privadas con el liderazgo femenino, as\u00ed como crear nuevas alianzas entre ambas esferas.<\/p>\n<p style=\"text-align: justify\">Un buen ejemplo son las iniciativas de paridad de g\u00e9nero, alianzas p\u00fablico-privadas promovidas por el Banco Interamericano de Desarrollo y el Foro Econ\u00f3mico Mundial que tienen como prop\u00f3sito impulsar la participaci\u00f3n laboral de las mujeres, su liderazgo en la toma de decisiones y el cierre de la brecha salarial. Desde el lanzamiento de la\u00a0Iniciativa de Paridad de G\u00e9nero (IPG),\u00a0en Chile en 2016, m\u00e1s de 100 empresas se han adherido a ella. Este modelo, est\u00e1 siendo replicado en Argentina, Panam\u00e1 y Per\u00fa.<\/p>\n<p style=\"text-align: justify\">Segundo, debemos desarrollar iniciativas creativas para crear una masa cr\u00edtica de mujeres preparadas para asumir los cargos de liderazgo. Un referente es el programa Mujeres L\u00edderes Emergentes del Sector P\u00fablico, cuyo objetivo es potenciar y visibilizar el liderazgo de las mujeres en este \u00e1mbito, brind\u00e1ndoles herramientas para que puedan superar con \u00e9xito los desaf\u00edos que suelen enfrentar como l\u00edderes en sus instituciones. El Programa, liderado por el BID, se ha realizado en\u00a0Rep\u00fablica Dominicana\u00a0y\u00a0Panam\u00e1\u00a0y en 2018 ser\u00e1 impartido en Per\u00fa.<\/p>\n<p style=\"text-align: justify\">Por \u00faltimo, es necesario sumar fuerzas tanto con hombres como mujeres influyentes para avanzar la agenda de\u00a0equidad\u00a0en las empresas y en las instituciones p\u00fablicas.<\/p>\n<p style=\"text-align: justify\">Las mujeres l\u00edderes de hoy tienen la responsabilidad especial de impulsar a las que vienen detr\u00e1s para avanzar hacia los cargos de poder. Los hombres l\u00edderes tambi\u00e9n tienen que jugar un papel activo como colegas, mentores y promotores de esta nueva generaci\u00f3n. Claro ejemplo de esto, es el programa \u201cHombres Campeones del Cambio\u201d en Australia, en el que sus participantes se han comprometido a identificar y compartir acciones pr\u00e1cticas que sus instituciones pueden implementar para aumentar la representaci\u00f3n de mujeres l\u00edderes.<\/p>\n<p style=\"text-align: justify\">Vivimos momentos de cambio que nos ofrecen una oportunidad \u00fanica de construir -\u2014sobre los avances registrados\u2014 gobiernos y empresas en los cuales el liderazgo femenino resulta en pol\u00edticas p\u00fablicas m\u00e1s inclusivas y empresas m\u00e1s productivas y din\u00e1micas.<\/p>\n<p style=\"text-align: justify\">Fuente: BID.<\/p>\n","protected":false},"excerpt":{"rendered":"<p>REDACCI\u00d3N NOTI AM\u00c9RICA (ECUADOR) Por\u00a0Andrew Morrison\u00a0|\u00a0Vivian Roza. El progreso de la regi\u00f3n ha sido insuficiente y en ocasiones se han experimentado considerables retrocesos. \u00bfQu\u00e9 podemos hacer para lograr una presencia sostenible de las mujeres&#46;&#46;&#46;<\/p>\n","protected":false},"author":17,"featured_media":6873,"comment_status":"open","ping_status":"open","sticky":false,"template":"","format":"standard","meta":{"_acf_changed":false,"om_disable_all_campaigns":false,"rop_custom_images_group":[],"rop_custom_messages_group":[],"rop_publish_now":"initial","rop_publish_now_accounts":{"twitter_242054905_242054905":""},"rop_publish_now_history":[],"rop_publish_now_status":"pending","_uf_show_specific_survey":0,"_uf_disable_surveys":false,"footnotes":""},"categories":[113],"tags":[],"class_list":["post-6872","post","type-post","status-publish","format-standard","has-post-thumbnail","hentry","category-genero"],"acf":[],"aioseo_notices":[],"yoast_head":"<!-- This site is optimized with the Yoast SEO Premium plugin v24.9 (Yoast SEO v27.2) - https:\/\/yoast.com\/product\/yoast-seo-premium-wordpress\/ -->\n<title>La hora del liderazgo femenino en Am\u00e9rica Latina - Ecuador | Noti-America.com<\/title>\n<meta name=\"robots\" content=\"index, follow, max-snippet:-1, max-image-preview:large, max-video-preview:-1\" \/>\n<link rel=\"canonical\" href=\"https:\/\/noti-america.com\/site\/ecuador\/2019\/12\/24\/la-hora-del-liderazgo-femenino-en-america-latina\/\" \/>\n<meta property=\"og:locale\" content=\"es_ES\" \/>\n<meta property=\"og:type\" content=\"article\" \/>\n<meta property=\"og:title\" content=\"La hora del liderazgo femenino en Am\u00e9rica Latina\" \/>\n<meta property=\"og:description\" content=\"REDACCI\u00d3N NOTI AM\u00c9RICA (ECUADOR) Por\u00a0Andrew Morrison\u00a0|\u00a0Vivian Roza. El progreso de la regi\u00f3n ha sido insuficiente y en ocasiones se han experimentado considerables retrocesos. \u00bfQu\u00e9 podemos hacer para lograr una presencia sostenible de las mujeres&#046;&#046;&#046;\" \/>\n<meta property=\"og:url\" content=\"https:\/\/noti-america.com\/site\/ecuador\/2019\/12\/24\/la-hora-del-liderazgo-femenino-en-america-latina\/\" \/>\n<meta property=\"og:site_name\" content=\"Ecuador | Noti-America.com\" \/>\n<meta property=\"article:published_time\" content=\"2019-12-24T01:45:15+00:00\" \/>\n<meta property=\"og:image\" content=\"https:\/\/noti-america.com\/site\/ecuador\/wp-content\/uploads\/sites\/18\/2019\/12\/Liderazgo-femenino.jpg\" \/>\n\t<meta property=\"og:image:width\" content=\"720\" \/>\n\t<meta property=\"og:image:height\" content=\"315\" \/>\n\t<meta property=\"og:image:type\" content=\"image\/jpeg\" \/>\n<meta name=\"author\" content=\"Gregory Quintana Montiel\" \/>\n<meta name=\"twitter:card\" content=\"summary_large_image\" \/>\n<meta name=\"twitter:creator\" content=\"@gdgregori1\" \/>\n<meta name=\"twitter:site\" content=\"@notiamerica\" \/>\n<meta name=\"twitter:label1\" content=\"Escrito por\" \/>\n\t<meta name=\"twitter:data1\" content=\"Gregory Quintana Montiel\" \/>\n\t<meta name=\"twitter:label2\" content=\"Tiempo estimado de lectura\" \/>\n\t<meta name=\"twitter:data2\" content=\"3 minutos\" \/>\n<script type=\"application\/ld+json\" class=\"yoast-schema-graph\">{\"@context\":\"https:\/\/schema.org\",\"@graph\":[{\"@type\":\"Article\",\"@id\":\"https:\/\/noti-america.com\/site\/ecuador\/2019\/12\/24\/la-hora-del-liderazgo-femenino-en-america-latina\/#article\",\"isPartOf\":{\"@id\":\"https:\/\/noti-america.com\/site\/ecuador\/2019\/12\/24\/la-hora-del-liderazgo-femenino-en-america-latina\/\"},\"author\":{\"name\":\"Gregory Quintana Montiel\",\"@id\":\"https:\/\/noti-america.com\/site\/ecuador\/#\/schema\/person\/3b975e42f15abfe64bfe3abdd916efda\"},\"headline\":\"La hora del liderazgo femenino en Am\u00e9rica Latina\",\"datePublished\":\"2019-12-24T01:45:15+00:00\",\"mainEntityOfPage\":{\"@id\":\"https:\/\/noti-america.com\/site\/ecuador\/2019\/12\/24\/la-hora-del-liderazgo-femenino-en-america-latina\/\"},\"wordCount\":677,\"commentCount\":0,\"publisher\":{\"@id\":\"https:\/\/noti-america.com\/site\/ecuador\/#organization\"},\"image\":{\"@id\":\"https:\/\/noti-america.com\/site\/ecuador\/2019\/12\/24\/la-hora-del-liderazgo-femenino-en-america-latina\/#primaryimage\"},\"thumbnailUrl\":\"https:\/\/noti-america.com\/site\/ecuador\/wp-content\/uploads\/sites\/18\/2019\/12\/Liderazgo-femenino.jpg\",\"articleSection\":[\"G\u00e9nero\"],\"inLanguage\":\"es\",\"potentialAction\":[{\"@type\":\"CommentAction\",\"name\":\"Comment\",\"target\":[\"https:\/\/noti-america.com\/site\/ecuador\/2019\/12\/24\/la-hora-del-liderazgo-femenino-en-america-latina\/#respond\"]}]},{\"@type\":\"WebPage\",\"@id\":\"https:\/\/noti-america.com\/site\/ecuador\/2019\/12\/24\/la-hora-del-liderazgo-femenino-en-america-latina\/\",\"url\":\"https:\/\/noti-america.com\/site\/ecuador\/2019\/12\/24\/la-hora-del-liderazgo-femenino-en-america-latina\/\",\"name\":\"La hora del liderazgo femenino en Am\u00e9rica Latina - Ecuador | Noti-America.com\",\"isPartOf\":{\"@id\":\"https:\/\/noti-america.com\/site\/ecuador\/#website\"},\"primaryImageOfPage\":{\"@id\":\"https:\/\/noti-america.com\/site\/ecuador\/2019\/12\/24\/la-hora-del-liderazgo-femenino-en-america-latina\/#primaryimage\"},\"image\":{\"@id\":\"https:\/\/noti-america.com\/site\/ecuador\/2019\/12\/24\/la-hora-del-liderazgo-femenino-en-america-latina\/#primaryimage\"},\"thumbnailUrl\":\"https:\/\/noti-america.com\/site\/ecuador\/wp-content\/uploads\/sites\/18\/2019\/12\/Liderazgo-femenino.jpg\",\"datePublished\":\"2019-12-24T01:45:15+00:00\",\"breadcrumb\":{\"@id\":\"https:\/\/noti-america.com\/site\/ecuador\/2019\/12\/24\/la-hora-del-liderazgo-femenino-en-america-latina\/#breadcrumb\"},\"inLanguage\":\"es\",\"potentialAction\":[{\"@type\":\"ReadAction\",\"target\":[\"https:\/\/noti-america.com\/site\/ecuador\/2019\/12\/24\/la-hora-del-liderazgo-femenino-en-america-latina\/\"]}]},{\"@type\":\"ImageObject\",\"inLanguage\":\"es\",\"@id\":\"https:\/\/noti-america.com\/site\/ecuador\/2019\/12\/24\/la-hora-del-liderazgo-femenino-en-america-latina\/#primaryimage\",\"url\":\"https:\/\/noti-america.com\/site\/ecuador\/wp-content\/uploads\/sites\/18\/2019\/12\/Liderazgo-femenino.jpg\",\"contentUrl\":\"https:\/\/noti-america.com\/site\/ecuador\/wp-content\/uploads\/sites\/18\/2019\/12\/Liderazgo-femenino.jpg\",\"width\":720,\"height\":315},{\"@type\":\"BreadcrumbList\",\"@id\":\"https:\/\/noti-america.com\/site\/ecuador\/2019\/12\/24\/la-hora-del-liderazgo-femenino-en-america-latina\/#breadcrumb\",\"itemListElement\":[{\"@type\":\"ListItem\",\"position\":1,\"name\":\"Portada\",\"item\":\"https:\/\/noti-america.com\/site\/ecuador\/\"},{\"@type\":\"ListItem\",\"position\":2,\"name\":\"La hora del liderazgo femenino en Am\u00e9rica Latina\"}]},{\"@type\":\"WebSite\",\"@id\":\"https:\/\/noti-america.com\/site\/ecuador\/#website\",\"url\":\"https:\/\/noti-america.com\/site\/ecuador\/\",\"name\":\"Ecuador | Noti-America.com\",\"description\":\"\",\"publisher\":{\"@id\":\"https:\/\/noti-america.com\/site\/ecuador\/#organization\"},\"potentialAction\":[{\"@type\":\"SearchAction\",\"target\":{\"@type\":\"EntryPoint\",\"urlTemplate\":\"https:\/\/noti-america.com\/site\/ecuador\/?s={search_term_string}\"},\"query-input\":{\"@type\":\"PropertyValueSpecification\",\"valueRequired\":true,\"valueName\":\"search_term_string\"}}],\"inLanguage\":\"es\"},{\"@type\":\"Organization\",\"@id\":\"https:\/\/noti-america.com\/site\/ecuador\/#organization\",\"name\":\"Noti-America LLC | Ecuador\",\"url\":\"https:\/\/noti-america.com\/site\/ecuador\/\",\"logo\":{\"@type\":\"ImageObject\",\"inLanguage\":\"es\",\"@id\":\"https:\/\/noti-america.com\/site\/ecuador\/#\/schema\/logo\/image\/\",\"url\":\"https:\/\/noti-america.com\/site\/ecuador\/wp-content\/uploads\/sites\/18\/2020\/07\/LogoNA-4x3-1.jpg\",\"contentUrl\":\"https:\/\/noti-america.com\/site\/ecuador\/wp-content\/uploads\/sites\/18\/2020\/07\/LogoNA-4x3-1.jpg\",\"width\":1236,\"height\":1080,\"caption\":\"Noti-America LLC | Ecuador\"},\"image\":{\"@id\":\"https:\/\/noti-america.com\/site\/ecuador\/#\/schema\/logo\/image\/\"},\"sameAs\":[\"https:\/\/x.com\/notiamerica\"]},{\"@type\":\"Person\",\"@id\":\"https:\/\/noti-america.com\/site\/ecuador\/#\/schema\/person\/3b975e42f15abfe64bfe3abdd916efda\",\"name\":\"Gregory Quintana Montiel\",\"image\":{\"@type\":\"ImageObject\",\"inLanguage\":\"es\",\"@id\":\"https:\/\/secure.gravatar.com\/avatar\/2d6b802f7720c2ec7744dcbe608cc2f3417aeb964d58b443c6d612b77531de1d?s=96&d=mm&r=g\",\"url\":\"https:\/\/secure.gravatar.com\/avatar\/2d6b802f7720c2ec7744dcbe608cc2f3417aeb964d58b443c6d612b77531de1d?s=96&d=mm&r=g\",\"contentUrl\":\"https:\/\/secure.gravatar.com\/avatar\/2d6b802f7720c2ec7744dcbe608cc2f3417aeb964d58b443c6d612b77531de1d?s=96&d=mm&r=g\",\"caption\":\"Gregory Quintana Montiel\"},\"description\":\"Licenciatura en Ciencias de la Comunicaci\u00f3n Social, egresado en la Especializaci\u00f3n Derecho Ambiental Desarrollo Sostenible y Sustentable, Miembro de la Comunidad de profesionales y experto para Latinoam\u00e9rica y el Caribe en Gesti\u00f3n por Resultado en el Desarrollo (COPLAC - GpRD) del Banco Interamericano de Desarrollo, experiencia en medios radiales y escritos.\",\"sameAs\":[\"https:\/\/x.com\/gdgregori1\",\"gquintana\"],\"url\":\"https:\/\/noti-america.com\/site\/ecuador\/author\/gquintana\/\"}]}<\/script>\n<!-- \/ Yoast SEO Premium plugin. -->","yoast_head_json":{"title":"La hora del liderazgo femenino en Am\u00e9rica Latina - Ecuador | Noti-America.com","robots":{"index":"index","follow":"follow","max-snippet":"max-snippet:-1","max-image-preview":"max-image-preview:large","max-video-preview":"max-video-preview:-1"},"canonical":"https:\/\/noti-america.com\/site\/ecuador\/2019\/12\/24\/la-hora-del-liderazgo-femenino-en-america-latina\/","og_locale":"es_ES","og_type":"article","og_title":"La hora del liderazgo femenino en Am\u00e9rica Latina","og_description":"REDACCI\u00d3N NOTI AM\u00c9RICA (ECUADOR) Por\u00a0Andrew Morrison\u00a0|\u00a0Vivian Roza. El progreso de la regi\u00f3n ha sido insuficiente y en ocasiones se han experimentado considerables retrocesos. \u00bfQu\u00e9 podemos hacer para lograr una presencia sostenible de las mujeres&#46;&#46;&#46;","og_url":"https:\/\/noti-america.com\/site\/ecuador\/2019\/12\/24\/la-hora-del-liderazgo-femenino-en-america-latina\/","og_site_name":"Ecuador | Noti-America.com","article_published_time":"2019-12-24T01:45:15+00:00","og_image":[{"width":720,"height":315,"url":"https:\/\/noti-america.com\/site\/ecuador\/wp-content\/uploads\/sites\/18\/2019\/12\/Liderazgo-femenino.jpg","type":"image\/jpeg"}],"author":"Gregory Quintana Montiel","twitter_card":"summary_large_image","twitter_creator":"@gdgregori1","twitter_site":"@notiamerica","twitter_misc":{"Escrito por":"Gregory Quintana Montiel","Tiempo estimado de lectura":"3 minutos"},"schema":{"@context":"https:\/\/schema.org","@graph":[{"@type":"Article","@id":"https:\/\/noti-america.com\/site\/ecuador\/2019\/12\/24\/la-hora-del-liderazgo-femenino-en-america-latina\/#article","isPartOf":{"@id":"https:\/\/noti-america.com\/site\/ecuador\/2019\/12\/24\/la-hora-del-liderazgo-femenino-en-america-latina\/"},"author":{"name":"Gregory Quintana Montiel","@id":"https:\/\/noti-america.com\/site\/ecuador\/#\/schema\/person\/3b975e42f15abfe64bfe3abdd916efda"},"headline":"La hora del liderazgo femenino en Am\u00e9rica Latina","datePublished":"2019-12-24T01:45:15+00:00","mainEntityOfPage":{"@id":"https:\/\/noti-america.com\/site\/ecuador\/2019\/12\/24\/la-hora-del-liderazgo-femenino-en-america-latina\/"},"wordCount":677,"commentCount":0,"publisher":{"@id":"https:\/\/noti-america.com\/site\/ecuador\/#organization"},"image":{"@id":"https:\/\/noti-america.com\/site\/ecuador\/2019\/12\/24\/la-hora-del-liderazgo-femenino-en-america-latina\/#primaryimage"},"thumbnailUrl":"https:\/\/noti-america.com\/site\/ecuador\/wp-content\/uploads\/sites\/18\/2019\/12\/Liderazgo-femenino.jpg","articleSection":["G\u00e9nero"],"inLanguage":"es","potentialAction":[{"@type":"CommentAction","name":"Comment","target":["https:\/\/noti-america.com\/site\/ecuador\/2019\/12\/24\/la-hora-del-liderazgo-femenino-en-america-latina\/#respond"]}]},{"@type":"WebPage","@id":"https:\/\/noti-america.com\/site\/ecuador\/2019\/12\/24\/la-hora-del-liderazgo-femenino-en-america-latina\/","url":"https:\/\/noti-america.com\/site\/ecuador\/2019\/12\/24\/la-hora-del-liderazgo-femenino-en-america-latina\/","name":"La hora del liderazgo femenino en Am\u00e9rica Latina - Ecuador | Noti-America.com","isPartOf":{"@id":"https:\/\/noti-america.com\/site\/ecuador\/#website"},"primaryImageOfPage":{"@id":"https:\/\/noti-america.com\/site\/ecuador\/2019\/12\/24\/la-hora-del-liderazgo-femenino-en-america-latina\/#primaryimage"},"image":{"@id":"https:\/\/noti-america.com\/site\/ecuador\/2019\/12\/24\/la-hora-del-liderazgo-femenino-en-america-latina\/#primaryimage"},"thumbnailUrl":"https:\/\/noti-america.com\/site\/ecuador\/wp-content\/uploads\/sites\/18\/2019\/12\/Liderazgo-femenino.jpg","datePublished":"2019-12-24T01:45:15+00:00","breadcrumb":{"@id":"https:\/\/noti-america.com\/site\/ecuador\/2019\/12\/24\/la-hora-del-liderazgo-femenino-en-america-latina\/#breadcrumb"},"inLanguage":"es","potentialAction":[{"@type":"ReadAction","target":["https:\/\/noti-america.com\/site\/ecuador\/2019\/12\/24\/la-hora-del-liderazgo-femenino-en-america-latina\/"]}]},{"@type":"ImageObject","inLanguage":"es","@id":"https:\/\/noti-america.com\/site\/ecuador\/2019\/12\/24\/la-hora-del-liderazgo-femenino-en-america-latina\/#primaryimage","url":"https:\/\/noti-america.com\/site\/ecuador\/wp-content\/uploads\/sites\/18\/2019\/12\/Liderazgo-femenino.jpg","contentUrl":"https:\/\/noti-america.com\/site\/ecuador\/wp-content\/uploads\/sites\/18\/2019\/12\/Liderazgo-femenino.jpg","width":720,"height":315},{"@type":"BreadcrumbList","@id":"https:\/\/noti-america.com\/site\/ecuador\/2019\/12\/24\/la-hora-del-liderazgo-femenino-en-america-latina\/#breadcrumb","itemListElement":[{"@type":"ListItem","position":1,"name":"Portada","item":"https:\/\/noti-america.com\/site\/ecuador\/"},{"@type":"ListItem","position":2,"name":"La hora del liderazgo femenino en Am\u00e9rica Latina"}]},{"@type":"WebSite","@id":"https:\/\/noti-america.com\/site\/ecuador\/#website","url":"https:\/\/noti-america.com\/site\/ecuador\/","name":"Ecuador | Noti-America.com","description":"","publisher":{"@id":"https:\/\/noti-america.com\/site\/ecuador\/#organization"},"potentialAction":[{"@type":"SearchAction","target":{"@type":"EntryPoint","urlTemplate":"https:\/\/noti-america.com\/site\/ecuador\/?s={search_term_string}"},"query-input":{"@type":"PropertyValueSpecification","valueRequired":true,"valueName":"search_term_string"}}],"inLanguage":"es"},{"@type":"Organization","@id":"https:\/\/noti-america.com\/site\/ecuador\/#organization","name":"Noti-America LLC | Ecuador","url":"https:\/\/noti-america.com\/site\/ecuador\/","logo":{"@type":"ImageObject","inLanguage":"es","@id":"https:\/\/noti-america.com\/site\/ecuador\/#\/schema\/logo\/image\/","url":"https:\/\/noti-america.com\/site\/ecuador\/wp-content\/uploads\/sites\/18\/2020\/07\/LogoNA-4x3-1.jpg","contentUrl":"https:\/\/noti-america.com\/site\/ecuador\/wp-content\/uploads\/sites\/18\/2020\/07\/LogoNA-4x3-1.jpg","width":1236,"height":1080,"caption":"Noti-America LLC | Ecuador"},"image":{"@id":"https:\/\/noti-america.com\/site\/ecuador\/#\/schema\/logo\/image\/"},"sameAs":["https:\/\/x.com\/notiamerica"]},{"@type":"Person","@id":"https:\/\/noti-america.com\/site\/ecuador\/#\/schema\/person\/3b975e42f15abfe64bfe3abdd916efda","name":"Gregory Quintana Montiel","image":{"@type":"ImageObject","inLanguage":"es","@id":"https:\/\/secure.gravatar.com\/avatar\/2d6b802f7720c2ec7744dcbe608cc2f3417aeb964d58b443c6d612b77531de1d?s=96&d=mm&r=g","url":"https:\/\/secure.gravatar.com\/avatar\/2d6b802f7720c2ec7744dcbe608cc2f3417aeb964d58b443c6d612b77531de1d?s=96&d=mm&r=g","contentUrl":"https:\/\/secure.gravatar.com\/avatar\/2d6b802f7720c2ec7744dcbe608cc2f3417aeb964d58b443c6d612b77531de1d?s=96&d=mm&r=g","caption":"Gregory Quintana Montiel"},"description":"Licenciatura en Ciencias de la Comunicaci\u00f3n Social, egresado en la Especializaci\u00f3n Derecho Ambiental Desarrollo Sostenible y Sustentable, Miembro de la Comunidad de profesionales y experto para Latinoam\u00e9rica y el Caribe en Gesti\u00f3n por Resultado en el Desarrollo (COPLAC - GpRD) del Banco Interamericano de Desarrollo, experiencia en medios radiales y escritos.","sameAs":["https:\/\/x.com\/gdgregori1","gquintana"],"url":"https:\/\/noti-america.com\/site\/ecuador\/author\/gquintana\/"}]}},"_links":{"self":[{"href":"https:\/\/noti-america.com\/site\/ecuador\/wp-json\/wp\/v2\/posts\/6872","targetHints":{"allow":["GET"]}}],"collection":[{"href":"https:\/\/noti-america.com\/site\/ecuador\/wp-json\/wp\/v2\/posts"}],"about":[{"href":"https:\/\/noti-america.com\/site\/ecuador\/wp-json\/wp\/v2\/types\/post"}],"author":[{"embeddable":true,"href":"https:\/\/noti-america.com\/site\/ecuador\/wp-json\/wp\/v2\/users\/17"}],"replies":[{"embeddable":true,"href":"https:\/\/noti-america.com\/site\/ecuador\/wp-json\/wp\/v2\/comments?post=6872"}],"version-history":[{"count":1,"href":"https:\/\/noti-america.com\/site\/ecuador\/wp-json\/wp\/v2\/posts\/6872\/revisions"}],"predecessor-version":[{"id":6874,"href":"https:\/\/noti-america.com\/site\/ecuador\/wp-json\/wp\/v2\/posts\/6872\/revisions\/6874"}],"wp:featuredmedia":[{"embeddable":true,"href":"https:\/\/noti-america.com\/site\/ecuador\/wp-json\/wp\/v2\/media\/6873"}],"wp:attachment":[{"href":"https:\/\/noti-america.com\/site\/ecuador\/wp-json\/wp\/v2\/media?parent=6872"}],"wp:term":[{"taxonomy":"category","embeddable":true,"href":"https:\/\/noti-america.com\/site\/ecuador\/wp-json\/wp\/v2\/categories?post=6872"},{"taxonomy":"post_tag","embeddable":true,"href":"https:\/\/noti-america.com\/site\/ecuador\/wp-json\/wp\/v2\/tags?post=6872"}],"curies":[{"name":"wp","href":"https:\/\/api.w.org\/{rel}","templated":true}]}}