{"id":6869,"date":"2019-12-24T01:16:47","date_gmt":"2019-12-24T01:16:47","guid":{"rendered":"http:\/\/noti-america.com\/site\/ecuador\/?p=6869"},"modified":"2019-12-24T01:16:47","modified_gmt":"2019-12-24T01:16:47","slug":"todo-lo-que-necesitas-saber-sobre-la-brecha-de-genero-en-2020","status":"publish","type":"post","link":"https:\/\/noti-america.com\/site\/ecuador\/2019\/12\/24\/todo-lo-que-necesitas-saber-sobre-la-brecha-de-genero-en-2020\/","title":{"rendered":"Todo lo que necesitas saber sobre la brecha de g\u00e9nero en 2020"},"content":{"rendered":"<p>REDACCI\u00d3N NOTI AM\u00c9RICA (ECUADOR)<\/p>\n<div class=\"st__content-block st__content-block--list\">\n<ul>\n<li style=\"text-align: justify\"><span>El Informe sobre la brecha de g\u00e9nero global del Foro Econ\u00f3mico Mundial 2020 descubri\u00f3 que a\u00fan queda un largo camino por recorrer para lograr la paridad de g\u00e9nero en todo el mundo.<\/span><\/li>\n<li style=\"text-align: justify\"><span>La pol\u00edtica sigue siendo el \u00e1rea donde se ha progresado menos hasta la fecha.<\/span><\/li>\n<li style=\"text-align: justify\"><span>El informe mide las brechas entre hombres y mujeres en salud, educaci\u00f3n, trabajo y pol\u00edtica.<\/span><\/li>\n<\/ul>\n<\/div>\n<div class=\"st__content-block st__content-block--text\" style=\"text-align: justify\">\n<p><span>El tiempo que tomar\u00e1 cerrar la brecha de g\u00e9nero se redujo a 99.5 a\u00f1os en 2019. Si bien una mejora en 2018, cuando se calcul\u00f3 que la brecha tardar\u00eda 108 a\u00f1os en cerrarse, todav\u00eda significa paridad entre hombres y mujeres en materia de salud, educaci\u00f3n, trabajo y salud. La pol\u00edtica llevar\u00e1 m\u00e1s de una vida en lograr. Este es el hallazgo del Informe de la brecha de g\u00e9nero global del Foro Econ\u00f3mico Mundial 2020.<\/span><\/p>\n<\/div>\n<div class=\"st__content-block st__content-block--text\" style=\"text-align: justify\">\n<p><span>Seg\u00fan el informe, la mejora de este a\u00f1o puede atribuirse en gran medida a un aumento significativo en el n\u00famero de mujeres en la pol\u00edtica.\u00a0La brecha pol\u00edtica de g\u00e9nero tardar\u00e1 95 a\u00f1os en cerrarse, en comparaci\u00f3n con los 107 a\u00f1os del a\u00f1o pasado.\u00a0En todo el mundo en 2019, las mujeres ahora tienen el 25.2% de los esca\u00f1os parlamentarios en la c\u00e1mara baja y el 21.2% de los puestos ministeriales, en comparaci\u00f3n con el 24.1% y el 19% respectivamente el a\u00f1o pasado.<\/span><\/p>\n<\/div>\n<div class=\"st__content-block st__content-block--text\" style=\"text-align: justify\">\n<p><span>La pol\u00edtica, sin embargo, sigue siendo el \u00e1rea donde menos progreso se ha hecho hasta la fecha.\u00a0Con el logro educativo y la salud y la supervivencia mucho m\u00e1s cerca de la paridad en el 96.1% y el 95.7% respectivamente, el otro campo de batalla importante es la participaci\u00f3n econ\u00f3mica.\u00a0Aqu\u00ed, la brecha se ampli\u00f3 en 2019 de 58.1% en 2018 a 57.8%.\u00a0Mirando simplemente el progreso que se ha logrado desde 2006, cuando el Foro Econ\u00f3mico Mundial comenz\u00f3 a medir la brecha de g\u00e9nero, esta brecha econ\u00f3mica de g\u00e9nero tardar\u00e1 257 a\u00f1os en cerrarse, en comparaci\u00f3n con los 202 a\u00f1os del a\u00f1o pasado.<\/span><\/p>\n<\/div>\n<figure class=\"st__content-block st__content-block--image st__content-block--image-default\" style=\"text-align: justify\"><a href=\"https:\/\/www.weforum.org\/reports\/gender-gap-2020-report-100-years-pay-equality\"><img decoding=\"async\" class=\"static-image\" src=\"https:\/\/assets.weforum.org\/editor\/fdjC70je71JfY-34LqRYqd3_Uf_7r1YR9Fbbf7W3sfA.jpg\" alt=\"Empoderamiento pol\u00edtico de las mujeres \" \/><\/a><figcaption>\n<div class=\"image__caption\"><span>Gr\u00e1fico sobre el empoderamiento pol\u00edtico de las mujeres<\/span><\/div>\n<div class=\"image__credit\"><span>Imagen: Foro Econ\u00f3mico Mundial Brecha de g\u00e9nero 2020<\/span><\/div>\n<\/figcaption><\/figure>\n<div class=\"st__content-block st__content-block--text\" style=\"text-align: justify\">\n<p><b><span>Ampliaci\u00f3n de la brecha econ\u00f3mica<\/span><\/b><\/p>\n<\/div>\n<div class=\"st__content-block st__content-block--text\" style=\"text-align: justify\">\n<p><span>El informe atribuye la brecha econ\u00f3mica de g\u00e9nero a una serie de factores.\u00a0Estos incluyen tercamente bajos niveles de mujeres en puestos gerenciales o de liderazgo, estancamiento salarial, participaci\u00f3n en la fuerza laboral e ingresos.\u00a0Las mujeres han sido golpeadas por un triple golpe: primero, est\u00e1n m\u00e1s representadas en muchos de los roles que han sido m\u00e1s afectados por la automatizaci\u00f3n, por ejemplo, los roles de venta al por menor y de oficina.<\/span><\/p>\n<\/div>\n<div class=\"st__content-block st__content-block--text\" style=\"text-align: justify\">\n<p><span>Segundo, no hay suficientes mujeres que ingresen a esas profesiones, a menudo pero no exclusivamente impulsadas por la tecnolog\u00eda, donde el crecimiento salarial ha sido m\u00e1s pronunciado.\u00a0Como resultado, las mujeres en el trabajo con demasiada frecuencia se encuentran en categor\u00edas de salarios medios-bajos que se han estancado desde la crisis financiera hace 10 a\u00f1os.<\/span><\/p>\n<\/div>\n<div class=\"st__content-block st__content-block--text\" style=\"text-align: justify\">\n<p><span>Tercero, factores perennes como la falta de infraestructura de atenci\u00f3n y la falta de acceso al capital limitan fuertemente las oportunidades de la fuerza laboral de las mujeres.\u00a0Las mujeres dedican al menos el doble de tiempo a la atenci\u00f3n y al trabajo voluntario en todos los pa\u00edses donde hay datos disponibles, y la falta de acceso al capital impide que las mujeres realicen actividades empresariales, otro factor clave de ingresos.<\/span><\/p>\n<\/div>\n<div class=\"st__content-block st__content-block--text\" style=\"text-align: justify\">\n<p><span>\u201cApoyar la paridad de g\u00e9nero es fundamental para garantizar sociedades fuertes, cohesivas y resilientes en todo el mundo.\u00a0Tambi\u00e9n para las empresas, la diversidad ser\u00e1 un elemento esencial para demostrar que el capitalismo de las partes interesadas es el principio rector. Es por eso que el Foro Econ\u00f3mico Mundial est\u00e1 trabajando con las empresas y las partes interesadas del gobierno para acelerar los esfuerzos para cerrar la brecha de g\u00e9nero \u00ab, dijo Klaus Schwab, Fundador y Presidente Ejecutivo del Foro Econ\u00f3mico Mundial.<\/span><\/p>\n<\/div>\n<div class=\"st__content-block st__content-block--text\" style=\"text-align: justify\">\n<p><b><span>\u00bfPodr\u00eda el \u00abefecto del modelo a seguir\u00bb cerrar la brecha de g\u00e9nero?<\/span><\/b><\/p>\n<\/div>\n<div class=\"st__content-block st__content-block--text\" style=\"text-align: justify\">\n<p><span>Un avance positivo es la posibilidad de que un \u00abefecto de modelo a seguir\u00bb pueda estar comenzando a tener un impacto en t\u00e9rminos de liderazgo y posiblemente tambi\u00e9n de salarios.\u00a0Por ejemplo, en ocho de los 10 principales pa\u00edses de este a\u00f1o, el alto empoderamiento pol\u00edtico corresponde con un alto n\u00famero de mujeres en puestos de alto nivel. La comparaci\u00f3n de los cambios en el empoderamiento pol\u00edtico de 2006 a 2019 muestra que las mejoras en la representaci\u00f3n pol\u00edtica ocurrieron simult\u00e1neamente con las mejoras en las mujeres en los puestos de alto nivel. en el mercado laboral<\/span><\/p>\n<\/div>\n<div class=\"st__content-block st__content-block--text\" style=\"text-align: justify\">\n<p><span>Si bien esto es una correlaci\u00f3n, no una causalidad, en los pa\u00edses de la OCDE, donde las mujeres han estado en puestos de liderazgo durante un per\u00edodo relativamente largo y las normas sociales comenzaron a cambiar antes, los efectos del modelo a seguir podr\u00edan contribuir a configurar los resultados del mercado laboral.<\/span><\/p>\n<\/div>\n<div class=\"st__content-block st__content-block--text\" style=\"text-align: justify\">\n<p><b><span>Desigualdad de g\u00e9nero en los trabajos del futuro<\/span><\/b><\/p>\n<\/div>\n<div class=\"st__content-block st__content-block--text\" style=\"text-align: justify\">\n<p><span>Posiblemente el mayor desaf\u00edo para evitar que se cierre la brecha econ\u00f3mica de g\u00e9nero es la escasa representaci\u00f3n de las mujeres en los roles emergentes.\u00a0Un nuevo an\u00e1lisis realizado en asociaci\u00f3n con LinkedIn muestra que las mujeres est\u00e1n, en promedio, muy poco representadas en la mayor\u00eda de las profesiones emergentes.\u00a0Esta brecha es m\u00e1s pronunciada en nuestro grupo de trabajo de \u00abcomputaci\u00f3n en la nube\u00bb, donde solo el 12% de todos los profesionales son mujeres.\u00a0La situaci\u00f3n es apenas mejor en \u00abingenier\u00eda\u00bb (15%) y \u00abDatos e IA\u00bb (26%), sin embargo, las mujeres superan en n\u00famero a los hombres en dos grupos de trabajo de r\u00e1pido crecimiento, \u00abproducci\u00f3n de contenido\u00bb y \u00abpersonas y cultura\u00bb.<\/span><\/p>\n<\/div>\n<div class=\"st__content-block st__content-block--text\" style=\"text-align: justify\">\n<p><span>Seg\u00fan nuestros datos, esta realidad presenta a los l\u00edderes con la intenci\u00f3n de abordar la brecha de g\u00e9nero en el futuro con dos desaf\u00edos clave.\u00a0El primer y m\u00e1s obvio desaf\u00edo es que se debe hacer m\u00e1s para equipar a las mujeres con las habilidades para realizar los trabajos m\u00e1s demandados.\u00a0De hecho, hay un costo econ\u00f3mico de no hacerlo, ya que la escasez de habilidades en estas profesiones frena el crecimiento econ\u00f3mico.<\/span><\/p>\n<\/div>\n<figure class=\"st__content-block st__content-block--image st__content-block--image-default\" style=\"text-align: justify\"><a href=\"https:\/\/www.weforum.org\/reports\/gender-gap-2020-report-100-years-pay-equality\"><img decoding=\"async\" class=\"static-image\" src=\"https:\/\/assets.weforum.org\/editor\/WXN4e4BlNpeWfsXXx31hqPcXTKNUWAdlo8jMe2Dh0YI.png\" alt=\"Porcentaje de mujeres en el consejo de administraci\u00f3n de las empresas. \" \/><\/a><figcaption>\n<div class=\"image__caption\"><span>Porcentaje de mujeres en el consejo de administraci\u00f3n de las empresas.<\/span><\/div>\n<div class=\"image__credit\"><span>Imagen: Foro Econ\u00f3mico Mundial Brecha de g\u00e9nero 2020<\/span><\/div>\n<\/figcaption><\/figure>\n<div class=\"st__content-block st__content-block--text\" style=\"text-align: justify\">\n<p><span>El segundo es posiblemente m\u00e1s complejo.\u00a0Seg\u00fan nuestros datos, incluso cuando las mujeres tienen el conjunto de habilidades en demanda relevante, no siempre est\u00e1n representadas por igual.\u00a0En ciencia de datos, por ejemplo, el 31% de las personas con el conjunto de habilidades relevantes son mujeres, aunque solo el 25% de los roles est\u00e1n ocupados por mujeres.\u00a0Del mismo modo, no existe una brecha de g\u00e9nero en t\u00e9rminos de habilidades cuando se trata de especialistas digitales, sin embargo, solo el 41% de estos trabajos son realizados por mujeres.<\/span><\/p>\n<\/div>\n<figure class=\"st__content-block st__content-block--image st__content-block--image-default\" style=\"text-align: justify\"><a href=\"https:\/\/www.weforum.org\/reports\/gender-gap-2020-report-100-years-pay-equality\"><img decoding=\"async\" class=\"static-image\" src=\"https:\/\/assets.weforum.org\/editor\/Iyqd3txsEXOryoICf1VVXFDUJKlguFcx1hi1OH-qIhc.jpg\" alt=\"Lugar de trabajo gao\" \/><\/a><figcaption>\n<div class=\"image__caption\"><span>Porcentaje de mujeres en roles superiores<\/span><\/div>\n<div class=\"image__credit\"><span>Imagen: Foro Econ\u00f3mico Mundial Brecha de g\u00e9nero 2020<\/span><\/div>\n<\/figcaption><\/figure>\n<div class=\"st__content-block st__content-block--text\" style=\"text-align: justify\">\n<p><span>Estos hechos apuntan a tres estrategias clave que deben seguirse para conectar la igualdad de g\u00e9nero en las futuras fuerzas laborales: para garantizar que las mujeres est\u00e9n equipadas en primer lugar, ya sea a trav\u00e9s de la capacitaci\u00f3n o la recapacitaci\u00f3n, con habilidades t\u00e9cnicas disruptivas; para el seguimiento mediante la mejora de la contrataci\u00f3n diversa y para crear culturas laborales inclusivas.<\/span><\/p>\n<\/div>\n<div class=\"st__content-block st__content-block--text\" style=\"text-align: justify\">\n<p><span>\u201cLas ideas del Gr\u00e1fico Econ\u00f3mico de LinkedIn pueden ayudar a los encargados de formular pol\u00edticas, l\u00edderes empresariales y educadores a comprender y prepararse para la forma en que las mujeres estar\u00e1n representadas en la futura fuerza laboral.\u00a0Nuestros datos muestran que se necesita una acci\u00f3n significativa para construir los sistemas y las fuentes de talento necesarias para cerrar la brecha de g\u00e9nero en tecnolog\u00eda y garantizar que las mujeres tengan un papel igual en la construcci\u00f3n del futuro \u00ab, dijo Allen Blue, cofundadora y vicepresidenta de estrategia de producto. LinkedIn.<\/span><\/p>\n<\/div>\n<div class=\"st__content-block st__content-block--text\" style=\"text-align: justify\">\n<p><b><span>Qu\u00e9 est\u00e1 haciendo el foro para cerrar la brecha de g\u00e9nero<\/span><\/b><\/p>\n<\/div>\n<div class=\"st__content-block st__content-block--text\" style=\"text-align: justify\">\n<p><span>La Plataforma del Foro Econ\u00f3mico Mundial para dar forma al futuro de la nueva econom\u00eda y sociedad tiene como objetivo cerrar las brechas econ\u00f3micas de g\u00e9nero a trav\u00e9s del trabajo de la industria tanto en el pa\u00eds como a nivel mundial.\u00a0Al cerrar los aceleradores de la brecha de g\u00e9nero, el Foro impulsa el cambio mediante la creaci\u00f3n de coaliciones de acci\u00f3n entre los ministerios pertinentes y los empleadores m\u00e1s grandes del pa\u00eds para aumentar la participaci\u00f3n femenina en la fuerza laboral, el n\u00famero de mujeres en puestos de liderazgo, cerrar las brechas salariales y preparar a las mujeres para trabajos de el futuro.\u00a0Adem\u00e1s, el compromiso comercial global sobre la paridad de g\u00e9nero de cableado en el futuro del trabajo moviliza a las empresas a comprometerse a contratar al 50% de mujeres para sus cinco roles de mayor crecimiento entre ahora y 2022. Finalmente, el Foro se ha comprometido a al menos duplicar el porcentaje actual de mujeres participantes en la reuni\u00f3n anual en Davos-Klosters, Suiza,<\/span><\/p>\n<\/div>\n<figure class=\"st__content-block st__content-block--image st__content-block--image-default\" style=\"text-align: justify\"><a href=\"https:\/\/www.weforum.org\/reports\/gender-gap-2020-report-100-years-pay-equality\"><img decoding=\"async\" class=\"static-image\" src=\"https:\/\/assets.weforum.org\/editor\/M3r6slvoD2QA5Fl-UeZx3R055U8DsEYHJUjVcZEKOsg.jpg\" alt=\"Brecha en el lugar de trabajo\" \/><\/a><figcaption>\n<div class=\"image__caption\"><span>Proporci\u00f3n de la fuerza laboral masculina: femenina en roles laborales y calificados<\/span><\/div>\n<div class=\"image__credit\"><span>Imagen: Foro Econ\u00f3mico Mundial Brecha de g\u00e9nero 2020<\/span><\/div>\n<\/figcaption><\/figure>\n<div class=\"st__content-block st__content-block--text\" style=\"text-align: justify\">\n<p><span>\u201cPara llegar a la paridad en la pr\u00f3xima d\u00e9cada en lugar de los pr\u00f3ximos dos siglos, necesitaremos movilizar recursos, enfocar la atenci\u00f3n del liderazgo y comprometernos con objetivos en los sectores p\u00fablico y privado.\u00a0Los negocios como siempre no cerrar\u00e1n la brecha de g\u00e9nero: debemos tomar medidas para lograr el c\u00edrculo virtuoso que crea la paridad en las econom\u00edas y sociedades \u00ab, dijo Saadia Zahidi, jefa del Centro para la Nueva Econom\u00eda y Sociedad y miembro de la Junta Directiva , Foro Economico Mundial.<\/span><\/p>\n<\/div>\n<div class=\"st__content-block st__content-block--text\" style=\"text-align: justify\">\n<p><b><span>La brecha global de g\u00e9nero en 2020<\/span><\/b><\/p>\n<\/div>\n<div class=\"st__content-block st__content-block--text\" style=\"text-align: justify\">\n<p><span>Los pa\u00edses n\u00f3rdicos contin\u00faan liderando el camino hacia la paridad de g\u00e9nero.\u00a0Islandia (87.7%) sigue siendo el pa\u00eds con mayor igualdad de g\u00e9nero del mundo, seguido de Noruega (segundo, 84.2%), Finlandia (tercero, 83.2%) y Suecia (cuarto, 82.0%). Otras econom\u00edas en el top 10 incluyen Nicaragua (quinto , 80.4%), Nueva Zelanda (sexto, 79.9%), Irlanda (s\u00e9ptimo, 79.8%), Espa\u00f1a (octavo, 79.5%), Ruanda (noveno, 79.1%) y Alemania (d\u00e9cimo, 78.7%).<\/span><\/p>\n<\/div>\n<figure class=\"st__content-block st__content-block--image st__content-block--image-default\" style=\"text-align: justify\"><a href=\"http:\/\/www3.weforum.org\/docs\/WEF_GGGR_2020.pdf\"><img decoding=\"async\" class=\"static-image\" src=\"https:\/\/assets.weforum.org\/editor\/x-JA4iimzR0NsKy5F0LE8qlEwFlEnBx6APKiqP90Vdw.png\" alt=\"El Foro Econ\u00f3mico Mundial Brecha de g\u00e9nero Top 10\" \/><\/a><figcaption>\n<div class=\"image__caption\"><span>Islandia lidera el camino hacia la paridad de g\u00e9nero.<\/span><\/div>\n<div class=\"image__credit\"><span>Imagen: Informe de la brecha de g\u00e9nero global del Foro Econ\u00f3mico Mundial 2020<\/span><\/div>\n<\/figcaption><\/figure>\n<div class=\"st__content-block st__content-block--text\" style=\"text-align: justify\">\n<p><span>Entre los pa\u00edses que m\u00e1s mejoraron este a\u00f1o se encuentran Espa\u00f1a en Europa occidental, Etiop\u00eda en \u00c1frica, M\u00e9xico en Am\u00e9rica Latina y Georgia en Europa oriental y Asia central.\u00a0Todos estos pa\u00edses mejoraron sus posiciones en el ranking en m\u00e1s de 20 lugares, en gran medida impulsados \u200b\u200bpor mejoras en la dimensi\u00f3n de empoderamiento pol\u00edtico.<\/span><\/p>\n<\/div>\n<div class=\"st__content-block st__content-block--text\" style=\"text-align: justify\">\n<p><b><span>Europa occidental<\/span><\/b><span>\u00a0es la regi\u00f3n con el mejor desempe\u00f1o por 14\u00ba a\u00f1o consecutivo.\u00a0Con un puntaje promedio de 76.7% (de 100), la regi\u00f3n ahora ha cerrado el 77% de su brecha de g\u00e9nero, mejorando a\u00fan m\u00e1s desde la \u00faltima edici\u00f3n.\u00a0Al ritmo actual, tomar\u00e1 54 a\u00f1os cerrar la brecha en Europa occidental.\u00a0La regi\u00f3n es el hogar de los cuatro pa\u00edses con mayor igualdad de g\u00e9nero del mundo, a saber, en orden Islandia (87.7%), Noruega (84.2%) y Finlandia (83.2%) y Suecia (82.0%), y un pa\u00eds (Espa\u00f1a, octavo ) se encuentra entre los pa\u00edses m\u00e1s mejorados este a\u00f1o.<\/span><\/p>\n<\/div>\n<div class=\"st__content-block st__content-block--text\" style=\"text-align: justify\">\n<p><span>La\u00a0regi\u00f3n de\u00a0<\/span><b><span>Am\u00e9rica del Norte<\/span><\/b><span>\u00a0reagrupa a los Estados Unidos (72,4%, 53 \u00b0) y Canad\u00e1 (77,2%, 19 \u00b0).\u00a0Los resultados de ambos pa\u00edses se estancan, especialmente en t\u00e9rminos de participaci\u00f3n econ\u00f3mica y oportunidades.\u00a0A este ritmo, llevar\u00e1 151 a\u00f1os cerrar la brecha.<\/span><\/p>\n<\/div>\n<div class=\"st__content-block st__content-block--text\" style=\"text-align: justify\">\n<p><span>La\u00a0<\/span><b><span>regi\u00f3n de Europa del Este y Asia Central<\/span><\/b><span>\u00a0ha cerrado el 71.5% de su brecha de g\u00e9nero hasta el momento con una ligera mejora desde el a\u00f1o pasado.\u00a0Hasta la fecha, se estima que el tiempo para cerrar por completo su brecha general de g\u00e9nero es de 107 a\u00f1os.\u00a0La regi\u00f3n ha cerrado completamente su brecha educativa y ha mejorado el empoderamiento pol\u00edtico de las mujeres que, sin embargo, solo permanece cerrado en un 15%.\u00a021 de los 26 pa\u00edses de esta regi\u00f3n han cerrado al menos el 70% y el pa\u00eds mejor clasificado, Letonia, el 11\u00ba, ha cerrado el 78,5% de su brecha.<\/span><\/p>\n<\/div>\n<div class=\"st__content-block st__content-block--text\" style=\"text-align: justify\">\n<p><span>La regi\u00f3n de\u00a0<\/span><b><span>Am\u00e9rica Latina y el Caribe<\/span><\/b><span>\u00a0ha cerrado el 72.1% de su brecha de g\u00e9nero hasta ahora, progresando 1 punto porcentual desde el a\u00f1o pasado.\u00a0A este ritmo, llevar\u00e1 59 a\u00f1os cerrar la brecha de g\u00e9nero.\u00a0La mejora m\u00e1s notable se encuentra en la dimensi\u00f3n de empoderamiento pol\u00edtico, donde la regi\u00f3n cierra su brecha en 5 puntos porcentuales.\u00a0Lider\u00f3 a mi Nicaragua que ha cerrado el 80.4% de su brecha (5to), 15 de los 24 pa\u00edses cubiertos por el informe han mejorado sus puntajes generales.\u00a0Entre los pa\u00edses m\u00e1s mejorados, M\u00e9xico redujo su brecha de g\u00e9nero en 3.4 puntos a\u00f1o tras a\u00f1o.<\/span><\/p>\n<\/div>\n<div class=\"st__content-block st__content-block--text\" style=\"text-align: justify\">\n<p><span>La\u00a0regi\u00f3n de\u00a0<\/span><b><span>\u00c1frica Subsahariana<\/span><\/b><span>\u00a0ha cerrado el 68.0% de su brecha de g\u00e9nero hasta el momento.\u00a0Este resultado es un progreso significativo desde la \u00faltima edici\u00f3n que lleva a revisar la cantidad de a\u00f1os que llevar\u00e1 cerrar la brecha de g\u00e9nero, que ahora se estima en 95 a\u00f1os.\u00a0La regi\u00f3n es el hogar de uno de los diez principales pa\u00edses en general, Ruanda (noveno), mientras que otros 21 pa\u00edses han mejorado su desempe\u00f1o desde el a\u00f1o pasado, incluido Etiop\u00eda (82\u00ba), uno de los mejores mejorados a nivel mundial este a\u00f1o.<\/span><\/p>\n<\/div>\n<div class=\"st__content-block st__content-block--text\" style=\"text-align: justify\">\n<p><span>La\u00a0<\/span><b><span>regi\u00f3n de Asia oriental y el Pac\u00edfico<\/span><\/b><span>\u00a0ha cerrado el 69% de la brecha general de g\u00e9nero.\u00a0Si la regi\u00f3n mantiene la misma tasa de mejora que el per\u00edodo 2006-2019, y dada la brecha actual, tomar\u00e1 otros 163 a\u00f1os cerrar la brecha de g\u00e9nero, la mayor parte del tiempo de cualquier regi\u00f3n.\u00a0La regi\u00f3n ha mejorado en tres de las cuatro dimensiones de brecha de g\u00e9nero y ha sido la \u00fanica regi\u00f3n donde la brecha de empoderamiento pol\u00edtico se ha ampliado (16% cerrado hasta ahora).\u00a0El pa\u00eds con mejor desempe\u00f1o es Nueva Zelanda 6to, que ha cerrado el 79.9% de su brecha.\u00a0Le sigue Filipinas 16 \u00b0 con 78.1% cerrado y Lao PDR, 43 \u00b0 con un puntaje de 73.1%.<\/span><\/p>\n<\/div>\n<div class=\"st__content-block st__content-block--text\" style=\"text-align: justify\">\n<p><b><span>La<\/span><\/b><span>\u00a0regi\u00f3n del\u00a0<b>sur de Asia<\/b>\u00a0ha cerrado dos tercios de su brecha de g\u00e9nero.\u00a0La brecha de g\u00e9nero de la regi\u00f3n es la segunda m\u00e1s grande a pesar de un progreso de 6 puntos en los \u00faltimos 14 a\u00f1os.\u00a0Si la tasa de progreso de los \u00faltimos 15 a\u00f1os continuara, se necesitar\u00e1n 71 a\u00f1os para cerrar la brecha de g\u00e9nero en la regi\u00f3n.\u00a0Sin embargo, en contraste con el desempe\u00f1o general, la brecha de oportunidades y participaci\u00f3n econ\u00f3mica de la regi\u00f3n se ampl\u00eda este a\u00f1o.\u00a0Bangladesh (50\u00ba) lidera la regi\u00f3n, mientras que el segundo pa\u00eds clasificado, Nepal, va a la zaga de varios puestos (101\u00ba).<\/span><\/p>\n<\/div>\n<div class=\"st__content-block st__content-block--text\" style=\"text-align: justify\">\n<p><span>La regi\u00f3n de\u00a0<\/span><b><span>Medio Oriente y \u00c1frica del Norte<\/span><\/b><span>\u00a0(MENA) obtiene el puntaje m\u00e1s bajo (61.1%) a pesar de haber reducido su brecha en 0.5 puntos desde el a\u00f1o pasado.\u00a0Asumiendo la misma tasa de progreso en el futuro, tomar\u00e1 aproximadamente 150 a\u00f1os cerrar la brecha de g\u00e9nero en la regi\u00f3n MENA.\u00a0Los dos pa\u00edses mejor calificados de la regi\u00f3n son Israel (64\u00ba) con una brecha cerrada hasta la fecha del 71,8% y los Emiratos \u00c1rabes Unidos (120\u00ba) con una puntuaci\u00f3n del 65,5%.\u00a015 de los 19 pa\u00edses de esta regi\u00f3n ocupan el puesto 130 o inferior.<\/span><\/p>\n<\/div>\n<figure class=\"st__content-block st__content-block--image st__content-block--image-default\" style=\"text-align: justify\"><a href=\"https:\/\/www.weforum.org\/reports\/gender-gap-2020-report-100-years-pay-equality\"><img decoding=\"async\" class=\"static-image\" src=\"https:\/\/assets.weforum.org\/editor\/MZcWktyLyCpTRbrryMEvVnoKjKpNDEQvQEcsv8DBARE.jpg\" alt=\"Porcentaje de mujeres que sufrieron violencia f\u00edsica y \/ o sexual con su pareja.\" \/><\/a><figcaption>\n<div class=\"image__caption\"><span>Porcentaje de mujeres que sufrieron violencia f\u00edsica y \/ o sexual por parte de su pareja.<\/span><\/div>\n<div class=\"image__credit\"><span>Imagen: Foro Econ\u00f3mico Mundial Brecha de g\u00e9nero 2020<\/span><\/div>\n<\/figcaption><\/figure>\n<div class=\"st__content-block st__content-block--text\" style=\"text-align: justify\">\n<p><b><span>Plataforma para dar forma al futuro de la nueva econom\u00eda y sociedad<\/span><\/b><\/p>\n<\/div>\n<div class=\"st__content-block st__content-block--text\" style=\"text-align: justify\">\n<p><span>El Informe Global de Brecha de G\u00e9nero es una publicaci\u00f3n emblem\u00e1tica de la Plataforma del Foro Econ\u00f3mico Mundial para dar forma al futuro de la nueva econom\u00eda y sociedad.\u00a0La Plataforma brinda la oportunidad de avanzar en econom\u00edas y sociedades pr\u00f3speras, inclusivas y equitativas.\u00a0Se centra en la creaci\u00f3n conjunta de una nueva visi\u00f3n en tres \u00e1reas interconectadas: crecimiento y competitividad;\u00a0educaci\u00f3n, habilidades y trabajo;\u00a0e igualdad e inclusi\u00f3n.\u00a0Al trabajar juntos, las partes interesadas profundizan su comprensi\u00f3n de los problemas complejos, dan forma a nuevos modelos y est\u00e1ndares e impulsan acciones escalables y de colaboraci\u00f3n para el cambio sist\u00e9mico.<\/span><\/p>\n<\/div>\n<div class=\"st__content-block st__content-block--text\" style=\"text-align: justify\">\n<p><span>M\u00e1s de 100 de las principales empresas del mundo y 100 organizaciones internacionales, de la sociedad civil y acad\u00e9micas trabajan actualmente a trav\u00e9s de la Plataforma para promover nuevos enfoques de competitividad en la econom\u00eda de la Cuarta Revoluci\u00f3n Industrial;\u00a0desplegar educaci\u00f3n y habilidades para la fuerza laboral del ma\u00f1ana;\u00a0construir una nueva agenda a favor de los trabajadores y las empresas para los empleos;\u00a0e integrar la igualdad y la inclusi\u00f3n en la nueva econom\u00eda, con el objetivo de llegar a mil millones de personas con mejores oportunidades econ\u00f3micas.<\/span><\/p>\n<\/div>\n<p style=\"text-align: justify\">Fuente: Foro econ\u00f3mico Mundial.<\/p>\n","protected":false},"excerpt":{"rendered":"<p>REDACCI\u00d3N NOTI AM\u00c9RICA (ECUADOR) El Informe sobre la brecha de g\u00e9nero global del Foro Econ\u00f3mico Mundial 2020 descubri\u00f3 que a\u00fan queda un largo camino por recorrer para lograr la paridad de g\u00e9nero en todo&#46;&#46;&#46;<\/p>\n","protected":false},"author":17,"featured_media":6870,"comment_status":"open","ping_status":"open","sticky":false,"template":"","format":"standard","meta":{"_acf_changed":false,"om_disable_all_campaigns":false,"rop_custom_images_group":[],"rop_custom_messages_group":[],"rop_publish_now":"initial","rop_publish_now_accounts":{"twitter_242054905_242054905":""},"rop_publish_now_history":[],"rop_publish_now_status":"pending","_uf_show_specific_survey":0,"_uf_disable_surveys":false,"footnotes":""},"categories":[113],"tags":[],"class_list":["post-6869","post","type-post","status-publish","format-standard","has-post-thumbnail","hentry","category-genero"],"acf":[],"aioseo_notices":[],"yoast_head":"<!-- This site is optimized with the Yoast SEO Premium plugin v24.9 (Yoast SEO v27.2) - https:\/\/yoast.com\/product\/yoast-seo-premium-wordpress\/ -->\n<title>Todo lo que necesitas saber sobre la brecha de g\u00e9nero en 2020 - Ecuador | Noti-America.com<\/title>\n<meta name=\"robots\" content=\"index, follow, max-snippet:-1, max-image-preview:large, max-video-preview:-1\" \/>\n<link rel=\"canonical\" href=\"https:\/\/noti-america.com\/site\/ecuador\/2019\/12\/24\/todo-lo-que-necesitas-saber-sobre-la-brecha-de-genero-en-2020\/\" \/>\n<meta property=\"og:locale\" content=\"es_ES\" \/>\n<meta property=\"og:type\" content=\"article\" \/>\n<meta property=\"og:title\" content=\"Todo lo que necesitas saber sobre la brecha de g\u00e9nero en 2020\" \/>\n<meta property=\"og:description\" content=\"REDACCI\u00d3N NOTI AM\u00c9RICA (ECUADOR) El Informe sobre la brecha de g\u00e9nero global del Foro Econ\u00f3mico Mundial 2020 descubri\u00f3 que a\u00fan queda un largo camino por recorrer para lograr la paridad de g\u00e9nero en todo&#046;&#046;&#046;\" \/>\n<meta property=\"og:url\" content=\"https:\/\/noti-america.com\/site\/ecuador\/2019\/12\/24\/todo-lo-que-necesitas-saber-sobre-la-brecha-de-genero-en-2020\/\" \/>\n<meta property=\"og:site_name\" content=\"Ecuador | Noti-America.com\" \/>\n<meta property=\"article:published_time\" content=\"2019-12-24T01:16:47+00:00\" \/>\n<meta property=\"og:image\" content=\"https:\/\/noti-america.com\/site\/ecuador\/wp-content\/uploads\/sites\/18\/2019\/12\/Imagen-Foro-Econ\u00f3mico-Mundial.png\" \/>\n\t<meta property=\"og:image:width\" content=\"1008\" \/>\n\t<meta property=\"og:image:height\" content=\"435\" \/>\n\t<meta property=\"og:image:type\" content=\"image\/png\" \/>\n<meta name=\"author\" content=\"Gregory Quintana Montiel\" \/>\n<meta name=\"twitter:card\" content=\"summary_large_image\" \/>\n<meta name=\"twitter:creator\" content=\"@gdgregori1\" \/>\n<meta name=\"twitter:site\" content=\"@notiamerica\" \/>\n<meta name=\"twitter:label1\" content=\"Escrito por\" \/>\n\t<meta name=\"twitter:data1\" content=\"Gregory Quintana Montiel\" \/>\n\t<meta name=\"twitter:label2\" content=\"Tiempo estimado de lectura\" \/>\n\t<meta name=\"twitter:data2\" content=\"14 minutos\" \/>\n<script type=\"application\/ld+json\" class=\"yoast-schema-graph\">{\"@context\":\"https:\/\/schema.org\",\"@graph\":[{\"@type\":\"Article\",\"@id\":\"https:\/\/noti-america.com\/site\/ecuador\/2019\/12\/24\/todo-lo-que-necesitas-saber-sobre-la-brecha-de-genero-en-2020\/#article\",\"isPartOf\":{\"@id\":\"https:\/\/noti-america.com\/site\/ecuador\/2019\/12\/24\/todo-lo-que-necesitas-saber-sobre-la-brecha-de-genero-en-2020\/\"},\"author\":{\"name\":\"Gregory Quintana Montiel\",\"@id\":\"https:\/\/noti-america.com\/site\/ecuador\/#\/schema\/person\/3b975e42f15abfe64bfe3abdd916efda\"},\"headline\":\"Todo lo que necesitas saber sobre la brecha de g\u00e9nero en 2020\",\"datePublished\":\"2019-12-24T01:16:47+00:00\",\"mainEntityOfPage\":{\"@id\":\"https:\/\/noti-america.com\/site\/ecuador\/2019\/12\/24\/todo-lo-que-necesitas-saber-sobre-la-brecha-de-genero-en-2020\/\"},\"wordCount\":2902,\"commentCount\":0,\"publisher\":{\"@id\":\"https:\/\/noti-america.com\/site\/ecuador\/#organization\"},\"image\":{\"@id\":\"https:\/\/noti-america.com\/site\/ecuador\/2019\/12\/24\/todo-lo-que-necesitas-saber-sobre-la-brecha-de-genero-en-2020\/#primaryimage\"},\"thumbnailUrl\":\"https:\/\/noti-america.com\/site\/ecuador\/wp-content\/uploads\/sites\/18\/2019\/12\/Imagen-Foro-Econ\u00f3mico-Mundial.png\",\"articleSection\":[\"G\u00e9nero\"],\"inLanguage\":\"es\",\"potentialAction\":[{\"@type\":\"CommentAction\",\"name\":\"Comment\",\"target\":[\"https:\/\/noti-america.com\/site\/ecuador\/2019\/12\/24\/todo-lo-que-necesitas-saber-sobre-la-brecha-de-genero-en-2020\/#respond\"]}]},{\"@type\":\"WebPage\",\"@id\":\"https:\/\/noti-america.com\/site\/ecuador\/2019\/12\/24\/todo-lo-que-necesitas-saber-sobre-la-brecha-de-genero-en-2020\/\",\"url\":\"https:\/\/noti-america.com\/site\/ecuador\/2019\/12\/24\/todo-lo-que-necesitas-saber-sobre-la-brecha-de-genero-en-2020\/\",\"name\":\"Todo lo que necesitas saber sobre la brecha de g\u00e9nero en 2020 - Ecuador | Noti-America.com\",\"isPartOf\":{\"@id\":\"https:\/\/noti-america.com\/site\/ecuador\/#website\"},\"primaryImageOfPage\":{\"@id\":\"https:\/\/noti-america.com\/site\/ecuador\/2019\/12\/24\/todo-lo-que-necesitas-saber-sobre-la-brecha-de-genero-en-2020\/#primaryimage\"},\"image\":{\"@id\":\"https:\/\/noti-america.com\/site\/ecuador\/2019\/12\/24\/todo-lo-que-necesitas-saber-sobre-la-brecha-de-genero-en-2020\/#primaryimage\"},\"thumbnailUrl\":\"https:\/\/noti-america.com\/site\/ecuador\/wp-content\/uploads\/sites\/18\/2019\/12\/Imagen-Foro-Econ\u00f3mico-Mundial.png\",\"datePublished\":\"2019-12-24T01:16:47+00:00\",\"breadcrumb\":{\"@id\":\"https:\/\/noti-america.com\/site\/ecuador\/2019\/12\/24\/todo-lo-que-necesitas-saber-sobre-la-brecha-de-genero-en-2020\/#breadcrumb\"},\"inLanguage\":\"es\",\"potentialAction\":[{\"@type\":\"ReadAction\",\"target\":[\"https:\/\/noti-america.com\/site\/ecuador\/2019\/12\/24\/todo-lo-que-necesitas-saber-sobre-la-brecha-de-genero-en-2020\/\"]}]},{\"@type\":\"ImageObject\",\"inLanguage\":\"es\",\"@id\":\"https:\/\/noti-america.com\/site\/ecuador\/2019\/12\/24\/todo-lo-que-necesitas-saber-sobre-la-brecha-de-genero-en-2020\/#primaryimage\",\"url\":\"https:\/\/noti-america.com\/site\/ecuador\/wp-content\/uploads\/sites\/18\/2019\/12\/Imagen-Foro-Econ\u00f3mico-Mundial.png\",\"contentUrl\":\"https:\/\/noti-america.com\/site\/ecuador\/wp-content\/uploads\/sites\/18\/2019\/12\/Imagen-Foro-Econ\u00f3mico-Mundial.png\",\"width\":1008,\"height\":435},{\"@type\":\"BreadcrumbList\",\"@id\":\"https:\/\/noti-america.com\/site\/ecuador\/2019\/12\/24\/todo-lo-que-necesitas-saber-sobre-la-brecha-de-genero-en-2020\/#breadcrumb\",\"itemListElement\":[{\"@type\":\"ListItem\",\"position\":1,\"name\":\"Portada\",\"item\":\"https:\/\/noti-america.com\/site\/ecuador\/\"},{\"@type\":\"ListItem\",\"position\":2,\"name\":\"Todo lo que necesitas saber sobre la brecha de g\u00e9nero en 2020\"}]},{\"@type\":\"WebSite\",\"@id\":\"https:\/\/noti-america.com\/site\/ecuador\/#website\",\"url\":\"https:\/\/noti-america.com\/site\/ecuador\/\",\"name\":\"Ecuador | Noti-America.com\",\"description\":\"\",\"publisher\":{\"@id\":\"https:\/\/noti-america.com\/site\/ecuador\/#organization\"},\"potentialAction\":[{\"@type\":\"SearchAction\",\"target\":{\"@type\":\"EntryPoint\",\"urlTemplate\":\"https:\/\/noti-america.com\/site\/ecuador\/?s={search_term_string}\"},\"query-input\":{\"@type\":\"PropertyValueSpecification\",\"valueRequired\":true,\"valueName\":\"search_term_string\"}}],\"inLanguage\":\"es\"},{\"@type\":\"Organization\",\"@id\":\"https:\/\/noti-america.com\/site\/ecuador\/#organization\",\"name\":\"Noti-America LLC | Ecuador\",\"url\":\"https:\/\/noti-america.com\/site\/ecuador\/\",\"logo\":{\"@type\":\"ImageObject\",\"inLanguage\":\"es\",\"@id\":\"https:\/\/noti-america.com\/site\/ecuador\/#\/schema\/logo\/image\/\",\"url\":\"https:\/\/noti-america.com\/site\/ecuador\/wp-content\/uploads\/sites\/18\/2020\/07\/LogoNA-4x3-1.jpg\",\"contentUrl\":\"https:\/\/noti-america.com\/site\/ecuador\/wp-content\/uploads\/sites\/18\/2020\/07\/LogoNA-4x3-1.jpg\",\"width\":1236,\"height\":1080,\"caption\":\"Noti-America LLC | Ecuador\"},\"image\":{\"@id\":\"https:\/\/noti-america.com\/site\/ecuador\/#\/schema\/logo\/image\/\"},\"sameAs\":[\"https:\/\/x.com\/notiamerica\"]},{\"@type\":\"Person\",\"@id\":\"https:\/\/noti-america.com\/site\/ecuador\/#\/schema\/person\/3b975e42f15abfe64bfe3abdd916efda\",\"name\":\"Gregory Quintana Montiel\",\"image\":{\"@type\":\"ImageObject\",\"inLanguage\":\"es\",\"@id\":\"https:\/\/secure.gravatar.com\/avatar\/2d6b802f7720c2ec7744dcbe608cc2f3417aeb964d58b443c6d612b77531de1d?s=96&d=mm&r=g\",\"url\":\"https:\/\/secure.gravatar.com\/avatar\/2d6b802f7720c2ec7744dcbe608cc2f3417aeb964d58b443c6d612b77531de1d?s=96&d=mm&r=g\",\"contentUrl\":\"https:\/\/secure.gravatar.com\/avatar\/2d6b802f7720c2ec7744dcbe608cc2f3417aeb964d58b443c6d612b77531de1d?s=96&d=mm&r=g\",\"caption\":\"Gregory Quintana Montiel\"},\"description\":\"Licenciatura en Ciencias de la Comunicaci\u00f3n Social, egresado en la Especializaci\u00f3n Derecho Ambiental Desarrollo Sostenible y Sustentable, Miembro de la Comunidad de profesionales y experto para Latinoam\u00e9rica y el Caribe en Gesti\u00f3n por Resultado en el Desarrollo (COPLAC - GpRD) del Banco Interamericano de Desarrollo, experiencia en medios radiales y escritos.\",\"sameAs\":[\"https:\/\/x.com\/gdgregori1\",\"gquintana\"],\"url\":\"https:\/\/noti-america.com\/site\/ecuador\/author\/gquintana\/\"}]}<\/script>\n<!-- \/ Yoast SEO Premium plugin. -->","yoast_head_json":{"title":"Todo lo que necesitas saber sobre la brecha de g\u00e9nero en 2020 - Ecuador | Noti-America.com","robots":{"index":"index","follow":"follow","max-snippet":"max-snippet:-1","max-image-preview":"max-image-preview:large","max-video-preview":"max-video-preview:-1"},"canonical":"https:\/\/noti-america.com\/site\/ecuador\/2019\/12\/24\/todo-lo-que-necesitas-saber-sobre-la-brecha-de-genero-en-2020\/","og_locale":"es_ES","og_type":"article","og_title":"Todo lo que necesitas saber sobre la brecha de g\u00e9nero en 2020","og_description":"REDACCI\u00d3N NOTI AM\u00c9RICA (ECUADOR) El Informe sobre la brecha de g\u00e9nero global del Foro Econ\u00f3mico Mundial 2020 descubri\u00f3 que a\u00fan queda un largo camino por recorrer para lograr la paridad de g\u00e9nero en todo&#46;&#46;&#46;","og_url":"https:\/\/noti-america.com\/site\/ecuador\/2019\/12\/24\/todo-lo-que-necesitas-saber-sobre-la-brecha-de-genero-en-2020\/","og_site_name":"Ecuador | Noti-America.com","article_published_time":"2019-12-24T01:16:47+00:00","og_image":[{"width":1008,"height":435,"url":"https:\/\/noti-america.com\/site\/ecuador\/wp-content\/uploads\/sites\/18\/2019\/12\/Imagen-Foro-Econ\u00f3mico-Mundial.png","type":"image\/png"}],"author":"Gregory Quintana Montiel","twitter_card":"summary_large_image","twitter_creator":"@gdgregori1","twitter_site":"@notiamerica","twitter_misc":{"Escrito por":"Gregory Quintana Montiel","Tiempo estimado de lectura":"14 minutos"},"schema":{"@context":"https:\/\/schema.org","@graph":[{"@type":"Article","@id":"https:\/\/noti-america.com\/site\/ecuador\/2019\/12\/24\/todo-lo-que-necesitas-saber-sobre-la-brecha-de-genero-en-2020\/#article","isPartOf":{"@id":"https:\/\/noti-america.com\/site\/ecuador\/2019\/12\/24\/todo-lo-que-necesitas-saber-sobre-la-brecha-de-genero-en-2020\/"},"author":{"name":"Gregory Quintana Montiel","@id":"https:\/\/noti-america.com\/site\/ecuador\/#\/schema\/person\/3b975e42f15abfe64bfe3abdd916efda"},"headline":"Todo lo que necesitas saber sobre la brecha de g\u00e9nero en 2020","datePublished":"2019-12-24T01:16:47+00:00","mainEntityOfPage":{"@id":"https:\/\/noti-america.com\/site\/ecuador\/2019\/12\/24\/todo-lo-que-necesitas-saber-sobre-la-brecha-de-genero-en-2020\/"},"wordCount":2902,"commentCount":0,"publisher":{"@id":"https:\/\/noti-america.com\/site\/ecuador\/#organization"},"image":{"@id":"https:\/\/noti-america.com\/site\/ecuador\/2019\/12\/24\/todo-lo-que-necesitas-saber-sobre-la-brecha-de-genero-en-2020\/#primaryimage"},"thumbnailUrl":"https:\/\/noti-america.com\/site\/ecuador\/wp-content\/uploads\/sites\/18\/2019\/12\/Imagen-Foro-Econ\u00f3mico-Mundial.png","articleSection":["G\u00e9nero"],"inLanguage":"es","potentialAction":[{"@type":"CommentAction","name":"Comment","target":["https:\/\/noti-america.com\/site\/ecuador\/2019\/12\/24\/todo-lo-que-necesitas-saber-sobre-la-brecha-de-genero-en-2020\/#respond"]}]},{"@type":"WebPage","@id":"https:\/\/noti-america.com\/site\/ecuador\/2019\/12\/24\/todo-lo-que-necesitas-saber-sobre-la-brecha-de-genero-en-2020\/","url":"https:\/\/noti-america.com\/site\/ecuador\/2019\/12\/24\/todo-lo-que-necesitas-saber-sobre-la-brecha-de-genero-en-2020\/","name":"Todo lo que necesitas saber sobre la brecha de g\u00e9nero en 2020 - Ecuador | Noti-America.com","isPartOf":{"@id":"https:\/\/noti-america.com\/site\/ecuador\/#website"},"primaryImageOfPage":{"@id":"https:\/\/noti-america.com\/site\/ecuador\/2019\/12\/24\/todo-lo-que-necesitas-saber-sobre-la-brecha-de-genero-en-2020\/#primaryimage"},"image":{"@id":"https:\/\/noti-america.com\/site\/ecuador\/2019\/12\/24\/todo-lo-que-necesitas-saber-sobre-la-brecha-de-genero-en-2020\/#primaryimage"},"thumbnailUrl":"https:\/\/noti-america.com\/site\/ecuador\/wp-content\/uploads\/sites\/18\/2019\/12\/Imagen-Foro-Econ\u00f3mico-Mundial.png","datePublished":"2019-12-24T01:16:47+00:00","breadcrumb":{"@id":"https:\/\/noti-america.com\/site\/ecuador\/2019\/12\/24\/todo-lo-que-necesitas-saber-sobre-la-brecha-de-genero-en-2020\/#breadcrumb"},"inLanguage":"es","potentialAction":[{"@type":"ReadAction","target":["https:\/\/noti-america.com\/site\/ecuador\/2019\/12\/24\/todo-lo-que-necesitas-saber-sobre-la-brecha-de-genero-en-2020\/"]}]},{"@type":"ImageObject","inLanguage":"es","@id":"https:\/\/noti-america.com\/site\/ecuador\/2019\/12\/24\/todo-lo-que-necesitas-saber-sobre-la-brecha-de-genero-en-2020\/#primaryimage","url":"https:\/\/noti-america.com\/site\/ecuador\/wp-content\/uploads\/sites\/18\/2019\/12\/Imagen-Foro-Econ\u00f3mico-Mundial.png","contentUrl":"https:\/\/noti-america.com\/site\/ecuador\/wp-content\/uploads\/sites\/18\/2019\/12\/Imagen-Foro-Econ\u00f3mico-Mundial.png","width":1008,"height":435},{"@type":"BreadcrumbList","@id":"https:\/\/noti-america.com\/site\/ecuador\/2019\/12\/24\/todo-lo-que-necesitas-saber-sobre-la-brecha-de-genero-en-2020\/#breadcrumb","itemListElement":[{"@type":"ListItem","position":1,"name":"Portada","item":"https:\/\/noti-america.com\/site\/ecuador\/"},{"@type":"ListItem","position":2,"name":"Todo lo que necesitas saber sobre la brecha de g\u00e9nero en 2020"}]},{"@type":"WebSite","@id":"https:\/\/noti-america.com\/site\/ecuador\/#website","url":"https:\/\/noti-america.com\/site\/ecuador\/","name":"Ecuador | Noti-America.com","description":"","publisher":{"@id":"https:\/\/noti-america.com\/site\/ecuador\/#organization"},"potentialAction":[{"@type":"SearchAction","target":{"@type":"EntryPoint","urlTemplate":"https:\/\/noti-america.com\/site\/ecuador\/?s={search_term_string}"},"query-input":{"@type":"PropertyValueSpecification","valueRequired":true,"valueName":"search_term_string"}}],"inLanguage":"es"},{"@type":"Organization","@id":"https:\/\/noti-america.com\/site\/ecuador\/#organization","name":"Noti-America LLC | Ecuador","url":"https:\/\/noti-america.com\/site\/ecuador\/","logo":{"@type":"ImageObject","inLanguage":"es","@id":"https:\/\/noti-america.com\/site\/ecuador\/#\/schema\/logo\/image\/","url":"https:\/\/noti-america.com\/site\/ecuador\/wp-content\/uploads\/sites\/18\/2020\/07\/LogoNA-4x3-1.jpg","contentUrl":"https:\/\/noti-america.com\/site\/ecuador\/wp-content\/uploads\/sites\/18\/2020\/07\/LogoNA-4x3-1.jpg","width":1236,"height":1080,"caption":"Noti-America LLC | Ecuador"},"image":{"@id":"https:\/\/noti-america.com\/site\/ecuador\/#\/schema\/logo\/image\/"},"sameAs":["https:\/\/x.com\/notiamerica"]},{"@type":"Person","@id":"https:\/\/noti-america.com\/site\/ecuador\/#\/schema\/person\/3b975e42f15abfe64bfe3abdd916efda","name":"Gregory Quintana Montiel","image":{"@type":"ImageObject","inLanguage":"es","@id":"https:\/\/secure.gravatar.com\/avatar\/2d6b802f7720c2ec7744dcbe608cc2f3417aeb964d58b443c6d612b77531de1d?s=96&d=mm&r=g","url":"https:\/\/secure.gravatar.com\/avatar\/2d6b802f7720c2ec7744dcbe608cc2f3417aeb964d58b443c6d612b77531de1d?s=96&d=mm&r=g","contentUrl":"https:\/\/secure.gravatar.com\/avatar\/2d6b802f7720c2ec7744dcbe608cc2f3417aeb964d58b443c6d612b77531de1d?s=96&d=mm&r=g","caption":"Gregory Quintana Montiel"},"description":"Licenciatura en Ciencias de la Comunicaci\u00f3n Social, egresado en la Especializaci\u00f3n Derecho Ambiental Desarrollo Sostenible y Sustentable, Miembro de la Comunidad de profesionales y experto para Latinoam\u00e9rica y el Caribe en Gesti\u00f3n por Resultado en el Desarrollo (COPLAC - GpRD) del Banco Interamericano de Desarrollo, experiencia en medios radiales y escritos.","sameAs":["https:\/\/x.com\/gdgregori1","gquintana"],"url":"https:\/\/noti-america.com\/site\/ecuador\/author\/gquintana\/"}]}},"_links":{"self":[{"href":"https:\/\/noti-america.com\/site\/ecuador\/wp-json\/wp\/v2\/posts\/6869","targetHints":{"allow":["GET"]}}],"collection":[{"href":"https:\/\/noti-america.com\/site\/ecuador\/wp-json\/wp\/v2\/posts"}],"about":[{"href":"https:\/\/noti-america.com\/site\/ecuador\/wp-json\/wp\/v2\/types\/post"}],"author":[{"embeddable":true,"href":"https:\/\/noti-america.com\/site\/ecuador\/wp-json\/wp\/v2\/users\/17"}],"replies":[{"embeddable":true,"href":"https:\/\/noti-america.com\/site\/ecuador\/wp-json\/wp\/v2\/comments?post=6869"}],"version-history":[{"count":1,"href":"https:\/\/noti-america.com\/site\/ecuador\/wp-json\/wp\/v2\/posts\/6869\/revisions"}],"predecessor-version":[{"id":6871,"href":"https:\/\/noti-america.com\/site\/ecuador\/wp-json\/wp\/v2\/posts\/6869\/revisions\/6871"}],"wp:featuredmedia":[{"embeddable":true,"href":"https:\/\/noti-america.com\/site\/ecuador\/wp-json\/wp\/v2\/media\/6870"}],"wp:attachment":[{"href":"https:\/\/noti-america.com\/site\/ecuador\/wp-json\/wp\/v2\/media?parent=6869"}],"wp:term":[{"taxonomy":"category","embeddable":true,"href":"https:\/\/noti-america.com\/site\/ecuador\/wp-json\/wp\/v2\/categories?post=6869"},{"taxonomy":"post_tag","embeddable":true,"href":"https:\/\/noti-america.com\/site\/ecuador\/wp-json\/wp\/v2\/tags?post=6869"}],"curies":[{"name":"wp","href":"https:\/\/api.w.org\/{rel}","templated":true}]}}