{"id":6866,"date":"2019-12-24T00:58:47","date_gmt":"2019-12-24T00:58:47","guid":{"rendered":"http:\/\/noti-america.com\/site\/ecuador\/?p=6866"},"modified":"2019-12-24T00:58:47","modified_gmt":"2019-12-24T00:58:47","slug":"a-pesar-del-fracaso-de-la-cop25-chile-madrid-2019-la-ciencia-insiste-quedan-10-anos-para-reducir-la-concentracion-de-co2","status":"publish","type":"post","link":"https:\/\/noti-america.com\/site\/ecuador\/2019\/12\/24\/a-pesar-del-fracaso-de-la-cop25-chile-madrid-2019-la-ciencia-insiste-quedan-10-anos-para-reducir-la-concentracion-de-co2\/","title":{"rendered":"A pesar del fracaso de la COP25 Chile-Madrid 2019, la ciencia insiste: quedan 10 a\u00f1os para reducir la concentraci\u00f3n de CO2"},"content":{"rendered":"<p>REDACCI\u00d3N NOTI AM\u00c9RICA (ECUADOR)<\/p>\n<ul>\n<li style=\"text-align: justify\">Solo nos quedan 10 a\u00f1os para reducir la concentraci\u00f3n de CO2\u00a0en la atm\u00f3sfera\u00a0y evitar la hecatombe clim\u00e1tica. Pero a las puertas de esta d\u00e9cada crucial, los pa\u00edses no han logrado unir fuerzas para frenar de manera urgente el cambio clim\u00e1tico.<\/li>\n<\/ul>\n<p style=\"text-align: justify\">La COP25 no empez\u00f3 con buen pie pasando de mano en mano hasta llegar a Espa\u00f1a, y no ha terminado mejor. Desde el viernes por la tarde, d\u00eda que tendr\u00eda que haber culminado la cumbre, la <strong>decisi\u00f3n final no ha dejado de posponerse<\/strong> para intentar alcanzar un acuerdo que refuerce la ambici\u00f3n y que termine de regular los mecanismos de mercado en el Acuerdo de Par\u00eds, el primer tratado universal por el clima, entre otros aspectos relativos a la financiaci\u00f3n.<\/p>\n<p style=\"text-align: justify\">Tras una pr\u00f3rroga de casi dos d\u00edas, convirti\u00f3 a esta cumbre en la m\u00e1s larga en sus 25 a\u00f1os de historia, el consenso total entre los 196 pa\u00edses reunidos en Madrid para terminar de poner en marcha el Acuerdo de Par\u00eds, finalmente no ha sido posible del todo.<\/p>\n<p style=\"text-align: justify\"><img decoding=\"async\" class=\"imagenin img-fluid pull-left mr-40 mb-15\" src=\"https:\/\/www.ecoticias.com\/userfiles\/2019\/diciembre\/16dic\/zzgreenverti.jpg\" alt=\"A pesar del fracaso de la COP25 Chile-Madrid 2019, la ciencia insiste: quedan 10 a\u00f1os para reducir la concentraci\u00f3n de CO2\" \/><\/p>\n<p style=\"text-align: justify\">La mayor\u00eda de los pa\u00edses prefer\u00eda un no-acuerdo antes que un mal-acuerdo. Y as\u00ed ha sido. Ya lo hab\u00eda advertido\u00a0Andr\u00e9s Landerretche, coordinador de la presidencia de la COP25, en una rueda de prensa el s\u00e1bado por la tarde: \u201cSi no hay consenso, no hay consenso\u201d.<\/p>\n<p style=\"text-align: justify\">Sin embargo, de Madrid sale un documento llamado\u00a0Chile-Madrid Tiempo de Actuar\u00a0que, tras largas e ininterrumpidas horas de negociaciones, ha quedado en un t\u00edmido equilibrio para intentar satisfacer a todos en t\u00e9rminos de ambici\u00f3n.<\/p>\n<p style=\"text-align: justify\">En este acuerdo, que no incluye el art\u00edculo 6 sobre los<strong>\u00a0mercados de carbono<\/strong>, se sientan las bases para que en 2020 los pa\u00edses presenten compromisos de reducci\u00f3n de emisiones (NDCs, por sus siglas en ingl\u00e9s) m\u00e1s ambiciosos para responder a la emergencia clim\u00e1tica.<\/p>\n<p style=\"text-align: justify\">Marcada por las\u00a0diferencias entre naciones\u00a0e intereses dispares entre pa\u00edses pobres, m\u00e1s vulnerables al cambio clim\u00e1tico, y los industrializados, mayores emisores de CO<sub>2<\/sub> , la COP25, presidida por Chile y que ha contado con la ayuda de Espa\u00f1a para minimizar los conflictos de las \u00faltimas horas de negociaci\u00f3n esta madrugada, se ha quedado sobre todo a medio camino de conseguir lo que quer\u00eda: el desarrollo del\u00a0art\u00edculo 6 del Acuerdo de Par\u00eds\u00a0que pretende regular los intercambios de unidades de carbono.<\/p>\n<div class=\"innerbanner\" style=\"text-align: justify\"><ins><\/p>\n<h4 id=\"beacon_585c24fa2e\"><img loading=\"lazy\" decoding=\"async\" src=\"https:\/\/static.ecoticias.com\/adserve\/www\/delivery\/lg.php?bannerid=0&amp;campaignid=0&amp;zoneid=211&amp;loc=https%3A%2F%2Fwww.ecoticias.com%2Fcambio-climatico%2F198200%2Ffracaso-cop25-10-anos-reducir-co2&amp;cb=585c24fa2e\" alt=\"\" width=\"0\" height=\"0\" \/><strong>El art\u00edculo 6, a diciembre de 2020.<\/strong><\/h4>\n<p><\/ins><\/div>\n<p style=\"text-align: justify\">La pr\u00f3xima COP26, que se celebrar\u00e1 en\u00a0Glasgow\u00a0(Reino Unido), tendr\u00e1 que asumir el reto de cerrar lo que Madrid no ha conseguido, en un a\u00f1o clave para la puesta en marcha del Acuerdo de Par\u00eds.<\/p>\n<p style=\"text-align: justify\">Los pa\u00edses de la Uni\u00f3n Europea y Jap\u00f3n, entre otros, se han mostrado \u201c<strong>profundamente decepcionados<\/strong>\u201d en el plenario final de esta COP25 por la incapacidad colectiva de llegar a una soluci\u00f3n en esta cuesti\u00f3n tan importante y que es clave para la reducci\u00f3n eficaz de las emisiones de gases de efecto invernadero.<\/p>\n<p style=\"text-align: justify\">Brasil, que pretende utilizar sus antiguos cr\u00e9ditos de carbono en este nuevo periodo, ha declarado que el pa\u00eds ha invertido muchas energ\u00edas en estos \u00faltimos a\u00f1os y \u201ces muy frustrante no estar en condiciones de llegar a un acuerdo final\u201d. Pero considera que \u201cel vaso est\u00e1 medio lleno\u201d y se compromete a seguir debatiendo esta cuesti\u00f3n.<\/p>\n<p style=\"text-align: justify\">\u201cLlevamos 25 a\u00f1os hablando de cambio clim\u00e1tico con certezas cada vez m\u00e1s contundentes de responsabilidad humana, pero todav\u00eda no hemos logrado superar de alguna forma esta divisi\u00f3n que impone la econom\u00eda y los intereses\u201d, declara a Sinc\u00a0In\u00e9s Camilloni, cient\u00edfica en el Centro de Investigaci\u00f3n del Mar y la Atm\u00f3sfera de la Universidad de Buenos Aires y autora de informes del Panel Intergubernamental para el Cambio Clim\u00e1tico (IPCC).<\/p>\n<p style=\"text-align: justify\">A esto se suman las responsabilidades hist\u00f3ricas que siempre est\u00e1n presentes y que no han dejado de aparecer durante esta COP25. En este sentido, ha sorprendido la aparici\u00f3n de pa\u00edses del Este, como la<strong>\u00a0Rep\u00fablica Checa y Polonia<\/strong>\u00a0con unas reivindicaciones un poco antiguas, desfasadas.<\/p>\n<p style=\"text-align: justify\">\u201cA la hora de actuar hoy creo que ya no deber\u00edan tener peso\u201d, lamenta Camilloni. La ciencia ha hablado: con los objetivos iniciales del Acuerdo de Par\u00eds la temperatura media del planeta alcanzar\u00e1 los 3,2 \u00baC, muy por encima del l\u00edmite de 1,5 \u00baC establecido por la comunidad cient\u00edfica.<\/p>\n<p style=\"text-align: justify\">\u201cNo lo hemos conseguido esta vez, pero hemos avanzado. Destacar que hay flexibilidad m\u00e1s que nunca por parte de los grupos y esperamos que este clima se acompa\u00f1e hasta Glasgow para garantizar la adaptaci\u00f3n y mitigaci\u00f3n\u201d, ha manifestado la delegaci\u00f3n de Costa Rica en el plenario celebrado esta ma\u00f1ana.<\/p>\n<p style=\"text-align: justify\">La mayor\u00eda de los Estados miembro han se\u00f1alado que, a pesar de no haber llegado al consenso, s\u00ed se ha logrado un mayor conocimiento t\u00e9cnico de lo que implica este art\u00edculo 6. Adem\u00e1s, \u201cla ausencia de normas en este art\u00edculo no impide que el Acuerdo de Par\u00eds funcione y que las partes tengan mercados de carbono internacionales y que se relacionen\u201d, han se\u00f1alado esta ma\u00f1ana desde la UE.<\/p>\n<p style=\"text-align: justify\">En 2020, los mercados deber\u00e1n quedar regulados ya que son una importante herramienta para\u00a0<strong>acelerar las reducciones de emisiones\u00a0<\/strong>de di\u00f3xido de carbono, pero se necesitan normas multilaterales robustas para evitar la doble contabilidad, asegurar la integridad ambiental y proteger los derechos humanos.<\/p>\n<p style=\"text-align: justify\"><img loading=\"lazy\" decoding=\"async\" src=\"https:\/\/www.ecoticias.com\/userfiles\/2019\/diciembre\/16dic\/zzgreentext.jpg\" alt=\"\" width=\"730\" height=\"487\" \/><\/p>\n<p style=\"text-align: justify\">\u201cHay muchos vac\u00edos en Madrid y va a tocar en la COP26 trabajarlo en Glasgow\u201d, apunta a Sinc \u00d3scar Rodas, responsable de cambio clim\u00e1tico de WWF en Paraguay. Las \u00faltimas horas de la COP25 han permitido que el art\u00edculo 6 quede lo m\u00e1s cerrado posible para volver a trabajar en ello en Glasgow.<\/p>\n<p style=\"text-align: justify\">Sin embargo, la falta de consenso en al art\u00edculo 6 no impide que la COP25 haya tenido \u00e9xito en otros aspectos. \u201cEl dejar el \u00e9xito de esta COP solamente en el que se lleguen a adoptar decisiones en el art\u00edculo 6 es una visi\u00f3n muy pobre de lo que es un proceso multilateral\u201d, recoge a Sinc Mar\u00eda Jos\u00e9 Sanz, directora del Basque Centre for Climate Change (BC3).<\/p>\n<h2 style=\"text-align: justify\">As\u00ed se escucha a la ciencia<\/h2>\n<p style=\"text-align: justify\">La adopci\u00f3n del acuerdo Chile-Madrid. Tiempo de Actuar manifiesta la \u201c<strong>urgente necesidad<\/strong>\u201d de que las nuevas contribuciones determinadas a nivel nacional (NDCs) que deber\u00e1n presentarse a lo largo de 2020, salven la brecha existente en las actuales con respecto al objetivo de Par\u00eds y as\u00ed evitar un aumento de temperatura superior a 1,5 \u00baC.<\/p>\n<p style=\"text-align: justify\">Los pa\u00edses deber\u00e1n presentar compromisos clim\u00e1ticos antes de la pr\u00f3xima cumbre del clima de Glasgow para que Naciones Unidas pueda elaborar un Informe de S\u00edntesis previo a la COP26 que indique d\u00f3nde estamos respecto al objetivo del Acuerdo de Par\u00eds de mantener la temperatura del planeta por debajo de 1,5 \u00baC.\u00a0M\u00e1s de 80 pa\u00edses ya se han comprometido a presentar el pr\u00f3ximo a\u00f1o NDCs m\u00e1s ambiciosos.<\/p>\n<p style=\"text-align: justify\">\u201cEl mandato es claro: los pa\u00edses tenemos que presentar\u00a0<strong>contribuciones nacionales m\u00e1s ambiciosas<\/strong>\u00a0que las actuales en 2020, es importante responder a las demandas de la gente y de la ciencia, y comprometernos a hacer m\u00e1s y m\u00e1s r\u00e1pido\u201d, ha indicado la ministra para la Transici\u00f3n Ecol\u00f3gica en funciones,\u00a0Teresa Ribera.<\/p>\n<p style=\"text-align: justify\">El documento aprobado este domingo reconoce justamente que las medidas adoptadas para abordar el cambio clim\u00e1tico son m\u00e1s eficaces si se basan en la mejor ciencia disponible y si se reeval\u00faan continuamente a la luz de nuevos hallazgos.<\/p>\n<p style=\"text-align: justify\">Los pa\u00edses tambi\u00e9n han querido reconocer el papel del\u00a0Panel Intergubernamental de Expertos sobre el Cambio Clim\u00e1tico\u00a0(IPCC, por sus siglas en ingl\u00e9s) en el suministro de aportes de evidencia cient\u00edfica para reforzar la respuesta mundial a la amenaza del cambio clim\u00e1tico, \u201cen el contexto del desarrollo sostenible y los esfuerzos para erradicar la pobreza\u201d, consta el acuerdo.<\/p>\n<p style=\"text-align: justify\">\u201cHay que acelerar la reducci\u00f3n de emisiones lo m\u00e1s posible porque cuanto m\u00e1s alejemos las evaluaciones en el tiempo, nuestra oportunidad de corregir nuestras acciones en base a lo que la ciencia dice va a ser menor. Y la ciencia ha hablado y ha sido categ\u00f3rica y se ha reafirmado en sus conclusiones\u201d, manifiesta Rodas.<\/p>\n<p style=\"text-align: justify\">Para la cient\u00edfica del IPCC In\u00e9s Camilloni, que trabaja en la generaci\u00f3n de escenarios futuros en Sudam\u00e9rica y en la evaluaci\u00f3n de sus impactos, ha habido un\u00a0<strong>fuerte protagonismo del IPCC y de la ciencia<\/strong>\u00a0en general con los mensajes generados desde el sector cient\u00edfico sobre la efectiva emergencia de tomar medidas ambiciosas para reducir las emisiones.<\/p>\n<p style=\"text-align: justify\">\u201cCreo que la voz de la ciencia es cada vez m\u00e1s escuchada pero no necesariamente termina siendo tenida en cuenta en el momento de las decisiones. Est\u00e1 cada vez m\u00e1s presente en los distintos \u00e1mbitos de las COP\u201d, subraya la argentina. En este sentido, muchos cient\u00edficos se muestran pesimistas ante la inacci\u00f3n pol\u00edtica dados los resultados cient\u00edficos.<\/p>\n<p style=\"text-align: justify\">\u201cTenemos que dejar de quejarnos y empezar a colaborar entre nosotros, para hacer una ciencia que sirva tambi\u00e9n para poner encima de la mesa las soluciones, que no son f\u00e1ciles. Tenemos que trabajar con los economistas, con los antrop\u00f3logos, con soci\u00f3logos, con psic\u00f3logos\u2026 No solamente es cuesti\u00f3n de decir que el clima va a cambiar\u201d, indica Sanz.<\/p>\n<h2 style=\"text-align: justify\">El valor de la naturaleza en la cumbre<\/h2>\n<p style=\"text-align: justify\">El documento\u00a0<strong>Chile-Madrid Tiempo de Actuar\u00a0<\/strong>subraya adem\u00e1s la contribuci\u00f3n esencial de la naturaleza para abordar la crisis clim\u00e1tica y sus impactos, as\u00ed como la necesidad de abordar la\u00a0p\u00e9rdida de biodiversidad\u00a0y el cambio clim\u00e1tico de manera integrada para ayudar a cumplir el objetivo de 1,5 \u00baC.<\/p>\n<p style=\"text-align: justify\">\u201cLas\u00a0soluciones basadas en la naturaleza\u00a0son hacia las que tenemos que apuntar porque son las m\u00e1s econ\u00f3micas, las que m\u00e1s se vinculan con las poblaciones vulnerables y son las que el planeta necesita\u201d, declara a Sinc\u00a0Manuel Marcelo Jaramillo, director general de la Fundaci\u00f3n Vida Silvestre de Argentina.<\/p>\n<p style=\"text-align: justify\">Estas soluciones cada vez m\u00e1s presentes confirman que la Tierra necesita que la recuperemos y la conservemos \u201cpara que siga prest\u00e1ndonos los servicios ambientales que nos ha prestado siempre y de esa forma evitar los efectos negativos del cambio clim\u00e1tico\u201d, recuerda Marcelo Jaramillo.<\/p>\n<p style=\"text-align: justify\">\u201cLo que muestra la ciencia es que si en los pr\u00f3ximos 10 a\u00f1os no reducimos dr\u00e1sticamente las emisiones y generamos sumideros (no alcanza solo con reducir, tambi\u00e9n hay que remover di\u00f3xido de carbono de la atm\u00f3sfera) no es posible alcanzar el objetivo planteado en Par\u00eds. Mientras estemos a tiempo de reducir y actuar, todav\u00eda hay algo de optimismo\u201d, a\u00f1ade Camilloni.<\/p>\n<p style=\"text-align: justify\">En el acuerdo alcanzado hoy en Madrid tambi\u00e9n se da un especial protagonismo al v\u00ednculo entre los\u00a0<strong>oc\u00e9anos\u00a0y los\u00a0usos del suelo\u00a0<\/strong>con el cambio clim\u00e1tico, como respuesta a los informes especiales del IPCC publicados durante 2019. En junio 2020 se celebrar\u00e1 un di\u00e1logo de oc\u00e9anos y otro sobre usos del suelo.<\/p>\n<p style=\"text-align: justify\">Aunque durante el plenario estos dos puntos han sido cuesti\u00f3n de debate por la oposici\u00f3n de\u00a0Brasil\u00a0de aprobarlos, finalmente han salido adelante gracias al apoyo de Costa Rica, Belice, Australia, Noruega, Tuvalu, la UE, Islas Marshall, Espa\u00f1a, entre otros.<\/p>\n<p style=\"text-align: justify\">\u201cSon\u00a0recursos fundamentales\u00a0y el IPCC ha enviado un mensaje muy firme sobre la relaci\u00f3n de los oc\u00e9anos y uso de la tierra con el cambio clim\u00e1tico\u201d, ha destacado la ministra espa\u00f1ola durante la celebraci\u00f3n del plenario.<\/p>\n<h2 style=\"text-align: justify\">Avances mitigados de la COP25<\/h2>\n<p style=\"text-align: justify\">En la COP25 los negociadores han acordado tambi\u00e9n un\u00a0<strong>nuevo\u00a0Plan de Acci\u00f3n de G\u00e9nero<\/strong>\u00a0\u2013que las organizaciones sociales valoran positivamente\u2013\u00a0que permitir\u00e1 desarrollar medidas para dar respuesta al efecto desigual del cambio clim\u00e1tico en mujeres y ni\u00f1as, y a promover su papel como agentes del cambio en este proceso hacia un mundo libre de emisiones.<\/p>\n<p style=\"text-align: justify\">Este nuevo plan, que estar\u00e1 vigente hasta el a\u00f1o 2025 \u2013cuando se tendr\u00e1 que revisar\u2013, pretende lograr m\u00e1s participaci\u00f3n de las mujeres en la negociaci\u00f3n internacional, y asegurarles un papel activo en la toma de decisi\u00f3n a escala nacional.<\/p>\n<p style=\"text-align: justify\">Aunque en la cumbre no se ha establecido un nuevo\u00a0mecanismo de financiaci\u00f3n para da\u00f1os y perjuicios, s\u00ed se ha acordado dar directrices al Fondo Verde para que ampl\u00ede su \u00e1mbito de financiaci\u00f3n, y que, aparte de dirigirse a mitigaci\u00f3n y adaptaci\u00f3n, por primera vez destine recursos para las p\u00e9rdidas y da\u00f1os que sufren los pa\u00edses m\u00e1s vulnerables y afectados por los impactos de los fen\u00f3menos clim\u00e1ticos extremos.<\/p>\n<p style=\"text-align: justify\">Sin embargo, sin fondos nuevos y adicionales, los m\u00e1s indefensos no contar\u00e1n con suficientes recursos para recuperarse y reconstruir sus vidas despu\u00e9s de\u00a0<strong>efectos clim\u00e1ticos cada vez m\u00e1s intensos.<\/strong>\u00a0La organizaci\u00f3n Oxfam Interm\u00f3n ha demostraba en un informe que los desastres relacionados con el clima ya son la principal causa de los desplazamientos internos y cada dos segundos una persona se ve obligada a abandonar su hogar.<\/p>\n<p style=\"text-align: justify\">Con la COP25 nace la\u00a0Red de Santiago\u00a0que permitir\u00e1 catalizar asistencia t\u00e9cnica de organizaciones y expertos a estos pa\u00edses vulnerables, mejorando de este modo su capacidad de respuesta a los efectos del calentamiento. Esta era una de las cuestiones m\u00e1s demandadas por los peque\u00f1os estados insulares que sufren de manera m\u00e1s directa los impactos m\u00e1s severos del cambio clim\u00e1tico. De hecho, la delegaci\u00f3n de Tuvalu, en la Polinesia, ha declarado en el plenario final que no atender a estas cuestiones es \u201cun crimen hacia la humanidad\u201d.<\/p>\n<p style=\"text-align: justify\">Una vez finaliza la COP25, los pa\u00edses seguir\u00e1n, hasta la pr\u00f3xima cita, con sus planes para luchar contra el cambio clim\u00e1tico, con la presi\u00f3n cada vez mayor de la\u00a0<strong>ciencia y la sociedad<\/strong>.\u00a0Como record\u00f3 esta semana\u00a0el astronauta Luca Parmitano desde la Estaci\u00f3n Espacial Internacional, la mayor fragilidad de la Tierra es el ser humano. \u201cNosotros somos los elementos m\u00e1s fr\u00e1giles porque la vida en la Tierra seguir\u00e1 sin nosotros. Tenemos que ser buenos comandantes\u201d.<\/p>\n<p style=\"text-align: justify\"><img loading=\"lazy\" decoding=\"async\" src=\"https:\/\/www.ecoticias.com\/userfiles\/2019\/diciembre\/16dic\/zzgreentext02.jpg\" alt=\"\" width=\"730\" height=\"360\" \/><\/p>\n<h3 style=\"text-align: justify\">El mayor \u00e9xito: la cumbre social<\/h3>\n<p style=\"text-align: justify\">Durante estos 15 d\u00edas se ha celebrado una\u00a0<strong>cumbre alternativa<\/strong>\u00a0que ha mostrado la implicaci\u00f3n de la sociedad en la lucha contra la emergencia clim\u00e1tica. Las discusiones han demostrado que en el centro de la respuesta a esta crisis deben estar las personas y su futuro. El texto presentado recoge, por ello, que la transici\u00f3n hacia un mundo libre de emisiones debe ser justa.<\/p>\n<p style=\"text-align: justify\">Miles de personas han formado parte de la cumbre social por el clima, lo que ha permitido seguir tejiendo la red social ante las consecuencias del cambio clim\u00e1tico y ejercer mayor presi\u00f3n a las decisiones pol\u00edticas que deb\u00edan de tomarse.<\/p>\n<p style=\"text-align: justify\">\u201cUn logro de esta COP es que ha tenido mucha influencia en los sectores ajenos a la negociaci\u00f3n, como el sector privado. Ha habido declaraciones del sector privado muy importantes. Tambi\u00e9n ha habido un giro en la sociedad esencial. Yo creo que esta COP la importancia que tiene es esa, y hay que reconoc\u00e9rsela\u201d, concluye Mar\u00eda Jos\u00e9 Sanz.<\/p>\n<p style=\"text-align: justify\">Fuente:\u00a0SINC<\/p>\n","protected":false},"excerpt":{"rendered":"<p>REDACCI\u00d3N NOTI AM\u00c9RICA (ECUADOR) Solo nos quedan 10 a\u00f1os para reducir la concentraci\u00f3n de CO2\u00a0en la atm\u00f3sfera\u00a0y evitar la hecatombe clim\u00e1tica. Pero a las puertas de esta d\u00e9cada crucial, los pa\u00edses no han logrado&#46;&#46;&#46;<\/p>\n","protected":false},"author":17,"featured_media":6867,"comment_status":"open","ping_status":"open","sticky":false,"template":"","format":"standard","meta":{"_acf_changed":false,"om_disable_all_campaigns":false,"rop_custom_images_group":[],"rop_custom_messages_group":[],"rop_publish_now":"initial","rop_publish_now_accounts":{"twitter_242054905_242054905":""},"rop_publish_now_history":[],"rop_publish_now_status":"pending","_uf_show_specific_survey":0,"_uf_disable_surveys":false,"footnotes":""},"categories":[111],"tags":[],"class_list":["post-6866","post","type-post","status-publish","format-standard","has-post-thumbnail","hentry","category-sostenibilidad-y-cambio-climatico"],"acf":[],"aioseo_notices":[],"yoast_head":"<!-- This site is optimized with the Yoast SEO Premium plugin v24.9 (Yoast SEO v27.2) - https:\/\/yoast.com\/product\/yoast-seo-premium-wordpress\/ -->\n<title>A pesar del fracaso de la COP25 Chile-Madrid 2019, la ciencia insiste: quedan 10 a\u00f1os para reducir la concentraci\u00f3n de CO2 - Ecuador | Noti-America.com<\/title>\n<meta name=\"robots\" content=\"index, follow, max-snippet:-1, max-image-preview:large, max-video-preview:-1\" \/>\n<link rel=\"canonical\" href=\"https:\/\/noti-america.com\/site\/ecuador\/2019\/12\/24\/a-pesar-del-fracaso-de-la-cop25-chile-madrid-2019-la-ciencia-insiste-quedan-10-anos-para-reducir-la-concentracion-de-co2\/\" \/>\n<meta property=\"og:locale\" content=\"es_ES\" \/>\n<meta property=\"og:type\" content=\"article\" \/>\n<meta property=\"og:title\" content=\"A pesar del fracaso de la COP25 Chile-Madrid 2019, la ciencia insiste: quedan 10 a\u00f1os para reducir la concentraci\u00f3n de CO2\" \/>\n<meta property=\"og:description\" content=\"REDACCI\u00d3N NOTI AM\u00c9RICA (ECUADOR) Solo nos quedan 10 a\u00f1os para reducir la concentraci\u00f3n de CO2\u00a0en la atm\u00f3sfera\u00a0y evitar la hecatombe clim\u00e1tica. Pero a las puertas de esta d\u00e9cada crucial, los pa\u00edses no han logrado&#046;&#046;&#046;\" \/>\n<meta property=\"og:url\" content=\"https:\/\/noti-america.com\/site\/ecuador\/2019\/12\/24\/a-pesar-del-fracaso-de-la-cop25-chile-madrid-2019-la-ciencia-insiste-quedan-10-anos-para-reducir-la-concentracion-de-co2\/\" \/>\n<meta property=\"og:site_name\" content=\"Ecuador | Noti-America.com\" \/>\n<meta property=\"article:published_time\" content=\"2019-12-24T00:58:47+00:00\" \/>\n<meta property=\"og:image\" content=\"https:\/\/noti-america.com\/site\/ecuador\/wp-content\/uploads\/sites\/18\/2019\/12\/10-a\u00f1os-para-cambiar-el-curso-ambiental.jpg\" \/>\n\t<meta property=\"og:image:width\" content=\"730\" \/>\n\t<meta property=\"og:image:height\" content=\"480\" \/>\n\t<meta property=\"og:image:type\" content=\"image\/jpeg\" \/>\n<meta name=\"author\" content=\"Gregory Quintana Montiel\" \/>\n<meta name=\"twitter:card\" content=\"summary_large_image\" \/>\n<meta name=\"twitter:creator\" content=\"@gdgregori1\" \/>\n<meta name=\"twitter:site\" content=\"@notiamerica\" \/>\n<meta name=\"twitter:label1\" content=\"Escrito por\" \/>\n\t<meta name=\"twitter:data1\" content=\"Gregory Quintana Montiel\" \/>\n\t<meta name=\"twitter:label2\" content=\"Tiempo estimado de lectura\" \/>\n\t<meta name=\"twitter:data2\" content=\"13 minutos\" \/>\n<script type=\"application\/ld+json\" class=\"yoast-schema-graph\">{\"@context\":\"https:\/\/schema.org\",\"@graph\":[{\"@type\":\"Article\",\"@id\":\"https:\/\/noti-america.com\/site\/ecuador\/2019\/12\/24\/a-pesar-del-fracaso-de-la-cop25-chile-madrid-2019-la-ciencia-insiste-quedan-10-anos-para-reducir-la-concentracion-de-co2\/#article\",\"isPartOf\":{\"@id\":\"https:\/\/noti-america.com\/site\/ecuador\/2019\/12\/24\/a-pesar-del-fracaso-de-la-cop25-chile-madrid-2019-la-ciencia-insiste-quedan-10-anos-para-reducir-la-concentracion-de-co2\/\"},\"author\":{\"name\":\"Gregory Quintana Montiel\",\"@id\":\"https:\/\/noti-america.com\/site\/ecuador\/#\/schema\/person\/3b975e42f15abfe64bfe3abdd916efda\"},\"headline\":\"A pesar del fracaso de la COP25 Chile-Madrid 2019, la ciencia insiste: quedan 10 a\u00f1os para reducir la concentraci\u00f3n de CO2\",\"datePublished\":\"2019-12-24T00:58:47+00:00\",\"mainEntityOfPage\":{\"@id\":\"https:\/\/noti-america.com\/site\/ecuador\/2019\/12\/24\/a-pesar-del-fracaso-de-la-cop25-chile-madrid-2019-la-ciencia-insiste-quedan-10-anos-para-reducir-la-concentracion-de-co2\/\"},\"wordCount\":2623,\"commentCount\":0,\"publisher\":{\"@id\":\"https:\/\/noti-america.com\/site\/ecuador\/#organization\"},\"image\":{\"@id\":\"https:\/\/noti-america.com\/site\/ecuador\/2019\/12\/24\/a-pesar-del-fracaso-de-la-cop25-chile-madrid-2019-la-ciencia-insiste-quedan-10-anos-para-reducir-la-concentracion-de-co2\/#primaryimage\"},\"thumbnailUrl\":\"https:\/\/noti-america.com\/site\/ecuador\/wp-content\/uploads\/sites\/18\/2019\/12\/10-a\u00f1os-para-cambiar-el-curso-ambiental.jpg\",\"articleSection\":[\"Sostenibilidad y Cambio Clim\u00e1tico\"],\"inLanguage\":\"es\",\"potentialAction\":[{\"@type\":\"CommentAction\",\"name\":\"Comment\",\"target\":[\"https:\/\/noti-america.com\/site\/ecuador\/2019\/12\/24\/a-pesar-del-fracaso-de-la-cop25-chile-madrid-2019-la-ciencia-insiste-quedan-10-anos-para-reducir-la-concentracion-de-co2\/#respond\"]}]},{\"@type\":\"WebPage\",\"@id\":\"https:\/\/noti-america.com\/site\/ecuador\/2019\/12\/24\/a-pesar-del-fracaso-de-la-cop25-chile-madrid-2019-la-ciencia-insiste-quedan-10-anos-para-reducir-la-concentracion-de-co2\/\",\"url\":\"https:\/\/noti-america.com\/site\/ecuador\/2019\/12\/24\/a-pesar-del-fracaso-de-la-cop25-chile-madrid-2019-la-ciencia-insiste-quedan-10-anos-para-reducir-la-concentracion-de-co2\/\",\"name\":\"A pesar del fracaso de la COP25 Chile-Madrid 2019, la ciencia insiste: quedan 10 a\u00f1os para reducir la concentraci\u00f3n de CO2 - Ecuador | Noti-America.com\",\"isPartOf\":{\"@id\":\"https:\/\/noti-america.com\/site\/ecuador\/#website\"},\"primaryImageOfPage\":{\"@id\":\"https:\/\/noti-america.com\/site\/ecuador\/2019\/12\/24\/a-pesar-del-fracaso-de-la-cop25-chile-madrid-2019-la-ciencia-insiste-quedan-10-anos-para-reducir-la-concentracion-de-co2\/#primaryimage\"},\"image\":{\"@id\":\"https:\/\/noti-america.com\/site\/ecuador\/2019\/12\/24\/a-pesar-del-fracaso-de-la-cop25-chile-madrid-2019-la-ciencia-insiste-quedan-10-anos-para-reducir-la-concentracion-de-co2\/#primaryimage\"},\"thumbnailUrl\":\"https:\/\/noti-america.com\/site\/ecuador\/wp-content\/uploads\/sites\/18\/2019\/12\/10-a\u00f1os-para-cambiar-el-curso-ambiental.jpg\",\"datePublished\":\"2019-12-24T00:58:47+00:00\",\"breadcrumb\":{\"@id\":\"https:\/\/noti-america.com\/site\/ecuador\/2019\/12\/24\/a-pesar-del-fracaso-de-la-cop25-chile-madrid-2019-la-ciencia-insiste-quedan-10-anos-para-reducir-la-concentracion-de-co2\/#breadcrumb\"},\"inLanguage\":\"es\",\"potentialAction\":[{\"@type\":\"ReadAction\",\"target\":[\"https:\/\/noti-america.com\/site\/ecuador\/2019\/12\/24\/a-pesar-del-fracaso-de-la-cop25-chile-madrid-2019-la-ciencia-insiste-quedan-10-anos-para-reducir-la-concentracion-de-co2\/\"]}]},{\"@type\":\"ImageObject\",\"inLanguage\":\"es\",\"@id\":\"https:\/\/noti-america.com\/site\/ecuador\/2019\/12\/24\/a-pesar-del-fracaso-de-la-cop25-chile-madrid-2019-la-ciencia-insiste-quedan-10-anos-para-reducir-la-concentracion-de-co2\/#primaryimage\",\"url\":\"https:\/\/noti-america.com\/site\/ecuador\/wp-content\/uploads\/sites\/18\/2019\/12\/10-a\u00f1os-para-cambiar-el-curso-ambiental.jpg\",\"contentUrl\":\"https:\/\/noti-america.com\/site\/ecuador\/wp-content\/uploads\/sites\/18\/2019\/12\/10-a\u00f1os-para-cambiar-el-curso-ambiental.jpg\",\"width\":730,\"height\":480,\"caption\":\"Air pollution clouds of smoke coming from the chimneys. Energy plantCombined heat and power\"},{\"@type\":\"BreadcrumbList\",\"@id\":\"https:\/\/noti-america.com\/site\/ecuador\/2019\/12\/24\/a-pesar-del-fracaso-de-la-cop25-chile-madrid-2019-la-ciencia-insiste-quedan-10-anos-para-reducir-la-concentracion-de-co2\/#breadcrumb\",\"itemListElement\":[{\"@type\":\"ListItem\",\"position\":1,\"name\":\"Portada\",\"item\":\"https:\/\/noti-america.com\/site\/ecuador\/\"},{\"@type\":\"ListItem\",\"position\":2,\"name\":\"A pesar del fracaso de la COP25 Chile-Madrid 2019, la ciencia insiste: quedan 10 a\u00f1os para reducir la concentraci\u00f3n de CO2\"}]},{\"@type\":\"WebSite\",\"@id\":\"https:\/\/noti-america.com\/site\/ecuador\/#website\",\"url\":\"https:\/\/noti-america.com\/site\/ecuador\/\",\"name\":\"Ecuador | Noti-America.com\",\"description\":\"\",\"publisher\":{\"@id\":\"https:\/\/noti-america.com\/site\/ecuador\/#organization\"},\"potentialAction\":[{\"@type\":\"SearchAction\",\"target\":{\"@type\":\"EntryPoint\",\"urlTemplate\":\"https:\/\/noti-america.com\/site\/ecuador\/?s={search_term_string}\"},\"query-input\":{\"@type\":\"PropertyValueSpecification\",\"valueRequired\":true,\"valueName\":\"search_term_string\"}}],\"inLanguage\":\"es\"},{\"@type\":\"Organization\",\"@id\":\"https:\/\/noti-america.com\/site\/ecuador\/#organization\",\"name\":\"Noti-America LLC | Ecuador\",\"url\":\"https:\/\/noti-america.com\/site\/ecuador\/\",\"logo\":{\"@type\":\"ImageObject\",\"inLanguage\":\"es\",\"@id\":\"https:\/\/noti-america.com\/site\/ecuador\/#\/schema\/logo\/image\/\",\"url\":\"https:\/\/noti-america.com\/site\/ecuador\/wp-content\/uploads\/sites\/18\/2020\/07\/LogoNA-4x3-1.jpg\",\"contentUrl\":\"https:\/\/noti-america.com\/site\/ecuador\/wp-content\/uploads\/sites\/18\/2020\/07\/LogoNA-4x3-1.jpg\",\"width\":1236,\"height\":1080,\"caption\":\"Noti-America LLC | Ecuador\"},\"image\":{\"@id\":\"https:\/\/noti-america.com\/site\/ecuador\/#\/schema\/logo\/image\/\"},\"sameAs\":[\"https:\/\/x.com\/notiamerica\"]},{\"@type\":\"Person\",\"@id\":\"https:\/\/noti-america.com\/site\/ecuador\/#\/schema\/person\/3b975e42f15abfe64bfe3abdd916efda\",\"name\":\"Gregory Quintana Montiel\",\"image\":{\"@type\":\"ImageObject\",\"inLanguage\":\"es\",\"@id\":\"https:\/\/secure.gravatar.com\/avatar\/2d6b802f7720c2ec7744dcbe608cc2f3417aeb964d58b443c6d612b77531de1d?s=96&d=mm&r=g\",\"url\":\"https:\/\/secure.gravatar.com\/avatar\/2d6b802f7720c2ec7744dcbe608cc2f3417aeb964d58b443c6d612b77531de1d?s=96&d=mm&r=g\",\"contentUrl\":\"https:\/\/secure.gravatar.com\/avatar\/2d6b802f7720c2ec7744dcbe608cc2f3417aeb964d58b443c6d612b77531de1d?s=96&d=mm&r=g\",\"caption\":\"Gregory Quintana Montiel\"},\"description\":\"Licenciatura en Ciencias de la Comunicaci\u00f3n Social, egresado en la Especializaci\u00f3n Derecho Ambiental Desarrollo Sostenible y Sustentable, Miembro de la Comunidad de profesionales y experto para Latinoam\u00e9rica y el Caribe en Gesti\u00f3n por Resultado en el Desarrollo (COPLAC - GpRD) del Banco Interamericano de Desarrollo, experiencia en medios radiales y escritos.\",\"sameAs\":[\"https:\/\/x.com\/gdgregori1\",\"gquintana\"],\"url\":\"https:\/\/noti-america.com\/site\/ecuador\/author\/gquintana\/\"}]}<\/script>\n<!-- \/ Yoast SEO Premium plugin. -->","yoast_head_json":{"title":"A pesar del fracaso de la COP25 Chile-Madrid 2019, la ciencia insiste: quedan 10 a\u00f1os para reducir la concentraci\u00f3n de CO2 - Ecuador | Noti-America.com","robots":{"index":"index","follow":"follow","max-snippet":"max-snippet:-1","max-image-preview":"max-image-preview:large","max-video-preview":"max-video-preview:-1"},"canonical":"https:\/\/noti-america.com\/site\/ecuador\/2019\/12\/24\/a-pesar-del-fracaso-de-la-cop25-chile-madrid-2019-la-ciencia-insiste-quedan-10-anos-para-reducir-la-concentracion-de-co2\/","og_locale":"es_ES","og_type":"article","og_title":"A pesar del fracaso de la COP25 Chile-Madrid 2019, la ciencia insiste: quedan 10 a\u00f1os para reducir la concentraci\u00f3n de CO2","og_description":"REDACCI\u00d3N NOTI AM\u00c9RICA (ECUADOR) Solo nos quedan 10 a\u00f1os para reducir la concentraci\u00f3n de CO2\u00a0en la atm\u00f3sfera\u00a0y evitar la hecatombe clim\u00e1tica. Pero a las puertas de esta d\u00e9cada crucial, los pa\u00edses no han logrado&#46;&#46;&#46;","og_url":"https:\/\/noti-america.com\/site\/ecuador\/2019\/12\/24\/a-pesar-del-fracaso-de-la-cop25-chile-madrid-2019-la-ciencia-insiste-quedan-10-anos-para-reducir-la-concentracion-de-co2\/","og_site_name":"Ecuador | Noti-America.com","article_published_time":"2019-12-24T00:58:47+00:00","og_image":[{"width":730,"height":480,"url":"https:\/\/noti-america.com\/site\/ecuador\/wp-content\/uploads\/sites\/18\/2019\/12\/10-a\u00f1os-para-cambiar-el-curso-ambiental.jpg","type":"image\/jpeg"}],"author":"Gregory Quintana Montiel","twitter_card":"summary_large_image","twitter_creator":"@gdgregori1","twitter_site":"@notiamerica","twitter_misc":{"Escrito por":"Gregory Quintana Montiel","Tiempo estimado de lectura":"13 minutos"},"schema":{"@context":"https:\/\/schema.org","@graph":[{"@type":"Article","@id":"https:\/\/noti-america.com\/site\/ecuador\/2019\/12\/24\/a-pesar-del-fracaso-de-la-cop25-chile-madrid-2019-la-ciencia-insiste-quedan-10-anos-para-reducir-la-concentracion-de-co2\/#article","isPartOf":{"@id":"https:\/\/noti-america.com\/site\/ecuador\/2019\/12\/24\/a-pesar-del-fracaso-de-la-cop25-chile-madrid-2019-la-ciencia-insiste-quedan-10-anos-para-reducir-la-concentracion-de-co2\/"},"author":{"name":"Gregory Quintana Montiel","@id":"https:\/\/noti-america.com\/site\/ecuador\/#\/schema\/person\/3b975e42f15abfe64bfe3abdd916efda"},"headline":"A pesar del fracaso de la COP25 Chile-Madrid 2019, la ciencia insiste: quedan 10 a\u00f1os para reducir la concentraci\u00f3n de CO2","datePublished":"2019-12-24T00:58:47+00:00","mainEntityOfPage":{"@id":"https:\/\/noti-america.com\/site\/ecuador\/2019\/12\/24\/a-pesar-del-fracaso-de-la-cop25-chile-madrid-2019-la-ciencia-insiste-quedan-10-anos-para-reducir-la-concentracion-de-co2\/"},"wordCount":2623,"commentCount":0,"publisher":{"@id":"https:\/\/noti-america.com\/site\/ecuador\/#organization"},"image":{"@id":"https:\/\/noti-america.com\/site\/ecuador\/2019\/12\/24\/a-pesar-del-fracaso-de-la-cop25-chile-madrid-2019-la-ciencia-insiste-quedan-10-anos-para-reducir-la-concentracion-de-co2\/#primaryimage"},"thumbnailUrl":"https:\/\/noti-america.com\/site\/ecuador\/wp-content\/uploads\/sites\/18\/2019\/12\/10-a\u00f1os-para-cambiar-el-curso-ambiental.jpg","articleSection":["Sostenibilidad y Cambio Clim\u00e1tico"],"inLanguage":"es","potentialAction":[{"@type":"CommentAction","name":"Comment","target":["https:\/\/noti-america.com\/site\/ecuador\/2019\/12\/24\/a-pesar-del-fracaso-de-la-cop25-chile-madrid-2019-la-ciencia-insiste-quedan-10-anos-para-reducir-la-concentracion-de-co2\/#respond"]}]},{"@type":"WebPage","@id":"https:\/\/noti-america.com\/site\/ecuador\/2019\/12\/24\/a-pesar-del-fracaso-de-la-cop25-chile-madrid-2019-la-ciencia-insiste-quedan-10-anos-para-reducir-la-concentracion-de-co2\/","url":"https:\/\/noti-america.com\/site\/ecuador\/2019\/12\/24\/a-pesar-del-fracaso-de-la-cop25-chile-madrid-2019-la-ciencia-insiste-quedan-10-anos-para-reducir-la-concentracion-de-co2\/","name":"A pesar del fracaso de la COP25 Chile-Madrid 2019, la ciencia insiste: quedan 10 a\u00f1os para reducir la concentraci\u00f3n de CO2 - Ecuador | Noti-America.com","isPartOf":{"@id":"https:\/\/noti-america.com\/site\/ecuador\/#website"},"primaryImageOfPage":{"@id":"https:\/\/noti-america.com\/site\/ecuador\/2019\/12\/24\/a-pesar-del-fracaso-de-la-cop25-chile-madrid-2019-la-ciencia-insiste-quedan-10-anos-para-reducir-la-concentracion-de-co2\/#primaryimage"},"image":{"@id":"https:\/\/noti-america.com\/site\/ecuador\/2019\/12\/24\/a-pesar-del-fracaso-de-la-cop25-chile-madrid-2019-la-ciencia-insiste-quedan-10-anos-para-reducir-la-concentracion-de-co2\/#primaryimage"},"thumbnailUrl":"https:\/\/noti-america.com\/site\/ecuador\/wp-content\/uploads\/sites\/18\/2019\/12\/10-a\u00f1os-para-cambiar-el-curso-ambiental.jpg","datePublished":"2019-12-24T00:58:47+00:00","breadcrumb":{"@id":"https:\/\/noti-america.com\/site\/ecuador\/2019\/12\/24\/a-pesar-del-fracaso-de-la-cop25-chile-madrid-2019-la-ciencia-insiste-quedan-10-anos-para-reducir-la-concentracion-de-co2\/#breadcrumb"},"inLanguage":"es","potentialAction":[{"@type":"ReadAction","target":["https:\/\/noti-america.com\/site\/ecuador\/2019\/12\/24\/a-pesar-del-fracaso-de-la-cop25-chile-madrid-2019-la-ciencia-insiste-quedan-10-anos-para-reducir-la-concentracion-de-co2\/"]}]},{"@type":"ImageObject","inLanguage":"es","@id":"https:\/\/noti-america.com\/site\/ecuador\/2019\/12\/24\/a-pesar-del-fracaso-de-la-cop25-chile-madrid-2019-la-ciencia-insiste-quedan-10-anos-para-reducir-la-concentracion-de-co2\/#primaryimage","url":"https:\/\/noti-america.com\/site\/ecuador\/wp-content\/uploads\/sites\/18\/2019\/12\/10-a\u00f1os-para-cambiar-el-curso-ambiental.jpg","contentUrl":"https:\/\/noti-america.com\/site\/ecuador\/wp-content\/uploads\/sites\/18\/2019\/12\/10-a\u00f1os-para-cambiar-el-curso-ambiental.jpg","width":730,"height":480,"caption":"Air pollution clouds of smoke coming from the chimneys. Energy plantCombined heat and power"},{"@type":"BreadcrumbList","@id":"https:\/\/noti-america.com\/site\/ecuador\/2019\/12\/24\/a-pesar-del-fracaso-de-la-cop25-chile-madrid-2019-la-ciencia-insiste-quedan-10-anos-para-reducir-la-concentracion-de-co2\/#breadcrumb","itemListElement":[{"@type":"ListItem","position":1,"name":"Portada","item":"https:\/\/noti-america.com\/site\/ecuador\/"},{"@type":"ListItem","position":2,"name":"A pesar del fracaso de la COP25 Chile-Madrid 2019, la ciencia insiste: quedan 10 a\u00f1os para reducir la concentraci\u00f3n de CO2"}]},{"@type":"WebSite","@id":"https:\/\/noti-america.com\/site\/ecuador\/#website","url":"https:\/\/noti-america.com\/site\/ecuador\/","name":"Ecuador | Noti-America.com","description":"","publisher":{"@id":"https:\/\/noti-america.com\/site\/ecuador\/#organization"},"potentialAction":[{"@type":"SearchAction","target":{"@type":"EntryPoint","urlTemplate":"https:\/\/noti-america.com\/site\/ecuador\/?s={search_term_string}"},"query-input":{"@type":"PropertyValueSpecification","valueRequired":true,"valueName":"search_term_string"}}],"inLanguage":"es"},{"@type":"Organization","@id":"https:\/\/noti-america.com\/site\/ecuador\/#organization","name":"Noti-America LLC | Ecuador","url":"https:\/\/noti-america.com\/site\/ecuador\/","logo":{"@type":"ImageObject","inLanguage":"es","@id":"https:\/\/noti-america.com\/site\/ecuador\/#\/schema\/logo\/image\/","url":"https:\/\/noti-america.com\/site\/ecuador\/wp-content\/uploads\/sites\/18\/2020\/07\/LogoNA-4x3-1.jpg","contentUrl":"https:\/\/noti-america.com\/site\/ecuador\/wp-content\/uploads\/sites\/18\/2020\/07\/LogoNA-4x3-1.jpg","width":1236,"height":1080,"caption":"Noti-America LLC | Ecuador"},"image":{"@id":"https:\/\/noti-america.com\/site\/ecuador\/#\/schema\/logo\/image\/"},"sameAs":["https:\/\/x.com\/notiamerica"]},{"@type":"Person","@id":"https:\/\/noti-america.com\/site\/ecuador\/#\/schema\/person\/3b975e42f15abfe64bfe3abdd916efda","name":"Gregory Quintana Montiel","image":{"@type":"ImageObject","inLanguage":"es","@id":"https:\/\/secure.gravatar.com\/avatar\/2d6b802f7720c2ec7744dcbe608cc2f3417aeb964d58b443c6d612b77531de1d?s=96&d=mm&r=g","url":"https:\/\/secure.gravatar.com\/avatar\/2d6b802f7720c2ec7744dcbe608cc2f3417aeb964d58b443c6d612b77531de1d?s=96&d=mm&r=g","contentUrl":"https:\/\/secure.gravatar.com\/avatar\/2d6b802f7720c2ec7744dcbe608cc2f3417aeb964d58b443c6d612b77531de1d?s=96&d=mm&r=g","caption":"Gregory Quintana Montiel"},"description":"Licenciatura en Ciencias de la Comunicaci\u00f3n Social, egresado en la Especializaci\u00f3n Derecho Ambiental Desarrollo Sostenible y Sustentable, Miembro de la Comunidad de profesionales y experto para Latinoam\u00e9rica y el Caribe en Gesti\u00f3n por Resultado en el Desarrollo (COPLAC - GpRD) del Banco Interamericano de Desarrollo, experiencia en medios radiales y escritos.","sameAs":["https:\/\/x.com\/gdgregori1","gquintana"],"url":"https:\/\/noti-america.com\/site\/ecuador\/author\/gquintana\/"}]}},"_links":{"self":[{"href":"https:\/\/noti-america.com\/site\/ecuador\/wp-json\/wp\/v2\/posts\/6866","targetHints":{"allow":["GET"]}}],"collection":[{"href":"https:\/\/noti-america.com\/site\/ecuador\/wp-json\/wp\/v2\/posts"}],"about":[{"href":"https:\/\/noti-america.com\/site\/ecuador\/wp-json\/wp\/v2\/types\/post"}],"author":[{"embeddable":true,"href":"https:\/\/noti-america.com\/site\/ecuador\/wp-json\/wp\/v2\/users\/17"}],"replies":[{"embeddable":true,"href":"https:\/\/noti-america.com\/site\/ecuador\/wp-json\/wp\/v2\/comments?post=6866"}],"version-history":[{"count":1,"href":"https:\/\/noti-america.com\/site\/ecuador\/wp-json\/wp\/v2\/posts\/6866\/revisions"}],"predecessor-version":[{"id":6868,"href":"https:\/\/noti-america.com\/site\/ecuador\/wp-json\/wp\/v2\/posts\/6866\/revisions\/6868"}],"wp:featuredmedia":[{"embeddable":true,"href":"https:\/\/noti-america.com\/site\/ecuador\/wp-json\/wp\/v2\/media\/6867"}],"wp:attachment":[{"href":"https:\/\/noti-america.com\/site\/ecuador\/wp-json\/wp\/v2\/media?parent=6866"}],"wp:term":[{"taxonomy":"category","embeddable":true,"href":"https:\/\/noti-america.com\/site\/ecuador\/wp-json\/wp\/v2\/categories?post=6866"},{"taxonomy":"post_tag","embeddable":true,"href":"https:\/\/noti-america.com\/site\/ecuador\/wp-json\/wp\/v2\/tags?post=6866"}],"curies":[{"name":"wp","href":"https:\/\/api.w.org\/{rel}","templated":true}]}}