{"id":6831,"date":"2019-12-18T05:13:06","date_gmt":"2019-12-18T05:13:06","guid":{"rendered":"http:\/\/noti-america.com\/site\/ecuador\/?p=6831"},"modified":"2019-12-18T05:16:14","modified_gmt":"2019-12-18T05:16:14","slug":"el-aeropuerto-de-guayaquil-recibio-un-nuevo-reconocimiento","status":"publish","type":"post","link":"https:\/\/noti-america.com\/site\/ecuador\/2019\/12\/18\/el-aeropuerto-de-guayaquil-recibio-un-nuevo-reconocimiento\/","title":{"rendered":"El Aeropuerto de Guayaquil recibi\u00f3 un nuevo reconocimiento"},"content":{"rendered":"<p style=\"text-align: justify\"><strong>REDACCI\u00d3N NOTI-AM\u00c9RICA (ECUADOR<\/strong>)<\/p>\n<div id=\"attachment_6835\" style=\"width: 705px\" class=\"wp-caption aligncenter\"><img loading=\"lazy\" decoding=\"async\" aria-describedby=\"caption-attachment-6835\" class=\"wp-image-6835 \" src=\"http:\/\/noti-america.com\/site\/ecuador\/wp-content\/uploads\/sites\/18\/2019\/12\/Aeropuertojosejoaquindeolmedo-300x200.jpg\" alt=\"\" width=\"695\" height=\"463\" srcset=\"https:\/\/noti-america.com\/site\/ecuador\/wp-content\/uploads\/sites\/18\/2019\/12\/Aeropuertojosejoaquindeolmedo-300x200.jpg 300w, https:\/\/noti-america.com\/site\/ecuador\/wp-content\/uploads\/sites\/18\/2019\/12\/Aeropuertojosejoaquindeolmedo-768x512.jpg 768w, https:\/\/noti-america.com\/site\/ecuador\/wp-content\/uploads\/sites\/18\/2019\/12\/Aeropuertojosejoaquindeolmedo-1024x683.jpg 1024w, https:\/\/noti-america.com\/site\/ecuador\/wp-content\/uploads\/sites\/18\/2019\/12\/Aeropuertojosejoaquindeolmedo-272x182.jpg 272w, https:\/\/noti-america.com\/site\/ecuador\/wp-content\/uploads\/sites\/18\/2019\/12\/Aeropuertojosejoaquindeolmedo.jpg 1536w\" sizes=\"auto, (max-width: 695px) 100vw, 695px\" \/><p id=\"caption-attachment-6835\" class=\"wp-caption-text\">Ya son 37 los reconocimientos que ha recibido el Aeropuerto de Guayaquil, Jos\u00e9 Joaqu\u00edn de Olmedo; entre ellos, \u2018Mejor Aeropuerto de Latinoam\u00e9rica y el Caribe\u2019.<\/p><\/div>\n<p style=\"text-align: justify\">El Aeropuerto Internacional de Guayaquil, Jos\u00e9 Joaqu\u00edn de Olmedo, recibi\u00f3 la Certificaci\u00f3n de Aer\u00f3dromo otorgada por la Direcci\u00f3n General de Aviaci\u00f3n Civil (DGAC), autoridad responsable de garantizar la seguridad aeron\u00e1utica del pa\u00eds.<\/p>\n<p style=\"text-align: justify\">Este reconocimiento lo obtiene gracias al cumplimiento de todas las exigencias t\u00e9cnicas y las normas aeron\u00e1uticas por parte de su operadora y administradora Terminal Aeroportuaria de Guayaquil S. A. (TAGSA).<\/p>\n<div id=\"attachment_6832\" style=\"width: 474px\" class=\"wp-caption alignright\"><img loading=\"lazy\" decoding=\"async\" aria-describedby=\"caption-attachment-6832\" class=\" wp-image-6832\" src=\"http:\/\/noti-america.com\/site\/ecuador\/wp-content\/uploads\/sites\/18\/2019\/12\/Aeropuerto1-e1576644678313-300x226.jpeg\" alt=\"\" width=\"464\" height=\"349\" srcset=\"https:\/\/noti-america.com\/site\/ecuador\/wp-content\/uploads\/sites\/18\/2019\/12\/Aeropuerto1-e1576644678313-300x226.jpeg 300w, https:\/\/noti-america.com\/site\/ecuador\/wp-content\/uploads\/sites\/18\/2019\/12\/Aeropuerto1-e1576644678313-768x578.jpeg 768w, https:\/\/noti-america.com\/site\/ecuador\/wp-content\/uploads\/sites\/18\/2019\/12\/Aeropuerto1-e1576644678313.jpeg 851w\" sizes=\"auto, (max-width: 464px) 100vw, 464px\" \/><p id=\"caption-attachment-6832\" class=\"wp-caption-text\">La Direcci\u00f3n General de Aviaci\u00f3n Civil (DGAC) otorg\u00f3 un nuevo reconocimiento al Aeropuerto de Guayaquil.<\/p><\/div>\n<p style=\"text-align: justify\">Con este son 37 los premios que el Aeropuerto de Guayaquil ha recibido por parte del Consejo Internacional de Aeropuertos (ACI, por sus siglas en ingl\u00e9s) y otras instituciones en los \u00faltimos 12 a\u00f1os. Todos ellos alcanzados por sus altos est\u00e1ndares de calidad y de servicio.<\/p>\n<p style=\"text-align: justify\">El galard\u00f3n que se destaca es el de \u2018Mejor Aeropuerto de Latinoam\u00e9rica y el Caribe\u2019, en su categor\u00eda, otorgado tambi\u00e9n por la ACI, en el 2016.<\/p>\n<p style=\"text-align: justify\">Cabe resaltar, que la Certificaci\u00f3n de Aer\u00f3dromo es concedida solo a aquellos aeropuertos que cumplen con todos los est\u00e1ndares de seguridad y funcionamiento, establecidos en las normas de la Organizaci\u00f3n de Aviaci\u00f3n Civil Internacional (OACI), las mismas que han sido adoptadas por la Autoridad Aeron\u00e1utica del Ecuador en su regulaciones.<\/p>\n<p style=\"text-align: justify\">Estos logros hacen que el Aeropuerto de Guayaquil y TAGSA mantengan ese compromiso de brindar un excelente servicio de calidad, que contribuye al progreso, comercio y turismo de todo el pa\u00eds.<\/p>\n","protected":false},"excerpt":{"rendered":"<p>REDACCI\u00d3N NOTI-AM\u00c9RICA (ECUADOR) El Aeropuerto Internacional de Guayaquil, Jos\u00e9 Joaqu\u00edn de Olmedo, recibi\u00f3 la Certificaci\u00f3n de Aer\u00f3dromo otorgada por la Direcci\u00f3n General de Aviaci\u00f3n Civil (DGAC), autoridad responsable de garantizar la seguridad aeron\u00e1utica del&#46;&#46;&#46;<\/p>\n","protected":false},"author":54,"featured_media":6835,"comment_status":"open","ping_status":"open","sticky":false,"template":"","format":"standard","meta":{"_acf_changed":false,"om_disable_all_campaigns":false,"rop_custom_images_group":[],"rop_custom_messages_group":[],"rop_publish_now":"initial","rop_publish_now_accounts":{"twitter_242054905_242054905":""},"rop_publish_now_history":[],"rop_publish_now_status":"pending","_uf_show_specific_survey":0,"_uf_disable_surveys":false,"footnotes":""},"categories":[42],"tags":[],"class_list":["post-6831","post","type-post","status-publish","format-standard","has-post-thumbnail","hentry","category-noticias"],"acf":[],"aioseo_notices":[],"yoast_head":"<!-- This site is optimized with the Yoast SEO Premium plugin v24.9 (Yoast SEO v27.2) - https:\/\/yoast.com\/product\/yoast-seo-premium-wordpress\/ -->\n<title>El Aeropuerto de Guayaquil recibi\u00f3 un nuevo reconocimiento - Ecuador | Noti-America.com<\/title>\n<meta name=\"robots\" content=\"index, follow, max-snippet:-1, max-image-preview:large, max-video-preview:-1\" \/>\n<link rel=\"canonical\" href=\"https:\/\/noti-america.com\/site\/ecuador\/2019\/12\/18\/el-aeropuerto-de-guayaquil-recibio-un-nuevo-reconocimiento\/\" \/>\n<meta property=\"og:locale\" content=\"es_ES\" \/>\n<meta property=\"og:type\" content=\"article\" \/>\n<meta property=\"og:title\" content=\"El Aeropuerto de Guayaquil recibi\u00f3 un nuevo reconocimiento\" \/>\n<meta property=\"og:description\" content=\"REDACCI\u00d3N NOTI-AM\u00c9RICA (ECUADOR) El Aeropuerto Internacional de Guayaquil, Jos\u00e9 Joaqu\u00edn de Olmedo, recibi\u00f3 la Certificaci\u00f3n de Aer\u00f3dromo otorgada por la Direcci\u00f3n General de Aviaci\u00f3n Civil (DGAC), autoridad responsable de garantizar la seguridad aeron\u00e1utica del&#046;&#046;&#046;\" \/>\n<meta property=\"og:url\" content=\"https:\/\/noti-america.com\/site\/ecuador\/2019\/12\/18\/el-aeropuerto-de-guayaquil-recibio-un-nuevo-reconocimiento\/\" \/>\n<meta property=\"og:site_name\" content=\"Ecuador | Noti-America.com\" \/>\n<meta property=\"article:author\" content=\"https:\/\/www.facebook.com\/geojuradopuente\" \/>\n<meta property=\"article:published_time\" content=\"2019-12-18T05:13:06+00:00\" \/>\n<meta property=\"article:modified_time\" content=\"2019-12-18T05:16:14+00:00\" \/>\n<meta property=\"og:image\" content=\"https:\/\/noti-america.com\/site\/ecuador\/wp-content\/uploads\/sites\/18\/2019\/12\/Aeropuertojosejoaquindeolmedo.jpg\" \/>\n\t<meta property=\"og:image:width\" content=\"1536\" \/>\n\t<meta property=\"og:image:height\" content=\"1024\" \/>\n\t<meta property=\"og:image:type\" content=\"image\/jpeg\" \/>\n<meta name=\"author\" content=\"Mgtr. Geovanny Jurado Puente\" \/>\n<meta name=\"twitter:card\" content=\"summary_large_image\" \/>\n<meta name=\"twitter:creator\" content=\"@GeoJurado\" \/>\n<meta name=\"twitter:site\" content=\"@notiamerica\" \/>\n<meta name=\"twitter:label1\" content=\"Escrito por\" \/>\n\t<meta name=\"twitter:data1\" content=\"Mgtr. Geovanny Jurado Puente\" \/>\n\t<meta name=\"twitter:label2\" content=\"Tiempo estimado de lectura\" \/>\n\t<meta name=\"twitter:data2\" content=\"1 minuto\" \/>\n<script type=\"application\/ld+json\" class=\"yoast-schema-graph\">{\"@context\":\"https:\/\/schema.org\",\"@graph\":[{\"@type\":\"Article\",\"@id\":\"https:\/\/noti-america.com\/site\/ecuador\/2019\/12\/18\/el-aeropuerto-de-guayaquil-recibio-un-nuevo-reconocimiento\/#article\",\"isPartOf\":{\"@id\":\"https:\/\/noti-america.com\/site\/ecuador\/2019\/12\/18\/el-aeropuerto-de-guayaquil-recibio-un-nuevo-reconocimiento\/\"},\"author\":{\"name\":\"Mgtr. Geovanny Jurado Puente\",\"@id\":\"https:\/\/noti-america.com\/site\/ecuador\/#\/schema\/person\/eafaa0d78b886269707bbd67c79282d8\"},\"headline\":\"El Aeropuerto de Guayaquil recibi\u00f3 un nuevo reconocimiento\",\"datePublished\":\"2019-12-18T05:13:06+00:00\",\"dateModified\":\"2019-12-18T05:16:14+00:00\",\"mainEntityOfPage\":{\"@id\":\"https:\/\/noti-america.com\/site\/ecuador\/2019\/12\/18\/el-aeropuerto-de-guayaquil-recibio-un-nuevo-reconocimiento\/\"},\"wordCount\":305,\"commentCount\":0,\"publisher\":{\"@id\":\"https:\/\/noti-america.com\/site\/ecuador\/#organization\"},\"image\":{\"@id\":\"https:\/\/noti-america.com\/site\/ecuador\/2019\/12\/18\/el-aeropuerto-de-guayaquil-recibio-un-nuevo-reconocimiento\/#primaryimage\"},\"thumbnailUrl\":\"https:\/\/noti-america.com\/site\/ecuador\/wp-content\/uploads\/sites\/18\/2019\/12\/Aeropuertojosejoaquindeolmedo.jpg\",\"articleSection\":[\"Noticias\"],\"inLanguage\":\"es\",\"potentialAction\":[{\"@type\":\"CommentAction\",\"name\":\"Comment\",\"target\":[\"https:\/\/noti-america.com\/site\/ecuador\/2019\/12\/18\/el-aeropuerto-de-guayaquil-recibio-un-nuevo-reconocimiento\/#respond\"]}]},{\"@type\":\"WebPage\",\"@id\":\"https:\/\/noti-america.com\/site\/ecuador\/2019\/12\/18\/el-aeropuerto-de-guayaquil-recibio-un-nuevo-reconocimiento\/\",\"url\":\"https:\/\/noti-america.com\/site\/ecuador\/2019\/12\/18\/el-aeropuerto-de-guayaquil-recibio-un-nuevo-reconocimiento\/\",\"name\":\"El Aeropuerto de Guayaquil recibi\u00f3 un nuevo reconocimiento - Ecuador | Noti-America.com\",\"isPartOf\":{\"@id\":\"https:\/\/noti-america.com\/site\/ecuador\/#website\"},\"primaryImageOfPage\":{\"@id\":\"https:\/\/noti-america.com\/site\/ecuador\/2019\/12\/18\/el-aeropuerto-de-guayaquil-recibio-un-nuevo-reconocimiento\/#primaryimage\"},\"image\":{\"@id\":\"https:\/\/noti-america.com\/site\/ecuador\/2019\/12\/18\/el-aeropuerto-de-guayaquil-recibio-un-nuevo-reconocimiento\/#primaryimage\"},\"thumbnailUrl\":\"https:\/\/noti-america.com\/site\/ecuador\/wp-content\/uploads\/sites\/18\/2019\/12\/Aeropuertojosejoaquindeolmedo.jpg\",\"datePublished\":\"2019-12-18T05:13:06+00:00\",\"dateModified\":\"2019-12-18T05:16:14+00:00\",\"breadcrumb\":{\"@id\":\"https:\/\/noti-america.com\/site\/ecuador\/2019\/12\/18\/el-aeropuerto-de-guayaquil-recibio-un-nuevo-reconocimiento\/#breadcrumb\"},\"inLanguage\":\"es\",\"potentialAction\":[{\"@type\":\"ReadAction\",\"target\":[\"https:\/\/noti-america.com\/site\/ecuador\/2019\/12\/18\/el-aeropuerto-de-guayaquil-recibio-un-nuevo-reconocimiento\/\"]}]},{\"@type\":\"ImageObject\",\"inLanguage\":\"es\",\"@id\":\"https:\/\/noti-america.com\/site\/ecuador\/2019\/12\/18\/el-aeropuerto-de-guayaquil-recibio-un-nuevo-reconocimiento\/#primaryimage\",\"url\":\"https:\/\/noti-america.com\/site\/ecuador\/wp-content\/uploads\/sites\/18\/2019\/12\/Aeropuertojosejoaquindeolmedo.jpg\",\"contentUrl\":\"https:\/\/noti-america.com\/site\/ecuador\/wp-content\/uploads\/sites\/18\/2019\/12\/Aeropuertojosejoaquindeolmedo.jpg\",\"width\":1536,\"height\":1024},{\"@type\":\"BreadcrumbList\",\"@id\":\"https:\/\/noti-america.com\/site\/ecuador\/2019\/12\/18\/el-aeropuerto-de-guayaquil-recibio-un-nuevo-reconocimiento\/#breadcrumb\",\"itemListElement\":[{\"@type\":\"ListItem\",\"position\":1,\"name\":\"Portada\",\"item\":\"https:\/\/noti-america.com\/site\/ecuador\/\"},{\"@type\":\"ListItem\",\"position\":2,\"name\":\"El Aeropuerto de Guayaquil recibi\u00f3 un nuevo reconocimiento\"}]},{\"@type\":\"WebSite\",\"@id\":\"https:\/\/noti-america.com\/site\/ecuador\/#website\",\"url\":\"https:\/\/noti-america.com\/site\/ecuador\/\",\"name\":\"Ecuador | Noti-America.com\",\"description\":\"\",\"publisher\":{\"@id\":\"https:\/\/noti-america.com\/site\/ecuador\/#organization\"},\"potentialAction\":[{\"@type\":\"SearchAction\",\"target\":{\"@type\":\"EntryPoint\",\"urlTemplate\":\"https:\/\/noti-america.com\/site\/ecuador\/?s={search_term_string}\"},\"query-input\":{\"@type\":\"PropertyValueSpecification\",\"valueRequired\":true,\"valueName\":\"search_term_string\"}}],\"inLanguage\":\"es\"},{\"@type\":\"Organization\",\"@id\":\"https:\/\/noti-america.com\/site\/ecuador\/#organization\",\"name\":\"Noti-America LLC | Ecuador\",\"url\":\"https:\/\/noti-america.com\/site\/ecuador\/\",\"logo\":{\"@type\":\"ImageObject\",\"inLanguage\":\"es\",\"@id\":\"https:\/\/noti-america.com\/site\/ecuador\/#\/schema\/logo\/image\/\",\"url\":\"https:\/\/noti-america.com\/site\/ecuador\/wp-content\/uploads\/sites\/18\/2020\/07\/LogoNA-4x3-1.jpg\",\"contentUrl\":\"https:\/\/noti-america.com\/site\/ecuador\/wp-content\/uploads\/sites\/18\/2020\/07\/LogoNA-4x3-1.jpg\",\"width\":1236,\"height\":1080,\"caption\":\"Noti-America LLC | Ecuador\"},\"image\":{\"@id\":\"https:\/\/noti-america.com\/site\/ecuador\/#\/schema\/logo\/image\/\"},\"sameAs\":[\"https:\/\/x.com\/notiamerica\"]},{\"@type\":\"Person\",\"@id\":\"https:\/\/noti-america.com\/site\/ecuador\/#\/schema\/person\/eafaa0d78b886269707bbd67c79282d8\",\"name\":\"Mgtr. Geovanny Jurado Puente\",\"image\":{\"@type\":\"ImageObject\",\"inLanguage\":\"es\",\"@id\":\"https:\/\/secure.gravatar.com\/avatar\/f837d50a2ea0d7cba882939210fb03249c2d70cdea88235e685f1a91ced24905?s=96&d=mm&r=g\",\"url\":\"https:\/\/secure.gravatar.com\/avatar\/f837d50a2ea0d7cba882939210fb03249c2d70cdea88235e685f1a91ced24905?s=96&d=mm&r=g\",\"contentUrl\":\"https:\/\/secure.gravatar.com\/avatar\/f837d50a2ea0d7cba882939210fb03249c2d70cdea88235e685f1a91ced24905?s=96&d=mm&r=g\",\"caption\":\"Mgtr. Geovanny Jurado Puente\"},\"description\":\"Mag\u00edster en Comunicaci\u00f3n, Menci\u00f3n Pol\u00edticas de Desarrollo Social; Licenciado en Ciencias de la Comunicaci\u00f3n Social; Docente Universitario; Miembro de la Red de Investigadores en Comunicaci\u00f3n del Ecuador (RICE); Miembro Fundador de la Red de Editoriales Universitarias y Escuelas Polit\u00e9cnicas del Ecuador (Reupde); ecuatoriano de nacimiento, con residencia en Daule.\",\"sameAs\":[\"https:\/\/www.facebook.com\/geojuradopuente\",\"Geo Jurado\",\"https:\/\/x.com\/GeoJurado\"],\"url\":\"https:\/\/noti-america.com\/site\/ecuador\/author\/gjurado\/\"}]}<\/script>\n<!-- \/ Yoast SEO Premium plugin. -->","yoast_head_json":{"title":"El Aeropuerto de Guayaquil recibi\u00f3 un nuevo reconocimiento - Ecuador | Noti-America.com","robots":{"index":"index","follow":"follow","max-snippet":"max-snippet:-1","max-image-preview":"max-image-preview:large","max-video-preview":"max-video-preview:-1"},"canonical":"https:\/\/noti-america.com\/site\/ecuador\/2019\/12\/18\/el-aeropuerto-de-guayaquil-recibio-un-nuevo-reconocimiento\/","og_locale":"es_ES","og_type":"article","og_title":"El Aeropuerto de Guayaquil recibi\u00f3 un nuevo reconocimiento","og_description":"REDACCI\u00d3N NOTI-AM\u00c9RICA (ECUADOR) El Aeropuerto Internacional de Guayaquil, Jos\u00e9 Joaqu\u00edn de Olmedo, recibi\u00f3 la Certificaci\u00f3n de Aer\u00f3dromo otorgada por la Direcci\u00f3n General de Aviaci\u00f3n Civil (DGAC), autoridad responsable de garantizar la seguridad aeron\u00e1utica del&#46;&#46;&#46;","og_url":"https:\/\/noti-america.com\/site\/ecuador\/2019\/12\/18\/el-aeropuerto-de-guayaquil-recibio-un-nuevo-reconocimiento\/","og_site_name":"Ecuador | Noti-America.com","article_author":"https:\/\/www.facebook.com\/geojuradopuente","article_published_time":"2019-12-18T05:13:06+00:00","article_modified_time":"2019-12-18T05:16:14+00:00","og_image":[{"width":1536,"height":1024,"url":"https:\/\/noti-america.com\/site\/ecuador\/wp-content\/uploads\/sites\/18\/2019\/12\/Aeropuertojosejoaquindeolmedo.jpg","type":"image\/jpeg"}],"author":"Mgtr. Geovanny Jurado Puente","twitter_card":"summary_large_image","twitter_creator":"@GeoJurado","twitter_site":"@notiamerica","twitter_misc":{"Escrito por":"Mgtr. Geovanny Jurado Puente","Tiempo estimado de lectura":"1 minuto"},"schema":{"@context":"https:\/\/schema.org","@graph":[{"@type":"Article","@id":"https:\/\/noti-america.com\/site\/ecuador\/2019\/12\/18\/el-aeropuerto-de-guayaquil-recibio-un-nuevo-reconocimiento\/#article","isPartOf":{"@id":"https:\/\/noti-america.com\/site\/ecuador\/2019\/12\/18\/el-aeropuerto-de-guayaquil-recibio-un-nuevo-reconocimiento\/"},"author":{"name":"Mgtr. Geovanny Jurado Puente","@id":"https:\/\/noti-america.com\/site\/ecuador\/#\/schema\/person\/eafaa0d78b886269707bbd67c79282d8"},"headline":"El Aeropuerto de Guayaquil recibi\u00f3 un nuevo reconocimiento","datePublished":"2019-12-18T05:13:06+00:00","dateModified":"2019-12-18T05:16:14+00:00","mainEntityOfPage":{"@id":"https:\/\/noti-america.com\/site\/ecuador\/2019\/12\/18\/el-aeropuerto-de-guayaquil-recibio-un-nuevo-reconocimiento\/"},"wordCount":305,"commentCount":0,"publisher":{"@id":"https:\/\/noti-america.com\/site\/ecuador\/#organization"},"image":{"@id":"https:\/\/noti-america.com\/site\/ecuador\/2019\/12\/18\/el-aeropuerto-de-guayaquil-recibio-un-nuevo-reconocimiento\/#primaryimage"},"thumbnailUrl":"https:\/\/noti-america.com\/site\/ecuador\/wp-content\/uploads\/sites\/18\/2019\/12\/Aeropuertojosejoaquindeolmedo.jpg","articleSection":["Noticias"],"inLanguage":"es","potentialAction":[{"@type":"CommentAction","name":"Comment","target":["https:\/\/noti-america.com\/site\/ecuador\/2019\/12\/18\/el-aeropuerto-de-guayaquil-recibio-un-nuevo-reconocimiento\/#respond"]}]},{"@type":"WebPage","@id":"https:\/\/noti-america.com\/site\/ecuador\/2019\/12\/18\/el-aeropuerto-de-guayaquil-recibio-un-nuevo-reconocimiento\/","url":"https:\/\/noti-america.com\/site\/ecuador\/2019\/12\/18\/el-aeropuerto-de-guayaquil-recibio-un-nuevo-reconocimiento\/","name":"El Aeropuerto de Guayaquil recibi\u00f3 un nuevo reconocimiento - Ecuador | Noti-America.com","isPartOf":{"@id":"https:\/\/noti-america.com\/site\/ecuador\/#website"},"primaryImageOfPage":{"@id":"https:\/\/noti-america.com\/site\/ecuador\/2019\/12\/18\/el-aeropuerto-de-guayaquil-recibio-un-nuevo-reconocimiento\/#primaryimage"},"image":{"@id":"https:\/\/noti-america.com\/site\/ecuador\/2019\/12\/18\/el-aeropuerto-de-guayaquil-recibio-un-nuevo-reconocimiento\/#primaryimage"},"thumbnailUrl":"https:\/\/noti-america.com\/site\/ecuador\/wp-content\/uploads\/sites\/18\/2019\/12\/Aeropuertojosejoaquindeolmedo.jpg","datePublished":"2019-12-18T05:13:06+00:00","dateModified":"2019-12-18T05:16:14+00:00","breadcrumb":{"@id":"https:\/\/noti-america.com\/site\/ecuador\/2019\/12\/18\/el-aeropuerto-de-guayaquil-recibio-un-nuevo-reconocimiento\/#breadcrumb"},"inLanguage":"es","potentialAction":[{"@type":"ReadAction","target":["https:\/\/noti-america.com\/site\/ecuador\/2019\/12\/18\/el-aeropuerto-de-guayaquil-recibio-un-nuevo-reconocimiento\/"]}]},{"@type":"ImageObject","inLanguage":"es","@id":"https:\/\/noti-america.com\/site\/ecuador\/2019\/12\/18\/el-aeropuerto-de-guayaquil-recibio-un-nuevo-reconocimiento\/#primaryimage","url":"https:\/\/noti-america.com\/site\/ecuador\/wp-content\/uploads\/sites\/18\/2019\/12\/Aeropuertojosejoaquindeolmedo.jpg","contentUrl":"https:\/\/noti-america.com\/site\/ecuador\/wp-content\/uploads\/sites\/18\/2019\/12\/Aeropuertojosejoaquindeolmedo.jpg","width":1536,"height":1024},{"@type":"BreadcrumbList","@id":"https:\/\/noti-america.com\/site\/ecuador\/2019\/12\/18\/el-aeropuerto-de-guayaquil-recibio-un-nuevo-reconocimiento\/#breadcrumb","itemListElement":[{"@type":"ListItem","position":1,"name":"Portada","item":"https:\/\/noti-america.com\/site\/ecuador\/"},{"@type":"ListItem","position":2,"name":"El Aeropuerto de Guayaquil recibi\u00f3 un nuevo reconocimiento"}]},{"@type":"WebSite","@id":"https:\/\/noti-america.com\/site\/ecuador\/#website","url":"https:\/\/noti-america.com\/site\/ecuador\/","name":"Ecuador | Noti-America.com","description":"","publisher":{"@id":"https:\/\/noti-america.com\/site\/ecuador\/#organization"},"potentialAction":[{"@type":"SearchAction","target":{"@type":"EntryPoint","urlTemplate":"https:\/\/noti-america.com\/site\/ecuador\/?s={search_term_string}"},"query-input":{"@type":"PropertyValueSpecification","valueRequired":true,"valueName":"search_term_string"}}],"inLanguage":"es"},{"@type":"Organization","@id":"https:\/\/noti-america.com\/site\/ecuador\/#organization","name":"Noti-America LLC | Ecuador","url":"https:\/\/noti-america.com\/site\/ecuador\/","logo":{"@type":"ImageObject","inLanguage":"es","@id":"https:\/\/noti-america.com\/site\/ecuador\/#\/schema\/logo\/image\/","url":"https:\/\/noti-america.com\/site\/ecuador\/wp-content\/uploads\/sites\/18\/2020\/07\/LogoNA-4x3-1.jpg","contentUrl":"https:\/\/noti-america.com\/site\/ecuador\/wp-content\/uploads\/sites\/18\/2020\/07\/LogoNA-4x3-1.jpg","width":1236,"height":1080,"caption":"Noti-America LLC | Ecuador"},"image":{"@id":"https:\/\/noti-america.com\/site\/ecuador\/#\/schema\/logo\/image\/"},"sameAs":["https:\/\/x.com\/notiamerica"]},{"@type":"Person","@id":"https:\/\/noti-america.com\/site\/ecuador\/#\/schema\/person\/eafaa0d78b886269707bbd67c79282d8","name":"Mgtr. Geovanny Jurado Puente","image":{"@type":"ImageObject","inLanguage":"es","@id":"https:\/\/secure.gravatar.com\/avatar\/f837d50a2ea0d7cba882939210fb03249c2d70cdea88235e685f1a91ced24905?s=96&d=mm&r=g","url":"https:\/\/secure.gravatar.com\/avatar\/f837d50a2ea0d7cba882939210fb03249c2d70cdea88235e685f1a91ced24905?s=96&d=mm&r=g","contentUrl":"https:\/\/secure.gravatar.com\/avatar\/f837d50a2ea0d7cba882939210fb03249c2d70cdea88235e685f1a91ced24905?s=96&d=mm&r=g","caption":"Mgtr. Geovanny Jurado Puente"},"description":"Mag\u00edster en Comunicaci\u00f3n, Menci\u00f3n Pol\u00edticas de Desarrollo Social; Licenciado en Ciencias de la Comunicaci\u00f3n Social; Docente Universitario; Miembro de la Red de Investigadores en Comunicaci\u00f3n del Ecuador (RICE); Miembro Fundador de la Red de Editoriales Universitarias y Escuelas Polit\u00e9cnicas del Ecuador (Reupde); ecuatoriano de nacimiento, con residencia en Daule.","sameAs":["https:\/\/www.facebook.com\/geojuradopuente","Geo Jurado","https:\/\/x.com\/GeoJurado"],"url":"https:\/\/noti-america.com\/site\/ecuador\/author\/gjurado\/"}]}},"_links":{"self":[{"href":"https:\/\/noti-america.com\/site\/ecuador\/wp-json\/wp\/v2\/posts\/6831","targetHints":{"allow":["GET"]}}],"collection":[{"href":"https:\/\/noti-america.com\/site\/ecuador\/wp-json\/wp\/v2\/posts"}],"about":[{"href":"https:\/\/noti-america.com\/site\/ecuador\/wp-json\/wp\/v2\/types\/post"}],"author":[{"embeddable":true,"href":"https:\/\/noti-america.com\/site\/ecuador\/wp-json\/wp\/v2\/users\/54"}],"replies":[{"embeddable":true,"href":"https:\/\/noti-america.com\/site\/ecuador\/wp-json\/wp\/v2\/comments?post=6831"}],"version-history":[{"count":2,"href":"https:\/\/noti-america.com\/site\/ecuador\/wp-json\/wp\/v2\/posts\/6831\/revisions"}],"predecessor-version":[{"id":6838,"href":"https:\/\/noti-america.com\/site\/ecuador\/wp-json\/wp\/v2\/posts\/6831\/revisions\/6838"}],"wp:featuredmedia":[{"embeddable":true,"href":"https:\/\/noti-america.com\/site\/ecuador\/wp-json\/wp\/v2\/media\/6835"}],"wp:attachment":[{"href":"https:\/\/noti-america.com\/site\/ecuador\/wp-json\/wp\/v2\/media?parent=6831"}],"wp:term":[{"taxonomy":"category","embeddable":true,"href":"https:\/\/noti-america.com\/site\/ecuador\/wp-json\/wp\/v2\/categories?post=6831"},{"taxonomy":"post_tag","embeddable":true,"href":"https:\/\/noti-america.com\/site\/ecuador\/wp-json\/wp\/v2\/tags?post=6831"}],"curies":[{"name":"wp","href":"https:\/\/api.w.org\/{rel}","templated":true}]}}