{"id":6827,"date":"2019-12-17T04:01:08","date_gmt":"2019-12-17T04:01:08","guid":{"rendered":"http:\/\/noti-america.com\/site\/ecuador\/?p=6827"},"modified":"2019-12-17T04:01:08","modified_gmt":"2019-12-17T04:01:08","slug":"un-salvavidas-para-el-gobierno","status":"publish","type":"post","link":"https:\/\/noti-america.com\/site\/ecuador\/2019\/12\/17\/un-salvavidas-para-el-gobierno\/","title":{"rendered":"Un salvavidas para el Gobierno"},"content":{"rendered":"<p>REDACCI\u00d3N NOTI AM\u00c9RICA (ECUADOR) Por Ing. Gonzalo G\u00f3mez Landires<\/p>\n<p style=\"text-align: justify\">Despu\u00e9s de 2 a\u00f1os 8 meses de bambolearse en un tempestuoso mar de culpas y verg\u00fcenzas heredadas, el Gobierno Nacional no atina a corregir el rumbo y su barca oscila a la deriva, sin derrotero, o al menos es la impresi\u00f3n que deja su ruta zigzagueante que no permite adivinar ad\u00f3nde va; solo esperamos que \u00e9l si lo sepa, y que su atolladero sean los vientos embravecidos de la pol\u00edtica, manchada con tanta corrupci\u00f3n y sinverg\u00fcencer\u00eda.<\/p>\n<p style=\"text-align: justify\">Tal vez fall\u00f3 al delegar responsabilidades y escoger los miembros de su equipo de trabajo, por eso su gabinete y especialmente los ministros no han cumplido ni de lejos lo que de ellos se esperaba; algunos porque no tuvieron tiempo de aprender a serlo, y otros simplemente no dieron la talla. Salvo dos o tres excepciones, la mayor\u00eda parece malgastar su tiempo en esconder y hasta justificar los constantes errores, los propios y los del Gobierno, y camuflar deficiencias y desatinos con supuestas soluciones que generalmente\u00a0 provienen de la Presidencia, y que padecen la obsesi\u00f3n por regalar pescado sin ocurr\u00edrsele\u00a0 ense\u00f1ar a pescar, pero claro, para lo segundo habr\u00eda que dominar esa destreza, y me temo que no es ni remotamente una de las habilidades de nuestro presidente.<\/p>\n<p style=\"text-align: justify\">As\u00ed, de tumbo en tumbo la traves\u00eda alcanz\u00f3 ya m\u00e1s de la mitad del camino, pero todav\u00eda faltan unos diecis\u00e9is meses para acoderar el maltrecho esquife, y le costar\u00e1 much\u00edsimo llegar a puerto sin ayuda. Requiere un nuevo impulso, algo que le permita arrostrar las traicioneras olas y los agresivos vientos que pretenden malograr su periplo. Si, el Gobierno requiere un salvavidas, una mano, una boya que le ayude a mantenerse a flote, pero ese salvavidas solo puede provenir de sus propias acciones, decisiones que deber\u00e1 asumir con valent\u00eda y responsabilidad, despoj\u00e1ndose c\u00e1lculos pol\u00edticos y de ese imp\u00fadico miedo de ofender a los poderes que lo presionan oblig\u00e1ndolo a desentenderse de su pueblo, de aquellos que confiaron en \u00e9l y todav\u00eda rezan porque finalmente se muere aquel salvador por el cual votaron.<\/p>\n<p style=\"text-align: justify\">La estrategia ser\u00eda entonces dar un fuerte golpe de tim\u00f3n, que se sienta, que genere ruido y provoque cambios radicales que puedan ser percibidos y valorados por las grandes masas populares. La mejor opci\u00f3n es enrumbar al pa\u00eds hacia el sector Agropecuario, porque a este se pertenecen las dos terceras partes de la poblaci\u00f3n econ\u00f3micamente activa, es decir m\u00e1s de cinco millones de ecuatorianos estar\u00edan agradecidos incondicionalmente con el gobierno que promueva su rehabilitaci\u00f3n y su reinserci\u00f3n plena y justa al aparato productivo nacional, como una de las fuerzas con mayor capacidad para generar empleo, oportunidades laborales, equidad, soberan\u00eda alimentaria y justicia social.}<\/p>\n<p>Necesitamos resarcir al ministro de Agricultura, se\u00f1or presidente; demandamos un ministro con probada capacidad profesional y vasta experiencia, un ministro con bagaje t\u00e9cnico m\u00e1s que pol\u00edtico, que pueda identificar los problemas y proponer soluciones, no parches ni disfraces; que su acci\u00f3n se convierta en el faro que lo guiar\u00e1 a puerto seguro, que finalmente celebrar\u00eda la evoluci\u00f3n de un pueril presidente a un ponderado l\u00edder.<\/p>\n<p><img loading=\"lazy\" decoding=\"async\" class=\"wp-image-6828 alignleft\" src=\"http:\/\/noti-america.com\/site\/ecuador\/wp-content\/uploads\/sites\/18\/2019\/12\/Ing-Gonzalo-G\u00f3mez-Landires-300x300.jpg\" alt=\"\" width=\"142\" height=\"142\" \/><\/p>\n<p>Gonzalo G\u00f3mez Landires, es ingeniero agr\u00f3nomo, columnista del diario el Universo, tiene experiencia en desarrollo agr\u00edcola en Israel y Estados Unidos.<\/p>\n","protected":false},"excerpt":{"rendered":"<p>REDACCI\u00d3N NOTI AM\u00c9RICA (ECUADOR) Por Ing. Gonzalo G\u00f3mez Landires Despu\u00e9s de 2 a\u00f1os 8 meses de bambolearse en un tempestuoso mar de culpas y verg\u00fcenzas heredadas, el Gobierno Nacional no atina a corregir el&#46;&#46;&#46;<\/p>\n","protected":false},"author":17,"featured_media":6829,"comment_status":"open","ping_status":"open","sticky":false,"template":"","format":"standard","meta":{"_acf_changed":false,"om_disable_all_campaigns":false,"rop_custom_images_group":[],"rop_custom_messages_group":[],"rop_publish_now":"initial","rop_publish_now_accounts":{"twitter_242054905_242054905":""},"rop_publish_now_history":[],"rop_publish_now_status":"pending","_uf_show_specific_survey":0,"_uf_disable_surveys":false,"footnotes":""},"categories":[107],"tags":[],"class_list":["post-6827","post","type-post","status-publish","format-standard","has-post-thumbnail","hentry","category-articulo"],"acf":[],"aioseo_notices":[],"yoast_head":"<!-- This site is optimized with the Yoast SEO Premium plugin v24.9 (Yoast SEO v27.2) - https:\/\/yoast.com\/product\/yoast-seo-premium-wordpress\/ -->\n<title>Un salvavidas para el Gobierno - Ecuador | Noti-America.com<\/title>\n<meta name=\"robots\" content=\"index, follow, max-snippet:-1, max-image-preview:large, max-video-preview:-1\" \/>\n<link rel=\"canonical\" href=\"https:\/\/noti-america.com\/site\/ecuador\/2019\/12\/17\/un-salvavidas-para-el-gobierno\/\" \/>\n<meta property=\"og:locale\" content=\"es_ES\" \/>\n<meta property=\"og:type\" content=\"article\" \/>\n<meta property=\"og:title\" content=\"Un salvavidas para el Gobierno\" \/>\n<meta property=\"og:description\" content=\"REDACCI\u00d3N NOTI AM\u00c9RICA (ECUADOR) Por Ing. Gonzalo G\u00f3mez Landires Despu\u00e9s de 2 a\u00f1os 8 meses de bambolearse en un tempestuoso mar de culpas y verg\u00fcenzas heredadas, el Gobierno Nacional no atina a corregir el&#046;&#046;&#046;\" \/>\n<meta property=\"og:url\" content=\"https:\/\/noti-america.com\/site\/ecuador\/2019\/12\/17\/un-salvavidas-para-el-gobierno\/\" \/>\n<meta property=\"og:site_name\" content=\"Ecuador | Noti-America.com\" \/>\n<meta property=\"article:published_time\" content=\"2019-12-17T04:01:08+00:00\" \/>\n<meta property=\"og:image\" content=\"https:\/\/noti-america.com\/site\/ecuador\/wp-content\/uploads\/sites\/18\/2019\/12\/boya-salvavidas-flotando-en-el-agua.jpg\" \/>\n\t<meta property=\"og:image:width\" content=\"1330\" \/>\n\t<meta property=\"og:image:height\" content=\"750\" \/>\n\t<meta property=\"og:image:type\" content=\"image\/jpeg\" \/>\n<meta name=\"author\" content=\"Gregory Quintana Montiel\" \/>\n<meta name=\"twitter:card\" content=\"summary_large_image\" \/>\n<meta name=\"twitter:creator\" content=\"@gdgregori1\" \/>\n<meta name=\"twitter:site\" content=\"@notiamerica\" \/>\n<meta name=\"twitter:label1\" content=\"Escrito por\" \/>\n\t<meta name=\"twitter:data1\" content=\"Gregory Quintana Montiel\" \/>\n\t<meta name=\"twitter:label2\" content=\"Tiempo estimado de lectura\" \/>\n\t<meta name=\"twitter:data2\" content=\"3 minutos\" \/>\n<script type=\"application\/ld+json\" class=\"yoast-schema-graph\">{\"@context\":\"https:\/\/schema.org\",\"@graph\":[{\"@type\":\"Article\",\"@id\":\"https:\/\/noti-america.com\/site\/ecuador\/2019\/12\/17\/un-salvavidas-para-el-gobierno\/#article\",\"isPartOf\":{\"@id\":\"https:\/\/noti-america.com\/site\/ecuador\/2019\/12\/17\/un-salvavidas-para-el-gobierno\/\"},\"author\":{\"name\":\"Gregory Quintana Montiel\",\"@id\":\"https:\/\/noti-america.com\/site\/ecuador\/#\/schema\/person\/3b975e42f15abfe64bfe3abdd916efda\"},\"headline\":\"Un salvavidas para el Gobierno\",\"datePublished\":\"2019-12-17T04:01:08+00:00\",\"mainEntityOfPage\":{\"@id\":\"https:\/\/noti-america.com\/site\/ecuador\/2019\/12\/17\/un-salvavidas-para-el-gobierno\/\"},\"wordCount\":588,\"commentCount\":0,\"publisher\":{\"@id\":\"https:\/\/noti-america.com\/site\/ecuador\/#organization\"},\"image\":{\"@id\":\"https:\/\/noti-america.com\/site\/ecuador\/2019\/12\/17\/un-salvavidas-para-el-gobierno\/#primaryimage\"},\"thumbnailUrl\":\"https:\/\/noti-america.com\/site\/ecuador\/wp-content\/uploads\/sites\/18\/2019\/12\/boya-salvavidas-flotando-en-el-agua.jpg\",\"articleSection\":[\"Articulo\"],\"inLanguage\":\"es\",\"potentialAction\":[{\"@type\":\"CommentAction\",\"name\":\"Comment\",\"target\":[\"https:\/\/noti-america.com\/site\/ecuador\/2019\/12\/17\/un-salvavidas-para-el-gobierno\/#respond\"]}]},{\"@type\":\"WebPage\",\"@id\":\"https:\/\/noti-america.com\/site\/ecuador\/2019\/12\/17\/un-salvavidas-para-el-gobierno\/\",\"url\":\"https:\/\/noti-america.com\/site\/ecuador\/2019\/12\/17\/un-salvavidas-para-el-gobierno\/\",\"name\":\"Un salvavidas para el Gobierno - Ecuador | Noti-America.com\",\"isPartOf\":{\"@id\":\"https:\/\/noti-america.com\/site\/ecuador\/#website\"},\"primaryImageOfPage\":{\"@id\":\"https:\/\/noti-america.com\/site\/ecuador\/2019\/12\/17\/un-salvavidas-para-el-gobierno\/#primaryimage\"},\"image\":{\"@id\":\"https:\/\/noti-america.com\/site\/ecuador\/2019\/12\/17\/un-salvavidas-para-el-gobierno\/#primaryimage\"},\"thumbnailUrl\":\"https:\/\/noti-america.com\/site\/ecuador\/wp-content\/uploads\/sites\/18\/2019\/12\/boya-salvavidas-flotando-en-el-agua.jpg\",\"datePublished\":\"2019-12-17T04:01:08+00:00\",\"breadcrumb\":{\"@id\":\"https:\/\/noti-america.com\/site\/ecuador\/2019\/12\/17\/un-salvavidas-para-el-gobierno\/#breadcrumb\"},\"inLanguage\":\"es\",\"potentialAction\":[{\"@type\":\"ReadAction\",\"target\":[\"https:\/\/noti-america.com\/site\/ecuador\/2019\/12\/17\/un-salvavidas-para-el-gobierno\/\"]}]},{\"@type\":\"ImageObject\",\"inLanguage\":\"es\",\"@id\":\"https:\/\/noti-america.com\/site\/ecuador\/2019\/12\/17\/un-salvavidas-para-el-gobierno\/#primaryimage\",\"url\":\"https:\/\/noti-america.com\/site\/ecuador\/wp-content\/uploads\/sites\/18\/2019\/12\/boya-salvavidas-flotando-en-el-agua.jpg\",\"contentUrl\":\"https:\/\/noti-america.com\/site\/ecuador\/wp-content\/uploads\/sites\/18\/2019\/12\/boya-salvavidas-flotando-en-el-agua.jpg\",\"width\":1330,\"height\":750},{\"@type\":\"BreadcrumbList\",\"@id\":\"https:\/\/noti-america.com\/site\/ecuador\/2019\/12\/17\/un-salvavidas-para-el-gobierno\/#breadcrumb\",\"itemListElement\":[{\"@type\":\"ListItem\",\"position\":1,\"name\":\"Portada\",\"item\":\"https:\/\/noti-america.com\/site\/ecuador\/\"},{\"@type\":\"ListItem\",\"position\":2,\"name\":\"Un salvavidas para el Gobierno\"}]},{\"@type\":\"WebSite\",\"@id\":\"https:\/\/noti-america.com\/site\/ecuador\/#website\",\"url\":\"https:\/\/noti-america.com\/site\/ecuador\/\",\"name\":\"Ecuador | Noti-America.com\",\"description\":\"\",\"publisher\":{\"@id\":\"https:\/\/noti-america.com\/site\/ecuador\/#organization\"},\"potentialAction\":[{\"@type\":\"SearchAction\",\"target\":{\"@type\":\"EntryPoint\",\"urlTemplate\":\"https:\/\/noti-america.com\/site\/ecuador\/?s={search_term_string}\"},\"query-input\":{\"@type\":\"PropertyValueSpecification\",\"valueRequired\":true,\"valueName\":\"search_term_string\"}}],\"inLanguage\":\"es\"},{\"@type\":\"Organization\",\"@id\":\"https:\/\/noti-america.com\/site\/ecuador\/#organization\",\"name\":\"Noti-America LLC | Ecuador\",\"url\":\"https:\/\/noti-america.com\/site\/ecuador\/\",\"logo\":{\"@type\":\"ImageObject\",\"inLanguage\":\"es\",\"@id\":\"https:\/\/noti-america.com\/site\/ecuador\/#\/schema\/logo\/image\/\",\"url\":\"https:\/\/noti-america.com\/site\/ecuador\/wp-content\/uploads\/sites\/18\/2020\/07\/LogoNA-4x3-1.jpg\",\"contentUrl\":\"https:\/\/noti-america.com\/site\/ecuador\/wp-content\/uploads\/sites\/18\/2020\/07\/LogoNA-4x3-1.jpg\",\"width\":1236,\"height\":1080,\"caption\":\"Noti-America LLC | Ecuador\"},\"image\":{\"@id\":\"https:\/\/noti-america.com\/site\/ecuador\/#\/schema\/logo\/image\/\"},\"sameAs\":[\"https:\/\/x.com\/notiamerica\"]},{\"@type\":\"Person\",\"@id\":\"https:\/\/noti-america.com\/site\/ecuador\/#\/schema\/person\/3b975e42f15abfe64bfe3abdd916efda\",\"name\":\"Gregory Quintana Montiel\",\"image\":{\"@type\":\"ImageObject\",\"inLanguage\":\"es\",\"@id\":\"https:\/\/secure.gravatar.com\/avatar\/2d6b802f7720c2ec7744dcbe608cc2f3417aeb964d58b443c6d612b77531de1d?s=96&d=mm&r=g\",\"url\":\"https:\/\/secure.gravatar.com\/avatar\/2d6b802f7720c2ec7744dcbe608cc2f3417aeb964d58b443c6d612b77531de1d?s=96&d=mm&r=g\",\"contentUrl\":\"https:\/\/secure.gravatar.com\/avatar\/2d6b802f7720c2ec7744dcbe608cc2f3417aeb964d58b443c6d612b77531de1d?s=96&d=mm&r=g\",\"caption\":\"Gregory Quintana Montiel\"},\"description\":\"Licenciatura en Ciencias de la Comunicaci\u00f3n Social, egresado en la Especializaci\u00f3n Derecho Ambiental Desarrollo Sostenible y Sustentable, Miembro de la Comunidad de profesionales y experto para Latinoam\u00e9rica y el Caribe en Gesti\u00f3n por Resultado en el Desarrollo (COPLAC - GpRD) del Banco Interamericano de Desarrollo, experiencia en medios radiales y escritos.\",\"sameAs\":[\"https:\/\/x.com\/gdgregori1\",\"gquintana\"],\"url\":\"https:\/\/noti-america.com\/site\/ecuador\/author\/gquintana\/\"}]}<\/script>\n<!-- \/ Yoast SEO Premium plugin. -->","yoast_head_json":{"title":"Un salvavidas para el Gobierno - Ecuador | Noti-America.com","robots":{"index":"index","follow":"follow","max-snippet":"max-snippet:-1","max-image-preview":"max-image-preview:large","max-video-preview":"max-video-preview:-1"},"canonical":"https:\/\/noti-america.com\/site\/ecuador\/2019\/12\/17\/un-salvavidas-para-el-gobierno\/","og_locale":"es_ES","og_type":"article","og_title":"Un salvavidas para el Gobierno","og_description":"REDACCI\u00d3N NOTI AM\u00c9RICA (ECUADOR) Por Ing. Gonzalo G\u00f3mez Landires Despu\u00e9s de 2 a\u00f1os 8 meses de bambolearse en un tempestuoso mar de culpas y verg\u00fcenzas heredadas, el Gobierno Nacional no atina a corregir el&#46;&#46;&#46;","og_url":"https:\/\/noti-america.com\/site\/ecuador\/2019\/12\/17\/un-salvavidas-para-el-gobierno\/","og_site_name":"Ecuador | Noti-America.com","article_published_time":"2019-12-17T04:01:08+00:00","og_image":[{"width":1330,"height":750,"url":"https:\/\/noti-america.com\/site\/ecuador\/wp-content\/uploads\/sites\/18\/2019\/12\/boya-salvavidas-flotando-en-el-agua.jpg","type":"image\/jpeg"}],"author":"Gregory Quintana Montiel","twitter_card":"summary_large_image","twitter_creator":"@gdgregori1","twitter_site":"@notiamerica","twitter_misc":{"Escrito por":"Gregory Quintana Montiel","Tiempo estimado de lectura":"3 minutos"},"schema":{"@context":"https:\/\/schema.org","@graph":[{"@type":"Article","@id":"https:\/\/noti-america.com\/site\/ecuador\/2019\/12\/17\/un-salvavidas-para-el-gobierno\/#article","isPartOf":{"@id":"https:\/\/noti-america.com\/site\/ecuador\/2019\/12\/17\/un-salvavidas-para-el-gobierno\/"},"author":{"name":"Gregory Quintana Montiel","@id":"https:\/\/noti-america.com\/site\/ecuador\/#\/schema\/person\/3b975e42f15abfe64bfe3abdd916efda"},"headline":"Un salvavidas para el Gobierno","datePublished":"2019-12-17T04:01:08+00:00","mainEntityOfPage":{"@id":"https:\/\/noti-america.com\/site\/ecuador\/2019\/12\/17\/un-salvavidas-para-el-gobierno\/"},"wordCount":588,"commentCount":0,"publisher":{"@id":"https:\/\/noti-america.com\/site\/ecuador\/#organization"},"image":{"@id":"https:\/\/noti-america.com\/site\/ecuador\/2019\/12\/17\/un-salvavidas-para-el-gobierno\/#primaryimage"},"thumbnailUrl":"https:\/\/noti-america.com\/site\/ecuador\/wp-content\/uploads\/sites\/18\/2019\/12\/boya-salvavidas-flotando-en-el-agua.jpg","articleSection":["Articulo"],"inLanguage":"es","potentialAction":[{"@type":"CommentAction","name":"Comment","target":["https:\/\/noti-america.com\/site\/ecuador\/2019\/12\/17\/un-salvavidas-para-el-gobierno\/#respond"]}]},{"@type":"WebPage","@id":"https:\/\/noti-america.com\/site\/ecuador\/2019\/12\/17\/un-salvavidas-para-el-gobierno\/","url":"https:\/\/noti-america.com\/site\/ecuador\/2019\/12\/17\/un-salvavidas-para-el-gobierno\/","name":"Un salvavidas para el Gobierno - Ecuador | Noti-America.com","isPartOf":{"@id":"https:\/\/noti-america.com\/site\/ecuador\/#website"},"primaryImageOfPage":{"@id":"https:\/\/noti-america.com\/site\/ecuador\/2019\/12\/17\/un-salvavidas-para-el-gobierno\/#primaryimage"},"image":{"@id":"https:\/\/noti-america.com\/site\/ecuador\/2019\/12\/17\/un-salvavidas-para-el-gobierno\/#primaryimage"},"thumbnailUrl":"https:\/\/noti-america.com\/site\/ecuador\/wp-content\/uploads\/sites\/18\/2019\/12\/boya-salvavidas-flotando-en-el-agua.jpg","datePublished":"2019-12-17T04:01:08+00:00","breadcrumb":{"@id":"https:\/\/noti-america.com\/site\/ecuador\/2019\/12\/17\/un-salvavidas-para-el-gobierno\/#breadcrumb"},"inLanguage":"es","potentialAction":[{"@type":"ReadAction","target":["https:\/\/noti-america.com\/site\/ecuador\/2019\/12\/17\/un-salvavidas-para-el-gobierno\/"]}]},{"@type":"ImageObject","inLanguage":"es","@id":"https:\/\/noti-america.com\/site\/ecuador\/2019\/12\/17\/un-salvavidas-para-el-gobierno\/#primaryimage","url":"https:\/\/noti-america.com\/site\/ecuador\/wp-content\/uploads\/sites\/18\/2019\/12\/boya-salvavidas-flotando-en-el-agua.jpg","contentUrl":"https:\/\/noti-america.com\/site\/ecuador\/wp-content\/uploads\/sites\/18\/2019\/12\/boya-salvavidas-flotando-en-el-agua.jpg","width":1330,"height":750},{"@type":"BreadcrumbList","@id":"https:\/\/noti-america.com\/site\/ecuador\/2019\/12\/17\/un-salvavidas-para-el-gobierno\/#breadcrumb","itemListElement":[{"@type":"ListItem","position":1,"name":"Portada","item":"https:\/\/noti-america.com\/site\/ecuador\/"},{"@type":"ListItem","position":2,"name":"Un salvavidas para el Gobierno"}]},{"@type":"WebSite","@id":"https:\/\/noti-america.com\/site\/ecuador\/#website","url":"https:\/\/noti-america.com\/site\/ecuador\/","name":"Ecuador | Noti-America.com","description":"","publisher":{"@id":"https:\/\/noti-america.com\/site\/ecuador\/#organization"},"potentialAction":[{"@type":"SearchAction","target":{"@type":"EntryPoint","urlTemplate":"https:\/\/noti-america.com\/site\/ecuador\/?s={search_term_string}"},"query-input":{"@type":"PropertyValueSpecification","valueRequired":true,"valueName":"search_term_string"}}],"inLanguage":"es"},{"@type":"Organization","@id":"https:\/\/noti-america.com\/site\/ecuador\/#organization","name":"Noti-America LLC | Ecuador","url":"https:\/\/noti-america.com\/site\/ecuador\/","logo":{"@type":"ImageObject","inLanguage":"es","@id":"https:\/\/noti-america.com\/site\/ecuador\/#\/schema\/logo\/image\/","url":"https:\/\/noti-america.com\/site\/ecuador\/wp-content\/uploads\/sites\/18\/2020\/07\/LogoNA-4x3-1.jpg","contentUrl":"https:\/\/noti-america.com\/site\/ecuador\/wp-content\/uploads\/sites\/18\/2020\/07\/LogoNA-4x3-1.jpg","width":1236,"height":1080,"caption":"Noti-America LLC | Ecuador"},"image":{"@id":"https:\/\/noti-america.com\/site\/ecuador\/#\/schema\/logo\/image\/"},"sameAs":["https:\/\/x.com\/notiamerica"]},{"@type":"Person","@id":"https:\/\/noti-america.com\/site\/ecuador\/#\/schema\/person\/3b975e42f15abfe64bfe3abdd916efda","name":"Gregory Quintana Montiel","image":{"@type":"ImageObject","inLanguage":"es","@id":"https:\/\/secure.gravatar.com\/avatar\/2d6b802f7720c2ec7744dcbe608cc2f3417aeb964d58b443c6d612b77531de1d?s=96&d=mm&r=g","url":"https:\/\/secure.gravatar.com\/avatar\/2d6b802f7720c2ec7744dcbe608cc2f3417aeb964d58b443c6d612b77531de1d?s=96&d=mm&r=g","contentUrl":"https:\/\/secure.gravatar.com\/avatar\/2d6b802f7720c2ec7744dcbe608cc2f3417aeb964d58b443c6d612b77531de1d?s=96&d=mm&r=g","caption":"Gregory Quintana Montiel"},"description":"Licenciatura en Ciencias de la Comunicaci\u00f3n Social, egresado en la Especializaci\u00f3n Derecho Ambiental Desarrollo Sostenible y Sustentable, Miembro de la Comunidad de profesionales y experto para Latinoam\u00e9rica y el Caribe en Gesti\u00f3n por Resultado en el Desarrollo (COPLAC - GpRD) del Banco Interamericano de Desarrollo, experiencia en medios radiales y escritos.","sameAs":["https:\/\/x.com\/gdgregori1","gquintana"],"url":"https:\/\/noti-america.com\/site\/ecuador\/author\/gquintana\/"}]}},"_links":{"self":[{"href":"https:\/\/noti-america.com\/site\/ecuador\/wp-json\/wp\/v2\/posts\/6827","targetHints":{"allow":["GET"]}}],"collection":[{"href":"https:\/\/noti-america.com\/site\/ecuador\/wp-json\/wp\/v2\/posts"}],"about":[{"href":"https:\/\/noti-america.com\/site\/ecuador\/wp-json\/wp\/v2\/types\/post"}],"author":[{"embeddable":true,"href":"https:\/\/noti-america.com\/site\/ecuador\/wp-json\/wp\/v2\/users\/17"}],"replies":[{"embeddable":true,"href":"https:\/\/noti-america.com\/site\/ecuador\/wp-json\/wp\/v2\/comments?post=6827"}],"version-history":[{"count":1,"href":"https:\/\/noti-america.com\/site\/ecuador\/wp-json\/wp\/v2\/posts\/6827\/revisions"}],"predecessor-version":[{"id":6830,"href":"https:\/\/noti-america.com\/site\/ecuador\/wp-json\/wp\/v2\/posts\/6827\/revisions\/6830"}],"wp:featuredmedia":[{"embeddable":true,"href":"https:\/\/noti-america.com\/site\/ecuador\/wp-json\/wp\/v2\/media\/6829"}],"wp:attachment":[{"href":"https:\/\/noti-america.com\/site\/ecuador\/wp-json\/wp\/v2\/media?parent=6827"}],"wp:term":[{"taxonomy":"category","embeddable":true,"href":"https:\/\/noti-america.com\/site\/ecuador\/wp-json\/wp\/v2\/categories?post=6827"},{"taxonomy":"post_tag","embeddable":true,"href":"https:\/\/noti-america.com\/site\/ecuador\/wp-json\/wp\/v2\/tags?post=6827"}],"curies":[{"name":"wp","href":"https:\/\/api.w.org\/{rel}","templated":true}]}}