{"id":6806,"date":"2019-12-13T02:23:19","date_gmt":"2019-12-13T02:23:19","guid":{"rendered":"http:\/\/noti-america.com\/site\/ecuador\/?p=6806"},"modified":"2019-12-13T02:23:19","modified_gmt":"2019-12-13T02:23:19","slug":"se-analiza-reforma-a-la-ley-sobre-metodo-de-calculo-de-la-pension-jubilar","status":"publish","type":"post","link":"https:\/\/noti-america.com\/site\/ecuador\/2019\/12\/13\/se-analiza-reforma-a-la-ley-sobre-metodo-de-calculo-de-la-pension-jubilar\/","title":{"rendered":"Se analiza reforma a la Ley sobre m\u00e9todo de c\u00e1lculo de la pensi\u00f3n jubilar"},"content":{"rendered":"<p>REDACCI\u00d3N NOTI AM\u00c9RICA (ECUADOR)<\/p>\n<p style=\"text-align: justify\">Una nueva reforma a la Ley de Seguridad Social se analiza en la Comisi\u00f3n de los Derechos de los Trabajadores. Los cambios pretenden determinar, en rango de ley, la forma de c\u00e1lculo de la pensi\u00f3n jubilar, de manera que esta corresponda o sea igual al promedio de los cinco a\u00f1os de mejor sueldo o salario sobre los cuales se aport\u00f3.<\/p>\n<p style=\"text-align: justify\">El cambio establece que se proceder\u00e1 a obtener el promedio de cada a\u00f1o de aportaciones, para ello se sumar\u00e1n doce meses de imposiciones consecutivas y ese resultado se dividir\u00e1 para doce. Obtenidos los promedios, se seleccionar\u00e1n los cinco mejores sueldos o salarios sobre los cuales se aport\u00f3.<\/p>\n<p style=\"text-align: justify\">La propuesta reformatoria es auspiciada por los asamble\u00edstas Bairon Valle Pinargote, Diego Garc\u00eda Pozo y Juan C\u00e1rdenas Espinoza.<\/p>\n<p style=\"text-align: justify\">Bairon Valle subray\u00f3 que la propuesta obedece a la queja de 11.300 jubilados que, entre septiembre de 2017 y diciembre de 2018, fueron perjudicados con la resoluci\u00f3n 254 a trav\u00e9s de la cual se modific\u00f3 la resoluci\u00f3n 100, misma que reformul\u00f3 e instaur\u00f3 un nuevo sistema de c\u00e1lculo, es decir, cambi\u00f3 el m\u00e9todo aritm\u00e9tico por el geom\u00e9trico.<\/p>\n<p style=\"text-align: justify\">Explic\u00f3 que para el c\u00e1lculo anterior se escog\u00eda los cinco mejores a\u00f1os, que son las 60 mejores aportaciones y se divid\u00eda. Con la propuesta que rige no se divide, sino que se saca la ra\u00edz sesentava. El m\u00e9todo anterior causaba un perjuicio de entre 7 % y 8 % a cada jubilado. As\u00ed, si un jubilado recib\u00eda antes una pensi\u00f3n de 441 d\u00f3lares, con el nuevo m\u00e9todo solo recibe 411, con una desventaja de 30 d\u00f3lares.<\/p>\n<p style=\"text-align: justify\">Valle no desconoci\u00f3 que la Ley actual le otorga potestad al Consejo Directivo del Instituto Ecuatoriano de Seguridad Social (IESS) para que determine la forma de c\u00e1lculo de dichas pensiones. No obstante, dijo que los derechos son progresivos y al quitarle dinero a los jubilados, se est\u00e1 hablando de retroceso, lo cual contradice las disposiciones de la norma Constitucional.<\/p>\n<p style=\"text-align: justify\">Cuando el IESS quiera cambiarla, esta deber\u00e1 ser notificada a la Asamblea Nacional para que sea la que determine la pertinencia o no de un nuevo m\u00e9todo, asegur\u00f3.<\/p>\n<p style=\"text-align: justify\"><strong>RSA\/ea<\/strong><\/p>\n","protected":false},"excerpt":{"rendered":"<p>REDACCI\u00d3N NOTI AM\u00c9RICA (ECUADOR) Una nueva reforma a la Ley de Seguridad Social se analiza en la Comisi\u00f3n de los Derechos de los Trabajadores. Los cambios pretenden determinar, en rango de ley, la forma&#46;&#46;&#46;<\/p>\n","protected":false},"author":17,"featured_media":6807,"comment_status":"open","ping_status":"open","sticky":false,"template":"","format":"standard","meta":{"_acf_changed":false,"om_disable_all_campaigns":false,"rop_custom_images_group":[],"rop_custom_messages_group":[],"rop_publish_now":"initial","rop_publish_now_accounts":{"twitter_242054905_242054905":""},"rop_publish_now_history":[],"rop_publish_now_status":"pending","_uf_show_specific_survey":0,"_uf_disable_surveys":false,"footnotes":""},"categories":[34],"tags":[],"class_list":["post-6806","post","type-post","status-publish","format-standard","has-post-thumbnail","hentry","category-politica-opinion"],"acf":[],"aioseo_notices":[],"yoast_head":"<!-- This site is optimized with the Yoast SEO Premium plugin v24.9 (Yoast SEO v27.2) - https:\/\/yoast.com\/product\/yoast-seo-premium-wordpress\/ -->\n<title>Se analiza reforma a la Ley sobre m\u00e9todo de c\u00e1lculo de la pensi\u00f3n jubilar - Ecuador | Noti-America.com<\/title>\n<meta name=\"robots\" content=\"index, follow, max-snippet:-1, max-image-preview:large, max-video-preview:-1\" \/>\n<link rel=\"canonical\" href=\"https:\/\/noti-america.com\/site\/ecuador\/2019\/12\/13\/se-analiza-reforma-a-la-ley-sobre-metodo-de-calculo-de-la-pension-jubilar\/\" \/>\n<meta property=\"og:locale\" content=\"es_ES\" \/>\n<meta property=\"og:type\" content=\"article\" \/>\n<meta property=\"og:title\" content=\"Se analiza reforma a la Ley sobre m\u00e9todo de c\u00e1lculo de la pensi\u00f3n jubilar\" \/>\n<meta property=\"og:description\" content=\"REDACCI\u00d3N NOTI AM\u00c9RICA (ECUADOR) Una nueva reforma a la Ley de Seguridad Social se analiza en la Comisi\u00f3n de los Derechos de los Trabajadores. Los cambios pretenden determinar, en rango de ley, la forma&#046;&#046;&#046;\" \/>\n<meta property=\"og:url\" content=\"https:\/\/noti-america.com\/site\/ecuador\/2019\/12\/13\/se-analiza-reforma-a-la-ley-sobre-metodo-de-calculo-de-la-pension-jubilar\/\" \/>\n<meta property=\"og:site_name\" content=\"Ecuador | Noti-America.com\" \/>\n<meta property=\"article:published_time\" content=\"2019-12-13T02:23:19+00:00\" \/>\n<meta property=\"og:image\" content=\"https:\/\/noti-america.com\/site\/ecuador\/wp-content\/uploads\/sites\/18\/2019\/12\/Comisi\u00f3n-de-los-Derechos-de-los-Trabajadores.jpg\" \/>\n\t<meta property=\"og:image:width\" content=\"420\" \/>\n\t<meta property=\"og:image:height\" content=\"280\" \/>\n\t<meta property=\"og:image:type\" content=\"image\/jpeg\" \/>\n<meta name=\"author\" content=\"Gregory Quintana Montiel\" \/>\n<meta name=\"twitter:card\" content=\"summary_large_image\" \/>\n<meta name=\"twitter:creator\" content=\"@gdgregori1\" \/>\n<meta name=\"twitter:site\" content=\"@notiamerica\" \/>\n<meta name=\"twitter:label1\" content=\"Escrito por\" \/>\n\t<meta name=\"twitter:data1\" content=\"Gregory Quintana Montiel\" \/>\n\t<meta name=\"twitter:label2\" content=\"Tiempo estimado de lectura\" \/>\n\t<meta name=\"twitter:data2\" content=\"2 minutos\" \/>\n<script type=\"application\/ld+json\" class=\"yoast-schema-graph\">{\"@context\":\"https:\/\/schema.org\",\"@graph\":[{\"@type\":\"Article\",\"@id\":\"https:\/\/noti-america.com\/site\/ecuador\/2019\/12\/13\/se-analiza-reforma-a-la-ley-sobre-metodo-de-calculo-de-la-pension-jubilar\/#article\",\"isPartOf\":{\"@id\":\"https:\/\/noti-america.com\/site\/ecuador\/2019\/12\/13\/se-analiza-reforma-a-la-ley-sobre-metodo-de-calculo-de-la-pension-jubilar\/\"},\"author\":{\"name\":\"Gregory Quintana Montiel\",\"@id\":\"https:\/\/noti-america.com\/site\/ecuador\/#\/schema\/person\/3b975e42f15abfe64bfe3abdd916efda\"},\"headline\":\"Se analiza reforma a la Ley sobre m\u00e9todo de c\u00e1lculo de la pensi\u00f3n jubilar\",\"datePublished\":\"2019-12-13T02:23:19+00:00\",\"mainEntityOfPage\":{\"@id\":\"https:\/\/noti-america.com\/site\/ecuador\/2019\/12\/13\/se-analiza-reforma-a-la-ley-sobre-metodo-de-calculo-de-la-pension-jubilar\/\"},\"wordCount\":387,\"commentCount\":0,\"publisher\":{\"@id\":\"https:\/\/noti-america.com\/site\/ecuador\/#organization\"},\"image\":{\"@id\":\"https:\/\/noti-america.com\/site\/ecuador\/2019\/12\/13\/se-analiza-reforma-a-la-ley-sobre-metodo-de-calculo-de-la-pension-jubilar\/#primaryimage\"},\"thumbnailUrl\":\"https:\/\/noti-america.com\/site\/ecuador\/wp-content\/uploads\/sites\/18\/2019\/12\/Comisi\u00f3n-de-los-Derechos-de-los-Trabajadores.jpg\",\"articleSection\":[\"Pol\u00edtica\"],\"inLanguage\":\"es\",\"potentialAction\":[{\"@type\":\"CommentAction\",\"name\":\"Comment\",\"target\":[\"https:\/\/noti-america.com\/site\/ecuador\/2019\/12\/13\/se-analiza-reforma-a-la-ley-sobre-metodo-de-calculo-de-la-pension-jubilar\/#respond\"]}]},{\"@type\":\"WebPage\",\"@id\":\"https:\/\/noti-america.com\/site\/ecuador\/2019\/12\/13\/se-analiza-reforma-a-la-ley-sobre-metodo-de-calculo-de-la-pension-jubilar\/\",\"url\":\"https:\/\/noti-america.com\/site\/ecuador\/2019\/12\/13\/se-analiza-reforma-a-la-ley-sobre-metodo-de-calculo-de-la-pension-jubilar\/\",\"name\":\"Se analiza reforma a la Ley sobre m\u00e9todo de c\u00e1lculo de la pensi\u00f3n jubilar - Ecuador | Noti-America.com\",\"isPartOf\":{\"@id\":\"https:\/\/noti-america.com\/site\/ecuador\/#website\"},\"primaryImageOfPage\":{\"@id\":\"https:\/\/noti-america.com\/site\/ecuador\/2019\/12\/13\/se-analiza-reforma-a-la-ley-sobre-metodo-de-calculo-de-la-pension-jubilar\/#primaryimage\"},\"image\":{\"@id\":\"https:\/\/noti-america.com\/site\/ecuador\/2019\/12\/13\/se-analiza-reforma-a-la-ley-sobre-metodo-de-calculo-de-la-pension-jubilar\/#primaryimage\"},\"thumbnailUrl\":\"https:\/\/noti-america.com\/site\/ecuador\/wp-content\/uploads\/sites\/18\/2019\/12\/Comisi\u00f3n-de-los-Derechos-de-los-Trabajadores.jpg\",\"datePublished\":\"2019-12-13T02:23:19+00:00\",\"breadcrumb\":{\"@id\":\"https:\/\/noti-america.com\/site\/ecuador\/2019\/12\/13\/se-analiza-reforma-a-la-ley-sobre-metodo-de-calculo-de-la-pension-jubilar\/#breadcrumb\"},\"inLanguage\":\"es\",\"potentialAction\":[{\"@type\":\"ReadAction\",\"target\":[\"https:\/\/noti-america.com\/site\/ecuador\/2019\/12\/13\/se-analiza-reforma-a-la-ley-sobre-metodo-de-calculo-de-la-pension-jubilar\/\"]}]},{\"@type\":\"ImageObject\",\"inLanguage\":\"es\",\"@id\":\"https:\/\/noti-america.com\/site\/ecuador\/2019\/12\/13\/se-analiza-reforma-a-la-ley-sobre-metodo-de-calculo-de-la-pension-jubilar\/#primaryimage\",\"url\":\"https:\/\/noti-america.com\/site\/ecuador\/wp-content\/uploads\/sites\/18\/2019\/12\/Comisi\u00f3n-de-los-Derechos-de-los-Trabajadores.jpg\",\"contentUrl\":\"https:\/\/noti-america.com\/site\/ecuador\/wp-content\/uploads\/sites\/18\/2019\/12\/Comisi\u00f3n-de-los-Derechos-de-los-Trabajadores.jpg\",\"width\":420,\"height\":280},{\"@type\":\"BreadcrumbList\",\"@id\":\"https:\/\/noti-america.com\/site\/ecuador\/2019\/12\/13\/se-analiza-reforma-a-la-ley-sobre-metodo-de-calculo-de-la-pension-jubilar\/#breadcrumb\",\"itemListElement\":[{\"@type\":\"ListItem\",\"position\":1,\"name\":\"Portada\",\"item\":\"https:\/\/noti-america.com\/site\/ecuador\/\"},{\"@type\":\"ListItem\",\"position\":2,\"name\":\"Se analiza reforma a la Ley sobre m\u00e9todo de c\u00e1lculo de la pensi\u00f3n jubilar\"}]},{\"@type\":\"WebSite\",\"@id\":\"https:\/\/noti-america.com\/site\/ecuador\/#website\",\"url\":\"https:\/\/noti-america.com\/site\/ecuador\/\",\"name\":\"Ecuador | Noti-America.com\",\"description\":\"\",\"publisher\":{\"@id\":\"https:\/\/noti-america.com\/site\/ecuador\/#organization\"},\"potentialAction\":[{\"@type\":\"SearchAction\",\"target\":{\"@type\":\"EntryPoint\",\"urlTemplate\":\"https:\/\/noti-america.com\/site\/ecuador\/?s={search_term_string}\"},\"query-input\":{\"@type\":\"PropertyValueSpecification\",\"valueRequired\":true,\"valueName\":\"search_term_string\"}}],\"inLanguage\":\"es\"},{\"@type\":\"Organization\",\"@id\":\"https:\/\/noti-america.com\/site\/ecuador\/#organization\",\"name\":\"Noti-America LLC | Ecuador\",\"url\":\"https:\/\/noti-america.com\/site\/ecuador\/\",\"logo\":{\"@type\":\"ImageObject\",\"inLanguage\":\"es\",\"@id\":\"https:\/\/noti-america.com\/site\/ecuador\/#\/schema\/logo\/image\/\",\"url\":\"https:\/\/noti-america.com\/site\/ecuador\/wp-content\/uploads\/sites\/18\/2020\/07\/LogoNA-4x3-1.jpg\",\"contentUrl\":\"https:\/\/noti-america.com\/site\/ecuador\/wp-content\/uploads\/sites\/18\/2020\/07\/LogoNA-4x3-1.jpg\",\"width\":1236,\"height\":1080,\"caption\":\"Noti-America LLC | Ecuador\"},\"image\":{\"@id\":\"https:\/\/noti-america.com\/site\/ecuador\/#\/schema\/logo\/image\/\"},\"sameAs\":[\"https:\/\/x.com\/notiamerica\"]},{\"@type\":\"Person\",\"@id\":\"https:\/\/noti-america.com\/site\/ecuador\/#\/schema\/person\/3b975e42f15abfe64bfe3abdd916efda\",\"name\":\"Gregory Quintana Montiel\",\"image\":{\"@type\":\"ImageObject\",\"inLanguage\":\"es\",\"@id\":\"https:\/\/secure.gravatar.com\/avatar\/2d6b802f7720c2ec7744dcbe608cc2f3417aeb964d58b443c6d612b77531de1d?s=96&d=mm&r=g\",\"url\":\"https:\/\/secure.gravatar.com\/avatar\/2d6b802f7720c2ec7744dcbe608cc2f3417aeb964d58b443c6d612b77531de1d?s=96&d=mm&r=g\",\"contentUrl\":\"https:\/\/secure.gravatar.com\/avatar\/2d6b802f7720c2ec7744dcbe608cc2f3417aeb964d58b443c6d612b77531de1d?s=96&d=mm&r=g\",\"caption\":\"Gregory Quintana Montiel\"},\"description\":\"Licenciatura en Ciencias de la Comunicaci\u00f3n Social, egresado en la Especializaci\u00f3n Derecho Ambiental Desarrollo Sostenible y Sustentable, Miembro de la Comunidad de profesionales y experto para Latinoam\u00e9rica y el Caribe en Gesti\u00f3n por Resultado en el Desarrollo (COPLAC - GpRD) del Banco Interamericano de Desarrollo, experiencia en medios radiales y escritos.\",\"sameAs\":[\"https:\/\/x.com\/gdgregori1\",\"gquintana\"],\"url\":\"https:\/\/noti-america.com\/site\/ecuador\/author\/gquintana\/\"}]}<\/script>\n<!-- \/ Yoast SEO Premium plugin. -->","yoast_head_json":{"title":"Se analiza reforma a la Ley sobre m\u00e9todo de c\u00e1lculo de la pensi\u00f3n jubilar - Ecuador | Noti-America.com","robots":{"index":"index","follow":"follow","max-snippet":"max-snippet:-1","max-image-preview":"max-image-preview:large","max-video-preview":"max-video-preview:-1"},"canonical":"https:\/\/noti-america.com\/site\/ecuador\/2019\/12\/13\/se-analiza-reforma-a-la-ley-sobre-metodo-de-calculo-de-la-pension-jubilar\/","og_locale":"es_ES","og_type":"article","og_title":"Se analiza reforma a la Ley sobre m\u00e9todo de c\u00e1lculo de la pensi\u00f3n jubilar","og_description":"REDACCI\u00d3N NOTI AM\u00c9RICA (ECUADOR) Una nueva reforma a la Ley de Seguridad Social se analiza en la Comisi\u00f3n de los Derechos de los Trabajadores. Los cambios pretenden determinar, en rango de ley, la forma&#46;&#46;&#46;","og_url":"https:\/\/noti-america.com\/site\/ecuador\/2019\/12\/13\/se-analiza-reforma-a-la-ley-sobre-metodo-de-calculo-de-la-pension-jubilar\/","og_site_name":"Ecuador | Noti-America.com","article_published_time":"2019-12-13T02:23:19+00:00","og_image":[{"width":420,"height":280,"url":"https:\/\/noti-america.com\/site\/ecuador\/wp-content\/uploads\/sites\/18\/2019\/12\/Comisi\u00f3n-de-los-Derechos-de-los-Trabajadores.jpg","type":"image\/jpeg"}],"author":"Gregory Quintana Montiel","twitter_card":"summary_large_image","twitter_creator":"@gdgregori1","twitter_site":"@notiamerica","twitter_misc":{"Escrito por":"Gregory Quintana Montiel","Tiempo estimado de lectura":"2 minutos"},"schema":{"@context":"https:\/\/schema.org","@graph":[{"@type":"Article","@id":"https:\/\/noti-america.com\/site\/ecuador\/2019\/12\/13\/se-analiza-reforma-a-la-ley-sobre-metodo-de-calculo-de-la-pension-jubilar\/#article","isPartOf":{"@id":"https:\/\/noti-america.com\/site\/ecuador\/2019\/12\/13\/se-analiza-reforma-a-la-ley-sobre-metodo-de-calculo-de-la-pension-jubilar\/"},"author":{"name":"Gregory Quintana Montiel","@id":"https:\/\/noti-america.com\/site\/ecuador\/#\/schema\/person\/3b975e42f15abfe64bfe3abdd916efda"},"headline":"Se analiza reforma a la Ley sobre m\u00e9todo de c\u00e1lculo de la pensi\u00f3n jubilar","datePublished":"2019-12-13T02:23:19+00:00","mainEntityOfPage":{"@id":"https:\/\/noti-america.com\/site\/ecuador\/2019\/12\/13\/se-analiza-reforma-a-la-ley-sobre-metodo-de-calculo-de-la-pension-jubilar\/"},"wordCount":387,"commentCount":0,"publisher":{"@id":"https:\/\/noti-america.com\/site\/ecuador\/#organization"},"image":{"@id":"https:\/\/noti-america.com\/site\/ecuador\/2019\/12\/13\/se-analiza-reforma-a-la-ley-sobre-metodo-de-calculo-de-la-pension-jubilar\/#primaryimage"},"thumbnailUrl":"https:\/\/noti-america.com\/site\/ecuador\/wp-content\/uploads\/sites\/18\/2019\/12\/Comisi\u00f3n-de-los-Derechos-de-los-Trabajadores.jpg","articleSection":["Pol\u00edtica"],"inLanguage":"es","potentialAction":[{"@type":"CommentAction","name":"Comment","target":["https:\/\/noti-america.com\/site\/ecuador\/2019\/12\/13\/se-analiza-reforma-a-la-ley-sobre-metodo-de-calculo-de-la-pension-jubilar\/#respond"]}]},{"@type":"WebPage","@id":"https:\/\/noti-america.com\/site\/ecuador\/2019\/12\/13\/se-analiza-reforma-a-la-ley-sobre-metodo-de-calculo-de-la-pension-jubilar\/","url":"https:\/\/noti-america.com\/site\/ecuador\/2019\/12\/13\/se-analiza-reforma-a-la-ley-sobre-metodo-de-calculo-de-la-pension-jubilar\/","name":"Se analiza reforma a la Ley sobre m\u00e9todo de c\u00e1lculo de la pensi\u00f3n jubilar - Ecuador | Noti-America.com","isPartOf":{"@id":"https:\/\/noti-america.com\/site\/ecuador\/#website"},"primaryImageOfPage":{"@id":"https:\/\/noti-america.com\/site\/ecuador\/2019\/12\/13\/se-analiza-reforma-a-la-ley-sobre-metodo-de-calculo-de-la-pension-jubilar\/#primaryimage"},"image":{"@id":"https:\/\/noti-america.com\/site\/ecuador\/2019\/12\/13\/se-analiza-reforma-a-la-ley-sobre-metodo-de-calculo-de-la-pension-jubilar\/#primaryimage"},"thumbnailUrl":"https:\/\/noti-america.com\/site\/ecuador\/wp-content\/uploads\/sites\/18\/2019\/12\/Comisi\u00f3n-de-los-Derechos-de-los-Trabajadores.jpg","datePublished":"2019-12-13T02:23:19+00:00","breadcrumb":{"@id":"https:\/\/noti-america.com\/site\/ecuador\/2019\/12\/13\/se-analiza-reforma-a-la-ley-sobre-metodo-de-calculo-de-la-pension-jubilar\/#breadcrumb"},"inLanguage":"es","potentialAction":[{"@type":"ReadAction","target":["https:\/\/noti-america.com\/site\/ecuador\/2019\/12\/13\/se-analiza-reforma-a-la-ley-sobre-metodo-de-calculo-de-la-pension-jubilar\/"]}]},{"@type":"ImageObject","inLanguage":"es","@id":"https:\/\/noti-america.com\/site\/ecuador\/2019\/12\/13\/se-analiza-reforma-a-la-ley-sobre-metodo-de-calculo-de-la-pension-jubilar\/#primaryimage","url":"https:\/\/noti-america.com\/site\/ecuador\/wp-content\/uploads\/sites\/18\/2019\/12\/Comisi\u00f3n-de-los-Derechos-de-los-Trabajadores.jpg","contentUrl":"https:\/\/noti-america.com\/site\/ecuador\/wp-content\/uploads\/sites\/18\/2019\/12\/Comisi\u00f3n-de-los-Derechos-de-los-Trabajadores.jpg","width":420,"height":280},{"@type":"BreadcrumbList","@id":"https:\/\/noti-america.com\/site\/ecuador\/2019\/12\/13\/se-analiza-reforma-a-la-ley-sobre-metodo-de-calculo-de-la-pension-jubilar\/#breadcrumb","itemListElement":[{"@type":"ListItem","position":1,"name":"Portada","item":"https:\/\/noti-america.com\/site\/ecuador\/"},{"@type":"ListItem","position":2,"name":"Se analiza reforma a la Ley sobre m\u00e9todo de c\u00e1lculo de la pensi\u00f3n jubilar"}]},{"@type":"WebSite","@id":"https:\/\/noti-america.com\/site\/ecuador\/#website","url":"https:\/\/noti-america.com\/site\/ecuador\/","name":"Ecuador | Noti-America.com","description":"","publisher":{"@id":"https:\/\/noti-america.com\/site\/ecuador\/#organization"},"potentialAction":[{"@type":"SearchAction","target":{"@type":"EntryPoint","urlTemplate":"https:\/\/noti-america.com\/site\/ecuador\/?s={search_term_string}"},"query-input":{"@type":"PropertyValueSpecification","valueRequired":true,"valueName":"search_term_string"}}],"inLanguage":"es"},{"@type":"Organization","@id":"https:\/\/noti-america.com\/site\/ecuador\/#organization","name":"Noti-America LLC | Ecuador","url":"https:\/\/noti-america.com\/site\/ecuador\/","logo":{"@type":"ImageObject","inLanguage":"es","@id":"https:\/\/noti-america.com\/site\/ecuador\/#\/schema\/logo\/image\/","url":"https:\/\/noti-america.com\/site\/ecuador\/wp-content\/uploads\/sites\/18\/2020\/07\/LogoNA-4x3-1.jpg","contentUrl":"https:\/\/noti-america.com\/site\/ecuador\/wp-content\/uploads\/sites\/18\/2020\/07\/LogoNA-4x3-1.jpg","width":1236,"height":1080,"caption":"Noti-America LLC | Ecuador"},"image":{"@id":"https:\/\/noti-america.com\/site\/ecuador\/#\/schema\/logo\/image\/"},"sameAs":["https:\/\/x.com\/notiamerica"]},{"@type":"Person","@id":"https:\/\/noti-america.com\/site\/ecuador\/#\/schema\/person\/3b975e42f15abfe64bfe3abdd916efda","name":"Gregory Quintana Montiel","image":{"@type":"ImageObject","inLanguage":"es","@id":"https:\/\/secure.gravatar.com\/avatar\/2d6b802f7720c2ec7744dcbe608cc2f3417aeb964d58b443c6d612b77531de1d?s=96&d=mm&r=g","url":"https:\/\/secure.gravatar.com\/avatar\/2d6b802f7720c2ec7744dcbe608cc2f3417aeb964d58b443c6d612b77531de1d?s=96&d=mm&r=g","contentUrl":"https:\/\/secure.gravatar.com\/avatar\/2d6b802f7720c2ec7744dcbe608cc2f3417aeb964d58b443c6d612b77531de1d?s=96&d=mm&r=g","caption":"Gregory Quintana Montiel"},"description":"Licenciatura en Ciencias de la Comunicaci\u00f3n Social, egresado en la Especializaci\u00f3n Derecho Ambiental Desarrollo Sostenible y Sustentable, Miembro de la Comunidad de profesionales y experto para Latinoam\u00e9rica y el Caribe en Gesti\u00f3n por Resultado en el Desarrollo (COPLAC - GpRD) del Banco Interamericano de Desarrollo, experiencia en medios radiales y escritos.","sameAs":["https:\/\/x.com\/gdgregori1","gquintana"],"url":"https:\/\/noti-america.com\/site\/ecuador\/author\/gquintana\/"}]}},"_links":{"self":[{"href":"https:\/\/noti-america.com\/site\/ecuador\/wp-json\/wp\/v2\/posts\/6806","targetHints":{"allow":["GET"]}}],"collection":[{"href":"https:\/\/noti-america.com\/site\/ecuador\/wp-json\/wp\/v2\/posts"}],"about":[{"href":"https:\/\/noti-america.com\/site\/ecuador\/wp-json\/wp\/v2\/types\/post"}],"author":[{"embeddable":true,"href":"https:\/\/noti-america.com\/site\/ecuador\/wp-json\/wp\/v2\/users\/17"}],"replies":[{"embeddable":true,"href":"https:\/\/noti-america.com\/site\/ecuador\/wp-json\/wp\/v2\/comments?post=6806"}],"version-history":[{"count":1,"href":"https:\/\/noti-america.com\/site\/ecuador\/wp-json\/wp\/v2\/posts\/6806\/revisions"}],"predecessor-version":[{"id":6808,"href":"https:\/\/noti-america.com\/site\/ecuador\/wp-json\/wp\/v2\/posts\/6806\/revisions\/6808"}],"wp:featuredmedia":[{"embeddable":true,"href":"https:\/\/noti-america.com\/site\/ecuador\/wp-json\/wp\/v2\/media\/6807"}],"wp:attachment":[{"href":"https:\/\/noti-america.com\/site\/ecuador\/wp-json\/wp\/v2\/media?parent=6806"}],"wp:term":[{"taxonomy":"category","embeddable":true,"href":"https:\/\/noti-america.com\/site\/ecuador\/wp-json\/wp\/v2\/categories?post=6806"},{"taxonomy":"post_tag","embeddable":true,"href":"https:\/\/noti-america.com\/site\/ecuador\/wp-json\/wp\/v2\/tags?post=6806"}],"curies":[{"name":"wp","href":"https:\/\/api.w.org\/{rel}","templated":true}]}}