{"id":6803,"date":"2019-12-13T02:12:44","date_gmt":"2019-12-13T02:12:44","guid":{"rendered":"http:\/\/noti-america.com\/site\/ecuador\/?p=6803"},"modified":"2019-12-13T02:12:44","modified_gmt":"2019-12-13T02:12:44","slug":"se-archivo-la-solicitud-de-juicio-politico-contra-la-ministra-de-gobierno","status":"publish","type":"post","link":"https:\/\/noti-america.com\/site\/ecuador\/2019\/12\/13\/se-archivo-la-solicitud-de-juicio-politico-contra-la-ministra-de-gobierno\/","title":{"rendered":"Se archiv\u00f3 la solicitud de juicio pol\u00edtico contra la Ministra de Gobierno"},"content":{"rendered":"<p>REDACCI\u00d3N NOTI AM\u00c9RICA (ECUADOR)<\/p>\n<p style=\"text-align: justify\">La Comisi\u00f3n de Fiscalizaci\u00f3n y Control Pol\u00edtico, presidida por Johanna Cede\u00f1o Zambrano, con 9 votos a favor, aprob\u00f3 el informe por el cual recomienda el archivo de la solicitud de juicio pol\u00edtico en contra de Mar\u00eda Paula Romo, Ministra de Gobierno, propuesta por los legisladores Lourdes Cuesta, Roberto G\u00f3mez y Amapola Naranjo.<\/p>\n<p style=\"text-align: justify\">El organismo estableci\u00f3 que los interpelantes no presentaron las suficientes pruebas acerca de un presunto incumplimiento de funciones de parte de la secretaria de Estado, puesto que en el caso de la crisis carcelaria la actuaci\u00f3n de la Polic\u00eda, que est\u00e1 a cargo de ese Ministerio, es complementaria, no es su responsabilidad directa.<\/p>\n<p style=\"text-align: justify\">As\u00ed mismo, respecto de los casos de violencia de g\u00e9nero, el Ministerio demostr\u00f3 que ha desarrollado importantes manuales, procesos de capacitaci\u00f3n y protocolos de actuaci\u00f3n para los miembros de la instituci\u00f3n policial.<\/p>\n<p style=\"text-align: justify\">En el tema de la presunta utilizaci\u00f3n de bienes p\u00fablicos, se determin\u00f3 que en el caso de funcionarios como la ministra de Gobierno, cuya seguridad est\u00e1 en riesgo, , la seguridad es permanente y se extiende a varios miembros de su n\u00facleo familiar directo, como consta de los protocolos previstos para el efecto.<\/p>\n<p style=\"text-align: justify\">En la sesi\u00f3n del organismo legislativo se registraron, adem\u00e1s, dos votos en contra y una abstenci\u00f3n.<\/p>\n<p style=\"text-align: justify\"><strong>EG\/cz<\/strong><\/p>\n","protected":false},"excerpt":{"rendered":"<p>REDACCI\u00d3N NOTI AM\u00c9RICA (ECUADOR) La Comisi\u00f3n de Fiscalizaci\u00f3n y Control Pol\u00edtico, presidida por Johanna Cede\u00f1o Zambrano, con 9 votos a favor, aprob\u00f3 el informe por el cual recomienda el archivo de la solicitud de&#46;&#46;&#46;<\/p>\n","protected":false},"author":17,"featured_media":6804,"comment_status":"open","ping_status":"open","sticky":false,"template":"","format":"standard","meta":{"_acf_changed":false,"om_disable_all_campaigns":false,"rop_custom_images_group":[],"rop_custom_messages_group":[],"rop_publish_now":"initial","rop_publish_now_accounts":{"twitter_242054905_242054905":""},"rop_publish_now_history":[],"rop_publish_now_status":"pending","_uf_show_specific_survey":0,"_uf_disable_surveys":false,"footnotes":""},"categories":[34],"tags":[],"class_list":["post-6803","post","type-post","status-publish","format-standard","has-post-thumbnail","hentry","category-politica-opinion"],"acf":[],"aioseo_notices":[],"yoast_head":"<!-- This site is optimized with the Yoast SEO Premium plugin v24.9 (Yoast SEO v27.2) - https:\/\/yoast.com\/product\/yoast-seo-premium-wordpress\/ -->\n<title>Se archiv\u00f3 la solicitud de juicio pol\u00edtico contra la Ministra de Gobierno - Ecuador | Noti-America.com<\/title>\n<meta name=\"robots\" content=\"index, follow, max-snippet:-1, max-image-preview:large, max-video-preview:-1\" \/>\n<link rel=\"canonical\" href=\"https:\/\/noti-america.com\/site\/ecuador\/2019\/12\/13\/se-archivo-la-solicitud-de-juicio-politico-contra-la-ministra-de-gobierno\/\" \/>\n<meta property=\"og:locale\" content=\"es_ES\" \/>\n<meta property=\"og:type\" content=\"article\" \/>\n<meta property=\"og:title\" content=\"Se archiv\u00f3 la solicitud de juicio pol\u00edtico contra la Ministra de Gobierno\" \/>\n<meta property=\"og:description\" content=\"REDACCI\u00d3N NOTI AM\u00c9RICA (ECUADOR) La Comisi\u00f3n de Fiscalizaci\u00f3n y Control Pol\u00edtico, presidida por Johanna Cede\u00f1o Zambrano, con 9 votos a favor, aprob\u00f3 el informe por el cual recomienda el archivo de la solicitud de&#046;&#046;&#046;\" \/>\n<meta property=\"og:url\" content=\"https:\/\/noti-america.com\/site\/ecuador\/2019\/12\/13\/se-archivo-la-solicitud-de-juicio-politico-contra-la-ministra-de-gobierno\/\" \/>\n<meta property=\"og:site_name\" content=\"Ecuador | Noti-America.com\" \/>\n<meta property=\"article:published_time\" content=\"2019-12-13T02:12:44+00:00\" \/>\n<meta property=\"og:image\" content=\"https:\/\/noti-america.com\/site\/ecuador\/wp-content\/uploads\/sites\/18\/2019\/12\/Miembros-de-la-comisi\u00f3n-de-fiscalizaci\u00f3n-y-control-pol\u00edtico.jpg\" \/>\n\t<meta property=\"og:image:width\" content=\"420\" \/>\n\t<meta property=\"og:image:height\" content=\"280\" \/>\n\t<meta property=\"og:image:type\" content=\"image\/jpeg\" \/>\n<meta name=\"author\" content=\"Gregory Quintana Montiel\" \/>\n<meta name=\"twitter:card\" content=\"summary_large_image\" \/>\n<meta name=\"twitter:creator\" content=\"@gdgregori1\" \/>\n<meta name=\"twitter:site\" content=\"@notiamerica\" \/>\n<meta name=\"twitter:label1\" content=\"Escrito por\" \/>\n\t<meta name=\"twitter:data1\" content=\"Gregory Quintana Montiel\" \/>\n\t<meta name=\"twitter:label2\" content=\"Tiempo estimado de lectura\" \/>\n\t<meta name=\"twitter:data2\" content=\"1 minuto\" \/>\n<script type=\"application\/ld+json\" class=\"yoast-schema-graph\">{\"@context\":\"https:\/\/schema.org\",\"@graph\":[{\"@type\":\"Article\",\"@id\":\"https:\/\/noti-america.com\/site\/ecuador\/2019\/12\/13\/se-archivo-la-solicitud-de-juicio-politico-contra-la-ministra-de-gobierno\/#article\",\"isPartOf\":{\"@id\":\"https:\/\/noti-america.com\/site\/ecuador\/2019\/12\/13\/se-archivo-la-solicitud-de-juicio-politico-contra-la-ministra-de-gobierno\/\"},\"author\":{\"name\":\"Gregory Quintana Montiel\",\"@id\":\"https:\/\/noti-america.com\/site\/ecuador\/#\/schema\/person\/3b975e42f15abfe64bfe3abdd916efda\"},\"headline\":\"Se archiv\u00f3 la solicitud de juicio pol\u00edtico contra la Ministra de Gobierno\",\"datePublished\":\"2019-12-13T02:12:44+00:00\",\"mainEntityOfPage\":{\"@id\":\"https:\/\/noti-america.com\/site\/ecuador\/2019\/12\/13\/se-archivo-la-solicitud-de-juicio-politico-contra-la-ministra-de-gobierno\/\"},\"wordCount\":244,\"commentCount\":0,\"publisher\":{\"@id\":\"https:\/\/noti-america.com\/site\/ecuador\/#organization\"},\"image\":{\"@id\":\"https:\/\/noti-america.com\/site\/ecuador\/2019\/12\/13\/se-archivo-la-solicitud-de-juicio-politico-contra-la-ministra-de-gobierno\/#primaryimage\"},\"thumbnailUrl\":\"https:\/\/noti-america.com\/site\/ecuador\/wp-content\/uploads\/sites\/18\/2019\/12\/Miembros-de-la-comisi\u00f3n-de-fiscalizaci\u00f3n-y-control-pol\u00edtico.jpg\",\"articleSection\":[\"Pol\u00edtica\"],\"inLanguage\":\"es\",\"potentialAction\":[{\"@type\":\"CommentAction\",\"name\":\"Comment\",\"target\":[\"https:\/\/noti-america.com\/site\/ecuador\/2019\/12\/13\/se-archivo-la-solicitud-de-juicio-politico-contra-la-ministra-de-gobierno\/#respond\"]}]},{\"@type\":\"WebPage\",\"@id\":\"https:\/\/noti-america.com\/site\/ecuador\/2019\/12\/13\/se-archivo-la-solicitud-de-juicio-politico-contra-la-ministra-de-gobierno\/\",\"url\":\"https:\/\/noti-america.com\/site\/ecuador\/2019\/12\/13\/se-archivo-la-solicitud-de-juicio-politico-contra-la-ministra-de-gobierno\/\",\"name\":\"Se archiv\u00f3 la solicitud de juicio pol\u00edtico contra la Ministra de Gobierno - Ecuador | Noti-America.com\",\"isPartOf\":{\"@id\":\"https:\/\/noti-america.com\/site\/ecuador\/#website\"},\"primaryImageOfPage\":{\"@id\":\"https:\/\/noti-america.com\/site\/ecuador\/2019\/12\/13\/se-archivo-la-solicitud-de-juicio-politico-contra-la-ministra-de-gobierno\/#primaryimage\"},\"image\":{\"@id\":\"https:\/\/noti-america.com\/site\/ecuador\/2019\/12\/13\/se-archivo-la-solicitud-de-juicio-politico-contra-la-ministra-de-gobierno\/#primaryimage\"},\"thumbnailUrl\":\"https:\/\/noti-america.com\/site\/ecuador\/wp-content\/uploads\/sites\/18\/2019\/12\/Miembros-de-la-comisi\u00f3n-de-fiscalizaci\u00f3n-y-control-pol\u00edtico.jpg\",\"datePublished\":\"2019-12-13T02:12:44+00:00\",\"breadcrumb\":{\"@id\":\"https:\/\/noti-america.com\/site\/ecuador\/2019\/12\/13\/se-archivo-la-solicitud-de-juicio-politico-contra-la-ministra-de-gobierno\/#breadcrumb\"},\"inLanguage\":\"es\",\"potentialAction\":[{\"@type\":\"ReadAction\",\"target\":[\"https:\/\/noti-america.com\/site\/ecuador\/2019\/12\/13\/se-archivo-la-solicitud-de-juicio-politico-contra-la-ministra-de-gobierno\/\"]}]},{\"@type\":\"ImageObject\",\"inLanguage\":\"es\",\"@id\":\"https:\/\/noti-america.com\/site\/ecuador\/2019\/12\/13\/se-archivo-la-solicitud-de-juicio-politico-contra-la-ministra-de-gobierno\/#primaryimage\",\"url\":\"https:\/\/noti-america.com\/site\/ecuador\/wp-content\/uploads\/sites\/18\/2019\/12\/Miembros-de-la-comisi\u00f3n-de-fiscalizaci\u00f3n-y-control-pol\u00edtico.jpg\",\"contentUrl\":\"https:\/\/noti-america.com\/site\/ecuador\/wp-content\/uploads\/sites\/18\/2019\/12\/Miembros-de-la-comisi\u00f3n-de-fiscalizaci\u00f3n-y-control-pol\u00edtico.jpg\",\"width\":420,\"height\":280},{\"@type\":\"BreadcrumbList\",\"@id\":\"https:\/\/noti-america.com\/site\/ecuador\/2019\/12\/13\/se-archivo-la-solicitud-de-juicio-politico-contra-la-ministra-de-gobierno\/#breadcrumb\",\"itemListElement\":[{\"@type\":\"ListItem\",\"position\":1,\"name\":\"Portada\",\"item\":\"https:\/\/noti-america.com\/site\/ecuador\/\"},{\"@type\":\"ListItem\",\"position\":2,\"name\":\"Se archiv\u00f3 la solicitud de juicio pol\u00edtico contra la Ministra de Gobierno\"}]},{\"@type\":\"WebSite\",\"@id\":\"https:\/\/noti-america.com\/site\/ecuador\/#website\",\"url\":\"https:\/\/noti-america.com\/site\/ecuador\/\",\"name\":\"Ecuador | Noti-America.com\",\"description\":\"\",\"publisher\":{\"@id\":\"https:\/\/noti-america.com\/site\/ecuador\/#organization\"},\"potentialAction\":[{\"@type\":\"SearchAction\",\"target\":{\"@type\":\"EntryPoint\",\"urlTemplate\":\"https:\/\/noti-america.com\/site\/ecuador\/?s={search_term_string}\"},\"query-input\":{\"@type\":\"PropertyValueSpecification\",\"valueRequired\":true,\"valueName\":\"search_term_string\"}}],\"inLanguage\":\"es\"},{\"@type\":\"Organization\",\"@id\":\"https:\/\/noti-america.com\/site\/ecuador\/#organization\",\"name\":\"Noti-America LLC | Ecuador\",\"url\":\"https:\/\/noti-america.com\/site\/ecuador\/\",\"logo\":{\"@type\":\"ImageObject\",\"inLanguage\":\"es\",\"@id\":\"https:\/\/noti-america.com\/site\/ecuador\/#\/schema\/logo\/image\/\",\"url\":\"https:\/\/noti-america.com\/site\/ecuador\/wp-content\/uploads\/sites\/18\/2020\/07\/LogoNA-4x3-1.jpg\",\"contentUrl\":\"https:\/\/noti-america.com\/site\/ecuador\/wp-content\/uploads\/sites\/18\/2020\/07\/LogoNA-4x3-1.jpg\",\"width\":1236,\"height\":1080,\"caption\":\"Noti-America LLC | Ecuador\"},\"image\":{\"@id\":\"https:\/\/noti-america.com\/site\/ecuador\/#\/schema\/logo\/image\/\"},\"sameAs\":[\"https:\/\/x.com\/notiamerica\"]},{\"@type\":\"Person\",\"@id\":\"https:\/\/noti-america.com\/site\/ecuador\/#\/schema\/person\/3b975e42f15abfe64bfe3abdd916efda\",\"name\":\"Gregory Quintana Montiel\",\"image\":{\"@type\":\"ImageObject\",\"inLanguage\":\"es\",\"@id\":\"https:\/\/secure.gravatar.com\/avatar\/2d6b802f7720c2ec7744dcbe608cc2f3417aeb964d58b443c6d612b77531de1d?s=96&d=mm&r=g\",\"url\":\"https:\/\/secure.gravatar.com\/avatar\/2d6b802f7720c2ec7744dcbe608cc2f3417aeb964d58b443c6d612b77531de1d?s=96&d=mm&r=g\",\"contentUrl\":\"https:\/\/secure.gravatar.com\/avatar\/2d6b802f7720c2ec7744dcbe608cc2f3417aeb964d58b443c6d612b77531de1d?s=96&d=mm&r=g\",\"caption\":\"Gregory Quintana Montiel\"},\"description\":\"Licenciatura en Ciencias de la Comunicaci\u00f3n Social, egresado en la Especializaci\u00f3n Derecho Ambiental Desarrollo Sostenible y Sustentable, Miembro de la Comunidad de profesionales y experto para Latinoam\u00e9rica y el Caribe en Gesti\u00f3n por Resultado en el Desarrollo (COPLAC - GpRD) del Banco Interamericano de Desarrollo, experiencia en medios radiales y escritos.\",\"sameAs\":[\"https:\/\/x.com\/gdgregori1\",\"gquintana\"],\"url\":\"https:\/\/noti-america.com\/site\/ecuador\/author\/gquintana\/\"}]}<\/script>\n<!-- \/ Yoast SEO Premium plugin. -->","yoast_head_json":{"title":"Se archiv\u00f3 la solicitud de juicio pol\u00edtico contra la Ministra de Gobierno - Ecuador | Noti-America.com","robots":{"index":"index","follow":"follow","max-snippet":"max-snippet:-1","max-image-preview":"max-image-preview:large","max-video-preview":"max-video-preview:-1"},"canonical":"https:\/\/noti-america.com\/site\/ecuador\/2019\/12\/13\/se-archivo-la-solicitud-de-juicio-politico-contra-la-ministra-de-gobierno\/","og_locale":"es_ES","og_type":"article","og_title":"Se archiv\u00f3 la solicitud de juicio pol\u00edtico contra la Ministra de Gobierno","og_description":"REDACCI\u00d3N NOTI AM\u00c9RICA (ECUADOR) La Comisi\u00f3n de Fiscalizaci\u00f3n y Control Pol\u00edtico, presidida por Johanna Cede\u00f1o Zambrano, con 9 votos a favor, aprob\u00f3 el informe por el cual recomienda el archivo de la solicitud de&#46;&#46;&#46;","og_url":"https:\/\/noti-america.com\/site\/ecuador\/2019\/12\/13\/se-archivo-la-solicitud-de-juicio-politico-contra-la-ministra-de-gobierno\/","og_site_name":"Ecuador | Noti-America.com","article_published_time":"2019-12-13T02:12:44+00:00","og_image":[{"width":420,"height":280,"url":"https:\/\/noti-america.com\/site\/ecuador\/wp-content\/uploads\/sites\/18\/2019\/12\/Miembros-de-la-comisi\u00f3n-de-fiscalizaci\u00f3n-y-control-pol\u00edtico.jpg","type":"image\/jpeg"}],"author":"Gregory Quintana Montiel","twitter_card":"summary_large_image","twitter_creator":"@gdgregori1","twitter_site":"@notiamerica","twitter_misc":{"Escrito por":"Gregory Quintana Montiel","Tiempo estimado de lectura":"1 minuto"},"schema":{"@context":"https:\/\/schema.org","@graph":[{"@type":"Article","@id":"https:\/\/noti-america.com\/site\/ecuador\/2019\/12\/13\/se-archivo-la-solicitud-de-juicio-politico-contra-la-ministra-de-gobierno\/#article","isPartOf":{"@id":"https:\/\/noti-america.com\/site\/ecuador\/2019\/12\/13\/se-archivo-la-solicitud-de-juicio-politico-contra-la-ministra-de-gobierno\/"},"author":{"name":"Gregory Quintana Montiel","@id":"https:\/\/noti-america.com\/site\/ecuador\/#\/schema\/person\/3b975e42f15abfe64bfe3abdd916efda"},"headline":"Se archiv\u00f3 la solicitud de juicio pol\u00edtico contra la Ministra de Gobierno","datePublished":"2019-12-13T02:12:44+00:00","mainEntityOfPage":{"@id":"https:\/\/noti-america.com\/site\/ecuador\/2019\/12\/13\/se-archivo-la-solicitud-de-juicio-politico-contra-la-ministra-de-gobierno\/"},"wordCount":244,"commentCount":0,"publisher":{"@id":"https:\/\/noti-america.com\/site\/ecuador\/#organization"},"image":{"@id":"https:\/\/noti-america.com\/site\/ecuador\/2019\/12\/13\/se-archivo-la-solicitud-de-juicio-politico-contra-la-ministra-de-gobierno\/#primaryimage"},"thumbnailUrl":"https:\/\/noti-america.com\/site\/ecuador\/wp-content\/uploads\/sites\/18\/2019\/12\/Miembros-de-la-comisi\u00f3n-de-fiscalizaci\u00f3n-y-control-pol\u00edtico.jpg","articleSection":["Pol\u00edtica"],"inLanguage":"es","potentialAction":[{"@type":"CommentAction","name":"Comment","target":["https:\/\/noti-america.com\/site\/ecuador\/2019\/12\/13\/se-archivo-la-solicitud-de-juicio-politico-contra-la-ministra-de-gobierno\/#respond"]}]},{"@type":"WebPage","@id":"https:\/\/noti-america.com\/site\/ecuador\/2019\/12\/13\/se-archivo-la-solicitud-de-juicio-politico-contra-la-ministra-de-gobierno\/","url":"https:\/\/noti-america.com\/site\/ecuador\/2019\/12\/13\/se-archivo-la-solicitud-de-juicio-politico-contra-la-ministra-de-gobierno\/","name":"Se archiv\u00f3 la solicitud de juicio pol\u00edtico contra la Ministra de Gobierno - Ecuador | Noti-America.com","isPartOf":{"@id":"https:\/\/noti-america.com\/site\/ecuador\/#website"},"primaryImageOfPage":{"@id":"https:\/\/noti-america.com\/site\/ecuador\/2019\/12\/13\/se-archivo-la-solicitud-de-juicio-politico-contra-la-ministra-de-gobierno\/#primaryimage"},"image":{"@id":"https:\/\/noti-america.com\/site\/ecuador\/2019\/12\/13\/se-archivo-la-solicitud-de-juicio-politico-contra-la-ministra-de-gobierno\/#primaryimage"},"thumbnailUrl":"https:\/\/noti-america.com\/site\/ecuador\/wp-content\/uploads\/sites\/18\/2019\/12\/Miembros-de-la-comisi\u00f3n-de-fiscalizaci\u00f3n-y-control-pol\u00edtico.jpg","datePublished":"2019-12-13T02:12:44+00:00","breadcrumb":{"@id":"https:\/\/noti-america.com\/site\/ecuador\/2019\/12\/13\/se-archivo-la-solicitud-de-juicio-politico-contra-la-ministra-de-gobierno\/#breadcrumb"},"inLanguage":"es","potentialAction":[{"@type":"ReadAction","target":["https:\/\/noti-america.com\/site\/ecuador\/2019\/12\/13\/se-archivo-la-solicitud-de-juicio-politico-contra-la-ministra-de-gobierno\/"]}]},{"@type":"ImageObject","inLanguage":"es","@id":"https:\/\/noti-america.com\/site\/ecuador\/2019\/12\/13\/se-archivo-la-solicitud-de-juicio-politico-contra-la-ministra-de-gobierno\/#primaryimage","url":"https:\/\/noti-america.com\/site\/ecuador\/wp-content\/uploads\/sites\/18\/2019\/12\/Miembros-de-la-comisi\u00f3n-de-fiscalizaci\u00f3n-y-control-pol\u00edtico.jpg","contentUrl":"https:\/\/noti-america.com\/site\/ecuador\/wp-content\/uploads\/sites\/18\/2019\/12\/Miembros-de-la-comisi\u00f3n-de-fiscalizaci\u00f3n-y-control-pol\u00edtico.jpg","width":420,"height":280},{"@type":"BreadcrumbList","@id":"https:\/\/noti-america.com\/site\/ecuador\/2019\/12\/13\/se-archivo-la-solicitud-de-juicio-politico-contra-la-ministra-de-gobierno\/#breadcrumb","itemListElement":[{"@type":"ListItem","position":1,"name":"Portada","item":"https:\/\/noti-america.com\/site\/ecuador\/"},{"@type":"ListItem","position":2,"name":"Se archiv\u00f3 la solicitud de juicio pol\u00edtico contra la Ministra de Gobierno"}]},{"@type":"WebSite","@id":"https:\/\/noti-america.com\/site\/ecuador\/#website","url":"https:\/\/noti-america.com\/site\/ecuador\/","name":"Ecuador | Noti-America.com","description":"","publisher":{"@id":"https:\/\/noti-america.com\/site\/ecuador\/#organization"},"potentialAction":[{"@type":"SearchAction","target":{"@type":"EntryPoint","urlTemplate":"https:\/\/noti-america.com\/site\/ecuador\/?s={search_term_string}"},"query-input":{"@type":"PropertyValueSpecification","valueRequired":true,"valueName":"search_term_string"}}],"inLanguage":"es"},{"@type":"Organization","@id":"https:\/\/noti-america.com\/site\/ecuador\/#organization","name":"Noti-America LLC | Ecuador","url":"https:\/\/noti-america.com\/site\/ecuador\/","logo":{"@type":"ImageObject","inLanguage":"es","@id":"https:\/\/noti-america.com\/site\/ecuador\/#\/schema\/logo\/image\/","url":"https:\/\/noti-america.com\/site\/ecuador\/wp-content\/uploads\/sites\/18\/2020\/07\/LogoNA-4x3-1.jpg","contentUrl":"https:\/\/noti-america.com\/site\/ecuador\/wp-content\/uploads\/sites\/18\/2020\/07\/LogoNA-4x3-1.jpg","width":1236,"height":1080,"caption":"Noti-America LLC | Ecuador"},"image":{"@id":"https:\/\/noti-america.com\/site\/ecuador\/#\/schema\/logo\/image\/"},"sameAs":["https:\/\/x.com\/notiamerica"]},{"@type":"Person","@id":"https:\/\/noti-america.com\/site\/ecuador\/#\/schema\/person\/3b975e42f15abfe64bfe3abdd916efda","name":"Gregory Quintana Montiel","image":{"@type":"ImageObject","inLanguage":"es","@id":"https:\/\/secure.gravatar.com\/avatar\/2d6b802f7720c2ec7744dcbe608cc2f3417aeb964d58b443c6d612b77531de1d?s=96&d=mm&r=g","url":"https:\/\/secure.gravatar.com\/avatar\/2d6b802f7720c2ec7744dcbe608cc2f3417aeb964d58b443c6d612b77531de1d?s=96&d=mm&r=g","contentUrl":"https:\/\/secure.gravatar.com\/avatar\/2d6b802f7720c2ec7744dcbe608cc2f3417aeb964d58b443c6d612b77531de1d?s=96&d=mm&r=g","caption":"Gregory Quintana Montiel"},"description":"Licenciatura en Ciencias de la Comunicaci\u00f3n Social, egresado en la Especializaci\u00f3n Derecho Ambiental Desarrollo Sostenible y Sustentable, Miembro de la Comunidad de profesionales y experto para Latinoam\u00e9rica y el Caribe en Gesti\u00f3n por Resultado en el Desarrollo (COPLAC - GpRD) del Banco Interamericano de Desarrollo, experiencia en medios radiales y escritos.","sameAs":["https:\/\/x.com\/gdgregori1","gquintana"],"url":"https:\/\/noti-america.com\/site\/ecuador\/author\/gquintana\/"}]}},"_links":{"self":[{"href":"https:\/\/noti-america.com\/site\/ecuador\/wp-json\/wp\/v2\/posts\/6803","targetHints":{"allow":["GET"]}}],"collection":[{"href":"https:\/\/noti-america.com\/site\/ecuador\/wp-json\/wp\/v2\/posts"}],"about":[{"href":"https:\/\/noti-america.com\/site\/ecuador\/wp-json\/wp\/v2\/types\/post"}],"author":[{"embeddable":true,"href":"https:\/\/noti-america.com\/site\/ecuador\/wp-json\/wp\/v2\/users\/17"}],"replies":[{"embeddable":true,"href":"https:\/\/noti-america.com\/site\/ecuador\/wp-json\/wp\/v2\/comments?post=6803"}],"version-history":[{"count":1,"href":"https:\/\/noti-america.com\/site\/ecuador\/wp-json\/wp\/v2\/posts\/6803\/revisions"}],"predecessor-version":[{"id":6805,"href":"https:\/\/noti-america.com\/site\/ecuador\/wp-json\/wp\/v2\/posts\/6803\/revisions\/6805"}],"wp:featuredmedia":[{"embeddable":true,"href":"https:\/\/noti-america.com\/site\/ecuador\/wp-json\/wp\/v2\/media\/6804"}],"wp:attachment":[{"href":"https:\/\/noti-america.com\/site\/ecuador\/wp-json\/wp\/v2\/media?parent=6803"}],"wp:term":[{"taxonomy":"category","embeddable":true,"href":"https:\/\/noti-america.com\/site\/ecuador\/wp-json\/wp\/v2\/categories?post=6803"},{"taxonomy":"post_tag","embeddable":true,"href":"https:\/\/noti-america.com\/site\/ecuador\/wp-json\/wp\/v2\/tags?post=6803"}],"curies":[{"name":"wp","href":"https:\/\/api.w.org\/{rel}","templated":true}]}}