{"id":6795,"date":"2019-12-13T00:26:44","date_gmt":"2019-12-13T00:26:44","guid":{"rendered":"http:\/\/noti-america.com\/site\/ecuador\/?p=6795"},"modified":"2019-12-13T00:26:44","modified_gmt":"2019-12-13T00:26:44","slug":"que-tienen-en-comun-los-peinados-voluminosos-y-la-capa-de-ozono","status":"publish","type":"post","link":"https:\/\/noti-america.com\/site\/ecuador\/2019\/12\/13\/que-tienen-en-comun-los-peinados-voluminosos-y-la-capa-de-ozono\/","title":{"rendered":"\u00bfQu\u00e9 tienen en com\u00fan los peinados voluminosos y la capa de ozono?"},"content":{"rendered":"<p>REDACCI\u00d3N NOTI AM\u00c9RICA (ECUADOR) por\u00a0Roberto Leal Rosillo<\/p>\n<p style=\"text-align: justify\">Si eras un ni\u00f1o o adolescente hacia fines de la d\u00e9cada del \u201970 y en la del \u201980, seguramente bailaste ante alg\u00fan video musical en MTV y trataste de llevar un peinado inspirado en los movimientos musicales del momento: desde aquellos esponjosos y enrulados de estrellas pop como Madonna y Michael Jackson, hasta unos m\u00e1s elaborados y voluminosos al estilo\u00a0<em>glam rock,<\/em>\u00a0como los que luc\u00edan el integrante de Motley Crue, Nikki Sixx, y Slash de los Guns n\u2019 Roses.<\/p>\n<p style=\"text-align: justify\">Y como bien es sabido, en la mayor\u00eda de los hogares, el responsable de estos peinados tan sofisticados era un producto cotidiano: el spray para cabello.<\/p>\n<p style=\"text-align: justify\">Durante esa misma \u00e9poca comenzaron las advertencias en los medios sobre el descubrimiento de un agujero sustancial en nuestra capa de ozono. Recuerdo que de peque\u00f1o imaginaba c\u00f3mo repentinamente esa capa protectora de nuestro planeta comenzaba a desaparecer y todos \u00edbamos a derretirnos producto de la radiaci\u00f3n solar ultravioleta. Ya no ser\u00eda seguro estar al aire libre.<\/p>\n<p style=\"text-align: justify\">No obstante, gracias a la labor del qu\u00edmico mexicano Mario Molina y su contraparte de Estados Unidos, Frank Sherwood Rowland, que les vali\u00f3 el Premio Nobel de Qu\u00edmica en 1995, se conoci\u00f3 que la principal causa del deterioro de la capa de ozono era el uso de Clorofluorocarbonados (CFCs) que ciertos productos liberaban hacia la atm\u00f3sfera.<\/p>\n<p style=\"text-align: justify\">Los CFCs constitu\u00edan uno de los componentes principales de esos spray para cabellos que alguna vez fueron tan populares, as\u00ed como de varios productos de limpieza de uso habitual. Tambi\u00e9n se encuentran entre los principales agentes refrigerantes utilizados por neveras y aparatos de aire acondicionado. El trabajo de Molina y Sherwood dio lugar a la creaci\u00f3n del\u00a0Protocolo de Montreal, un acuerdo mundial que cuenta con 197 signatarios para proteger la capa estratosf\u00e9rica de ozono, eliminando progresivamente del planeta la producci\u00f3n y consumo de sustancias reductoras de ozono.<\/p>\n<p style=\"text-align: justify\"><img loading=\"lazy\" decoding=\"async\" class=\"wp-image-16055 alignright\" src=\"https:\/\/blogs.iadb.org\/sostenibilidad\/wp-content\/uploads\/sites\/26\/2019\/10\/oz-300x300.jpg\" alt=\"\" width=\"303\" height=\"303\" \/><\/p>\n<p style=\"text-align: justify\">Sin embargo, como las mol\u00e9culas de CFC perduran entre 20 y 100 \u00a0a\u00f1os en nuestra atm\u00f3sfera, y debido a los esfuerzos recientes por ir elimin\u00e1ndolos gradualmente, se calcula que para el a\u00f1o 2060, la capa de ozono en las regiones norte, sur y polares, se habr\u00e1n repuesto por completo. Este progreso inspir\u00f3.<\/p>\n<p style=\"text-align: justify\">Lamentablemente, los impactos de los CFCs no se limitan a la capa de ozono. Tambi\u00e9n constituyen un gas de efecto invernadero (GEI), m\u00e1s potente incluso que el Di\u00f3xido de Carbono (CO2), lo que los vuelve un precursor fundamental del cambio clim\u00e1tico. Una sola mol\u00e9cula de CFC-12 puede contener casi 11.000 veces el calor del CO2 lo que lo vuelve un\u00a0gas del efecto invernadero incre\u00edblemente potente. Y la historia no termina ah\u00ed: otros gases utilizados para refrigeraci\u00f3n y en unidades de aire acondicionado, como los HCFCs y los HFCs, tambi\u00e9n tienen un fuerte efecto de gas iNvernadero.<\/p>\n<p style=\"text-align: justify\">El Banco Interamericano de Desarrollo ha estado trabajando junto a varios pa\u00edses miembros en a\u00f1os recientes para apoyar la eliminaci\u00f3n de CFCs y reducir el impacto de GEI de los aparatos de refrigeraci\u00f3n. Un ejemplo es el pr\u00e9stamo de US$30 millones otorgado a M\u00e9xico, trabajando en conjunto con la Secretar\u00eda de Energ\u00eda (SENER) y la Comisi\u00f3n Nacional para el Uso Eficiente de la Energ\u00eda (CONUEE). El cr\u00e9dito ofrece beneficios ambientales y sociales basados en el ahorro energ\u00e9tico y reducci\u00f3n de GEI en el sector el\u00e9ctrico. Se prev\u00e9 que el programa reemplace m\u00e1s de 4.000 unidades antiguas de aire acondicionado por otras m\u00e1s modernas y eficientes en un 80% de los 2.258 edificios de las oficinas de la Administraci\u00f3n P\u00fablica Federal. Se calcula que se ahorrar\u00e1n m\u00e1s de 115 GWh al a\u00f1o, sumando otros componentes del proyecto, como el reacondicionamiento de luminarias. Estos ahorros anuales equivalen a casi el 35% del consumo el\u00e9ctrico de las oficinas de la Administraci\u00f3n P\u00fablica Federal.<\/p>\n<p style=\"text-align: justify\">Como parte de la misi\u00f3n de las\u00a0salvaguardias del Banco\u00a0por cumplir con el Protocolo de Montreal, se instauraron procesos para garantizar que todos los antiguos equipos con emisi\u00f3n de CFCs que fueran removidos, sean manejados y destruidos adecuadamente de manera tal que se prevenga que sus CFCs se liberen a la atm\u00f3sfera.<\/p>\n<p style=\"text-align: justify\">La historia no termina aqu\u00ed. Actualmente, el Banco est\u00e1 trabajando en m\u00e1s operaciones para ayudar a que los pa\u00edses eliminen progresivamente los CFCs y reduzcan los impactos de GEI de equipos desactualizados en la regi\u00f3n.<\/p>\n<p style=\"text-align: justify\">As\u00ed como algunos peinados nunca pasan de moda, el spray para cabellos ha logrado sobrevivir, pero sin CFCs. Y si bien nuestras necesidades de refrigeraci\u00f3n jam\u00e1s desaparecer\u00e1n, las opciones para reducir nuestros impactos de GEI y ozono, ya existen. Debemos seguir desarrollando opciones para mantenernos a la moda, frescos y seguir adelante.<\/p>\n<p>Fuente. BID<\/p>\n","protected":false},"excerpt":{"rendered":"<p>REDACCI\u00d3N NOTI AM\u00c9RICA (ECUADOR) por\u00a0Roberto Leal Rosillo Si eras un ni\u00f1o o adolescente hacia fines de la d\u00e9cada del \u201970 y en la del \u201980, seguramente bailaste ante alg\u00fan video musical en MTV y&#46;&#46;&#46;<\/p>\n","protected":false},"author":17,"featured_media":6798,"comment_status":"open","ping_status":"open","sticky":false,"template":"","format":"standard","meta":{"_acf_changed":false,"om_disable_all_campaigns":false,"rop_custom_images_group":[],"rop_custom_messages_group":[],"rop_publish_now":"initial","rop_publish_now_accounts":{"twitter_242054905_242054905":""},"rop_publish_now_history":[],"rop_publish_now_status":"pending","_uf_show_specific_survey":0,"_uf_disable_surveys":false,"footnotes":""},"categories":[111],"tags":[],"class_list":["post-6795","post","type-post","status-publish","format-standard","has-post-thumbnail","hentry","category-sostenibilidad-y-cambio-climatico"],"acf":[],"aioseo_notices":[],"yoast_head":"<!-- This site is optimized with the Yoast SEO Premium plugin v24.9 (Yoast SEO v27.2) - https:\/\/yoast.com\/product\/yoast-seo-premium-wordpress\/ -->\n<title>\u00bfQu\u00e9 tienen en com\u00fan los peinados voluminosos y la capa de ozono? - Ecuador | Noti-America.com<\/title>\n<meta name=\"robots\" content=\"index, follow, max-snippet:-1, max-image-preview:large, max-video-preview:-1\" \/>\n<link rel=\"canonical\" href=\"https:\/\/noti-america.com\/site\/ecuador\/2019\/12\/13\/que-tienen-en-comun-los-peinados-voluminosos-y-la-capa-de-ozono\/\" \/>\n<meta property=\"og:locale\" content=\"es_ES\" \/>\n<meta property=\"og:type\" content=\"article\" \/>\n<meta property=\"og:title\" content=\"\u00bfQu\u00e9 tienen en com\u00fan los peinados voluminosos y la capa de ozono?\" \/>\n<meta property=\"og:description\" content=\"REDACCI\u00d3N NOTI AM\u00c9RICA (ECUADOR) por\u00a0Roberto Leal Rosillo Si eras un ni\u00f1o o adolescente hacia fines de la d\u00e9cada del \u201970 y en la del \u201980, seguramente bailaste ante alg\u00fan video musical en MTV y&#046;&#046;&#046;\" \/>\n<meta property=\"og:url\" content=\"https:\/\/noti-america.com\/site\/ecuador\/2019\/12\/13\/que-tienen-en-comun-los-peinados-voluminosos-y-la-capa-de-ozono\/\" \/>\n<meta property=\"og:site_name\" content=\"Ecuador | Noti-America.com\" \/>\n<meta property=\"article:published_time\" content=\"2019-12-13T00:26:44+00:00\" \/>\n<meta property=\"og:image\" content=\"https:\/\/noti-america.com\/site\/ecuador\/wp-content\/uploads\/sites\/18\/2019\/12\/OZONO.png\" \/>\n\t<meta property=\"og:image:width\" content=\"810\" \/>\n\t<meta property=\"og:image:height\" content=\"530\" \/>\n\t<meta property=\"og:image:type\" content=\"image\/png\" \/>\n<meta name=\"author\" content=\"Gregory Quintana Montiel\" \/>\n<meta name=\"twitter:card\" content=\"summary_large_image\" \/>\n<meta name=\"twitter:creator\" content=\"@gdgregori1\" \/>\n<meta name=\"twitter:site\" content=\"@notiamerica\" \/>\n<meta name=\"twitter:label1\" content=\"Escrito por\" \/>\n\t<meta name=\"twitter:data1\" content=\"Gregory Quintana Montiel\" \/>\n\t<meta name=\"twitter:label2\" content=\"Tiempo estimado de lectura\" \/>\n\t<meta name=\"twitter:data2\" content=\"4 minutos\" \/>\n<script type=\"application\/ld+json\" class=\"yoast-schema-graph\">{\"@context\":\"https:\/\/schema.org\",\"@graph\":[{\"@type\":\"Article\",\"@id\":\"https:\/\/noti-america.com\/site\/ecuador\/2019\/12\/13\/que-tienen-en-comun-los-peinados-voluminosos-y-la-capa-de-ozono\/#article\",\"isPartOf\":{\"@id\":\"https:\/\/noti-america.com\/site\/ecuador\/2019\/12\/13\/que-tienen-en-comun-los-peinados-voluminosos-y-la-capa-de-ozono\/\"},\"author\":{\"name\":\"Gregory Quintana Montiel\",\"@id\":\"https:\/\/noti-america.com\/site\/ecuador\/#\/schema\/person\/3b975e42f15abfe64bfe3abdd916efda\"},\"headline\":\"\u00bfQu\u00e9 tienen en com\u00fan los peinados voluminosos y la capa de ozono?\",\"datePublished\":\"2019-12-13T00:26:44+00:00\",\"mainEntityOfPage\":{\"@id\":\"https:\/\/noti-america.com\/site\/ecuador\/2019\/12\/13\/que-tienen-en-comun-los-peinados-voluminosos-y-la-capa-de-ozono\/\"},\"wordCount\":833,\"commentCount\":0,\"publisher\":{\"@id\":\"https:\/\/noti-america.com\/site\/ecuador\/#organization\"},\"image\":{\"@id\":\"https:\/\/noti-america.com\/site\/ecuador\/2019\/12\/13\/que-tienen-en-comun-los-peinados-voluminosos-y-la-capa-de-ozono\/#primaryimage\"},\"thumbnailUrl\":\"https:\/\/noti-america.com\/site\/ecuador\/wp-content\/uploads\/sites\/18\/2019\/12\/OZONO.png\",\"articleSection\":[\"Sostenibilidad y Cambio Clim\u00e1tico\"],\"inLanguage\":\"es\",\"potentialAction\":[{\"@type\":\"CommentAction\",\"name\":\"Comment\",\"target\":[\"https:\/\/noti-america.com\/site\/ecuador\/2019\/12\/13\/que-tienen-en-comun-los-peinados-voluminosos-y-la-capa-de-ozono\/#respond\"]}]},{\"@type\":\"WebPage\",\"@id\":\"https:\/\/noti-america.com\/site\/ecuador\/2019\/12\/13\/que-tienen-en-comun-los-peinados-voluminosos-y-la-capa-de-ozono\/\",\"url\":\"https:\/\/noti-america.com\/site\/ecuador\/2019\/12\/13\/que-tienen-en-comun-los-peinados-voluminosos-y-la-capa-de-ozono\/\",\"name\":\"\u00bfQu\u00e9 tienen en com\u00fan los peinados voluminosos y la capa de ozono? - Ecuador | Noti-America.com\",\"isPartOf\":{\"@id\":\"https:\/\/noti-america.com\/site\/ecuador\/#website\"},\"primaryImageOfPage\":{\"@id\":\"https:\/\/noti-america.com\/site\/ecuador\/2019\/12\/13\/que-tienen-en-comun-los-peinados-voluminosos-y-la-capa-de-ozono\/#primaryimage\"},\"image\":{\"@id\":\"https:\/\/noti-america.com\/site\/ecuador\/2019\/12\/13\/que-tienen-en-comun-los-peinados-voluminosos-y-la-capa-de-ozono\/#primaryimage\"},\"thumbnailUrl\":\"https:\/\/noti-america.com\/site\/ecuador\/wp-content\/uploads\/sites\/18\/2019\/12\/OZONO.png\",\"datePublished\":\"2019-12-13T00:26:44+00:00\",\"breadcrumb\":{\"@id\":\"https:\/\/noti-america.com\/site\/ecuador\/2019\/12\/13\/que-tienen-en-comun-los-peinados-voluminosos-y-la-capa-de-ozono\/#breadcrumb\"},\"inLanguage\":\"es\",\"potentialAction\":[{\"@type\":\"ReadAction\",\"target\":[\"https:\/\/noti-america.com\/site\/ecuador\/2019\/12\/13\/que-tienen-en-comun-los-peinados-voluminosos-y-la-capa-de-ozono\/\"]}]},{\"@type\":\"ImageObject\",\"inLanguage\":\"es\",\"@id\":\"https:\/\/noti-america.com\/site\/ecuador\/2019\/12\/13\/que-tienen-en-comun-los-peinados-voluminosos-y-la-capa-de-ozono\/#primaryimage\",\"url\":\"https:\/\/noti-america.com\/site\/ecuador\/wp-content\/uploads\/sites\/18\/2019\/12\/OZONO.png\",\"contentUrl\":\"https:\/\/noti-america.com\/site\/ecuador\/wp-content\/uploads\/sites\/18\/2019\/12\/OZONO.png\",\"width\":810,\"height\":530},{\"@type\":\"BreadcrumbList\",\"@id\":\"https:\/\/noti-america.com\/site\/ecuador\/2019\/12\/13\/que-tienen-en-comun-los-peinados-voluminosos-y-la-capa-de-ozono\/#breadcrumb\",\"itemListElement\":[{\"@type\":\"ListItem\",\"position\":1,\"name\":\"Portada\",\"item\":\"https:\/\/noti-america.com\/site\/ecuador\/\"},{\"@type\":\"ListItem\",\"position\":2,\"name\":\"\u00bfQu\u00e9 tienen en com\u00fan los peinados voluminosos y la capa de ozono?\"}]},{\"@type\":\"WebSite\",\"@id\":\"https:\/\/noti-america.com\/site\/ecuador\/#website\",\"url\":\"https:\/\/noti-america.com\/site\/ecuador\/\",\"name\":\"Ecuador | Noti-America.com\",\"description\":\"\",\"publisher\":{\"@id\":\"https:\/\/noti-america.com\/site\/ecuador\/#organization\"},\"potentialAction\":[{\"@type\":\"SearchAction\",\"target\":{\"@type\":\"EntryPoint\",\"urlTemplate\":\"https:\/\/noti-america.com\/site\/ecuador\/?s={search_term_string}\"},\"query-input\":{\"@type\":\"PropertyValueSpecification\",\"valueRequired\":true,\"valueName\":\"search_term_string\"}}],\"inLanguage\":\"es\"},{\"@type\":\"Organization\",\"@id\":\"https:\/\/noti-america.com\/site\/ecuador\/#organization\",\"name\":\"Noti-America LLC | Ecuador\",\"url\":\"https:\/\/noti-america.com\/site\/ecuador\/\",\"logo\":{\"@type\":\"ImageObject\",\"inLanguage\":\"es\",\"@id\":\"https:\/\/noti-america.com\/site\/ecuador\/#\/schema\/logo\/image\/\",\"url\":\"https:\/\/noti-america.com\/site\/ecuador\/wp-content\/uploads\/sites\/18\/2020\/07\/LogoNA-4x3-1.jpg\",\"contentUrl\":\"https:\/\/noti-america.com\/site\/ecuador\/wp-content\/uploads\/sites\/18\/2020\/07\/LogoNA-4x3-1.jpg\",\"width\":1236,\"height\":1080,\"caption\":\"Noti-America LLC | Ecuador\"},\"image\":{\"@id\":\"https:\/\/noti-america.com\/site\/ecuador\/#\/schema\/logo\/image\/\"},\"sameAs\":[\"https:\/\/x.com\/notiamerica\"]},{\"@type\":\"Person\",\"@id\":\"https:\/\/noti-america.com\/site\/ecuador\/#\/schema\/person\/3b975e42f15abfe64bfe3abdd916efda\",\"name\":\"Gregory Quintana Montiel\",\"image\":{\"@type\":\"ImageObject\",\"inLanguage\":\"es\",\"@id\":\"https:\/\/secure.gravatar.com\/avatar\/2d6b802f7720c2ec7744dcbe608cc2f3417aeb964d58b443c6d612b77531de1d?s=96&d=mm&r=g\",\"url\":\"https:\/\/secure.gravatar.com\/avatar\/2d6b802f7720c2ec7744dcbe608cc2f3417aeb964d58b443c6d612b77531de1d?s=96&d=mm&r=g\",\"contentUrl\":\"https:\/\/secure.gravatar.com\/avatar\/2d6b802f7720c2ec7744dcbe608cc2f3417aeb964d58b443c6d612b77531de1d?s=96&d=mm&r=g\",\"caption\":\"Gregory Quintana Montiel\"},\"description\":\"Licenciatura en Ciencias de la Comunicaci\u00f3n Social, egresado en la Especializaci\u00f3n Derecho Ambiental Desarrollo Sostenible y Sustentable, Miembro de la Comunidad de profesionales y experto para Latinoam\u00e9rica y el Caribe en Gesti\u00f3n por Resultado en el Desarrollo (COPLAC - GpRD) del Banco Interamericano de Desarrollo, experiencia en medios radiales y escritos.\",\"sameAs\":[\"https:\/\/x.com\/gdgregori1\",\"gquintana\"],\"url\":\"https:\/\/noti-america.com\/site\/ecuador\/author\/gquintana\/\"}]}<\/script>\n<!-- \/ Yoast SEO Premium plugin. -->","yoast_head_json":{"title":"\u00bfQu\u00e9 tienen en com\u00fan los peinados voluminosos y la capa de ozono? - Ecuador | Noti-America.com","robots":{"index":"index","follow":"follow","max-snippet":"max-snippet:-1","max-image-preview":"max-image-preview:large","max-video-preview":"max-video-preview:-1"},"canonical":"https:\/\/noti-america.com\/site\/ecuador\/2019\/12\/13\/que-tienen-en-comun-los-peinados-voluminosos-y-la-capa-de-ozono\/","og_locale":"es_ES","og_type":"article","og_title":"\u00bfQu\u00e9 tienen en com\u00fan los peinados voluminosos y la capa de ozono?","og_description":"REDACCI\u00d3N NOTI AM\u00c9RICA (ECUADOR) por\u00a0Roberto Leal Rosillo Si eras un ni\u00f1o o adolescente hacia fines de la d\u00e9cada del \u201970 y en la del \u201980, seguramente bailaste ante alg\u00fan video musical en MTV y&#46;&#46;&#46;","og_url":"https:\/\/noti-america.com\/site\/ecuador\/2019\/12\/13\/que-tienen-en-comun-los-peinados-voluminosos-y-la-capa-de-ozono\/","og_site_name":"Ecuador | Noti-America.com","article_published_time":"2019-12-13T00:26:44+00:00","og_image":[{"width":810,"height":530,"url":"https:\/\/noti-america.com\/site\/ecuador\/wp-content\/uploads\/sites\/18\/2019\/12\/OZONO.png","type":"image\/png"}],"author":"Gregory Quintana Montiel","twitter_card":"summary_large_image","twitter_creator":"@gdgregori1","twitter_site":"@notiamerica","twitter_misc":{"Escrito por":"Gregory Quintana Montiel","Tiempo estimado de lectura":"4 minutos"},"schema":{"@context":"https:\/\/schema.org","@graph":[{"@type":"Article","@id":"https:\/\/noti-america.com\/site\/ecuador\/2019\/12\/13\/que-tienen-en-comun-los-peinados-voluminosos-y-la-capa-de-ozono\/#article","isPartOf":{"@id":"https:\/\/noti-america.com\/site\/ecuador\/2019\/12\/13\/que-tienen-en-comun-los-peinados-voluminosos-y-la-capa-de-ozono\/"},"author":{"name":"Gregory Quintana Montiel","@id":"https:\/\/noti-america.com\/site\/ecuador\/#\/schema\/person\/3b975e42f15abfe64bfe3abdd916efda"},"headline":"\u00bfQu\u00e9 tienen en com\u00fan los peinados voluminosos y la capa de ozono?","datePublished":"2019-12-13T00:26:44+00:00","mainEntityOfPage":{"@id":"https:\/\/noti-america.com\/site\/ecuador\/2019\/12\/13\/que-tienen-en-comun-los-peinados-voluminosos-y-la-capa-de-ozono\/"},"wordCount":833,"commentCount":0,"publisher":{"@id":"https:\/\/noti-america.com\/site\/ecuador\/#organization"},"image":{"@id":"https:\/\/noti-america.com\/site\/ecuador\/2019\/12\/13\/que-tienen-en-comun-los-peinados-voluminosos-y-la-capa-de-ozono\/#primaryimage"},"thumbnailUrl":"https:\/\/noti-america.com\/site\/ecuador\/wp-content\/uploads\/sites\/18\/2019\/12\/OZONO.png","articleSection":["Sostenibilidad y Cambio Clim\u00e1tico"],"inLanguage":"es","potentialAction":[{"@type":"CommentAction","name":"Comment","target":["https:\/\/noti-america.com\/site\/ecuador\/2019\/12\/13\/que-tienen-en-comun-los-peinados-voluminosos-y-la-capa-de-ozono\/#respond"]}]},{"@type":"WebPage","@id":"https:\/\/noti-america.com\/site\/ecuador\/2019\/12\/13\/que-tienen-en-comun-los-peinados-voluminosos-y-la-capa-de-ozono\/","url":"https:\/\/noti-america.com\/site\/ecuador\/2019\/12\/13\/que-tienen-en-comun-los-peinados-voluminosos-y-la-capa-de-ozono\/","name":"\u00bfQu\u00e9 tienen en com\u00fan los peinados voluminosos y la capa de ozono? - Ecuador | Noti-America.com","isPartOf":{"@id":"https:\/\/noti-america.com\/site\/ecuador\/#website"},"primaryImageOfPage":{"@id":"https:\/\/noti-america.com\/site\/ecuador\/2019\/12\/13\/que-tienen-en-comun-los-peinados-voluminosos-y-la-capa-de-ozono\/#primaryimage"},"image":{"@id":"https:\/\/noti-america.com\/site\/ecuador\/2019\/12\/13\/que-tienen-en-comun-los-peinados-voluminosos-y-la-capa-de-ozono\/#primaryimage"},"thumbnailUrl":"https:\/\/noti-america.com\/site\/ecuador\/wp-content\/uploads\/sites\/18\/2019\/12\/OZONO.png","datePublished":"2019-12-13T00:26:44+00:00","breadcrumb":{"@id":"https:\/\/noti-america.com\/site\/ecuador\/2019\/12\/13\/que-tienen-en-comun-los-peinados-voluminosos-y-la-capa-de-ozono\/#breadcrumb"},"inLanguage":"es","potentialAction":[{"@type":"ReadAction","target":["https:\/\/noti-america.com\/site\/ecuador\/2019\/12\/13\/que-tienen-en-comun-los-peinados-voluminosos-y-la-capa-de-ozono\/"]}]},{"@type":"ImageObject","inLanguage":"es","@id":"https:\/\/noti-america.com\/site\/ecuador\/2019\/12\/13\/que-tienen-en-comun-los-peinados-voluminosos-y-la-capa-de-ozono\/#primaryimage","url":"https:\/\/noti-america.com\/site\/ecuador\/wp-content\/uploads\/sites\/18\/2019\/12\/OZONO.png","contentUrl":"https:\/\/noti-america.com\/site\/ecuador\/wp-content\/uploads\/sites\/18\/2019\/12\/OZONO.png","width":810,"height":530},{"@type":"BreadcrumbList","@id":"https:\/\/noti-america.com\/site\/ecuador\/2019\/12\/13\/que-tienen-en-comun-los-peinados-voluminosos-y-la-capa-de-ozono\/#breadcrumb","itemListElement":[{"@type":"ListItem","position":1,"name":"Portada","item":"https:\/\/noti-america.com\/site\/ecuador\/"},{"@type":"ListItem","position":2,"name":"\u00bfQu\u00e9 tienen en com\u00fan los peinados voluminosos y la capa de ozono?"}]},{"@type":"WebSite","@id":"https:\/\/noti-america.com\/site\/ecuador\/#website","url":"https:\/\/noti-america.com\/site\/ecuador\/","name":"Ecuador | Noti-America.com","description":"","publisher":{"@id":"https:\/\/noti-america.com\/site\/ecuador\/#organization"},"potentialAction":[{"@type":"SearchAction","target":{"@type":"EntryPoint","urlTemplate":"https:\/\/noti-america.com\/site\/ecuador\/?s={search_term_string}"},"query-input":{"@type":"PropertyValueSpecification","valueRequired":true,"valueName":"search_term_string"}}],"inLanguage":"es"},{"@type":"Organization","@id":"https:\/\/noti-america.com\/site\/ecuador\/#organization","name":"Noti-America LLC | Ecuador","url":"https:\/\/noti-america.com\/site\/ecuador\/","logo":{"@type":"ImageObject","inLanguage":"es","@id":"https:\/\/noti-america.com\/site\/ecuador\/#\/schema\/logo\/image\/","url":"https:\/\/noti-america.com\/site\/ecuador\/wp-content\/uploads\/sites\/18\/2020\/07\/LogoNA-4x3-1.jpg","contentUrl":"https:\/\/noti-america.com\/site\/ecuador\/wp-content\/uploads\/sites\/18\/2020\/07\/LogoNA-4x3-1.jpg","width":1236,"height":1080,"caption":"Noti-America LLC | Ecuador"},"image":{"@id":"https:\/\/noti-america.com\/site\/ecuador\/#\/schema\/logo\/image\/"},"sameAs":["https:\/\/x.com\/notiamerica"]},{"@type":"Person","@id":"https:\/\/noti-america.com\/site\/ecuador\/#\/schema\/person\/3b975e42f15abfe64bfe3abdd916efda","name":"Gregory Quintana Montiel","image":{"@type":"ImageObject","inLanguage":"es","@id":"https:\/\/secure.gravatar.com\/avatar\/2d6b802f7720c2ec7744dcbe608cc2f3417aeb964d58b443c6d612b77531de1d?s=96&d=mm&r=g","url":"https:\/\/secure.gravatar.com\/avatar\/2d6b802f7720c2ec7744dcbe608cc2f3417aeb964d58b443c6d612b77531de1d?s=96&d=mm&r=g","contentUrl":"https:\/\/secure.gravatar.com\/avatar\/2d6b802f7720c2ec7744dcbe608cc2f3417aeb964d58b443c6d612b77531de1d?s=96&d=mm&r=g","caption":"Gregory Quintana Montiel"},"description":"Licenciatura en Ciencias de la Comunicaci\u00f3n Social, egresado en la Especializaci\u00f3n Derecho Ambiental Desarrollo Sostenible y Sustentable, Miembro de la Comunidad de profesionales y experto para Latinoam\u00e9rica y el Caribe en Gesti\u00f3n por Resultado en el Desarrollo (COPLAC - GpRD) del Banco Interamericano de Desarrollo, experiencia en medios radiales y escritos.","sameAs":["https:\/\/x.com\/gdgregori1","gquintana"],"url":"https:\/\/noti-america.com\/site\/ecuador\/author\/gquintana\/"}]}},"_links":{"self":[{"href":"https:\/\/noti-america.com\/site\/ecuador\/wp-json\/wp\/v2\/posts\/6795","targetHints":{"allow":["GET"]}}],"collection":[{"href":"https:\/\/noti-america.com\/site\/ecuador\/wp-json\/wp\/v2\/posts"}],"about":[{"href":"https:\/\/noti-america.com\/site\/ecuador\/wp-json\/wp\/v2\/types\/post"}],"author":[{"embeddable":true,"href":"https:\/\/noti-america.com\/site\/ecuador\/wp-json\/wp\/v2\/users\/17"}],"replies":[{"embeddable":true,"href":"https:\/\/noti-america.com\/site\/ecuador\/wp-json\/wp\/v2\/comments?post=6795"}],"version-history":[{"count":2,"href":"https:\/\/noti-america.com\/site\/ecuador\/wp-json\/wp\/v2\/posts\/6795\/revisions"}],"predecessor-version":[{"id":6800,"href":"https:\/\/noti-america.com\/site\/ecuador\/wp-json\/wp\/v2\/posts\/6795\/revisions\/6800"}],"wp:featuredmedia":[{"embeddable":true,"href":"https:\/\/noti-america.com\/site\/ecuador\/wp-json\/wp\/v2\/media\/6798"}],"wp:attachment":[{"href":"https:\/\/noti-america.com\/site\/ecuador\/wp-json\/wp\/v2\/media?parent=6795"}],"wp:term":[{"taxonomy":"category","embeddable":true,"href":"https:\/\/noti-america.com\/site\/ecuador\/wp-json\/wp\/v2\/categories?post=6795"},{"taxonomy":"post_tag","embeddable":true,"href":"https:\/\/noti-america.com\/site\/ecuador\/wp-json\/wp\/v2\/tags?post=6795"}],"curies":[{"name":"wp","href":"https:\/\/api.w.org\/{rel}","templated":true}]}}