{"id":6760,"date":"2019-12-10T03:15:11","date_gmt":"2019-12-10T03:15:11","guid":{"rendered":"http:\/\/noti-america.com\/site\/ecuador\/?p=6760"},"modified":"2019-12-10T03:15:11","modified_gmt":"2019-12-10T03:15:11","slug":"tecnologico-central-tecnico-sera-el-primer-centro-universitario-en-el-2020","status":"publish","type":"post","link":"https:\/\/noti-america.com\/site\/ecuador\/2019\/12\/10\/tecnologico-central-tecnico-sera-el-primer-centro-universitario-en-el-2020\/","title":{"rendered":"Tecnol\u00f3gico Central T\u00e9cnico ser\u00e1 el primer centro universitario en el 2020"},"content":{"rendered":"<p>REDACCI\u00d3N NOTI AM\u00c9RICA (ECUADOR)<\/p>\n<p style=\"text-align: justify\">El secretario de Educaci\u00f3n Superior, Ciencia, Tecnolog\u00eda e Innovaci\u00f3n (Senescyt), Agust\u00edn Alb\u00e1n Maldonado se reuni\u00f3 con alumnos del Instituto Superior Central T\u00e9cnico, con el objetivo de conocer las necesidades de los estudiantes e intercambiar ideas que permitan fortalecer la formaci\u00f3n t\u00e9cnica y tecnol\u00f3gica.<\/p>\n<p style=\"text-align: justify\">Cerca de 30 estudiantes se reunieron en el laboratorio de Neum\u00e1tica del Instituto, ubicado en Quito. Ellos expresaron su satisfacci\u00f3n de recibir la visita de una autoridad con la que pudieron acceder a un di\u00e1logo amigable y cercano.<\/p>\n<p style=\"text-align: justify\">\u201cEstoy muy contento de estar en el Instituto m\u00e1s antiguo del pa\u00eds, que tiene acreditaci\u00f3n y un cuerpo docente impresionante. Me alegra mucho que j\u00f3venes como ustedes mantengan la visi\u00f3n de impulsar el desarrollo de nuestro pa\u00eds; su labor y la de sus autoridades hacen diferencia en la formaci\u00f3n t\u00e9cnica y tecnol\u00f3gica\u201d, afirm\u00f3 el Secretario de Estado.<\/p>\n<p style=\"text-align: justify\">Durante el conversatorio, Agust\u00edn Alb\u00e1n Maldonado anunci\u00f3 que la casa de estudios se convertir\u00e1, en el 2020, en el primer instituto universitario del pa\u00eds, para lo cual est\u00e1n trabajando de manera conjunta\u00a0 con autoridades del centro educativo y del sistema de educaci\u00f3n superior, en equipamiento, malla curricular y capacitaci\u00f3n del cuerpo docente.<\/p>\n<p style=\"text-align: justify\">Stalin Veintimilla, representante de la carrera de Mec\u00e1nica Automotriz, agradeci\u00f3 la visita de las autoridades. \u201cNo hab\u00edamos tenido la oportunidad de hablar con una autoridad, por eso queremos pedir que la misi\u00f3n de ser un instituto universitario se haga realidad. Contamos con laboratorios en todas las carreras y esperamos su ayuda para poder repotenciarlos. Queremos que se siga impartiendo a m\u00e1s j\u00f3venes educaci\u00f3n superior de calidad\u201d.<\/p>\n<p style=\"text-align: justify\">De su parte, Jos\u00e9 Luis Flores, rector del IST Central T\u00e9cnico, agradeci\u00f3 la gesti\u00f3n de las autoridades y anticip\u00f3 su predisposici\u00f3n para trabajar y alcanzar acuerdos entre autoridades y la empresa privada, a fin de que los estudiantes puedan realizar pr\u00e1cticas en lugares diferentes.<\/p>\n<p style=\"text-align: justify\">El Secretario de la Senescyt felicit\u00f3 a los j\u00f3venes por su decisi\u00f3n de estudiar una carrera t\u00e9cnica y tecnol\u00f3gica. \u201cLes brinda la oportunidad de combinar la teor\u00eda con la pr\u00e1ctica y les otorga la posibilidad de emprender a futuro. Est\u00e1n form\u00e1ndose en el mejor lugar\u201d.<\/p>\n<p style=\"text-align: justify\">Con las nuevas reformas a la Ley Org\u00e1nica de Educaci\u00f3n Superior, las carreras tecnol\u00f3gicas son reconocidas como formaci\u00f3n de tercer nivel. Otra de las ventajas de este tipo de formaci\u00f3n es la incorporaci\u00f3n de la modalidad dual, una propuesta pedag\u00f3gica innovadora que articula a la educaci\u00f3n con ambientes laborales reales.<\/p>\n","protected":false},"excerpt":{"rendered":"<p>REDACCI\u00d3N NOTI AM\u00c9RICA (ECUADOR) El secretario de Educaci\u00f3n Superior, Ciencia, Tecnolog\u00eda e Innovaci\u00f3n (Senescyt), Agust\u00edn Alb\u00e1n Maldonado se reuni\u00f3 con alumnos del Instituto Superior Central T\u00e9cnico, con el objetivo de conocer las necesidades de&#46;&#46;&#46;<\/p>\n","protected":false},"author":17,"featured_media":6761,"comment_status":"open","ping_status":"open","sticky":false,"template":"","format":"standard","meta":{"_acf_changed":false,"om_disable_all_campaigns":false,"rop_custom_images_group":[],"rop_custom_messages_group":[],"rop_publish_now":"initial","rop_publish_now_accounts":{"twitter_242054905_242054905":""},"rop_publish_now_history":[],"rop_publish_now_status":"pending","_uf_show_specific_survey":0,"_uf_disable_surveys":false,"footnotes":""},"categories":[103],"tags":[],"class_list":["post-6760","post","type-post","status-publish","format-standard","has-post-thumbnail","hentry","category-educacion"],"acf":[],"aioseo_notices":[],"yoast_head":"<!-- This site is optimized with the Yoast SEO Premium plugin v24.9 (Yoast SEO v27.2) - https:\/\/yoast.com\/product\/yoast-seo-premium-wordpress\/ -->\n<title>Tecnol\u00f3gico Central T\u00e9cnico ser\u00e1 el primer centro universitario en el 2020 - Ecuador | Noti-America.com<\/title>\n<meta name=\"robots\" content=\"index, follow, max-snippet:-1, max-image-preview:large, max-video-preview:-1\" \/>\n<link rel=\"canonical\" href=\"https:\/\/noti-america.com\/site\/ecuador\/2019\/12\/10\/tecnologico-central-tecnico-sera-el-primer-centro-universitario-en-el-2020\/\" \/>\n<meta property=\"og:locale\" content=\"es_ES\" \/>\n<meta property=\"og:type\" content=\"article\" \/>\n<meta property=\"og:title\" content=\"Tecnol\u00f3gico Central T\u00e9cnico ser\u00e1 el primer centro universitario en el 2020\" \/>\n<meta property=\"og:description\" content=\"REDACCI\u00d3N NOTI AM\u00c9RICA (ECUADOR) El secretario de Educaci\u00f3n Superior, Ciencia, Tecnolog\u00eda e Innovaci\u00f3n (Senescyt), Agust\u00edn Alb\u00e1n Maldonado se reuni\u00f3 con alumnos del Instituto Superior Central T\u00e9cnico, con el objetivo de conocer las necesidades de&#046;&#046;&#046;\" \/>\n<meta property=\"og:url\" content=\"https:\/\/noti-america.com\/site\/ecuador\/2019\/12\/10\/tecnologico-central-tecnico-sera-el-primer-centro-universitario-en-el-2020\/\" \/>\n<meta property=\"og:site_name\" content=\"Ecuador | Noti-America.com\" \/>\n<meta property=\"article:published_time\" content=\"2019-12-10T03:15:11+00:00\" \/>\n<meta property=\"og:image\" content=\"https:\/\/noti-america.com\/site\/ecuador\/wp-content\/uploads\/sites\/18\/2019\/12\/instituto-interno.jpg\" \/>\n\t<meta property=\"og:image:width\" content=\"1066\" \/>\n\t<meta property=\"og:image:height\" content=\"600\" \/>\n\t<meta property=\"og:image:type\" content=\"image\/jpeg\" \/>\n<meta name=\"author\" content=\"Gregory Quintana Montiel\" \/>\n<meta name=\"twitter:card\" content=\"summary_large_image\" \/>\n<meta name=\"twitter:creator\" content=\"@gdgregori1\" \/>\n<meta name=\"twitter:site\" content=\"@notiamerica\" \/>\n<meta name=\"twitter:label1\" content=\"Escrito por\" \/>\n\t<meta name=\"twitter:data1\" content=\"Gregory Quintana Montiel\" \/>\n\t<meta name=\"twitter:label2\" content=\"Tiempo estimado de lectura\" \/>\n\t<meta name=\"twitter:data2\" content=\"2 minutos\" \/>\n<script type=\"application\/ld+json\" class=\"yoast-schema-graph\">{\"@context\":\"https:\/\/schema.org\",\"@graph\":[{\"@type\":\"Article\",\"@id\":\"https:\/\/noti-america.com\/site\/ecuador\/2019\/12\/10\/tecnologico-central-tecnico-sera-el-primer-centro-universitario-en-el-2020\/#article\",\"isPartOf\":{\"@id\":\"https:\/\/noti-america.com\/site\/ecuador\/2019\/12\/10\/tecnologico-central-tecnico-sera-el-primer-centro-universitario-en-el-2020\/\"},\"author\":{\"name\":\"Gregory Quintana Montiel\",\"@id\":\"https:\/\/noti-america.com\/site\/ecuador\/#\/schema\/person\/3b975e42f15abfe64bfe3abdd916efda\"},\"headline\":\"Tecnol\u00f3gico Central T\u00e9cnico ser\u00e1 el primer centro universitario en el 2020\",\"datePublished\":\"2019-12-10T03:15:11+00:00\",\"mainEntityOfPage\":{\"@id\":\"https:\/\/noti-america.com\/site\/ecuador\/2019\/12\/10\/tecnologico-central-tecnico-sera-el-primer-centro-universitario-en-el-2020\/\"},\"wordCount\":464,\"commentCount\":0,\"publisher\":{\"@id\":\"https:\/\/noti-america.com\/site\/ecuador\/#organization\"},\"image\":{\"@id\":\"https:\/\/noti-america.com\/site\/ecuador\/2019\/12\/10\/tecnologico-central-tecnico-sera-el-primer-centro-universitario-en-el-2020\/#primaryimage\"},\"thumbnailUrl\":\"https:\/\/noti-america.com\/site\/ecuador\/wp-content\/uploads\/sites\/18\/2019\/12\/instituto-interno.jpg\",\"articleSection\":[\"Educaci\u00f3n\"],\"inLanguage\":\"es\",\"potentialAction\":[{\"@type\":\"CommentAction\",\"name\":\"Comment\",\"target\":[\"https:\/\/noti-america.com\/site\/ecuador\/2019\/12\/10\/tecnologico-central-tecnico-sera-el-primer-centro-universitario-en-el-2020\/#respond\"]}]},{\"@type\":\"WebPage\",\"@id\":\"https:\/\/noti-america.com\/site\/ecuador\/2019\/12\/10\/tecnologico-central-tecnico-sera-el-primer-centro-universitario-en-el-2020\/\",\"url\":\"https:\/\/noti-america.com\/site\/ecuador\/2019\/12\/10\/tecnologico-central-tecnico-sera-el-primer-centro-universitario-en-el-2020\/\",\"name\":\"Tecnol\u00f3gico Central T\u00e9cnico ser\u00e1 el primer centro universitario en el 2020 - Ecuador | Noti-America.com\",\"isPartOf\":{\"@id\":\"https:\/\/noti-america.com\/site\/ecuador\/#website\"},\"primaryImageOfPage\":{\"@id\":\"https:\/\/noti-america.com\/site\/ecuador\/2019\/12\/10\/tecnologico-central-tecnico-sera-el-primer-centro-universitario-en-el-2020\/#primaryimage\"},\"image\":{\"@id\":\"https:\/\/noti-america.com\/site\/ecuador\/2019\/12\/10\/tecnologico-central-tecnico-sera-el-primer-centro-universitario-en-el-2020\/#primaryimage\"},\"thumbnailUrl\":\"https:\/\/noti-america.com\/site\/ecuador\/wp-content\/uploads\/sites\/18\/2019\/12\/instituto-interno.jpg\",\"datePublished\":\"2019-12-10T03:15:11+00:00\",\"breadcrumb\":{\"@id\":\"https:\/\/noti-america.com\/site\/ecuador\/2019\/12\/10\/tecnologico-central-tecnico-sera-el-primer-centro-universitario-en-el-2020\/#breadcrumb\"},\"inLanguage\":\"es\",\"potentialAction\":[{\"@type\":\"ReadAction\",\"target\":[\"https:\/\/noti-america.com\/site\/ecuador\/2019\/12\/10\/tecnologico-central-tecnico-sera-el-primer-centro-universitario-en-el-2020\/\"]}]},{\"@type\":\"ImageObject\",\"inLanguage\":\"es\",\"@id\":\"https:\/\/noti-america.com\/site\/ecuador\/2019\/12\/10\/tecnologico-central-tecnico-sera-el-primer-centro-universitario-en-el-2020\/#primaryimage\",\"url\":\"https:\/\/noti-america.com\/site\/ecuador\/wp-content\/uploads\/sites\/18\/2019\/12\/instituto-interno.jpg\",\"contentUrl\":\"https:\/\/noti-america.com\/site\/ecuador\/wp-content\/uploads\/sites\/18\/2019\/12\/instituto-interno.jpg\",\"width\":1066,\"height\":600},{\"@type\":\"BreadcrumbList\",\"@id\":\"https:\/\/noti-america.com\/site\/ecuador\/2019\/12\/10\/tecnologico-central-tecnico-sera-el-primer-centro-universitario-en-el-2020\/#breadcrumb\",\"itemListElement\":[{\"@type\":\"ListItem\",\"position\":1,\"name\":\"Portada\",\"item\":\"https:\/\/noti-america.com\/site\/ecuador\/\"},{\"@type\":\"ListItem\",\"position\":2,\"name\":\"Tecnol\u00f3gico Central T\u00e9cnico ser\u00e1 el primer centro universitario en el 2020\"}]},{\"@type\":\"WebSite\",\"@id\":\"https:\/\/noti-america.com\/site\/ecuador\/#website\",\"url\":\"https:\/\/noti-america.com\/site\/ecuador\/\",\"name\":\"Ecuador | Noti-America.com\",\"description\":\"\",\"publisher\":{\"@id\":\"https:\/\/noti-america.com\/site\/ecuador\/#organization\"},\"potentialAction\":[{\"@type\":\"SearchAction\",\"target\":{\"@type\":\"EntryPoint\",\"urlTemplate\":\"https:\/\/noti-america.com\/site\/ecuador\/?s={search_term_string}\"},\"query-input\":{\"@type\":\"PropertyValueSpecification\",\"valueRequired\":true,\"valueName\":\"search_term_string\"}}],\"inLanguage\":\"es\"},{\"@type\":\"Organization\",\"@id\":\"https:\/\/noti-america.com\/site\/ecuador\/#organization\",\"name\":\"Noti-America LLC | Ecuador\",\"url\":\"https:\/\/noti-america.com\/site\/ecuador\/\",\"logo\":{\"@type\":\"ImageObject\",\"inLanguage\":\"es\",\"@id\":\"https:\/\/noti-america.com\/site\/ecuador\/#\/schema\/logo\/image\/\",\"url\":\"https:\/\/noti-america.com\/site\/ecuador\/wp-content\/uploads\/sites\/18\/2020\/07\/LogoNA-4x3-1.jpg\",\"contentUrl\":\"https:\/\/noti-america.com\/site\/ecuador\/wp-content\/uploads\/sites\/18\/2020\/07\/LogoNA-4x3-1.jpg\",\"width\":1236,\"height\":1080,\"caption\":\"Noti-America LLC | Ecuador\"},\"image\":{\"@id\":\"https:\/\/noti-america.com\/site\/ecuador\/#\/schema\/logo\/image\/\"},\"sameAs\":[\"https:\/\/x.com\/notiamerica\"]},{\"@type\":\"Person\",\"@id\":\"https:\/\/noti-america.com\/site\/ecuador\/#\/schema\/person\/3b975e42f15abfe64bfe3abdd916efda\",\"name\":\"Gregory Quintana Montiel\",\"image\":{\"@type\":\"ImageObject\",\"inLanguage\":\"es\",\"@id\":\"https:\/\/secure.gravatar.com\/avatar\/2d6b802f7720c2ec7744dcbe608cc2f3417aeb964d58b443c6d612b77531de1d?s=96&d=mm&r=g\",\"url\":\"https:\/\/secure.gravatar.com\/avatar\/2d6b802f7720c2ec7744dcbe608cc2f3417aeb964d58b443c6d612b77531de1d?s=96&d=mm&r=g\",\"contentUrl\":\"https:\/\/secure.gravatar.com\/avatar\/2d6b802f7720c2ec7744dcbe608cc2f3417aeb964d58b443c6d612b77531de1d?s=96&d=mm&r=g\",\"caption\":\"Gregory Quintana Montiel\"},\"description\":\"Licenciatura en Ciencias de la Comunicaci\u00f3n Social, egresado en la Especializaci\u00f3n Derecho Ambiental Desarrollo Sostenible y Sustentable, Miembro de la Comunidad de profesionales y experto para Latinoam\u00e9rica y el Caribe en Gesti\u00f3n por Resultado en el Desarrollo (COPLAC - GpRD) del Banco Interamericano de Desarrollo, experiencia en medios radiales y escritos.\",\"sameAs\":[\"https:\/\/x.com\/gdgregori1\",\"gquintana\"],\"url\":\"https:\/\/noti-america.com\/site\/ecuador\/author\/gquintana\/\"}]}<\/script>\n<!-- \/ Yoast SEO Premium plugin. -->","yoast_head_json":{"title":"Tecnol\u00f3gico Central T\u00e9cnico ser\u00e1 el primer centro universitario en el 2020 - Ecuador | Noti-America.com","robots":{"index":"index","follow":"follow","max-snippet":"max-snippet:-1","max-image-preview":"max-image-preview:large","max-video-preview":"max-video-preview:-1"},"canonical":"https:\/\/noti-america.com\/site\/ecuador\/2019\/12\/10\/tecnologico-central-tecnico-sera-el-primer-centro-universitario-en-el-2020\/","og_locale":"es_ES","og_type":"article","og_title":"Tecnol\u00f3gico Central T\u00e9cnico ser\u00e1 el primer centro universitario en el 2020","og_description":"REDACCI\u00d3N NOTI AM\u00c9RICA (ECUADOR) El secretario de Educaci\u00f3n Superior, Ciencia, Tecnolog\u00eda e Innovaci\u00f3n (Senescyt), Agust\u00edn Alb\u00e1n Maldonado se reuni\u00f3 con alumnos del Instituto Superior Central T\u00e9cnico, con el objetivo de conocer las necesidades de&#46;&#46;&#46;","og_url":"https:\/\/noti-america.com\/site\/ecuador\/2019\/12\/10\/tecnologico-central-tecnico-sera-el-primer-centro-universitario-en-el-2020\/","og_site_name":"Ecuador | Noti-America.com","article_published_time":"2019-12-10T03:15:11+00:00","og_image":[{"width":1066,"height":600,"url":"https:\/\/noti-america.com\/site\/ecuador\/wp-content\/uploads\/sites\/18\/2019\/12\/instituto-interno.jpg","type":"image\/jpeg"}],"author":"Gregory Quintana Montiel","twitter_card":"summary_large_image","twitter_creator":"@gdgregori1","twitter_site":"@notiamerica","twitter_misc":{"Escrito por":"Gregory Quintana Montiel","Tiempo estimado de lectura":"2 minutos"},"schema":{"@context":"https:\/\/schema.org","@graph":[{"@type":"Article","@id":"https:\/\/noti-america.com\/site\/ecuador\/2019\/12\/10\/tecnologico-central-tecnico-sera-el-primer-centro-universitario-en-el-2020\/#article","isPartOf":{"@id":"https:\/\/noti-america.com\/site\/ecuador\/2019\/12\/10\/tecnologico-central-tecnico-sera-el-primer-centro-universitario-en-el-2020\/"},"author":{"name":"Gregory Quintana Montiel","@id":"https:\/\/noti-america.com\/site\/ecuador\/#\/schema\/person\/3b975e42f15abfe64bfe3abdd916efda"},"headline":"Tecnol\u00f3gico Central T\u00e9cnico ser\u00e1 el primer centro universitario en el 2020","datePublished":"2019-12-10T03:15:11+00:00","mainEntityOfPage":{"@id":"https:\/\/noti-america.com\/site\/ecuador\/2019\/12\/10\/tecnologico-central-tecnico-sera-el-primer-centro-universitario-en-el-2020\/"},"wordCount":464,"commentCount":0,"publisher":{"@id":"https:\/\/noti-america.com\/site\/ecuador\/#organization"},"image":{"@id":"https:\/\/noti-america.com\/site\/ecuador\/2019\/12\/10\/tecnologico-central-tecnico-sera-el-primer-centro-universitario-en-el-2020\/#primaryimage"},"thumbnailUrl":"https:\/\/noti-america.com\/site\/ecuador\/wp-content\/uploads\/sites\/18\/2019\/12\/instituto-interno.jpg","articleSection":["Educaci\u00f3n"],"inLanguage":"es","potentialAction":[{"@type":"CommentAction","name":"Comment","target":["https:\/\/noti-america.com\/site\/ecuador\/2019\/12\/10\/tecnologico-central-tecnico-sera-el-primer-centro-universitario-en-el-2020\/#respond"]}]},{"@type":"WebPage","@id":"https:\/\/noti-america.com\/site\/ecuador\/2019\/12\/10\/tecnologico-central-tecnico-sera-el-primer-centro-universitario-en-el-2020\/","url":"https:\/\/noti-america.com\/site\/ecuador\/2019\/12\/10\/tecnologico-central-tecnico-sera-el-primer-centro-universitario-en-el-2020\/","name":"Tecnol\u00f3gico Central T\u00e9cnico ser\u00e1 el primer centro universitario en el 2020 - Ecuador | Noti-America.com","isPartOf":{"@id":"https:\/\/noti-america.com\/site\/ecuador\/#website"},"primaryImageOfPage":{"@id":"https:\/\/noti-america.com\/site\/ecuador\/2019\/12\/10\/tecnologico-central-tecnico-sera-el-primer-centro-universitario-en-el-2020\/#primaryimage"},"image":{"@id":"https:\/\/noti-america.com\/site\/ecuador\/2019\/12\/10\/tecnologico-central-tecnico-sera-el-primer-centro-universitario-en-el-2020\/#primaryimage"},"thumbnailUrl":"https:\/\/noti-america.com\/site\/ecuador\/wp-content\/uploads\/sites\/18\/2019\/12\/instituto-interno.jpg","datePublished":"2019-12-10T03:15:11+00:00","breadcrumb":{"@id":"https:\/\/noti-america.com\/site\/ecuador\/2019\/12\/10\/tecnologico-central-tecnico-sera-el-primer-centro-universitario-en-el-2020\/#breadcrumb"},"inLanguage":"es","potentialAction":[{"@type":"ReadAction","target":["https:\/\/noti-america.com\/site\/ecuador\/2019\/12\/10\/tecnologico-central-tecnico-sera-el-primer-centro-universitario-en-el-2020\/"]}]},{"@type":"ImageObject","inLanguage":"es","@id":"https:\/\/noti-america.com\/site\/ecuador\/2019\/12\/10\/tecnologico-central-tecnico-sera-el-primer-centro-universitario-en-el-2020\/#primaryimage","url":"https:\/\/noti-america.com\/site\/ecuador\/wp-content\/uploads\/sites\/18\/2019\/12\/instituto-interno.jpg","contentUrl":"https:\/\/noti-america.com\/site\/ecuador\/wp-content\/uploads\/sites\/18\/2019\/12\/instituto-interno.jpg","width":1066,"height":600},{"@type":"BreadcrumbList","@id":"https:\/\/noti-america.com\/site\/ecuador\/2019\/12\/10\/tecnologico-central-tecnico-sera-el-primer-centro-universitario-en-el-2020\/#breadcrumb","itemListElement":[{"@type":"ListItem","position":1,"name":"Portada","item":"https:\/\/noti-america.com\/site\/ecuador\/"},{"@type":"ListItem","position":2,"name":"Tecnol\u00f3gico Central T\u00e9cnico ser\u00e1 el primer centro universitario en el 2020"}]},{"@type":"WebSite","@id":"https:\/\/noti-america.com\/site\/ecuador\/#website","url":"https:\/\/noti-america.com\/site\/ecuador\/","name":"Ecuador | Noti-America.com","description":"","publisher":{"@id":"https:\/\/noti-america.com\/site\/ecuador\/#organization"},"potentialAction":[{"@type":"SearchAction","target":{"@type":"EntryPoint","urlTemplate":"https:\/\/noti-america.com\/site\/ecuador\/?s={search_term_string}"},"query-input":{"@type":"PropertyValueSpecification","valueRequired":true,"valueName":"search_term_string"}}],"inLanguage":"es"},{"@type":"Organization","@id":"https:\/\/noti-america.com\/site\/ecuador\/#organization","name":"Noti-America LLC | Ecuador","url":"https:\/\/noti-america.com\/site\/ecuador\/","logo":{"@type":"ImageObject","inLanguage":"es","@id":"https:\/\/noti-america.com\/site\/ecuador\/#\/schema\/logo\/image\/","url":"https:\/\/noti-america.com\/site\/ecuador\/wp-content\/uploads\/sites\/18\/2020\/07\/LogoNA-4x3-1.jpg","contentUrl":"https:\/\/noti-america.com\/site\/ecuador\/wp-content\/uploads\/sites\/18\/2020\/07\/LogoNA-4x3-1.jpg","width":1236,"height":1080,"caption":"Noti-America LLC | Ecuador"},"image":{"@id":"https:\/\/noti-america.com\/site\/ecuador\/#\/schema\/logo\/image\/"},"sameAs":["https:\/\/x.com\/notiamerica"]},{"@type":"Person","@id":"https:\/\/noti-america.com\/site\/ecuador\/#\/schema\/person\/3b975e42f15abfe64bfe3abdd916efda","name":"Gregory Quintana Montiel","image":{"@type":"ImageObject","inLanguage":"es","@id":"https:\/\/secure.gravatar.com\/avatar\/2d6b802f7720c2ec7744dcbe608cc2f3417aeb964d58b443c6d612b77531de1d?s=96&d=mm&r=g","url":"https:\/\/secure.gravatar.com\/avatar\/2d6b802f7720c2ec7744dcbe608cc2f3417aeb964d58b443c6d612b77531de1d?s=96&d=mm&r=g","contentUrl":"https:\/\/secure.gravatar.com\/avatar\/2d6b802f7720c2ec7744dcbe608cc2f3417aeb964d58b443c6d612b77531de1d?s=96&d=mm&r=g","caption":"Gregory Quintana Montiel"},"description":"Licenciatura en Ciencias de la Comunicaci\u00f3n Social, egresado en la Especializaci\u00f3n Derecho Ambiental Desarrollo Sostenible y Sustentable, Miembro de la Comunidad de profesionales y experto para Latinoam\u00e9rica y el Caribe en Gesti\u00f3n por Resultado en el Desarrollo (COPLAC - GpRD) del Banco Interamericano de Desarrollo, experiencia en medios radiales y escritos.","sameAs":["https:\/\/x.com\/gdgregori1","gquintana"],"url":"https:\/\/noti-america.com\/site\/ecuador\/author\/gquintana\/"}]}},"_links":{"self":[{"href":"https:\/\/noti-america.com\/site\/ecuador\/wp-json\/wp\/v2\/posts\/6760","targetHints":{"allow":["GET"]}}],"collection":[{"href":"https:\/\/noti-america.com\/site\/ecuador\/wp-json\/wp\/v2\/posts"}],"about":[{"href":"https:\/\/noti-america.com\/site\/ecuador\/wp-json\/wp\/v2\/types\/post"}],"author":[{"embeddable":true,"href":"https:\/\/noti-america.com\/site\/ecuador\/wp-json\/wp\/v2\/users\/17"}],"replies":[{"embeddable":true,"href":"https:\/\/noti-america.com\/site\/ecuador\/wp-json\/wp\/v2\/comments?post=6760"}],"version-history":[{"count":1,"href":"https:\/\/noti-america.com\/site\/ecuador\/wp-json\/wp\/v2\/posts\/6760\/revisions"}],"predecessor-version":[{"id":6762,"href":"https:\/\/noti-america.com\/site\/ecuador\/wp-json\/wp\/v2\/posts\/6760\/revisions\/6762"}],"wp:featuredmedia":[{"embeddable":true,"href":"https:\/\/noti-america.com\/site\/ecuador\/wp-json\/wp\/v2\/media\/6761"}],"wp:attachment":[{"href":"https:\/\/noti-america.com\/site\/ecuador\/wp-json\/wp\/v2\/media?parent=6760"}],"wp:term":[{"taxonomy":"category","embeddable":true,"href":"https:\/\/noti-america.com\/site\/ecuador\/wp-json\/wp\/v2\/categories?post=6760"},{"taxonomy":"post_tag","embeddable":true,"href":"https:\/\/noti-america.com\/site\/ecuador\/wp-json\/wp\/v2\/tags?post=6760"}],"curies":[{"name":"wp","href":"https:\/\/api.w.org\/{rel}","templated":true}]}}