{"id":6648,"date":"2019-12-02T23:44:44","date_gmt":"2019-12-02T23:44:44","guid":{"rendered":"http:\/\/noti-america.com\/site\/ecuador\/?p=6648"},"modified":"2019-12-02T23:44:44","modified_gmt":"2019-12-02T23:44:44","slug":"ecuador-contara-con-norma-tecnica-para-la-gestion-de-corredores-de-conectividad","status":"publish","type":"post","link":"https:\/\/noti-america.com\/site\/ecuador\/2019\/12\/02\/ecuador-contara-con-norma-tecnica-para-la-gestion-de-corredores-de-conectividad\/","title":{"rendered":"Ecuador contar\u00e1 con Norma T\u00e9cnica para la gesti\u00f3n de Corredores de Conectividad"},"content":{"rendered":"<p>REDACCI\u00d3N NOTI AM\u00c9RICA (ECUADOR)<\/p>\n<p style=\"text-align: justify\">La ciudad de Cuenca fue el escenario de la firma de una carta de intenci\u00f3n para la suscripci\u00f3n de la Norma T\u00e9cnica para el dise\u00f1o y gesti\u00f3n de Corredores de Conectividad con fines de Conservaci\u00f3n, documento que establece criterios y procedimientos para la fase de dise\u00f1o y gesti\u00f3n de estas \u00e1reas de conservaci\u00f3n como parte de una estrategia que permita reducir la fragmentaci\u00f3n del paisaje, los riesgos asociados al aislamiento de las poblaciones de vida silvestre y la provisi\u00f3n de servicios ambientales.<\/p>\n<p style=\"text-align: justify\">Sindel Vinueza, subsecretaria de Patrimonio Natural, se\u00f1al\u00f3 que los Corredores de Conectividad \u201cconstituyen \u00e1reas especiales para la conservaci\u00f3n de la biodiversidad. Desde el Gobierno Nacional ratificamos nuestro compromiso de implementar el Corredor de Conectividad Sangay \u2013 Podocarpus para garantizar que la fuentes h\u00eddricas y las especies de fauna y flora que\u00a0 habitan en este lugar sean protegidas de forma integral\u201d.<\/p>\n<p style=\"text-align: justify\">El Sangay \u2013 Podocarpus, ubicado entre las provincias de Azuay, Ca\u00f1ar, Morona Santiago, Loja y Zamora Chinchipe, alberga el 40% de aves del pa\u00eds, centenares de especies de flora y fauna y es la fuente de agua para consumo humano de m\u00e1s de 336 mil personas que se ubican en este territorio.<\/p>\n<p style=\"text-align: justify\">Xavier Mart\u00ednez, gobernador del Azuay, manifest\u00f3 que \u201ces importante destacar estas acciones que se realizan por la conservaci\u00f3n del ambiente. El Gobierno del Presidente Len\u00edn Moreno apoya, de forma directa, la protecci\u00f3n de los recursos naturales para beneficio de los ecuatorianos\u201d.<\/p>\n<p style=\"text-align: justify\">A este evento asistieron 70 personas entre autoridades de Gobiernos Aut\u00f3nomos Descentralizados, representantes de Universidades, Unidades de Gesti\u00f3n de Vida Silvestre, investigadores, instituciones p\u00fablicas, privadas y ONG.<\/p>\n<p style=\"text-align: justify\">M\/A<\/p>\n","protected":false},"excerpt":{"rendered":"<p>REDACCI\u00d3N NOTI AM\u00c9RICA (ECUADOR) La ciudad de Cuenca fue el escenario de la firma de una carta de intenci\u00f3n para la suscripci\u00f3n de la Norma T\u00e9cnica para el dise\u00f1o y gesti\u00f3n de Corredores de&#46;&#46;&#46;<\/p>\n","protected":false},"author":17,"featured_media":6649,"comment_status":"open","ping_status":"open","sticky":false,"template":"","format":"standard","meta":{"_acf_changed":false,"om_disable_all_campaigns":false,"rop_custom_images_group":[],"rop_custom_messages_group":[],"rop_publish_now":"initial","rop_publish_now_accounts":{"twitter_242054905_242054905":""},"rop_publish_now_history":[],"rop_publish_now_status":"pending","_uf_show_specific_survey":0,"_uf_disable_surveys":false,"footnotes":""},"categories":[79],"tags":[],"class_list":["post-6648","post","type-post","status-publish","format-standard","has-post-thumbnail","hentry","category-ambiental"],"acf":[],"aioseo_notices":[],"yoast_head":"<!-- This site is optimized with the Yoast SEO Premium plugin v24.9 (Yoast SEO v27.2) - https:\/\/yoast.com\/product\/yoast-seo-premium-wordpress\/ -->\n<title>Ecuador contar\u00e1 con Norma T\u00e9cnica para la gesti\u00f3n de Corredores de Conectividad - Ecuador | Noti-America.com<\/title>\n<meta name=\"robots\" content=\"index, follow, max-snippet:-1, max-image-preview:large, max-video-preview:-1\" \/>\n<link rel=\"canonical\" href=\"https:\/\/noti-america.com\/site\/ecuador\/2019\/12\/02\/ecuador-contara-con-norma-tecnica-para-la-gestion-de-corredores-de-conectividad\/\" \/>\n<meta property=\"og:locale\" content=\"es_ES\" \/>\n<meta property=\"og:type\" content=\"article\" \/>\n<meta property=\"og:title\" content=\"Ecuador contar\u00e1 con Norma T\u00e9cnica para la gesti\u00f3n de Corredores de Conectividad\" \/>\n<meta property=\"og:description\" content=\"REDACCI\u00d3N NOTI AM\u00c9RICA (ECUADOR) La ciudad de Cuenca fue el escenario de la firma de una carta de intenci\u00f3n para la suscripci\u00f3n de la Norma T\u00e9cnica para el dise\u00f1o y gesti\u00f3n de Corredores de&#046;&#046;&#046;\" \/>\n<meta property=\"og:url\" content=\"https:\/\/noti-america.com\/site\/ecuador\/2019\/12\/02\/ecuador-contara-con-norma-tecnica-para-la-gestion-de-corredores-de-conectividad\/\" \/>\n<meta property=\"og:site_name\" content=\"Ecuador | Noti-America.com\" \/>\n<meta property=\"article:published_time\" content=\"2019-12-02T23:44:44+00:00\" \/>\n<meta property=\"og:image\" content=\"https:\/\/noti-america.com\/site\/ecuador\/wp-content\/uploads\/sites\/18\/2019\/12\/Ecuador-contar\u00e1-con-la-Norma-T\u00e9cnica-para-la-gesti\u00f3n-de-Corredores-de-Conectividad.jpg\" \/>\n\t<meta property=\"og:image:width\" content=\"5760\" \/>\n\t<meta property=\"og:image:height\" content=\"3838\" \/>\n\t<meta property=\"og:image:type\" content=\"image\/jpeg\" \/>\n<meta name=\"author\" content=\"Gregory Quintana Montiel\" \/>\n<meta name=\"twitter:card\" content=\"summary_large_image\" \/>\n<meta name=\"twitter:creator\" content=\"@gdgregori1\" \/>\n<meta name=\"twitter:site\" content=\"@notiamerica\" \/>\n<meta name=\"twitter:label1\" content=\"Escrito por\" \/>\n\t<meta name=\"twitter:data1\" content=\"Gregory Quintana Montiel\" \/>\n\t<meta name=\"twitter:label2\" content=\"Tiempo estimado de lectura\" \/>\n\t<meta name=\"twitter:data2\" content=\"1 minuto\" \/>\n<script type=\"application\/ld+json\" class=\"yoast-schema-graph\">{\"@context\":\"https:\/\/schema.org\",\"@graph\":[{\"@type\":\"Article\",\"@id\":\"https:\/\/noti-america.com\/site\/ecuador\/2019\/12\/02\/ecuador-contara-con-norma-tecnica-para-la-gestion-de-corredores-de-conectividad\/#article\",\"isPartOf\":{\"@id\":\"https:\/\/noti-america.com\/site\/ecuador\/2019\/12\/02\/ecuador-contara-con-norma-tecnica-para-la-gestion-de-corredores-de-conectividad\/\"},\"author\":{\"name\":\"Gregory Quintana Montiel\",\"@id\":\"https:\/\/noti-america.com\/site\/ecuador\/#\/schema\/person\/3b975e42f15abfe64bfe3abdd916efda\"},\"headline\":\"Ecuador contar\u00e1 con Norma T\u00e9cnica para la gesti\u00f3n de Corredores de Conectividad\",\"datePublished\":\"2019-12-02T23:44:44+00:00\",\"mainEntityOfPage\":{\"@id\":\"https:\/\/noti-america.com\/site\/ecuador\/2019\/12\/02\/ecuador-contara-con-norma-tecnica-para-la-gestion-de-corredores-de-conectividad\/\"},\"wordCount\":303,\"commentCount\":0,\"publisher\":{\"@id\":\"https:\/\/noti-america.com\/site\/ecuador\/#organization\"},\"image\":{\"@id\":\"https:\/\/noti-america.com\/site\/ecuador\/2019\/12\/02\/ecuador-contara-con-norma-tecnica-para-la-gestion-de-corredores-de-conectividad\/#primaryimage\"},\"thumbnailUrl\":\"https:\/\/noti-america.com\/site\/ecuador\/wp-content\/uploads\/sites\/18\/2019\/12\/Ecuador-contar\u00e1-con-la-Norma-T\u00e9cnica-para-la-gesti\u00f3n-de-Corredores-de-Conectividad.jpg\",\"articleSection\":[\"Ambiental\"],\"inLanguage\":\"es\",\"potentialAction\":[{\"@type\":\"CommentAction\",\"name\":\"Comment\",\"target\":[\"https:\/\/noti-america.com\/site\/ecuador\/2019\/12\/02\/ecuador-contara-con-norma-tecnica-para-la-gestion-de-corredores-de-conectividad\/#respond\"]}]},{\"@type\":\"WebPage\",\"@id\":\"https:\/\/noti-america.com\/site\/ecuador\/2019\/12\/02\/ecuador-contara-con-norma-tecnica-para-la-gestion-de-corredores-de-conectividad\/\",\"url\":\"https:\/\/noti-america.com\/site\/ecuador\/2019\/12\/02\/ecuador-contara-con-norma-tecnica-para-la-gestion-de-corredores-de-conectividad\/\",\"name\":\"Ecuador contar\u00e1 con Norma T\u00e9cnica para la gesti\u00f3n de Corredores de Conectividad - Ecuador | Noti-America.com\",\"isPartOf\":{\"@id\":\"https:\/\/noti-america.com\/site\/ecuador\/#website\"},\"primaryImageOfPage\":{\"@id\":\"https:\/\/noti-america.com\/site\/ecuador\/2019\/12\/02\/ecuador-contara-con-norma-tecnica-para-la-gestion-de-corredores-de-conectividad\/#primaryimage\"},\"image\":{\"@id\":\"https:\/\/noti-america.com\/site\/ecuador\/2019\/12\/02\/ecuador-contara-con-norma-tecnica-para-la-gestion-de-corredores-de-conectividad\/#primaryimage\"},\"thumbnailUrl\":\"https:\/\/noti-america.com\/site\/ecuador\/wp-content\/uploads\/sites\/18\/2019\/12\/Ecuador-contar\u00e1-con-la-Norma-T\u00e9cnica-para-la-gesti\u00f3n-de-Corredores-de-Conectividad.jpg\",\"datePublished\":\"2019-12-02T23:44:44+00:00\",\"breadcrumb\":{\"@id\":\"https:\/\/noti-america.com\/site\/ecuador\/2019\/12\/02\/ecuador-contara-con-norma-tecnica-para-la-gestion-de-corredores-de-conectividad\/#breadcrumb\"},\"inLanguage\":\"es\",\"potentialAction\":[{\"@type\":\"ReadAction\",\"target\":[\"https:\/\/noti-america.com\/site\/ecuador\/2019\/12\/02\/ecuador-contara-con-norma-tecnica-para-la-gestion-de-corredores-de-conectividad\/\"]}]},{\"@type\":\"ImageObject\",\"inLanguage\":\"es\",\"@id\":\"https:\/\/noti-america.com\/site\/ecuador\/2019\/12\/02\/ecuador-contara-con-norma-tecnica-para-la-gestion-de-corredores-de-conectividad\/#primaryimage\",\"url\":\"https:\/\/noti-america.com\/site\/ecuador\/wp-content\/uploads\/sites\/18\/2019\/12\/Ecuador-contar\u00e1-con-la-Norma-T\u00e9cnica-para-la-gesti\u00f3n-de-Corredores-de-Conectividad.jpg\",\"contentUrl\":\"https:\/\/noti-america.com\/site\/ecuador\/wp-content\/uploads\/sites\/18\/2019\/12\/Ecuador-contar\u00e1-con-la-Norma-T\u00e9cnica-para-la-gesti\u00f3n-de-Corredores-de-Conectividad.jpg\",\"width\":5760,\"height\":3838},{\"@type\":\"BreadcrumbList\",\"@id\":\"https:\/\/noti-america.com\/site\/ecuador\/2019\/12\/02\/ecuador-contara-con-norma-tecnica-para-la-gestion-de-corredores-de-conectividad\/#breadcrumb\",\"itemListElement\":[{\"@type\":\"ListItem\",\"position\":1,\"name\":\"Portada\",\"item\":\"https:\/\/noti-america.com\/site\/ecuador\/\"},{\"@type\":\"ListItem\",\"position\":2,\"name\":\"Ecuador contar\u00e1 con Norma T\u00e9cnica para la gesti\u00f3n de Corredores de Conectividad\"}]},{\"@type\":\"WebSite\",\"@id\":\"https:\/\/noti-america.com\/site\/ecuador\/#website\",\"url\":\"https:\/\/noti-america.com\/site\/ecuador\/\",\"name\":\"Ecuador | Noti-America.com\",\"description\":\"\",\"publisher\":{\"@id\":\"https:\/\/noti-america.com\/site\/ecuador\/#organization\"},\"potentialAction\":[{\"@type\":\"SearchAction\",\"target\":{\"@type\":\"EntryPoint\",\"urlTemplate\":\"https:\/\/noti-america.com\/site\/ecuador\/?s={search_term_string}\"},\"query-input\":{\"@type\":\"PropertyValueSpecification\",\"valueRequired\":true,\"valueName\":\"search_term_string\"}}],\"inLanguage\":\"es\"},{\"@type\":\"Organization\",\"@id\":\"https:\/\/noti-america.com\/site\/ecuador\/#organization\",\"name\":\"Noti-America LLC | Ecuador\",\"url\":\"https:\/\/noti-america.com\/site\/ecuador\/\",\"logo\":{\"@type\":\"ImageObject\",\"inLanguage\":\"es\",\"@id\":\"https:\/\/noti-america.com\/site\/ecuador\/#\/schema\/logo\/image\/\",\"url\":\"https:\/\/noti-america.com\/site\/ecuador\/wp-content\/uploads\/sites\/18\/2020\/07\/LogoNA-4x3-1.jpg\",\"contentUrl\":\"https:\/\/noti-america.com\/site\/ecuador\/wp-content\/uploads\/sites\/18\/2020\/07\/LogoNA-4x3-1.jpg\",\"width\":1236,\"height\":1080,\"caption\":\"Noti-America LLC | Ecuador\"},\"image\":{\"@id\":\"https:\/\/noti-america.com\/site\/ecuador\/#\/schema\/logo\/image\/\"},\"sameAs\":[\"https:\/\/x.com\/notiamerica\"]},{\"@type\":\"Person\",\"@id\":\"https:\/\/noti-america.com\/site\/ecuador\/#\/schema\/person\/3b975e42f15abfe64bfe3abdd916efda\",\"name\":\"Gregory Quintana Montiel\",\"image\":{\"@type\":\"ImageObject\",\"inLanguage\":\"es\",\"@id\":\"https:\/\/secure.gravatar.com\/avatar\/2d6b802f7720c2ec7744dcbe608cc2f3417aeb964d58b443c6d612b77531de1d?s=96&d=mm&r=g\",\"url\":\"https:\/\/secure.gravatar.com\/avatar\/2d6b802f7720c2ec7744dcbe608cc2f3417aeb964d58b443c6d612b77531de1d?s=96&d=mm&r=g\",\"contentUrl\":\"https:\/\/secure.gravatar.com\/avatar\/2d6b802f7720c2ec7744dcbe608cc2f3417aeb964d58b443c6d612b77531de1d?s=96&d=mm&r=g\",\"caption\":\"Gregory Quintana Montiel\"},\"description\":\"Licenciatura en Ciencias de la Comunicaci\u00f3n Social, egresado en la Especializaci\u00f3n Derecho Ambiental Desarrollo Sostenible y Sustentable, Miembro de la Comunidad de profesionales y experto para Latinoam\u00e9rica y el Caribe en Gesti\u00f3n por Resultado en el Desarrollo (COPLAC - GpRD) del Banco Interamericano de Desarrollo, experiencia en medios radiales y escritos.\",\"sameAs\":[\"https:\/\/x.com\/gdgregori1\",\"gquintana\"],\"url\":\"https:\/\/noti-america.com\/site\/ecuador\/author\/gquintana\/\"}]}<\/script>\n<!-- \/ Yoast SEO Premium plugin. -->","yoast_head_json":{"title":"Ecuador contar\u00e1 con Norma T\u00e9cnica para la gesti\u00f3n de Corredores de Conectividad - Ecuador | Noti-America.com","robots":{"index":"index","follow":"follow","max-snippet":"max-snippet:-1","max-image-preview":"max-image-preview:large","max-video-preview":"max-video-preview:-1"},"canonical":"https:\/\/noti-america.com\/site\/ecuador\/2019\/12\/02\/ecuador-contara-con-norma-tecnica-para-la-gestion-de-corredores-de-conectividad\/","og_locale":"es_ES","og_type":"article","og_title":"Ecuador contar\u00e1 con Norma T\u00e9cnica para la gesti\u00f3n de Corredores de Conectividad","og_description":"REDACCI\u00d3N NOTI AM\u00c9RICA (ECUADOR) La ciudad de Cuenca fue el escenario de la firma de una carta de intenci\u00f3n para la suscripci\u00f3n de la Norma T\u00e9cnica para el dise\u00f1o y gesti\u00f3n de Corredores de&#46;&#46;&#46;","og_url":"https:\/\/noti-america.com\/site\/ecuador\/2019\/12\/02\/ecuador-contara-con-norma-tecnica-para-la-gestion-de-corredores-de-conectividad\/","og_site_name":"Ecuador | Noti-America.com","article_published_time":"2019-12-02T23:44:44+00:00","og_image":[{"width":5760,"height":3838,"url":"https:\/\/noti-america.com\/site\/ecuador\/wp-content\/uploads\/sites\/18\/2019\/12\/Ecuador-contar\u00e1-con-la-Norma-T\u00e9cnica-para-la-gesti\u00f3n-de-Corredores-de-Conectividad.jpg","type":"image\/jpeg"}],"author":"Gregory Quintana Montiel","twitter_card":"summary_large_image","twitter_creator":"@gdgregori1","twitter_site":"@notiamerica","twitter_misc":{"Escrito por":"Gregory Quintana Montiel","Tiempo estimado de lectura":"1 minuto"},"schema":{"@context":"https:\/\/schema.org","@graph":[{"@type":"Article","@id":"https:\/\/noti-america.com\/site\/ecuador\/2019\/12\/02\/ecuador-contara-con-norma-tecnica-para-la-gestion-de-corredores-de-conectividad\/#article","isPartOf":{"@id":"https:\/\/noti-america.com\/site\/ecuador\/2019\/12\/02\/ecuador-contara-con-norma-tecnica-para-la-gestion-de-corredores-de-conectividad\/"},"author":{"name":"Gregory Quintana Montiel","@id":"https:\/\/noti-america.com\/site\/ecuador\/#\/schema\/person\/3b975e42f15abfe64bfe3abdd916efda"},"headline":"Ecuador contar\u00e1 con Norma T\u00e9cnica para la gesti\u00f3n de Corredores de Conectividad","datePublished":"2019-12-02T23:44:44+00:00","mainEntityOfPage":{"@id":"https:\/\/noti-america.com\/site\/ecuador\/2019\/12\/02\/ecuador-contara-con-norma-tecnica-para-la-gestion-de-corredores-de-conectividad\/"},"wordCount":303,"commentCount":0,"publisher":{"@id":"https:\/\/noti-america.com\/site\/ecuador\/#organization"},"image":{"@id":"https:\/\/noti-america.com\/site\/ecuador\/2019\/12\/02\/ecuador-contara-con-norma-tecnica-para-la-gestion-de-corredores-de-conectividad\/#primaryimage"},"thumbnailUrl":"https:\/\/noti-america.com\/site\/ecuador\/wp-content\/uploads\/sites\/18\/2019\/12\/Ecuador-contar\u00e1-con-la-Norma-T\u00e9cnica-para-la-gesti\u00f3n-de-Corredores-de-Conectividad.jpg","articleSection":["Ambiental"],"inLanguage":"es","potentialAction":[{"@type":"CommentAction","name":"Comment","target":["https:\/\/noti-america.com\/site\/ecuador\/2019\/12\/02\/ecuador-contara-con-norma-tecnica-para-la-gestion-de-corredores-de-conectividad\/#respond"]}]},{"@type":"WebPage","@id":"https:\/\/noti-america.com\/site\/ecuador\/2019\/12\/02\/ecuador-contara-con-norma-tecnica-para-la-gestion-de-corredores-de-conectividad\/","url":"https:\/\/noti-america.com\/site\/ecuador\/2019\/12\/02\/ecuador-contara-con-norma-tecnica-para-la-gestion-de-corredores-de-conectividad\/","name":"Ecuador contar\u00e1 con Norma T\u00e9cnica para la gesti\u00f3n de Corredores de Conectividad - Ecuador | Noti-America.com","isPartOf":{"@id":"https:\/\/noti-america.com\/site\/ecuador\/#website"},"primaryImageOfPage":{"@id":"https:\/\/noti-america.com\/site\/ecuador\/2019\/12\/02\/ecuador-contara-con-norma-tecnica-para-la-gestion-de-corredores-de-conectividad\/#primaryimage"},"image":{"@id":"https:\/\/noti-america.com\/site\/ecuador\/2019\/12\/02\/ecuador-contara-con-norma-tecnica-para-la-gestion-de-corredores-de-conectividad\/#primaryimage"},"thumbnailUrl":"https:\/\/noti-america.com\/site\/ecuador\/wp-content\/uploads\/sites\/18\/2019\/12\/Ecuador-contar\u00e1-con-la-Norma-T\u00e9cnica-para-la-gesti\u00f3n-de-Corredores-de-Conectividad.jpg","datePublished":"2019-12-02T23:44:44+00:00","breadcrumb":{"@id":"https:\/\/noti-america.com\/site\/ecuador\/2019\/12\/02\/ecuador-contara-con-norma-tecnica-para-la-gestion-de-corredores-de-conectividad\/#breadcrumb"},"inLanguage":"es","potentialAction":[{"@type":"ReadAction","target":["https:\/\/noti-america.com\/site\/ecuador\/2019\/12\/02\/ecuador-contara-con-norma-tecnica-para-la-gestion-de-corredores-de-conectividad\/"]}]},{"@type":"ImageObject","inLanguage":"es","@id":"https:\/\/noti-america.com\/site\/ecuador\/2019\/12\/02\/ecuador-contara-con-norma-tecnica-para-la-gestion-de-corredores-de-conectividad\/#primaryimage","url":"https:\/\/noti-america.com\/site\/ecuador\/wp-content\/uploads\/sites\/18\/2019\/12\/Ecuador-contar\u00e1-con-la-Norma-T\u00e9cnica-para-la-gesti\u00f3n-de-Corredores-de-Conectividad.jpg","contentUrl":"https:\/\/noti-america.com\/site\/ecuador\/wp-content\/uploads\/sites\/18\/2019\/12\/Ecuador-contar\u00e1-con-la-Norma-T\u00e9cnica-para-la-gesti\u00f3n-de-Corredores-de-Conectividad.jpg","width":5760,"height":3838},{"@type":"BreadcrumbList","@id":"https:\/\/noti-america.com\/site\/ecuador\/2019\/12\/02\/ecuador-contara-con-norma-tecnica-para-la-gestion-de-corredores-de-conectividad\/#breadcrumb","itemListElement":[{"@type":"ListItem","position":1,"name":"Portada","item":"https:\/\/noti-america.com\/site\/ecuador\/"},{"@type":"ListItem","position":2,"name":"Ecuador contar\u00e1 con Norma T\u00e9cnica para la gesti\u00f3n de Corredores de Conectividad"}]},{"@type":"WebSite","@id":"https:\/\/noti-america.com\/site\/ecuador\/#website","url":"https:\/\/noti-america.com\/site\/ecuador\/","name":"Ecuador | Noti-America.com","description":"","publisher":{"@id":"https:\/\/noti-america.com\/site\/ecuador\/#organization"},"potentialAction":[{"@type":"SearchAction","target":{"@type":"EntryPoint","urlTemplate":"https:\/\/noti-america.com\/site\/ecuador\/?s={search_term_string}"},"query-input":{"@type":"PropertyValueSpecification","valueRequired":true,"valueName":"search_term_string"}}],"inLanguage":"es"},{"@type":"Organization","@id":"https:\/\/noti-america.com\/site\/ecuador\/#organization","name":"Noti-America LLC | Ecuador","url":"https:\/\/noti-america.com\/site\/ecuador\/","logo":{"@type":"ImageObject","inLanguage":"es","@id":"https:\/\/noti-america.com\/site\/ecuador\/#\/schema\/logo\/image\/","url":"https:\/\/noti-america.com\/site\/ecuador\/wp-content\/uploads\/sites\/18\/2020\/07\/LogoNA-4x3-1.jpg","contentUrl":"https:\/\/noti-america.com\/site\/ecuador\/wp-content\/uploads\/sites\/18\/2020\/07\/LogoNA-4x3-1.jpg","width":1236,"height":1080,"caption":"Noti-America LLC | Ecuador"},"image":{"@id":"https:\/\/noti-america.com\/site\/ecuador\/#\/schema\/logo\/image\/"},"sameAs":["https:\/\/x.com\/notiamerica"]},{"@type":"Person","@id":"https:\/\/noti-america.com\/site\/ecuador\/#\/schema\/person\/3b975e42f15abfe64bfe3abdd916efda","name":"Gregory Quintana Montiel","image":{"@type":"ImageObject","inLanguage":"es","@id":"https:\/\/secure.gravatar.com\/avatar\/2d6b802f7720c2ec7744dcbe608cc2f3417aeb964d58b443c6d612b77531de1d?s=96&d=mm&r=g","url":"https:\/\/secure.gravatar.com\/avatar\/2d6b802f7720c2ec7744dcbe608cc2f3417aeb964d58b443c6d612b77531de1d?s=96&d=mm&r=g","contentUrl":"https:\/\/secure.gravatar.com\/avatar\/2d6b802f7720c2ec7744dcbe608cc2f3417aeb964d58b443c6d612b77531de1d?s=96&d=mm&r=g","caption":"Gregory Quintana Montiel"},"description":"Licenciatura en Ciencias de la Comunicaci\u00f3n Social, egresado en la Especializaci\u00f3n Derecho Ambiental Desarrollo Sostenible y Sustentable, Miembro de la Comunidad de profesionales y experto para Latinoam\u00e9rica y el Caribe en Gesti\u00f3n por Resultado en el Desarrollo (COPLAC - GpRD) del Banco Interamericano de Desarrollo, experiencia en medios radiales y escritos.","sameAs":["https:\/\/x.com\/gdgregori1","gquintana"],"url":"https:\/\/noti-america.com\/site\/ecuador\/author\/gquintana\/"}]}},"_links":{"self":[{"href":"https:\/\/noti-america.com\/site\/ecuador\/wp-json\/wp\/v2\/posts\/6648","targetHints":{"allow":["GET"]}}],"collection":[{"href":"https:\/\/noti-america.com\/site\/ecuador\/wp-json\/wp\/v2\/posts"}],"about":[{"href":"https:\/\/noti-america.com\/site\/ecuador\/wp-json\/wp\/v2\/types\/post"}],"author":[{"embeddable":true,"href":"https:\/\/noti-america.com\/site\/ecuador\/wp-json\/wp\/v2\/users\/17"}],"replies":[{"embeddable":true,"href":"https:\/\/noti-america.com\/site\/ecuador\/wp-json\/wp\/v2\/comments?post=6648"}],"version-history":[{"count":1,"href":"https:\/\/noti-america.com\/site\/ecuador\/wp-json\/wp\/v2\/posts\/6648\/revisions"}],"predecessor-version":[{"id":6650,"href":"https:\/\/noti-america.com\/site\/ecuador\/wp-json\/wp\/v2\/posts\/6648\/revisions\/6650"}],"wp:featuredmedia":[{"embeddable":true,"href":"https:\/\/noti-america.com\/site\/ecuador\/wp-json\/wp\/v2\/media\/6649"}],"wp:attachment":[{"href":"https:\/\/noti-america.com\/site\/ecuador\/wp-json\/wp\/v2\/media?parent=6648"}],"wp:term":[{"taxonomy":"category","embeddable":true,"href":"https:\/\/noti-america.com\/site\/ecuador\/wp-json\/wp\/v2\/categories?post=6648"},{"taxonomy":"post_tag","embeddable":true,"href":"https:\/\/noti-america.com\/site\/ecuador\/wp-json\/wp\/v2\/tags?post=6648"}],"curies":[{"name":"wp","href":"https:\/\/api.w.org\/{rel}","templated":true}]}}