{"id":6642,"date":"2019-12-02T23:08:27","date_gmt":"2019-12-02T23:08:27","guid":{"rendered":"http:\/\/noti-america.com\/site\/ecuador\/?p=6642"},"modified":"2019-12-02T23:08:27","modified_gmt":"2019-12-02T23:08:27","slug":"la-mujer-es-una-victima-del-cambio-climatico","status":"publish","type":"post","link":"https:\/\/noti-america.com\/site\/ecuador\/2019\/12\/02\/la-mujer-es-una-victima-del-cambio-climatico\/","title":{"rendered":"La mujer es una \u2018v\u00edctima\u2019 del cambio clim\u00e1tico"},"content":{"rendered":"<p>REDACCI\u00d3N NOTI AM\u00c9RICA (ECUADOR)<\/p>\n<p style=\"text-align: justify\">El cambio clim\u00e1tico no afecta a todos por igual. Diversas investigaciones muestran que las mujeres no solo son m\u00e1s vulnerables al aumento de temperaturas, sino que su capacidad para adaptarse se ve mermada por factores sociales.<\/p>\n<p style=\"text-align: justify\">India y Pakist\u00e1n sufrieron este pasado verano temperaturas que superaron los 45 \u00baC durante tres semanas. Antes, la capital india, Nueva Delhi, registr\u00f3 un <strong>r\u00e9cord hist\u00f3rico de temperaturas<\/strong>: 48 \u00baC el 10 de junio, en una de las peores can\u00edculas del pa\u00eds. El calor extremo dej\u00f3 decenas de muertos.<\/p>\n<p style=\"text-align: justify\">En todo el mundo unos 500 millones de personas viven en zonas afectadas por la desertificaci\u00f3n. Muchas de ellas buscan mejores condiciones de vida abandonando sus pa\u00edses, convertidas en\u00a0refugiadas clim\u00e1ticas.<\/p>\n<p style=\"text-align: justify\"><img loading=\"lazy\" decoding=\"async\" class=\"imagenin img-fluid pull-left mr-40 mb-15 alignleft\" src=\"https:\/\/www.ecoticias.com\/userfiles\/2019\/noviembre\/26nov\/vmujerverti.jpg\" alt=\"La mujer es una \u2018v\u00edctima\u2019 del cambio clim\u00e1tico\" width=\"496\" height=\"678\" \/><\/p>\n<p style=\"text-align: justify\">Mujeres, hombres y ni\u00f1os huyen de la sequ\u00eda, las inundaciones, los huracanes o la hambruna en diferentes partes del mundo. En esas migraciones, la discriminaci\u00f3n hacia las mujeres se exacerba.<\/p>\n<p style=\"text-align: justify\">\u201cLas migrantes clim\u00e1ticas se enfrentan al aumento de las diferentes formas de\u00a0violencia machista, como una mayor incidencia de\u00a0matrimonios infantiles forzados,\u00a0<strong>mutilaci\u00f3n genital<\/strong>, violencia intrafamiliar y\u00a0menor acceso a la educaci\u00f3n y a los sistemas de salud p\u00fablica\u201d, se\u00f1ala el informe presentado la semana pasada\u00a0<em>Perspectiva de g\u00e9nero en las migraciones clim\u00e1ticas<\/em>\u00a0de la Fundaci\u00f3n Ecolog\u00eda y Desarrollo (ECODES) y dirigido por\u00a0Beatriz Felipe P\u00e9rez, investigadora en la Universidad Rovira i Virgili.<\/p>\n<p style=\"text-align: justify\">El cambio clim\u00e1tico relega a mujeres y ni\u00f1as a un\u00a0segundo plano en la toma de decisiones\u00a0y en la recepci\u00f3n de\u00a0ayudas\u00a0y beneficios. Ellas se convierten en las m\u00e1s vulnerables de las consecuencias de la emergencia clim\u00e1tica y, a pesar de todo, siguen siendo las responsables de los\u00a0cuidados\u00a0de terceros.<\/p>\n<h2 style=\"text-align: justify\">C\u00f3mo se adaptan a la crisis clim\u00e1tica<\/h2>\n<p style=\"text-align: justify\">\u201cLas mujeres a menudo son homogeneizadas, ya sea como v\u00edctimas o como hero\u00ednas. Sin embargo, no son un grupo homog\u00e9neo y sus experiencias de vulnerabilidad y capacidad de adaptaci\u00f3n est\u00e1n determinadas por las<strong>\u00a0relaciones sociales\u00a0<\/strong>en las que est\u00e1n integradas, incluso con los hombres, que a menudo median su acceso a recursos y oportunidades\u201d, apunta Nitya Rao, cient\u00edfica en la Universidad de East Anglia (Reino Unido) y autora principal de un estudio que se difundi\u00f3 ayer, en el D\u00eda Internacional de la Eliminaci\u00f3n de la Violencia contra la Mujer.<\/p>\n<p style=\"text-align: justify\">El trabajo, publicado en\u00a0<em>Nature Climate Change<\/em>, ha analizado por primera vez la capacidad de las mujeres para adaptarse eficazmente al cambio clim\u00e1tico y revela que la migraci\u00f3n masculina y las malas condiciones laborales de las mujeres, combinadas con la\u00a0pobreza\u00a0y el fracaso institucional, obstaculizan y limitan su capacidad de adaptaci\u00f3n, sobre todo en Asia y \u00c1frica.<\/p>\n<p style=\"text-align: justify\">\u201cYa sab\u00edamos que la pobreza afecta negativamente la capacidad de adaptaci\u00f3n de las personas, pero lo m\u00e1s sorprendente fue el papel de las instituciones sociales en todos los niveles, desde el hogar y la comunidad hasta los mercados y los estados, y c\u00f3mo las reglas y normas que establecen se combinan entre s\u00ed para permitir u\u00a0<strong>obstaculizar la capacidad de la mujer<\/strong>\u201d, recalca Rao.<\/p>\n<p style=\"text-align: justify\"><img loading=\"lazy\" decoding=\"async\" src=\"https:\/\/www.ecoticias.com\/userfiles\/2019\/noviembre\/26nov\/vmujertext.jpg\" alt=\"\" width=\"730\" height=\"441\" \/><\/p>\n<p style=\"text-align: justify\">Los investigadores de India, Nepal, Pakist\u00e1n, Sud\u00e1frica y Reino Unido examinaron 25 casos concretos en Asia (India, Nepal, Pakist\u00e1n, Bangladesh, Tayikist\u00e1n) y \u00c1frica (Kenia, Ghana, Namibia, Mal\u00ed, Etiop\u00eda, Senegal) en regiones semi\u00e1ridas, monta\u00f1osas y en cuencas fluviales, centr\u00e1ndose en el papel de las normas del hogar (la relaci\u00f3n entre hombres y mujeres), la movilidad, los v\u00ednculos de parentesco, las condiciones de trabajo y la protecci\u00f3n social.<\/p>\n<p style=\"text-align: justify\">\u201cIncluso cuando las normas del hogar son de apoyo en contextos de\u00a0estr\u00e9s ambiental, la combinaci\u00f3n de factores laborales e institucionales limitan a las mujeres\u201d, dice la experta.<\/p>\n<h2 style=\"text-align: justify\">La doble carga de las mujeres<\/h2>\n<p style=\"text-align: justify\">A pesar de sus esfuerzos, los hombres no siempre contribuyen lo suficiente a la\u00a0supervivencia\u00a0del hogar, e incluso cuando lo logran, durante su ausencia dejan a las mujeres con una\u00a0<strong>doble carga de trabajo productivo y reproductivo<\/strong>.<\/p>\n<p style=\"text-align: justify\">Las m\u00e1s desfavorecidas son las m\u00e1s j\u00f3venes, con menor nivel de estudios y las que pertenecen a clases sociales m\u00e1s bajas, o castas y \u00e9tnicas marginales.<\/p>\n<p style=\"text-align: justify\">\u201cEsta divisi\u00f3n del trabajo por\u00a0g\u00e9nero\u00a0es clave para nuestro enfoque en las mujeres, ya que para habilitar sus capacidades de adaptaci\u00f3n es importante proporcionar apoyo social e institucional para aliviarlas de algunas de sus cargas de trabajo dom\u00e9stico, ya sea mediante el suministro de agua potable y energ\u00eda limpia, o servicios de cuidado y salud infantil\u201d, asegura la investigadora brit\u00e1nica.<\/p>\n<p style=\"text-align: justify\">Durante la ausencia de los hombres, las mujeres se encuentran sin\u00a0apoyo institucional\u00a0y se ven\u00a0<strong>enfrentadas a trabajar m\u00e1s duro<\/strong>, en peores condiciones y con salarios m\u00e1s bajos. Esto afecta directamente a su bienestar y a su salud.<\/p>\n<p style=\"text-align: justify\">\u201cEn cierto sentido, las mujeres tienen voz, ya que participan activamente en el mantenimiento del hogar. Sin embargo, esto no contribuye a fortalecer sus capacidades de adaptaci\u00f3n a largo plazo o su bienestar\u201d, a\u00f1ade Rao.<\/p>\n<p style=\"text-align: justify\">El informe de ECODES apunta en la misma direcci\u00f3n: \u201cEs necesario reconocer y\u00a0visibilizar\u00a0los diferentes\u00a0roles,\u00a0relaciones\u00a0y\u00a0desigualdades\u00a0entre hombres y mujeres, ni\u00f1os y ni\u00f1as en las migraciones clim\u00e1ticas, tanto antes de migrar como a lo largo del proceso migratorio, incluyendo a quienes no migran porque no quieren o porque no pueden hacerlo\u201d.<\/p>\n<p style=\"text-align: justify\">Para la investigadora Beatriz Felipe P\u00e9rez es fundamental promover la participaci\u00f3n en la toma de decisiones de las mujeres en todos los \u00e1mbitos y niveles. \u201cResulta primordial que se desarrollen las acciones necesarias para promover su acceso a la informaci\u00f3n y a la tenencia de la tierra, as\u00ed como reconocerlas como agentes clave y necesarios para la lucha efectiva contra el cambio clim\u00e1tico\u201d, manifiesta el trabajo.<\/p>\n<p style=\"text-align: justify\">Para ello, una\u00a0<strong>protecci\u00f3n social efectiva<\/strong>\u00a0es indispensable. Iniciativas como el sistema universal de distribuci\u00f3n p\u00fablica de cereales en la India o las pensiones y las subvenciones sociales en Namibia pueden ayudar a aliviar las presiones inmediatas sobre la supervivencia. Esto crea cierto margen de maniobra, subraya el art\u00edculo en\u00a0<em>Nature Climate Change<\/em>.<\/p>\n<p style=\"text-align: justify\">Los autores tambi\u00e9n se\u00f1alan que estos beneficios permitir\u00edan apoyar y fortalecer las acciones colectivas en las comunidades. No obstante, se requieren inversiones para ayudar tanto a hombres y a mujeres a enfrentarse de manera efectiva a los desaf\u00edos que les acechan.<\/p>\n<p style=\"text-align: justify\">Fuente:\u00a0SINC<\/p>\n<ul>\n<li style=\"text-align: justify\">Imagen de portada: Las mujeres son las que tienen que recorrer mayor distancia para recoger agua y las que sufren mayor n\u00famero de muertes tras una inundaci\u00f3n. Fuente: Pixabay<\/li>\n<li style=\"text-align: justify\">Imagen vertical: UN Photo (2014). North Darfur IDP Camp Receives Over 8,000 Newly Displaced Residents.<\/li>\n<li style=\"text-align: justify\">Imagen del texto: Uno de los estudios ha analizado la situaci\u00f3n de las mujeres en varios pa\u00edses africanos.\u00a0Fuente: Pixabay<\/li>\n<\/ul>\n","protected":false},"excerpt":{"rendered":"<p>REDACCI\u00d3N NOTI AM\u00c9RICA (ECUADOR) El cambio clim\u00e1tico no afecta a todos por igual. Diversas investigaciones muestran que las mujeres no solo son m\u00e1s vulnerables al aumento de temperaturas, sino que su capacidad para adaptarse&#46;&#46;&#46;<\/p>\n","protected":false},"author":17,"featured_media":6643,"comment_status":"open","ping_status":"open","sticky":false,"template":"","format":"standard","meta":{"_acf_changed":false,"om_disable_all_campaigns":false,"rop_custom_images_group":[],"rop_custom_messages_group":[],"rop_publish_now":"initial","rop_publish_now_accounts":{"twitter_242054905_242054905":""},"rop_publish_now_history":[],"rop_publish_now_status":"pending","_uf_show_specific_survey":0,"_uf_disable_surveys":false,"footnotes":""},"categories":[111],"tags":[],"class_list":["post-6642","post","type-post","status-publish","format-standard","has-post-thumbnail","hentry","category-sostenibilidad-y-cambio-climatico"],"acf":[],"aioseo_notices":[],"yoast_head":"<!-- This site is optimized with the Yoast SEO Premium plugin v24.9 (Yoast SEO v27.2) - https:\/\/yoast.com\/product\/yoast-seo-premium-wordpress\/ -->\n<title>La mujer es una \u2018v\u00edctima\u2019 del cambio clim\u00e1tico - Ecuador | Noti-America.com<\/title>\n<meta name=\"robots\" content=\"index, follow, max-snippet:-1, max-image-preview:large, max-video-preview:-1\" \/>\n<link rel=\"canonical\" href=\"https:\/\/noti-america.com\/site\/ecuador\/2019\/12\/02\/la-mujer-es-una-victima-del-cambio-climatico\/\" \/>\n<meta property=\"og:locale\" content=\"es_ES\" \/>\n<meta property=\"og:type\" content=\"article\" \/>\n<meta property=\"og:title\" content=\"La mujer es una \u2018v\u00edctima\u2019 del cambio clim\u00e1tico\" \/>\n<meta property=\"og:description\" content=\"REDACCI\u00d3N NOTI AM\u00c9RICA (ECUADOR) El cambio clim\u00e1tico no afecta a todos por igual. Diversas investigaciones muestran que las mujeres no solo son m\u00e1s vulnerables al aumento de temperaturas, sino que su capacidad para adaptarse&#046;&#046;&#046;\" \/>\n<meta property=\"og:url\" content=\"https:\/\/noti-america.com\/site\/ecuador\/2019\/12\/02\/la-mujer-es-una-victima-del-cambio-climatico\/\" \/>\n<meta property=\"og:site_name\" content=\"Ecuador | Noti-America.com\" \/>\n<meta property=\"article:published_time\" content=\"2019-12-02T23:08:27+00:00\" \/>\n<meta property=\"og:image\" content=\"https:\/\/noti-america.com\/site\/ecuador\/wp-content\/uploads\/sites\/18\/2019\/12\/La-mujer-es-una-\u2018v\u00edctima\u2019-del-cambio-clim\u00e1tico.jpg\" \/>\n\t<meta property=\"og:image:width\" content=\"730\" \/>\n\t<meta property=\"og:image:height\" content=\"487\" \/>\n\t<meta property=\"og:image:type\" content=\"image\/jpeg\" \/>\n<meta name=\"author\" content=\"Gregory Quintana Montiel\" \/>\n<meta name=\"twitter:card\" content=\"summary_large_image\" \/>\n<meta name=\"twitter:creator\" content=\"@gdgregori1\" \/>\n<meta name=\"twitter:site\" content=\"@notiamerica\" \/>\n<meta name=\"twitter:label1\" content=\"Escrito por\" \/>\n\t<meta name=\"twitter:data1\" content=\"Gregory Quintana Montiel\" \/>\n\t<meta name=\"twitter:label2\" content=\"Tiempo estimado de lectura\" \/>\n\t<meta name=\"twitter:data2\" content=\"6 minutos\" \/>\n<script type=\"application\/ld+json\" class=\"yoast-schema-graph\">{\"@context\":\"https:\/\/schema.org\",\"@graph\":[{\"@type\":\"Article\",\"@id\":\"https:\/\/noti-america.com\/site\/ecuador\/2019\/12\/02\/la-mujer-es-una-victima-del-cambio-climatico\/#article\",\"isPartOf\":{\"@id\":\"https:\/\/noti-america.com\/site\/ecuador\/2019\/12\/02\/la-mujer-es-una-victima-del-cambio-climatico\/\"},\"author\":{\"name\":\"Gregory Quintana Montiel\",\"@id\":\"https:\/\/noti-america.com\/site\/ecuador\/#\/schema\/person\/3b975e42f15abfe64bfe3abdd916efda\"},\"headline\":\"La mujer es una \u2018v\u00edctima\u2019 del cambio clim\u00e1tico\",\"datePublished\":\"2019-12-02T23:08:27+00:00\",\"mainEntityOfPage\":{\"@id\":\"https:\/\/noti-america.com\/site\/ecuador\/2019\/12\/02\/la-mujer-es-una-victima-del-cambio-climatico\/\"},\"wordCount\":1172,\"commentCount\":0,\"publisher\":{\"@id\":\"https:\/\/noti-america.com\/site\/ecuador\/#organization\"},\"image\":{\"@id\":\"https:\/\/noti-america.com\/site\/ecuador\/2019\/12\/02\/la-mujer-es-una-victima-del-cambio-climatico\/#primaryimage\"},\"thumbnailUrl\":\"https:\/\/noti-america.com\/site\/ecuador\/wp-content\/uploads\/sites\/18\/2019\/12\/La-mujer-es-una-\u2018v\u00edctima\u2019-del-cambio-clim\u00e1tico.jpg\",\"articleSection\":[\"Sostenibilidad y Cambio Clim\u00e1tico\"],\"inLanguage\":\"es\",\"potentialAction\":[{\"@type\":\"CommentAction\",\"name\":\"Comment\",\"target\":[\"https:\/\/noti-america.com\/site\/ecuador\/2019\/12\/02\/la-mujer-es-una-victima-del-cambio-climatico\/#respond\"]}]},{\"@type\":\"WebPage\",\"@id\":\"https:\/\/noti-america.com\/site\/ecuador\/2019\/12\/02\/la-mujer-es-una-victima-del-cambio-climatico\/\",\"url\":\"https:\/\/noti-america.com\/site\/ecuador\/2019\/12\/02\/la-mujer-es-una-victima-del-cambio-climatico\/\",\"name\":\"La mujer es una \u2018v\u00edctima\u2019 del cambio clim\u00e1tico - Ecuador | Noti-America.com\",\"isPartOf\":{\"@id\":\"https:\/\/noti-america.com\/site\/ecuador\/#website\"},\"primaryImageOfPage\":{\"@id\":\"https:\/\/noti-america.com\/site\/ecuador\/2019\/12\/02\/la-mujer-es-una-victima-del-cambio-climatico\/#primaryimage\"},\"image\":{\"@id\":\"https:\/\/noti-america.com\/site\/ecuador\/2019\/12\/02\/la-mujer-es-una-victima-del-cambio-climatico\/#primaryimage\"},\"thumbnailUrl\":\"https:\/\/noti-america.com\/site\/ecuador\/wp-content\/uploads\/sites\/18\/2019\/12\/La-mujer-es-una-\u2018v\u00edctima\u2019-del-cambio-clim\u00e1tico.jpg\",\"datePublished\":\"2019-12-02T23:08:27+00:00\",\"breadcrumb\":{\"@id\":\"https:\/\/noti-america.com\/site\/ecuador\/2019\/12\/02\/la-mujer-es-una-victima-del-cambio-climatico\/#breadcrumb\"},\"inLanguage\":\"es\",\"potentialAction\":[{\"@type\":\"ReadAction\",\"target\":[\"https:\/\/noti-america.com\/site\/ecuador\/2019\/12\/02\/la-mujer-es-una-victima-del-cambio-climatico\/\"]}]},{\"@type\":\"ImageObject\",\"inLanguage\":\"es\",\"@id\":\"https:\/\/noti-america.com\/site\/ecuador\/2019\/12\/02\/la-mujer-es-una-victima-del-cambio-climatico\/#primaryimage\",\"url\":\"https:\/\/noti-america.com\/site\/ecuador\/wp-content\/uploads\/sites\/18\/2019\/12\/La-mujer-es-una-\u2018v\u00edctima\u2019-del-cambio-clim\u00e1tico.jpg\",\"contentUrl\":\"https:\/\/noti-america.com\/site\/ecuador\/wp-content\/uploads\/sites\/18\/2019\/12\/La-mujer-es-una-\u2018v\u00edctima\u2019-del-cambio-clim\u00e1tico.jpg\",\"width\":730,\"height\":487},{\"@type\":\"BreadcrumbList\",\"@id\":\"https:\/\/noti-america.com\/site\/ecuador\/2019\/12\/02\/la-mujer-es-una-victima-del-cambio-climatico\/#breadcrumb\",\"itemListElement\":[{\"@type\":\"ListItem\",\"position\":1,\"name\":\"Portada\",\"item\":\"https:\/\/noti-america.com\/site\/ecuador\/\"},{\"@type\":\"ListItem\",\"position\":2,\"name\":\"La mujer es una \u2018v\u00edctima\u2019 del cambio clim\u00e1tico\"}]},{\"@type\":\"WebSite\",\"@id\":\"https:\/\/noti-america.com\/site\/ecuador\/#website\",\"url\":\"https:\/\/noti-america.com\/site\/ecuador\/\",\"name\":\"Ecuador | Noti-America.com\",\"description\":\"\",\"publisher\":{\"@id\":\"https:\/\/noti-america.com\/site\/ecuador\/#organization\"},\"potentialAction\":[{\"@type\":\"SearchAction\",\"target\":{\"@type\":\"EntryPoint\",\"urlTemplate\":\"https:\/\/noti-america.com\/site\/ecuador\/?s={search_term_string}\"},\"query-input\":{\"@type\":\"PropertyValueSpecification\",\"valueRequired\":true,\"valueName\":\"search_term_string\"}}],\"inLanguage\":\"es\"},{\"@type\":\"Organization\",\"@id\":\"https:\/\/noti-america.com\/site\/ecuador\/#organization\",\"name\":\"Noti-America LLC | Ecuador\",\"url\":\"https:\/\/noti-america.com\/site\/ecuador\/\",\"logo\":{\"@type\":\"ImageObject\",\"inLanguage\":\"es\",\"@id\":\"https:\/\/noti-america.com\/site\/ecuador\/#\/schema\/logo\/image\/\",\"url\":\"https:\/\/noti-america.com\/site\/ecuador\/wp-content\/uploads\/sites\/18\/2020\/07\/LogoNA-4x3-1.jpg\",\"contentUrl\":\"https:\/\/noti-america.com\/site\/ecuador\/wp-content\/uploads\/sites\/18\/2020\/07\/LogoNA-4x3-1.jpg\",\"width\":1236,\"height\":1080,\"caption\":\"Noti-America LLC | Ecuador\"},\"image\":{\"@id\":\"https:\/\/noti-america.com\/site\/ecuador\/#\/schema\/logo\/image\/\"},\"sameAs\":[\"https:\/\/x.com\/notiamerica\"]},{\"@type\":\"Person\",\"@id\":\"https:\/\/noti-america.com\/site\/ecuador\/#\/schema\/person\/3b975e42f15abfe64bfe3abdd916efda\",\"name\":\"Gregory Quintana Montiel\",\"image\":{\"@type\":\"ImageObject\",\"inLanguage\":\"es\",\"@id\":\"https:\/\/secure.gravatar.com\/avatar\/2d6b802f7720c2ec7744dcbe608cc2f3417aeb964d58b443c6d612b77531de1d?s=96&d=mm&r=g\",\"url\":\"https:\/\/secure.gravatar.com\/avatar\/2d6b802f7720c2ec7744dcbe608cc2f3417aeb964d58b443c6d612b77531de1d?s=96&d=mm&r=g\",\"contentUrl\":\"https:\/\/secure.gravatar.com\/avatar\/2d6b802f7720c2ec7744dcbe608cc2f3417aeb964d58b443c6d612b77531de1d?s=96&d=mm&r=g\",\"caption\":\"Gregory Quintana Montiel\"},\"description\":\"Licenciatura en Ciencias de la Comunicaci\u00f3n Social, egresado en la Especializaci\u00f3n Derecho Ambiental Desarrollo Sostenible y Sustentable, Miembro de la Comunidad de profesionales y experto para Latinoam\u00e9rica y el Caribe en Gesti\u00f3n por Resultado en el Desarrollo (COPLAC - GpRD) del Banco Interamericano de Desarrollo, experiencia en medios radiales y escritos.\",\"sameAs\":[\"https:\/\/x.com\/gdgregori1\",\"gquintana\"],\"url\":\"https:\/\/noti-america.com\/site\/ecuador\/author\/gquintana\/\"}]}<\/script>\n<!-- \/ Yoast SEO Premium plugin. -->","yoast_head_json":{"title":"La mujer es una \u2018v\u00edctima\u2019 del cambio clim\u00e1tico - Ecuador | Noti-America.com","robots":{"index":"index","follow":"follow","max-snippet":"max-snippet:-1","max-image-preview":"max-image-preview:large","max-video-preview":"max-video-preview:-1"},"canonical":"https:\/\/noti-america.com\/site\/ecuador\/2019\/12\/02\/la-mujer-es-una-victima-del-cambio-climatico\/","og_locale":"es_ES","og_type":"article","og_title":"La mujer es una \u2018v\u00edctima\u2019 del cambio clim\u00e1tico","og_description":"REDACCI\u00d3N NOTI AM\u00c9RICA (ECUADOR) El cambio clim\u00e1tico no afecta a todos por igual. Diversas investigaciones muestran que las mujeres no solo son m\u00e1s vulnerables al aumento de temperaturas, sino que su capacidad para adaptarse&#46;&#46;&#46;","og_url":"https:\/\/noti-america.com\/site\/ecuador\/2019\/12\/02\/la-mujer-es-una-victima-del-cambio-climatico\/","og_site_name":"Ecuador | Noti-America.com","article_published_time":"2019-12-02T23:08:27+00:00","og_image":[{"width":730,"height":487,"url":"https:\/\/noti-america.com\/site\/ecuador\/wp-content\/uploads\/sites\/18\/2019\/12\/La-mujer-es-una-\u2018v\u00edctima\u2019-del-cambio-clim\u00e1tico.jpg","type":"image\/jpeg"}],"author":"Gregory Quintana Montiel","twitter_card":"summary_large_image","twitter_creator":"@gdgregori1","twitter_site":"@notiamerica","twitter_misc":{"Escrito por":"Gregory Quintana Montiel","Tiempo estimado de lectura":"6 minutos"},"schema":{"@context":"https:\/\/schema.org","@graph":[{"@type":"Article","@id":"https:\/\/noti-america.com\/site\/ecuador\/2019\/12\/02\/la-mujer-es-una-victima-del-cambio-climatico\/#article","isPartOf":{"@id":"https:\/\/noti-america.com\/site\/ecuador\/2019\/12\/02\/la-mujer-es-una-victima-del-cambio-climatico\/"},"author":{"name":"Gregory Quintana Montiel","@id":"https:\/\/noti-america.com\/site\/ecuador\/#\/schema\/person\/3b975e42f15abfe64bfe3abdd916efda"},"headline":"La mujer es una \u2018v\u00edctima\u2019 del cambio clim\u00e1tico","datePublished":"2019-12-02T23:08:27+00:00","mainEntityOfPage":{"@id":"https:\/\/noti-america.com\/site\/ecuador\/2019\/12\/02\/la-mujer-es-una-victima-del-cambio-climatico\/"},"wordCount":1172,"commentCount":0,"publisher":{"@id":"https:\/\/noti-america.com\/site\/ecuador\/#organization"},"image":{"@id":"https:\/\/noti-america.com\/site\/ecuador\/2019\/12\/02\/la-mujer-es-una-victima-del-cambio-climatico\/#primaryimage"},"thumbnailUrl":"https:\/\/noti-america.com\/site\/ecuador\/wp-content\/uploads\/sites\/18\/2019\/12\/La-mujer-es-una-\u2018v\u00edctima\u2019-del-cambio-clim\u00e1tico.jpg","articleSection":["Sostenibilidad y Cambio Clim\u00e1tico"],"inLanguage":"es","potentialAction":[{"@type":"CommentAction","name":"Comment","target":["https:\/\/noti-america.com\/site\/ecuador\/2019\/12\/02\/la-mujer-es-una-victima-del-cambio-climatico\/#respond"]}]},{"@type":"WebPage","@id":"https:\/\/noti-america.com\/site\/ecuador\/2019\/12\/02\/la-mujer-es-una-victima-del-cambio-climatico\/","url":"https:\/\/noti-america.com\/site\/ecuador\/2019\/12\/02\/la-mujer-es-una-victima-del-cambio-climatico\/","name":"La mujer es una \u2018v\u00edctima\u2019 del cambio clim\u00e1tico - Ecuador | Noti-America.com","isPartOf":{"@id":"https:\/\/noti-america.com\/site\/ecuador\/#website"},"primaryImageOfPage":{"@id":"https:\/\/noti-america.com\/site\/ecuador\/2019\/12\/02\/la-mujer-es-una-victima-del-cambio-climatico\/#primaryimage"},"image":{"@id":"https:\/\/noti-america.com\/site\/ecuador\/2019\/12\/02\/la-mujer-es-una-victima-del-cambio-climatico\/#primaryimage"},"thumbnailUrl":"https:\/\/noti-america.com\/site\/ecuador\/wp-content\/uploads\/sites\/18\/2019\/12\/La-mujer-es-una-\u2018v\u00edctima\u2019-del-cambio-clim\u00e1tico.jpg","datePublished":"2019-12-02T23:08:27+00:00","breadcrumb":{"@id":"https:\/\/noti-america.com\/site\/ecuador\/2019\/12\/02\/la-mujer-es-una-victima-del-cambio-climatico\/#breadcrumb"},"inLanguage":"es","potentialAction":[{"@type":"ReadAction","target":["https:\/\/noti-america.com\/site\/ecuador\/2019\/12\/02\/la-mujer-es-una-victima-del-cambio-climatico\/"]}]},{"@type":"ImageObject","inLanguage":"es","@id":"https:\/\/noti-america.com\/site\/ecuador\/2019\/12\/02\/la-mujer-es-una-victima-del-cambio-climatico\/#primaryimage","url":"https:\/\/noti-america.com\/site\/ecuador\/wp-content\/uploads\/sites\/18\/2019\/12\/La-mujer-es-una-\u2018v\u00edctima\u2019-del-cambio-clim\u00e1tico.jpg","contentUrl":"https:\/\/noti-america.com\/site\/ecuador\/wp-content\/uploads\/sites\/18\/2019\/12\/La-mujer-es-una-\u2018v\u00edctima\u2019-del-cambio-clim\u00e1tico.jpg","width":730,"height":487},{"@type":"BreadcrumbList","@id":"https:\/\/noti-america.com\/site\/ecuador\/2019\/12\/02\/la-mujer-es-una-victima-del-cambio-climatico\/#breadcrumb","itemListElement":[{"@type":"ListItem","position":1,"name":"Portada","item":"https:\/\/noti-america.com\/site\/ecuador\/"},{"@type":"ListItem","position":2,"name":"La mujer es una \u2018v\u00edctima\u2019 del cambio clim\u00e1tico"}]},{"@type":"WebSite","@id":"https:\/\/noti-america.com\/site\/ecuador\/#website","url":"https:\/\/noti-america.com\/site\/ecuador\/","name":"Ecuador | Noti-America.com","description":"","publisher":{"@id":"https:\/\/noti-america.com\/site\/ecuador\/#organization"},"potentialAction":[{"@type":"SearchAction","target":{"@type":"EntryPoint","urlTemplate":"https:\/\/noti-america.com\/site\/ecuador\/?s={search_term_string}"},"query-input":{"@type":"PropertyValueSpecification","valueRequired":true,"valueName":"search_term_string"}}],"inLanguage":"es"},{"@type":"Organization","@id":"https:\/\/noti-america.com\/site\/ecuador\/#organization","name":"Noti-America LLC | Ecuador","url":"https:\/\/noti-america.com\/site\/ecuador\/","logo":{"@type":"ImageObject","inLanguage":"es","@id":"https:\/\/noti-america.com\/site\/ecuador\/#\/schema\/logo\/image\/","url":"https:\/\/noti-america.com\/site\/ecuador\/wp-content\/uploads\/sites\/18\/2020\/07\/LogoNA-4x3-1.jpg","contentUrl":"https:\/\/noti-america.com\/site\/ecuador\/wp-content\/uploads\/sites\/18\/2020\/07\/LogoNA-4x3-1.jpg","width":1236,"height":1080,"caption":"Noti-America LLC | Ecuador"},"image":{"@id":"https:\/\/noti-america.com\/site\/ecuador\/#\/schema\/logo\/image\/"},"sameAs":["https:\/\/x.com\/notiamerica"]},{"@type":"Person","@id":"https:\/\/noti-america.com\/site\/ecuador\/#\/schema\/person\/3b975e42f15abfe64bfe3abdd916efda","name":"Gregory Quintana Montiel","image":{"@type":"ImageObject","inLanguage":"es","@id":"https:\/\/secure.gravatar.com\/avatar\/2d6b802f7720c2ec7744dcbe608cc2f3417aeb964d58b443c6d612b77531de1d?s=96&d=mm&r=g","url":"https:\/\/secure.gravatar.com\/avatar\/2d6b802f7720c2ec7744dcbe608cc2f3417aeb964d58b443c6d612b77531de1d?s=96&d=mm&r=g","contentUrl":"https:\/\/secure.gravatar.com\/avatar\/2d6b802f7720c2ec7744dcbe608cc2f3417aeb964d58b443c6d612b77531de1d?s=96&d=mm&r=g","caption":"Gregory Quintana Montiel"},"description":"Licenciatura en Ciencias de la Comunicaci\u00f3n Social, egresado en la Especializaci\u00f3n Derecho Ambiental Desarrollo Sostenible y Sustentable, Miembro de la Comunidad de profesionales y experto para Latinoam\u00e9rica y el Caribe en Gesti\u00f3n por Resultado en el Desarrollo (COPLAC - GpRD) del Banco Interamericano de Desarrollo, experiencia en medios radiales y escritos.","sameAs":["https:\/\/x.com\/gdgregori1","gquintana"],"url":"https:\/\/noti-america.com\/site\/ecuador\/author\/gquintana\/"}]}},"_links":{"self":[{"href":"https:\/\/noti-america.com\/site\/ecuador\/wp-json\/wp\/v2\/posts\/6642","targetHints":{"allow":["GET"]}}],"collection":[{"href":"https:\/\/noti-america.com\/site\/ecuador\/wp-json\/wp\/v2\/posts"}],"about":[{"href":"https:\/\/noti-america.com\/site\/ecuador\/wp-json\/wp\/v2\/types\/post"}],"author":[{"embeddable":true,"href":"https:\/\/noti-america.com\/site\/ecuador\/wp-json\/wp\/v2\/users\/17"}],"replies":[{"embeddable":true,"href":"https:\/\/noti-america.com\/site\/ecuador\/wp-json\/wp\/v2\/comments?post=6642"}],"version-history":[{"count":1,"href":"https:\/\/noti-america.com\/site\/ecuador\/wp-json\/wp\/v2\/posts\/6642\/revisions"}],"predecessor-version":[{"id":6644,"href":"https:\/\/noti-america.com\/site\/ecuador\/wp-json\/wp\/v2\/posts\/6642\/revisions\/6644"}],"wp:featuredmedia":[{"embeddable":true,"href":"https:\/\/noti-america.com\/site\/ecuador\/wp-json\/wp\/v2\/media\/6643"}],"wp:attachment":[{"href":"https:\/\/noti-america.com\/site\/ecuador\/wp-json\/wp\/v2\/media?parent=6642"}],"wp:term":[{"taxonomy":"category","embeddable":true,"href":"https:\/\/noti-america.com\/site\/ecuador\/wp-json\/wp\/v2\/categories?post=6642"},{"taxonomy":"post_tag","embeddable":true,"href":"https:\/\/noti-america.com\/site\/ecuador\/wp-json\/wp\/v2\/tags?post=6642"}],"curies":[{"name":"wp","href":"https:\/\/api.w.org\/{rel}","templated":true}]}}