{"id":6560,"date":"2019-11-23T12:26:30","date_gmt":"2019-11-23T12:26:30","guid":{"rendered":"http:\/\/noti-america.com\/site\/ecuador\/?p=6560"},"modified":"2019-11-23T12:26:30","modified_gmt":"2019-11-23T12:26:30","slug":"nuevo-puente-saca-del-aislamiento-a-nueve-recintos-de-naranjal","status":"publish","type":"post","link":"https:\/\/noti-america.com\/site\/ecuador\/2019\/11\/23\/nuevo-puente-saca-del-aislamiento-a-nueve-recintos-de-naranjal\/","title":{"rendered":"Nuevo puente saca del aislamiento a nueve recintos de Naranjal"},"content":{"rendered":"<p><strong>REDACCI\u00d3N NOTI AM\u00c9RICA (ECUADOR)<\/strong><\/p>\n<div id=\"attachment_6561\" style=\"width: 683px\" class=\"wp-caption aligncenter\"><img loading=\"lazy\" decoding=\"async\" aria-describedby=\"caption-attachment-6561\" class=\" wp-image-6561\" src=\"http:\/\/noti-america.com\/site\/ecuador\/wp-content\/uploads\/sites\/18\/2019\/11\/Puente_Naranjal-300x191.jpeg\" alt=\"\" width=\"673\" height=\"428\" srcset=\"https:\/\/noti-america.com\/site\/ecuador\/wp-content\/uploads\/sites\/18\/2019\/11\/Puente_Naranjal-300x191.jpeg 300w, https:\/\/noti-america.com\/site\/ecuador\/wp-content\/uploads\/sites\/18\/2019\/11\/Puente_Naranjal-768x490.jpeg 768w, https:\/\/noti-america.com\/site\/ecuador\/wp-content\/uploads\/sites\/18\/2019\/11\/Puente_Naranjal-1024x653.jpeg 1024w, https:\/\/noti-america.com\/site\/ecuador\/wp-content\/uploads\/sites\/18\/2019\/11\/Puente_Naranjal.jpeg 1280w\" sizes=\"auto, (max-width: 673px) 100vw, 673px\" \/><p id=\"caption-attachment-6561\" class=\"wp-caption-text\">Prefecto Morales ratifica su compromiso de seguir trabajando por las comunidades m\u00e1s olvidadas de zonas rurales.<\/p><\/div>\n<p style=\"text-align: justify\">Este 21 de noviembre fue inaugurado el puente Bailey, instalado sobre el r\u00edo Bucay, con el cual se reconectan nueve recintos del cant\u00f3n Naranjal, en la provincia del Guayas.<\/p>\n<p style=\"text-align: justify\">El prefecto Carlos Luis Morales hizo la entrega de la obra que forma parte de un convenio entre el Gobierno del Guayas y el Municipio local.<\/p>\n<p style=\"text-align: justify\">Con ello se benefician a seis mil habitantes de nueve recintos, entre ellos, la Coop. 11 de Agosto, Santa Clara y 23 de Febrero, quienes ven\u00edan solicitando la construcci\u00f3n del viaducto por alrededor de 35 a\u00f1os, para salir del aislamiento en que se encontraban.<\/p>\n<div id=\"attachment_6562\" style=\"width: 408px\" class=\"wp-caption alignleft\"><img loading=\"lazy\" decoding=\"async\" aria-describedby=\"caption-attachment-6562\" class=\" wp-image-6562\" src=\"http:\/\/noti-america.com\/site\/ecuador\/wp-content\/uploads\/sites\/18\/2019\/11\/Puente_Naranjal1-300x200.jpeg\" alt=\"\" width=\"398\" height=\"265\" srcset=\"https:\/\/noti-america.com\/site\/ecuador\/wp-content\/uploads\/sites\/18\/2019\/11\/Puente_Naranjal1-300x200.jpeg 300w, https:\/\/noti-america.com\/site\/ecuador\/wp-content\/uploads\/sites\/18\/2019\/11\/Puente_Naranjal1-768x512.jpeg 768w, https:\/\/noti-america.com\/site\/ecuador\/wp-content\/uploads\/sites\/18\/2019\/11\/Puente_Naranjal1-1024x683.jpeg 1024w, https:\/\/noti-america.com\/site\/ecuador\/wp-content\/uploads\/sites\/18\/2019\/11\/Puente_Naranjal1-272x182.jpeg 272w, https:\/\/noti-america.com\/site\/ecuador\/wp-content\/uploads\/sites\/18\/2019\/11\/Puente_Naranjal1.jpeg 1280w\" sizes=\"auto, (max-width: 398px) 100vw, 398px\" \/><p id=\"caption-attachment-6562\" class=\"wp-caption-text\">Alrededor de 6 mil habitantes de nueve comunidades se benefician con la obra. Vivieron aislados durante 35 a\u00f1os.<\/p><\/div>\n<p style=\"text-align: justify\">Para ello, fue necesario el desmontaje de un puente vehicular de 63 metros de longitud y 4,5 metros de ancho que, anteriormente, estaba en el sector de La Indiana, para repararlo y reinstalarlo en la v\u00eda Naranjal-Coop. 11 de Agosto.<\/p>\n<p style=\"text-align: justify\">Morales se\u00f1al\u00f3 que el paso tiene capacidad de soportar hasta 40 toneladas de peso, lo que asegura el tr\u00e1nsito de camiones pesados.<\/p>\n<p style=\"text-align: justify\">\u201cUn puente trae conexi\u00f3n, devuelve productividad, une familias, trae progreso y bienestar para cada uno de nosotros\u201d, dijo a su vez que ratific\u00f3 su compromiso con la gente de las zonas rurales.<\/p>\n<p style=\"text-align: justify\">Y aunque a\u00fan falta trabajo por hacer, \u201cYo no puedo decepcionarlos ni puedo defraudarlos\u201d, afirm\u00f3 el Prefecto en el acto inaugural, del cual tambi\u00e9n particip\u00f3 el alcalde de Naranjal, Luigi Rivera.<\/p>\n","protected":false},"excerpt":{"rendered":"<p>REDACCI\u00d3N NOTI AM\u00c9RICA (ECUADOR) Este 21 de noviembre fue inaugurado el puente Bailey, instalado sobre el r\u00edo Bucay, con el cual se reconectan nueve recintos del cant\u00f3n Naranjal, en la provincia del Guayas. El&#46;&#46;&#46;<\/p>\n","protected":false},"author":54,"featured_media":6563,"comment_status":"open","ping_status":"open","sticky":false,"template":"","format":"standard","meta":{"_acf_changed":false,"om_disable_all_campaigns":false,"rop_custom_images_group":[],"rop_custom_messages_group":[],"rop_publish_now":"initial","rop_publish_now_accounts":{"twitter_242054905_242054905":""},"rop_publish_now_history":[],"rop_publish_now_status":"pending","_uf_show_specific_survey":0,"_uf_disable_surveys":false,"footnotes":""},"categories":[42],"tags":[],"class_list":["post-6560","post","type-post","status-publish","format-standard","has-post-thumbnail","hentry","category-noticias"],"acf":[],"aioseo_notices":[],"yoast_head":"<!-- This site is optimized with the Yoast SEO Premium plugin v24.9 (Yoast SEO v27.2) - https:\/\/yoast.com\/product\/yoast-seo-premium-wordpress\/ -->\n<title>Nuevo puente saca del aislamiento a nueve recintos de Naranjal - Ecuador | Noti-America.com<\/title>\n<meta name=\"robots\" content=\"index, follow, max-snippet:-1, max-image-preview:large, max-video-preview:-1\" \/>\n<link rel=\"canonical\" href=\"https:\/\/noti-america.com\/site\/ecuador\/2019\/11\/23\/nuevo-puente-saca-del-aislamiento-a-nueve-recintos-de-naranjal\/\" \/>\n<meta property=\"og:locale\" content=\"es_ES\" \/>\n<meta property=\"og:type\" content=\"article\" \/>\n<meta property=\"og:title\" content=\"Nuevo puente saca del aislamiento a nueve recintos de Naranjal\" \/>\n<meta property=\"og:description\" content=\"REDACCI\u00d3N NOTI AM\u00c9RICA (ECUADOR) Este 21 de noviembre fue inaugurado el puente Bailey, instalado sobre el r\u00edo Bucay, con el cual se reconectan nueve recintos del cant\u00f3n Naranjal, en la provincia del Guayas. El&#046;&#046;&#046;\" \/>\n<meta property=\"og:url\" content=\"https:\/\/noti-america.com\/site\/ecuador\/2019\/11\/23\/nuevo-puente-saca-del-aislamiento-a-nueve-recintos-de-naranjal\/\" \/>\n<meta property=\"og:site_name\" content=\"Ecuador | Noti-America.com\" \/>\n<meta property=\"article:author\" content=\"https:\/\/www.facebook.com\/geojuradopuente\" \/>\n<meta property=\"article:published_time\" content=\"2019-11-23T12:26:30+00:00\" \/>\n<meta property=\"og:image\" content=\"https:\/\/noti-america.com\/site\/ecuador\/wp-content\/uploads\/sites\/18\/2019\/11\/Puente_Naranjal-1.jpeg\" \/>\n\t<meta property=\"og:image:width\" content=\"1280\" \/>\n\t<meta property=\"og:image:height\" content=\"816\" \/>\n\t<meta property=\"og:image:type\" content=\"image\/jpeg\" \/>\n<meta name=\"author\" content=\"Mgtr. Geovanny Jurado Puente\" \/>\n<meta name=\"twitter:card\" content=\"summary_large_image\" \/>\n<meta name=\"twitter:creator\" content=\"@GeoJurado\" \/>\n<meta name=\"twitter:site\" content=\"@notiamerica\" \/>\n<meta name=\"twitter:label1\" content=\"Escrito por\" \/>\n\t<meta name=\"twitter:data1\" content=\"Mgtr. Geovanny Jurado Puente\" \/>\n\t<meta name=\"twitter:label2\" content=\"Tiempo estimado de lectura\" \/>\n\t<meta name=\"twitter:data2\" content=\"1 minuto\" \/>\n<script type=\"application\/ld+json\" class=\"yoast-schema-graph\">{\"@context\":\"https:\/\/schema.org\",\"@graph\":[{\"@type\":\"Article\",\"@id\":\"https:\/\/noti-america.com\/site\/ecuador\/2019\/11\/23\/nuevo-puente-saca-del-aislamiento-a-nueve-recintos-de-naranjal\/#article\",\"isPartOf\":{\"@id\":\"https:\/\/noti-america.com\/site\/ecuador\/2019\/11\/23\/nuevo-puente-saca-del-aislamiento-a-nueve-recintos-de-naranjal\/\"},\"author\":{\"name\":\"Mgtr. Geovanny Jurado Puente\",\"@id\":\"https:\/\/noti-america.com\/site\/ecuador\/#\/schema\/person\/eafaa0d78b886269707bbd67c79282d8\"},\"headline\":\"Nuevo puente saca del aislamiento a nueve recintos de Naranjal\",\"datePublished\":\"2019-11-23T12:26:30+00:00\",\"mainEntityOfPage\":{\"@id\":\"https:\/\/noti-america.com\/site\/ecuador\/2019\/11\/23\/nuevo-puente-saca-del-aislamiento-a-nueve-recintos-de-naranjal\/\"},\"wordCount\":291,\"commentCount\":0,\"publisher\":{\"@id\":\"https:\/\/noti-america.com\/site\/ecuador\/#organization\"},\"image\":{\"@id\":\"https:\/\/noti-america.com\/site\/ecuador\/2019\/11\/23\/nuevo-puente-saca-del-aislamiento-a-nueve-recintos-de-naranjal\/#primaryimage\"},\"thumbnailUrl\":\"https:\/\/noti-america.com\/site\/ecuador\/wp-content\/uploads\/sites\/18\/2019\/11\/Puente_Naranjal-1.jpeg\",\"articleSection\":[\"Noticias\"],\"inLanguage\":\"es\",\"potentialAction\":[{\"@type\":\"CommentAction\",\"name\":\"Comment\",\"target\":[\"https:\/\/noti-america.com\/site\/ecuador\/2019\/11\/23\/nuevo-puente-saca-del-aislamiento-a-nueve-recintos-de-naranjal\/#respond\"]}]},{\"@type\":\"WebPage\",\"@id\":\"https:\/\/noti-america.com\/site\/ecuador\/2019\/11\/23\/nuevo-puente-saca-del-aislamiento-a-nueve-recintos-de-naranjal\/\",\"url\":\"https:\/\/noti-america.com\/site\/ecuador\/2019\/11\/23\/nuevo-puente-saca-del-aislamiento-a-nueve-recintos-de-naranjal\/\",\"name\":\"Nuevo puente saca del aislamiento a nueve recintos de Naranjal - Ecuador | Noti-America.com\",\"isPartOf\":{\"@id\":\"https:\/\/noti-america.com\/site\/ecuador\/#website\"},\"primaryImageOfPage\":{\"@id\":\"https:\/\/noti-america.com\/site\/ecuador\/2019\/11\/23\/nuevo-puente-saca-del-aislamiento-a-nueve-recintos-de-naranjal\/#primaryimage\"},\"image\":{\"@id\":\"https:\/\/noti-america.com\/site\/ecuador\/2019\/11\/23\/nuevo-puente-saca-del-aislamiento-a-nueve-recintos-de-naranjal\/#primaryimage\"},\"thumbnailUrl\":\"https:\/\/noti-america.com\/site\/ecuador\/wp-content\/uploads\/sites\/18\/2019\/11\/Puente_Naranjal-1.jpeg\",\"datePublished\":\"2019-11-23T12:26:30+00:00\",\"breadcrumb\":{\"@id\":\"https:\/\/noti-america.com\/site\/ecuador\/2019\/11\/23\/nuevo-puente-saca-del-aislamiento-a-nueve-recintos-de-naranjal\/#breadcrumb\"},\"inLanguage\":\"es\",\"potentialAction\":[{\"@type\":\"ReadAction\",\"target\":[\"https:\/\/noti-america.com\/site\/ecuador\/2019\/11\/23\/nuevo-puente-saca-del-aislamiento-a-nueve-recintos-de-naranjal\/\"]}]},{\"@type\":\"ImageObject\",\"inLanguage\":\"es\",\"@id\":\"https:\/\/noti-america.com\/site\/ecuador\/2019\/11\/23\/nuevo-puente-saca-del-aislamiento-a-nueve-recintos-de-naranjal\/#primaryimage\",\"url\":\"https:\/\/noti-america.com\/site\/ecuador\/wp-content\/uploads\/sites\/18\/2019\/11\/Puente_Naranjal-1.jpeg\",\"contentUrl\":\"https:\/\/noti-america.com\/site\/ecuador\/wp-content\/uploads\/sites\/18\/2019\/11\/Puente_Naranjal-1.jpeg\",\"width\":1280,\"height\":816},{\"@type\":\"BreadcrumbList\",\"@id\":\"https:\/\/noti-america.com\/site\/ecuador\/2019\/11\/23\/nuevo-puente-saca-del-aislamiento-a-nueve-recintos-de-naranjal\/#breadcrumb\",\"itemListElement\":[{\"@type\":\"ListItem\",\"position\":1,\"name\":\"Portada\",\"item\":\"https:\/\/noti-america.com\/site\/ecuador\/\"},{\"@type\":\"ListItem\",\"position\":2,\"name\":\"Nuevo puente saca del aislamiento a nueve recintos de Naranjal\"}]},{\"@type\":\"WebSite\",\"@id\":\"https:\/\/noti-america.com\/site\/ecuador\/#website\",\"url\":\"https:\/\/noti-america.com\/site\/ecuador\/\",\"name\":\"Ecuador | Noti-America.com\",\"description\":\"\",\"publisher\":{\"@id\":\"https:\/\/noti-america.com\/site\/ecuador\/#organization\"},\"potentialAction\":[{\"@type\":\"SearchAction\",\"target\":{\"@type\":\"EntryPoint\",\"urlTemplate\":\"https:\/\/noti-america.com\/site\/ecuador\/?s={search_term_string}\"},\"query-input\":{\"@type\":\"PropertyValueSpecification\",\"valueRequired\":true,\"valueName\":\"search_term_string\"}}],\"inLanguage\":\"es\"},{\"@type\":\"Organization\",\"@id\":\"https:\/\/noti-america.com\/site\/ecuador\/#organization\",\"name\":\"Noti-America LLC | Ecuador\",\"url\":\"https:\/\/noti-america.com\/site\/ecuador\/\",\"logo\":{\"@type\":\"ImageObject\",\"inLanguage\":\"es\",\"@id\":\"https:\/\/noti-america.com\/site\/ecuador\/#\/schema\/logo\/image\/\",\"url\":\"https:\/\/noti-america.com\/site\/ecuador\/wp-content\/uploads\/sites\/18\/2020\/07\/LogoNA-4x3-1.jpg\",\"contentUrl\":\"https:\/\/noti-america.com\/site\/ecuador\/wp-content\/uploads\/sites\/18\/2020\/07\/LogoNA-4x3-1.jpg\",\"width\":1236,\"height\":1080,\"caption\":\"Noti-America LLC | Ecuador\"},\"image\":{\"@id\":\"https:\/\/noti-america.com\/site\/ecuador\/#\/schema\/logo\/image\/\"},\"sameAs\":[\"https:\/\/x.com\/notiamerica\"]},{\"@type\":\"Person\",\"@id\":\"https:\/\/noti-america.com\/site\/ecuador\/#\/schema\/person\/eafaa0d78b886269707bbd67c79282d8\",\"name\":\"Mgtr. Geovanny Jurado Puente\",\"image\":{\"@type\":\"ImageObject\",\"inLanguage\":\"es\",\"@id\":\"https:\/\/secure.gravatar.com\/avatar\/f837d50a2ea0d7cba882939210fb03249c2d70cdea88235e685f1a91ced24905?s=96&d=mm&r=g\",\"url\":\"https:\/\/secure.gravatar.com\/avatar\/f837d50a2ea0d7cba882939210fb03249c2d70cdea88235e685f1a91ced24905?s=96&d=mm&r=g\",\"contentUrl\":\"https:\/\/secure.gravatar.com\/avatar\/f837d50a2ea0d7cba882939210fb03249c2d70cdea88235e685f1a91ced24905?s=96&d=mm&r=g\",\"caption\":\"Mgtr. Geovanny Jurado Puente\"},\"description\":\"Mag\u00edster en Comunicaci\u00f3n, Menci\u00f3n Pol\u00edticas de Desarrollo Social; Licenciado en Ciencias de la Comunicaci\u00f3n Social; Docente Universitario; Miembro de la Red de Investigadores en Comunicaci\u00f3n del Ecuador (RICE); Miembro Fundador de la Red de Editoriales Universitarias y Escuelas Polit\u00e9cnicas del Ecuador (Reupde); ecuatoriano de nacimiento, con residencia en Daule.\",\"sameAs\":[\"https:\/\/www.facebook.com\/geojuradopuente\",\"Geo Jurado\",\"https:\/\/x.com\/GeoJurado\"],\"url\":\"https:\/\/noti-america.com\/site\/ecuador\/author\/gjurado\/\"}]}<\/script>\n<!-- \/ Yoast SEO Premium plugin. -->","yoast_head_json":{"title":"Nuevo puente saca del aislamiento a nueve recintos de Naranjal - Ecuador | Noti-America.com","robots":{"index":"index","follow":"follow","max-snippet":"max-snippet:-1","max-image-preview":"max-image-preview:large","max-video-preview":"max-video-preview:-1"},"canonical":"https:\/\/noti-america.com\/site\/ecuador\/2019\/11\/23\/nuevo-puente-saca-del-aislamiento-a-nueve-recintos-de-naranjal\/","og_locale":"es_ES","og_type":"article","og_title":"Nuevo puente saca del aislamiento a nueve recintos de Naranjal","og_description":"REDACCI\u00d3N NOTI AM\u00c9RICA (ECUADOR) Este 21 de noviembre fue inaugurado el puente Bailey, instalado sobre el r\u00edo Bucay, con el cual se reconectan nueve recintos del cant\u00f3n Naranjal, en la provincia del Guayas. El&#46;&#46;&#46;","og_url":"https:\/\/noti-america.com\/site\/ecuador\/2019\/11\/23\/nuevo-puente-saca-del-aislamiento-a-nueve-recintos-de-naranjal\/","og_site_name":"Ecuador | Noti-America.com","article_author":"https:\/\/www.facebook.com\/geojuradopuente","article_published_time":"2019-11-23T12:26:30+00:00","og_image":[{"width":1280,"height":816,"url":"https:\/\/noti-america.com\/site\/ecuador\/wp-content\/uploads\/sites\/18\/2019\/11\/Puente_Naranjal-1.jpeg","type":"image\/jpeg"}],"author":"Mgtr. Geovanny Jurado Puente","twitter_card":"summary_large_image","twitter_creator":"@GeoJurado","twitter_site":"@notiamerica","twitter_misc":{"Escrito por":"Mgtr. Geovanny Jurado Puente","Tiempo estimado de lectura":"1 minuto"},"schema":{"@context":"https:\/\/schema.org","@graph":[{"@type":"Article","@id":"https:\/\/noti-america.com\/site\/ecuador\/2019\/11\/23\/nuevo-puente-saca-del-aislamiento-a-nueve-recintos-de-naranjal\/#article","isPartOf":{"@id":"https:\/\/noti-america.com\/site\/ecuador\/2019\/11\/23\/nuevo-puente-saca-del-aislamiento-a-nueve-recintos-de-naranjal\/"},"author":{"name":"Mgtr. Geovanny Jurado Puente","@id":"https:\/\/noti-america.com\/site\/ecuador\/#\/schema\/person\/eafaa0d78b886269707bbd67c79282d8"},"headline":"Nuevo puente saca del aislamiento a nueve recintos de Naranjal","datePublished":"2019-11-23T12:26:30+00:00","mainEntityOfPage":{"@id":"https:\/\/noti-america.com\/site\/ecuador\/2019\/11\/23\/nuevo-puente-saca-del-aislamiento-a-nueve-recintos-de-naranjal\/"},"wordCount":291,"commentCount":0,"publisher":{"@id":"https:\/\/noti-america.com\/site\/ecuador\/#organization"},"image":{"@id":"https:\/\/noti-america.com\/site\/ecuador\/2019\/11\/23\/nuevo-puente-saca-del-aislamiento-a-nueve-recintos-de-naranjal\/#primaryimage"},"thumbnailUrl":"https:\/\/noti-america.com\/site\/ecuador\/wp-content\/uploads\/sites\/18\/2019\/11\/Puente_Naranjal-1.jpeg","articleSection":["Noticias"],"inLanguage":"es","potentialAction":[{"@type":"CommentAction","name":"Comment","target":["https:\/\/noti-america.com\/site\/ecuador\/2019\/11\/23\/nuevo-puente-saca-del-aislamiento-a-nueve-recintos-de-naranjal\/#respond"]}]},{"@type":"WebPage","@id":"https:\/\/noti-america.com\/site\/ecuador\/2019\/11\/23\/nuevo-puente-saca-del-aislamiento-a-nueve-recintos-de-naranjal\/","url":"https:\/\/noti-america.com\/site\/ecuador\/2019\/11\/23\/nuevo-puente-saca-del-aislamiento-a-nueve-recintos-de-naranjal\/","name":"Nuevo puente saca del aislamiento a nueve recintos de Naranjal - Ecuador | Noti-America.com","isPartOf":{"@id":"https:\/\/noti-america.com\/site\/ecuador\/#website"},"primaryImageOfPage":{"@id":"https:\/\/noti-america.com\/site\/ecuador\/2019\/11\/23\/nuevo-puente-saca-del-aislamiento-a-nueve-recintos-de-naranjal\/#primaryimage"},"image":{"@id":"https:\/\/noti-america.com\/site\/ecuador\/2019\/11\/23\/nuevo-puente-saca-del-aislamiento-a-nueve-recintos-de-naranjal\/#primaryimage"},"thumbnailUrl":"https:\/\/noti-america.com\/site\/ecuador\/wp-content\/uploads\/sites\/18\/2019\/11\/Puente_Naranjal-1.jpeg","datePublished":"2019-11-23T12:26:30+00:00","breadcrumb":{"@id":"https:\/\/noti-america.com\/site\/ecuador\/2019\/11\/23\/nuevo-puente-saca-del-aislamiento-a-nueve-recintos-de-naranjal\/#breadcrumb"},"inLanguage":"es","potentialAction":[{"@type":"ReadAction","target":["https:\/\/noti-america.com\/site\/ecuador\/2019\/11\/23\/nuevo-puente-saca-del-aislamiento-a-nueve-recintos-de-naranjal\/"]}]},{"@type":"ImageObject","inLanguage":"es","@id":"https:\/\/noti-america.com\/site\/ecuador\/2019\/11\/23\/nuevo-puente-saca-del-aislamiento-a-nueve-recintos-de-naranjal\/#primaryimage","url":"https:\/\/noti-america.com\/site\/ecuador\/wp-content\/uploads\/sites\/18\/2019\/11\/Puente_Naranjal-1.jpeg","contentUrl":"https:\/\/noti-america.com\/site\/ecuador\/wp-content\/uploads\/sites\/18\/2019\/11\/Puente_Naranjal-1.jpeg","width":1280,"height":816},{"@type":"BreadcrumbList","@id":"https:\/\/noti-america.com\/site\/ecuador\/2019\/11\/23\/nuevo-puente-saca-del-aislamiento-a-nueve-recintos-de-naranjal\/#breadcrumb","itemListElement":[{"@type":"ListItem","position":1,"name":"Portada","item":"https:\/\/noti-america.com\/site\/ecuador\/"},{"@type":"ListItem","position":2,"name":"Nuevo puente saca del aislamiento a nueve recintos de Naranjal"}]},{"@type":"WebSite","@id":"https:\/\/noti-america.com\/site\/ecuador\/#website","url":"https:\/\/noti-america.com\/site\/ecuador\/","name":"Ecuador | Noti-America.com","description":"","publisher":{"@id":"https:\/\/noti-america.com\/site\/ecuador\/#organization"},"potentialAction":[{"@type":"SearchAction","target":{"@type":"EntryPoint","urlTemplate":"https:\/\/noti-america.com\/site\/ecuador\/?s={search_term_string}"},"query-input":{"@type":"PropertyValueSpecification","valueRequired":true,"valueName":"search_term_string"}}],"inLanguage":"es"},{"@type":"Organization","@id":"https:\/\/noti-america.com\/site\/ecuador\/#organization","name":"Noti-America LLC | Ecuador","url":"https:\/\/noti-america.com\/site\/ecuador\/","logo":{"@type":"ImageObject","inLanguage":"es","@id":"https:\/\/noti-america.com\/site\/ecuador\/#\/schema\/logo\/image\/","url":"https:\/\/noti-america.com\/site\/ecuador\/wp-content\/uploads\/sites\/18\/2020\/07\/LogoNA-4x3-1.jpg","contentUrl":"https:\/\/noti-america.com\/site\/ecuador\/wp-content\/uploads\/sites\/18\/2020\/07\/LogoNA-4x3-1.jpg","width":1236,"height":1080,"caption":"Noti-America LLC | Ecuador"},"image":{"@id":"https:\/\/noti-america.com\/site\/ecuador\/#\/schema\/logo\/image\/"},"sameAs":["https:\/\/x.com\/notiamerica"]},{"@type":"Person","@id":"https:\/\/noti-america.com\/site\/ecuador\/#\/schema\/person\/eafaa0d78b886269707bbd67c79282d8","name":"Mgtr. Geovanny Jurado Puente","image":{"@type":"ImageObject","inLanguage":"es","@id":"https:\/\/secure.gravatar.com\/avatar\/f837d50a2ea0d7cba882939210fb03249c2d70cdea88235e685f1a91ced24905?s=96&d=mm&r=g","url":"https:\/\/secure.gravatar.com\/avatar\/f837d50a2ea0d7cba882939210fb03249c2d70cdea88235e685f1a91ced24905?s=96&d=mm&r=g","contentUrl":"https:\/\/secure.gravatar.com\/avatar\/f837d50a2ea0d7cba882939210fb03249c2d70cdea88235e685f1a91ced24905?s=96&d=mm&r=g","caption":"Mgtr. Geovanny Jurado Puente"},"description":"Mag\u00edster en Comunicaci\u00f3n, Menci\u00f3n Pol\u00edticas de Desarrollo Social; Licenciado en Ciencias de la Comunicaci\u00f3n Social; Docente Universitario; Miembro de la Red de Investigadores en Comunicaci\u00f3n del Ecuador (RICE); Miembro Fundador de la Red de Editoriales Universitarias y Escuelas Polit\u00e9cnicas del Ecuador (Reupde); ecuatoriano de nacimiento, con residencia en Daule.","sameAs":["https:\/\/www.facebook.com\/geojuradopuente","Geo Jurado","https:\/\/x.com\/GeoJurado"],"url":"https:\/\/noti-america.com\/site\/ecuador\/author\/gjurado\/"}]}},"_links":{"self":[{"href":"https:\/\/noti-america.com\/site\/ecuador\/wp-json\/wp\/v2\/posts\/6560","targetHints":{"allow":["GET"]}}],"collection":[{"href":"https:\/\/noti-america.com\/site\/ecuador\/wp-json\/wp\/v2\/posts"}],"about":[{"href":"https:\/\/noti-america.com\/site\/ecuador\/wp-json\/wp\/v2\/types\/post"}],"author":[{"embeddable":true,"href":"https:\/\/noti-america.com\/site\/ecuador\/wp-json\/wp\/v2\/users\/54"}],"replies":[{"embeddable":true,"href":"https:\/\/noti-america.com\/site\/ecuador\/wp-json\/wp\/v2\/comments?post=6560"}],"version-history":[{"count":1,"href":"https:\/\/noti-america.com\/site\/ecuador\/wp-json\/wp\/v2\/posts\/6560\/revisions"}],"predecessor-version":[{"id":6564,"href":"https:\/\/noti-america.com\/site\/ecuador\/wp-json\/wp\/v2\/posts\/6560\/revisions\/6564"}],"wp:featuredmedia":[{"embeddable":true,"href":"https:\/\/noti-america.com\/site\/ecuador\/wp-json\/wp\/v2\/media\/6563"}],"wp:attachment":[{"href":"https:\/\/noti-america.com\/site\/ecuador\/wp-json\/wp\/v2\/media?parent=6560"}],"wp:term":[{"taxonomy":"category","embeddable":true,"href":"https:\/\/noti-america.com\/site\/ecuador\/wp-json\/wp\/v2\/categories?post=6560"},{"taxonomy":"post_tag","embeddable":true,"href":"https:\/\/noti-america.com\/site\/ecuador\/wp-json\/wp\/v2\/tags?post=6560"}],"curies":[{"name":"wp","href":"https:\/\/api.w.org\/{rel}","templated":true}]}}